{"id":10163,"date":"2024-02-20T21:45:57","date_gmt":"2024-02-21T04:45:57","guid":{"rendered":"https:\/\/periodicorealidades.com\/?p=10163"},"modified":"2024-02-20T21:45:58","modified_gmt":"2024-02-21T04:45:58","slug":"claudia-sheinbaum-afirma-que-el-agua-esta-garantizada-en-ciudad-de-mexico-pese-a-sequia","status":"publish","type":"post","link":"https:\/\/periodicorealidades.com\/index.php\/2024\/02\/20\/claudia-sheinbaum-afirma-que-el-agua-esta-garantizada-en-ciudad-de-mexico-pese-a-sequia\/","title":{"rendered":"Claudia Sheinbaum afirma que el agua est\u00e1 garantizada en Ciudad de M\u00e9xico pese a sequ\u00eda"},"content":{"rendered":"\n<p class=\"wp-block-paragraph\">La candidata presidencial de Morena, Claudia Sheinbaum, afirm\u00f3 que el suministro de agua &#8220;est\u00e1 garantizado&#8221; pese a la sequ\u00eda en Ciudad de M\u00e9xico, donde ella fue jefa de Gobierno<\/p>\n\n\n\n<p class=\"wp-block-paragraph\">(2018-2023), y el tema causa preocupaci\u00f3n rumbo a las elecciones del 2 de junio.<\/p>\n\n\n\n<p class=\"wp-block-paragraph\">&#8220;No se espera que esta situaci\u00f3n de sequ\u00eda sea para siempre (&#8230;)<\/p>\n\n\n\n<p class=\"wp-block-paragraph\">est\u00e1 garantizado el suministro de agua para la Ciudad (de M\u00e9xico)&#8221;, afirm\u00f3 tras una reuni\u00f3n con embajadores de distintas naciones.<\/p>\n\n\n\n<p class=\"wp-block-paragraph\">La candidata reconoci\u00f3 que se ha reducido el abastecimiento del l\u00edquido por la sequ\u00eda, en especial en el norte y centro del pa\u00eds, para buscar que las presas mantengan niveles \u00f3ptimos de agua.<\/p>\n\n\n\n<p class=\"wp-block-paragraph\">&#8220;Se reduce la aportaci\u00f3n y, con ello, tiene que reducirse un poco el consumo y todos debemos contribuir&#8221;, explic\u00f3 la candidata de Morena y sus aliados, los Partidos del Trabajo (PT)<\/p>\n\n\n\n<p class=\"wp-block-paragraph\">y Verde Ecologista de M\u00e9xico (PVEM).<\/p>\n\n\n\n<p class=\"wp-block-paragraph\">La posible sequ\u00eda en la capital cobra relevancia ante las pr\u00f3ximas elecciones del 2 de junio, pues Sheinbaum gobern\u00f3<\/p>\n\n\n\n<p class=\"wp-block-paragraph\">Ciudad de M\u00e9xico y es el principal basti\u00f3n del partido del presidente, Andr\u00e9s Manuel L\u00f3pez Obrador.<\/p>\n\n\n\n<p class=\"wp-block-paragraph\">Detall\u00f3 que los sistemas h\u00eddricos Cutzamala, Lerma y algunas otras fuentes locales, como manantiales, alimentan del l\u00edquido a la regi\u00f3n del Valle de M\u00e9xico, incluida la capital y el Estado de<\/p>\n\n\n\n<p class=\"wp-block-paragraph\">M\u00e9xico.<\/p>\n\n\n\n<p class=\"wp-block-paragraph\">Aunque el sistema Cutzmala, la principal fuente, est\u00e1 a menos del 40 por ciento de su capacidad y expertos pronostican que el<\/p>\n\n\n\n<p class=\"wp-block-paragraph\">&#8216;d\u00eda cero&#8217; del suministro podr\u00eda llegar en julio, Sheinbaum confi\u00f3 en que se revierta esta situaci\u00f3n de forma natural, seg\u00fan las conclusiones a las que ha llegado con expertos en cambio clim\u00e1tico.<\/p>\n\n\n\n<p class=\"wp-block-paragraph\">Adem\u00e1s, sostuvo que cuando gobern\u00f3 la capital se desarrollaron diversos &#8220;proyectos que permiten que hoy la Ciudad est\u00e9 en mejores condiciones de afrontar una situaci\u00f3n como la que se afronta. <br><br>Entre estos proyectos destac\u00f3 la recuperaci\u00f3n de pozos de agua en zonas de Zumpango, del r\u00edo Lerma y de la presa Mad\u00edn, todos en el Estado de M\u00e9xico, as\u00ed como la creaci\u00f3n de un sistema de macromedici\u00f3n autom\u00e1tico, entre otras.<\/p>\n\n\n\n<p class=\"wp-block-paragraph\">&#8220;S\u00ed hay sequ\u00eda en esta parte, por fortuna desarrollamos otros proyectos que no ponen a la ciudad en una crisis mayor, pero est\u00e1 garantizado el suministro de agua para la ciudad, como bien dijo el jefe de Gobierno (Marti Batres)&#8221;, insisti\u00f3.<\/p>\n\n\n\n<p class=\"wp-block-paragraph\">Los m\u00e1s recientes datos oficiales indican que el llenado de las<\/p>\n\n\n\n<p class=\"wp-block-paragraph\">210 principales presas de M\u00e9xico est\u00e1n en un 50 por ciento.<\/p>\n\n\n\n<p class=\"wp-block-paragraph\">En espec\u00edfico, el nivel de agua de las tres presas de almacenamiento del sistema Cutzamala, que suministra al 25 por ciento de la zona metropolitana del Valle de M\u00e9xico, se sit\u00faa en un 38.7 por ciento.<\/p>\n\n\n\n<p class=\"wp-block-paragraph\">Con informaci\u00f3n de EFE<\/p>\n","protected":false},"excerpt":{"rendered":"<p>La candidata presidencial de Morena, Claudia Sheinbaum, afirm\u00f3 que el suministro de agua &#8220;est\u00e1 garantizado&#8221; pese a la sequ\u00eda en Ciudad de M\u00e9xico, donde ella fue jefa de Gobierno (2018-2023), y el tema causa preocupaci\u00f3n rumbo a las elecciones del 2 de junio. &#8220;No se espera que esta situaci\u00f3n de sequ\u00eda sea para siempre (&#8230;) [&hellip;]<\/p>\n","protected":false},"author":3,"featured_media":0,"comment_status":"open","ping_status":"open","sticky":false,"template":"","format":"standard","meta":{"footnotes":""},"categories":[12],"tags":[],"class_list":["post-10163","post","type-post","status-publish","format-standard","category-nacional"],"yoast_head":"<!-- This site is optimized with the Yoast SEO plugin v28.3 - https:\/\/yoast.com\/product\/yoast-seo-wordpress\/ -->\n<title>Claudia Sheinbaum afirma que el agua est\u00e1 garantizada en Ciudad de M\u00e9xico pese a sequ\u00eda - Peri\u00f3dico Realidades<\/title>\n<meta name=\"robots\" content=\"index, follow, max-snippet:-1, max-image-preview:large, max-video-preview:-1\" \/>\n<link rel=\"canonical\" href=\"https:\/\/periodicorealidades.com\/index.php\/2024\/02\/20\/claudia-sheinbaum-afirma-que-el-agua-esta-garantizada-en-ciudad-de-mexico-pese-a-sequia\/\" \/>\n<meta property=\"og:locale\" content=\"es_MX\" \/>\n<meta property=\"og:type\" content=\"article\" \/>\n<meta property=\"og:title\" content=\"Claudia Sheinbaum afirma que el agua est\u00e1 garantizada en Ciudad de M\u00e9xico pese a sequ\u00eda - Peri\u00f3dico Realidades\" \/>\n<meta property=\"og:description\" content=\"La candidata presidencial de Morena, Claudia Sheinbaum, afirm\u00f3 que el suministro de agua &#8220;est\u00e1 garantizado&#8221; pese a la sequ\u00eda en Ciudad de M\u00e9xico, donde ella fue jefa de Gobierno (2018-2023), y el tema causa preocupaci\u00f3n rumbo a las elecciones del 2 de junio. &#8220;No se espera que esta situaci\u00f3n de sequ\u00eda sea para siempre (&#8230;) [&hellip;]\" \/>\n<meta property=\"og:url\" content=\"https:\/\/periodicorealidades.com\/index.php\/2024\/02\/20\/claudia-sheinbaum-afirma-que-el-agua-esta-garantizada-en-ciudad-de-mexico-pese-a-sequia\/\" \/>\n<meta property=\"og:site_name\" content=\"Peri\u00f3dico Realidades\" \/>\n<meta property=\"article:publisher\" content=\"https:\/\/www.facebook.com\/periodicorealidades.denayarit?mibextid=LQQJ4d\" \/>\n<meta property=\"article:published_time\" content=\"2024-02-21T04:45:57+00:00\" \/>\n<meta property=\"article:modified_time\" content=\"2024-02-21T04:45:58+00:00\" \/>\n<meta property=\"og:image\" content=\"https:\/\/periodicorealidades.com\/wp-content\/uploads\/2024\/02\/CE148CC7-B2E6-496B-AD67-E5CD72A376BC.jpeg\" \/>\n\t<meta property=\"og:image:width\" content=\"1536\" \/>\n\t<meta property=\"og:image:height\" content=\"1024\" \/>\n\t<meta property=\"og:image:type\" content=\"image\/jpeg\" \/>\n<meta name=\"author\" content=\"Aracely\" \/>\n<meta name=\"twitter:card\" content=\"summary_large_image\" \/>\n<meta name=\"twitter:label1\" content=\"Escrito por\" \/>\n\t<meta name=\"twitter:data1\" content=\"Aracely\" \/>\n\t<meta name=\"twitter:label2\" content=\"Tiempo de lectura\" \/>\n\t<meta name=\"twitter:data2\" content=\"3 minutos\" \/>\n<script type=\"application\/ld+json\" class=\"yoast-schema-graph\">{\"@context\":\"https:\\\/\\\/schema.org\",\"@graph\":[{\"@type\":\"Article\",\"@id\":\"https:\\\/\\\/periodicorealidades.com\\\/index.php\\\/2024\\\/02\\\/20\\\/claudia-sheinbaum-afirma-que-el-agua-esta-garantizada-en-ciudad-de-mexico-pese-a-sequia\\\/#article\",\"isPartOf\":{\"@id\":\"https:\\\/\\\/periodicorealidades.com\\\/index.php\\\/2024\\\/02\\\/20\\\/claudia-sheinbaum-afirma-que-el-agua-esta-garantizada-en-ciudad-de-mexico-pese-a-sequia\\\/\"},\"author\":{\"name\":\"Aracely\",\"@id\":\"https:\\\/\\\/periodicorealidades.com\\\/#\\\/schema\\\/person\\\/df6af7553a1189bf973891c9f268acf3\"},\"headline\":\"Claudia Sheinbaum afirma que el agua est\u00e1 garantizada en Ciudad de M\u00e9xico pese a sequ\u00eda\",\"datePublished\":\"2024-02-21T04:45:57+00:00\",\"dateModified\":\"2024-02-21T04:45:58+00:00\",\"mainEntityOfPage\":{\"@id\":\"https:\\\/\\\/periodicorealidades.com\\\/index.php\\\/2024\\\/02\\\/20\\\/claudia-sheinbaum-afirma-que-el-agua-esta-garantizada-en-ciudad-de-mexico-pese-a-sequia\\\/\"},\"wordCount\":493,\"commentCount\":0,\"publisher\":{\"@id\":\"https:\\\/\\\/periodicorealidades.com\\\/#organization\"},\"articleSection\":[\"Nacional\"],\"inLanguage\":\"es\",\"potentialAction\":[{\"@type\":\"CommentAction\",\"name\":\"Comment\",\"target\":[\"https:\\\/\\\/periodicorealidades.com\\\/index.php\\\/2024\\\/02\\\/20\\\/claudia-sheinbaum-afirma-que-el-agua-esta-garantizada-en-ciudad-de-mexico-pese-a-sequia\\\/#respond\"]}]},{\"@type\":\"WebPage\",\"@id\":\"https:\\\/\\\/periodicorealidades.com\\\/index.php\\\/2024\\\/02\\\/20\\\/claudia-sheinbaum-afirma-que-el-agua-esta-garantizada-en-ciudad-de-mexico-pese-a-sequia\\\/\",\"url\":\"https:\\\/\\\/periodicorealidades.com\\\/index.php\\\/2024\\\/02\\\/20\\\/claudia-sheinbaum-afirma-que-el-agua-esta-garantizada-en-ciudad-de-mexico-pese-a-sequia\\\/\",\"name\":\"Claudia Sheinbaum afirma que el agua est\u00e1 garantizada en Ciudad de M\u00e9xico pese a sequ\u00eda - Peri\u00f3dico Realidades\",\"isPartOf\":{\"@id\":\"https:\\\/\\\/periodicorealidades.com\\\/#website\"},\"datePublished\":\"2024-02-21T04:45:57+00:00\",\"dateModified\":\"2024-02-21T04:45:58+00:00\",\"breadcrumb\":{\"@id\":\"https:\\\/\\\/periodicorealidades.com\\\/index.php\\\/2024\\\/02\\\/20\\\/claudia-sheinbaum-afirma-que-el-agua-esta-garantizada-en-ciudad-de-mexico-pese-a-sequia\\\/#breadcrumb\"},\"inLanguage\":\"es\",\"potentialAction\":[{\"@type\":\"ReadAction\",\"target\":[\"https:\\\/\\\/periodicorealidades.com\\\/index.php\\\/2024\\\/02\\\/20\\\/claudia-sheinbaum-afirma-que-el-agua-esta-garantizada-en-ciudad-de-mexico-pese-a-sequia\\\/\"]}]},{\"@type\":\"BreadcrumbList\",\"@id\":\"https:\\\/\\\/periodicorealidades.com\\\/index.php\\\/2024\\\/02\\\/20\\\/claudia-sheinbaum-afirma-que-el-agua-esta-garantizada-en-ciudad-de-mexico-pese-a-sequia\\\/#breadcrumb\",\"itemListElement\":[{\"@type\":\"ListItem\",\"position\":1,\"name\":\"Inicio\",\"item\":\"https:\\\/\\\/periodicorealidades.com\\\/\"},{\"@type\":\"ListItem\",\"position\":2,\"name\":\"Claudia Sheinbaum afirma que el agua est\u00e1 garantizada en Ciudad de M\u00e9xico pese a sequ\u00eda\"}]},{\"@type\":\"WebSite\",\"@id\":\"https:\\\/\\\/periodicorealidades.com\\\/#website\",\"url\":\"https:\\\/\\\/periodicorealidades.com\\\/\",\"name\":\"Peri\u00f3dico Realidades\",\"description\":\"M\u00e9dio de comunicaci\u00f3n en Nayarit\",\"publisher\":{\"@id\":\"https:\\\/\\\/periodicorealidades.com\\\/#organization\"},\"potentialAction\":[{\"@type\":\"SearchAction\",\"target\":{\"@type\":\"EntryPoint\",\"urlTemplate\":\"https:\\\/\\\/periodicorealidades.com\\\/?s={search_term_string}\"},\"query-input\":{\"@type\":\"PropertyValueSpecification\",\"valueRequired\":true,\"valueName\":\"search_term_string\"}}],\"inLanguage\":\"es\"},{\"@type\":\"Organization\",\"@id\":\"https:\\\/\\\/periodicorealidades.com\\\/#organization\",\"name\":\"Peri\u00f3dico Realidades\",\"url\":\"https:\\\/\\\/periodicorealidades.com\\\/\",\"logo\":{\"@type\":\"ImageObject\",\"inLanguage\":\"es\",\"@id\":\"https:\\\/\\\/periodicorealidades.com\\\/#\\\/schema\\\/logo\\\/image\\\/\",\"url\":\"https:\\\/\\\/periodicorealidades.com\\\/wp-content\\\/uploads\\\/2023\\\/05\\\/r-prueba.png\",\"contentUrl\":\"https:\\\/\\\/periodicorealidades.com\\\/wp-content\\\/uploads\\\/2023\\\/05\\\/r-prueba.png\",\"width\":709,\"height\":709,\"caption\":\"Peri\u00f3dico Realidades\"},\"image\":{\"@id\":\"https:\\\/\\\/periodicorealidades.com\\\/#\\\/schema\\\/logo\\\/image\\\/\"},\"sameAs\":[\"https:\\\/\\\/www.facebook.com\\\/periodicorealidades.denayarit?mibextid=LQQJ4d\"]},{\"@type\":\"Person\",\"@id\":\"https:\\\/\\\/periodicorealidades.com\\\/#\\\/schema\\\/person\\\/df6af7553a1189bf973891c9f268acf3\",\"name\":\"Aracely\",\"image\":{\"@type\":\"ImageObject\",\"inLanguage\":\"es\",\"@id\":\"https:\\\/\\\/secure.gravatar.com\\\/avatar\\\/9ee9d8e9d2e4a359c987c139b9cd012c6c076ea539e43d023be2af04cf533e91?s=96&d=mm&r=g\",\"url\":\"https:\\\/\\\/secure.gravatar.com\\\/avatar\\\/9ee9d8e9d2e4a359c987c139b9cd012c6c076ea539e43d023be2af04cf533e91?s=96&d=mm&r=g\",\"contentUrl\":\"https:\\\/\\\/secure.gravatar.com\\\/avatar\\\/9ee9d8e9d2e4a359c987c139b9cd012c6c076ea539e43d023be2af04cf533e91?s=96&d=mm&r=g\",\"caption\":\"Aracely\"},\"url\":\"https:\\\/\\\/periodicorealidades.com\\\/index.php\\\/author\\\/aracelyreali\\\/\"}]}<\/script>\n<!-- \/ Yoast SEO plugin. -->","yoast_head_json":{"title":"Claudia Sheinbaum afirma que el agua est\u00e1 garantizada en Ciudad de M\u00e9xico pese a sequ\u00eda - Peri\u00f3dico Realidades","robots":{"index":"index","follow":"follow","max-snippet":"max-snippet:-1","max-image-preview":"max-image-preview:large","max-video-preview":"max-video-preview:-1"},"canonical":"https:\/\/periodicorealidades.com\/index.php\/2024\/02\/20\/claudia-sheinbaum-afirma-que-el-agua-esta-garantizada-en-ciudad-de-mexico-pese-a-sequia\/","og_locale":"es_MX","og_type":"article","og_title":"Claudia Sheinbaum afirma que el agua est\u00e1 garantizada en Ciudad de M\u00e9xico pese a sequ\u00eda - Peri\u00f3dico Realidades","og_description":"La candidata presidencial de Morena, Claudia Sheinbaum, afirm\u00f3 que el suministro de agua &#8220;est\u00e1 garantizado&#8221; pese a la sequ\u00eda en Ciudad de M\u00e9xico, donde ella fue jefa de Gobierno (2018-2023), y el tema causa preocupaci\u00f3n rumbo a las elecciones del 2 de junio. &#8220;No se espera que esta situaci\u00f3n de sequ\u00eda sea para siempre (&#8230;) [&hellip;]","og_url":"https:\/\/periodicorealidades.com\/index.php\/2024\/02\/20\/claudia-sheinbaum-afirma-que-el-agua-esta-garantizada-en-ciudad-de-mexico-pese-a-sequia\/","og_site_name":"Peri\u00f3dico Realidades","article_publisher":"https:\/\/www.facebook.com\/periodicorealidades.denayarit?mibextid=LQQJ4d","article_published_time":"2024-02-21T04:45:57+00:00","article_modified_time":"2024-02-21T04:45:58+00:00","og_image":[{"width":1536,"height":1024,"url":"https:\/\/periodicorealidades.com\/wp-content\/uploads\/2024\/02\/CE148CC7-B2E6-496B-AD67-E5CD72A376BC.jpeg","type":"image\/jpeg"}],"author":"Aracely","twitter_card":"summary_large_image","twitter_misc":{"Escrito por":"Aracely","Tiempo de lectura":"3 minutos"},"schema":{"@context":"https:\/\/schema.org","@graph":[{"@type":"Article","@id":"https:\/\/periodicorealidades.com\/index.php\/2024\/02\/20\/claudia-sheinbaum-afirma-que-el-agua-esta-garantizada-en-ciudad-de-mexico-pese-a-sequia\/#article","isPartOf":{"@id":"https:\/\/periodicorealidades.com\/index.php\/2024\/02\/20\/claudia-sheinbaum-afirma-que-el-agua-esta-garantizada-en-ciudad-de-mexico-pese-a-sequia\/"},"author":{"name":"Aracely","@id":"https:\/\/periodicorealidades.com\/#\/schema\/person\/df6af7553a1189bf973891c9f268acf3"},"headline":"Claudia Sheinbaum afirma que el agua est\u00e1 garantizada en Ciudad de M\u00e9xico pese a sequ\u00eda","datePublished":"2024-02-21T04:45:57+00:00","dateModified":"2024-02-21T04:45:58+00:00","mainEntityOfPage":{"@id":"https:\/\/periodicorealidades.com\/index.php\/2024\/02\/20\/claudia-sheinbaum-afirma-que-el-agua-esta-garantizada-en-ciudad-de-mexico-pese-a-sequia\/"},"wordCount":493,"commentCount":0,"publisher":{"@id":"https:\/\/periodicorealidades.com\/#organization"},"articleSection":["Nacional"],"inLanguage":"es","potentialAction":[{"@type":"CommentAction","name":"Comment","target":["https:\/\/periodicorealidades.com\/index.php\/2024\/02\/20\/claudia-sheinbaum-afirma-que-el-agua-esta-garantizada-en-ciudad-de-mexico-pese-a-sequia\/#respond"]}]},{"@type":"WebPage","@id":"https:\/\/periodicorealidades.com\/index.php\/2024\/02\/20\/claudia-sheinbaum-afirma-que-el-agua-esta-garantizada-en-ciudad-de-mexico-pese-a-sequia\/","url":"https:\/\/periodicorealidades.com\/index.php\/2024\/02\/20\/claudia-sheinbaum-afirma-que-el-agua-esta-garantizada-en-ciudad-de-mexico-pese-a-sequia\/","name":"Claudia Sheinbaum afirma que el agua est\u00e1 garantizada en Ciudad de M\u00e9xico pese a sequ\u00eda - Peri\u00f3dico Realidades","isPartOf":{"@id":"https:\/\/periodicorealidades.com\/#website"},"datePublished":"2024-02-21T04:45:57+00:00","dateModified":"2024-02-21T04:45:58+00:00","breadcrumb":{"@id":"https:\/\/periodicorealidades.com\/index.php\/2024\/02\/20\/claudia-sheinbaum-afirma-que-el-agua-esta-garantizada-en-ciudad-de-mexico-pese-a-sequia\/#breadcrumb"},"inLanguage":"es","potentialAction":[{"@type":"ReadAction","target":["https:\/\/periodicorealidades.com\/index.php\/2024\/02\/20\/claudia-sheinbaum-afirma-que-el-agua-esta-garantizada-en-ciudad-de-mexico-pese-a-sequia\/"]}]},{"@type":"BreadcrumbList","@id":"https:\/\/periodicorealidades.com\/index.php\/2024\/02\/20\/claudia-sheinbaum-afirma-que-el-agua-esta-garantizada-en-ciudad-de-mexico-pese-a-sequia\/#breadcrumb","itemListElement":[{"@type":"ListItem","position":1,"name":"Inicio","item":"https:\/\/periodicorealidades.com\/"},{"@type":"ListItem","position":2,"name":"Claudia Sheinbaum afirma que el agua est\u00e1 garantizada en Ciudad de M\u00e9xico pese a sequ\u00eda"}]},{"@type":"WebSite","@id":"https:\/\/periodicorealidades.com\/#website","url":"https:\/\/periodicorealidades.com\/","name":"Peri\u00f3dico Realidades","description":"M\u00e9dio de comunicaci\u00f3n en Nayarit","publisher":{"@id":"https:\/\/periodicorealidades.com\/#organization"},"potentialAction":[{"@type":"SearchAction","target":{"@type":"EntryPoint","urlTemplate":"https:\/\/periodicorealidades.com\/?s={search_term_string}"},"query-input":{"@type":"PropertyValueSpecification","valueRequired":true,"valueName":"search_term_string"}}],"inLanguage":"es"},{"@type":"Organization","@id":"https:\/\/periodicorealidades.com\/#organization","name":"Peri\u00f3dico Realidades","url":"https:\/\/periodicorealidades.com\/","logo":{"@type":"ImageObject","inLanguage":"es","@id":"https:\/\/periodicorealidades.com\/#\/schema\/logo\/image\/","url":"https:\/\/periodicorealidades.com\/wp-content\/uploads\/2023\/05\/r-prueba.png","contentUrl":"https:\/\/periodicorealidades.com\/wp-content\/uploads\/2023\/05\/r-prueba.png","width":709,"height":709,"caption":"Peri\u00f3dico Realidades"},"image":{"@id":"https:\/\/periodicorealidades.com\/#\/schema\/logo\/image\/"},"sameAs":["https:\/\/www.facebook.com\/periodicorealidades.denayarit?mibextid=LQQJ4d"]},{"@type":"Person","@id":"https:\/\/periodicorealidades.com\/#\/schema\/person\/df6af7553a1189bf973891c9f268acf3","name":"Aracely","image":{"@type":"ImageObject","inLanguage":"es","@id":"https:\/\/secure.gravatar.com\/avatar\/9ee9d8e9d2e4a359c987c139b9cd012c6c076ea539e43d023be2af04cf533e91?s=96&d=mm&r=g","url":"https:\/\/secure.gravatar.com\/avatar\/9ee9d8e9d2e4a359c987c139b9cd012c6c076ea539e43d023be2af04cf533e91?s=96&d=mm&r=g","contentUrl":"https:\/\/secure.gravatar.com\/avatar\/9ee9d8e9d2e4a359c987c139b9cd012c6c076ea539e43d023be2af04cf533e91?s=96&d=mm&r=g","caption":"Aracely"},"url":"https:\/\/periodicorealidades.com\/index.php\/author\/aracelyreali\/"}]}},"_links":{"self":[{"href":"https:\/\/periodicorealidades.com\/index.php\/wp-json\/wp\/v2\/posts\/10163","targetHints":{"allow":["GET"]}}],"collection":[{"href":"https:\/\/periodicorealidades.com\/index.php\/wp-json\/wp\/v2\/posts"}],"about":[{"href":"https:\/\/periodicorealidades.com\/index.php\/wp-json\/wp\/v2\/types\/post"}],"author":[{"embeddable":true,"href":"https:\/\/periodicorealidades.com\/index.php\/wp-json\/wp\/v2\/users\/3"}],"replies":[{"embeddable":true,"href":"https:\/\/periodicorealidades.com\/index.php\/wp-json\/wp\/v2\/comments?post=10163"}],"version-history":[{"count":0,"href":"https:\/\/periodicorealidades.com\/index.php\/wp-json\/wp\/v2\/posts\/10163\/revisions"}],"wp:attachment":[{"href":"https:\/\/periodicorealidades.com\/index.php\/wp-json\/wp\/v2\/media?parent=10163"}],"wp:term":[{"taxonomy":"category","embeddable":true,"href":"https:\/\/periodicorealidades.com\/index.php\/wp-json\/wp\/v2\/categories?post=10163"},{"taxonomy":"post_tag","embeddable":true,"href":"https:\/\/periodicorealidades.com\/index.php\/wp-json\/wp\/v2\/tags?post=10163"}],"curies":[{"name":"wp","href":"https:\/\/api.w.org\/{rel}","templated":true}]}}