{"id":10172,"date":"2024-02-20T21:58:14","date_gmt":"2024-02-21T04:58:14","guid":{"rendered":"https:\/\/periodicorealidades.com\/?p=10172"},"modified":"2024-02-20T21:58:15","modified_gmt":"2024-02-21T04:58:15","slug":"amlo-reconoce-incremento-de-las-solicitudes-de-asilo-de-mexicanos-a-canada","status":"publish","type":"post","link":"https:\/\/periodicorealidades.com\/index.php\/2024\/02\/20\/amlo-reconoce-incremento-de-las-solicitudes-de-asilo-de-mexicanos-a-canada\/","title":{"rendered":"AMLO reconoce incremento de las solicitudes de asilo de mexicanos a Canad\u00e1"},"content":{"rendered":"\n<p class=\"wp-block-paragraph\">El presidente de M\u00e9xico, Andr\u00e9s Manuel L\u00f3pez Obrador, reconoci\u00f3 este martes que existe un incremento en las solicitudes de asilo de mexicanos en Canad\u00e1, pero descart\u00f3 que esto tenga que ver con el crimen organizado, al argumentar que es un asunto que est\u00e1 tratando con el Gobierno de Justin<\/p>\n\n\n\n<p class=\"wp-block-paragraph\">Trudeau.<\/p>\n\n\n\n<p class=\"wp-block-paragraph\">Hay un incremento en las solicitudes de asilo y se tiene que ver si son realmente personas que requieren el asilo o es un medio para internarse a Canad\u00e1&#8221;, se\u00f1al\u00f3 el mandatario durante su rueda de prensa matutina.<\/p>\n\n\n\n<p class=\"wp-block-paragraph\">El gobernante mexicano se refiri\u00f3 as\u00ed a la petici\u00f3n que hizo en enero pasado el jefe de Gobierno de Quebec, Francois Legault, quien ha solicitado al Gobierno canadiense que vuelva a pedir visados de entrada a los mexicanos para frenar al flujo de solicitantes de refugio que ascendi\u00f3 a m\u00e1s de 60 mil en 2023.<\/p>\n\n\n\n<p class=\"wp-block-paragraph\">Esta cantidad, argument\u00f3 Legault, supone tres veces m\u00e1s por habitante que cualquier otra provincia canadiense, por lo que calific\u00f3 la situaci\u00f3n de &#8220;intolerable\u2122<\/p>\n\n\n\n<p class=\"wp-block-paragraph\">L\u00f3pez Obrador, quien neg\u00f3 reportes de la prensa sobre un posible nexo del crimen organizado con este aumento, se\u00f1al\u00f3 que es un tema que est\u00e1n tratando con el Gobierno de Canad\u00e1.<\/p>\n\n\n\n<p class=\"wp-block-paragraph\">Incluso, revel\u00f3 que el mismo Trudeau le plante\u00f3 esta preocupaci\u00f3n durante la reuni\u00f3n bilateral que sostuvieron en<\/p>\n\n\n\n<p class=\"wp-block-paragraph\">San Francisco, Estados Unidos, en noviembre de 2023.<\/p>\n\n\n\n<p class=\"wp-block-paragraph\">&#8220;\u00c9l me lo plante\u00f3 en San Francisco en la reuni\u00f3n bilateral que sostuvimos, que ten\u00edan esa preocupaci\u00f3n y ah\u00ed acordamos que las cancilleres de Canad\u00e1 y de M\u00e9xico iban a tratar este asunto, y ya ha habido varias reuniones sobre esto y ya estamos tomando medidas y se est\u00e1 buscando un acuerdo con<\/p>\n\n\n\n<p class=\"wp-block-paragraph\">Canada&#8221;, afirm\u00f3.<\/p>\n\n\n\n<p class=\"wp-block-paragraph\">Asimismo, dijo que el tema quieren tratarlo de manera &#8220;muy respetuosa&#8221;, con \u00e1nimo de cooperaci\u00f3n y de llegar a un acuerdo, pues destac\u00f3 que las autoridades canadienses &#8220;no quieren tomar una medida unilateral que pueda afectar a M\u00e9xico<\/p>\n\n\n\n<p class=\"wp-block-paragraph\">&#8220;Y eso se los agradecemos mucho&#8221;, enfatiz\u00f3.<\/p>\n\n\n\n<p class=\"wp-block-paragraph\">La petici\u00f3n de Legault afecta especialmente a mexicanos y haitianos, los dos principales grupos de solicitantes de refugio en 2023.<\/p>\n\n\n\n<p class=\"wp-block-paragraph\">Canad\u00e1 no requiere visado de entrada a los ciudadanos<\/p>\n\n\n\n<p class=\"wp-block-paragraph\">mexicanos desde 2016.<\/p>\n\n\n\n<p class=\"wp-block-paragraph\">Las cifras oficiales del Ministerio de Inmigraci\u00f3n, Refugiados y<\/p>\n\n\n\n<p class=\"wp-block-paragraph\">Ciudadan\u00eda de Canad\u00e1 se\u00f1alan que de enero a noviembre de 2023 128 mil 685 personas llegaron a Canad\u00e1 y solicitaron refugio. De esta cifra, 59 mil 735 lo hicieron en Quebec.<\/p>\n\n\n\n<p class=\"wp-block-paragraph\">De enero a septiembre, el mayor n\u00famero de peticiones de refugio en 2023 proced\u00edan de M\u00e9xico, 22 mil 875, seguido de Hait\u00ed, con 16 mil 693. En tercer lugar se situ\u00f3 Colombia, con 9 mil 754 peticiones.<\/p>\n\n\n\n<p class=\"wp-block-paragraph\">El a\u00f1o pasado, Washington tambi\u00e9n solicit\u00f3 a Ottawa que volviese a requerir visados de entrada a los mexicanos al considerar que muchos ciudadanos de M\u00e9xico llegan a Canad\u00e1 para luego viajar a Estados Unidos.<\/p>\n\n\n\n<p class=\"wp-block-paragraph\">Con informaci\u00f3n de EFE<\/p>\n","protected":false},"excerpt":{"rendered":"<p>El presidente de M\u00e9xico, Andr\u00e9s Manuel L\u00f3pez Obrador, reconoci\u00f3 este martes que existe un incremento en las solicitudes de asilo de mexicanos en Canad\u00e1, pero descart\u00f3 que esto tenga que ver con el crimen organizado, al argumentar que es un asunto que est\u00e1 tratando con el Gobierno de Justin Trudeau. Hay un incremento en las [&hellip;]<\/p>\n","protected":false},"author":3,"featured_media":0,"comment_status":"open","ping_status":"open","sticky":false,"template":"","format":"standard","meta":{"footnotes":""},"categories":[12],"tags":[],"class_list":["post-10172","post","type-post","status-publish","format-standard","category-nacional"],"yoast_head":"<!-- This site is optimized with the Yoast SEO plugin v28.3 - https:\/\/yoast.com\/product\/yoast-seo-wordpress\/ -->\n<title>AMLO reconoce incremento de las solicitudes de asilo de mexicanos a Canad\u00e1 - Peri\u00f3dico Realidades<\/title>\n<meta name=\"robots\" content=\"index, follow, max-snippet:-1, max-image-preview:large, max-video-preview:-1\" \/>\n<link rel=\"canonical\" href=\"https:\/\/periodicorealidades.com\/index.php\/2024\/02\/20\/amlo-reconoce-incremento-de-las-solicitudes-de-asilo-de-mexicanos-a-canada\/\" \/>\n<meta property=\"og:locale\" content=\"es_MX\" \/>\n<meta property=\"og:type\" content=\"article\" \/>\n<meta property=\"og:title\" content=\"AMLO reconoce incremento de las solicitudes de asilo de mexicanos a Canad\u00e1 - Peri\u00f3dico Realidades\" \/>\n<meta property=\"og:description\" content=\"El presidente de M\u00e9xico, Andr\u00e9s Manuel L\u00f3pez Obrador, reconoci\u00f3 este martes que existe un incremento en las solicitudes de asilo de mexicanos en Canad\u00e1, pero descart\u00f3 que esto tenga que ver con el crimen organizado, al argumentar que es un asunto que est\u00e1 tratando con el Gobierno de Justin Trudeau. Hay un incremento en las [&hellip;]\" \/>\n<meta property=\"og:url\" content=\"https:\/\/periodicorealidades.com\/index.php\/2024\/02\/20\/amlo-reconoce-incremento-de-las-solicitudes-de-asilo-de-mexicanos-a-canada\/\" \/>\n<meta property=\"og:site_name\" content=\"Peri\u00f3dico Realidades\" \/>\n<meta property=\"article:publisher\" content=\"https:\/\/www.facebook.com\/periodicorealidades.denayarit?mibextid=LQQJ4d\" \/>\n<meta property=\"article:published_time\" content=\"2024-02-21T04:58:14+00:00\" \/>\n<meta property=\"article:modified_time\" content=\"2024-02-21T04:58:15+00:00\" \/>\n<meta property=\"og:image\" content=\"https:\/\/periodicorealidades.com\/wp-content\/uploads\/2024\/02\/D8AFAB50-9087-4AED-8468-2E79E7C87969.jpeg\" \/>\n\t<meta property=\"og:image:width\" content=\"1536\" \/>\n\t<meta property=\"og:image:height\" content=\"1024\" \/>\n\t<meta property=\"og:image:type\" content=\"image\/jpeg\" \/>\n<meta name=\"author\" content=\"Aracely\" \/>\n<meta name=\"twitter:card\" content=\"summary_large_image\" \/>\n<meta name=\"twitter:label1\" content=\"Escrito por\" \/>\n\t<meta name=\"twitter:data1\" content=\"Aracely\" \/>\n\t<meta name=\"twitter:label2\" content=\"Tiempo de lectura\" \/>\n\t<meta name=\"twitter:data2\" content=\"3 minutos\" \/>\n<script type=\"application\/ld+json\" class=\"yoast-schema-graph\">{\"@context\":\"https:\\\/\\\/schema.org\",\"@graph\":[{\"@type\":\"Article\",\"@id\":\"https:\\\/\\\/periodicorealidades.com\\\/index.php\\\/2024\\\/02\\\/20\\\/amlo-reconoce-incremento-de-las-solicitudes-de-asilo-de-mexicanos-a-canada\\\/#article\",\"isPartOf\":{\"@id\":\"https:\\\/\\\/periodicorealidades.com\\\/index.php\\\/2024\\\/02\\\/20\\\/amlo-reconoce-incremento-de-las-solicitudes-de-asilo-de-mexicanos-a-canada\\\/\"},\"author\":{\"name\":\"Aracely\",\"@id\":\"https:\\\/\\\/periodicorealidades.com\\\/#\\\/schema\\\/person\\\/df6af7553a1189bf973891c9f268acf3\"},\"headline\":\"AMLO reconoce incremento de las solicitudes de asilo de mexicanos a Canad\u00e1\",\"datePublished\":\"2024-02-21T04:58:14+00:00\",\"dateModified\":\"2024-02-21T04:58:15+00:00\",\"mainEntityOfPage\":{\"@id\":\"https:\\\/\\\/periodicorealidades.com\\\/index.php\\\/2024\\\/02\\\/20\\\/amlo-reconoce-incremento-de-las-solicitudes-de-asilo-de-mexicanos-a-canada\\\/\"},\"wordCount\":494,\"commentCount\":0,\"publisher\":{\"@id\":\"https:\\\/\\\/periodicorealidades.com\\\/#organization\"},\"articleSection\":[\"Nacional\"],\"inLanguage\":\"es\",\"potentialAction\":[{\"@type\":\"CommentAction\",\"name\":\"Comment\",\"target\":[\"https:\\\/\\\/periodicorealidades.com\\\/index.php\\\/2024\\\/02\\\/20\\\/amlo-reconoce-incremento-de-las-solicitudes-de-asilo-de-mexicanos-a-canada\\\/#respond\"]}]},{\"@type\":\"WebPage\",\"@id\":\"https:\\\/\\\/periodicorealidades.com\\\/index.php\\\/2024\\\/02\\\/20\\\/amlo-reconoce-incremento-de-las-solicitudes-de-asilo-de-mexicanos-a-canada\\\/\",\"url\":\"https:\\\/\\\/periodicorealidades.com\\\/index.php\\\/2024\\\/02\\\/20\\\/amlo-reconoce-incremento-de-las-solicitudes-de-asilo-de-mexicanos-a-canada\\\/\",\"name\":\"AMLO reconoce incremento de las solicitudes de asilo de mexicanos a Canad\u00e1 - Peri\u00f3dico Realidades\",\"isPartOf\":{\"@id\":\"https:\\\/\\\/periodicorealidades.com\\\/#website\"},\"datePublished\":\"2024-02-21T04:58:14+00:00\",\"dateModified\":\"2024-02-21T04:58:15+00:00\",\"breadcrumb\":{\"@id\":\"https:\\\/\\\/periodicorealidades.com\\\/index.php\\\/2024\\\/02\\\/20\\\/amlo-reconoce-incremento-de-las-solicitudes-de-asilo-de-mexicanos-a-canada\\\/#breadcrumb\"},\"inLanguage\":\"es\",\"potentialAction\":[{\"@type\":\"ReadAction\",\"target\":[\"https:\\\/\\\/periodicorealidades.com\\\/index.php\\\/2024\\\/02\\\/20\\\/amlo-reconoce-incremento-de-las-solicitudes-de-asilo-de-mexicanos-a-canada\\\/\"]}]},{\"@type\":\"BreadcrumbList\",\"@id\":\"https:\\\/\\\/periodicorealidades.com\\\/index.php\\\/2024\\\/02\\\/20\\\/amlo-reconoce-incremento-de-las-solicitudes-de-asilo-de-mexicanos-a-canada\\\/#breadcrumb\",\"itemListElement\":[{\"@type\":\"ListItem\",\"position\":1,\"name\":\"Inicio\",\"item\":\"https:\\\/\\\/periodicorealidades.com\\\/\"},{\"@type\":\"ListItem\",\"position\":2,\"name\":\"AMLO reconoce incremento de las solicitudes de asilo de mexicanos a Canad\u00e1\"}]},{\"@type\":\"WebSite\",\"@id\":\"https:\\\/\\\/periodicorealidades.com\\\/#website\",\"url\":\"https:\\\/\\\/periodicorealidades.com\\\/\",\"name\":\"Peri\u00f3dico Realidades\",\"description\":\"M\u00e9dio de comunicaci\u00f3n en Nayarit\",\"publisher\":{\"@id\":\"https:\\\/\\\/periodicorealidades.com\\\/#organization\"},\"potentialAction\":[{\"@type\":\"SearchAction\",\"target\":{\"@type\":\"EntryPoint\",\"urlTemplate\":\"https:\\\/\\\/periodicorealidades.com\\\/?s={search_term_string}\"},\"query-input\":{\"@type\":\"PropertyValueSpecification\",\"valueRequired\":true,\"valueName\":\"search_term_string\"}}],\"inLanguage\":\"es\"},{\"@type\":\"Organization\",\"@id\":\"https:\\\/\\\/periodicorealidades.com\\\/#organization\",\"name\":\"Peri\u00f3dico Realidades\",\"url\":\"https:\\\/\\\/periodicorealidades.com\\\/\",\"logo\":{\"@type\":\"ImageObject\",\"inLanguage\":\"es\",\"@id\":\"https:\\\/\\\/periodicorealidades.com\\\/#\\\/schema\\\/logo\\\/image\\\/\",\"url\":\"https:\\\/\\\/periodicorealidades.com\\\/wp-content\\\/uploads\\\/2023\\\/05\\\/r-prueba.png\",\"contentUrl\":\"https:\\\/\\\/periodicorealidades.com\\\/wp-content\\\/uploads\\\/2023\\\/05\\\/r-prueba.png\",\"width\":709,\"height\":709,\"caption\":\"Peri\u00f3dico Realidades\"},\"image\":{\"@id\":\"https:\\\/\\\/periodicorealidades.com\\\/#\\\/schema\\\/logo\\\/image\\\/\"},\"sameAs\":[\"https:\\\/\\\/www.facebook.com\\\/periodicorealidades.denayarit?mibextid=LQQJ4d\"]},{\"@type\":\"Person\",\"@id\":\"https:\\\/\\\/periodicorealidades.com\\\/#\\\/schema\\\/person\\\/df6af7553a1189bf973891c9f268acf3\",\"name\":\"Aracely\",\"image\":{\"@type\":\"ImageObject\",\"inLanguage\":\"es\",\"@id\":\"https:\\\/\\\/secure.gravatar.com\\\/avatar\\\/9ee9d8e9d2e4a359c987c139b9cd012c6c076ea539e43d023be2af04cf533e91?s=96&d=mm&r=g\",\"url\":\"https:\\\/\\\/secure.gravatar.com\\\/avatar\\\/9ee9d8e9d2e4a359c987c139b9cd012c6c076ea539e43d023be2af04cf533e91?s=96&d=mm&r=g\",\"contentUrl\":\"https:\\\/\\\/secure.gravatar.com\\\/avatar\\\/9ee9d8e9d2e4a359c987c139b9cd012c6c076ea539e43d023be2af04cf533e91?s=96&d=mm&r=g\",\"caption\":\"Aracely\"},\"url\":\"https:\\\/\\\/periodicorealidades.com\\\/index.php\\\/author\\\/aracelyreali\\\/\"}]}<\/script>\n<!-- \/ Yoast SEO plugin. -->","yoast_head_json":{"title":"AMLO reconoce incremento de las solicitudes de asilo de mexicanos a Canad\u00e1 - Peri\u00f3dico Realidades","robots":{"index":"index","follow":"follow","max-snippet":"max-snippet:-1","max-image-preview":"max-image-preview:large","max-video-preview":"max-video-preview:-1"},"canonical":"https:\/\/periodicorealidades.com\/index.php\/2024\/02\/20\/amlo-reconoce-incremento-de-las-solicitudes-de-asilo-de-mexicanos-a-canada\/","og_locale":"es_MX","og_type":"article","og_title":"AMLO reconoce incremento de las solicitudes de asilo de mexicanos a Canad\u00e1 - Peri\u00f3dico Realidades","og_description":"El presidente de M\u00e9xico, Andr\u00e9s Manuel L\u00f3pez Obrador, reconoci\u00f3 este martes que existe un incremento en las solicitudes de asilo de mexicanos en Canad\u00e1, pero descart\u00f3 que esto tenga que ver con el crimen organizado, al argumentar que es un asunto que est\u00e1 tratando con el Gobierno de Justin Trudeau. Hay un incremento en las [&hellip;]","og_url":"https:\/\/periodicorealidades.com\/index.php\/2024\/02\/20\/amlo-reconoce-incremento-de-las-solicitudes-de-asilo-de-mexicanos-a-canada\/","og_site_name":"Peri\u00f3dico Realidades","article_publisher":"https:\/\/www.facebook.com\/periodicorealidades.denayarit?mibextid=LQQJ4d","article_published_time":"2024-02-21T04:58:14+00:00","article_modified_time":"2024-02-21T04:58:15+00:00","og_image":[{"width":1536,"height":1024,"url":"https:\/\/periodicorealidades.com\/wp-content\/uploads\/2024\/02\/D8AFAB50-9087-4AED-8468-2E79E7C87969.jpeg","type":"image\/jpeg"}],"author":"Aracely","twitter_card":"summary_large_image","twitter_misc":{"Escrito por":"Aracely","Tiempo de lectura":"3 minutos"},"schema":{"@context":"https:\/\/schema.org","@graph":[{"@type":"Article","@id":"https:\/\/periodicorealidades.com\/index.php\/2024\/02\/20\/amlo-reconoce-incremento-de-las-solicitudes-de-asilo-de-mexicanos-a-canada\/#article","isPartOf":{"@id":"https:\/\/periodicorealidades.com\/index.php\/2024\/02\/20\/amlo-reconoce-incremento-de-las-solicitudes-de-asilo-de-mexicanos-a-canada\/"},"author":{"name":"Aracely","@id":"https:\/\/periodicorealidades.com\/#\/schema\/person\/df6af7553a1189bf973891c9f268acf3"},"headline":"AMLO reconoce incremento de las solicitudes de asilo de mexicanos a Canad\u00e1","datePublished":"2024-02-21T04:58:14+00:00","dateModified":"2024-02-21T04:58:15+00:00","mainEntityOfPage":{"@id":"https:\/\/periodicorealidades.com\/index.php\/2024\/02\/20\/amlo-reconoce-incremento-de-las-solicitudes-de-asilo-de-mexicanos-a-canada\/"},"wordCount":494,"commentCount":0,"publisher":{"@id":"https:\/\/periodicorealidades.com\/#organization"},"articleSection":["Nacional"],"inLanguage":"es","potentialAction":[{"@type":"CommentAction","name":"Comment","target":["https:\/\/periodicorealidades.com\/index.php\/2024\/02\/20\/amlo-reconoce-incremento-de-las-solicitudes-de-asilo-de-mexicanos-a-canada\/#respond"]}]},{"@type":"WebPage","@id":"https:\/\/periodicorealidades.com\/index.php\/2024\/02\/20\/amlo-reconoce-incremento-de-las-solicitudes-de-asilo-de-mexicanos-a-canada\/","url":"https:\/\/periodicorealidades.com\/index.php\/2024\/02\/20\/amlo-reconoce-incremento-de-las-solicitudes-de-asilo-de-mexicanos-a-canada\/","name":"AMLO reconoce incremento de las solicitudes de asilo de mexicanos a Canad\u00e1 - Peri\u00f3dico Realidades","isPartOf":{"@id":"https:\/\/periodicorealidades.com\/#website"},"datePublished":"2024-02-21T04:58:14+00:00","dateModified":"2024-02-21T04:58:15+00:00","breadcrumb":{"@id":"https:\/\/periodicorealidades.com\/index.php\/2024\/02\/20\/amlo-reconoce-incremento-de-las-solicitudes-de-asilo-de-mexicanos-a-canada\/#breadcrumb"},"inLanguage":"es","potentialAction":[{"@type":"ReadAction","target":["https:\/\/periodicorealidades.com\/index.php\/2024\/02\/20\/amlo-reconoce-incremento-de-las-solicitudes-de-asilo-de-mexicanos-a-canada\/"]}]},{"@type":"BreadcrumbList","@id":"https:\/\/periodicorealidades.com\/index.php\/2024\/02\/20\/amlo-reconoce-incremento-de-las-solicitudes-de-asilo-de-mexicanos-a-canada\/#breadcrumb","itemListElement":[{"@type":"ListItem","position":1,"name":"Inicio","item":"https:\/\/periodicorealidades.com\/"},{"@type":"ListItem","position":2,"name":"AMLO reconoce incremento de las solicitudes de asilo de mexicanos a Canad\u00e1"}]},{"@type":"WebSite","@id":"https:\/\/periodicorealidades.com\/#website","url":"https:\/\/periodicorealidades.com\/","name":"Peri\u00f3dico Realidades","description":"M\u00e9dio de comunicaci\u00f3n en Nayarit","publisher":{"@id":"https:\/\/periodicorealidades.com\/#organization"},"potentialAction":[{"@type":"SearchAction","target":{"@type":"EntryPoint","urlTemplate":"https:\/\/periodicorealidades.com\/?s={search_term_string}"},"query-input":{"@type":"PropertyValueSpecification","valueRequired":true,"valueName":"search_term_string"}}],"inLanguage":"es"},{"@type":"Organization","@id":"https:\/\/periodicorealidades.com\/#organization","name":"Peri\u00f3dico Realidades","url":"https:\/\/periodicorealidades.com\/","logo":{"@type":"ImageObject","inLanguage":"es","@id":"https:\/\/periodicorealidades.com\/#\/schema\/logo\/image\/","url":"https:\/\/periodicorealidades.com\/wp-content\/uploads\/2023\/05\/r-prueba.png","contentUrl":"https:\/\/periodicorealidades.com\/wp-content\/uploads\/2023\/05\/r-prueba.png","width":709,"height":709,"caption":"Peri\u00f3dico Realidades"},"image":{"@id":"https:\/\/periodicorealidades.com\/#\/schema\/logo\/image\/"},"sameAs":["https:\/\/www.facebook.com\/periodicorealidades.denayarit?mibextid=LQQJ4d"]},{"@type":"Person","@id":"https:\/\/periodicorealidades.com\/#\/schema\/person\/df6af7553a1189bf973891c9f268acf3","name":"Aracely","image":{"@type":"ImageObject","inLanguage":"es","@id":"https:\/\/secure.gravatar.com\/avatar\/9ee9d8e9d2e4a359c987c139b9cd012c6c076ea539e43d023be2af04cf533e91?s=96&d=mm&r=g","url":"https:\/\/secure.gravatar.com\/avatar\/9ee9d8e9d2e4a359c987c139b9cd012c6c076ea539e43d023be2af04cf533e91?s=96&d=mm&r=g","contentUrl":"https:\/\/secure.gravatar.com\/avatar\/9ee9d8e9d2e4a359c987c139b9cd012c6c076ea539e43d023be2af04cf533e91?s=96&d=mm&r=g","caption":"Aracely"},"url":"https:\/\/periodicorealidades.com\/index.php\/author\/aracelyreali\/"}]}},"_links":{"self":[{"href":"https:\/\/periodicorealidades.com\/index.php\/wp-json\/wp\/v2\/posts\/10172","targetHints":{"allow":["GET"]}}],"collection":[{"href":"https:\/\/periodicorealidades.com\/index.php\/wp-json\/wp\/v2\/posts"}],"about":[{"href":"https:\/\/periodicorealidades.com\/index.php\/wp-json\/wp\/v2\/types\/post"}],"author":[{"embeddable":true,"href":"https:\/\/periodicorealidades.com\/index.php\/wp-json\/wp\/v2\/users\/3"}],"replies":[{"embeddable":true,"href":"https:\/\/periodicorealidades.com\/index.php\/wp-json\/wp\/v2\/comments?post=10172"}],"version-history":[{"count":0,"href":"https:\/\/periodicorealidades.com\/index.php\/wp-json\/wp\/v2\/posts\/10172\/revisions"}],"wp:attachment":[{"href":"https:\/\/periodicorealidades.com\/index.php\/wp-json\/wp\/v2\/media?parent=10172"}],"wp:term":[{"taxonomy":"category","embeddable":true,"href":"https:\/\/periodicorealidades.com\/index.php\/wp-json\/wp\/v2\/categories?post=10172"},{"taxonomy":"post_tag","embeddable":true,"href":"https:\/\/periodicorealidades.com\/index.php\/wp-json\/wp\/v2\/tags?post=10172"}],"curies":[{"name":"wp","href":"https:\/\/api.w.org\/{rel}","templated":true}]}}