{"id":10178,"date":"2024-02-20T22:31:46","date_gmt":"2024-02-21T05:31:46","guid":{"rendered":"https:\/\/periodicorealidades.com\/?p=10178"},"modified":"2024-02-20T22:31:46","modified_gmt":"2024-02-21T05:31:46","slug":"aumentan-efectivos-policiales-en-nayarit-en-este-gobierno","status":"publish","type":"post","link":"https:\/\/periodicorealidades.com\/index.php\/2024\/02\/20\/aumentan-efectivos-policiales-en-nayarit-en-este-gobierno\/","title":{"rendered":"Aumentan efectivos policiales en Nayarit en este gobierno"},"content":{"rendered":"\n<p class=\"wp-block-paragraph\">Gracias a las pol\u00edticas de seguridad implementadas por el gobierno federal en coordinaci\u00f3n con el gobierno del estado, encabezado por el Dr. Miguel \u00c0ngel Navarro Quintero se ha logrado incrementar los efectivos de seguridad para mantener el clima de seguridad y paz en la entidad<\/p>\n\n\n\n<p class=\"wp-block-paragraph\">Por: Bolet\u00ecn<\/p>\n\n\n\n<p class=\"wp-block-paragraph\">Tepic, Nayarit; mi\u00e8rcoles, 21 de febrerdo del 2024.- En Nayarit, se ha implementado un notable aumento progresivo en el n\u00famero de elementos de seguridad, pasando de 700 a 1600. Con ello y con la creaci\u00f3n de la universidad de Formaci\u00f3n Policial, se busca fortalecer la capacidad de respuesta y la eficiencia de las fuerzas del orden en el estado.<\/p>\n","protected":false},"excerpt":{"rendered":"<p>Gracias a las pol\u00edticas de seguridad implementadas por el gobierno federal en coordinaci\u00f3n con el gobierno del estado, encabezado por el Dr. Miguel \u00c0ngel Navarro Quintero se ha logrado incrementar los efectivos de seguridad para mantener el clima de seguridad y paz en la entidad Por: Bolet\u00ecn Tepic, Nayarit; mi\u00e8rcoles, 21 de febrerdo del 2024.- [&hellip;]<\/p>\n","protected":false},"author":2,"featured_media":0,"comment_status":"open","ping_status":"open","sticky":false,"template":"","format":"standard","meta":{"footnotes":""},"categories":[4,7],"tags":[],"class_list":["post-10178","post","type-post","status-publish","format-standard","category-principal","category-tepic"],"yoast_head":"<!-- This site is optimized with the Yoast SEO plugin v28.3 - https:\/\/yoast.com\/product\/yoast-seo-wordpress\/ -->\n<title>Aumentan efectivos policiales en Nayarit en este gobierno - Peri\u00f3dico Realidades<\/title>\n<meta name=\"robots\" content=\"index, follow, max-snippet:-1, max-image-preview:large, max-video-preview:-1\" \/>\n<link rel=\"canonical\" href=\"https:\/\/periodicorealidades.com\/index.php\/2024\/02\/20\/aumentan-efectivos-policiales-en-nayarit-en-este-gobierno\/\" \/>\n<meta property=\"og:locale\" content=\"es_MX\" \/>\n<meta property=\"og:type\" content=\"article\" \/>\n<meta property=\"og:title\" content=\"Aumentan efectivos policiales en Nayarit en este gobierno - Peri\u00f3dico Realidades\" \/>\n<meta property=\"og:description\" content=\"Gracias a las pol\u00edticas de seguridad implementadas por el gobierno federal en coordinaci\u00f3n con el gobierno del estado, encabezado por el Dr. Miguel \u00c0ngel Navarro Quintero se ha logrado incrementar los efectivos de seguridad para mantener el clima de seguridad y paz en la entidad Por: Bolet\u00ecn Tepic, Nayarit; mi\u00e8rcoles, 21 de febrerdo del 2024.- [&hellip;]\" \/>\n<meta property=\"og:url\" content=\"https:\/\/periodicorealidades.com\/index.php\/2024\/02\/20\/aumentan-efectivos-policiales-en-nayarit-en-este-gobierno\/\" \/>\n<meta property=\"og:site_name\" content=\"Peri\u00f3dico Realidades\" \/>\n<meta property=\"article:publisher\" content=\"https:\/\/www.facebook.com\/periodicorealidades.denayarit?mibextid=LQQJ4d\" \/>\n<meta property=\"article:published_time\" content=\"2024-02-21T05:31:46+00:00\" \/>\n<meta property=\"og:image\" content=\"https:\/\/periodicorealidades.com\/wp-content\/uploads\/2024\/02\/WhatsApp-Image-2024-02-20-at-7.57.17-PM.jpeg\" \/>\n\t<meta property=\"og:image:width\" content=\"1200\" \/>\n\t<meta property=\"og:image:height\" content=\"1501\" \/>\n\t<meta property=\"og:image:type\" content=\"image\/jpeg\" \/>\n<meta name=\"author\" content=\"editor\" \/>\n<meta name=\"twitter:card\" content=\"summary_large_image\" \/>\n<meta name=\"twitter:label1\" content=\"Escrito por\" \/>\n\t<meta name=\"twitter:data1\" content=\"editor\" \/>\n\t<meta name=\"twitter:label2\" content=\"Tiempo de lectura\" \/>\n\t<meta name=\"twitter:data2\" content=\"1 minuto\" \/>\n<script type=\"application\/ld+json\" class=\"yoast-schema-graph\">{\"@context\":\"https:\\\/\\\/schema.org\",\"@graph\":[{\"@type\":\"Article\",\"@id\":\"https:\\\/\\\/periodicorealidades.com\\\/index.php\\\/2024\\\/02\\\/20\\\/aumentan-efectivos-policiales-en-nayarit-en-este-gobierno\\\/#article\",\"isPartOf\":{\"@id\":\"https:\\\/\\\/periodicorealidades.com\\\/index.php\\\/2024\\\/02\\\/20\\\/aumentan-efectivos-policiales-en-nayarit-en-este-gobierno\\\/\"},\"author\":{\"name\":\"editor\",\"@id\":\"https:\\\/\\\/periodicorealidades.com\\\/#\\\/schema\\\/person\\\/c27da34ee13acaec3162071a3e1c7832\"},\"headline\":\"Aumentan efectivos policiales en Nayarit en este gobierno\",\"datePublished\":\"2024-02-21T05:31:46+00:00\",\"mainEntityOfPage\":{\"@id\":\"https:\\\/\\\/periodicorealidades.com\\\/index.php\\\/2024\\\/02\\\/20\\\/aumentan-efectivos-policiales-en-nayarit-en-este-gobierno\\\/\"},\"wordCount\":118,\"commentCount\":0,\"publisher\":{\"@id\":\"https:\\\/\\\/periodicorealidades.com\\\/#organization\"},\"articleSection\":[\"Principal\",\"Tepic\"],\"inLanguage\":\"es\",\"potentialAction\":[{\"@type\":\"CommentAction\",\"name\":\"Comment\",\"target\":[\"https:\\\/\\\/periodicorealidades.com\\\/index.php\\\/2024\\\/02\\\/20\\\/aumentan-efectivos-policiales-en-nayarit-en-este-gobierno\\\/#respond\"]}]},{\"@type\":\"WebPage\",\"@id\":\"https:\\\/\\\/periodicorealidades.com\\\/index.php\\\/2024\\\/02\\\/20\\\/aumentan-efectivos-policiales-en-nayarit-en-este-gobierno\\\/\",\"url\":\"https:\\\/\\\/periodicorealidades.com\\\/index.php\\\/2024\\\/02\\\/20\\\/aumentan-efectivos-policiales-en-nayarit-en-este-gobierno\\\/\",\"name\":\"Aumentan efectivos policiales en Nayarit en este gobierno - Peri\u00f3dico Realidades\",\"isPartOf\":{\"@id\":\"https:\\\/\\\/periodicorealidades.com\\\/#website\"},\"datePublished\":\"2024-02-21T05:31:46+00:00\",\"breadcrumb\":{\"@id\":\"https:\\\/\\\/periodicorealidades.com\\\/index.php\\\/2024\\\/02\\\/20\\\/aumentan-efectivos-policiales-en-nayarit-en-este-gobierno\\\/#breadcrumb\"},\"inLanguage\":\"es\",\"potentialAction\":[{\"@type\":\"ReadAction\",\"target\":[\"https:\\\/\\\/periodicorealidades.com\\\/index.php\\\/2024\\\/02\\\/20\\\/aumentan-efectivos-policiales-en-nayarit-en-este-gobierno\\\/\"]}]},{\"@type\":\"BreadcrumbList\",\"@id\":\"https:\\\/\\\/periodicorealidades.com\\\/index.php\\\/2024\\\/02\\\/20\\\/aumentan-efectivos-policiales-en-nayarit-en-este-gobierno\\\/#breadcrumb\",\"itemListElement\":[{\"@type\":\"ListItem\",\"position\":1,\"name\":\"Inicio\",\"item\":\"https:\\\/\\\/periodicorealidades.com\\\/\"},{\"@type\":\"ListItem\",\"position\":2,\"name\":\"Aumentan efectivos policiales en Nayarit en este gobierno\"}]},{\"@type\":\"WebSite\",\"@id\":\"https:\\\/\\\/periodicorealidades.com\\\/#website\",\"url\":\"https:\\\/\\\/periodicorealidades.com\\\/\",\"name\":\"Peri\u00f3dico Realidades\",\"description\":\"M\u00e9dio de comunicaci\u00f3n en Nayarit\",\"publisher\":{\"@id\":\"https:\\\/\\\/periodicorealidades.com\\\/#organization\"},\"potentialAction\":[{\"@type\":\"SearchAction\",\"target\":{\"@type\":\"EntryPoint\",\"urlTemplate\":\"https:\\\/\\\/periodicorealidades.com\\\/?s={search_term_string}\"},\"query-input\":{\"@type\":\"PropertyValueSpecification\",\"valueRequired\":true,\"valueName\":\"search_term_string\"}}],\"inLanguage\":\"es\"},{\"@type\":\"Organization\",\"@id\":\"https:\\\/\\\/periodicorealidades.com\\\/#organization\",\"name\":\"Peri\u00f3dico Realidades\",\"url\":\"https:\\\/\\\/periodicorealidades.com\\\/\",\"logo\":{\"@type\":\"ImageObject\",\"inLanguage\":\"es\",\"@id\":\"https:\\\/\\\/periodicorealidades.com\\\/#\\\/schema\\\/logo\\\/image\\\/\",\"url\":\"https:\\\/\\\/periodicorealidades.com\\\/wp-content\\\/uploads\\\/2023\\\/05\\\/r-prueba.png\",\"contentUrl\":\"https:\\\/\\\/periodicorealidades.com\\\/wp-content\\\/uploads\\\/2023\\\/05\\\/r-prueba.png\",\"width\":709,\"height\":709,\"caption\":\"Peri\u00f3dico Realidades\"},\"image\":{\"@id\":\"https:\\\/\\\/periodicorealidades.com\\\/#\\\/schema\\\/logo\\\/image\\\/\"},\"sameAs\":[\"https:\\\/\\\/www.facebook.com\\\/periodicorealidades.denayarit?mibextid=LQQJ4d\"]},{\"@type\":\"Person\",\"@id\":\"https:\\\/\\\/periodicorealidades.com\\\/#\\\/schema\\\/person\\\/c27da34ee13acaec3162071a3e1c7832\",\"name\":\"editor\",\"image\":{\"@type\":\"ImageObject\",\"inLanguage\":\"es\",\"@id\":\"https:\\\/\\\/secure.gravatar.com\\\/avatar\\\/dda3c3f59ea25f4b53cd53df977b0b2628039b17268e57c944a79a00e8a56e26?s=96&d=mm&r=g\",\"url\":\"https:\\\/\\\/secure.gravatar.com\\\/avatar\\\/dda3c3f59ea25f4b53cd53df977b0b2628039b17268e57c944a79a00e8a56e26?s=96&d=mm&r=g\",\"contentUrl\":\"https:\\\/\\\/secure.gravatar.com\\\/avatar\\\/dda3c3f59ea25f4b53cd53df977b0b2628039b17268e57c944a79a00e8a56e26?s=96&d=mm&r=g\",\"caption\":\"editor\"},\"url\":\"https:\\\/\\\/periodicorealidades.com\\\/index.php\\\/author\\\/editor\\\/\"}]}<\/script>\n<!-- \/ Yoast SEO plugin. -->","yoast_head_json":{"title":"Aumentan efectivos policiales en Nayarit en este gobierno - Peri\u00f3dico Realidades","robots":{"index":"index","follow":"follow","max-snippet":"max-snippet:-1","max-image-preview":"max-image-preview:large","max-video-preview":"max-video-preview:-1"},"canonical":"https:\/\/periodicorealidades.com\/index.php\/2024\/02\/20\/aumentan-efectivos-policiales-en-nayarit-en-este-gobierno\/","og_locale":"es_MX","og_type":"article","og_title":"Aumentan efectivos policiales en Nayarit en este gobierno - Peri\u00f3dico Realidades","og_description":"Gracias a las pol\u00edticas de seguridad implementadas por el gobierno federal en coordinaci\u00f3n con el gobierno del estado, encabezado por el Dr. Miguel \u00c0ngel Navarro Quintero se ha logrado incrementar los efectivos de seguridad para mantener el clima de seguridad y paz en la entidad Por: Bolet\u00ecn Tepic, Nayarit; mi\u00e8rcoles, 21 de febrerdo del 2024.- [&hellip;]","og_url":"https:\/\/periodicorealidades.com\/index.php\/2024\/02\/20\/aumentan-efectivos-policiales-en-nayarit-en-este-gobierno\/","og_site_name":"Peri\u00f3dico Realidades","article_publisher":"https:\/\/www.facebook.com\/periodicorealidades.denayarit?mibextid=LQQJ4d","article_published_time":"2024-02-21T05:31:46+00:00","og_image":[{"width":1200,"height":1501,"url":"https:\/\/periodicorealidades.com\/wp-content\/uploads\/2024\/02\/WhatsApp-Image-2024-02-20-at-7.57.17-PM.jpeg","type":"image\/jpeg"}],"author":"editor","twitter_card":"summary_large_image","twitter_misc":{"Escrito por":"editor","Tiempo de lectura":"1 minuto"},"schema":{"@context":"https:\/\/schema.org","@graph":[{"@type":"Article","@id":"https:\/\/periodicorealidades.com\/index.php\/2024\/02\/20\/aumentan-efectivos-policiales-en-nayarit-en-este-gobierno\/#article","isPartOf":{"@id":"https:\/\/periodicorealidades.com\/index.php\/2024\/02\/20\/aumentan-efectivos-policiales-en-nayarit-en-este-gobierno\/"},"author":{"name":"editor","@id":"https:\/\/periodicorealidades.com\/#\/schema\/person\/c27da34ee13acaec3162071a3e1c7832"},"headline":"Aumentan efectivos policiales en Nayarit en este gobierno","datePublished":"2024-02-21T05:31:46+00:00","mainEntityOfPage":{"@id":"https:\/\/periodicorealidades.com\/index.php\/2024\/02\/20\/aumentan-efectivos-policiales-en-nayarit-en-este-gobierno\/"},"wordCount":118,"commentCount":0,"publisher":{"@id":"https:\/\/periodicorealidades.com\/#organization"},"articleSection":["Principal","Tepic"],"inLanguage":"es","potentialAction":[{"@type":"CommentAction","name":"Comment","target":["https:\/\/periodicorealidades.com\/index.php\/2024\/02\/20\/aumentan-efectivos-policiales-en-nayarit-en-este-gobierno\/#respond"]}]},{"@type":"WebPage","@id":"https:\/\/periodicorealidades.com\/index.php\/2024\/02\/20\/aumentan-efectivos-policiales-en-nayarit-en-este-gobierno\/","url":"https:\/\/periodicorealidades.com\/index.php\/2024\/02\/20\/aumentan-efectivos-policiales-en-nayarit-en-este-gobierno\/","name":"Aumentan efectivos policiales en Nayarit en este gobierno - Peri\u00f3dico Realidades","isPartOf":{"@id":"https:\/\/periodicorealidades.com\/#website"},"datePublished":"2024-02-21T05:31:46+00:00","breadcrumb":{"@id":"https:\/\/periodicorealidades.com\/index.php\/2024\/02\/20\/aumentan-efectivos-policiales-en-nayarit-en-este-gobierno\/#breadcrumb"},"inLanguage":"es","potentialAction":[{"@type":"ReadAction","target":["https:\/\/periodicorealidades.com\/index.php\/2024\/02\/20\/aumentan-efectivos-policiales-en-nayarit-en-este-gobierno\/"]}]},{"@type":"BreadcrumbList","@id":"https:\/\/periodicorealidades.com\/index.php\/2024\/02\/20\/aumentan-efectivos-policiales-en-nayarit-en-este-gobierno\/#breadcrumb","itemListElement":[{"@type":"ListItem","position":1,"name":"Inicio","item":"https:\/\/periodicorealidades.com\/"},{"@type":"ListItem","position":2,"name":"Aumentan efectivos policiales en Nayarit en este gobierno"}]},{"@type":"WebSite","@id":"https:\/\/periodicorealidades.com\/#website","url":"https:\/\/periodicorealidades.com\/","name":"Peri\u00f3dico Realidades","description":"M\u00e9dio de comunicaci\u00f3n en Nayarit","publisher":{"@id":"https:\/\/periodicorealidades.com\/#organization"},"potentialAction":[{"@type":"SearchAction","target":{"@type":"EntryPoint","urlTemplate":"https:\/\/periodicorealidades.com\/?s={search_term_string}"},"query-input":{"@type":"PropertyValueSpecification","valueRequired":true,"valueName":"search_term_string"}}],"inLanguage":"es"},{"@type":"Organization","@id":"https:\/\/periodicorealidades.com\/#organization","name":"Peri\u00f3dico Realidades","url":"https:\/\/periodicorealidades.com\/","logo":{"@type":"ImageObject","inLanguage":"es","@id":"https:\/\/periodicorealidades.com\/#\/schema\/logo\/image\/","url":"https:\/\/periodicorealidades.com\/wp-content\/uploads\/2023\/05\/r-prueba.png","contentUrl":"https:\/\/periodicorealidades.com\/wp-content\/uploads\/2023\/05\/r-prueba.png","width":709,"height":709,"caption":"Peri\u00f3dico Realidades"},"image":{"@id":"https:\/\/periodicorealidades.com\/#\/schema\/logo\/image\/"},"sameAs":["https:\/\/www.facebook.com\/periodicorealidades.denayarit?mibextid=LQQJ4d"]},{"@type":"Person","@id":"https:\/\/periodicorealidades.com\/#\/schema\/person\/c27da34ee13acaec3162071a3e1c7832","name":"editor","image":{"@type":"ImageObject","inLanguage":"es","@id":"https:\/\/secure.gravatar.com\/avatar\/dda3c3f59ea25f4b53cd53df977b0b2628039b17268e57c944a79a00e8a56e26?s=96&d=mm&r=g","url":"https:\/\/secure.gravatar.com\/avatar\/dda3c3f59ea25f4b53cd53df977b0b2628039b17268e57c944a79a00e8a56e26?s=96&d=mm&r=g","contentUrl":"https:\/\/secure.gravatar.com\/avatar\/dda3c3f59ea25f4b53cd53df977b0b2628039b17268e57c944a79a00e8a56e26?s=96&d=mm&r=g","caption":"editor"},"url":"https:\/\/periodicorealidades.com\/index.php\/author\/editor\/"}]}},"_links":{"self":[{"href":"https:\/\/periodicorealidades.com\/index.php\/wp-json\/wp\/v2\/posts\/10178","targetHints":{"allow":["GET"]}}],"collection":[{"href":"https:\/\/periodicorealidades.com\/index.php\/wp-json\/wp\/v2\/posts"}],"about":[{"href":"https:\/\/periodicorealidades.com\/index.php\/wp-json\/wp\/v2\/types\/post"}],"author":[{"embeddable":true,"href":"https:\/\/periodicorealidades.com\/index.php\/wp-json\/wp\/v2\/users\/2"}],"replies":[{"embeddable":true,"href":"https:\/\/periodicorealidades.com\/index.php\/wp-json\/wp\/v2\/comments?post=10178"}],"version-history":[{"count":0,"href":"https:\/\/periodicorealidades.com\/index.php\/wp-json\/wp\/v2\/posts\/10178\/revisions"}],"wp:attachment":[{"href":"https:\/\/periodicorealidades.com\/index.php\/wp-json\/wp\/v2\/media?parent=10178"}],"wp:term":[{"taxonomy":"category","embeddable":true,"href":"https:\/\/periodicorealidades.com\/index.php\/wp-json\/wp\/v2\/categories?post=10178"},{"taxonomy":"post_tag","embeddable":true,"href":"https:\/\/periodicorealidades.com\/index.php\/wp-json\/wp\/v2\/tags?post=10178"}],"curies":[{"name":"wp","href":"https:\/\/api.w.org\/{rel}","templated":true}]}}