{"id":10197,"date":"2024-02-20T22:32:41","date_gmt":"2024-02-21T05:32:41","guid":{"rendered":"https:\/\/periodicorealidades.com\/?p=10197"},"modified":"2024-02-20T22:32:42","modified_gmt":"2024-02-21T05:32:42","slug":"guerra-sucia-contra-la-4-transformacion-exhibida-en-mananera","status":"publish","type":"post","link":"https:\/\/periodicorealidades.com\/index.php\/2024\/02\/20\/guerra-sucia-contra-la-4-transformacion-exhibida-en-mananera\/","title":{"rendered":"\u201cGuerra sucia\u201d contra La 4 transformaci\u00f3n exhibida en ma\u00f1anera"},"content":{"rendered":"\n<p class=\"wp-block-paragraph\">El diputado de la asociaci\u00f3n parlamentaria Izquierda Liberal en el Congreso capitalino, Jorge Gavi\u00f1o Ambriz, denunci\u00f3 una estrategia de \u201cguerra sucia\u201d contra la Cuarta Transformaci\u00f3n que realiza un ex colaborador del candidato a la jefatura de gobierno de la coalici\u00f3n Va por la CDMX, PAN, PRI y PRD, Santiago Taboada<\/p>\n\n\n\n<p class=\"wp-block-paragraph\">Por: Agencias&nbsp;<\/p>\n\n\n\n<p class=\"wp-block-paragraph\">Ciudad de M\u00e9xico; mi\u00e8rcoles, 21 de febrero del 2024.- En la Alcald\u00eda Benito Ju\u00e1rez quien ha pagado en lo que va de este a\u00f1o cerca de 2 millones de pesos para promocionar videos a trav\u00e9s de 13 diferentes cuentas en la red social Facebook.<\/p>\n\n\n\n<p class=\"wp-block-paragraph\">En conferencia de prensa, el legislador se\u00f1al\u00f3 que quien ocup\u00f3 la jefatura de unidad departamental de Producci\u00f3n Audiovisual en esa demarcaci\u00f3n de 2018 a 2023, Eduardo Luis M\u00e9ndez Pe\u00f1a, y quien se ostenta en la red social LinkedIn como director de marca en la empresa Dinamic Company, est\u00e1 relacionado con el pago de anuncios que tienen la intenci\u00f3n de desinformar y erosionar la imagen de Morena y la 4T, as\u00ed como a su candidata presidencial, Claudia Sheinbaum.<\/p>\n\n\n\n<p class=\"wp-block-paragraph\">Gavi\u00f1o, expuso que en todos los casos aparece relacionado el correo electr\u00f3nico con el dominio del mismo nombre \u201clabatallaquenosune.mx\u201d creado apenas el pasado 12 de enero por M\u00e9ndez Pe\u00f1a y los videos revisados por su equipo de trabajo en los testigos de pauta de la misma plataforma comenzaron a circular el 24 de enero.<\/p>\n\n\n\n<p class=\"wp-block-paragraph\">Gavi\u00f1o, refiri\u00f3 que hay dos principales anunciantes bajo dicho dominio que han pagado 1 mill\u00f3n 545 mil 975 pesos y 269 mil 997 pesos, para un total de 1 mill\u00f3n 815 mil 972 pesos.<\/p>\n\n\n\n<p class=\"wp-block-paragraph\">Advirti\u00f3 que este tipo de campa\u00f1as son un atentado contra la democracia al valerse de \u201cvideos que mediante la desinformaci\u00f3n tienen como objetivo manipular la opini\u00f3n de las y los mexicanos\u201d, por que consider\u00f3 este asunto deb\u00eda ser motivo de investigaci\u00f3n por parte de las autoridades electorales.<\/p>\n\n\n\n<p class=\"wp-block-paragraph\">Lo m\u00e1s grave, dijo es que provenga de un ex funcionario de la alcald\u00eda Benito Ju\u00e1rez donde trabaj\u00f3 con el actual candidato a la jefatura de gobierno y la principal pregunta que dijo aqu\u00ed habr\u00e1 que hacer es \u201cde d\u00f3nde sale el dinero\u201d, al advertir que el sueldo que como JUD de Producci\u00f3n Audiovisual percib\u00eda M\u00e9ndez Pe\u00f1a en la alcald\u00eda, de 30 mil pesos mensuales, dif\u00edcilmente le permitir\u00edan por s\u00ed mismo pagar esa campa\u00f1a.<\/p>\n","protected":false},"excerpt":{"rendered":"<p>El diputado de la asociaci\u00f3n parlamentaria Izquierda Liberal en el Congreso capitalino, Jorge Gavi\u00f1o Ambriz, denunci\u00f3 una estrategia de \u201cguerra sucia\u201d contra la Cuarta Transformaci\u00f3n que realiza un ex colaborador del candidato a la jefatura de gobierno de la coalici\u00f3n Va por la CDMX, PAN, PRI y PRD, Santiago Taboada Por: Agencias&nbsp; Ciudad de M\u00e9xico; [&hellip;]<\/p>\n","protected":false},"author":2,"featured_media":0,"comment_status":"open","ping_status":"open","sticky":false,"template":"","format":"standard","meta":{"footnotes":""},"categories":[12,4],"tags":[],"class_list":["post-10197","post","type-post","status-publish","format-standard","category-nacional","category-principal"],"yoast_head":"<!-- This site is optimized with the Yoast SEO plugin v28.3 - https:\/\/yoast.com\/product\/yoast-seo-wordpress\/ -->\n<title>\u201cGuerra sucia\u201d contra La 4 transformaci\u00f3n exhibida en ma\u00f1anera - Peri\u00f3dico Realidades<\/title>\n<meta name=\"robots\" content=\"index, follow, max-snippet:-1, max-image-preview:large, max-video-preview:-1\" \/>\n<link rel=\"canonical\" href=\"https:\/\/periodicorealidades.com\/index.php\/2024\/02\/20\/guerra-sucia-contra-la-4-transformacion-exhibida-en-mananera\/\" \/>\n<meta property=\"og:locale\" content=\"es_MX\" \/>\n<meta property=\"og:type\" content=\"article\" \/>\n<meta property=\"og:title\" content=\"\u201cGuerra sucia\u201d contra La 4 transformaci\u00f3n exhibida en ma\u00f1anera - Peri\u00f3dico Realidades\" \/>\n<meta property=\"og:description\" content=\"El diputado de la asociaci\u00f3n parlamentaria Izquierda Liberal en el Congreso capitalino, Jorge Gavi\u00f1o Ambriz, denunci\u00f3 una estrategia de \u201cguerra sucia\u201d contra la Cuarta Transformaci\u00f3n que realiza un ex colaborador del candidato a la jefatura de gobierno de la coalici\u00f3n Va por la CDMX, PAN, PRI y PRD, Santiago Taboada Por: Agencias&nbsp; Ciudad de M\u00e9xico; [&hellip;]\" \/>\n<meta property=\"og:url\" content=\"https:\/\/periodicorealidades.com\/index.php\/2024\/02\/20\/guerra-sucia-contra-la-4-transformacion-exhibida-en-mananera\/\" \/>\n<meta property=\"og:site_name\" content=\"Peri\u00f3dico Realidades\" \/>\n<meta property=\"article:publisher\" content=\"https:\/\/www.facebook.com\/periodicorealidades.denayarit?mibextid=LQQJ4d\" \/>\n<meta property=\"article:published_time\" content=\"2024-02-21T05:32:41+00:00\" \/>\n<meta property=\"article:modified_time\" content=\"2024-02-21T05:32:42+00:00\" \/>\n<meta property=\"og:image\" content=\"https:\/\/periodicorealidades.com\/wp-content\/uploads\/2024\/02\/jorge-gavino.jpg\" \/>\n\t<meta property=\"og:image:width\" content=\"960\" \/>\n\t<meta property=\"og:image:height\" content=\"540\" \/>\n\t<meta property=\"og:image:type\" content=\"image\/jpeg\" \/>\n<meta name=\"author\" content=\"editor\" \/>\n<meta name=\"twitter:card\" content=\"summary_large_image\" \/>\n<meta name=\"twitter:label1\" content=\"Escrito por\" \/>\n\t<meta name=\"twitter:data1\" content=\"editor\" \/>\n\t<meta name=\"twitter:label2\" content=\"Tiempo de lectura\" \/>\n\t<meta name=\"twitter:data2\" content=\"2 minutos\" \/>\n<script type=\"application\/ld+json\" class=\"yoast-schema-graph\">{\"@context\":\"https:\\\/\\\/schema.org\",\"@graph\":[{\"@type\":\"Article\",\"@id\":\"https:\\\/\\\/periodicorealidades.com\\\/index.php\\\/2024\\\/02\\\/20\\\/guerra-sucia-contra-la-4-transformacion-exhibida-en-mananera\\\/#article\",\"isPartOf\":{\"@id\":\"https:\\\/\\\/periodicorealidades.com\\\/index.php\\\/2024\\\/02\\\/20\\\/guerra-sucia-contra-la-4-transformacion-exhibida-en-mananera\\\/\"},\"author\":{\"name\":\"editor\",\"@id\":\"https:\\\/\\\/periodicorealidades.com\\\/#\\\/schema\\\/person\\\/c27da34ee13acaec3162071a3e1c7832\"},\"headline\":\"\u201cGuerra sucia\u201d contra La 4 transformaci\u00f3n exhibida en ma\u00f1anera\",\"datePublished\":\"2024-02-21T05:32:41+00:00\",\"dateModified\":\"2024-02-21T05:32:42+00:00\",\"mainEntityOfPage\":{\"@id\":\"https:\\\/\\\/periodicorealidades.com\\\/index.php\\\/2024\\\/02\\\/20\\\/guerra-sucia-contra-la-4-transformacion-exhibida-en-mananera\\\/\"},\"wordCount\":418,\"commentCount\":0,\"publisher\":{\"@id\":\"https:\\\/\\\/periodicorealidades.com\\\/#organization\"},\"articleSection\":[\"Nacional\",\"Principal\"],\"inLanguage\":\"es\",\"potentialAction\":[{\"@type\":\"CommentAction\",\"name\":\"Comment\",\"target\":[\"https:\\\/\\\/periodicorealidades.com\\\/index.php\\\/2024\\\/02\\\/20\\\/guerra-sucia-contra-la-4-transformacion-exhibida-en-mananera\\\/#respond\"]}]},{\"@type\":\"WebPage\",\"@id\":\"https:\\\/\\\/periodicorealidades.com\\\/index.php\\\/2024\\\/02\\\/20\\\/guerra-sucia-contra-la-4-transformacion-exhibida-en-mananera\\\/\",\"url\":\"https:\\\/\\\/periodicorealidades.com\\\/index.php\\\/2024\\\/02\\\/20\\\/guerra-sucia-contra-la-4-transformacion-exhibida-en-mananera\\\/\",\"name\":\"\u201cGuerra sucia\u201d contra La 4 transformaci\u00f3n exhibida en ma\u00f1anera - Peri\u00f3dico Realidades\",\"isPartOf\":{\"@id\":\"https:\\\/\\\/periodicorealidades.com\\\/#website\"},\"datePublished\":\"2024-02-21T05:32:41+00:00\",\"dateModified\":\"2024-02-21T05:32:42+00:00\",\"breadcrumb\":{\"@id\":\"https:\\\/\\\/periodicorealidades.com\\\/index.php\\\/2024\\\/02\\\/20\\\/guerra-sucia-contra-la-4-transformacion-exhibida-en-mananera\\\/#breadcrumb\"},\"inLanguage\":\"es\",\"potentialAction\":[{\"@type\":\"ReadAction\",\"target\":[\"https:\\\/\\\/periodicorealidades.com\\\/index.php\\\/2024\\\/02\\\/20\\\/guerra-sucia-contra-la-4-transformacion-exhibida-en-mananera\\\/\"]}]},{\"@type\":\"BreadcrumbList\",\"@id\":\"https:\\\/\\\/periodicorealidades.com\\\/index.php\\\/2024\\\/02\\\/20\\\/guerra-sucia-contra-la-4-transformacion-exhibida-en-mananera\\\/#breadcrumb\",\"itemListElement\":[{\"@type\":\"ListItem\",\"position\":1,\"name\":\"Inicio\",\"item\":\"https:\\\/\\\/periodicorealidades.com\\\/\"},{\"@type\":\"ListItem\",\"position\":2,\"name\":\"\u201cGuerra sucia\u201d contra La 4 transformaci\u00f3n exhibida en ma\u00f1anera\"}]},{\"@type\":\"WebSite\",\"@id\":\"https:\\\/\\\/periodicorealidades.com\\\/#website\",\"url\":\"https:\\\/\\\/periodicorealidades.com\\\/\",\"name\":\"Peri\u00f3dico Realidades\",\"description\":\"M\u00e9dio de comunicaci\u00f3n en Nayarit\",\"publisher\":{\"@id\":\"https:\\\/\\\/periodicorealidades.com\\\/#organization\"},\"potentialAction\":[{\"@type\":\"SearchAction\",\"target\":{\"@type\":\"EntryPoint\",\"urlTemplate\":\"https:\\\/\\\/periodicorealidades.com\\\/?s={search_term_string}\"},\"query-input\":{\"@type\":\"PropertyValueSpecification\",\"valueRequired\":true,\"valueName\":\"search_term_string\"}}],\"inLanguage\":\"es\"},{\"@type\":\"Organization\",\"@id\":\"https:\\\/\\\/periodicorealidades.com\\\/#organization\",\"name\":\"Peri\u00f3dico Realidades\",\"url\":\"https:\\\/\\\/periodicorealidades.com\\\/\",\"logo\":{\"@type\":\"ImageObject\",\"inLanguage\":\"es\",\"@id\":\"https:\\\/\\\/periodicorealidades.com\\\/#\\\/schema\\\/logo\\\/image\\\/\",\"url\":\"https:\\\/\\\/periodicorealidades.com\\\/wp-content\\\/uploads\\\/2023\\\/05\\\/r-prueba.png\",\"contentUrl\":\"https:\\\/\\\/periodicorealidades.com\\\/wp-content\\\/uploads\\\/2023\\\/05\\\/r-prueba.png\",\"width\":709,\"height\":709,\"caption\":\"Peri\u00f3dico Realidades\"},\"image\":{\"@id\":\"https:\\\/\\\/periodicorealidades.com\\\/#\\\/schema\\\/logo\\\/image\\\/\"},\"sameAs\":[\"https:\\\/\\\/www.facebook.com\\\/periodicorealidades.denayarit?mibextid=LQQJ4d\"]},{\"@type\":\"Person\",\"@id\":\"https:\\\/\\\/periodicorealidades.com\\\/#\\\/schema\\\/person\\\/c27da34ee13acaec3162071a3e1c7832\",\"name\":\"editor\",\"image\":{\"@type\":\"ImageObject\",\"inLanguage\":\"es\",\"@id\":\"https:\\\/\\\/secure.gravatar.com\\\/avatar\\\/dda3c3f59ea25f4b53cd53df977b0b2628039b17268e57c944a79a00e8a56e26?s=96&d=mm&r=g\",\"url\":\"https:\\\/\\\/secure.gravatar.com\\\/avatar\\\/dda3c3f59ea25f4b53cd53df977b0b2628039b17268e57c944a79a00e8a56e26?s=96&d=mm&r=g\",\"contentUrl\":\"https:\\\/\\\/secure.gravatar.com\\\/avatar\\\/dda3c3f59ea25f4b53cd53df977b0b2628039b17268e57c944a79a00e8a56e26?s=96&d=mm&r=g\",\"caption\":\"editor\"},\"url\":\"https:\\\/\\\/periodicorealidades.com\\\/index.php\\\/author\\\/editor\\\/\"}]}<\/script>\n<!-- \/ Yoast SEO plugin. -->","yoast_head_json":{"title":"\u201cGuerra sucia\u201d contra La 4 transformaci\u00f3n exhibida en ma\u00f1anera - Peri\u00f3dico Realidades","robots":{"index":"index","follow":"follow","max-snippet":"max-snippet:-1","max-image-preview":"max-image-preview:large","max-video-preview":"max-video-preview:-1"},"canonical":"https:\/\/periodicorealidades.com\/index.php\/2024\/02\/20\/guerra-sucia-contra-la-4-transformacion-exhibida-en-mananera\/","og_locale":"es_MX","og_type":"article","og_title":"\u201cGuerra sucia\u201d contra La 4 transformaci\u00f3n exhibida en ma\u00f1anera - Peri\u00f3dico Realidades","og_description":"El diputado de la asociaci\u00f3n parlamentaria Izquierda Liberal en el Congreso capitalino, Jorge Gavi\u00f1o Ambriz, denunci\u00f3 una estrategia de \u201cguerra sucia\u201d contra la Cuarta Transformaci\u00f3n que realiza un ex colaborador del candidato a la jefatura de gobierno de la coalici\u00f3n Va por la CDMX, PAN, PRI y PRD, Santiago Taboada Por: Agencias&nbsp; Ciudad de M\u00e9xico; [&hellip;]","og_url":"https:\/\/periodicorealidades.com\/index.php\/2024\/02\/20\/guerra-sucia-contra-la-4-transformacion-exhibida-en-mananera\/","og_site_name":"Peri\u00f3dico Realidades","article_publisher":"https:\/\/www.facebook.com\/periodicorealidades.denayarit?mibextid=LQQJ4d","article_published_time":"2024-02-21T05:32:41+00:00","article_modified_time":"2024-02-21T05:32:42+00:00","og_image":[{"width":960,"height":540,"url":"https:\/\/periodicorealidades.com\/wp-content\/uploads\/2024\/02\/jorge-gavino.jpg","type":"image\/jpeg"}],"author":"editor","twitter_card":"summary_large_image","twitter_misc":{"Escrito por":"editor","Tiempo de lectura":"2 minutos"},"schema":{"@context":"https:\/\/schema.org","@graph":[{"@type":"Article","@id":"https:\/\/periodicorealidades.com\/index.php\/2024\/02\/20\/guerra-sucia-contra-la-4-transformacion-exhibida-en-mananera\/#article","isPartOf":{"@id":"https:\/\/periodicorealidades.com\/index.php\/2024\/02\/20\/guerra-sucia-contra-la-4-transformacion-exhibida-en-mananera\/"},"author":{"name":"editor","@id":"https:\/\/periodicorealidades.com\/#\/schema\/person\/c27da34ee13acaec3162071a3e1c7832"},"headline":"\u201cGuerra sucia\u201d contra La 4 transformaci\u00f3n exhibida en ma\u00f1anera","datePublished":"2024-02-21T05:32:41+00:00","dateModified":"2024-02-21T05:32:42+00:00","mainEntityOfPage":{"@id":"https:\/\/periodicorealidades.com\/index.php\/2024\/02\/20\/guerra-sucia-contra-la-4-transformacion-exhibida-en-mananera\/"},"wordCount":418,"commentCount":0,"publisher":{"@id":"https:\/\/periodicorealidades.com\/#organization"},"articleSection":["Nacional","Principal"],"inLanguage":"es","potentialAction":[{"@type":"CommentAction","name":"Comment","target":["https:\/\/periodicorealidades.com\/index.php\/2024\/02\/20\/guerra-sucia-contra-la-4-transformacion-exhibida-en-mananera\/#respond"]}]},{"@type":"WebPage","@id":"https:\/\/periodicorealidades.com\/index.php\/2024\/02\/20\/guerra-sucia-contra-la-4-transformacion-exhibida-en-mananera\/","url":"https:\/\/periodicorealidades.com\/index.php\/2024\/02\/20\/guerra-sucia-contra-la-4-transformacion-exhibida-en-mananera\/","name":"\u201cGuerra sucia\u201d contra La 4 transformaci\u00f3n exhibida en ma\u00f1anera - Peri\u00f3dico Realidades","isPartOf":{"@id":"https:\/\/periodicorealidades.com\/#website"},"datePublished":"2024-02-21T05:32:41+00:00","dateModified":"2024-02-21T05:32:42+00:00","breadcrumb":{"@id":"https:\/\/periodicorealidades.com\/index.php\/2024\/02\/20\/guerra-sucia-contra-la-4-transformacion-exhibida-en-mananera\/#breadcrumb"},"inLanguage":"es","potentialAction":[{"@type":"ReadAction","target":["https:\/\/periodicorealidades.com\/index.php\/2024\/02\/20\/guerra-sucia-contra-la-4-transformacion-exhibida-en-mananera\/"]}]},{"@type":"BreadcrumbList","@id":"https:\/\/periodicorealidades.com\/index.php\/2024\/02\/20\/guerra-sucia-contra-la-4-transformacion-exhibida-en-mananera\/#breadcrumb","itemListElement":[{"@type":"ListItem","position":1,"name":"Inicio","item":"https:\/\/periodicorealidades.com\/"},{"@type":"ListItem","position":2,"name":"\u201cGuerra sucia\u201d contra La 4 transformaci\u00f3n exhibida en ma\u00f1anera"}]},{"@type":"WebSite","@id":"https:\/\/periodicorealidades.com\/#website","url":"https:\/\/periodicorealidades.com\/","name":"Peri\u00f3dico Realidades","description":"M\u00e9dio de comunicaci\u00f3n en Nayarit","publisher":{"@id":"https:\/\/periodicorealidades.com\/#organization"},"potentialAction":[{"@type":"SearchAction","target":{"@type":"EntryPoint","urlTemplate":"https:\/\/periodicorealidades.com\/?s={search_term_string}"},"query-input":{"@type":"PropertyValueSpecification","valueRequired":true,"valueName":"search_term_string"}}],"inLanguage":"es"},{"@type":"Organization","@id":"https:\/\/periodicorealidades.com\/#organization","name":"Peri\u00f3dico Realidades","url":"https:\/\/periodicorealidades.com\/","logo":{"@type":"ImageObject","inLanguage":"es","@id":"https:\/\/periodicorealidades.com\/#\/schema\/logo\/image\/","url":"https:\/\/periodicorealidades.com\/wp-content\/uploads\/2023\/05\/r-prueba.png","contentUrl":"https:\/\/periodicorealidades.com\/wp-content\/uploads\/2023\/05\/r-prueba.png","width":709,"height":709,"caption":"Peri\u00f3dico Realidades"},"image":{"@id":"https:\/\/periodicorealidades.com\/#\/schema\/logo\/image\/"},"sameAs":["https:\/\/www.facebook.com\/periodicorealidades.denayarit?mibextid=LQQJ4d"]},{"@type":"Person","@id":"https:\/\/periodicorealidades.com\/#\/schema\/person\/c27da34ee13acaec3162071a3e1c7832","name":"editor","image":{"@type":"ImageObject","inLanguage":"es","@id":"https:\/\/secure.gravatar.com\/avatar\/dda3c3f59ea25f4b53cd53df977b0b2628039b17268e57c944a79a00e8a56e26?s=96&d=mm&r=g","url":"https:\/\/secure.gravatar.com\/avatar\/dda3c3f59ea25f4b53cd53df977b0b2628039b17268e57c944a79a00e8a56e26?s=96&d=mm&r=g","contentUrl":"https:\/\/secure.gravatar.com\/avatar\/dda3c3f59ea25f4b53cd53df977b0b2628039b17268e57c944a79a00e8a56e26?s=96&d=mm&r=g","caption":"editor"},"url":"https:\/\/periodicorealidades.com\/index.php\/author\/editor\/"}]}},"_links":{"self":[{"href":"https:\/\/periodicorealidades.com\/index.php\/wp-json\/wp\/v2\/posts\/10197","targetHints":{"allow":["GET"]}}],"collection":[{"href":"https:\/\/periodicorealidades.com\/index.php\/wp-json\/wp\/v2\/posts"}],"about":[{"href":"https:\/\/periodicorealidades.com\/index.php\/wp-json\/wp\/v2\/types\/post"}],"author":[{"embeddable":true,"href":"https:\/\/periodicorealidades.com\/index.php\/wp-json\/wp\/v2\/users\/2"}],"replies":[{"embeddable":true,"href":"https:\/\/periodicorealidades.com\/index.php\/wp-json\/wp\/v2\/comments?post=10197"}],"version-history":[{"count":0,"href":"https:\/\/periodicorealidades.com\/index.php\/wp-json\/wp\/v2\/posts\/10197\/revisions"}],"wp:attachment":[{"href":"https:\/\/periodicorealidades.com\/index.php\/wp-json\/wp\/v2\/media?parent=10197"}],"wp:term":[{"taxonomy":"category","embeddable":true,"href":"https:\/\/periodicorealidades.com\/index.php\/wp-json\/wp\/v2\/categories?post=10197"},{"taxonomy":"post_tag","embeddable":true,"href":"https:\/\/periodicorealidades.com\/index.php\/wp-json\/wp\/v2\/tags?post=10197"}],"curies":[{"name":"wp","href":"https:\/\/api.w.org\/{rel}","templated":true}]}}