{"id":15121,"date":"2024-04-22T21:40:40","date_gmt":"2024-04-23T04:40:40","guid":{"rendered":"https:\/\/periodicorealidades.com\/?p=15121"},"modified":"2024-04-22T21:40:41","modified_gmt":"2024-04-23T04:40:41","slug":"galvez-pide-a-amlo-indagar-al-crimen-en-chiapas-tras-video-de-sheinbaum","status":"publish","type":"post","link":"https:\/\/periodicorealidades.com\/index.php\/2024\/04\/22\/galvez-pide-a-amlo-indagar-al-crimen-en-chiapas-tras-video-de-sheinbaum\/","title":{"rendered":"G\u00e1lvez pide a AMLO indagar al crimen en Chiapas tras video de Sheinbaum"},"content":{"rendered":"\n<p class=\"wp-block-paragraph\">La candidata presidencial opositora X\u00f3chitl G\u00e1lvez pidi\u00f3 al presidente mexicano, Andr\u00e9s Manuel L\u00f3pez Obrador, indagar la presencia del crimen organizado en Chiapas, estado del sur, tras el video en el que encapuchados interceptan a la aspirante oficialista, Claudia Sheinbaum.<\/p>\n\n\n\n<p class=\"wp-block-paragraph\">Tras la presentaci\u00f3n de su Programa de Infraestructura, en la Ciudad de M\u00e9xico, la senadora con licencia critic\u00f3 al mandatario mexicano por haber se\u00f1alado durante su conferencia de prensa que lo ocurrido a Sheinbaum el domingo se trataba de un &#8220;montaje&#8221; de la oposici\u00f3n y de la prensa cr\u00edtica.<\/p>\n\n\n\n<p class=\"wp-block-paragraph\">&#8220;Yo dir\u00eda que el presidente tiene que investigar m\u00e1s que culpar a<\/p>\n\n\n\n<p class=\"wp-block-paragraph\">Latinus (el medio que difundi\u00f3 el encuentro), pues todo el mundo que pas\u00f3 vio esos retenes (de los presuntos criminales)&#8221;, se\u00f1al\u00f3 la representante de la coalici\u00f3n Fuerza y Coraz\u00f3n por M\u00e9xico.<\/p>\n\n\n\n<p class=\"wp-block-paragraph\">La opositora se refiri\u00f3 as\u00ed a las declaraciones que realiz\u00f3 por la ma\u00f1ana el gobernante mexicano, quien denunci\u00f3 que fue un<\/p>\n\n\n\n<p class=\"wp-block-paragraph\">&#8220;montaje&#8221; de la oposici\u00f3n el que presuntos miembros encapuchados de un grupo de autodefensas hayan interceptado a Sheinbaum, la candidata de su partido, en la frontera sur.<\/p>\n\n\n\n<p class=\"wp-block-paragraph\">Las im\u00e1genes de Sheinbaum se viralizaron porque Chiapas, en la frontera sur de M\u00e9xico, padece una ola del crimen organizado, y en el video un grupo de encapuchados la intercept\u00f3 mientras transitaba en su veh\u00edculo por el municipio de Motozintla, donde le pidieron que &#8220;no se olvide&#8221; de la frontera y de la sierra.<\/p>\n\n\n\n<p class=\"wp-block-paragraph\">Al respecto, L\u00f3pez Obrador afirm\u00f3 que &#8220;s\u00ed, es muy probable que sea un montaje, muy probable, porque (esta) encapuchado, y si alguien tiene una denuncia \u00bfPara qu\u00e9 se va a encapuchar?&#8221;<\/p>\n\n\n\n<p class=\"wp-block-paragraph\">G\u00e1lvez, quien ocupa el segundo lugar en las encuestas hacia las elecciones del 2 junio, afirm\u00f3 que este tipo de retenes los enfrentan todos los d\u00edas los habitantes de la regi\u00f3n ante la presencia de grupos delictivos que se disputan las plazas para tener el mayor control de la regi\u00f3n para realizar sus actividades.<\/p>\n\n\n\n<p class=\"wp-block-paragraph\">&#8220;Hay grupos armados, hay c\u00e1rteles de la droga, hay tr\u00e1fico de personas en esa regi\u00f3n, es una zona de paso. Se habla de que hay dos c\u00e1rteles enfrent\u00e1ndose y por eso la violencia en la que est\u00e1 Chiapas&#8221;, sostuvo.<\/p>\n\n\n\n<p class=\"wp-block-paragraph\">Y asever\u00f3 que si Sheinbaum no sabe lo que est\u00e1 pasando en esa zona es &#8220;porque est\u00e1 muy mal informada&#8221;<\/p>\n\n\n\n<p class=\"wp-block-paragraph\">Sheinbaum visit\u00f3 este fin de semana Chiapas, estado donde los pueblos ind\u00edgenas han denunciado un &#8220;clima de guerra&#8221; por las disputas de los c\u00e1rteles.<\/p>\n\n\n\n<p class=\"wp-block-paragraph\">Apenas este s\u00e1bado, la Embajada de Estados Unidos en M\u00e9xico emiti\u00f3 una alerta de viaje &#8220;debido a la creciente violencia y preocupaciones de seguridad en Chiapas&#8221;.<\/p>\n\n\n\n<p class=\"wp-block-paragraph\">Apenas este s\u00e1bado, la Embajada de Estados Unidos en M\u00e9xico emiti\u00f3 una alerta de viaje &#8220;debido a la creciente violencia y preocupaciones de seguridad en Chiapas&#8221;<\/p>\n\n\n\n<p class=\"wp-block-paragraph\">Denuncia falta de inversi\u00f3n en infraestructura<\/p>\n\n\n\n<p class=\"wp-block-paragraph\">G\u00e1lvez denunci\u00f3 que la inversi\u00f3n en infraestructura cay\u00f3 un 30 por ciento en el Gobierno de Andr\u00e9s Manuel L\u00f3pez Obrador frente a sexenios anteriores pese a &#8220;los caprichos&#8221; del presidente, como el Tren Maya y la nueva refiner\u00eda Dos Bocas.<\/p>\n\n\n\n<p class=\"wp-block-paragraph\">La aspirante de la coalici\u00f3n Frente y Coraz\u00f3n por M\u00e9xico sostuvo que el gasto en infraestructura pas\u00f3 de un promedio anual del 4 por ciento del producto interior bruto (PIB) a uno del 2 por ciento, aunque el Banco Mundial &#8220;recomienda destinar al menos el 4.5 por ciento&#8221;.<\/p>\n\n\n\n<p class=\"wp-block-paragraph\">&#8220;La Administraci\u00f3n actual invierte en infraestructura una d\u00e9cima parte de lo que invierten pa\u00edses como Belice y Bolivia y 70 por ciento menos de lo que se invierte en Am\u00e9rica Latina&#8221;, detall\u00f3 la exsenadora durante un evento con empresarios en el Centro<\/p>\n\n\n\n<p class=\"wp-block-paragraph\">Asturiano en Ciudad de M\u00e9xico.<\/p>\n\n\n\n<p class=\"wp-block-paragraph\">G\u00e1lvez tach\u00f3 de &#8220;caprichos&#8221; de L\u00f3pez Obrador las megaobras que construy\u00f3 este Gobierno, como el Aeropuerto Internacional Felipe Angeles (AIFA) para la capital mexicana, y el Tren Maya y la refiner\u00eda Dos Bocas en el sureste del pa\u00eds.<\/p>\n\n\n\n<p class=\"wp-block-paragraph\">Con informaci\u00f3n de EFE<\/p>\n","protected":false},"excerpt":{"rendered":"<p>La candidata presidencial opositora X\u00f3chitl G\u00e1lvez pidi\u00f3 al presidente mexicano, Andr\u00e9s Manuel L\u00f3pez Obrador, indagar la presencia del crimen organizado en Chiapas, estado del sur, tras el video en el que encapuchados interceptan a la aspirante oficialista, Claudia Sheinbaum. Tras la presentaci\u00f3n de su Programa de Infraestructura, en la Ciudad de M\u00e9xico, la senadora con [&hellip;]<\/p>\n","protected":false},"author":3,"featured_media":0,"comment_status":"open","ping_status":"open","sticky":false,"template":"","format":"standard","meta":{"footnotes":""},"categories":[12],"tags":[],"class_list":["post-15121","post","type-post","status-publish","format-standard","category-nacional"],"yoast_head":"<!-- This site is optimized with the Yoast SEO plugin v28.3 - https:\/\/yoast.com\/product\/yoast-seo-wordpress\/ -->\n<title>G\u00e1lvez pide a AMLO indagar al crimen en Chiapas tras video de Sheinbaum - Peri\u00f3dico Realidades<\/title>\n<meta name=\"robots\" content=\"index, follow, max-snippet:-1, max-image-preview:large, max-video-preview:-1\" \/>\n<link rel=\"canonical\" href=\"https:\/\/periodicorealidades.com\/index.php\/2024\/04\/22\/galvez-pide-a-amlo-indagar-al-crimen-en-chiapas-tras-video-de-sheinbaum\/\" \/>\n<meta property=\"og:locale\" content=\"es_MX\" \/>\n<meta property=\"og:type\" content=\"article\" \/>\n<meta property=\"og:title\" content=\"G\u00e1lvez pide a AMLO indagar al crimen en Chiapas tras video de Sheinbaum - Peri\u00f3dico Realidades\" \/>\n<meta property=\"og:description\" content=\"La candidata presidencial opositora X\u00f3chitl G\u00e1lvez pidi\u00f3 al presidente mexicano, Andr\u00e9s Manuel L\u00f3pez Obrador, indagar la presencia del crimen organizado en Chiapas, estado del sur, tras el video en el que encapuchados interceptan a la aspirante oficialista, Claudia Sheinbaum. Tras la presentaci\u00f3n de su Programa de Infraestructura, en la Ciudad de M\u00e9xico, la senadora con [&hellip;]\" \/>\n<meta property=\"og:url\" content=\"https:\/\/periodicorealidades.com\/index.php\/2024\/04\/22\/galvez-pide-a-amlo-indagar-al-crimen-en-chiapas-tras-video-de-sheinbaum\/\" \/>\n<meta property=\"og:site_name\" content=\"Peri\u00f3dico Realidades\" \/>\n<meta property=\"article:publisher\" content=\"https:\/\/www.facebook.com\/periodicorealidades.denayarit?mibextid=LQQJ4d\" \/>\n<meta property=\"article:published_time\" content=\"2024-04-23T04:40:40+00:00\" \/>\n<meta property=\"article:modified_time\" content=\"2024-04-23T04:40:41+00:00\" \/>\n<meta property=\"og:image\" content=\"https:\/\/periodicorealidades.com\/wp-content\/uploads\/2024\/04\/9F643665-A396-4E0E-B015-4C1C403D2623.jpeg\" \/>\n\t<meta property=\"og:image:width\" content=\"1536\" \/>\n\t<meta property=\"og:image:height\" content=\"949\" \/>\n\t<meta property=\"og:image:type\" content=\"image\/jpeg\" \/>\n<meta name=\"author\" content=\"Aracely\" \/>\n<meta name=\"twitter:card\" content=\"summary_large_image\" \/>\n<meta name=\"twitter:label1\" content=\"Escrito por\" \/>\n\t<meta name=\"twitter:data1\" content=\"Aracely\" \/>\n\t<meta name=\"twitter:label2\" content=\"Tiempo de lectura\" \/>\n\t<meta name=\"twitter:data2\" content=\"4 minutos\" \/>\n<script type=\"application\/ld+json\" class=\"yoast-schema-graph\">{\"@context\":\"https:\\\/\\\/schema.org\",\"@graph\":[{\"@type\":\"Article\",\"@id\":\"https:\\\/\\\/periodicorealidades.com\\\/index.php\\\/2024\\\/04\\\/22\\\/galvez-pide-a-amlo-indagar-al-crimen-en-chiapas-tras-video-de-sheinbaum\\\/#article\",\"isPartOf\":{\"@id\":\"https:\\\/\\\/periodicorealidades.com\\\/index.php\\\/2024\\\/04\\\/22\\\/galvez-pide-a-amlo-indagar-al-crimen-en-chiapas-tras-video-de-sheinbaum\\\/\"},\"author\":{\"name\":\"Aracely\",\"@id\":\"https:\\\/\\\/periodicorealidades.com\\\/#\\\/schema\\\/person\\\/df6af7553a1189bf973891c9f268acf3\"},\"headline\":\"G\u00e1lvez pide a AMLO indagar al crimen en Chiapas tras video de Sheinbaum\",\"datePublished\":\"2024-04-23T04:40:40+00:00\",\"dateModified\":\"2024-04-23T04:40:41+00:00\",\"mainEntityOfPage\":{\"@id\":\"https:\\\/\\\/periodicorealidades.com\\\/index.php\\\/2024\\\/04\\\/22\\\/galvez-pide-a-amlo-indagar-al-crimen-en-chiapas-tras-video-de-sheinbaum\\\/\"},\"wordCount\":699,\"commentCount\":0,\"publisher\":{\"@id\":\"https:\\\/\\\/periodicorealidades.com\\\/#organization\"},\"articleSection\":[\"Nacional\"],\"inLanguage\":\"es\",\"potentialAction\":[{\"@type\":\"CommentAction\",\"name\":\"Comment\",\"target\":[\"https:\\\/\\\/periodicorealidades.com\\\/index.php\\\/2024\\\/04\\\/22\\\/galvez-pide-a-amlo-indagar-al-crimen-en-chiapas-tras-video-de-sheinbaum\\\/#respond\"]}]},{\"@type\":\"WebPage\",\"@id\":\"https:\\\/\\\/periodicorealidades.com\\\/index.php\\\/2024\\\/04\\\/22\\\/galvez-pide-a-amlo-indagar-al-crimen-en-chiapas-tras-video-de-sheinbaum\\\/\",\"url\":\"https:\\\/\\\/periodicorealidades.com\\\/index.php\\\/2024\\\/04\\\/22\\\/galvez-pide-a-amlo-indagar-al-crimen-en-chiapas-tras-video-de-sheinbaum\\\/\",\"name\":\"G\u00e1lvez pide a AMLO indagar al crimen en Chiapas tras video de Sheinbaum - Peri\u00f3dico Realidades\",\"isPartOf\":{\"@id\":\"https:\\\/\\\/periodicorealidades.com\\\/#website\"},\"datePublished\":\"2024-04-23T04:40:40+00:00\",\"dateModified\":\"2024-04-23T04:40:41+00:00\",\"breadcrumb\":{\"@id\":\"https:\\\/\\\/periodicorealidades.com\\\/index.php\\\/2024\\\/04\\\/22\\\/galvez-pide-a-amlo-indagar-al-crimen-en-chiapas-tras-video-de-sheinbaum\\\/#breadcrumb\"},\"inLanguage\":\"es\",\"potentialAction\":[{\"@type\":\"ReadAction\",\"target\":[\"https:\\\/\\\/periodicorealidades.com\\\/index.php\\\/2024\\\/04\\\/22\\\/galvez-pide-a-amlo-indagar-al-crimen-en-chiapas-tras-video-de-sheinbaum\\\/\"]}]},{\"@type\":\"BreadcrumbList\",\"@id\":\"https:\\\/\\\/periodicorealidades.com\\\/index.php\\\/2024\\\/04\\\/22\\\/galvez-pide-a-amlo-indagar-al-crimen-en-chiapas-tras-video-de-sheinbaum\\\/#breadcrumb\",\"itemListElement\":[{\"@type\":\"ListItem\",\"position\":1,\"name\":\"Inicio\",\"item\":\"https:\\\/\\\/periodicorealidades.com\\\/\"},{\"@type\":\"ListItem\",\"position\":2,\"name\":\"G\u00e1lvez pide a AMLO indagar al crimen en Chiapas tras video de Sheinbaum\"}]},{\"@type\":\"WebSite\",\"@id\":\"https:\\\/\\\/periodicorealidades.com\\\/#website\",\"url\":\"https:\\\/\\\/periodicorealidades.com\\\/\",\"name\":\"Peri\u00f3dico Realidades\",\"description\":\"M\u00e9dio de comunicaci\u00f3n en Nayarit\",\"publisher\":{\"@id\":\"https:\\\/\\\/periodicorealidades.com\\\/#organization\"},\"potentialAction\":[{\"@type\":\"SearchAction\",\"target\":{\"@type\":\"EntryPoint\",\"urlTemplate\":\"https:\\\/\\\/periodicorealidades.com\\\/?s={search_term_string}\"},\"query-input\":{\"@type\":\"PropertyValueSpecification\",\"valueRequired\":true,\"valueName\":\"search_term_string\"}}],\"inLanguage\":\"es\"},{\"@type\":\"Organization\",\"@id\":\"https:\\\/\\\/periodicorealidades.com\\\/#organization\",\"name\":\"Peri\u00f3dico Realidades\",\"url\":\"https:\\\/\\\/periodicorealidades.com\\\/\",\"logo\":{\"@type\":\"ImageObject\",\"inLanguage\":\"es\",\"@id\":\"https:\\\/\\\/periodicorealidades.com\\\/#\\\/schema\\\/logo\\\/image\\\/\",\"url\":\"https:\\\/\\\/periodicorealidades.com\\\/wp-content\\\/uploads\\\/2023\\\/05\\\/r-prueba.png\",\"contentUrl\":\"https:\\\/\\\/periodicorealidades.com\\\/wp-content\\\/uploads\\\/2023\\\/05\\\/r-prueba.png\",\"width\":709,\"height\":709,\"caption\":\"Peri\u00f3dico Realidades\"},\"image\":{\"@id\":\"https:\\\/\\\/periodicorealidades.com\\\/#\\\/schema\\\/logo\\\/image\\\/\"},\"sameAs\":[\"https:\\\/\\\/www.facebook.com\\\/periodicorealidades.denayarit?mibextid=LQQJ4d\"]},{\"@type\":\"Person\",\"@id\":\"https:\\\/\\\/periodicorealidades.com\\\/#\\\/schema\\\/person\\\/df6af7553a1189bf973891c9f268acf3\",\"name\":\"Aracely\",\"image\":{\"@type\":\"ImageObject\",\"inLanguage\":\"es\",\"@id\":\"https:\\\/\\\/secure.gravatar.com\\\/avatar\\\/9ee9d8e9d2e4a359c987c139b9cd012c6c076ea539e43d023be2af04cf533e91?s=96&d=mm&r=g\",\"url\":\"https:\\\/\\\/secure.gravatar.com\\\/avatar\\\/9ee9d8e9d2e4a359c987c139b9cd012c6c076ea539e43d023be2af04cf533e91?s=96&d=mm&r=g\",\"contentUrl\":\"https:\\\/\\\/secure.gravatar.com\\\/avatar\\\/9ee9d8e9d2e4a359c987c139b9cd012c6c076ea539e43d023be2af04cf533e91?s=96&d=mm&r=g\",\"caption\":\"Aracely\"},\"url\":\"https:\\\/\\\/periodicorealidades.com\\\/index.php\\\/author\\\/aracelyreali\\\/\"}]}<\/script>\n<!-- \/ Yoast SEO plugin. -->","yoast_head_json":{"title":"G\u00e1lvez pide a AMLO indagar al crimen en Chiapas tras video de Sheinbaum - Peri\u00f3dico Realidades","robots":{"index":"index","follow":"follow","max-snippet":"max-snippet:-1","max-image-preview":"max-image-preview:large","max-video-preview":"max-video-preview:-1"},"canonical":"https:\/\/periodicorealidades.com\/index.php\/2024\/04\/22\/galvez-pide-a-amlo-indagar-al-crimen-en-chiapas-tras-video-de-sheinbaum\/","og_locale":"es_MX","og_type":"article","og_title":"G\u00e1lvez pide a AMLO indagar al crimen en Chiapas tras video de Sheinbaum - Peri\u00f3dico Realidades","og_description":"La candidata presidencial opositora X\u00f3chitl G\u00e1lvez pidi\u00f3 al presidente mexicano, Andr\u00e9s Manuel L\u00f3pez Obrador, indagar la presencia del crimen organizado en Chiapas, estado del sur, tras el video en el que encapuchados interceptan a la aspirante oficialista, Claudia Sheinbaum. Tras la presentaci\u00f3n de su Programa de Infraestructura, en la Ciudad de M\u00e9xico, la senadora con [&hellip;]","og_url":"https:\/\/periodicorealidades.com\/index.php\/2024\/04\/22\/galvez-pide-a-amlo-indagar-al-crimen-en-chiapas-tras-video-de-sheinbaum\/","og_site_name":"Peri\u00f3dico Realidades","article_publisher":"https:\/\/www.facebook.com\/periodicorealidades.denayarit?mibextid=LQQJ4d","article_published_time":"2024-04-23T04:40:40+00:00","article_modified_time":"2024-04-23T04:40:41+00:00","og_image":[{"width":1536,"height":949,"url":"https:\/\/periodicorealidades.com\/wp-content\/uploads\/2024\/04\/9F643665-A396-4E0E-B015-4C1C403D2623.jpeg","type":"image\/jpeg"}],"author":"Aracely","twitter_card":"summary_large_image","twitter_misc":{"Escrito por":"Aracely","Tiempo de lectura":"4 minutos"},"schema":{"@context":"https:\/\/schema.org","@graph":[{"@type":"Article","@id":"https:\/\/periodicorealidades.com\/index.php\/2024\/04\/22\/galvez-pide-a-amlo-indagar-al-crimen-en-chiapas-tras-video-de-sheinbaum\/#article","isPartOf":{"@id":"https:\/\/periodicorealidades.com\/index.php\/2024\/04\/22\/galvez-pide-a-amlo-indagar-al-crimen-en-chiapas-tras-video-de-sheinbaum\/"},"author":{"name":"Aracely","@id":"https:\/\/periodicorealidades.com\/#\/schema\/person\/df6af7553a1189bf973891c9f268acf3"},"headline":"G\u00e1lvez pide a AMLO indagar al crimen en Chiapas tras video de Sheinbaum","datePublished":"2024-04-23T04:40:40+00:00","dateModified":"2024-04-23T04:40:41+00:00","mainEntityOfPage":{"@id":"https:\/\/periodicorealidades.com\/index.php\/2024\/04\/22\/galvez-pide-a-amlo-indagar-al-crimen-en-chiapas-tras-video-de-sheinbaum\/"},"wordCount":699,"commentCount":0,"publisher":{"@id":"https:\/\/periodicorealidades.com\/#organization"},"articleSection":["Nacional"],"inLanguage":"es","potentialAction":[{"@type":"CommentAction","name":"Comment","target":["https:\/\/periodicorealidades.com\/index.php\/2024\/04\/22\/galvez-pide-a-amlo-indagar-al-crimen-en-chiapas-tras-video-de-sheinbaum\/#respond"]}]},{"@type":"WebPage","@id":"https:\/\/periodicorealidades.com\/index.php\/2024\/04\/22\/galvez-pide-a-amlo-indagar-al-crimen-en-chiapas-tras-video-de-sheinbaum\/","url":"https:\/\/periodicorealidades.com\/index.php\/2024\/04\/22\/galvez-pide-a-amlo-indagar-al-crimen-en-chiapas-tras-video-de-sheinbaum\/","name":"G\u00e1lvez pide a AMLO indagar al crimen en Chiapas tras video de Sheinbaum - Peri\u00f3dico Realidades","isPartOf":{"@id":"https:\/\/periodicorealidades.com\/#website"},"datePublished":"2024-04-23T04:40:40+00:00","dateModified":"2024-04-23T04:40:41+00:00","breadcrumb":{"@id":"https:\/\/periodicorealidades.com\/index.php\/2024\/04\/22\/galvez-pide-a-amlo-indagar-al-crimen-en-chiapas-tras-video-de-sheinbaum\/#breadcrumb"},"inLanguage":"es","potentialAction":[{"@type":"ReadAction","target":["https:\/\/periodicorealidades.com\/index.php\/2024\/04\/22\/galvez-pide-a-amlo-indagar-al-crimen-en-chiapas-tras-video-de-sheinbaum\/"]}]},{"@type":"BreadcrumbList","@id":"https:\/\/periodicorealidades.com\/index.php\/2024\/04\/22\/galvez-pide-a-amlo-indagar-al-crimen-en-chiapas-tras-video-de-sheinbaum\/#breadcrumb","itemListElement":[{"@type":"ListItem","position":1,"name":"Inicio","item":"https:\/\/periodicorealidades.com\/"},{"@type":"ListItem","position":2,"name":"G\u00e1lvez pide a AMLO indagar al crimen en Chiapas tras video de Sheinbaum"}]},{"@type":"WebSite","@id":"https:\/\/periodicorealidades.com\/#website","url":"https:\/\/periodicorealidades.com\/","name":"Peri\u00f3dico Realidades","description":"M\u00e9dio de comunicaci\u00f3n en Nayarit","publisher":{"@id":"https:\/\/periodicorealidades.com\/#organization"},"potentialAction":[{"@type":"SearchAction","target":{"@type":"EntryPoint","urlTemplate":"https:\/\/periodicorealidades.com\/?s={search_term_string}"},"query-input":{"@type":"PropertyValueSpecification","valueRequired":true,"valueName":"search_term_string"}}],"inLanguage":"es"},{"@type":"Organization","@id":"https:\/\/periodicorealidades.com\/#organization","name":"Peri\u00f3dico Realidades","url":"https:\/\/periodicorealidades.com\/","logo":{"@type":"ImageObject","inLanguage":"es","@id":"https:\/\/periodicorealidades.com\/#\/schema\/logo\/image\/","url":"https:\/\/periodicorealidades.com\/wp-content\/uploads\/2023\/05\/r-prueba.png","contentUrl":"https:\/\/periodicorealidades.com\/wp-content\/uploads\/2023\/05\/r-prueba.png","width":709,"height":709,"caption":"Peri\u00f3dico Realidades"},"image":{"@id":"https:\/\/periodicorealidades.com\/#\/schema\/logo\/image\/"},"sameAs":["https:\/\/www.facebook.com\/periodicorealidades.denayarit?mibextid=LQQJ4d"]},{"@type":"Person","@id":"https:\/\/periodicorealidades.com\/#\/schema\/person\/df6af7553a1189bf973891c9f268acf3","name":"Aracely","image":{"@type":"ImageObject","inLanguage":"es","@id":"https:\/\/secure.gravatar.com\/avatar\/9ee9d8e9d2e4a359c987c139b9cd012c6c076ea539e43d023be2af04cf533e91?s=96&d=mm&r=g","url":"https:\/\/secure.gravatar.com\/avatar\/9ee9d8e9d2e4a359c987c139b9cd012c6c076ea539e43d023be2af04cf533e91?s=96&d=mm&r=g","contentUrl":"https:\/\/secure.gravatar.com\/avatar\/9ee9d8e9d2e4a359c987c139b9cd012c6c076ea539e43d023be2af04cf533e91?s=96&d=mm&r=g","caption":"Aracely"},"url":"https:\/\/periodicorealidades.com\/index.php\/author\/aracelyreali\/"}]}},"_links":{"self":[{"href":"https:\/\/periodicorealidades.com\/index.php\/wp-json\/wp\/v2\/posts\/15121","targetHints":{"allow":["GET"]}}],"collection":[{"href":"https:\/\/periodicorealidades.com\/index.php\/wp-json\/wp\/v2\/posts"}],"about":[{"href":"https:\/\/periodicorealidades.com\/index.php\/wp-json\/wp\/v2\/types\/post"}],"author":[{"embeddable":true,"href":"https:\/\/periodicorealidades.com\/index.php\/wp-json\/wp\/v2\/users\/3"}],"replies":[{"embeddable":true,"href":"https:\/\/periodicorealidades.com\/index.php\/wp-json\/wp\/v2\/comments?post=15121"}],"version-history":[{"count":0,"href":"https:\/\/periodicorealidades.com\/index.php\/wp-json\/wp\/v2\/posts\/15121\/revisions"}],"wp:attachment":[{"href":"https:\/\/periodicorealidades.com\/index.php\/wp-json\/wp\/v2\/media?parent=15121"}],"wp:term":[{"taxonomy":"category","embeddable":true,"href":"https:\/\/periodicorealidades.com\/index.php\/wp-json\/wp\/v2\/categories?post=15121"},{"taxonomy":"post_tag","embeddable":true,"href":"https:\/\/periodicorealidades.com\/index.php\/wp-json\/wp\/v2\/tags?post=15121"}],"curies":[{"name":"wp","href":"https:\/\/api.w.org\/{rel}","templated":true}]}}