{"id":15125,"date":"2024-04-22T21:47:32","date_gmt":"2024-04-23T04:47:32","guid":{"rendered":"https:\/\/periodicorealidades.com\/?p=15125"},"modified":"2024-04-22T21:47:33","modified_gmt":"2024-04-23T04:47:33","slug":"aprueba-la-camara-de-diputados-en-lo-general-la-reforma-de-pensiones","status":"publish","type":"post","link":"https:\/\/periodicorealidades.com\/index.php\/2024\/04\/22\/aprueba-la-camara-de-diputados-en-lo-general-la-reforma-de-pensiones\/","title":{"rendered":"Aprueba la C\u00e1mara de Diputados en lo general la reforma de pensiones"},"content":{"rendered":"\n<p class=\"wp-block-paragraph\">La C\u00e1mara de Diputados aprob\u00f3 en lo general el dictamen que reforma, adiciona y deroga diversas disposiciones de ordenamientos legales para la creaci\u00f3n del Fondo de Pensiones para el Bienestar.<\/p>\n\n\n\n<p class=\"wp-block-paragraph\">La minuta se aprob\u00f3 con 252 votos a favor, 212 en contra y 4 abstenciones.<\/p>\n\n\n\n<p class=\"wp-block-paragraph\">La pol\u00e9mica iniciativa que se discute en San L\u00e1zaro pretende crear el Fondo de Pensiones del Bienestar, una bolsa de 40 mil millones de pesos que busca que el Estado garantice el pago de jubilaciones con 100 por ciento del \u00faltimo sueldo.<\/p>\n\n\n\n<p class=\"wp-block-paragraph\">La oposici\u00f3n ha denunciado que la propuesta es un &#8220;saqueo&#8221; porque los recursos del fondo provendr\u00e1n de personas inactivas de m\u00e1s 70 a\u00f1os que han trabajado en la econom\u00eda formal en el sector privado del pa\u00eds, y de 75 a\u00f1os si han trabajado en el Gobierno, que no han reclamado su dinero de las afores.<\/p>\n\n\n\n<p class=\"wp-block-paragraph\">La reforma legal, que solo necesita una mayor\u00eda simple en el Congreso, busca que el Gobierno del presidnete Andr\u00e9s Manuel L\u00f3pez Obrador cree este fondo antes de consequir la reforma constitucional, que propuso el 5 de febrero y requiere dos tercios de los legisladores, para establecer como derecho una pensi\u00f3n del 100 por ciento al jubilarse.<\/p>\n\n\n\n<p class=\"wp-block-paragraph\">El presidente L\u00f3pez Obrador ha negado que vaya a &#8220;expropiar&#8221; las Afores, el sistema privado de pensiones que se cre\u00f3 en 1997 inspirado en el modelo chileno, al sostener que busca que las empresas que las administran no usen los recursos no reclamados para invertir en otros negocios.<\/p>\n\n\n\n<p class=\"wp-block-paragraph\">Con informaci\u00f3n de L\u00f3pez-D\u00f3riga Digital<\/p>\n","protected":false},"excerpt":{"rendered":"<p>La C\u00e1mara de Diputados aprob\u00f3 en lo general el dictamen que reforma, adiciona y deroga diversas disposiciones de ordenamientos legales para la creaci\u00f3n del Fondo de Pensiones para el Bienestar. La minuta se aprob\u00f3 con 252 votos a favor, 212 en contra y 4 abstenciones. La pol\u00e9mica iniciativa que se discute en San L\u00e1zaro pretende [&hellip;]<\/p>\n","protected":false},"author":3,"featured_media":0,"comment_status":"open","ping_status":"open","sticky":false,"template":"","format":"standard","meta":{"footnotes":""},"categories":[12],"tags":[],"class_list":["post-15125","post","type-post","status-publish","format-standard","category-nacional"],"yoast_head":"<!-- This site is optimized with the Yoast SEO plugin v28.3 - https:\/\/yoast.com\/product\/yoast-seo-wordpress\/ -->\n<title>Aprueba la C\u00e1mara de Diputados en lo general la reforma de pensiones - Peri\u00f3dico Realidades<\/title>\n<meta name=\"robots\" content=\"index, follow, max-snippet:-1, max-image-preview:large, max-video-preview:-1\" \/>\n<link rel=\"canonical\" href=\"https:\/\/periodicorealidades.com\/index.php\/2024\/04\/22\/aprueba-la-camara-de-diputados-en-lo-general-la-reforma-de-pensiones\/\" \/>\n<meta property=\"og:locale\" content=\"es_MX\" \/>\n<meta property=\"og:type\" content=\"article\" \/>\n<meta property=\"og:title\" content=\"Aprueba la C\u00e1mara de Diputados en lo general la reforma de pensiones - Peri\u00f3dico Realidades\" \/>\n<meta property=\"og:description\" content=\"La C\u00e1mara de Diputados aprob\u00f3 en lo general el dictamen que reforma, adiciona y deroga diversas disposiciones de ordenamientos legales para la creaci\u00f3n del Fondo de Pensiones para el Bienestar. La minuta se aprob\u00f3 con 252 votos a favor, 212 en contra y 4 abstenciones. La pol\u00e9mica iniciativa que se discute en San L\u00e1zaro pretende [&hellip;]\" \/>\n<meta property=\"og:url\" content=\"https:\/\/periodicorealidades.com\/index.php\/2024\/04\/22\/aprueba-la-camara-de-diputados-en-lo-general-la-reforma-de-pensiones\/\" \/>\n<meta property=\"og:site_name\" content=\"Peri\u00f3dico Realidades\" \/>\n<meta property=\"article:publisher\" content=\"https:\/\/www.facebook.com\/periodicorealidades.denayarit?mibextid=LQQJ4d\" \/>\n<meta property=\"article:published_time\" content=\"2024-04-23T04:47:32+00:00\" \/>\n<meta property=\"article:modified_time\" content=\"2024-04-23T04:47:33+00:00\" \/>\n<meta property=\"og:image\" content=\"https:\/\/periodicorealidades.com\/wp-content\/uploads\/2024\/04\/C2645407-A39B-46E1-A8A4-897A702AE615.jpeg\" \/>\n\t<meta property=\"og:image:width\" content=\"1536\" \/>\n\t<meta property=\"og:image:height\" content=\"1022\" \/>\n\t<meta property=\"og:image:type\" content=\"image\/jpeg\" \/>\n<meta name=\"author\" content=\"Aracely\" \/>\n<meta name=\"twitter:card\" content=\"summary_large_image\" \/>\n<meta name=\"twitter:label1\" content=\"Escrito por\" \/>\n\t<meta name=\"twitter:data1\" content=\"Aracely\" \/>\n\t<meta name=\"twitter:label2\" content=\"Tiempo de lectura\" \/>\n\t<meta name=\"twitter:data2\" content=\"2 minutos\" \/>\n<script type=\"application\/ld+json\" class=\"yoast-schema-graph\">{\"@context\":\"https:\\\/\\\/schema.org\",\"@graph\":[{\"@type\":\"Article\",\"@id\":\"https:\\\/\\\/periodicorealidades.com\\\/index.php\\\/2024\\\/04\\\/22\\\/aprueba-la-camara-de-diputados-en-lo-general-la-reforma-de-pensiones\\\/#article\",\"isPartOf\":{\"@id\":\"https:\\\/\\\/periodicorealidades.com\\\/index.php\\\/2024\\\/04\\\/22\\\/aprueba-la-camara-de-diputados-en-lo-general-la-reforma-de-pensiones\\\/\"},\"author\":{\"name\":\"Aracely\",\"@id\":\"https:\\\/\\\/periodicorealidades.com\\\/#\\\/schema\\\/person\\\/df6af7553a1189bf973891c9f268acf3\"},\"headline\":\"Aprueba la C\u00e1mara de Diputados en lo general la reforma de pensiones\",\"datePublished\":\"2024-04-23T04:47:32+00:00\",\"dateModified\":\"2024-04-23T04:47:33+00:00\",\"mainEntityOfPage\":{\"@id\":\"https:\\\/\\\/periodicorealidades.com\\\/index.php\\\/2024\\\/04\\\/22\\\/aprueba-la-camara-de-diputados-en-lo-general-la-reforma-de-pensiones\\\/\"},\"wordCount\":273,\"commentCount\":0,\"publisher\":{\"@id\":\"https:\\\/\\\/periodicorealidades.com\\\/#organization\"},\"articleSection\":[\"Nacional\"],\"inLanguage\":\"es\",\"potentialAction\":[{\"@type\":\"CommentAction\",\"name\":\"Comment\",\"target\":[\"https:\\\/\\\/periodicorealidades.com\\\/index.php\\\/2024\\\/04\\\/22\\\/aprueba-la-camara-de-diputados-en-lo-general-la-reforma-de-pensiones\\\/#respond\"]}]},{\"@type\":\"WebPage\",\"@id\":\"https:\\\/\\\/periodicorealidades.com\\\/index.php\\\/2024\\\/04\\\/22\\\/aprueba-la-camara-de-diputados-en-lo-general-la-reforma-de-pensiones\\\/\",\"url\":\"https:\\\/\\\/periodicorealidades.com\\\/index.php\\\/2024\\\/04\\\/22\\\/aprueba-la-camara-de-diputados-en-lo-general-la-reforma-de-pensiones\\\/\",\"name\":\"Aprueba la C\u00e1mara de Diputados en lo general la reforma de pensiones - Peri\u00f3dico Realidades\",\"isPartOf\":{\"@id\":\"https:\\\/\\\/periodicorealidades.com\\\/#website\"},\"datePublished\":\"2024-04-23T04:47:32+00:00\",\"dateModified\":\"2024-04-23T04:47:33+00:00\",\"breadcrumb\":{\"@id\":\"https:\\\/\\\/periodicorealidades.com\\\/index.php\\\/2024\\\/04\\\/22\\\/aprueba-la-camara-de-diputados-en-lo-general-la-reforma-de-pensiones\\\/#breadcrumb\"},\"inLanguage\":\"es\",\"potentialAction\":[{\"@type\":\"ReadAction\",\"target\":[\"https:\\\/\\\/periodicorealidades.com\\\/index.php\\\/2024\\\/04\\\/22\\\/aprueba-la-camara-de-diputados-en-lo-general-la-reforma-de-pensiones\\\/\"]}]},{\"@type\":\"BreadcrumbList\",\"@id\":\"https:\\\/\\\/periodicorealidades.com\\\/index.php\\\/2024\\\/04\\\/22\\\/aprueba-la-camara-de-diputados-en-lo-general-la-reforma-de-pensiones\\\/#breadcrumb\",\"itemListElement\":[{\"@type\":\"ListItem\",\"position\":1,\"name\":\"Inicio\",\"item\":\"https:\\\/\\\/periodicorealidades.com\\\/\"},{\"@type\":\"ListItem\",\"position\":2,\"name\":\"Aprueba la C\u00e1mara de Diputados en lo general la reforma de pensiones\"}]},{\"@type\":\"WebSite\",\"@id\":\"https:\\\/\\\/periodicorealidades.com\\\/#website\",\"url\":\"https:\\\/\\\/periodicorealidades.com\\\/\",\"name\":\"Peri\u00f3dico Realidades\",\"description\":\"M\u00e9dio de comunicaci\u00f3n en Nayarit\",\"publisher\":{\"@id\":\"https:\\\/\\\/periodicorealidades.com\\\/#organization\"},\"potentialAction\":[{\"@type\":\"SearchAction\",\"target\":{\"@type\":\"EntryPoint\",\"urlTemplate\":\"https:\\\/\\\/periodicorealidades.com\\\/?s={search_term_string}\"},\"query-input\":{\"@type\":\"PropertyValueSpecification\",\"valueRequired\":true,\"valueName\":\"search_term_string\"}}],\"inLanguage\":\"es\"},{\"@type\":\"Organization\",\"@id\":\"https:\\\/\\\/periodicorealidades.com\\\/#organization\",\"name\":\"Peri\u00f3dico Realidades\",\"url\":\"https:\\\/\\\/periodicorealidades.com\\\/\",\"logo\":{\"@type\":\"ImageObject\",\"inLanguage\":\"es\",\"@id\":\"https:\\\/\\\/periodicorealidades.com\\\/#\\\/schema\\\/logo\\\/image\\\/\",\"url\":\"https:\\\/\\\/periodicorealidades.com\\\/wp-content\\\/uploads\\\/2023\\\/05\\\/r-prueba.png\",\"contentUrl\":\"https:\\\/\\\/periodicorealidades.com\\\/wp-content\\\/uploads\\\/2023\\\/05\\\/r-prueba.png\",\"width\":709,\"height\":709,\"caption\":\"Peri\u00f3dico Realidades\"},\"image\":{\"@id\":\"https:\\\/\\\/periodicorealidades.com\\\/#\\\/schema\\\/logo\\\/image\\\/\"},\"sameAs\":[\"https:\\\/\\\/www.facebook.com\\\/periodicorealidades.denayarit?mibextid=LQQJ4d\"]},{\"@type\":\"Person\",\"@id\":\"https:\\\/\\\/periodicorealidades.com\\\/#\\\/schema\\\/person\\\/df6af7553a1189bf973891c9f268acf3\",\"name\":\"Aracely\",\"image\":{\"@type\":\"ImageObject\",\"inLanguage\":\"es\",\"@id\":\"https:\\\/\\\/secure.gravatar.com\\\/avatar\\\/9ee9d8e9d2e4a359c987c139b9cd012c6c076ea539e43d023be2af04cf533e91?s=96&d=mm&r=g\",\"url\":\"https:\\\/\\\/secure.gravatar.com\\\/avatar\\\/9ee9d8e9d2e4a359c987c139b9cd012c6c076ea539e43d023be2af04cf533e91?s=96&d=mm&r=g\",\"contentUrl\":\"https:\\\/\\\/secure.gravatar.com\\\/avatar\\\/9ee9d8e9d2e4a359c987c139b9cd012c6c076ea539e43d023be2af04cf533e91?s=96&d=mm&r=g\",\"caption\":\"Aracely\"},\"url\":\"https:\\\/\\\/periodicorealidades.com\\\/index.php\\\/author\\\/aracelyreali\\\/\"}]}<\/script>\n<!-- \/ Yoast SEO plugin. -->","yoast_head_json":{"title":"Aprueba la C\u00e1mara de Diputados en lo general la reforma de pensiones - Peri\u00f3dico Realidades","robots":{"index":"index","follow":"follow","max-snippet":"max-snippet:-1","max-image-preview":"max-image-preview:large","max-video-preview":"max-video-preview:-1"},"canonical":"https:\/\/periodicorealidades.com\/index.php\/2024\/04\/22\/aprueba-la-camara-de-diputados-en-lo-general-la-reforma-de-pensiones\/","og_locale":"es_MX","og_type":"article","og_title":"Aprueba la C\u00e1mara de Diputados en lo general la reforma de pensiones - Peri\u00f3dico Realidades","og_description":"La C\u00e1mara de Diputados aprob\u00f3 en lo general el dictamen que reforma, adiciona y deroga diversas disposiciones de ordenamientos legales para la creaci\u00f3n del Fondo de Pensiones para el Bienestar. La minuta se aprob\u00f3 con 252 votos a favor, 212 en contra y 4 abstenciones. La pol\u00e9mica iniciativa que se discute en San L\u00e1zaro pretende [&hellip;]","og_url":"https:\/\/periodicorealidades.com\/index.php\/2024\/04\/22\/aprueba-la-camara-de-diputados-en-lo-general-la-reforma-de-pensiones\/","og_site_name":"Peri\u00f3dico Realidades","article_publisher":"https:\/\/www.facebook.com\/periodicorealidades.denayarit?mibextid=LQQJ4d","article_published_time":"2024-04-23T04:47:32+00:00","article_modified_time":"2024-04-23T04:47:33+00:00","og_image":[{"width":1536,"height":1022,"url":"https:\/\/periodicorealidades.com\/wp-content\/uploads\/2024\/04\/C2645407-A39B-46E1-A8A4-897A702AE615.jpeg","type":"image\/jpeg"}],"author":"Aracely","twitter_card":"summary_large_image","twitter_misc":{"Escrito por":"Aracely","Tiempo de lectura":"2 minutos"},"schema":{"@context":"https:\/\/schema.org","@graph":[{"@type":"Article","@id":"https:\/\/periodicorealidades.com\/index.php\/2024\/04\/22\/aprueba-la-camara-de-diputados-en-lo-general-la-reforma-de-pensiones\/#article","isPartOf":{"@id":"https:\/\/periodicorealidades.com\/index.php\/2024\/04\/22\/aprueba-la-camara-de-diputados-en-lo-general-la-reforma-de-pensiones\/"},"author":{"name":"Aracely","@id":"https:\/\/periodicorealidades.com\/#\/schema\/person\/df6af7553a1189bf973891c9f268acf3"},"headline":"Aprueba la C\u00e1mara de Diputados en lo general la reforma de pensiones","datePublished":"2024-04-23T04:47:32+00:00","dateModified":"2024-04-23T04:47:33+00:00","mainEntityOfPage":{"@id":"https:\/\/periodicorealidades.com\/index.php\/2024\/04\/22\/aprueba-la-camara-de-diputados-en-lo-general-la-reforma-de-pensiones\/"},"wordCount":273,"commentCount":0,"publisher":{"@id":"https:\/\/periodicorealidades.com\/#organization"},"articleSection":["Nacional"],"inLanguage":"es","potentialAction":[{"@type":"CommentAction","name":"Comment","target":["https:\/\/periodicorealidades.com\/index.php\/2024\/04\/22\/aprueba-la-camara-de-diputados-en-lo-general-la-reforma-de-pensiones\/#respond"]}]},{"@type":"WebPage","@id":"https:\/\/periodicorealidades.com\/index.php\/2024\/04\/22\/aprueba-la-camara-de-diputados-en-lo-general-la-reforma-de-pensiones\/","url":"https:\/\/periodicorealidades.com\/index.php\/2024\/04\/22\/aprueba-la-camara-de-diputados-en-lo-general-la-reforma-de-pensiones\/","name":"Aprueba la C\u00e1mara de Diputados en lo general la reforma de pensiones - Peri\u00f3dico Realidades","isPartOf":{"@id":"https:\/\/periodicorealidades.com\/#website"},"datePublished":"2024-04-23T04:47:32+00:00","dateModified":"2024-04-23T04:47:33+00:00","breadcrumb":{"@id":"https:\/\/periodicorealidades.com\/index.php\/2024\/04\/22\/aprueba-la-camara-de-diputados-en-lo-general-la-reforma-de-pensiones\/#breadcrumb"},"inLanguage":"es","potentialAction":[{"@type":"ReadAction","target":["https:\/\/periodicorealidades.com\/index.php\/2024\/04\/22\/aprueba-la-camara-de-diputados-en-lo-general-la-reforma-de-pensiones\/"]}]},{"@type":"BreadcrumbList","@id":"https:\/\/periodicorealidades.com\/index.php\/2024\/04\/22\/aprueba-la-camara-de-diputados-en-lo-general-la-reforma-de-pensiones\/#breadcrumb","itemListElement":[{"@type":"ListItem","position":1,"name":"Inicio","item":"https:\/\/periodicorealidades.com\/"},{"@type":"ListItem","position":2,"name":"Aprueba la C\u00e1mara de Diputados en lo general la reforma de pensiones"}]},{"@type":"WebSite","@id":"https:\/\/periodicorealidades.com\/#website","url":"https:\/\/periodicorealidades.com\/","name":"Peri\u00f3dico Realidades","description":"M\u00e9dio de comunicaci\u00f3n en Nayarit","publisher":{"@id":"https:\/\/periodicorealidades.com\/#organization"},"potentialAction":[{"@type":"SearchAction","target":{"@type":"EntryPoint","urlTemplate":"https:\/\/periodicorealidades.com\/?s={search_term_string}"},"query-input":{"@type":"PropertyValueSpecification","valueRequired":true,"valueName":"search_term_string"}}],"inLanguage":"es"},{"@type":"Organization","@id":"https:\/\/periodicorealidades.com\/#organization","name":"Peri\u00f3dico Realidades","url":"https:\/\/periodicorealidades.com\/","logo":{"@type":"ImageObject","inLanguage":"es","@id":"https:\/\/periodicorealidades.com\/#\/schema\/logo\/image\/","url":"https:\/\/periodicorealidades.com\/wp-content\/uploads\/2023\/05\/r-prueba.png","contentUrl":"https:\/\/periodicorealidades.com\/wp-content\/uploads\/2023\/05\/r-prueba.png","width":709,"height":709,"caption":"Peri\u00f3dico Realidades"},"image":{"@id":"https:\/\/periodicorealidades.com\/#\/schema\/logo\/image\/"},"sameAs":["https:\/\/www.facebook.com\/periodicorealidades.denayarit?mibextid=LQQJ4d"]},{"@type":"Person","@id":"https:\/\/periodicorealidades.com\/#\/schema\/person\/df6af7553a1189bf973891c9f268acf3","name":"Aracely","image":{"@type":"ImageObject","inLanguage":"es","@id":"https:\/\/secure.gravatar.com\/avatar\/9ee9d8e9d2e4a359c987c139b9cd012c6c076ea539e43d023be2af04cf533e91?s=96&d=mm&r=g","url":"https:\/\/secure.gravatar.com\/avatar\/9ee9d8e9d2e4a359c987c139b9cd012c6c076ea539e43d023be2af04cf533e91?s=96&d=mm&r=g","contentUrl":"https:\/\/secure.gravatar.com\/avatar\/9ee9d8e9d2e4a359c987c139b9cd012c6c076ea539e43d023be2af04cf533e91?s=96&d=mm&r=g","caption":"Aracely"},"url":"https:\/\/periodicorealidades.com\/index.php\/author\/aracelyreali\/"}]}},"_links":{"self":[{"href":"https:\/\/periodicorealidades.com\/index.php\/wp-json\/wp\/v2\/posts\/15125","targetHints":{"allow":["GET"]}}],"collection":[{"href":"https:\/\/periodicorealidades.com\/index.php\/wp-json\/wp\/v2\/posts"}],"about":[{"href":"https:\/\/periodicorealidades.com\/index.php\/wp-json\/wp\/v2\/types\/post"}],"author":[{"embeddable":true,"href":"https:\/\/periodicorealidades.com\/index.php\/wp-json\/wp\/v2\/users\/3"}],"replies":[{"embeddable":true,"href":"https:\/\/periodicorealidades.com\/index.php\/wp-json\/wp\/v2\/comments?post=15125"}],"version-history":[{"count":0,"href":"https:\/\/periodicorealidades.com\/index.php\/wp-json\/wp\/v2\/posts\/15125\/revisions"}],"wp:attachment":[{"href":"https:\/\/periodicorealidades.com\/index.php\/wp-json\/wp\/v2\/media?parent=15125"}],"wp:term":[{"taxonomy":"category","embeddable":true,"href":"https:\/\/periodicorealidades.com\/index.php\/wp-json\/wp\/v2\/categories?post=15125"},{"taxonomy":"post_tag","embeddable":true,"href":"https:\/\/periodicorealidades.com\/index.php\/wp-json\/wp\/v2\/tags?post=15125"}],"curies":[{"name":"wp","href":"https:\/\/api.w.org\/{rel}","templated":true}]}}