{"id":16653,"date":"2024-05-13T22:27:54","date_gmt":"2024-05-14T05:27:54","guid":{"rendered":"https:\/\/periodicorealidades.com\/?p=16653"},"modified":"2024-05-13T22:27:55","modified_gmt":"2024-05-14T05:27:55","slug":"se-fortalece-economia-durante-el-gobierno-de-lopez-obrador","status":"publish","type":"post","link":"https:\/\/periodicorealidades.com\/index.php\/2024\/05\/13\/se-fortalece-economia-durante-el-gobierno-de-lopez-obrador\/","title":{"rendered":"Se fortalece econom\u00eda durante el gobierno de Lopez Obrador"},"content":{"rendered":"\n<p class=\"wp-block-paragraph\">El presidente de la rep\u00fablica el Lic. Andr\u00e9s Manuel L\u00f3pez Obrador, se\u00f1al\u00f2 que la econom\u00eda durante su gobierno se ha visto fortalecida y que su gesti\u00f2n es apoyada por la mayor\u00eda de la poblaci\u00f3n<\/p>\n\n\n\n<p class=\"wp-block-paragraph\">Por: Agencias<\/p>\n\n\n\n<p class=\"wp-block-paragraph\">Ciudad de M\u00e8xico; martes, 14 de mayo del 2024.- El mandatario federal se\u00f1al\u00f2 que \u201cMuchos se preguntan: \u2018\u00bfPor qu\u00e9 la gente apoya al gobierno?\u2019.. Eso tiene que ver con la econom\u00eda popular\u201d, afirm\u00f3 el presidente Andr\u00e9s Manuel L\u00f3pez Obrador.<\/p>\n\n\n\n<p class=\"wp-block-paragraph\">Indic\u00f3 que su administraci\u00f3n ha apostado por fortalecer el mercado interno, apoyar a las familias de menores recursos, generar empleo e impulsar programas sociales que han generado una mejor distribuci\u00f3n de la riqueza.<\/p>\n\n\n\n<p class=\"wp-block-paragraph\">Refiri\u00f3 que en los sectores de oposici\u00f3n se preguntan la raz\u00f3n por la que a pesar de las campa\u00f1as en su contra, como la de vincularlo al crimen organizado, su gesti\u00f3n mantiene altos niveles de aprobaci\u00f3n.<\/p>\n\n\n\n<p class=\"wp-block-paragraph\">\u201cMuchos se preguntan, \u2018\u00bfpor qu\u00e9 la gente apoya al gobierno, si le metemos y le metemos y le metemos\u2019, dicen los mafiosos, \u2018a las campa\u00f1as de AMLP presidente narco\u2019; pues es cosa que le pregunten a la gente, esto tiene que ver con la econom\u00eda popular\u201d, destac\u00f3.<\/p>\n\n\n\n<p class=\"wp-block-paragraph\">Refiri\u00f3 que el salario no alcanzara ni para lo b\u00e1sico y no hubiese trabajo, como suced\u00eda en sexenios pasados, otra ser\u00eda la realidad.<\/p>\n\n\n\n<p class=\"wp-block-paragraph\">\u201cHubo aqu\u00ed un candidato (en alusi\u00f3n a Felipe Calder\u00f3n) que dijo que iba a ser el presidente del empleo, y lo hemos rebasado por completo: salario, empleo, bienestar. Y yo esto lo constato porque recorro todo el pa\u00eds\u201d.<\/p>\n\n\n\n<p class=\"wp-block-paragraph\">Asegur\u00f3 que el impulso del mercado interno lo tom\u00f3 de los magonistas, que en el Plan Liberal de 1906 propon\u00edan justo eso: fortalecer el mercado interno.<\/p>\n\n\n\n<p class=\"wp-block-paragraph\">\u201cLa pol\u00edtica y la econom\u00eda, tienen que ver mucho, mucho, mucho con el juicio pr\u00e1ctico. Ayuda mucho que todos tengamos garantizado nuestro derecho a la esperanza, a poder ascender a la escala social, con el estudio, con el trabajo, cuando sentimos que eso est\u00e1 cancelado, lo que viene es la frustraci\u00f3n, y eso es lo peor, porque eso es lo que lleva a tomar el camino de las conductas antisociales, muchas veces.<\/p>\n\n\n\n<p class=\"wp-block-paragraph\">\u201cTenemos que tener encendida la llama de la esperanza, podemos salir adelante, todos; nada de que el que nace pobre va a morir pobre, no, podemos con el trabajo, con el estudio, ascender\u201d.<\/p>\n","protected":false},"excerpt":{"rendered":"<p>El presidente de la rep\u00fablica el Lic. Andr\u00e9s Manuel L\u00f3pez Obrador, se\u00f1al\u00f2 que la econom\u00eda durante su gobierno se ha visto fortalecida y que su gesti\u00f2n es apoyada por la mayor\u00eda de la poblaci\u00f3n Por: Agencias Ciudad de M\u00e8xico; martes, 14 de mayo del 2024.- El mandatario federal se\u00f1al\u00f2 que \u201cMuchos se preguntan: \u2018\u00bfPor qu\u00e9 [&hellip;]<\/p>\n","protected":false},"author":2,"featured_media":16396,"comment_status":"open","ping_status":"open","sticky":false,"template":"","format":"standard","meta":{"footnotes":""},"categories":[12,4],"tags":[],"class_list":["post-16653","post","type-post","status-publish","format-standard","has-post-thumbnail","category-nacional","category-principal"],"yoast_head":"<!-- This site is optimized with the Yoast SEO plugin v28.3 - https:\/\/yoast.com\/product\/yoast-seo-wordpress\/ -->\n<title>Se fortalece econom\u00eda durante el gobierno de Lopez Obrador - Peri\u00f3dico Realidades<\/title>\n<meta name=\"robots\" content=\"index, follow, max-snippet:-1, max-image-preview:large, max-video-preview:-1\" \/>\n<link rel=\"canonical\" href=\"https:\/\/periodicorealidades.com\/index.php\/2024\/05\/13\/se-fortalece-economia-durante-el-gobierno-de-lopez-obrador\/\" \/>\n<meta property=\"og:locale\" content=\"es_MX\" \/>\n<meta property=\"og:type\" content=\"article\" \/>\n<meta property=\"og:title\" content=\"Se fortalece econom\u00eda durante el gobierno de Lopez Obrador - Peri\u00f3dico Realidades\" \/>\n<meta property=\"og:description\" content=\"El presidente de la rep\u00fablica el Lic. Andr\u00e9s Manuel L\u00f3pez Obrador, se\u00f1al\u00f2 que la econom\u00eda durante su gobierno se ha visto fortalecida y que su gesti\u00f2n es apoyada por la mayor\u00eda de la poblaci\u00f3n Por: Agencias Ciudad de M\u00e8xico; martes, 14 de mayo del 2024.- El mandatario federal se\u00f1al\u00f2 que \u201cMuchos se preguntan: \u2018\u00bfPor qu\u00e9 [&hellip;]\" \/>\n<meta property=\"og:url\" content=\"https:\/\/periodicorealidades.com\/index.php\/2024\/05\/13\/se-fortalece-economia-durante-el-gobierno-de-lopez-obrador\/\" \/>\n<meta property=\"og:site_name\" content=\"Peri\u00f3dico Realidades\" \/>\n<meta property=\"article:publisher\" content=\"https:\/\/www.facebook.com\/periodicorealidades.denayarit?mibextid=LQQJ4d\" \/>\n<meta property=\"article:published_time\" content=\"2024-05-14T05:27:54+00:00\" \/>\n<meta property=\"article:modified_time\" content=\"2024-05-14T05:27:55+00:00\" \/>\n<meta property=\"og:image\" content=\"https:\/\/periodicorealidades.com\/wp-content\/uploads\/2024\/05\/amlo-lamenta-muerte-estudiante-unam-cch-naucalpan.webp\" \/>\n\t<meta property=\"og:image:width\" content=\"768\" \/>\n\t<meta property=\"og:image:height\" content=\"432\" \/>\n\t<meta property=\"og:image:type\" content=\"image\/webp\" \/>\n<meta name=\"author\" content=\"editor\" \/>\n<meta name=\"twitter:card\" content=\"summary_large_image\" \/>\n<meta name=\"twitter:label1\" content=\"Escrito por\" \/>\n\t<meta name=\"twitter:data1\" content=\"editor\" \/>\n\t<meta name=\"twitter:label2\" content=\"Tiempo de lectura\" \/>\n\t<meta name=\"twitter:data2\" content=\"2 minutos\" \/>\n<script type=\"application\/ld+json\" class=\"yoast-schema-graph\">{\"@context\":\"https:\\\/\\\/schema.org\",\"@graph\":[{\"@type\":\"Article\",\"@id\":\"https:\\\/\\\/periodicorealidades.com\\\/index.php\\\/2024\\\/05\\\/13\\\/se-fortalece-economia-durante-el-gobierno-de-lopez-obrador\\\/#article\",\"isPartOf\":{\"@id\":\"https:\\\/\\\/periodicorealidades.com\\\/index.php\\\/2024\\\/05\\\/13\\\/se-fortalece-economia-durante-el-gobierno-de-lopez-obrador\\\/\"},\"author\":{\"name\":\"editor\",\"@id\":\"https:\\\/\\\/periodicorealidades.com\\\/#\\\/schema\\\/person\\\/c27da34ee13acaec3162071a3e1c7832\"},\"headline\":\"Se fortalece econom\u00eda durante el gobierno de Lopez Obrador\",\"datePublished\":\"2024-05-14T05:27:54+00:00\",\"dateModified\":\"2024-05-14T05:27:55+00:00\",\"mainEntityOfPage\":{\"@id\":\"https:\\\/\\\/periodicorealidades.com\\\/index.php\\\/2024\\\/05\\\/13\\\/se-fortalece-economia-durante-el-gobierno-de-lopez-obrador\\\/\"},\"wordCount\":424,\"commentCount\":0,\"publisher\":{\"@id\":\"https:\\\/\\\/periodicorealidades.com\\\/#organization\"},\"image\":{\"@id\":\"https:\\\/\\\/periodicorealidades.com\\\/index.php\\\/2024\\\/05\\\/13\\\/se-fortalece-economia-durante-el-gobierno-de-lopez-obrador\\\/#primaryimage\"},\"thumbnailUrl\":\"https:\\\/\\\/periodicorealidades.com\\\/wp-content\\\/uploads\\\/2024\\\/05\\\/amlo-lamenta-muerte-estudiante-unam-cch-naucalpan.webp\",\"articleSection\":[\"Nacional\",\"Principal\"],\"inLanguage\":\"es\",\"potentialAction\":[{\"@type\":\"CommentAction\",\"name\":\"Comment\",\"target\":[\"https:\\\/\\\/periodicorealidades.com\\\/index.php\\\/2024\\\/05\\\/13\\\/se-fortalece-economia-durante-el-gobierno-de-lopez-obrador\\\/#respond\"]}]},{\"@type\":\"WebPage\",\"@id\":\"https:\\\/\\\/periodicorealidades.com\\\/index.php\\\/2024\\\/05\\\/13\\\/se-fortalece-economia-durante-el-gobierno-de-lopez-obrador\\\/\",\"url\":\"https:\\\/\\\/periodicorealidades.com\\\/index.php\\\/2024\\\/05\\\/13\\\/se-fortalece-economia-durante-el-gobierno-de-lopez-obrador\\\/\",\"name\":\"Se fortalece econom\u00eda durante el gobierno de Lopez Obrador - Peri\u00f3dico Realidades\",\"isPartOf\":{\"@id\":\"https:\\\/\\\/periodicorealidades.com\\\/#website\"},\"primaryImageOfPage\":{\"@id\":\"https:\\\/\\\/periodicorealidades.com\\\/index.php\\\/2024\\\/05\\\/13\\\/se-fortalece-economia-durante-el-gobierno-de-lopez-obrador\\\/#primaryimage\"},\"image\":{\"@id\":\"https:\\\/\\\/periodicorealidades.com\\\/index.php\\\/2024\\\/05\\\/13\\\/se-fortalece-economia-durante-el-gobierno-de-lopez-obrador\\\/#primaryimage\"},\"thumbnailUrl\":\"https:\\\/\\\/periodicorealidades.com\\\/wp-content\\\/uploads\\\/2024\\\/05\\\/amlo-lamenta-muerte-estudiante-unam-cch-naucalpan.webp\",\"datePublished\":\"2024-05-14T05:27:54+00:00\",\"dateModified\":\"2024-05-14T05:27:55+00:00\",\"breadcrumb\":{\"@id\":\"https:\\\/\\\/periodicorealidades.com\\\/index.php\\\/2024\\\/05\\\/13\\\/se-fortalece-economia-durante-el-gobierno-de-lopez-obrador\\\/#breadcrumb\"},\"inLanguage\":\"es\",\"potentialAction\":[{\"@type\":\"ReadAction\",\"target\":[\"https:\\\/\\\/periodicorealidades.com\\\/index.php\\\/2024\\\/05\\\/13\\\/se-fortalece-economia-durante-el-gobierno-de-lopez-obrador\\\/\"]}]},{\"@type\":\"ImageObject\",\"inLanguage\":\"es\",\"@id\":\"https:\\\/\\\/periodicorealidades.com\\\/index.php\\\/2024\\\/05\\\/13\\\/se-fortalece-economia-durante-el-gobierno-de-lopez-obrador\\\/#primaryimage\",\"url\":\"https:\\\/\\\/periodicorealidades.com\\\/wp-content\\\/uploads\\\/2024\\\/05\\\/amlo-lamenta-muerte-estudiante-unam-cch-naucalpan.webp\",\"contentUrl\":\"https:\\\/\\\/periodicorealidades.com\\\/wp-content\\\/uploads\\\/2024\\\/05\\\/amlo-lamenta-muerte-estudiante-unam-cch-naucalpan.webp\",\"width\":768,\"height\":432},{\"@type\":\"BreadcrumbList\",\"@id\":\"https:\\\/\\\/periodicorealidades.com\\\/index.php\\\/2024\\\/05\\\/13\\\/se-fortalece-economia-durante-el-gobierno-de-lopez-obrador\\\/#breadcrumb\",\"itemListElement\":[{\"@type\":\"ListItem\",\"position\":1,\"name\":\"Inicio\",\"item\":\"https:\\\/\\\/periodicorealidades.com\\\/\"},{\"@type\":\"ListItem\",\"position\":2,\"name\":\"Se fortalece econom\u00eda durante el gobierno de Lopez Obrador\"}]},{\"@type\":\"WebSite\",\"@id\":\"https:\\\/\\\/periodicorealidades.com\\\/#website\",\"url\":\"https:\\\/\\\/periodicorealidades.com\\\/\",\"name\":\"Peri\u00f3dico Realidades\",\"description\":\"M\u00e9dio de comunicaci\u00f3n en Nayarit\",\"publisher\":{\"@id\":\"https:\\\/\\\/periodicorealidades.com\\\/#organization\"},\"potentialAction\":[{\"@type\":\"SearchAction\",\"target\":{\"@type\":\"EntryPoint\",\"urlTemplate\":\"https:\\\/\\\/periodicorealidades.com\\\/?s={search_term_string}\"},\"query-input\":{\"@type\":\"PropertyValueSpecification\",\"valueRequired\":true,\"valueName\":\"search_term_string\"}}],\"inLanguage\":\"es\"},{\"@type\":\"Organization\",\"@id\":\"https:\\\/\\\/periodicorealidades.com\\\/#organization\",\"name\":\"Peri\u00f3dico Realidades\",\"url\":\"https:\\\/\\\/periodicorealidades.com\\\/\",\"logo\":{\"@type\":\"ImageObject\",\"inLanguage\":\"es\",\"@id\":\"https:\\\/\\\/periodicorealidades.com\\\/#\\\/schema\\\/logo\\\/image\\\/\",\"url\":\"https:\\\/\\\/periodicorealidades.com\\\/wp-content\\\/uploads\\\/2023\\\/05\\\/r-prueba.png\",\"contentUrl\":\"https:\\\/\\\/periodicorealidades.com\\\/wp-content\\\/uploads\\\/2023\\\/05\\\/r-prueba.png\",\"width\":709,\"height\":709,\"caption\":\"Peri\u00f3dico Realidades\"},\"image\":{\"@id\":\"https:\\\/\\\/periodicorealidades.com\\\/#\\\/schema\\\/logo\\\/image\\\/\"},\"sameAs\":[\"https:\\\/\\\/www.facebook.com\\\/periodicorealidades.denayarit?mibextid=LQQJ4d\"]},{\"@type\":\"Person\",\"@id\":\"https:\\\/\\\/periodicorealidades.com\\\/#\\\/schema\\\/person\\\/c27da34ee13acaec3162071a3e1c7832\",\"name\":\"editor\",\"image\":{\"@type\":\"ImageObject\",\"inLanguage\":\"es\",\"@id\":\"https:\\\/\\\/secure.gravatar.com\\\/avatar\\\/dda3c3f59ea25f4b53cd53df977b0b2628039b17268e57c944a79a00e8a56e26?s=96&d=mm&r=g\",\"url\":\"https:\\\/\\\/secure.gravatar.com\\\/avatar\\\/dda3c3f59ea25f4b53cd53df977b0b2628039b17268e57c944a79a00e8a56e26?s=96&d=mm&r=g\",\"contentUrl\":\"https:\\\/\\\/secure.gravatar.com\\\/avatar\\\/dda3c3f59ea25f4b53cd53df977b0b2628039b17268e57c944a79a00e8a56e26?s=96&d=mm&r=g\",\"caption\":\"editor\"},\"url\":\"https:\\\/\\\/periodicorealidades.com\\\/index.php\\\/author\\\/editor\\\/\"}]}<\/script>\n<!-- \/ Yoast SEO plugin. -->","yoast_head_json":{"title":"Se fortalece econom\u00eda durante el gobierno de Lopez Obrador - Peri\u00f3dico Realidades","robots":{"index":"index","follow":"follow","max-snippet":"max-snippet:-1","max-image-preview":"max-image-preview:large","max-video-preview":"max-video-preview:-1"},"canonical":"https:\/\/periodicorealidades.com\/index.php\/2024\/05\/13\/se-fortalece-economia-durante-el-gobierno-de-lopez-obrador\/","og_locale":"es_MX","og_type":"article","og_title":"Se fortalece econom\u00eda durante el gobierno de Lopez Obrador - Peri\u00f3dico Realidades","og_description":"El presidente de la rep\u00fablica el Lic. Andr\u00e9s Manuel L\u00f3pez Obrador, se\u00f1al\u00f2 que la econom\u00eda durante su gobierno se ha visto fortalecida y que su gesti\u00f2n es apoyada por la mayor\u00eda de la poblaci\u00f3n Por: Agencias Ciudad de M\u00e8xico; martes, 14 de mayo del 2024.- El mandatario federal se\u00f1al\u00f2 que \u201cMuchos se preguntan: \u2018\u00bfPor qu\u00e9 [&hellip;]","og_url":"https:\/\/periodicorealidades.com\/index.php\/2024\/05\/13\/se-fortalece-economia-durante-el-gobierno-de-lopez-obrador\/","og_site_name":"Peri\u00f3dico Realidades","article_publisher":"https:\/\/www.facebook.com\/periodicorealidades.denayarit?mibextid=LQQJ4d","article_published_time":"2024-05-14T05:27:54+00:00","article_modified_time":"2024-05-14T05:27:55+00:00","og_image":[{"width":768,"height":432,"url":"https:\/\/periodicorealidades.com\/wp-content\/uploads\/2024\/05\/amlo-lamenta-muerte-estudiante-unam-cch-naucalpan.webp","type":"image\/webp"}],"author":"editor","twitter_card":"summary_large_image","twitter_misc":{"Escrito por":"editor","Tiempo de lectura":"2 minutos"},"schema":{"@context":"https:\/\/schema.org","@graph":[{"@type":"Article","@id":"https:\/\/periodicorealidades.com\/index.php\/2024\/05\/13\/se-fortalece-economia-durante-el-gobierno-de-lopez-obrador\/#article","isPartOf":{"@id":"https:\/\/periodicorealidades.com\/index.php\/2024\/05\/13\/se-fortalece-economia-durante-el-gobierno-de-lopez-obrador\/"},"author":{"name":"editor","@id":"https:\/\/periodicorealidades.com\/#\/schema\/person\/c27da34ee13acaec3162071a3e1c7832"},"headline":"Se fortalece econom\u00eda durante el gobierno de Lopez Obrador","datePublished":"2024-05-14T05:27:54+00:00","dateModified":"2024-05-14T05:27:55+00:00","mainEntityOfPage":{"@id":"https:\/\/periodicorealidades.com\/index.php\/2024\/05\/13\/se-fortalece-economia-durante-el-gobierno-de-lopez-obrador\/"},"wordCount":424,"commentCount":0,"publisher":{"@id":"https:\/\/periodicorealidades.com\/#organization"},"image":{"@id":"https:\/\/periodicorealidades.com\/index.php\/2024\/05\/13\/se-fortalece-economia-durante-el-gobierno-de-lopez-obrador\/#primaryimage"},"thumbnailUrl":"https:\/\/periodicorealidades.com\/wp-content\/uploads\/2024\/05\/amlo-lamenta-muerte-estudiante-unam-cch-naucalpan.webp","articleSection":["Nacional","Principal"],"inLanguage":"es","potentialAction":[{"@type":"CommentAction","name":"Comment","target":["https:\/\/periodicorealidades.com\/index.php\/2024\/05\/13\/se-fortalece-economia-durante-el-gobierno-de-lopez-obrador\/#respond"]}]},{"@type":"WebPage","@id":"https:\/\/periodicorealidades.com\/index.php\/2024\/05\/13\/se-fortalece-economia-durante-el-gobierno-de-lopez-obrador\/","url":"https:\/\/periodicorealidades.com\/index.php\/2024\/05\/13\/se-fortalece-economia-durante-el-gobierno-de-lopez-obrador\/","name":"Se fortalece econom\u00eda durante el gobierno de Lopez Obrador - Peri\u00f3dico Realidades","isPartOf":{"@id":"https:\/\/periodicorealidades.com\/#website"},"primaryImageOfPage":{"@id":"https:\/\/periodicorealidades.com\/index.php\/2024\/05\/13\/se-fortalece-economia-durante-el-gobierno-de-lopez-obrador\/#primaryimage"},"image":{"@id":"https:\/\/periodicorealidades.com\/index.php\/2024\/05\/13\/se-fortalece-economia-durante-el-gobierno-de-lopez-obrador\/#primaryimage"},"thumbnailUrl":"https:\/\/periodicorealidades.com\/wp-content\/uploads\/2024\/05\/amlo-lamenta-muerte-estudiante-unam-cch-naucalpan.webp","datePublished":"2024-05-14T05:27:54+00:00","dateModified":"2024-05-14T05:27:55+00:00","breadcrumb":{"@id":"https:\/\/periodicorealidades.com\/index.php\/2024\/05\/13\/se-fortalece-economia-durante-el-gobierno-de-lopez-obrador\/#breadcrumb"},"inLanguage":"es","potentialAction":[{"@type":"ReadAction","target":["https:\/\/periodicorealidades.com\/index.php\/2024\/05\/13\/se-fortalece-economia-durante-el-gobierno-de-lopez-obrador\/"]}]},{"@type":"ImageObject","inLanguage":"es","@id":"https:\/\/periodicorealidades.com\/index.php\/2024\/05\/13\/se-fortalece-economia-durante-el-gobierno-de-lopez-obrador\/#primaryimage","url":"https:\/\/periodicorealidades.com\/wp-content\/uploads\/2024\/05\/amlo-lamenta-muerte-estudiante-unam-cch-naucalpan.webp","contentUrl":"https:\/\/periodicorealidades.com\/wp-content\/uploads\/2024\/05\/amlo-lamenta-muerte-estudiante-unam-cch-naucalpan.webp","width":768,"height":432},{"@type":"BreadcrumbList","@id":"https:\/\/periodicorealidades.com\/index.php\/2024\/05\/13\/se-fortalece-economia-durante-el-gobierno-de-lopez-obrador\/#breadcrumb","itemListElement":[{"@type":"ListItem","position":1,"name":"Inicio","item":"https:\/\/periodicorealidades.com\/"},{"@type":"ListItem","position":2,"name":"Se fortalece econom\u00eda durante el gobierno de Lopez Obrador"}]},{"@type":"WebSite","@id":"https:\/\/periodicorealidades.com\/#website","url":"https:\/\/periodicorealidades.com\/","name":"Peri\u00f3dico Realidades","description":"M\u00e9dio de comunicaci\u00f3n en Nayarit","publisher":{"@id":"https:\/\/periodicorealidades.com\/#organization"},"potentialAction":[{"@type":"SearchAction","target":{"@type":"EntryPoint","urlTemplate":"https:\/\/periodicorealidades.com\/?s={search_term_string}"},"query-input":{"@type":"PropertyValueSpecification","valueRequired":true,"valueName":"search_term_string"}}],"inLanguage":"es"},{"@type":"Organization","@id":"https:\/\/periodicorealidades.com\/#organization","name":"Peri\u00f3dico Realidades","url":"https:\/\/periodicorealidades.com\/","logo":{"@type":"ImageObject","inLanguage":"es","@id":"https:\/\/periodicorealidades.com\/#\/schema\/logo\/image\/","url":"https:\/\/periodicorealidades.com\/wp-content\/uploads\/2023\/05\/r-prueba.png","contentUrl":"https:\/\/periodicorealidades.com\/wp-content\/uploads\/2023\/05\/r-prueba.png","width":709,"height":709,"caption":"Peri\u00f3dico Realidades"},"image":{"@id":"https:\/\/periodicorealidades.com\/#\/schema\/logo\/image\/"},"sameAs":["https:\/\/www.facebook.com\/periodicorealidades.denayarit?mibextid=LQQJ4d"]},{"@type":"Person","@id":"https:\/\/periodicorealidades.com\/#\/schema\/person\/c27da34ee13acaec3162071a3e1c7832","name":"editor","image":{"@type":"ImageObject","inLanguage":"es","@id":"https:\/\/secure.gravatar.com\/avatar\/dda3c3f59ea25f4b53cd53df977b0b2628039b17268e57c944a79a00e8a56e26?s=96&d=mm&r=g","url":"https:\/\/secure.gravatar.com\/avatar\/dda3c3f59ea25f4b53cd53df977b0b2628039b17268e57c944a79a00e8a56e26?s=96&d=mm&r=g","contentUrl":"https:\/\/secure.gravatar.com\/avatar\/dda3c3f59ea25f4b53cd53df977b0b2628039b17268e57c944a79a00e8a56e26?s=96&d=mm&r=g","caption":"editor"},"url":"https:\/\/periodicorealidades.com\/index.php\/author\/editor\/"}]}},"_links":{"self":[{"href":"https:\/\/periodicorealidades.com\/index.php\/wp-json\/wp\/v2\/posts\/16653","targetHints":{"allow":["GET"]}}],"collection":[{"href":"https:\/\/periodicorealidades.com\/index.php\/wp-json\/wp\/v2\/posts"}],"about":[{"href":"https:\/\/periodicorealidades.com\/index.php\/wp-json\/wp\/v2\/types\/post"}],"author":[{"embeddable":true,"href":"https:\/\/periodicorealidades.com\/index.php\/wp-json\/wp\/v2\/users\/2"}],"replies":[{"embeddable":true,"href":"https:\/\/periodicorealidades.com\/index.php\/wp-json\/wp\/v2\/comments?post=16653"}],"version-history":[{"count":0,"href":"https:\/\/periodicorealidades.com\/index.php\/wp-json\/wp\/v2\/posts\/16653\/revisions"}],"wp:featuredmedia":[{"embeddable":true,"href":"https:\/\/periodicorealidades.com\/index.php\/wp-json\/wp\/v2\/media\/16396"}],"wp:attachment":[{"href":"https:\/\/periodicorealidades.com\/index.php\/wp-json\/wp\/v2\/media?parent=16653"}],"wp:term":[{"taxonomy":"category","embeddable":true,"href":"https:\/\/periodicorealidades.com\/index.php\/wp-json\/wp\/v2\/categories?post=16653"},{"taxonomy":"post_tag","embeddable":true,"href":"https:\/\/periodicorealidades.com\/index.php\/wp-json\/wp\/v2\/tags?post=16653"}],"curies":[{"name":"wp","href":"https:\/\/api.w.org\/{rel}","templated":true}]}}