{"id":16655,"date":"2024-05-13T22:28:33","date_gmt":"2024-05-14T05:28:33","guid":{"rendered":"https:\/\/periodicorealidades.com\/?p=16655"},"modified":"2024-05-13T22:28:33","modified_gmt":"2024-05-14T05:28:33","slug":"protesta-contra-el-chacuaco-de-menchaca","status":"publish","type":"post","link":"https:\/\/periodicorealidades.com\/index.php\/2024\/05\/13\/protesta-contra-el-chacuaco-de-menchaca\/","title":{"rendered":"Protesta contra El \u201cchacuaco\u201d de Menchaca\u00a0"},"content":{"rendered":"\n<p class=\"wp-block-paragraph\">La manifestaci\u00f3n tiene como objetivo denunciar la falta de aplicaci\u00f3n de protocolos ambientales durante la contingencia provocada por el incendio del Iztete, que ha afectado la calidad del aire en Tepic durante m\u00e1s de 20 d\u00edas, as\u00ed como el molino de Menchaca que genera gran contaminaci\u00f3n en la ciudad durante a\u00f1os<\/p>\n\n\n\n<p class=\"wp-block-paragraph\">Por Ver\u00f3nica Ram\u00edrez<\/p>\n\n\n\n<p class=\"wp-block-paragraph\">Tepic, Nayarit; martes, 14 de mayo del 2024.- Sara Marte, destacada activista social, convoca a la sociedad a unirse en protesta el pr\u00f3ximo jueves a las 4 de la tarde frente al Ingenio &#8220;El Molino de Menchaca&#8221;.<\/p>\n\n\n\n<p class=\"wp-block-paragraph\">A diferencia de otros estados del pa\u00eds, donde las contingencias ambientales activan protocolos para reducir emisiones de gases, en Tepic esto no ha ocurrido. Adem\u00e1s, cuestiona por qu\u00e9 el Ingenio El Molino contin\u00faa operando en medio de la ciudad, a pesar de las graves implicaciones para la salud p\u00fablica.<\/p>\n\n\n\n<p class=\"wp-block-paragraph\">De acuerdo a una investigaci\u00f3n realizada por la Universidad Aut\u00f3noma de Nayarit existe una mala calidad del aire en Tepic, espec\u00edficamente&nbsp; durante la zafra ca\u00f1era, cuando se incrementa la quema de suelos para la extracci\u00f3n de ca\u00f1a.&nbsp;<\/p>\n\n\n\n<p class=\"wp-block-paragraph\">El humo que avienta el \u201cchacuaco\u201d, seg\u00fan los estudios, con el tiempo provocar\u00e1&nbsp; un impacto negativo en la salud&nbsp; de la poblaci\u00f3n, sobre todo en el aparato respiratorio.<\/p>\n\n\n\n<p class=\"wp-block-paragraph\">Urge que las autoridades encargadas del&nbsp; medio ambiente, regulen las emisiones contaminantes que lanza el Ingenio durante los meses en que se lleva a cabo la molienda del endulzante y m\u00e1s cuando exista una contingencia sanitaria en la ciudad,<\/p>\n\n\n\n<p class=\"wp-block-paragraph\">La convocatoria tambi\u00e9n resalta la necesidad de buscar alternativas sostenibles para el procesamiento de la ca\u00f1a, reconociendo la complejidad de la cadena productiva y su impacto econ\u00f3mico en la regi\u00f3n, es decir, no se busca cerrar fuentes de empleo que dependen del Ingenio pero si tener regular a esta factor\u00eda.<\/p>\n","protected":false},"excerpt":{"rendered":"<p>La manifestaci\u00f3n tiene como objetivo denunciar la falta de aplicaci\u00f3n de protocolos ambientales durante la contingencia provocada por el incendio del Iztete, que ha afectado la calidad del aire en Tepic durante m\u00e1s de 20 d\u00edas, as\u00ed como el molino de Menchaca que genera gran contaminaci\u00f3n en la ciudad durante a\u00f1os Por Ver\u00f3nica Ram\u00edrez Tepic, [&hellip;]<\/p>\n","protected":false},"author":2,"featured_media":16656,"comment_status":"open","ping_status":"open","sticky":false,"template":"","format":"standard","meta":{"footnotes":""},"categories":[4,7],"tags":[],"class_list":["post-16655","post","type-post","status-publish","format-standard","has-post-thumbnail","category-principal","category-tepic"],"yoast_head":"<!-- This site is optimized with the Yoast SEO plugin v28.3 - https:\/\/yoast.com\/product\/yoast-seo-wordpress\/ -->\n<title>Protesta contra El \u201cchacuaco\u201d de Menchaca\u00a0 - Peri\u00f3dico Realidades<\/title>\n<meta name=\"robots\" content=\"index, follow, max-snippet:-1, max-image-preview:large, max-video-preview:-1\" \/>\n<link rel=\"canonical\" href=\"https:\/\/periodicorealidades.com\/index.php\/2024\/05\/13\/protesta-contra-el-chacuaco-de-menchaca\/\" \/>\n<meta property=\"og:locale\" content=\"es_MX\" \/>\n<meta property=\"og:type\" content=\"article\" \/>\n<meta property=\"og:title\" content=\"Protesta contra El \u201cchacuaco\u201d de Menchaca\u00a0 - Peri\u00f3dico Realidades\" \/>\n<meta property=\"og:description\" content=\"La manifestaci\u00f3n tiene como objetivo denunciar la falta de aplicaci\u00f3n de protocolos ambientales durante la contingencia provocada por el incendio del Iztete, que ha afectado la calidad del aire en Tepic durante m\u00e1s de 20 d\u00edas, as\u00ed como el molino de Menchaca que genera gran contaminaci\u00f3n en la ciudad durante a\u00f1os Por Ver\u00f3nica Ram\u00edrez Tepic, [&hellip;]\" \/>\n<meta property=\"og:url\" content=\"https:\/\/periodicorealidades.com\/index.php\/2024\/05\/13\/protesta-contra-el-chacuaco-de-menchaca\/\" \/>\n<meta property=\"og:site_name\" content=\"Peri\u00f3dico Realidades\" \/>\n<meta property=\"article:publisher\" content=\"https:\/\/www.facebook.com\/periodicorealidades.denayarit?mibextid=LQQJ4d\" \/>\n<meta property=\"article:published_time\" content=\"2024-05-14T05:28:33+00:00\" \/>\n<meta property=\"og:image\" content=\"https:\/\/periodicorealidades.com\/wp-content\/uploads\/2024\/05\/molino-menchaca.jpg\" \/>\n\t<meta property=\"og:image:width\" content=\"960\" \/>\n\t<meta property=\"og:image:height\" content=\"720\" \/>\n\t<meta property=\"og:image:type\" content=\"image\/jpeg\" \/>\n<meta name=\"author\" content=\"editor\" \/>\n<meta name=\"twitter:card\" content=\"summary_large_image\" \/>\n<meta name=\"twitter:label1\" content=\"Escrito por\" \/>\n\t<meta name=\"twitter:data1\" content=\"editor\" \/>\n\t<meta name=\"twitter:label2\" content=\"Tiempo de lectura\" \/>\n\t<meta name=\"twitter:data2\" content=\"2 minutos\" \/>\n<script type=\"application\/ld+json\" class=\"yoast-schema-graph\">{\"@context\":\"https:\\\/\\\/schema.org\",\"@graph\":[{\"@type\":\"Article\",\"@id\":\"https:\\\/\\\/periodicorealidades.com\\\/index.php\\\/2024\\\/05\\\/13\\\/protesta-contra-el-chacuaco-de-menchaca\\\/#article\",\"isPartOf\":{\"@id\":\"https:\\\/\\\/periodicorealidades.com\\\/index.php\\\/2024\\\/05\\\/13\\\/protesta-contra-el-chacuaco-de-menchaca\\\/\"},\"author\":{\"name\":\"editor\",\"@id\":\"https:\\\/\\\/periodicorealidades.com\\\/#\\\/schema\\\/person\\\/c27da34ee13acaec3162071a3e1c7832\"},\"headline\":\"Protesta contra El \u201cchacuaco\u201d de Menchaca\u00a0\",\"datePublished\":\"2024-05-14T05:28:33+00:00\",\"mainEntityOfPage\":{\"@id\":\"https:\\\/\\\/periodicorealidades.com\\\/index.php\\\/2024\\\/05\\\/13\\\/protesta-contra-el-chacuaco-de-menchaca\\\/\"},\"wordCount\":329,\"commentCount\":0,\"publisher\":{\"@id\":\"https:\\\/\\\/periodicorealidades.com\\\/#organization\"},\"image\":{\"@id\":\"https:\\\/\\\/periodicorealidades.com\\\/index.php\\\/2024\\\/05\\\/13\\\/protesta-contra-el-chacuaco-de-menchaca\\\/#primaryimage\"},\"thumbnailUrl\":\"https:\\\/\\\/periodicorealidades.com\\\/wp-content\\\/uploads\\\/2024\\\/05\\\/molino-menchaca.jpg\",\"articleSection\":[\"Principal\",\"Tepic\"],\"inLanguage\":\"es\",\"potentialAction\":[{\"@type\":\"CommentAction\",\"name\":\"Comment\",\"target\":[\"https:\\\/\\\/periodicorealidades.com\\\/index.php\\\/2024\\\/05\\\/13\\\/protesta-contra-el-chacuaco-de-menchaca\\\/#respond\"]}]},{\"@type\":\"WebPage\",\"@id\":\"https:\\\/\\\/periodicorealidades.com\\\/index.php\\\/2024\\\/05\\\/13\\\/protesta-contra-el-chacuaco-de-menchaca\\\/\",\"url\":\"https:\\\/\\\/periodicorealidades.com\\\/index.php\\\/2024\\\/05\\\/13\\\/protesta-contra-el-chacuaco-de-menchaca\\\/\",\"name\":\"Protesta contra El \u201cchacuaco\u201d de Menchaca\u00a0 - Peri\u00f3dico Realidades\",\"isPartOf\":{\"@id\":\"https:\\\/\\\/periodicorealidades.com\\\/#website\"},\"primaryImageOfPage\":{\"@id\":\"https:\\\/\\\/periodicorealidades.com\\\/index.php\\\/2024\\\/05\\\/13\\\/protesta-contra-el-chacuaco-de-menchaca\\\/#primaryimage\"},\"image\":{\"@id\":\"https:\\\/\\\/periodicorealidades.com\\\/index.php\\\/2024\\\/05\\\/13\\\/protesta-contra-el-chacuaco-de-menchaca\\\/#primaryimage\"},\"thumbnailUrl\":\"https:\\\/\\\/periodicorealidades.com\\\/wp-content\\\/uploads\\\/2024\\\/05\\\/molino-menchaca.jpg\",\"datePublished\":\"2024-05-14T05:28:33+00:00\",\"breadcrumb\":{\"@id\":\"https:\\\/\\\/periodicorealidades.com\\\/index.php\\\/2024\\\/05\\\/13\\\/protesta-contra-el-chacuaco-de-menchaca\\\/#breadcrumb\"},\"inLanguage\":\"es\",\"potentialAction\":[{\"@type\":\"ReadAction\",\"target\":[\"https:\\\/\\\/periodicorealidades.com\\\/index.php\\\/2024\\\/05\\\/13\\\/protesta-contra-el-chacuaco-de-menchaca\\\/\"]}]},{\"@type\":\"ImageObject\",\"inLanguage\":\"es\",\"@id\":\"https:\\\/\\\/periodicorealidades.com\\\/index.php\\\/2024\\\/05\\\/13\\\/protesta-contra-el-chacuaco-de-menchaca\\\/#primaryimage\",\"url\":\"https:\\\/\\\/periodicorealidades.com\\\/wp-content\\\/uploads\\\/2024\\\/05\\\/molino-menchaca.jpg\",\"contentUrl\":\"https:\\\/\\\/periodicorealidades.com\\\/wp-content\\\/uploads\\\/2024\\\/05\\\/molino-menchaca.jpg\",\"width\":960,\"height\":720},{\"@type\":\"BreadcrumbList\",\"@id\":\"https:\\\/\\\/periodicorealidades.com\\\/index.php\\\/2024\\\/05\\\/13\\\/protesta-contra-el-chacuaco-de-menchaca\\\/#breadcrumb\",\"itemListElement\":[{\"@type\":\"ListItem\",\"position\":1,\"name\":\"Inicio\",\"item\":\"https:\\\/\\\/periodicorealidades.com\\\/\"},{\"@type\":\"ListItem\",\"position\":2,\"name\":\"Protesta contra El \u201cchacuaco\u201d de Menchaca\u00a0\"}]},{\"@type\":\"WebSite\",\"@id\":\"https:\\\/\\\/periodicorealidades.com\\\/#website\",\"url\":\"https:\\\/\\\/periodicorealidades.com\\\/\",\"name\":\"Peri\u00f3dico Realidades\",\"description\":\"M\u00e9dio de comunicaci\u00f3n en Nayarit\",\"publisher\":{\"@id\":\"https:\\\/\\\/periodicorealidades.com\\\/#organization\"},\"potentialAction\":[{\"@type\":\"SearchAction\",\"target\":{\"@type\":\"EntryPoint\",\"urlTemplate\":\"https:\\\/\\\/periodicorealidades.com\\\/?s={search_term_string}\"},\"query-input\":{\"@type\":\"PropertyValueSpecification\",\"valueRequired\":true,\"valueName\":\"search_term_string\"}}],\"inLanguage\":\"es\"},{\"@type\":\"Organization\",\"@id\":\"https:\\\/\\\/periodicorealidades.com\\\/#organization\",\"name\":\"Peri\u00f3dico Realidades\",\"url\":\"https:\\\/\\\/periodicorealidades.com\\\/\",\"logo\":{\"@type\":\"ImageObject\",\"inLanguage\":\"es\",\"@id\":\"https:\\\/\\\/periodicorealidades.com\\\/#\\\/schema\\\/logo\\\/image\\\/\",\"url\":\"https:\\\/\\\/periodicorealidades.com\\\/wp-content\\\/uploads\\\/2023\\\/05\\\/r-prueba.png\",\"contentUrl\":\"https:\\\/\\\/periodicorealidades.com\\\/wp-content\\\/uploads\\\/2023\\\/05\\\/r-prueba.png\",\"width\":709,\"height\":709,\"caption\":\"Peri\u00f3dico Realidades\"},\"image\":{\"@id\":\"https:\\\/\\\/periodicorealidades.com\\\/#\\\/schema\\\/logo\\\/image\\\/\"},\"sameAs\":[\"https:\\\/\\\/www.facebook.com\\\/periodicorealidades.denayarit?mibextid=LQQJ4d\"]},{\"@type\":\"Person\",\"@id\":\"https:\\\/\\\/periodicorealidades.com\\\/#\\\/schema\\\/person\\\/c27da34ee13acaec3162071a3e1c7832\",\"name\":\"editor\",\"image\":{\"@type\":\"ImageObject\",\"inLanguage\":\"es\",\"@id\":\"https:\\\/\\\/secure.gravatar.com\\\/avatar\\\/dda3c3f59ea25f4b53cd53df977b0b2628039b17268e57c944a79a00e8a56e26?s=96&d=mm&r=g\",\"url\":\"https:\\\/\\\/secure.gravatar.com\\\/avatar\\\/dda3c3f59ea25f4b53cd53df977b0b2628039b17268e57c944a79a00e8a56e26?s=96&d=mm&r=g\",\"contentUrl\":\"https:\\\/\\\/secure.gravatar.com\\\/avatar\\\/dda3c3f59ea25f4b53cd53df977b0b2628039b17268e57c944a79a00e8a56e26?s=96&d=mm&r=g\",\"caption\":\"editor\"},\"url\":\"https:\\\/\\\/periodicorealidades.com\\\/index.php\\\/author\\\/editor\\\/\"}]}<\/script>\n<!-- \/ Yoast SEO plugin. -->","yoast_head_json":{"title":"Protesta contra El \u201cchacuaco\u201d de Menchaca\u00a0 - Peri\u00f3dico Realidades","robots":{"index":"index","follow":"follow","max-snippet":"max-snippet:-1","max-image-preview":"max-image-preview:large","max-video-preview":"max-video-preview:-1"},"canonical":"https:\/\/periodicorealidades.com\/index.php\/2024\/05\/13\/protesta-contra-el-chacuaco-de-menchaca\/","og_locale":"es_MX","og_type":"article","og_title":"Protesta contra El \u201cchacuaco\u201d de Menchaca\u00a0 - Peri\u00f3dico Realidades","og_description":"La manifestaci\u00f3n tiene como objetivo denunciar la falta de aplicaci\u00f3n de protocolos ambientales durante la contingencia provocada por el incendio del Iztete, que ha afectado la calidad del aire en Tepic durante m\u00e1s de 20 d\u00edas, as\u00ed como el molino de Menchaca que genera gran contaminaci\u00f3n en la ciudad durante a\u00f1os Por Ver\u00f3nica Ram\u00edrez Tepic, [&hellip;]","og_url":"https:\/\/periodicorealidades.com\/index.php\/2024\/05\/13\/protesta-contra-el-chacuaco-de-menchaca\/","og_site_name":"Peri\u00f3dico Realidades","article_publisher":"https:\/\/www.facebook.com\/periodicorealidades.denayarit?mibextid=LQQJ4d","article_published_time":"2024-05-14T05:28:33+00:00","og_image":[{"width":960,"height":720,"url":"https:\/\/periodicorealidades.com\/wp-content\/uploads\/2024\/05\/molino-menchaca.jpg","type":"image\/jpeg"}],"author":"editor","twitter_card":"summary_large_image","twitter_misc":{"Escrito por":"editor","Tiempo de lectura":"2 minutos"},"schema":{"@context":"https:\/\/schema.org","@graph":[{"@type":"Article","@id":"https:\/\/periodicorealidades.com\/index.php\/2024\/05\/13\/protesta-contra-el-chacuaco-de-menchaca\/#article","isPartOf":{"@id":"https:\/\/periodicorealidades.com\/index.php\/2024\/05\/13\/protesta-contra-el-chacuaco-de-menchaca\/"},"author":{"name":"editor","@id":"https:\/\/periodicorealidades.com\/#\/schema\/person\/c27da34ee13acaec3162071a3e1c7832"},"headline":"Protesta contra El \u201cchacuaco\u201d de Menchaca\u00a0","datePublished":"2024-05-14T05:28:33+00:00","mainEntityOfPage":{"@id":"https:\/\/periodicorealidades.com\/index.php\/2024\/05\/13\/protesta-contra-el-chacuaco-de-menchaca\/"},"wordCount":329,"commentCount":0,"publisher":{"@id":"https:\/\/periodicorealidades.com\/#organization"},"image":{"@id":"https:\/\/periodicorealidades.com\/index.php\/2024\/05\/13\/protesta-contra-el-chacuaco-de-menchaca\/#primaryimage"},"thumbnailUrl":"https:\/\/periodicorealidades.com\/wp-content\/uploads\/2024\/05\/molino-menchaca.jpg","articleSection":["Principal","Tepic"],"inLanguage":"es","potentialAction":[{"@type":"CommentAction","name":"Comment","target":["https:\/\/periodicorealidades.com\/index.php\/2024\/05\/13\/protesta-contra-el-chacuaco-de-menchaca\/#respond"]}]},{"@type":"WebPage","@id":"https:\/\/periodicorealidades.com\/index.php\/2024\/05\/13\/protesta-contra-el-chacuaco-de-menchaca\/","url":"https:\/\/periodicorealidades.com\/index.php\/2024\/05\/13\/protesta-contra-el-chacuaco-de-menchaca\/","name":"Protesta contra El \u201cchacuaco\u201d de Menchaca\u00a0 - Peri\u00f3dico Realidades","isPartOf":{"@id":"https:\/\/periodicorealidades.com\/#website"},"primaryImageOfPage":{"@id":"https:\/\/periodicorealidades.com\/index.php\/2024\/05\/13\/protesta-contra-el-chacuaco-de-menchaca\/#primaryimage"},"image":{"@id":"https:\/\/periodicorealidades.com\/index.php\/2024\/05\/13\/protesta-contra-el-chacuaco-de-menchaca\/#primaryimage"},"thumbnailUrl":"https:\/\/periodicorealidades.com\/wp-content\/uploads\/2024\/05\/molino-menchaca.jpg","datePublished":"2024-05-14T05:28:33+00:00","breadcrumb":{"@id":"https:\/\/periodicorealidades.com\/index.php\/2024\/05\/13\/protesta-contra-el-chacuaco-de-menchaca\/#breadcrumb"},"inLanguage":"es","potentialAction":[{"@type":"ReadAction","target":["https:\/\/periodicorealidades.com\/index.php\/2024\/05\/13\/protesta-contra-el-chacuaco-de-menchaca\/"]}]},{"@type":"ImageObject","inLanguage":"es","@id":"https:\/\/periodicorealidades.com\/index.php\/2024\/05\/13\/protesta-contra-el-chacuaco-de-menchaca\/#primaryimage","url":"https:\/\/periodicorealidades.com\/wp-content\/uploads\/2024\/05\/molino-menchaca.jpg","contentUrl":"https:\/\/periodicorealidades.com\/wp-content\/uploads\/2024\/05\/molino-menchaca.jpg","width":960,"height":720},{"@type":"BreadcrumbList","@id":"https:\/\/periodicorealidades.com\/index.php\/2024\/05\/13\/protesta-contra-el-chacuaco-de-menchaca\/#breadcrumb","itemListElement":[{"@type":"ListItem","position":1,"name":"Inicio","item":"https:\/\/periodicorealidades.com\/"},{"@type":"ListItem","position":2,"name":"Protesta contra El \u201cchacuaco\u201d de Menchaca\u00a0"}]},{"@type":"WebSite","@id":"https:\/\/periodicorealidades.com\/#website","url":"https:\/\/periodicorealidades.com\/","name":"Peri\u00f3dico Realidades","description":"M\u00e9dio de comunicaci\u00f3n en Nayarit","publisher":{"@id":"https:\/\/periodicorealidades.com\/#organization"},"potentialAction":[{"@type":"SearchAction","target":{"@type":"EntryPoint","urlTemplate":"https:\/\/periodicorealidades.com\/?s={search_term_string}"},"query-input":{"@type":"PropertyValueSpecification","valueRequired":true,"valueName":"search_term_string"}}],"inLanguage":"es"},{"@type":"Organization","@id":"https:\/\/periodicorealidades.com\/#organization","name":"Peri\u00f3dico Realidades","url":"https:\/\/periodicorealidades.com\/","logo":{"@type":"ImageObject","inLanguage":"es","@id":"https:\/\/periodicorealidades.com\/#\/schema\/logo\/image\/","url":"https:\/\/periodicorealidades.com\/wp-content\/uploads\/2023\/05\/r-prueba.png","contentUrl":"https:\/\/periodicorealidades.com\/wp-content\/uploads\/2023\/05\/r-prueba.png","width":709,"height":709,"caption":"Peri\u00f3dico Realidades"},"image":{"@id":"https:\/\/periodicorealidades.com\/#\/schema\/logo\/image\/"},"sameAs":["https:\/\/www.facebook.com\/periodicorealidades.denayarit?mibextid=LQQJ4d"]},{"@type":"Person","@id":"https:\/\/periodicorealidades.com\/#\/schema\/person\/c27da34ee13acaec3162071a3e1c7832","name":"editor","image":{"@type":"ImageObject","inLanguage":"es","@id":"https:\/\/secure.gravatar.com\/avatar\/dda3c3f59ea25f4b53cd53df977b0b2628039b17268e57c944a79a00e8a56e26?s=96&d=mm&r=g","url":"https:\/\/secure.gravatar.com\/avatar\/dda3c3f59ea25f4b53cd53df977b0b2628039b17268e57c944a79a00e8a56e26?s=96&d=mm&r=g","contentUrl":"https:\/\/secure.gravatar.com\/avatar\/dda3c3f59ea25f4b53cd53df977b0b2628039b17268e57c944a79a00e8a56e26?s=96&d=mm&r=g","caption":"editor"},"url":"https:\/\/periodicorealidades.com\/index.php\/author\/editor\/"}]}},"_links":{"self":[{"href":"https:\/\/periodicorealidades.com\/index.php\/wp-json\/wp\/v2\/posts\/16655","targetHints":{"allow":["GET"]}}],"collection":[{"href":"https:\/\/periodicorealidades.com\/index.php\/wp-json\/wp\/v2\/posts"}],"about":[{"href":"https:\/\/periodicorealidades.com\/index.php\/wp-json\/wp\/v2\/types\/post"}],"author":[{"embeddable":true,"href":"https:\/\/periodicorealidades.com\/index.php\/wp-json\/wp\/v2\/users\/2"}],"replies":[{"embeddable":true,"href":"https:\/\/periodicorealidades.com\/index.php\/wp-json\/wp\/v2\/comments?post=16655"}],"version-history":[{"count":0,"href":"https:\/\/periodicorealidades.com\/index.php\/wp-json\/wp\/v2\/posts\/16655\/revisions"}],"wp:featuredmedia":[{"embeddable":true,"href":"https:\/\/periodicorealidades.com\/index.php\/wp-json\/wp\/v2\/media\/16656"}],"wp:attachment":[{"href":"https:\/\/periodicorealidades.com\/index.php\/wp-json\/wp\/v2\/media?parent=16655"}],"wp:term":[{"taxonomy":"category","embeddable":true,"href":"https:\/\/periodicorealidades.com\/index.php\/wp-json\/wp\/v2\/categories?post=16655"},{"taxonomy":"post_tag","embeddable":true,"href":"https:\/\/periodicorealidades.com\/index.php\/wp-json\/wp\/v2\/tags?post=16655"}],"curies":[{"name":"wp","href":"https:\/\/api.w.org\/{rel}","templated":true}]}}