{"id":16658,"date":"2024-05-13T22:28:56","date_gmt":"2024-05-14T05:28:56","guid":{"rendered":"https:\/\/periodicorealidades.com\/?p=16658"},"modified":"2024-05-13T22:28:56","modified_gmt":"2024-05-14T05:28:56","slug":"truenan-empresarios-en-contra-del-fiscal-petronilo-diaz-ponce","status":"publish","type":"post","link":"https:\/\/periodicorealidades.com\/index.php\/2024\/05\/13\/truenan-empresarios-en-contra-del-fiscal-petronilo-diaz-ponce\/","title":{"rendered":"Truenan empresarios en contra del Fiscal Petronilo Diaz Ponce"},"content":{"rendered":"\n<p class=\"wp-block-paragraph\">Empresarios inmobiliarios, se\u00f1alan que el fiscal de Nayarit, Petronilo Diaz Ponce ejerciendo su autoridad de manera abusiva est\u00e0 despojando de sus propiedades a cientos de ciudadanos mediante juicios express\u201d para justificar sus aberrantes actos fuera de la ley<\/p>\n\n\n\n<p class=\"wp-block-paragraph\">Por: Javier Rojo Fregoso<\/p>\n\n\n\n<p class=\"wp-block-paragraph\">Tepic, Nayarit; martes, 14 de mayo del 2024.- El empresario Inmobiliario Eduardo Valencia Castellanos ha venido denunciando&nbsp; a trav\u00e9s de diversos medios de comunicaci\u00f3n local y nacional al Fiscal Estatal y&nbsp; notario p\u00fablico, Petronilo D\u00edaz Medrano de despojos y abusos de autoridad, y es que se\u00f1alan los empresarios que los han estado despojando de sus propiedades a trav\u00e8s de juicios burdos y juicios civiles \u201dexpr\u00e9s\u201d de primera instancia tal como lo hizo en su momento el Ex fiscal general de justicia en Nayarit, Edgar Veytia Cambero procesado por Narcotr\u00e1fico en los EEUU.<\/p>\n\n\n\n<p class=\"wp-block-paragraph\">Varios colegas, empresarios INMOBILIARIOS DICE: \u201cHAN ACUDIDO A MI\u201d y me han dicho que ellos han adquirido diversas propiedades en Bah\u00eda de Banderas y que actualmente la Fiscal\u00eda con sus elementos les ha venido \u201c asegurando\u201d sus propiedades&nbsp; con juicios de primera instancia \u201dexpress\u201d&nbsp; para quitarles sus bienes patrimoniales y eso no lo vamos a permitir que suceda, porque ya estamos tramitando nuestros amparos ante las m\u00e1ximas autoridades del poder Judicial federal\u201d&nbsp;&nbsp;<\/p>\n\n\n\n<p class=\"wp-block-paragraph\">Valencia Castellanos empresario afectado explico: \u201cque si ahora a una persona la despojan de su patrimonio,&nbsp; como me sucedi\u00f3 a mi, con una firma falsa, mal hecha, en un simple pagare, utilizado a su ves como documento inicial de&nbsp; una \u201caccion legal\u201d una persona puede llegar a perder sus propiedades, el interes juridico para&nbsp; acceder al registro publico y de esta forma dejar de tener acceso al registro publico de la propiedad por lo que advirtio a todas y a todos los empresarios que tengan interes en invertir en bahia de banderas\u201d que tienen que \u201cestar mal de la cabeza\u201d.<\/p>\n\n\n\n<p class=\"wp-block-paragraph\">Finalmente Valencia Castellanos hizo un reconocimiento firme y claro al poder judicial de la federacion por su trabajo emblematico, imparcial de justicia firme y respetuosa para las y los mexicanos en todas sus formas termino diciendo el empresario mexicano Valencia Castellanos, que solicita la intervenci\u00f2n del gobernador del estado Miguel \u00c0ngel Navarro Quintero para que meta en \u201ccintura\u201d al fiscal de nayarit Petronilo Diaz Ponce y no siga afectando el desarrollo y economia del estado.<\/p>\n","protected":false},"excerpt":{"rendered":"<p>Empresarios inmobiliarios, se\u00f1alan que el fiscal de Nayarit, Petronilo Diaz Ponce ejerciendo su autoridad de manera abusiva est\u00e0 despojando de sus propiedades a cientos de ciudadanos mediante juicios express\u201d para justificar sus aberrantes actos fuera de la ley Por: Javier Rojo Fregoso Tepic, Nayarit; martes, 14 de mayo del 2024.- El empresario Inmobiliario Eduardo Valencia [&hellip;]<\/p>\n","protected":false},"author":2,"featured_media":0,"comment_status":"open","ping_status":"open","sticky":false,"template":"","format":"standard","meta":{"footnotes":""},"categories":[6,4,7],"tags":[],"class_list":["post-16658","post","type-post","status-publish","format-standard","category-policiaca","category-principal","category-tepic"],"yoast_head":"<!-- This site is optimized with the Yoast SEO plugin v28.3 - https:\/\/yoast.com\/product\/yoast-seo-wordpress\/ -->\n<title>Truenan empresarios en contra del Fiscal Petronilo Diaz Ponce - Peri\u00f3dico Realidades<\/title>\n<meta name=\"robots\" content=\"index, follow, max-snippet:-1, max-image-preview:large, max-video-preview:-1\" \/>\n<link rel=\"canonical\" href=\"https:\/\/periodicorealidades.com\/index.php\/2024\/05\/13\/truenan-empresarios-en-contra-del-fiscal-petronilo-diaz-ponce\/\" \/>\n<meta property=\"og:locale\" content=\"es_MX\" \/>\n<meta property=\"og:type\" content=\"article\" \/>\n<meta property=\"og:title\" content=\"Truenan empresarios en contra del Fiscal Petronilo Diaz Ponce - Peri\u00f3dico Realidades\" \/>\n<meta property=\"og:description\" content=\"Empresarios inmobiliarios, se\u00f1alan que el fiscal de Nayarit, Petronilo Diaz Ponce ejerciendo su autoridad de manera abusiva est\u00e0 despojando de sus propiedades a cientos de ciudadanos mediante juicios express\u201d para justificar sus aberrantes actos fuera de la ley Por: Javier Rojo Fregoso Tepic, Nayarit; martes, 14 de mayo del 2024.- El empresario Inmobiliario Eduardo Valencia [&hellip;]\" \/>\n<meta property=\"og:url\" content=\"https:\/\/periodicorealidades.com\/index.php\/2024\/05\/13\/truenan-empresarios-en-contra-del-fiscal-petronilo-diaz-ponce\/\" \/>\n<meta property=\"og:site_name\" content=\"Peri\u00f3dico Realidades\" \/>\n<meta property=\"article:publisher\" content=\"https:\/\/www.facebook.com\/periodicorealidades.denayarit?mibextid=LQQJ4d\" \/>\n<meta property=\"article:published_time\" content=\"2024-05-14T05:28:56+00:00\" \/>\n<meta property=\"og:image\" content=\"https:\/\/periodicorealidades.com\/wp-content\/uploads\/2023\/11\/PETRONILO2.jpg\" \/>\n\t<meta property=\"og:image:width\" content=\"1111\" \/>\n\t<meta property=\"og:image:height\" content=\"694\" \/>\n\t<meta property=\"og:image:type\" content=\"image\/jpeg\" \/>\n<meta name=\"author\" content=\"editor\" \/>\n<meta name=\"twitter:card\" content=\"summary_large_image\" \/>\n<meta name=\"twitter:label1\" content=\"Escrito por\" \/>\n\t<meta name=\"twitter:data1\" content=\"editor\" \/>\n\t<meta name=\"twitter:label2\" content=\"Tiempo de lectura\" \/>\n\t<meta name=\"twitter:data2\" content=\"2 minutos\" \/>\n<script type=\"application\/ld+json\" class=\"yoast-schema-graph\">{\"@context\":\"https:\\\/\\\/schema.org\",\"@graph\":[{\"@type\":\"Article\",\"@id\":\"https:\\\/\\\/periodicorealidades.com\\\/index.php\\\/2024\\\/05\\\/13\\\/truenan-empresarios-en-contra-del-fiscal-petronilo-diaz-ponce\\\/#article\",\"isPartOf\":{\"@id\":\"https:\\\/\\\/periodicorealidades.com\\\/index.php\\\/2024\\\/05\\\/13\\\/truenan-empresarios-en-contra-del-fiscal-petronilo-diaz-ponce\\\/\"},\"author\":{\"name\":\"editor\",\"@id\":\"https:\\\/\\\/periodicorealidades.com\\\/#\\\/schema\\\/person\\\/c27da34ee13acaec3162071a3e1c7832\"},\"headline\":\"Truenan empresarios en contra del Fiscal Petronilo Diaz Ponce\",\"datePublished\":\"2024-05-14T05:28:56+00:00\",\"mainEntityOfPage\":{\"@id\":\"https:\\\/\\\/periodicorealidades.com\\\/index.php\\\/2024\\\/05\\\/13\\\/truenan-empresarios-en-contra-del-fiscal-petronilo-diaz-ponce\\\/\"},\"wordCount\":410,\"commentCount\":0,\"publisher\":{\"@id\":\"https:\\\/\\\/periodicorealidades.com\\\/#organization\"},\"articleSection\":[\"Policiaca\",\"Principal\",\"Tepic\"],\"inLanguage\":\"es\",\"potentialAction\":[{\"@type\":\"CommentAction\",\"name\":\"Comment\",\"target\":[\"https:\\\/\\\/periodicorealidades.com\\\/index.php\\\/2024\\\/05\\\/13\\\/truenan-empresarios-en-contra-del-fiscal-petronilo-diaz-ponce\\\/#respond\"]}]},{\"@type\":\"WebPage\",\"@id\":\"https:\\\/\\\/periodicorealidades.com\\\/index.php\\\/2024\\\/05\\\/13\\\/truenan-empresarios-en-contra-del-fiscal-petronilo-diaz-ponce\\\/\",\"url\":\"https:\\\/\\\/periodicorealidades.com\\\/index.php\\\/2024\\\/05\\\/13\\\/truenan-empresarios-en-contra-del-fiscal-petronilo-diaz-ponce\\\/\",\"name\":\"Truenan empresarios en contra del Fiscal Petronilo Diaz Ponce - Peri\u00f3dico Realidades\",\"isPartOf\":{\"@id\":\"https:\\\/\\\/periodicorealidades.com\\\/#website\"},\"datePublished\":\"2024-05-14T05:28:56+00:00\",\"breadcrumb\":{\"@id\":\"https:\\\/\\\/periodicorealidades.com\\\/index.php\\\/2024\\\/05\\\/13\\\/truenan-empresarios-en-contra-del-fiscal-petronilo-diaz-ponce\\\/#breadcrumb\"},\"inLanguage\":\"es\",\"potentialAction\":[{\"@type\":\"ReadAction\",\"target\":[\"https:\\\/\\\/periodicorealidades.com\\\/index.php\\\/2024\\\/05\\\/13\\\/truenan-empresarios-en-contra-del-fiscal-petronilo-diaz-ponce\\\/\"]}]},{\"@type\":\"BreadcrumbList\",\"@id\":\"https:\\\/\\\/periodicorealidades.com\\\/index.php\\\/2024\\\/05\\\/13\\\/truenan-empresarios-en-contra-del-fiscal-petronilo-diaz-ponce\\\/#breadcrumb\",\"itemListElement\":[{\"@type\":\"ListItem\",\"position\":1,\"name\":\"Inicio\",\"item\":\"https:\\\/\\\/periodicorealidades.com\\\/\"},{\"@type\":\"ListItem\",\"position\":2,\"name\":\"Truenan empresarios en contra del Fiscal Petronilo Diaz Ponce\"}]},{\"@type\":\"WebSite\",\"@id\":\"https:\\\/\\\/periodicorealidades.com\\\/#website\",\"url\":\"https:\\\/\\\/periodicorealidades.com\\\/\",\"name\":\"Peri\u00f3dico Realidades\",\"description\":\"M\u00e9dio de comunicaci\u00f3n en Nayarit\",\"publisher\":{\"@id\":\"https:\\\/\\\/periodicorealidades.com\\\/#organization\"},\"potentialAction\":[{\"@type\":\"SearchAction\",\"target\":{\"@type\":\"EntryPoint\",\"urlTemplate\":\"https:\\\/\\\/periodicorealidades.com\\\/?s={search_term_string}\"},\"query-input\":{\"@type\":\"PropertyValueSpecification\",\"valueRequired\":true,\"valueName\":\"search_term_string\"}}],\"inLanguage\":\"es\"},{\"@type\":\"Organization\",\"@id\":\"https:\\\/\\\/periodicorealidades.com\\\/#organization\",\"name\":\"Peri\u00f3dico Realidades\",\"url\":\"https:\\\/\\\/periodicorealidades.com\\\/\",\"logo\":{\"@type\":\"ImageObject\",\"inLanguage\":\"es\",\"@id\":\"https:\\\/\\\/periodicorealidades.com\\\/#\\\/schema\\\/logo\\\/image\\\/\",\"url\":\"https:\\\/\\\/periodicorealidades.com\\\/wp-content\\\/uploads\\\/2023\\\/05\\\/r-prueba.png\",\"contentUrl\":\"https:\\\/\\\/periodicorealidades.com\\\/wp-content\\\/uploads\\\/2023\\\/05\\\/r-prueba.png\",\"width\":709,\"height\":709,\"caption\":\"Peri\u00f3dico Realidades\"},\"image\":{\"@id\":\"https:\\\/\\\/periodicorealidades.com\\\/#\\\/schema\\\/logo\\\/image\\\/\"},\"sameAs\":[\"https:\\\/\\\/www.facebook.com\\\/periodicorealidades.denayarit?mibextid=LQQJ4d\"]},{\"@type\":\"Person\",\"@id\":\"https:\\\/\\\/periodicorealidades.com\\\/#\\\/schema\\\/person\\\/c27da34ee13acaec3162071a3e1c7832\",\"name\":\"editor\",\"image\":{\"@type\":\"ImageObject\",\"inLanguage\":\"es\",\"@id\":\"https:\\\/\\\/secure.gravatar.com\\\/avatar\\\/dda3c3f59ea25f4b53cd53df977b0b2628039b17268e57c944a79a00e8a56e26?s=96&d=mm&r=g\",\"url\":\"https:\\\/\\\/secure.gravatar.com\\\/avatar\\\/dda3c3f59ea25f4b53cd53df977b0b2628039b17268e57c944a79a00e8a56e26?s=96&d=mm&r=g\",\"contentUrl\":\"https:\\\/\\\/secure.gravatar.com\\\/avatar\\\/dda3c3f59ea25f4b53cd53df977b0b2628039b17268e57c944a79a00e8a56e26?s=96&d=mm&r=g\",\"caption\":\"editor\"},\"url\":\"https:\\\/\\\/periodicorealidades.com\\\/index.php\\\/author\\\/editor\\\/\"}]}<\/script>\n<!-- \/ Yoast SEO plugin. -->","yoast_head_json":{"title":"Truenan empresarios en contra del Fiscal Petronilo Diaz Ponce - Peri\u00f3dico Realidades","robots":{"index":"index","follow":"follow","max-snippet":"max-snippet:-1","max-image-preview":"max-image-preview:large","max-video-preview":"max-video-preview:-1"},"canonical":"https:\/\/periodicorealidades.com\/index.php\/2024\/05\/13\/truenan-empresarios-en-contra-del-fiscal-petronilo-diaz-ponce\/","og_locale":"es_MX","og_type":"article","og_title":"Truenan empresarios en contra del Fiscal Petronilo Diaz Ponce - Peri\u00f3dico Realidades","og_description":"Empresarios inmobiliarios, se\u00f1alan que el fiscal de Nayarit, Petronilo Diaz Ponce ejerciendo su autoridad de manera abusiva est\u00e0 despojando de sus propiedades a cientos de ciudadanos mediante juicios express\u201d para justificar sus aberrantes actos fuera de la ley Por: Javier Rojo Fregoso Tepic, Nayarit; martes, 14 de mayo del 2024.- El empresario Inmobiliario Eduardo Valencia [&hellip;]","og_url":"https:\/\/periodicorealidades.com\/index.php\/2024\/05\/13\/truenan-empresarios-en-contra-del-fiscal-petronilo-diaz-ponce\/","og_site_name":"Peri\u00f3dico Realidades","article_publisher":"https:\/\/www.facebook.com\/periodicorealidades.denayarit?mibextid=LQQJ4d","article_published_time":"2024-05-14T05:28:56+00:00","og_image":[{"width":1111,"height":694,"url":"https:\/\/periodicorealidades.com\/wp-content\/uploads\/2023\/11\/PETRONILO2.jpg","type":"image\/jpeg"}],"author":"editor","twitter_card":"summary_large_image","twitter_misc":{"Escrito por":"editor","Tiempo de lectura":"2 minutos"},"schema":{"@context":"https:\/\/schema.org","@graph":[{"@type":"Article","@id":"https:\/\/periodicorealidades.com\/index.php\/2024\/05\/13\/truenan-empresarios-en-contra-del-fiscal-petronilo-diaz-ponce\/#article","isPartOf":{"@id":"https:\/\/periodicorealidades.com\/index.php\/2024\/05\/13\/truenan-empresarios-en-contra-del-fiscal-petronilo-diaz-ponce\/"},"author":{"name":"editor","@id":"https:\/\/periodicorealidades.com\/#\/schema\/person\/c27da34ee13acaec3162071a3e1c7832"},"headline":"Truenan empresarios en contra del Fiscal Petronilo Diaz Ponce","datePublished":"2024-05-14T05:28:56+00:00","mainEntityOfPage":{"@id":"https:\/\/periodicorealidades.com\/index.php\/2024\/05\/13\/truenan-empresarios-en-contra-del-fiscal-petronilo-diaz-ponce\/"},"wordCount":410,"commentCount":0,"publisher":{"@id":"https:\/\/periodicorealidades.com\/#organization"},"articleSection":["Policiaca","Principal","Tepic"],"inLanguage":"es","potentialAction":[{"@type":"CommentAction","name":"Comment","target":["https:\/\/periodicorealidades.com\/index.php\/2024\/05\/13\/truenan-empresarios-en-contra-del-fiscal-petronilo-diaz-ponce\/#respond"]}]},{"@type":"WebPage","@id":"https:\/\/periodicorealidades.com\/index.php\/2024\/05\/13\/truenan-empresarios-en-contra-del-fiscal-petronilo-diaz-ponce\/","url":"https:\/\/periodicorealidades.com\/index.php\/2024\/05\/13\/truenan-empresarios-en-contra-del-fiscal-petronilo-diaz-ponce\/","name":"Truenan empresarios en contra del Fiscal Petronilo Diaz Ponce - Peri\u00f3dico Realidades","isPartOf":{"@id":"https:\/\/periodicorealidades.com\/#website"},"datePublished":"2024-05-14T05:28:56+00:00","breadcrumb":{"@id":"https:\/\/periodicorealidades.com\/index.php\/2024\/05\/13\/truenan-empresarios-en-contra-del-fiscal-petronilo-diaz-ponce\/#breadcrumb"},"inLanguage":"es","potentialAction":[{"@type":"ReadAction","target":["https:\/\/periodicorealidades.com\/index.php\/2024\/05\/13\/truenan-empresarios-en-contra-del-fiscal-petronilo-diaz-ponce\/"]}]},{"@type":"BreadcrumbList","@id":"https:\/\/periodicorealidades.com\/index.php\/2024\/05\/13\/truenan-empresarios-en-contra-del-fiscal-petronilo-diaz-ponce\/#breadcrumb","itemListElement":[{"@type":"ListItem","position":1,"name":"Inicio","item":"https:\/\/periodicorealidades.com\/"},{"@type":"ListItem","position":2,"name":"Truenan empresarios en contra del Fiscal Petronilo Diaz Ponce"}]},{"@type":"WebSite","@id":"https:\/\/periodicorealidades.com\/#website","url":"https:\/\/periodicorealidades.com\/","name":"Peri\u00f3dico Realidades","description":"M\u00e9dio de comunicaci\u00f3n en Nayarit","publisher":{"@id":"https:\/\/periodicorealidades.com\/#organization"},"potentialAction":[{"@type":"SearchAction","target":{"@type":"EntryPoint","urlTemplate":"https:\/\/periodicorealidades.com\/?s={search_term_string}"},"query-input":{"@type":"PropertyValueSpecification","valueRequired":true,"valueName":"search_term_string"}}],"inLanguage":"es"},{"@type":"Organization","@id":"https:\/\/periodicorealidades.com\/#organization","name":"Peri\u00f3dico Realidades","url":"https:\/\/periodicorealidades.com\/","logo":{"@type":"ImageObject","inLanguage":"es","@id":"https:\/\/periodicorealidades.com\/#\/schema\/logo\/image\/","url":"https:\/\/periodicorealidades.com\/wp-content\/uploads\/2023\/05\/r-prueba.png","contentUrl":"https:\/\/periodicorealidades.com\/wp-content\/uploads\/2023\/05\/r-prueba.png","width":709,"height":709,"caption":"Peri\u00f3dico Realidades"},"image":{"@id":"https:\/\/periodicorealidades.com\/#\/schema\/logo\/image\/"},"sameAs":["https:\/\/www.facebook.com\/periodicorealidades.denayarit?mibextid=LQQJ4d"]},{"@type":"Person","@id":"https:\/\/periodicorealidades.com\/#\/schema\/person\/c27da34ee13acaec3162071a3e1c7832","name":"editor","image":{"@type":"ImageObject","inLanguage":"es","@id":"https:\/\/secure.gravatar.com\/avatar\/dda3c3f59ea25f4b53cd53df977b0b2628039b17268e57c944a79a00e8a56e26?s=96&d=mm&r=g","url":"https:\/\/secure.gravatar.com\/avatar\/dda3c3f59ea25f4b53cd53df977b0b2628039b17268e57c944a79a00e8a56e26?s=96&d=mm&r=g","contentUrl":"https:\/\/secure.gravatar.com\/avatar\/dda3c3f59ea25f4b53cd53df977b0b2628039b17268e57c944a79a00e8a56e26?s=96&d=mm&r=g","caption":"editor"},"url":"https:\/\/periodicorealidades.com\/index.php\/author\/editor\/"}]}},"_links":{"self":[{"href":"https:\/\/periodicorealidades.com\/index.php\/wp-json\/wp\/v2\/posts\/16658","targetHints":{"allow":["GET"]}}],"collection":[{"href":"https:\/\/periodicorealidades.com\/index.php\/wp-json\/wp\/v2\/posts"}],"about":[{"href":"https:\/\/periodicorealidades.com\/index.php\/wp-json\/wp\/v2\/types\/post"}],"author":[{"embeddable":true,"href":"https:\/\/periodicorealidades.com\/index.php\/wp-json\/wp\/v2\/users\/2"}],"replies":[{"embeddable":true,"href":"https:\/\/periodicorealidades.com\/index.php\/wp-json\/wp\/v2\/comments?post=16658"}],"version-history":[{"count":0,"href":"https:\/\/periodicorealidades.com\/index.php\/wp-json\/wp\/v2\/posts\/16658\/revisions"}],"wp:attachment":[{"href":"https:\/\/periodicorealidades.com\/index.php\/wp-json\/wp\/v2\/media?parent=16658"}],"wp:term":[{"taxonomy":"category","embeddable":true,"href":"https:\/\/periodicorealidades.com\/index.php\/wp-json\/wp\/v2\/categories?post=16658"},{"taxonomy":"post_tag","embeddable":true,"href":"https:\/\/periodicorealidades.com\/index.php\/wp-json\/wp\/v2\/tags?post=16658"}],"curies":[{"name":"wp","href":"https:\/\/api.w.org\/{rel}","templated":true}]}}