{"id":42032,"date":"2025-04-06T21:58:45","date_gmt":"2025-04-07T04:58:45","guid":{"rendered":"https:\/\/periodicorealidades.com\/?p=42032"},"modified":"2025-04-06T21:58:45","modified_gmt":"2025-04-07T04:58:45","slug":"dara-imss-atencion-los-fines-de-semana-en-todo-el-pais","status":"publish","type":"post","link":"https:\/\/periodicorealidades.com\/index.php\/2025\/04\/06\/dara-imss-atencion-los-fines-de-semana-en-todo-el-pais\/","title":{"rendered":"Dar\u00e1 IMSS atenci\u00f3n los fines de semana en todo el pa\u00eds"},"content":{"rendered":"\n<p class=\"wp-block-paragraph\">El Instituto Mexicano del Seguro Social (IMSS) aplicar\u00e1 el Programa de Atenci\u00f3n de Unidades M\u00e9dicas de Tiempo Completo a nivel nacional para ampliar la cobertura m\u00e9dica los fines de semana.&nbsp;<\/p>\n\n\n\n<p class=\"wp-block-paragraph\">Por: Agencias<\/p>\n\n\n\n<p class=\"wp-block-paragraph\">Ciudad de M\u00e9xico; lunes, 07 de abril del 2025.- En un comunicado, explic\u00f3 que su primera etapa se trabajar\u00e1 con 219 unidades m\u00e9dicas en 34 \u00d3rganos de Operaci\u00f3n Administrativa Desconcentrada del IMSS, que ofrecen servicios s\u00e1bados y domingos; este mismo a\u00f1o se prev\u00e9 integrar al mismo proyecto otras 181 Unidades de Medicina Familiar para llegar a 400.<\/p>\n\n\n\n<p class=\"wp-block-paragraph\">La coordinadora de Programas M\u00e9dicos en el Primer Nivel de Atenci\u00f3n, la doctora, Rosalinda Villegas Navarro, indic\u00f3 que con este plan se busca que la derechohabiencia reciba atenci\u00f3n y servicios m\u00e9dicos integrales y continuos, tales como consultas m\u00e9dicas, de nutrici\u00f3n y de vacunaci\u00f3n, acciones preventivas y atenci\u00f3n estomatol\u00f3gica, servicio de farmacia, entre otros, a trav\u00e9s del uso eficiente de la infraestructura ya existente en las Unidades de Medicina Familiar, con personal de base y directivo.<\/p>\n\n\n\n<p class=\"wp-block-paragraph\">Indic\u00f3 que las unidades que participar\u00e1n en esta estrategia tienen sobredemanda y una poblaci\u00f3n adscrita superior a los 2 mil 400 derechohabientes.<\/p>\n\n\n\n<p class=\"wp-block-paragraph\">La atenci\u00f3n a los derechohabientes en s\u00e1bado y domingo ser\u00e1 desde las 7:00 a las 10:30 horas, con ello, dijo, se evitar\u00e1 el diferimiento en las consultas que se realizan de lunes a viernes.<\/p>\n\n\n\n<p class=\"wp-block-paragraph\">Record\u00f3 que este programa funciona desde el 2020, aunque en hospitales de segundo nivel. En 2022 se otorgaron 996 mil 114 consultas; en 2023 el n\u00famero se ubic\u00f3 en un mill\u00f3n 32 mil 915, mientras que en 2024 la cifra alcanz\u00f3 las 2 millones 846 mil 704 atenciones, lo que indica un incremento de casi 23 por ciento desde al arranque de dicha estrategia en 2022.<\/p>\n","protected":false},"excerpt":{"rendered":"<p>El Instituto Mexicano del Seguro Social (IMSS) aplicar\u00e1 el Programa de Atenci\u00f3n de Unidades M\u00e9dicas de Tiempo Completo a nivel nacional para ampliar la cobertura m\u00e9dica los fines de semana.&nbsp; Por: Agencias Ciudad de M\u00e9xico; lunes, 07 de abril del 2025.- En un comunicado, explic\u00f3 que su primera etapa se trabajar\u00e1 con 219 unidades m\u00e9dicas [&hellip;]<\/p>\n","protected":false},"author":2,"featured_media":0,"comment_status":"open","ping_status":"open","sticky":false,"template":"","format":"standard","meta":{"footnotes":""},"categories":[12,4],"tags":[],"class_list":["post-42032","post","type-post","status-publish","format-standard","category-nacional","category-principal"],"yoast_head":"<!-- This site is optimized with the Yoast SEO plugin v28.3 - https:\/\/yoast.com\/product\/yoast-seo-wordpress\/ -->\n<title>Dar\u00e1 IMSS atenci\u00f3n los fines de semana en todo el pa\u00eds - Peri\u00f3dico Realidades<\/title>\n<meta name=\"robots\" content=\"index, follow, max-snippet:-1, max-image-preview:large, max-video-preview:-1\" \/>\n<link rel=\"canonical\" href=\"https:\/\/periodicorealidades.com\/index.php\/2025\/04\/06\/dara-imss-atencion-los-fines-de-semana-en-todo-el-pais\/\" \/>\n<meta property=\"og:locale\" content=\"es_MX\" \/>\n<meta property=\"og:type\" content=\"article\" \/>\n<meta property=\"og:title\" content=\"Dar\u00e1 IMSS atenci\u00f3n los fines de semana en todo el pa\u00eds - Peri\u00f3dico Realidades\" \/>\n<meta property=\"og:description\" content=\"El Instituto Mexicano del Seguro Social (IMSS) aplicar\u00e1 el Programa de Atenci\u00f3n de Unidades M\u00e9dicas de Tiempo Completo a nivel nacional para ampliar la cobertura m\u00e9dica los fines de semana.&nbsp; Por: Agencias Ciudad de M\u00e9xico; lunes, 07 de abril del 2025.- En un comunicado, explic\u00f3 que su primera etapa se trabajar\u00e1 con 219 unidades m\u00e9dicas [&hellip;]\" \/>\n<meta property=\"og:url\" content=\"https:\/\/periodicorealidades.com\/index.php\/2025\/04\/06\/dara-imss-atencion-los-fines-de-semana-en-todo-el-pais\/\" \/>\n<meta property=\"og:site_name\" content=\"Peri\u00f3dico Realidades\" \/>\n<meta property=\"article:publisher\" content=\"https:\/\/www.facebook.com\/periodicorealidades.denayarit?mibextid=LQQJ4d\" \/>\n<meta property=\"article:published_time\" content=\"2025-04-07T04:58:45+00:00\" \/>\n<meta property=\"og:image\" content=\"https:\/\/periodicorealidades.com\/wp-content\/uploads\/2025\/04\/zoe-robledo-imss.jpg\" \/>\n\t<meta property=\"og:image:width\" content=\"1920\" \/>\n\t<meta property=\"og:image:height\" content=\"1280\" \/>\n\t<meta property=\"og:image:type\" content=\"image\/jpeg\" \/>\n<meta name=\"author\" content=\"editor\" \/>\n<meta name=\"twitter:card\" content=\"summary_large_image\" \/>\n<meta name=\"twitter:label1\" content=\"Escrito por\" \/>\n\t<meta name=\"twitter:data1\" content=\"editor\" \/>\n\t<meta name=\"twitter:label2\" content=\"Tiempo de lectura\" \/>\n\t<meta name=\"twitter:data2\" content=\"2 minutos\" \/>\n<script type=\"application\/ld+json\" class=\"yoast-schema-graph\">{\"@context\":\"https:\\\/\\\/schema.org\",\"@graph\":[{\"@type\":\"Article\",\"@id\":\"https:\\\/\\\/periodicorealidades.com\\\/index.php\\\/2025\\\/04\\\/06\\\/dara-imss-atencion-los-fines-de-semana-en-todo-el-pais\\\/#article\",\"isPartOf\":{\"@id\":\"https:\\\/\\\/periodicorealidades.com\\\/index.php\\\/2025\\\/04\\\/06\\\/dara-imss-atencion-los-fines-de-semana-en-todo-el-pais\\\/\"},\"author\":{\"name\":\"editor\",\"@id\":\"https:\\\/\\\/periodicorealidades.com\\\/#\\\/schema\\\/person\\\/c27da34ee13acaec3162071a3e1c7832\"},\"headline\":\"Dar\u00e1 IMSS atenci\u00f3n los fines de semana en todo el pa\u00eds\",\"datePublished\":\"2025-04-07T04:58:45+00:00\",\"mainEntityOfPage\":{\"@id\":\"https:\\\/\\\/periodicorealidades.com\\\/index.php\\\/2025\\\/04\\\/06\\\/dara-imss-atencion-los-fines-de-semana-en-todo-el-pais\\\/\"},\"wordCount\":302,\"commentCount\":0,\"publisher\":{\"@id\":\"https:\\\/\\\/periodicorealidades.com\\\/#organization\"},\"articleSection\":[\"Nacional\",\"Principal\"],\"inLanguage\":\"es\",\"potentialAction\":[{\"@type\":\"CommentAction\",\"name\":\"Comment\",\"target\":[\"https:\\\/\\\/periodicorealidades.com\\\/index.php\\\/2025\\\/04\\\/06\\\/dara-imss-atencion-los-fines-de-semana-en-todo-el-pais\\\/#respond\"]}]},{\"@type\":\"WebPage\",\"@id\":\"https:\\\/\\\/periodicorealidades.com\\\/index.php\\\/2025\\\/04\\\/06\\\/dara-imss-atencion-los-fines-de-semana-en-todo-el-pais\\\/\",\"url\":\"https:\\\/\\\/periodicorealidades.com\\\/index.php\\\/2025\\\/04\\\/06\\\/dara-imss-atencion-los-fines-de-semana-en-todo-el-pais\\\/\",\"name\":\"Dar\u00e1 IMSS atenci\u00f3n los fines de semana en todo el pa\u00eds - Peri\u00f3dico Realidades\",\"isPartOf\":{\"@id\":\"https:\\\/\\\/periodicorealidades.com\\\/#website\"},\"datePublished\":\"2025-04-07T04:58:45+00:00\",\"breadcrumb\":{\"@id\":\"https:\\\/\\\/periodicorealidades.com\\\/index.php\\\/2025\\\/04\\\/06\\\/dara-imss-atencion-los-fines-de-semana-en-todo-el-pais\\\/#breadcrumb\"},\"inLanguage\":\"es\",\"potentialAction\":[{\"@type\":\"ReadAction\",\"target\":[\"https:\\\/\\\/periodicorealidades.com\\\/index.php\\\/2025\\\/04\\\/06\\\/dara-imss-atencion-los-fines-de-semana-en-todo-el-pais\\\/\"]}]},{\"@type\":\"BreadcrumbList\",\"@id\":\"https:\\\/\\\/periodicorealidades.com\\\/index.php\\\/2025\\\/04\\\/06\\\/dara-imss-atencion-los-fines-de-semana-en-todo-el-pais\\\/#breadcrumb\",\"itemListElement\":[{\"@type\":\"ListItem\",\"position\":1,\"name\":\"Inicio\",\"item\":\"https:\\\/\\\/periodicorealidades.com\\\/\"},{\"@type\":\"ListItem\",\"position\":2,\"name\":\"Dar\u00e1 IMSS atenci\u00f3n los fines de semana en todo el pa\u00eds\"}]},{\"@type\":\"WebSite\",\"@id\":\"https:\\\/\\\/periodicorealidades.com\\\/#website\",\"url\":\"https:\\\/\\\/periodicorealidades.com\\\/\",\"name\":\"Peri\u00f3dico Realidades\",\"description\":\"M\u00e9dio de comunicaci\u00f3n en Nayarit\",\"publisher\":{\"@id\":\"https:\\\/\\\/periodicorealidades.com\\\/#organization\"},\"potentialAction\":[{\"@type\":\"SearchAction\",\"target\":{\"@type\":\"EntryPoint\",\"urlTemplate\":\"https:\\\/\\\/periodicorealidades.com\\\/?s={search_term_string}\"},\"query-input\":{\"@type\":\"PropertyValueSpecification\",\"valueRequired\":true,\"valueName\":\"search_term_string\"}}],\"inLanguage\":\"es\"},{\"@type\":\"Organization\",\"@id\":\"https:\\\/\\\/periodicorealidades.com\\\/#organization\",\"name\":\"Peri\u00f3dico Realidades\",\"url\":\"https:\\\/\\\/periodicorealidades.com\\\/\",\"logo\":{\"@type\":\"ImageObject\",\"inLanguage\":\"es\",\"@id\":\"https:\\\/\\\/periodicorealidades.com\\\/#\\\/schema\\\/logo\\\/image\\\/\",\"url\":\"https:\\\/\\\/periodicorealidades.com\\\/wp-content\\\/uploads\\\/2023\\\/05\\\/r-prueba.png\",\"contentUrl\":\"https:\\\/\\\/periodicorealidades.com\\\/wp-content\\\/uploads\\\/2023\\\/05\\\/r-prueba.png\",\"width\":709,\"height\":709,\"caption\":\"Peri\u00f3dico Realidades\"},\"image\":{\"@id\":\"https:\\\/\\\/periodicorealidades.com\\\/#\\\/schema\\\/logo\\\/image\\\/\"},\"sameAs\":[\"https:\\\/\\\/www.facebook.com\\\/periodicorealidades.denayarit?mibextid=LQQJ4d\"]},{\"@type\":\"Person\",\"@id\":\"https:\\\/\\\/periodicorealidades.com\\\/#\\\/schema\\\/person\\\/c27da34ee13acaec3162071a3e1c7832\",\"name\":\"editor\",\"image\":{\"@type\":\"ImageObject\",\"inLanguage\":\"es\",\"@id\":\"https:\\\/\\\/secure.gravatar.com\\\/avatar\\\/dda3c3f59ea25f4b53cd53df977b0b2628039b17268e57c944a79a00e8a56e26?s=96&d=mm&r=g\",\"url\":\"https:\\\/\\\/secure.gravatar.com\\\/avatar\\\/dda3c3f59ea25f4b53cd53df977b0b2628039b17268e57c944a79a00e8a56e26?s=96&d=mm&r=g\",\"contentUrl\":\"https:\\\/\\\/secure.gravatar.com\\\/avatar\\\/dda3c3f59ea25f4b53cd53df977b0b2628039b17268e57c944a79a00e8a56e26?s=96&d=mm&r=g\",\"caption\":\"editor\"},\"url\":\"https:\\\/\\\/periodicorealidades.com\\\/index.php\\\/author\\\/editor\\\/\"}]}<\/script>\n<!-- \/ Yoast SEO plugin. -->","yoast_head_json":{"title":"Dar\u00e1 IMSS atenci\u00f3n los fines de semana en todo el pa\u00eds - Peri\u00f3dico Realidades","robots":{"index":"index","follow":"follow","max-snippet":"max-snippet:-1","max-image-preview":"max-image-preview:large","max-video-preview":"max-video-preview:-1"},"canonical":"https:\/\/periodicorealidades.com\/index.php\/2025\/04\/06\/dara-imss-atencion-los-fines-de-semana-en-todo-el-pais\/","og_locale":"es_MX","og_type":"article","og_title":"Dar\u00e1 IMSS atenci\u00f3n los fines de semana en todo el pa\u00eds - Peri\u00f3dico Realidades","og_description":"El Instituto Mexicano del Seguro Social (IMSS) aplicar\u00e1 el Programa de Atenci\u00f3n de Unidades M\u00e9dicas de Tiempo Completo a nivel nacional para ampliar la cobertura m\u00e9dica los fines de semana.&nbsp; Por: Agencias Ciudad de M\u00e9xico; lunes, 07 de abril del 2025.- En un comunicado, explic\u00f3 que su primera etapa se trabajar\u00e1 con 219 unidades m\u00e9dicas [&hellip;]","og_url":"https:\/\/periodicorealidades.com\/index.php\/2025\/04\/06\/dara-imss-atencion-los-fines-de-semana-en-todo-el-pais\/","og_site_name":"Peri\u00f3dico Realidades","article_publisher":"https:\/\/www.facebook.com\/periodicorealidades.denayarit?mibextid=LQQJ4d","article_published_time":"2025-04-07T04:58:45+00:00","og_image":[{"width":1920,"height":1280,"url":"https:\/\/periodicorealidades.com\/wp-content\/uploads\/2025\/04\/zoe-robledo-imss.jpg","type":"image\/jpeg"}],"author":"editor","twitter_card":"summary_large_image","twitter_misc":{"Escrito por":"editor","Tiempo de lectura":"2 minutos"},"schema":{"@context":"https:\/\/schema.org","@graph":[{"@type":"Article","@id":"https:\/\/periodicorealidades.com\/index.php\/2025\/04\/06\/dara-imss-atencion-los-fines-de-semana-en-todo-el-pais\/#article","isPartOf":{"@id":"https:\/\/periodicorealidades.com\/index.php\/2025\/04\/06\/dara-imss-atencion-los-fines-de-semana-en-todo-el-pais\/"},"author":{"name":"editor","@id":"https:\/\/periodicorealidades.com\/#\/schema\/person\/c27da34ee13acaec3162071a3e1c7832"},"headline":"Dar\u00e1 IMSS atenci\u00f3n los fines de semana en todo el pa\u00eds","datePublished":"2025-04-07T04:58:45+00:00","mainEntityOfPage":{"@id":"https:\/\/periodicorealidades.com\/index.php\/2025\/04\/06\/dara-imss-atencion-los-fines-de-semana-en-todo-el-pais\/"},"wordCount":302,"commentCount":0,"publisher":{"@id":"https:\/\/periodicorealidades.com\/#organization"},"articleSection":["Nacional","Principal"],"inLanguage":"es","potentialAction":[{"@type":"CommentAction","name":"Comment","target":["https:\/\/periodicorealidades.com\/index.php\/2025\/04\/06\/dara-imss-atencion-los-fines-de-semana-en-todo-el-pais\/#respond"]}]},{"@type":"WebPage","@id":"https:\/\/periodicorealidades.com\/index.php\/2025\/04\/06\/dara-imss-atencion-los-fines-de-semana-en-todo-el-pais\/","url":"https:\/\/periodicorealidades.com\/index.php\/2025\/04\/06\/dara-imss-atencion-los-fines-de-semana-en-todo-el-pais\/","name":"Dar\u00e1 IMSS atenci\u00f3n los fines de semana en todo el pa\u00eds - Peri\u00f3dico Realidades","isPartOf":{"@id":"https:\/\/periodicorealidades.com\/#website"},"datePublished":"2025-04-07T04:58:45+00:00","breadcrumb":{"@id":"https:\/\/periodicorealidades.com\/index.php\/2025\/04\/06\/dara-imss-atencion-los-fines-de-semana-en-todo-el-pais\/#breadcrumb"},"inLanguage":"es","potentialAction":[{"@type":"ReadAction","target":["https:\/\/periodicorealidades.com\/index.php\/2025\/04\/06\/dara-imss-atencion-los-fines-de-semana-en-todo-el-pais\/"]}]},{"@type":"BreadcrumbList","@id":"https:\/\/periodicorealidades.com\/index.php\/2025\/04\/06\/dara-imss-atencion-los-fines-de-semana-en-todo-el-pais\/#breadcrumb","itemListElement":[{"@type":"ListItem","position":1,"name":"Inicio","item":"https:\/\/periodicorealidades.com\/"},{"@type":"ListItem","position":2,"name":"Dar\u00e1 IMSS atenci\u00f3n los fines de semana en todo el pa\u00eds"}]},{"@type":"WebSite","@id":"https:\/\/periodicorealidades.com\/#website","url":"https:\/\/periodicorealidades.com\/","name":"Peri\u00f3dico Realidades","description":"M\u00e9dio de comunicaci\u00f3n en Nayarit","publisher":{"@id":"https:\/\/periodicorealidades.com\/#organization"},"potentialAction":[{"@type":"SearchAction","target":{"@type":"EntryPoint","urlTemplate":"https:\/\/periodicorealidades.com\/?s={search_term_string}"},"query-input":{"@type":"PropertyValueSpecification","valueRequired":true,"valueName":"search_term_string"}}],"inLanguage":"es"},{"@type":"Organization","@id":"https:\/\/periodicorealidades.com\/#organization","name":"Peri\u00f3dico Realidades","url":"https:\/\/periodicorealidades.com\/","logo":{"@type":"ImageObject","inLanguage":"es","@id":"https:\/\/periodicorealidades.com\/#\/schema\/logo\/image\/","url":"https:\/\/periodicorealidades.com\/wp-content\/uploads\/2023\/05\/r-prueba.png","contentUrl":"https:\/\/periodicorealidades.com\/wp-content\/uploads\/2023\/05\/r-prueba.png","width":709,"height":709,"caption":"Peri\u00f3dico Realidades"},"image":{"@id":"https:\/\/periodicorealidades.com\/#\/schema\/logo\/image\/"},"sameAs":["https:\/\/www.facebook.com\/periodicorealidades.denayarit?mibextid=LQQJ4d"]},{"@type":"Person","@id":"https:\/\/periodicorealidades.com\/#\/schema\/person\/c27da34ee13acaec3162071a3e1c7832","name":"editor","image":{"@type":"ImageObject","inLanguage":"es","@id":"https:\/\/secure.gravatar.com\/avatar\/dda3c3f59ea25f4b53cd53df977b0b2628039b17268e57c944a79a00e8a56e26?s=96&d=mm&r=g","url":"https:\/\/secure.gravatar.com\/avatar\/dda3c3f59ea25f4b53cd53df977b0b2628039b17268e57c944a79a00e8a56e26?s=96&d=mm&r=g","contentUrl":"https:\/\/secure.gravatar.com\/avatar\/dda3c3f59ea25f4b53cd53df977b0b2628039b17268e57c944a79a00e8a56e26?s=96&d=mm&r=g","caption":"editor"},"url":"https:\/\/periodicorealidades.com\/index.php\/author\/editor\/"}]}},"_links":{"self":[{"href":"https:\/\/periodicorealidades.com\/index.php\/wp-json\/wp\/v2\/posts\/42032","targetHints":{"allow":["GET"]}}],"collection":[{"href":"https:\/\/periodicorealidades.com\/index.php\/wp-json\/wp\/v2\/posts"}],"about":[{"href":"https:\/\/periodicorealidades.com\/index.php\/wp-json\/wp\/v2\/types\/post"}],"author":[{"embeddable":true,"href":"https:\/\/periodicorealidades.com\/index.php\/wp-json\/wp\/v2\/users\/2"}],"replies":[{"embeddable":true,"href":"https:\/\/periodicorealidades.com\/index.php\/wp-json\/wp\/v2\/comments?post=42032"}],"version-history":[{"count":0,"href":"https:\/\/periodicorealidades.com\/index.php\/wp-json\/wp\/v2\/posts\/42032\/revisions"}],"wp:attachment":[{"href":"https:\/\/periodicorealidades.com\/index.php\/wp-json\/wp\/v2\/media?parent=42032"}],"wp:term":[{"taxonomy":"category","embeddable":true,"href":"https:\/\/periodicorealidades.com\/index.php\/wp-json\/wp\/v2\/categories?post=42032"},{"taxonomy":"post_tag","embeddable":true,"href":"https:\/\/periodicorealidades.com\/index.php\/wp-json\/wp\/v2\/tags?post=42032"}],"curies":[{"name":"wp","href":"https:\/\/api.w.org\/{rel}","templated":true}]}}