{"id":46942,"date":"2025-06-16T14:55:42","date_gmt":"2025-06-16T21:55:42","guid":{"rendered":"https:\/\/periodicorealidades.com\/?p=46942"},"modified":"2025-06-16T14:55:43","modified_gmt":"2025-06-16T21:55:43","slug":"sudor-en-las-manos-un-obstaculo-que-condiciona-la-vida-social-academica-y-emocional","status":"publish","type":"post","link":"https:\/\/periodicorealidades.com\/index.php\/2025\/06\/16\/sudor-en-las-manos-un-obstaculo-que-condiciona-la-vida-social-academica-y-emocional\/","title":{"rendered":"Sudor en las Manos, un Obst\u00e1culo que Condiciona la Vida Social, Acad\u00e9mica y Emocional"},"content":{"rendered":"\n<p class=\"wp-block-paragraph\">Para muchas personas, el sudor es una respuesta natural del cuerpo, pero para quienes padecen <strong>hiperhidrosis palmar<\/strong>, el exceso de sudor en las manos se convierte en un verdadero desaf\u00edo diario que afecta su vida social, acad\u00e9mica y emocional.<\/p>\n\n\n\n<p class=\"wp-block-paragraph\">La <strong>hiperhidrosis palmar<\/strong> es una condici\u00f3n en la que la transpiraci\u00f3n, en lugar de cumplir \u00fanicamente su funci\u00f3n reguladora de la temperatura, se presenta en exceso y de forma constante. Seg\u00fan la dermat\u00f3loga <strong>Adriana Miranda<\/strong>, esta afecci\u00f3n puede tener causas emocionales, como el nerviosismo y la ansiedad, pero tambi\u00e9n f\u00edsicas, como enfermedades cr\u00f3nicas (por ejemplo, la diabetes), el consumo de alcohol, ciertos alimentos condimentados o picantes, e incluso algunos medicamentos.<\/p>\n\n\n\n<p class=\"wp-block-paragraph\">Esta condici\u00f3n puede dificultar tareas tan b\u00e1sicas como escribir, usar dispositivos electr\u00f3nicos, manejar herramientas o simplemente dar un apret\u00f3n de manos. Quienes la padecen suelen evitar el contacto f\u00edsico por verg\u00fcenza o miedo al rechazo. As\u00ed lo expresa <strong>Valeria<\/strong>, una joven deportista:<br><em>&#8220;Antes de cada competencia me sudan demasiado las manos, y m\u00e1s si traigo vendas, porque quedan todas mojadas. Tambi\u00e9n me ha pasado cuando estoy nerviosa, que sudo tanto que hasta mancho los objetos o me da pena saludar.&#8221;<\/em><\/p>\n\n\n\n<p class=\"wp-block-paragraph\">Aunque no es una enfermedad mortal, <strong>la hiperhidrosis tiene un impacto considerable en la salud f\u00edsica y mental<\/strong>. As\u00ed lo confirma <strong>Carlos Enrique<\/strong>, quien relata: <em>\u201cS\u00ed conozco personas con este problema y muchas veces no quieren saludar. Ya en confianza me cuentan que est\u00e1n en tratamiento, incluso psicol\u00f3gico, porque realmente les afecta mucho.\u201d<\/em><\/p>\n\n\n\n<p class=\"wp-block-paragraph\">Seg\u00fan cifras de la <strong>Asociaci\u00f3n Mexicana de Dermatolog\u00eda<\/strong>, al menos el <strong>3% de la poblaci\u00f3n mexicana<\/strong> podr\u00eda vivir con esta condici\u00f3n, aunque muchos casos no son diagnosticados debido al desconocimiento y la estigmatizaci\u00f3n. Esto lleva a algunas personas a recurrir a <strong>remedios caseros<\/strong> como exfoliaciones con lim\u00f3n, sal o az\u00facar, lo cual puede resultar contraproducente. La doctora Miranda advierte: <em>\u201cMuchos de estos remedios no solucionan el problema y s\u00ed pueden irritar o quemar la piel. Lo mejor es acudir a un dermat\u00f3logo para recibir un tratamiento adecuado.\u201d<\/em><\/p>\n\n\n\n<p class=\"wp-block-paragraph\">La hiperhidrosis palmar no debe ser minimizada. Si bien no representa un peligro vital, su impacto en la calidad de vida es profundo, por lo que <strong>buscar atenci\u00f3n m\u00e9dica especializada<\/strong> es fundamental para mejorar tanto el bienestar f\u00edsico como el emocional de quienes la padecen.<\/p>\n\n\n\n<p class=\"wp-block-paragraph\"><\/p>\n","protected":false},"excerpt":{"rendered":"<p>Para muchas personas, el sudor es una respuesta natural del cuerpo, pero para quienes padecen hiperhidrosis palmar, el exceso de sudor en las manos se convierte en un verdadero desaf\u00edo diario que afecta su vida social, acad\u00e9mica y emocional. La hiperhidrosis palmar es una condici\u00f3n en la que la transpiraci\u00f3n, en lugar de cumplir \u00fanicamente [&hellip;]<\/p>\n","protected":false},"author":4,"featured_media":0,"comment_status":"open","ping_status":"open","sticky":false,"template":"","format":"standard","meta":{"footnotes":""},"categories":[14],"tags":[],"class_list":["post-46942","post","type-post","status-publish","format-standard","category-salud"],"yoast_head":"<!-- This site is optimized with the Yoast SEO plugin v28.3 - https:\/\/yoast.com\/product\/yoast-seo-wordpress\/ -->\n<title>Sudor en las Manos, un Obst\u00e1culo que Condiciona la Vida Social, Acad\u00e9mica y Emocional - Peri\u00f3dico Realidades<\/title>\n<meta name=\"robots\" content=\"index, follow, max-snippet:-1, max-image-preview:large, max-video-preview:-1\" \/>\n<link rel=\"canonical\" href=\"https:\/\/periodicorealidades.com\/index.php\/2025\/06\/16\/sudor-en-las-manos-un-obstaculo-que-condiciona-la-vida-social-academica-y-emocional\/\" \/>\n<meta property=\"og:locale\" content=\"es_MX\" \/>\n<meta property=\"og:type\" content=\"article\" \/>\n<meta property=\"og:title\" content=\"Sudor en las Manos, un Obst\u00e1culo que Condiciona la Vida Social, Acad\u00e9mica y Emocional - Peri\u00f3dico Realidades\" \/>\n<meta property=\"og:description\" content=\"Para muchas personas, el sudor es una respuesta natural del cuerpo, pero para quienes padecen hiperhidrosis palmar, el exceso de sudor en las manos se convierte en un verdadero desaf\u00edo diario que afecta su vida social, acad\u00e9mica y emocional. La hiperhidrosis palmar es una condici\u00f3n en la que la transpiraci\u00f3n, en lugar de cumplir \u00fanicamente [&hellip;]\" \/>\n<meta property=\"og:url\" content=\"https:\/\/periodicorealidades.com\/index.php\/2025\/06\/16\/sudor-en-las-manos-un-obstaculo-que-condiciona-la-vida-social-academica-y-emocional\/\" \/>\n<meta property=\"og:site_name\" content=\"Peri\u00f3dico Realidades\" \/>\n<meta property=\"article:publisher\" content=\"https:\/\/www.facebook.com\/periodicorealidades.denayarit?mibextid=LQQJ4d\" \/>\n<meta property=\"article:published_time\" content=\"2025-06-16T21:55:42+00:00\" \/>\n<meta property=\"article:modified_time\" content=\"2025-06-16T21:55:43+00:00\" \/>\n<meta property=\"og:image\" content=\"https:\/\/periodicorealidades.com\/wp-content\/uploads\/2025\/06\/image-119.png\" \/>\n\t<meta property=\"og:image:width\" content=\"320\" \/>\n\t<meta property=\"og:image:height\" content=\"240\" \/>\n\t<meta property=\"og:image:type\" content=\"image\/png\" \/>\n<meta name=\"author\" content=\"Arcelia\" \/>\n<meta name=\"twitter:card\" content=\"summary_large_image\" \/>\n<meta name=\"twitter:label1\" content=\"Escrito por\" \/>\n\t<meta name=\"twitter:data1\" content=\"Arcelia\" \/>\n\t<meta name=\"twitter:label2\" content=\"Tiempo de lectura\" \/>\n\t<meta name=\"twitter:data2\" content=\"2 minutos\" \/>\n<script type=\"application\/ld+json\" class=\"yoast-schema-graph\">{\"@context\":\"https:\\\/\\\/schema.org\",\"@graph\":[{\"@type\":\"Article\",\"@id\":\"https:\\\/\\\/periodicorealidades.com\\\/index.php\\\/2025\\\/06\\\/16\\\/sudor-en-las-manos-un-obstaculo-que-condiciona-la-vida-social-academica-y-emocional\\\/#article\",\"isPartOf\":{\"@id\":\"https:\\\/\\\/periodicorealidades.com\\\/index.php\\\/2025\\\/06\\\/16\\\/sudor-en-las-manos-un-obstaculo-que-condiciona-la-vida-social-academica-y-emocional\\\/\"},\"author\":{\"name\":\"Arcelia\",\"@id\":\"https:\\\/\\\/periodicorealidades.com\\\/#\\\/schema\\\/person\\\/ed60e33c6767be45db655d22ad0c15c4\"},\"headline\":\"Sudor en las Manos, un Obst\u00e1culo que Condiciona la Vida Social, Acad\u00e9mica y Emocional\",\"datePublished\":\"2025-06-16T21:55:42+00:00\",\"dateModified\":\"2025-06-16T21:55:43+00:00\",\"mainEntityOfPage\":{\"@id\":\"https:\\\/\\\/periodicorealidades.com\\\/index.php\\\/2025\\\/06\\\/16\\\/sudor-en-las-manos-un-obstaculo-que-condiciona-la-vida-social-academica-y-emocional\\\/\"},\"wordCount\":424,\"commentCount\":0,\"publisher\":{\"@id\":\"https:\\\/\\\/periodicorealidades.com\\\/#organization\"},\"articleSection\":[\"Salud\"],\"inLanguage\":\"es\",\"potentialAction\":[{\"@type\":\"CommentAction\",\"name\":\"Comment\",\"target\":[\"https:\\\/\\\/periodicorealidades.com\\\/index.php\\\/2025\\\/06\\\/16\\\/sudor-en-las-manos-un-obstaculo-que-condiciona-la-vida-social-academica-y-emocional\\\/#respond\"]}]},{\"@type\":\"WebPage\",\"@id\":\"https:\\\/\\\/periodicorealidades.com\\\/index.php\\\/2025\\\/06\\\/16\\\/sudor-en-las-manos-un-obstaculo-que-condiciona-la-vida-social-academica-y-emocional\\\/\",\"url\":\"https:\\\/\\\/periodicorealidades.com\\\/index.php\\\/2025\\\/06\\\/16\\\/sudor-en-las-manos-un-obstaculo-que-condiciona-la-vida-social-academica-y-emocional\\\/\",\"name\":\"Sudor en las Manos, un Obst\u00e1culo que Condiciona la Vida Social, Acad\u00e9mica y Emocional - Peri\u00f3dico Realidades\",\"isPartOf\":{\"@id\":\"https:\\\/\\\/periodicorealidades.com\\\/#website\"},\"datePublished\":\"2025-06-16T21:55:42+00:00\",\"dateModified\":\"2025-06-16T21:55:43+00:00\",\"breadcrumb\":{\"@id\":\"https:\\\/\\\/periodicorealidades.com\\\/index.php\\\/2025\\\/06\\\/16\\\/sudor-en-las-manos-un-obstaculo-que-condiciona-la-vida-social-academica-y-emocional\\\/#breadcrumb\"},\"inLanguage\":\"es\",\"potentialAction\":[{\"@type\":\"ReadAction\",\"target\":[\"https:\\\/\\\/periodicorealidades.com\\\/index.php\\\/2025\\\/06\\\/16\\\/sudor-en-las-manos-un-obstaculo-que-condiciona-la-vida-social-academica-y-emocional\\\/\"]}]},{\"@type\":\"BreadcrumbList\",\"@id\":\"https:\\\/\\\/periodicorealidades.com\\\/index.php\\\/2025\\\/06\\\/16\\\/sudor-en-las-manos-un-obstaculo-que-condiciona-la-vida-social-academica-y-emocional\\\/#breadcrumb\",\"itemListElement\":[{\"@type\":\"ListItem\",\"position\":1,\"name\":\"Inicio\",\"item\":\"https:\\\/\\\/periodicorealidades.com\\\/\"},{\"@type\":\"ListItem\",\"position\":2,\"name\":\"Sudor en las Manos, un Obst\u00e1culo que Condiciona la Vida Social, Acad\u00e9mica y Emocional\"}]},{\"@type\":\"WebSite\",\"@id\":\"https:\\\/\\\/periodicorealidades.com\\\/#website\",\"url\":\"https:\\\/\\\/periodicorealidades.com\\\/\",\"name\":\"Peri\u00f3dico Realidades\",\"description\":\"M\u00e9dio de comunicaci\u00f3n en Nayarit\",\"publisher\":{\"@id\":\"https:\\\/\\\/periodicorealidades.com\\\/#organization\"},\"potentialAction\":[{\"@type\":\"SearchAction\",\"target\":{\"@type\":\"EntryPoint\",\"urlTemplate\":\"https:\\\/\\\/periodicorealidades.com\\\/?s={search_term_string}\"},\"query-input\":{\"@type\":\"PropertyValueSpecification\",\"valueRequired\":true,\"valueName\":\"search_term_string\"}}],\"inLanguage\":\"es\"},{\"@type\":\"Organization\",\"@id\":\"https:\\\/\\\/periodicorealidades.com\\\/#organization\",\"name\":\"Peri\u00f3dico Realidades\",\"url\":\"https:\\\/\\\/periodicorealidades.com\\\/\",\"logo\":{\"@type\":\"ImageObject\",\"inLanguage\":\"es\",\"@id\":\"https:\\\/\\\/periodicorealidades.com\\\/#\\\/schema\\\/logo\\\/image\\\/\",\"url\":\"https:\\\/\\\/periodicorealidades.com\\\/wp-content\\\/uploads\\\/2023\\\/05\\\/r-prueba.png\",\"contentUrl\":\"https:\\\/\\\/periodicorealidades.com\\\/wp-content\\\/uploads\\\/2023\\\/05\\\/r-prueba.png\",\"width\":709,\"height\":709,\"caption\":\"Peri\u00f3dico Realidades\"},\"image\":{\"@id\":\"https:\\\/\\\/periodicorealidades.com\\\/#\\\/schema\\\/logo\\\/image\\\/\"},\"sameAs\":[\"https:\\\/\\\/www.facebook.com\\\/periodicorealidades.denayarit?mibextid=LQQJ4d\"]},{\"@type\":\"Person\",\"@id\":\"https:\\\/\\\/periodicorealidades.com\\\/#\\\/schema\\\/person\\\/ed60e33c6767be45db655d22ad0c15c4\",\"name\":\"Arcelia\",\"image\":{\"@type\":\"ImageObject\",\"inLanguage\":\"es\",\"@id\":\"https:\\\/\\\/secure.gravatar.com\\\/avatar\\\/36cdbbe591db4ecc4985aac5ab27b8093cf6488d3b664974f0cda2e38368b10d?s=96&d=mm&r=g\",\"url\":\"https:\\\/\\\/secure.gravatar.com\\\/avatar\\\/36cdbbe591db4ecc4985aac5ab27b8093cf6488d3b664974f0cda2e38368b10d?s=96&d=mm&r=g\",\"contentUrl\":\"https:\\\/\\\/secure.gravatar.com\\\/avatar\\\/36cdbbe591db4ecc4985aac5ab27b8093cf6488d3b664974f0cda2e38368b10d?s=96&d=mm&r=g\",\"caption\":\"Arcelia\"},\"url\":\"https:\\\/\\\/periodicorealidades.com\\\/index.php\\\/author\\\/editor-2\\\/\"}]}<\/script>\n<!-- \/ Yoast SEO plugin. -->","yoast_head_json":{"title":"Sudor en las Manos, un Obst\u00e1culo que Condiciona la Vida Social, Acad\u00e9mica y Emocional - Peri\u00f3dico Realidades","robots":{"index":"index","follow":"follow","max-snippet":"max-snippet:-1","max-image-preview":"max-image-preview:large","max-video-preview":"max-video-preview:-1"},"canonical":"https:\/\/periodicorealidades.com\/index.php\/2025\/06\/16\/sudor-en-las-manos-un-obstaculo-que-condiciona-la-vida-social-academica-y-emocional\/","og_locale":"es_MX","og_type":"article","og_title":"Sudor en las Manos, un Obst\u00e1culo que Condiciona la Vida Social, Acad\u00e9mica y Emocional - Peri\u00f3dico Realidades","og_description":"Para muchas personas, el sudor es una respuesta natural del cuerpo, pero para quienes padecen hiperhidrosis palmar, el exceso de sudor en las manos se convierte en un verdadero desaf\u00edo diario que afecta su vida social, acad\u00e9mica y emocional. La hiperhidrosis palmar es una condici\u00f3n en la que la transpiraci\u00f3n, en lugar de cumplir \u00fanicamente [&hellip;]","og_url":"https:\/\/periodicorealidades.com\/index.php\/2025\/06\/16\/sudor-en-las-manos-un-obstaculo-que-condiciona-la-vida-social-academica-y-emocional\/","og_site_name":"Peri\u00f3dico Realidades","article_publisher":"https:\/\/www.facebook.com\/periodicorealidades.denayarit?mibextid=LQQJ4d","article_published_time":"2025-06-16T21:55:42+00:00","article_modified_time":"2025-06-16T21:55:43+00:00","og_image":[{"width":320,"height":240,"url":"https:\/\/periodicorealidades.com\/wp-content\/uploads\/2025\/06\/image-119.png","type":"image\/png"}],"author":"Arcelia","twitter_card":"summary_large_image","twitter_misc":{"Escrito por":"Arcelia","Tiempo de lectura":"2 minutos"},"schema":{"@context":"https:\/\/schema.org","@graph":[{"@type":"Article","@id":"https:\/\/periodicorealidades.com\/index.php\/2025\/06\/16\/sudor-en-las-manos-un-obstaculo-que-condiciona-la-vida-social-academica-y-emocional\/#article","isPartOf":{"@id":"https:\/\/periodicorealidades.com\/index.php\/2025\/06\/16\/sudor-en-las-manos-un-obstaculo-que-condiciona-la-vida-social-academica-y-emocional\/"},"author":{"name":"Arcelia","@id":"https:\/\/periodicorealidades.com\/#\/schema\/person\/ed60e33c6767be45db655d22ad0c15c4"},"headline":"Sudor en las Manos, un Obst\u00e1culo que Condiciona la Vida Social, Acad\u00e9mica y Emocional","datePublished":"2025-06-16T21:55:42+00:00","dateModified":"2025-06-16T21:55:43+00:00","mainEntityOfPage":{"@id":"https:\/\/periodicorealidades.com\/index.php\/2025\/06\/16\/sudor-en-las-manos-un-obstaculo-que-condiciona-la-vida-social-academica-y-emocional\/"},"wordCount":424,"commentCount":0,"publisher":{"@id":"https:\/\/periodicorealidades.com\/#organization"},"articleSection":["Salud"],"inLanguage":"es","potentialAction":[{"@type":"CommentAction","name":"Comment","target":["https:\/\/periodicorealidades.com\/index.php\/2025\/06\/16\/sudor-en-las-manos-un-obstaculo-que-condiciona-la-vida-social-academica-y-emocional\/#respond"]}]},{"@type":"WebPage","@id":"https:\/\/periodicorealidades.com\/index.php\/2025\/06\/16\/sudor-en-las-manos-un-obstaculo-que-condiciona-la-vida-social-academica-y-emocional\/","url":"https:\/\/periodicorealidades.com\/index.php\/2025\/06\/16\/sudor-en-las-manos-un-obstaculo-que-condiciona-la-vida-social-academica-y-emocional\/","name":"Sudor en las Manos, un Obst\u00e1culo que Condiciona la Vida Social, Acad\u00e9mica y Emocional - Peri\u00f3dico Realidades","isPartOf":{"@id":"https:\/\/periodicorealidades.com\/#website"},"datePublished":"2025-06-16T21:55:42+00:00","dateModified":"2025-06-16T21:55:43+00:00","breadcrumb":{"@id":"https:\/\/periodicorealidades.com\/index.php\/2025\/06\/16\/sudor-en-las-manos-un-obstaculo-que-condiciona-la-vida-social-academica-y-emocional\/#breadcrumb"},"inLanguage":"es","potentialAction":[{"@type":"ReadAction","target":["https:\/\/periodicorealidades.com\/index.php\/2025\/06\/16\/sudor-en-las-manos-un-obstaculo-que-condiciona-la-vida-social-academica-y-emocional\/"]}]},{"@type":"BreadcrumbList","@id":"https:\/\/periodicorealidades.com\/index.php\/2025\/06\/16\/sudor-en-las-manos-un-obstaculo-que-condiciona-la-vida-social-academica-y-emocional\/#breadcrumb","itemListElement":[{"@type":"ListItem","position":1,"name":"Inicio","item":"https:\/\/periodicorealidades.com\/"},{"@type":"ListItem","position":2,"name":"Sudor en las Manos, un Obst\u00e1culo que Condiciona la Vida Social, Acad\u00e9mica y Emocional"}]},{"@type":"WebSite","@id":"https:\/\/periodicorealidades.com\/#website","url":"https:\/\/periodicorealidades.com\/","name":"Peri\u00f3dico Realidades","description":"M\u00e9dio de comunicaci\u00f3n en Nayarit","publisher":{"@id":"https:\/\/periodicorealidades.com\/#organization"},"potentialAction":[{"@type":"SearchAction","target":{"@type":"EntryPoint","urlTemplate":"https:\/\/periodicorealidades.com\/?s={search_term_string}"},"query-input":{"@type":"PropertyValueSpecification","valueRequired":true,"valueName":"search_term_string"}}],"inLanguage":"es"},{"@type":"Organization","@id":"https:\/\/periodicorealidades.com\/#organization","name":"Peri\u00f3dico Realidades","url":"https:\/\/periodicorealidades.com\/","logo":{"@type":"ImageObject","inLanguage":"es","@id":"https:\/\/periodicorealidades.com\/#\/schema\/logo\/image\/","url":"https:\/\/periodicorealidades.com\/wp-content\/uploads\/2023\/05\/r-prueba.png","contentUrl":"https:\/\/periodicorealidades.com\/wp-content\/uploads\/2023\/05\/r-prueba.png","width":709,"height":709,"caption":"Peri\u00f3dico Realidades"},"image":{"@id":"https:\/\/periodicorealidades.com\/#\/schema\/logo\/image\/"},"sameAs":["https:\/\/www.facebook.com\/periodicorealidades.denayarit?mibextid=LQQJ4d"]},{"@type":"Person","@id":"https:\/\/periodicorealidades.com\/#\/schema\/person\/ed60e33c6767be45db655d22ad0c15c4","name":"Arcelia","image":{"@type":"ImageObject","inLanguage":"es","@id":"https:\/\/secure.gravatar.com\/avatar\/36cdbbe591db4ecc4985aac5ab27b8093cf6488d3b664974f0cda2e38368b10d?s=96&d=mm&r=g","url":"https:\/\/secure.gravatar.com\/avatar\/36cdbbe591db4ecc4985aac5ab27b8093cf6488d3b664974f0cda2e38368b10d?s=96&d=mm&r=g","contentUrl":"https:\/\/secure.gravatar.com\/avatar\/36cdbbe591db4ecc4985aac5ab27b8093cf6488d3b664974f0cda2e38368b10d?s=96&d=mm&r=g","caption":"Arcelia"},"url":"https:\/\/periodicorealidades.com\/index.php\/author\/editor-2\/"}]}},"_links":{"self":[{"href":"https:\/\/periodicorealidades.com\/index.php\/wp-json\/wp\/v2\/posts\/46942","targetHints":{"allow":["GET"]}}],"collection":[{"href":"https:\/\/periodicorealidades.com\/index.php\/wp-json\/wp\/v2\/posts"}],"about":[{"href":"https:\/\/periodicorealidades.com\/index.php\/wp-json\/wp\/v2\/types\/post"}],"author":[{"embeddable":true,"href":"https:\/\/periodicorealidades.com\/index.php\/wp-json\/wp\/v2\/users\/4"}],"replies":[{"embeddable":true,"href":"https:\/\/periodicorealidades.com\/index.php\/wp-json\/wp\/v2\/comments?post=46942"}],"version-history":[{"count":0,"href":"https:\/\/periodicorealidades.com\/index.php\/wp-json\/wp\/v2\/posts\/46942\/revisions"}],"wp:attachment":[{"href":"https:\/\/periodicorealidades.com\/index.php\/wp-json\/wp\/v2\/media?parent=46942"}],"wp:term":[{"taxonomy":"category","embeddable":true,"href":"https:\/\/periodicorealidades.com\/index.php\/wp-json\/wp\/v2\/categories?post=46942"},{"taxonomy":"post_tag","embeddable":true,"href":"https:\/\/periodicorealidades.com\/index.php\/wp-json\/wp\/v2\/tags?post=46942"}],"curies":[{"name":"wp","href":"https:\/\/api.w.org\/{rel}","templated":true}]}}