{"id":46975,"date":"2025-06-16T22:12:17","date_gmt":"2025-06-17T05:12:17","guid":{"rendered":"https:\/\/periodicorealidades.com\/?p=46975"},"modified":"2025-06-16T22:12:18","modified_gmt":"2025-06-17T05:12:18","slug":"invita-dra-beatriz-estrada-a-personas-adultas-mayores-a-las-olimpiadas-de-oro-2025","status":"publish","type":"post","link":"https:\/\/periodicorealidades.com\/index.php\/2025\/06\/16\/invita-dra-beatriz-estrada-a-personas-adultas-mayores-a-las-olimpiadas-de-oro-2025\/","title":{"rendered":"Invita Dra. Beatriz Estrada a personas adultas mayores a las Olimpiadas de Oro 2025"},"content":{"rendered":"\n<p class=\"wp-block-paragraph\">La titular del sistema DIF Nayarit, la Dra. Beatriz Estrada Mart\u00ecnez, invita a el evento que se realizar\u00e1 el 25 de julio en el Polideportivo del Recinto Ferial, en Tepic<\/p>\n\n\n\n<figure class=\"wp-block-gallery has-nested-images columns-default is-cropped wp-block-gallery-1 is-layout-flex wp-block-gallery-is-layout-flex\">\n<figure class=\"wp-block-image size-large\"><img loading=\"lazy\" decoding=\"async\" width=\"1024\" height=\"683\" data-id=\"46983\" src=\"https:\/\/periodicorealidades.com\/wp-content\/uploads\/2025\/06\/WhatsApp-Image-2025-06-16-at-9.09.32-PM-2-1024x683.jpeg\" alt=\"\" class=\"wp-image-46983\" srcset=\"https:\/\/periodicorealidades.com\/wp-content\/uploads\/2025\/06\/WhatsApp-Image-2025-06-16-at-9.09.32-PM-2-1024x683.jpeg 1024w, https:\/\/periodicorealidades.com\/wp-content\/uploads\/2025\/06\/WhatsApp-Image-2025-06-16-at-9.09.32-PM-2-300x200.jpeg 300w, https:\/\/periodicorealidades.com\/wp-content\/uploads\/2025\/06\/WhatsApp-Image-2025-06-16-at-9.09.32-PM-2-768x512.jpeg 768w, https:\/\/periodicorealidades.com\/wp-content\/uploads\/2025\/06\/WhatsApp-Image-2025-06-16-at-9.09.32-PM-2-696x464.jpeg 696w, https:\/\/periodicorealidades.com\/wp-content\/uploads\/2025\/06\/WhatsApp-Image-2025-06-16-at-9.09.32-PM-2-1068x712.jpeg 1068w, https:\/\/periodicorealidades.com\/wp-content\/uploads\/2025\/06\/WhatsApp-Image-2025-06-16-at-9.09.32-PM-2.jpeg 1080w\" sizes=\"auto, (max-width: 1024px) 100vw, 1024px\" \/><\/figure>\n\n\n\n<figure class=\"wp-block-image size-large\"><img loading=\"lazy\" decoding=\"async\" width=\"1024\" height=\"683\" data-id=\"46982\" src=\"https:\/\/periodicorealidades.com\/wp-content\/uploads\/2025\/06\/WhatsApp-Image-2025-06-16-at-9.09.32-PM-3-1024x683.jpeg\" alt=\"\" class=\"wp-image-46982\" srcset=\"https:\/\/periodicorealidades.com\/wp-content\/uploads\/2025\/06\/WhatsApp-Image-2025-06-16-at-9.09.32-PM-3-1024x683.jpeg 1024w, https:\/\/periodicorealidades.com\/wp-content\/uploads\/2025\/06\/WhatsApp-Image-2025-06-16-at-9.09.32-PM-3-300x200.jpeg 300w, https:\/\/periodicorealidades.com\/wp-content\/uploads\/2025\/06\/WhatsApp-Image-2025-06-16-at-9.09.32-PM-3-768x512.jpeg 768w, https:\/\/periodicorealidades.com\/wp-content\/uploads\/2025\/06\/WhatsApp-Image-2025-06-16-at-9.09.32-PM-3-696x464.jpeg 696w, https:\/\/periodicorealidades.com\/wp-content\/uploads\/2025\/06\/WhatsApp-Image-2025-06-16-at-9.09.32-PM-3-1068x712.jpeg 1068w, https:\/\/periodicorealidades.com\/wp-content\/uploads\/2025\/06\/WhatsApp-Image-2025-06-16-at-9.09.32-PM-3.jpeg 1080w\" sizes=\"auto, (max-width: 1024px) 100vw, 1024px\" \/><\/figure>\n<\/figure>\n\n\n\n<p class=\"wp-block-paragraph\">Por: Bolet\u00ecn<\/p>\n\n\n\n<p class=\"wp-block-paragraph\">Tepic, Nayarit; martes, 17 de junio de 2025.- Con el prop\u00f3sito de fortalecer la integraci\u00f3n social y el bienestar de las personas adultas mayores, el Sistema DIF Nayarit, que encabeza la doctora Beatriz Estrada Mart\u00ednez, invita a participar en las Olimpiadas de Oro 2025, evento que promueve y celebra el envejecimiento activo, y que se llevar\u00e1 a cabo el pr\u00f3ximo 25 de julio en el Polideportivo del Recinto Ferial, en Tepic.<\/p>\n\n\n\n<figure class=\"wp-block-gallery has-nested-images columns-default is-cropped wp-block-gallery-2 is-layout-flex wp-block-gallery-is-layout-flex\">\n<figure class=\"wp-block-image size-large\"><img loading=\"lazy\" decoding=\"async\" width=\"1024\" height=\"683\" data-id=\"46981\" src=\"https:\/\/periodicorealidades.com\/wp-content\/uploads\/2025\/06\/WhatsApp-Image-2025-06-16-at-9.09.32-PM-4-1024x683.jpeg\" alt=\"\" class=\"wp-image-46981\" srcset=\"https:\/\/periodicorealidades.com\/wp-content\/uploads\/2025\/06\/WhatsApp-Image-2025-06-16-at-9.09.32-PM-4-1024x683.jpeg 1024w, https:\/\/periodicorealidades.com\/wp-content\/uploads\/2025\/06\/WhatsApp-Image-2025-06-16-at-9.09.32-PM-4-300x200.jpeg 300w, https:\/\/periodicorealidades.com\/wp-content\/uploads\/2025\/06\/WhatsApp-Image-2025-06-16-at-9.09.32-PM-4-768x512.jpeg 768w, https:\/\/periodicorealidades.com\/wp-content\/uploads\/2025\/06\/WhatsApp-Image-2025-06-16-at-9.09.32-PM-4-696x464.jpeg 696w, https:\/\/periodicorealidades.com\/wp-content\/uploads\/2025\/06\/WhatsApp-Image-2025-06-16-at-9.09.32-PM-4-1068x712.jpeg 1068w, https:\/\/periodicorealidades.com\/wp-content\/uploads\/2025\/06\/WhatsApp-Image-2025-06-16-at-9.09.32-PM-4.jpeg 1080w\" sizes=\"auto, (max-width: 1024px) 100vw, 1024px\" \/><\/figure>\n\n\n\n<figure class=\"wp-block-image size-large\"><img loading=\"lazy\" decoding=\"async\" width=\"1024\" height=\"683\" data-id=\"46980\" src=\"https:\/\/periodicorealidades.com\/wp-content\/uploads\/2025\/06\/WhatsApp-Image-2025-06-16-at-9.09.33-PM-1024x683.jpeg\" alt=\"\" class=\"wp-image-46980\" srcset=\"https:\/\/periodicorealidades.com\/wp-content\/uploads\/2025\/06\/WhatsApp-Image-2025-06-16-at-9.09.33-PM-1024x683.jpeg 1024w, https:\/\/periodicorealidades.com\/wp-content\/uploads\/2025\/06\/WhatsApp-Image-2025-06-16-at-9.09.33-PM-300x200.jpeg 300w, https:\/\/periodicorealidades.com\/wp-content\/uploads\/2025\/06\/WhatsApp-Image-2025-06-16-at-9.09.33-PM-768x512.jpeg 768w, https:\/\/periodicorealidades.com\/wp-content\/uploads\/2025\/06\/WhatsApp-Image-2025-06-16-at-9.09.33-PM-696x464.jpeg 696w, https:\/\/periodicorealidades.com\/wp-content\/uploads\/2025\/06\/WhatsApp-Image-2025-06-16-at-9.09.33-PM-1068x712.jpeg 1068w, https:\/\/periodicorealidades.com\/wp-content\/uploads\/2025\/06\/WhatsApp-Image-2025-06-16-at-9.09.33-PM.jpeg 1080w\" sizes=\"auto, (max-width: 1024px) 100vw, 1024px\" \/><\/figure>\n<\/figure>\n\n\n\n<p class=\"wp-block-paragraph\">En su segunda edici\u00f3n, y con inscripci\u00f3n gratuita, las Olimpiadas de Oro ofrecer\u00e1n actividades cognitivas, culturales y deportivas como caminata, f\u00fatbol, ajedrez, domin\u00f3, canto y poes\u00eda, donde cada participante podr\u00e1 demostrar su energ\u00eda, talento y entusiasmo en un ambiente de respeto, convivencia y reconocimiento.<\/p>\n\n\n\n<figure class=\"wp-block-gallery has-nested-images columns-default is-cropped wp-block-gallery-3 is-layout-flex wp-block-gallery-is-layout-flex\">\n<figure class=\"wp-block-image size-large\"><img loading=\"lazy\" decoding=\"async\" width=\"1024\" height=\"683\" data-id=\"46978\" src=\"https:\/\/periodicorealidades.com\/wp-content\/uploads\/2025\/06\/WhatsApp-Image-2025-06-16-at-9.09.33-PM-2-1024x683.jpeg\" alt=\"\" class=\"wp-image-46978\" srcset=\"https:\/\/periodicorealidades.com\/wp-content\/uploads\/2025\/06\/WhatsApp-Image-2025-06-16-at-9.09.33-PM-2-1024x683.jpeg 1024w, https:\/\/periodicorealidades.com\/wp-content\/uploads\/2025\/06\/WhatsApp-Image-2025-06-16-at-9.09.33-PM-2-300x200.jpeg 300w, https:\/\/periodicorealidades.com\/wp-content\/uploads\/2025\/06\/WhatsApp-Image-2025-06-16-at-9.09.33-PM-2-768x512.jpeg 768w, https:\/\/periodicorealidades.com\/wp-content\/uploads\/2025\/06\/WhatsApp-Image-2025-06-16-at-9.09.33-PM-2-696x464.jpeg 696w, https:\/\/periodicorealidades.com\/wp-content\/uploads\/2025\/06\/WhatsApp-Image-2025-06-16-at-9.09.33-PM-2-1068x712.jpeg 1068w, https:\/\/periodicorealidades.com\/wp-content\/uploads\/2025\/06\/WhatsApp-Image-2025-06-16-at-9.09.33-PM-2.jpeg 1080w\" sizes=\"auto, (max-width: 1024px) 100vw, 1024px\" \/><\/figure>\n\n\n\n<figure class=\"wp-block-image size-large\"><img loading=\"lazy\" decoding=\"async\" width=\"1024\" height=\"683\" data-id=\"46977\" src=\"https:\/\/periodicorealidades.com\/wp-content\/uploads\/2025\/06\/WhatsApp-Image-2025-06-16-at-9.09.33-PM-3-1024x683.jpeg\" alt=\"\" class=\"wp-image-46977\" srcset=\"https:\/\/periodicorealidades.com\/wp-content\/uploads\/2025\/06\/WhatsApp-Image-2025-06-16-at-9.09.33-PM-3-1024x683.jpeg 1024w, https:\/\/periodicorealidades.com\/wp-content\/uploads\/2025\/06\/WhatsApp-Image-2025-06-16-at-9.09.33-PM-3-300x200.jpeg 300w, https:\/\/periodicorealidades.com\/wp-content\/uploads\/2025\/06\/WhatsApp-Image-2025-06-16-at-9.09.33-PM-3-768x512.jpeg 768w, https:\/\/periodicorealidades.com\/wp-content\/uploads\/2025\/06\/WhatsApp-Image-2025-06-16-at-9.09.33-PM-3-696x464.jpeg 696w, https:\/\/periodicorealidades.com\/wp-content\/uploads\/2025\/06\/WhatsApp-Image-2025-06-16-at-9.09.33-PM-3-1068x712.jpeg 1068w, https:\/\/periodicorealidades.com\/wp-content\/uploads\/2025\/06\/WhatsApp-Image-2025-06-16-at-9.09.33-PM-3.jpeg 1080w\" sizes=\"auto, (max-width: 1024px) 100vw, 1024px\" \/><\/figure>\n<\/figure>\n\n\n\n<p class=\"wp-block-paragraph\">Las inscripciones estar\u00e1n abiertas hasta el 26 de junio en los Sistemas DIF Municipales. En el caso de Tepic y Xalisco, las y los adultos mayores pueden acudir directamente a su club de la tercera edad, presentando identificaci\u00f3n oficial vigente, consentimiento firmado para aceptar las bases del evento y, en su caso, un certificado m\u00e9dico que avale su participaci\u00f3n en las actividades deportivas.<\/p>\n\n\n\n<p class=\"wp-block-paragraph\">Con acciones como esta, el Coraz\u00f3n de Nayarit reafirma su compromiso con el cuidado, la inclusi\u00f3n y la dignificaci\u00f3n de las personas adultas mayores en todo el estado.<\/p>\n\n\n\n<figure class=\"wp-block-image size-large\"><img loading=\"lazy\" decoding=\"async\" width=\"1024\" height=\"683\" src=\"https:\/\/periodicorealidades.com\/wp-content\/uploads\/2025\/06\/WhatsApp-Image-2025-06-16-at-9.09.33-PM-4-1024x683.jpeg\" alt=\"\" class=\"wp-image-46976\" srcset=\"https:\/\/periodicorealidades.com\/wp-content\/uploads\/2025\/06\/WhatsApp-Image-2025-06-16-at-9.09.33-PM-4-1024x683.jpeg 1024w, https:\/\/periodicorealidades.com\/wp-content\/uploads\/2025\/06\/WhatsApp-Image-2025-06-16-at-9.09.33-PM-4-300x200.jpeg 300w, https:\/\/periodicorealidades.com\/wp-content\/uploads\/2025\/06\/WhatsApp-Image-2025-06-16-at-9.09.33-PM-4-768x512.jpeg 768w, https:\/\/periodicorealidades.com\/wp-content\/uploads\/2025\/06\/WhatsApp-Image-2025-06-16-at-9.09.33-PM-4-696x464.jpeg 696w, https:\/\/periodicorealidades.com\/wp-content\/uploads\/2025\/06\/WhatsApp-Image-2025-06-16-at-9.09.33-PM-4-1068x712.jpeg 1068w, https:\/\/periodicorealidades.com\/wp-content\/uploads\/2025\/06\/WhatsApp-Image-2025-06-16-at-9.09.33-PM-4.jpeg 1080w\" sizes=\"auto, (max-width: 1024px) 100vw, 1024px\" \/><\/figure>\n","protected":false},"excerpt":{"rendered":"<p>La titular del sistema DIF Nayarit, la Dra. Beatriz Estrada Mart\u00ecnez, invita a el evento que se realizar\u00e1 el 25 de julio en el Polideportivo del Recinto Ferial, en Tepic Por: Bolet\u00ecn Tepic, Nayarit; martes, 17 de junio de 2025.- Con el prop\u00f3sito de fortalecer la integraci\u00f3n social y el bienestar de las personas adultas [&hellip;]<\/p>\n","protected":false},"author":2,"featured_media":46979,"comment_status":"open","ping_status":"open","sticky":false,"template":"","format":"standard","meta":{"footnotes":""},"categories":[4,7],"tags":[],"class_list":["post-46975","post","type-post","status-publish","format-standard","has-post-thumbnail","category-principal","category-tepic"],"yoast_head":"<!-- This site is optimized with the Yoast SEO plugin v28.3 - https:\/\/yoast.com\/product\/yoast-seo-wordpress\/ -->\n<title>Invita Dra. Beatriz Estrada a personas adultas mayores a las Olimpiadas de Oro 2025 - Peri\u00f3dico Realidades<\/title>\n<meta name=\"robots\" content=\"index, follow, max-snippet:-1, max-image-preview:large, max-video-preview:-1\" \/>\n<link rel=\"canonical\" href=\"https:\/\/periodicorealidades.com\/index.php\/2025\/06\/16\/invita-dra-beatriz-estrada-a-personas-adultas-mayores-a-las-olimpiadas-de-oro-2025\/\" \/>\n<meta property=\"og:locale\" content=\"es_MX\" \/>\n<meta property=\"og:type\" content=\"article\" \/>\n<meta property=\"og:title\" content=\"Invita Dra. Beatriz Estrada a personas adultas mayores a las Olimpiadas de Oro 2025 - Peri\u00f3dico Realidades\" \/>\n<meta property=\"og:description\" content=\"La titular del sistema DIF Nayarit, la Dra. Beatriz Estrada Mart\u00ecnez, invita a el evento que se realizar\u00e1 el 25 de julio en el Polideportivo del Recinto Ferial, en Tepic Por: Bolet\u00ecn Tepic, Nayarit; martes, 17 de junio de 2025.- Con el prop\u00f3sito de fortalecer la integraci\u00f3n social y el bienestar de las personas adultas [&hellip;]\" \/>\n<meta property=\"og:url\" content=\"https:\/\/periodicorealidades.com\/index.php\/2025\/06\/16\/invita-dra-beatriz-estrada-a-personas-adultas-mayores-a-las-olimpiadas-de-oro-2025\/\" \/>\n<meta property=\"og:site_name\" content=\"Peri\u00f3dico Realidades\" \/>\n<meta property=\"article:publisher\" content=\"https:\/\/www.facebook.com\/periodicorealidades.denayarit?mibextid=LQQJ4d\" \/>\n<meta property=\"article:published_time\" content=\"2025-06-17T05:12:17+00:00\" \/>\n<meta property=\"article:modified_time\" content=\"2025-06-17T05:12:18+00:00\" \/>\n<meta property=\"og:image\" content=\"https:\/\/periodicorealidades.com\/wp-content\/uploads\/2025\/06\/WhatsApp-Image-2025-06-16-at-9.09.33-PM-1.jpeg\" \/>\n\t<meta property=\"og:image:width\" content=\"1080\" \/>\n\t<meta property=\"og:image:height\" content=\"720\" \/>\n\t<meta property=\"og:image:type\" content=\"image\/jpeg\" \/>\n<meta name=\"author\" content=\"editor\" \/>\n<meta name=\"twitter:card\" content=\"summary_large_image\" \/>\n<meta name=\"twitter:label1\" content=\"Escrito por\" \/>\n\t<meta name=\"twitter:data1\" content=\"editor\" \/>\n\t<meta name=\"twitter:label2\" content=\"Tiempo de lectura\" \/>\n\t<meta name=\"twitter:data2\" content=\"3 minutos\" \/>\n<script type=\"application\/ld+json\" class=\"yoast-schema-graph\">{\"@context\":\"https:\\\/\\\/schema.org\",\"@graph\":[{\"@type\":\"Article\",\"@id\":\"https:\\\/\\\/periodicorealidades.com\\\/index.php\\\/2025\\\/06\\\/16\\\/invita-dra-beatriz-estrada-a-personas-adultas-mayores-a-las-olimpiadas-de-oro-2025\\\/#article\",\"isPartOf\":{\"@id\":\"https:\\\/\\\/periodicorealidades.com\\\/index.php\\\/2025\\\/06\\\/16\\\/invita-dra-beatriz-estrada-a-personas-adultas-mayores-a-las-olimpiadas-de-oro-2025\\\/\"},\"author\":{\"name\":\"editor\",\"@id\":\"https:\\\/\\\/periodicorealidades.com\\\/#\\\/schema\\\/person\\\/c27da34ee13acaec3162071a3e1c7832\"},\"headline\":\"Invita Dra. Beatriz Estrada a personas adultas mayores a las Olimpiadas de Oro 2025\",\"datePublished\":\"2025-06-17T05:12:17+00:00\",\"dateModified\":\"2025-06-17T05:12:18+00:00\",\"mainEntityOfPage\":{\"@id\":\"https:\\\/\\\/periodicorealidades.com\\\/index.php\\\/2025\\\/06\\\/16\\\/invita-dra-beatriz-estrada-a-personas-adultas-mayores-a-las-olimpiadas-de-oro-2025\\\/\"},\"wordCount\":265,\"commentCount\":0,\"publisher\":{\"@id\":\"https:\\\/\\\/periodicorealidades.com\\\/#organization\"},\"image\":{\"@id\":\"https:\\\/\\\/periodicorealidades.com\\\/index.php\\\/2025\\\/06\\\/16\\\/invita-dra-beatriz-estrada-a-personas-adultas-mayores-a-las-olimpiadas-de-oro-2025\\\/#primaryimage\"},\"thumbnailUrl\":\"https:\\\/\\\/periodicorealidades.com\\\/wp-content\\\/uploads\\\/2025\\\/06\\\/WhatsApp-Image-2025-06-16-at-9.09.33-PM-1.jpeg\",\"articleSection\":[\"Principal\",\"Tepic\"],\"inLanguage\":\"es\",\"potentialAction\":[{\"@type\":\"CommentAction\",\"name\":\"Comment\",\"target\":[\"https:\\\/\\\/periodicorealidades.com\\\/index.php\\\/2025\\\/06\\\/16\\\/invita-dra-beatriz-estrada-a-personas-adultas-mayores-a-las-olimpiadas-de-oro-2025\\\/#respond\"]}]},{\"@type\":\"WebPage\",\"@id\":\"https:\\\/\\\/periodicorealidades.com\\\/index.php\\\/2025\\\/06\\\/16\\\/invita-dra-beatriz-estrada-a-personas-adultas-mayores-a-las-olimpiadas-de-oro-2025\\\/\",\"url\":\"https:\\\/\\\/periodicorealidades.com\\\/index.php\\\/2025\\\/06\\\/16\\\/invita-dra-beatriz-estrada-a-personas-adultas-mayores-a-las-olimpiadas-de-oro-2025\\\/\",\"name\":\"Invita Dra. Beatriz Estrada a personas adultas mayores a las Olimpiadas de Oro 2025 - Peri\u00f3dico Realidades\",\"isPartOf\":{\"@id\":\"https:\\\/\\\/periodicorealidades.com\\\/#website\"},\"primaryImageOfPage\":{\"@id\":\"https:\\\/\\\/periodicorealidades.com\\\/index.php\\\/2025\\\/06\\\/16\\\/invita-dra-beatriz-estrada-a-personas-adultas-mayores-a-las-olimpiadas-de-oro-2025\\\/#primaryimage\"},\"image\":{\"@id\":\"https:\\\/\\\/periodicorealidades.com\\\/index.php\\\/2025\\\/06\\\/16\\\/invita-dra-beatriz-estrada-a-personas-adultas-mayores-a-las-olimpiadas-de-oro-2025\\\/#primaryimage\"},\"thumbnailUrl\":\"https:\\\/\\\/periodicorealidades.com\\\/wp-content\\\/uploads\\\/2025\\\/06\\\/WhatsApp-Image-2025-06-16-at-9.09.33-PM-1.jpeg\",\"datePublished\":\"2025-06-17T05:12:17+00:00\",\"dateModified\":\"2025-06-17T05:12:18+00:00\",\"breadcrumb\":{\"@id\":\"https:\\\/\\\/periodicorealidades.com\\\/index.php\\\/2025\\\/06\\\/16\\\/invita-dra-beatriz-estrada-a-personas-adultas-mayores-a-las-olimpiadas-de-oro-2025\\\/#breadcrumb\"},\"inLanguage\":\"es\",\"potentialAction\":[{\"@type\":\"ReadAction\",\"target\":[\"https:\\\/\\\/periodicorealidades.com\\\/index.php\\\/2025\\\/06\\\/16\\\/invita-dra-beatriz-estrada-a-personas-adultas-mayores-a-las-olimpiadas-de-oro-2025\\\/\"]}]},{\"@type\":\"ImageObject\",\"inLanguage\":\"es\",\"@id\":\"https:\\\/\\\/periodicorealidades.com\\\/index.php\\\/2025\\\/06\\\/16\\\/invita-dra-beatriz-estrada-a-personas-adultas-mayores-a-las-olimpiadas-de-oro-2025\\\/#primaryimage\",\"url\":\"https:\\\/\\\/periodicorealidades.com\\\/wp-content\\\/uploads\\\/2025\\\/06\\\/WhatsApp-Image-2025-06-16-at-9.09.33-PM-1.jpeg\",\"contentUrl\":\"https:\\\/\\\/periodicorealidades.com\\\/wp-content\\\/uploads\\\/2025\\\/06\\\/WhatsApp-Image-2025-06-16-at-9.09.33-PM-1.jpeg\",\"width\":1080,\"height\":720},{\"@type\":\"BreadcrumbList\",\"@id\":\"https:\\\/\\\/periodicorealidades.com\\\/index.php\\\/2025\\\/06\\\/16\\\/invita-dra-beatriz-estrada-a-personas-adultas-mayores-a-las-olimpiadas-de-oro-2025\\\/#breadcrumb\",\"itemListElement\":[{\"@type\":\"ListItem\",\"position\":1,\"name\":\"Inicio\",\"item\":\"https:\\\/\\\/periodicorealidades.com\\\/\"},{\"@type\":\"ListItem\",\"position\":2,\"name\":\"Invita Dra. Beatriz Estrada a personas adultas mayores a las Olimpiadas de Oro 2025\"}]},{\"@type\":\"WebSite\",\"@id\":\"https:\\\/\\\/periodicorealidades.com\\\/#website\",\"url\":\"https:\\\/\\\/periodicorealidades.com\\\/\",\"name\":\"Peri\u00f3dico Realidades\",\"description\":\"M\u00e9dio de comunicaci\u00f3n en Nayarit\",\"publisher\":{\"@id\":\"https:\\\/\\\/periodicorealidades.com\\\/#organization\"},\"potentialAction\":[{\"@type\":\"SearchAction\",\"target\":{\"@type\":\"EntryPoint\",\"urlTemplate\":\"https:\\\/\\\/periodicorealidades.com\\\/?s={search_term_string}\"},\"query-input\":{\"@type\":\"PropertyValueSpecification\",\"valueRequired\":true,\"valueName\":\"search_term_string\"}}],\"inLanguage\":\"es\"},{\"@type\":\"Organization\",\"@id\":\"https:\\\/\\\/periodicorealidades.com\\\/#organization\",\"name\":\"Peri\u00f3dico Realidades\",\"url\":\"https:\\\/\\\/periodicorealidades.com\\\/\",\"logo\":{\"@type\":\"ImageObject\",\"inLanguage\":\"es\",\"@id\":\"https:\\\/\\\/periodicorealidades.com\\\/#\\\/schema\\\/logo\\\/image\\\/\",\"url\":\"https:\\\/\\\/periodicorealidades.com\\\/wp-content\\\/uploads\\\/2023\\\/05\\\/r-prueba.png\",\"contentUrl\":\"https:\\\/\\\/periodicorealidades.com\\\/wp-content\\\/uploads\\\/2023\\\/05\\\/r-prueba.png\",\"width\":709,\"height\":709,\"caption\":\"Peri\u00f3dico Realidades\"},\"image\":{\"@id\":\"https:\\\/\\\/periodicorealidades.com\\\/#\\\/schema\\\/logo\\\/image\\\/\"},\"sameAs\":[\"https:\\\/\\\/www.facebook.com\\\/periodicorealidades.denayarit?mibextid=LQQJ4d\"]},{\"@type\":\"Person\",\"@id\":\"https:\\\/\\\/periodicorealidades.com\\\/#\\\/schema\\\/person\\\/c27da34ee13acaec3162071a3e1c7832\",\"name\":\"editor\",\"image\":{\"@type\":\"ImageObject\",\"inLanguage\":\"es\",\"@id\":\"https:\\\/\\\/secure.gravatar.com\\\/avatar\\\/dda3c3f59ea25f4b53cd53df977b0b2628039b17268e57c944a79a00e8a56e26?s=96&d=mm&r=g\",\"url\":\"https:\\\/\\\/secure.gravatar.com\\\/avatar\\\/dda3c3f59ea25f4b53cd53df977b0b2628039b17268e57c944a79a00e8a56e26?s=96&d=mm&r=g\",\"contentUrl\":\"https:\\\/\\\/secure.gravatar.com\\\/avatar\\\/dda3c3f59ea25f4b53cd53df977b0b2628039b17268e57c944a79a00e8a56e26?s=96&d=mm&r=g\",\"caption\":\"editor\"},\"url\":\"https:\\\/\\\/periodicorealidades.com\\\/index.php\\\/author\\\/editor\\\/\"}]}<\/script>\n<!-- \/ Yoast SEO plugin. -->","yoast_head_json":{"title":"Invita Dra. Beatriz Estrada a personas adultas mayores a las Olimpiadas de Oro 2025 - Peri\u00f3dico Realidades","robots":{"index":"index","follow":"follow","max-snippet":"max-snippet:-1","max-image-preview":"max-image-preview:large","max-video-preview":"max-video-preview:-1"},"canonical":"https:\/\/periodicorealidades.com\/index.php\/2025\/06\/16\/invita-dra-beatriz-estrada-a-personas-adultas-mayores-a-las-olimpiadas-de-oro-2025\/","og_locale":"es_MX","og_type":"article","og_title":"Invita Dra. Beatriz Estrada a personas adultas mayores a las Olimpiadas de Oro 2025 - Peri\u00f3dico Realidades","og_description":"La titular del sistema DIF Nayarit, la Dra. Beatriz Estrada Mart\u00ecnez, invita a el evento que se realizar\u00e1 el 25 de julio en el Polideportivo del Recinto Ferial, en Tepic Por: Bolet\u00ecn Tepic, Nayarit; martes, 17 de junio de 2025.- Con el prop\u00f3sito de fortalecer la integraci\u00f3n social y el bienestar de las personas adultas [&hellip;]","og_url":"https:\/\/periodicorealidades.com\/index.php\/2025\/06\/16\/invita-dra-beatriz-estrada-a-personas-adultas-mayores-a-las-olimpiadas-de-oro-2025\/","og_site_name":"Peri\u00f3dico Realidades","article_publisher":"https:\/\/www.facebook.com\/periodicorealidades.denayarit?mibextid=LQQJ4d","article_published_time":"2025-06-17T05:12:17+00:00","article_modified_time":"2025-06-17T05:12:18+00:00","og_image":[{"width":1080,"height":720,"url":"https:\/\/periodicorealidades.com\/wp-content\/uploads\/2025\/06\/WhatsApp-Image-2025-06-16-at-9.09.33-PM-1.jpeg","type":"image\/jpeg"}],"author":"editor","twitter_card":"summary_large_image","twitter_misc":{"Escrito por":"editor","Tiempo de lectura":"3 minutos"},"schema":{"@context":"https:\/\/schema.org","@graph":[{"@type":"Article","@id":"https:\/\/periodicorealidades.com\/index.php\/2025\/06\/16\/invita-dra-beatriz-estrada-a-personas-adultas-mayores-a-las-olimpiadas-de-oro-2025\/#article","isPartOf":{"@id":"https:\/\/periodicorealidades.com\/index.php\/2025\/06\/16\/invita-dra-beatriz-estrada-a-personas-adultas-mayores-a-las-olimpiadas-de-oro-2025\/"},"author":{"name":"editor","@id":"https:\/\/periodicorealidades.com\/#\/schema\/person\/c27da34ee13acaec3162071a3e1c7832"},"headline":"Invita Dra. Beatriz Estrada a personas adultas mayores a las Olimpiadas de Oro 2025","datePublished":"2025-06-17T05:12:17+00:00","dateModified":"2025-06-17T05:12:18+00:00","mainEntityOfPage":{"@id":"https:\/\/periodicorealidades.com\/index.php\/2025\/06\/16\/invita-dra-beatriz-estrada-a-personas-adultas-mayores-a-las-olimpiadas-de-oro-2025\/"},"wordCount":265,"commentCount":0,"publisher":{"@id":"https:\/\/periodicorealidades.com\/#organization"},"image":{"@id":"https:\/\/periodicorealidades.com\/index.php\/2025\/06\/16\/invita-dra-beatriz-estrada-a-personas-adultas-mayores-a-las-olimpiadas-de-oro-2025\/#primaryimage"},"thumbnailUrl":"https:\/\/periodicorealidades.com\/wp-content\/uploads\/2025\/06\/WhatsApp-Image-2025-06-16-at-9.09.33-PM-1.jpeg","articleSection":["Principal","Tepic"],"inLanguage":"es","potentialAction":[{"@type":"CommentAction","name":"Comment","target":["https:\/\/periodicorealidades.com\/index.php\/2025\/06\/16\/invita-dra-beatriz-estrada-a-personas-adultas-mayores-a-las-olimpiadas-de-oro-2025\/#respond"]}]},{"@type":"WebPage","@id":"https:\/\/periodicorealidades.com\/index.php\/2025\/06\/16\/invita-dra-beatriz-estrada-a-personas-adultas-mayores-a-las-olimpiadas-de-oro-2025\/","url":"https:\/\/periodicorealidades.com\/index.php\/2025\/06\/16\/invita-dra-beatriz-estrada-a-personas-adultas-mayores-a-las-olimpiadas-de-oro-2025\/","name":"Invita Dra. Beatriz Estrada a personas adultas mayores a las Olimpiadas de Oro 2025 - Peri\u00f3dico Realidades","isPartOf":{"@id":"https:\/\/periodicorealidades.com\/#website"},"primaryImageOfPage":{"@id":"https:\/\/periodicorealidades.com\/index.php\/2025\/06\/16\/invita-dra-beatriz-estrada-a-personas-adultas-mayores-a-las-olimpiadas-de-oro-2025\/#primaryimage"},"image":{"@id":"https:\/\/periodicorealidades.com\/index.php\/2025\/06\/16\/invita-dra-beatriz-estrada-a-personas-adultas-mayores-a-las-olimpiadas-de-oro-2025\/#primaryimage"},"thumbnailUrl":"https:\/\/periodicorealidades.com\/wp-content\/uploads\/2025\/06\/WhatsApp-Image-2025-06-16-at-9.09.33-PM-1.jpeg","datePublished":"2025-06-17T05:12:17+00:00","dateModified":"2025-06-17T05:12:18+00:00","breadcrumb":{"@id":"https:\/\/periodicorealidades.com\/index.php\/2025\/06\/16\/invita-dra-beatriz-estrada-a-personas-adultas-mayores-a-las-olimpiadas-de-oro-2025\/#breadcrumb"},"inLanguage":"es","potentialAction":[{"@type":"ReadAction","target":["https:\/\/periodicorealidades.com\/index.php\/2025\/06\/16\/invita-dra-beatriz-estrada-a-personas-adultas-mayores-a-las-olimpiadas-de-oro-2025\/"]}]},{"@type":"ImageObject","inLanguage":"es","@id":"https:\/\/periodicorealidades.com\/index.php\/2025\/06\/16\/invita-dra-beatriz-estrada-a-personas-adultas-mayores-a-las-olimpiadas-de-oro-2025\/#primaryimage","url":"https:\/\/periodicorealidades.com\/wp-content\/uploads\/2025\/06\/WhatsApp-Image-2025-06-16-at-9.09.33-PM-1.jpeg","contentUrl":"https:\/\/periodicorealidades.com\/wp-content\/uploads\/2025\/06\/WhatsApp-Image-2025-06-16-at-9.09.33-PM-1.jpeg","width":1080,"height":720},{"@type":"BreadcrumbList","@id":"https:\/\/periodicorealidades.com\/index.php\/2025\/06\/16\/invita-dra-beatriz-estrada-a-personas-adultas-mayores-a-las-olimpiadas-de-oro-2025\/#breadcrumb","itemListElement":[{"@type":"ListItem","position":1,"name":"Inicio","item":"https:\/\/periodicorealidades.com\/"},{"@type":"ListItem","position":2,"name":"Invita Dra. Beatriz Estrada a personas adultas mayores a las Olimpiadas de Oro 2025"}]},{"@type":"WebSite","@id":"https:\/\/periodicorealidades.com\/#website","url":"https:\/\/periodicorealidades.com\/","name":"Peri\u00f3dico Realidades","description":"M\u00e9dio de comunicaci\u00f3n en Nayarit","publisher":{"@id":"https:\/\/periodicorealidades.com\/#organization"},"potentialAction":[{"@type":"SearchAction","target":{"@type":"EntryPoint","urlTemplate":"https:\/\/periodicorealidades.com\/?s={search_term_string}"},"query-input":{"@type":"PropertyValueSpecification","valueRequired":true,"valueName":"search_term_string"}}],"inLanguage":"es"},{"@type":"Organization","@id":"https:\/\/periodicorealidades.com\/#organization","name":"Peri\u00f3dico Realidades","url":"https:\/\/periodicorealidades.com\/","logo":{"@type":"ImageObject","inLanguage":"es","@id":"https:\/\/periodicorealidades.com\/#\/schema\/logo\/image\/","url":"https:\/\/periodicorealidades.com\/wp-content\/uploads\/2023\/05\/r-prueba.png","contentUrl":"https:\/\/periodicorealidades.com\/wp-content\/uploads\/2023\/05\/r-prueba.png","width":709,"height":709,"caption":"Peri\u00f3dico Realidades"},"image":{"@id":"https:\/\/periodicorealidades.com\/#\/schema\/logo\/image\/"},"sameAs":["https:\/\/www.facebook.com\/periodicorealidades.denayarit?mibextid=LQQJ4d"]},{"@type":"Person","@id":"https:\/\/periodicorealidades.com\/#\/schema\/person\/c27da34ee13acaec3162071a3e1c7832","name":"editor","image":{"@type":"ImageObject","inLanguage":"es","@id":"https:\/\/secure.gravatar.com\/avatar\/dda3c3f59ea25f4b53cd53df977b0b2628039b17268e57c944a79a00e8a56e26?s=96&d=mm&r=g","url":"https:\/\/secure.gravatar.com\/avatar\/dda3c3f59ea25f4b53cd53df977b0b2628039b17268e57c944a79a00e8a56e26?s=96&d=mm&r=g","contentUrl":"https:\/\/secure.gravatar.com\/avatar\/dda3c3f59ea25f4b53cd53df977b0b2628039b17268e57c944a79a00e8a56e26?s=96&d=mm&r=g","caption":"editor"},"url":"https:\/\/periodicorealidades.com\/index.php\/author\/editor\/"}]}},"_links":{"self":[{"href":"https:\/\/periodicorealidades.com\/index.php\/wp-json\/wp\/v2\/posts\/46975","targetHints":{"allow":["GET"]}}],"collection":[{"href":"https:\/\/periodicorealidades.com\/index.php\/wp-json\/wp\/v2\/posts"}],"about":[{"href":"https:\/\/periodicorealidades.com\/index.php\/wp-json\/wp\/v2\/types\/post"}],"author":[{"embeddable":true,"href":"https:\/\/periodicorealidades.com\/index.php\/wp-json\/wp\/v2\/users\/2"}],"replies":[{"embeddable":true,"href":"https:\/\/periodicorealidades.com\/index.php\/wp-json\/wp\/v2\/comments?post=46975"}],"version-history":[{"count":0,"href":"https:\/\/periodicorealidades.com\/index.php\/wp-json\/wp\/v2\/posts\/46975\/revisions"}],"wp:featuredmedia":[{"embeddable":true,"href":"https:\/\/periodicorealidades.com\/index.php\/wp-json\/wp\/v2\/media\/46979"}],"wp:attachment":[{"href":"https:\/\/periodicorealidades.com\/index.php\/wp-json\/wp\/v2\/media?parent=46975"}],"wp:term":[{"taxonomy":"category","embeddable":true,"href":"https:\/\/periodicorealidades.com\/index.php\/wp-json\/wp\/v2\/categories?post=46975"},{"taxonomy":"post_tag","embeddable":true,"href":"https:\/\/periodicorealidades.com\/index.php\/wp-json\/wp\/v2\/tags?post=46975"}],"curies":[{"name":"wp","href":"https:\/\/api.w.org\/{rel}","templated":true}]}}