{"id":46993,"date":"2025-06-16T22:14:11","date_gmt":"2025-06-17T05:14:11","guid":{"rendered":"https:\/\/periodicorealidades.com\/?p=46993"},"modified":"2025-06-16T22:14:11","modified_gmt":"2025-06-17T05:14:11","slug":"pakistan-atacara-con-armas-nucleares-a-israel-en-o-m","status":"publish","type":"post","link":"https:\/\/periodicorealidades.com\/index.php\/2025\/06\/16\/pakistan-atacara-con-armas-nucleares-a-israel-en-o-m\/","title":{"rendered":"Pakistan atacara con armas nucleares a Israel en O.M"},"content":{"rendered":"\n<p class=\"wp-block-paragraph\">La tensi\u00f3n en Oriente Medio contin\u00faa en aumento tras nuevas declaraciones del general iran\u00ed Mohsen Rezaei, alto mando del Cuerpo de la Guardia Revolucionaria Isl\u00e1mica (CGRI), quien asegur\u00f3 que Pakist\u00e1n estar\u00eda dispuesto a lanzar un misil nuclear sobre Israel en caso de que este \u00faltimo utilice armas nucleares contra Ir\u00e1n.<\/p>\n\n\n\n<p class=\"wp-block-paragraph\">Por: Agencias<\/p>\n\n\n\n<p class=\"wp-block-paragraph\">Teher\u00e1n, Iran; martes, 17 de&nbsp; junio de 2025.- La televisi\u00f3n estatal iran\u00ed, Rezaei afirm\u00f3 que Ir\u00e1n a\u00fan no ha revelado todas sus capacidades defensivas y que las &#8220;mayores sorpresas&#8221; del conflicto est\u00e1n por venir. &#8220;Esta guerra es crucial, e Ir\u00e1n ser\u00e1 quien la ponga fin&#8221;, declar\u00f3 el tambi\u00e9n miembro del Consejo de Discernimiento de Conveniencia, vestido con uniforme militar.<\/p>\n\n\n\n<p class=\"wp-block-paragraph\">Sin embargo, desde Islamabad no se ha emitido ninguna confirmaci\u00f3n oficial de tales amenazas. El ministro de Defensa paquistan\u00ed, Khawaja Muhammad Asif, subray\u00f3 que la doctrina nuclear de su pa\u00eds es exclusivamente defensiva y que Pakist\u00e1n se adhiere a todas las convenciones nucleares internacionales. \u201cNuestra capacidad nuclear es para la disuasi\u00f3n y defensa nacional\u201d, afirm\u00f3.<\/p>\n\n\n\n<p class=\"wp-block-paragraph\">Asif tambi\u00e9n conden\u00f3 la falta de supervisi\u00f3n internacional sobre el arsenal israel\u00ed, calificando a Israel como un \u201cEstado rebelde\u201d y criticando el respaldo incondicional que recibe de pa\u00edses occidentales.<\/p>\n\n\n\n<p class=\"wp-block-paragraph\">El conflicto entre Israel e Ir\u00e1n se intensific\u00f3 desde el 13 de junio, cuando Israel lanz\u00f3 un ataque no provocado contra territorio iran\u00ed. Desde entonces, ambos pa\u00edses han intercambiado ataques, generando alarma internacional.<\/p>\n\n\n\n<p class=\"wp-block-paragraph\">L\u00edderes como el presidente ruso, Vlad\u00edmir Putin, han advertido sobre el riesgo de una escalada incontrolable. En una conversaci\u00f3n con su hom\u00f3logo estadounidense, Donald Trump, Putin expres\u00f3 su preocupaci\u00f3n por las posibles \u201cconsecuencias imprevisibles\u201d del conflicto. Representantes rusos ante la ONU incluso alertaron sobre el riesgo de una \u201ccat\u00e1strofe nuclear a gran escala\u201d si la situaci\u00f3n no se contiene.<\/p>\n\n\n\n<p class=\"wp-block-paragraph\"><\/p>\n","protected":false},"excerpt":{"rendered":"<p>La tensi\u00f3n en Oriente Medio contin\u00faa en aumento tras nuevas declaraciones del general iran\u00ed Mohsen Rezaei, alto mando del Cuerpo de la Guardia Revolucionaria Isl\u00e1mica (CGRI), quien asegur\u00f3 que Pakist\u00e1n estar\u00eda dispuesto a lanzar un misil nuclear sobre Israel en caso de que este \u00faltimo utilice armas nucleares contra Ir\u00e1n. Por: Agencias Teher\u00e1n, Iran; martes, [&hellip;]<\/p>\n","protected":false},"author":2,"featured_media":0,"comment_status":"open","ping_status":"open","sticky":false,"template":"","format":"standard","meta":{"footnotes":""},"categories":[13,4],"tags":[],"class_list":["post-46993","post","type-post","status-publish","format-standard","category-internacional","category-principal"],"yoast_head":"<!-- This site is optimized with the Yoast SEO plugin v28.3 - https:\/\/yoast.com\/product\/yoast-seo-wordpress\/ -->\n<title>Pakistan atacara con armas nucleares a Israel en O.M - Peri\u00f3dico Realidades<\/title>\n<meta name=\"robots\" content=\"index, follow, max-snippet:-1, max-image-preview:large, max-video-preview:-1\" \/>\n<link rel=\"canonical\" href=\"https:\/\/periodicorealidades.com\/index.php\/2025\/06\/16\/pakistan-atacara-con-armas-nucleares-a-israel-en-o-m\/\" \/>\n<meta property=\"og:locale\" content=\"es_MX\" \/>\n<meta property=\"og:type\" content=\"article\" \/>\n<meta property=\"og:title\" content=\"Pakistan atacara con armas nucleares a Israel en O.M - Peri\u00f3dico Realidades\" \/>\n<meta property=\"og:description\" content=\"La tensi\u00f3n en Oriente Medio contin\u00faa en aumento tras nuevas declaraciones del general iran\u00ed Mohsen Rezaei, alto mando del Cuerpo de la Guardia Revolucionaria Isl\u00e1mica (CGRI), quien asegur\u00f3 que Pakist\u00e1n estar\u00eda dispuesto a lanzar un misil nuclear sobre Israel en caso de que este \u00faltimo utilice armas nucleares contra Ir\u00e1n. Por: Agencias Teher\u00e1n, Iran; martes, [&hellip;]\" \/>\n<meta property=\"og:url\" content=\"https:\/\/periodicorealidades.com\/index.php\/2025\/06\/16\/pakistan-atacara-con-armas-nucleares-a-israel-en-o-m\/\" \/>\n<meta property=\"og:site_name\" content=\"Peri\u00f3dico Realidades\" \/>\n<meta property=\"article:publisher\" content=\"https:\/\/www.facebook.com\/periodicorealidades.denayarit?mibextid=LQQJ4d\" \/>\n<meta property=\"article:published_time\" content=\"2025-06-17T05:14:11+00:00\" \/>\n<meta property=\"og:image\" content=\"https:\/\/periodicorealidades.com\/wp-content\/uploads\/2025\/06\/Khawaja-Muhammad.jpg\" \/>\n\t<meta property=\"og:image:width\" content=\"1200\" \/>\n\t<meta property=\"og:image:height\" content=\"738\" \/>\n\t<meta property=\"og:image:type\" content=\"image\/jpeg\" \/>\n<meta name=\"author\" content=\"editor\" \/>\n<meta name=\"twitter:card\" content=\"summary_large_image\" \/>\n<meta name=\"twitter:label1\" content=\"Escrito por\" \/>\n\t<meta name=\"twitter:data1\" content=\"editor\" \/>\n\t<meta name=\"twitter:label2\" content=\"Tiempo de lectura\" \/>\n\t<meta name=\"twitter:data2\" content=\"2 minutos\" \/>\n<script type=\"application\/ld+json\" class=\"yoast-schema-graph\">{\"@context\":\"https:\\\/\\\/schema.org\",\"@graph\":[{\"@type\":\"Article\",\"@id\":\"https:\\\/\\\/periodicorealidades.com\\\/index.php\\\/2025\\\/06\\\/16\\\/pakistan-atacara-con-armas-nucleares-a-israel-en-o-m\\\/#article\",\"isPartOf\":{\"@id\":\"https:\\\/\\\/periodicorealidades.com\\\/index.php\\\/2025\\\/06\\\/16\\\/pakistan-atacara-con-armas-nucleares-a-israel-en-o-m\\\/\"},\"author\":{\"name\":\"editor\",\"@id\":\"https:\\\/\\\/periodicorealidades.com\\\/#\\\/schema\\\/person\\\/c27da34ee13acaec3162071a3e1c7832\"},\"headline\":\"Pakistan atacara con armas nucleares a Israel en O.M\",\"datePublished\":\"2025-06-17T05:14:11+00:00\",\"mainEntityOfPage\":{\"@id\":\"https:\\\/\\\/periodicorealidades.com\\\/index.php\\\/2025\\\/06\\\/16\\\/pakistan-atacara-con-armas-nucleares-a-israel-en-o-m\\\/\"},\"wordCount\":325,\"commentCount\":0,\"publisher\":{\"@id\":\"https:\\\/\\\/periodicorealidades.com\\\/#organization\"},\"articleSection\":[\"Internacional\",\"Principal\"],\"inLanguage\":\"es\",\"potentialAction\":[{\"@type\":\"CommentAction\",\"name\":\"Comment\",\"target\":[\"https:\\\/\\\/periodicorealidades.com\\\/index.php\\\/2025\\\/06\\\/16\\\/pakistan-atacara-con-armas-nucleares-a-israel-en-o-m\\\/#respond\"]}]},{\"@type\":\"WebPage\",\"@id\":\"https:\\\/\\\/periodicorealidades.com\\\/index.php\\\/2025\\\/06\\\/16\\\/pakistan-atacara-con-armas-nucleares-a-israel-en-o-m\\\/\",\"url\":\"https:\\\/\\\/periodicorealidades.com\\\/index.php\\\/2025\\\/06\\\/16\\\/pakistan-atacara-con-armas-nucleares-a-israel-en-o-m\\\/\",\"name\":\"Pakistan atacara con armas nucleares a Israel en O.M - Peri\u00f3dico Realidades\",\"isPartOf\":{\"@id\":\"https:\\\/\\\/periodicorealidades.com\\\/#website\"},\"datePublished\":\"2025-06-17T05:14:11+00:00\",\"breadcrumb\":{\"@id\":\"https:\\\/\\\/periodicorealidades.com\\\/index.php\\\/2025\\\/06\\\/16\\\/pakistan-atacara-con-armas-nucleares-a-israel-en-o-m\\\/#breadcrumb\"},\"inLanguage\":\"es\",\"potentialAction\":[{\"@type\":\"ReadAction\",\"target\":[\"https:\\\/\\\/periodicorealidades.com\\\/index.php\\\/2025\\\/06\\\/16\\\/pakistan-atacara-con-armas-nucleares-a-israel-en-o-m\\\/\"]}]},{\"@type\":\"BreadcrumbList\",\"@id\":\"https:\\\/\\\/periodicorealidades.com\\\/index.php\\\/2025\\\/06\\\/16\\\/pakistan-atacara-con-armas-nucleares-a-israel-en-o-m\\\/#breadcrumb\",\"itemListElement\":[{\"@type\":\"ListItem\",\"position\":1,\"name\":\"Inicio\",\"item\":\"https:\\\/\\\/periodicorealidades.com\\\/\"},{\"@type\":\"ListItem\",\"position\":2,\"name\":\"Pakistan atacara con armas nucleares a Israel en O.M\"}]},{\"@type\":\"WebSite\",\"@id\":\"https:\\\/\\\/periodicorealidades.com\\\/#website\",\"url\":\"https:\\\/\\\/periodicorealidades.com\\\/\",\"name\":\"Peri\u00f3dico Realidades\",\"description\":\"M\u00e9dio de comunicaci\u00f3n en Nayarit\",\"publisher\":{\"@id\":\"https:\\\/\\\/periodicorealidades.com\\\/#organization\"},\"potentialAction\":[{\"@type\":\"SearchAction\",\"target\":{\"@type\":\"EntryPoint\",\"urlTemplate\":\"https:\\\/\\\/periodicorealidades.com\\\/?s={search_term_string}\"},\"query-input\":{\"@type\":\"PropertyValueSpecification\",\"valueRequired\":true,\"valueName\":\"search_term_string\"}}],\"inLanguage\":\"es\"},{\"@type\":\"Organization\",\"@id\":\"https:\\\/\\\/periodicorealidades.com\\\/#organization\",\"name\":\"Peri\u00f3dico Realidades\",\"url\":\"https:\\\/\\\/periodicorealidades.com\\\/\",\"logo\":{\"@type\":\"ImageObject\",\"inLanguage\":\"es\",\"@id\":\"https:\\\/\\\/periodicorealidades.com\\\/#\\\/schema\\\/logo\\\/image\\\/\",\"url\":\"https:\\\/\\\/periodicorealidades.com\\\/wp-content\\\/uploads\\\/2023\\\/05\\\/r-prueba.png\",\"contentUrl\":\"https:\\\/\\\/periodicorealidades.com\\\/wp-content\\\/uploads\\\/2023\\\/05\\\/r-prueba.png\",\"width\":709,\"height\":709,\"caption\":\"Peri\u00f3dico Realidades\"},\"image\":{\"@id\":\"https:\\\/\\\/periodicorealidades.com\\\/#\\\/schema\\\/logo\\\/image\\\/\"},\"sameAs\":[\"https:\\\/\\\/www.facebook.com\\\/periodicorealidades.denayarit?mibextid=LQQJ4d\"]},{\"@type\":\"Person\",\"@id\":\"https:\\\/\\\/periodicorealidades.com\\\/#\\\/schema\\\/person\\\/c27da34ee13acaec3162071a3e1c7832\",\"name\":\"editor\",\"image\":{\"@type\":\"ImageObject\",\"inLanguage\":\"es\",\"@id\":\"https:\\\/\\\/secure.gravatar.com\\\/avatar\\\/dda3c3f59ea25f4b53cd53df977b0b2628039b17268e57c944a79a00e8a56e26?s=96&d=mm&r=g\",\"url\":\"https:\\\/\\\/secure.gravatar.com\\\/avatar\\\/dda3c3f59ea25f4b53cd53df977b0b2628039b17268e57c944a79a00e8a56e26?s=96&d=mm&r=g\",\"contentUrl\":\"https:\\\/\\\/secure.gravatar.com\\\/avatar\\\/dda3c3f59ea25f4b53cd53df977b0b2628039b17268e57c944a79a00e8a56e26?s=96&d=mm&r=g\",\"caption\":\"editor\"},\"url\":\"https:\\\/\\\/periodicorealidades.com\\\/index.php\\\/author\\\/editor\\\/\"}]}<\/script>\n<!-- \/ Yoast SEO plugin. -->","yoast_head_json":{"title":"Pakistan atacara con armas nucleares a Israel en O.M - Peri\u00f3dico Realidades","robots":{"index":"index","follow":"follow","max-snippet":"max-snippet:-1","max-image-preview":"max-image-preview:large","max-video-preview":"max-video-preview:-1"},"canonical":"https:\/\/periodicorealidades.com\/index.php\/2025\/06\/16\/pakistan-atacara-con-armas-nucleares-a-israel-en-o-m\/","og_locale":"es_MX","og_type":"article","og_title":"Pakistan atacara con armas nucleares a Israel en O.M - Peri\u00f3dico Realidades","og_description":"La tensi\u00f3n en Oriente Medio contin\u00faa en aumento tras nuevas declaraciones del general iran\u00ed Mohsen Rezaei, alto mando del Cuerpo de la Guardia Revolucionaria Isl\u00e1mica (CGRI), quien asegur\u00f3 que Pakist\u00e1n estar\u00eda dispuesto a lanzar un misil nuclear sobre Israel en caso de que este \u00faltimo utilice armas nucleares contra Ir\u00e1n. Por: Agencias Teher\u00e1n, Iran; martes, [&hellip;]","og_url":"https:\/\/periodicorealidades.com\/index.php\/2025\/06\/16\/pakistan-atacara-con-armas-nucleares-a-israel-en-o-m\/","og_site_name":"Peri\u00f3dico Realidades","article_publisher":"https:\/\/www.facebook.com\/periodicorealidades.denayarit?mibextid=LQQJ4d","article_published_time":"2025-06-17T05:14:11+00:00","og_image":[{"width":1200,"height":738,"url":"https:\/\/periodicorealidades.com\/wp-content\/uploads\/2025\/06\/Khawaja-Muhammad.jpg","type":"image\/jpeg"}],"author":"editor","twitter_card":"summary_large_image","twitter_misc":{"Escrito por":"editor","Tiempo de lectura":"2 minutos"},"schema":{"@context":"https:\/\/schema.org","@graph":[{"@type":"Article","@id":"https:\/\/periodicorealidades.com\/index.php\/2025\/06\/16\/pakistan-atacara-con-armas-nucleares-a-israel-en-o-m\/#article","isPartOf":{"@id":"https:\/\/periodicorealidades.com\/index.php\/2025\/06\/16\/pakistan-atacara-con-armas-nucleares-a-israel-en-o-m\/"},"author":{"name":"editor","@id":"https:\/\/periodicorealidades.com\/#\/schema\/person\/c27da34ee13acaec3162071a3e1c7832"},"headline":"Pakistan atacara con armas nucleares a Israel en O.M","datePublished":"2025-06-17T05:14:11+00:00","mainEntityOfPage":{"@id":"https:\/\/periodicorealidades.com\/index.php\/2025\/06\/16\/pakistan-atacara-con-armas-nucleares-a-israel-en-o-m\/"},"wordCount":325,"commentCount":0,"publisher":{"@id":"https:\/\/periodicorealidades.com\/#organization"},"articleSection":["Internacional","Principal"],"inLanguage":"es","potentialAction":[{"@type":"CommentAction","name":"Comment","target":["https:\/\/periodicorealidades.com\/index.php\/2025\/06\/16\/pakistan-atacara-con-armas-nucleares-a-israel-en-o-m\/#respond"]}]},{"@type":"WebPage","@id":"https:\/\/periodicorealidades.com\/index.php\/2025\/06\/16\/pakistan-atacara-con-armas-nucleares-a-israel-en-o-m\/","url":"https:\/\/periodicorealidades.com\/index.php\/2025\/06\/16\/pakistan-atacara-con-armas-nucleares-a-israel-en-o-m\/","name":"Pakistan atacara con armas nucleares a Israel en O.M - Peri\u00f3dico Realidades","isPartOf":{"@id":"https:\/\/periodicorealidades.com\/#website"},"datePublished":"2025-06-17T05:14:11+00:00","breadcrumb":{"@id":"https:\/\/periodicorealidades.com\/index.php\/2025\/06\/16\/pakistan-atacara-con-armas-nucleares-a-israel-en-o-m\/#breadcrumb"},"inLanguage":"es","potentialAction":[{"@type":"ReadAction","target":["https:\/\/periodicorealidades.com\/index.php\/2025\/06\/16\/pakistan-atacara-con-armas-nucleares-a-israel-en-o-m\/"]}]},{"@type":"BreadcrumbList","@id":"https:\/\/periodicorealidades.com\/index.php\/2025\/06\/16\/pakistan-atacara-con-armas-nucleares-a-israel-en-o-m\/#breadcrumb","itemListElement":[{"@type":"ListItem","position":1,"name":"Inicio","item":"https:\/\/periodicorealidades.com\/"},{"@type":"ListItem","position":2,"name":"Pakistan atacara con armas nucleares a Israel en O.M"}]},{"@type":"WebSite","@id":"https:\/\/periodicorealidades.com\/#website","url":"https:\/\/periodicorealidades.com\/","name":"Peri\u00f3dico Realidades","description":"M\u00e9dio de comunicaci\u00f3n en Nayarit","publisher":{"@id":"https:\/\/periodicorealidades.com\/#organization"},"potentialAction":[{"@type":"SearchAction","target":{"@type":"EntryPoint","urlTemplate":"https:\/\/periodicorealidades.com\/?s={search_term_string}"},"query-input":{"@type":"PropertyValueSpecification","valueRequired":true,"valueName":"search_term_string"}}],"inLanguage":"es"},{"@type":"Organization","@id":"https:\/\/periodicorealidades.com\/#organization","name":"Peri\u00f3dico Realidades","url":"https:\/\/periodicorealidades.com\/","logo":{"@type":"ImageObject","inLanguage":"es","@id":"https:\/\/periodicorealidades.com\/#\/schema\/logo\/image\/","url":"https:\/\/periodicorealidades.com\/wp-content\/uploads\/2023\/05\/r-prueba.png","contentUrl":"https:\/\/periodicorealidades.com\/wp-content\/uploads\/2023\/05\/r-prueba.png","width":709,"height":709,"caption":"Peri\u00f3dico Realidades"},"image":{"@id":"https:\/\/periodicorealidades.com\/#\/schema\/logo\/image\/"},"sameAs":["https:\/\/www.facebook.com\/periodicorealidades.denayarit?mibextid=LQQJ4d"]},{"@type":"Person","@id":"https:\/\/periodicorealidades.com\/#\/schema\/person\/c27da34ee13acaec3162071a3e1c7832","name":"editor","image":{"@type":"ImageObject","inLanguage":"es","@id":"https:\/\/secure.gravatar.com\/avatar\/dda3c3f59ea25f4b53cd53df977b0b2628039b17268e57c944a79a00e8a56e26?s=96&d=mm&r=g","url":"https:\/\/secure.gravatar.com\/avatar\/dda3c3f59ea25f4b53cd53df977b0b2628039b17268e57c944a79a00e8a56e26?s=96&d=mm&r=g","contentUrl":"https:\/\/secure.gravatar.com\/avatar\/dda3c3f59ea25f4b53cd53df977b0b2628039b17268e57c944a79a00e8a56e26?s=96&d=mm&r=g","caption":"editor"},"url":"https:\/\/periodicorealidades.com\/index.php\/author\/editor\/"}]}},"_links":{"self":[{"href":"https:\/\/periodicorealidades.com\/index.php\/wp-json\/wp\/v2\/posts\/46993","targetHints":{"allow":["GET"]}}],"collection":[{"href":"https:\/\/periodicorealidades.com\/index.php\/wp-json\/wp\/v2\/posts"}],"about":[{"href":"https:\/\/periodicorealidades.com\/index.php\/wp-json\/wp\/v2\/types\/post"}],"author":[{"embeddable":true,"href":"https:\/\/periodicorealidades.com\/index.php\/wp-json\/wp\/v2\/users\/2"}],"replies":[{"embeddable":true,"href":"https:\/\/periodicorealidades.com\/index.php\/wp-json\/wp\/v2\/comments?post=46993"}],"version-history":[{"count":0,"href":"https:\/\/periodicorealidades.com\/index.php\/wp-json\/wp\/v2\/posts\/46993\/revisions"}],"wp:attachment":[{"href":"https:\/\/periodicorealidades.com\/index.php\/wp-json\/wp\/v2\/media?parent=46993"}],"wp:term":[{"taxonomy":"category","embeddable":true,"href":"https:\/\/periodicorealidades.com\/index.php\/wp-json\/wp\/v2\/categories?post=46993"},{"taxonomy":"post_tag","embeddable":true,"href":"https:\/\/periodicorealidades.com\/index.php\/wp-json\/wp\/v2\/tags?post=46993"}],"curies":[{"name":"wp","href":"https:\/\/api.w.org\/{rel}","templated":true}]}}