{"id":46998,"date":"2025-06-16T22:19:27","date_gmt":"2025-06-17T05:19:27","guid":{"rendered":"https:\/\/periodicorealidades.com\/?p=46998"},"modified":"2025-06-16T22:19:28","modified_gmt":"2025-06-17T05:19:28","slug":"familiares-de-desaparecidos-doblan-a-edil-de-xalisco","status":"publish","type":"post","link":"https:\/\/periodicorealidades.com\/index.php\/2025\/06\/16\/familiares-de-desaparecidos-doblan-a-edil-de-xalisco\/","title":{"rendered":"Familiares de desaparecidos \u201cdoblan\u201d a edil de Xalisco"},"content":{"rendered":"\n<p class=\"wp-block-paragraph\">La alcaldesa del municipio de Xalisco, Anabel Guerrero Ben\u00edtez, se comprometi\u00f3 a apoyarles en las labores de b\u00fasquedas a los familiares de personas desaparecidas<\/p>\n\n\n\n<p class=\"wp-block-paragraph\">Por: Arcelia Garc\u00eda Ortega<\/p>\n\n\n\n<p class=\"wp-block-paragraph\">Xalisco, Nayarit; martes, 17 de junio del 2025.- Despu\u00e9s de que se hab\u00eda sacado el tema de la sesi\u00f3n de cabildo, los colectivos de familias de desaparecidos, lograron la atenci\u00f3n de la alcaldesa de Xalisco, Anabel Guerrero Ben\u00edtez, en su b\u00fasqueda de apoyo para continuar con las labores de b\u00fasqueda de sus familiares que se encuentran desaparecidos que podr\u00edan estar enterrados en alg\u00fan predio del municipio.<\/p>\n\n\n\n<p class=\"wp-block-paragraph\">El Colectivo en sus redes sociales dan a conocer los pormenores de la reuni\u00f3n con la presidenta Municipal de Xalisco, la maestra Anabel Guerrero, quien los recibi\u00f3, atendi\u00f3 y escuch\u00f3 en las instalaciones de la alcald\u00eda.<\/p>\n\n\n\n<p class=\"wp-block-paragraph\">Acordaron dar seguimiento y agendar nueva fecha, para la instalaci\u00f3n de una mesa de trabajo.<\/p>\n\n\n\n<p class=\"wp-block-paragraph\">Celebraron y reconocieron la disposici\u00f3n de la alcaldesa, ejemplo que tienen que seguir, consideran los colectivos, los presidentes y presidentas de otros municipios, porque las fosas est\u00e1n diseminadas en todo el estado.<\/p>\n\n\n\n<p class=\"wp-block-paragraph\">El prop\u00f3sito, es continuar con los temas relacionados a la b\u00fasqueda de sus familiares con acciones concretas y eficaces sobre las desapariciones y la atenci\u00f3n a las familias v\u00edctimas de desaparici\u00f3n forzada de personas.<\/p>\n","protected":false},"excerpt":{"rendered":"<p>La alcaldesa del municipio de Xalisco, Anabel Guerrero Ben\u00edtez, se comprometi\u00f3 a apoyarles en las labores de b\u00fasquedas a los familiares de personas desaparecidas Por: Arcelia Garc\u00eda Ortega Xalisco, Nayarit; martes, 17 de junio del 2025.- Despu\u00e9s de que se hab\u00eda sacado el tema de la sesi\u00f3n de cabildo, los colectivos de familias de desaparecidos, [&hellip;]<\/p>\n","protected":false},"author":2,"featured_media":30556,"comment_status":"open","ping_status":"open","sticky":false,"template":"","format":"standard","meta":{"footnotes":""},"categories":[8,4],"tags":[],"class_list":["post-46998","post","type-post","status-publish","format-standard","has-post-thumbnail","category-municipios","category-principal"],"yoast_head":"<!-- This site is optimized with the Yoast SEO plugin v28.3 - https:\/\/yoast.com\/product\/yoast-seo-wordpress\/ -->\n<title>Familiares de desaparecidos \u201cdoblan\u201d a edil de Xalisco - Peri\u00f3dico Realidades<\/title>\n<meta name=\"robots\" content=\"index, follow, max-snippet:-1, max-image-preview:large, max-video-preview:-1\" \/>\n<link rel=\"canonical\" href=\"https:\/\/periodicorealidades.com\/index.php\/2025\/06\/16\/familiares-de-desaparecidos-doblan-a-edil-de-xalisco\/\" \/>\n<meta property=\"og:locale\" content=\"es_MX\" \/>\n<meta property=\"og:type\" content=\"article\" \/>\n<meta property=\"og:title\" content=\"Familiares de desaparecidos \u201cdoblan\u201d a edil de Xalisco - Peri\u00f3dico Realidades\" \/>\n<meta property=\"og:description\" content=\"La alcaldesa del municipio de Xalisco, Anabel Guerrero Ben\u00edtez, se comprometi\u00f3 a apoyarles en las labores de b\u00fasquedas a los familiares de personas desaparecidas Por: Arcelia Garc\u00eda Ortega Xalisco, Nayarit; martes, 17 de junio del 2025.- Despu\u00e9s de que se hab\u00eda sacado el tema de la sesi\u00f3n de cabildo, los colectivos de familias de desaparecidos, [&hellip;]\" \/>\n<meta property=\"og:url\" content=\"https:\/\/periodicorealidades.com\/index.php\/2025\/06\/16\/familiares-de-desaparecidos-doblan-a-edil-de-xalisco\/\" \/>\n<meta property=\"og:site_name\" content=\"Peri\u00f3dico Realidades\" \/>\n<meta property=\"article:publisher\" content=\"https:\/\/www.facebook.com\/periodicorealidades.denayarit?mibextid=LQQJ4d\" \/>\n<meta property=\"article:published_time\" content=\"2025-06-17T05:19:27+00:00\" \/>\n<meta property=\"article:modified_time\" content=\"2025-06-17T05:19:28+00:00\" \/>\n<meta property=\"og:image\" content=\"https:\/\/periodicorealidades.com\/wp-content\/uploads\/2024\/11\/Anabel-Guerrero.jpeg\" \/>\n\t<meta property=\"og:image:width\" content=\"400\" \/>\n\t<meta property=\"og:image:height\" content=\"250\" \/>\n\t<meta property=\"og:image:type\" content=\"image\/jpeg\" \/>\n<meta name=\"author\" content=\"editor\" \/>\n<meta name=\"twitter:card\" content=\"summary_large_image\" \/>\n<meta name=\"twitter:label1\" content=\"Escrito por\" \/>\n\t<meta name=\"twitter:data1\" content=\"editor\" \/>\n\t<meta name=\"twitter:label2\" content=\"Tiempo de lectura\" \/>\n\t<meta name=\"twitter:data2\" content=\"1 minuto\" \/>\n<script type=\"application\/ld+json\" class=\"yoast-schema-graph\">{\"@context\":\"https:\\\/\\\/schema.org\",\"@graph\":[{\"@type\":\"Article\",\"@id\":\"https:\\\/\\\/periodicorealidades.com\\\/index.php\\\/2025\\\/06\\\/16\\\/familiares-de-desaparecidos-doblan-a-edil-de-xalisco\\\/#article\",\"isPartOf\":{\"@id\":\"https:\\\/\\\/periodicorealidades.com\\\/index.php\\\/2025\\\/06\\\/16\\\/familiares-de-desaparecidos-doblan-a-edil-de-xalisco\\\/\"},\"author\":{\"name\":\"editor\",\"@id\":\"https:\\\/\\\/periodicorealidades.com\\\/#\\\/schema\\\/person\\\/c27da34ee13acaec3162071a3e1c7832\"},\"headline\":\"Familiares de desaparecidos \u201cdoblan\u201d a edil de Xalisco\",\"datePublished\":\"2025-06-17T05:19:27+00:00\",\"dateModified\":\"2025-06-17T05:19:28+00:00\",\"mainEntityOfPage\":{\"@id\":\"https:\\\/\\\/periodicorealidades.com\\\/index.php\\\/2025\\\/06\\\/16\\\/familiares-de-desaparecidos-doblan-a-edil-de-xalisco\\\/\"},\"wordCount\":240,\"commentCount\":0,\"publisher\":{\"@id\":\"https:\\\/\\\/periodicorealidades.com\\\/#organization\"},\"image\":{\"@id\":\"https:\\\/\\\/periodicorealidades.com\\\/index.php\\\/2025\\\/06\\\/16\\\/familiares-de-desaparecidos-doblan-a-edil-de-xalisco\\\/#primaryimage\"},\"thumbnailUrl\":\"https:\\\/\\\/periodicorealidades.com\\\/wp-content\\\/uploads\\\/2024\\\/11\\\/Anabel-Guerrero.jpeg\",\"articleSection\":[\"Municipios\",\"Principal\"],\"inLanguage\":\"es\",\"potentialAction\":[{\"@type\":\"CommentAction\",\"name\":\"Comment\",\"target\":[\"https:\\\/\\\/periodicorealidades.com\\\/index.php\\\/2025\\\/06\\\/16\\\/familiares-de-desaparecidos-doblan-a-edil-de-xalisco\\\/#respond\"]}]},{\"@type\":\"WebPage\",\"@id\":\"https:\\\/\\\/periodicorealidades.com\\\/index.php\\\/2025\\\/06\\\/16\\\/familiares-de-desaparecidos-doblan-a-edil-de-xalisco\\\/\",\"url\":\"https:\\\/\\\/periodicorealidades.com\\\/index.php\\\/2025\\\/06\\\/16\\\/familiares-de-desaparecidos-doblan-a-edil-de-xalisco\\\/\",\"name\":\"Familiares de desaparecidos \u201cdoblan\u201d a edil de Xalisco - Peri\u00f3dico Realidades\",\"isPartOf\":{\"@id\":\"https:\\\/\\\/periodicorealidades.com\\\/#website\"},\"primaryImageOfPage\":{\"@id\":\"https:\\\/\\\/periodicorealidades.com\\\/index.php\\\/2025\\\/06\\\/16\\\/familiares-de-desaparecidos-doblan-a-edil-de-xalisco\\\/#primaryimage\"},\"image\":{\"@id\":\"https:\\\/\\\/periodicorealidades.com\\\/index.php\\\/2025\\\/06\\\/16\\\/familiares-de-desaparecidos-doblan-a-edil-de-xalisco\\\/#primaryimage\"},\"thumbnailUrl\":\"https:\\\/\\\/periodicorealidades.com\\\/wp-content\\\/uploads\\\/2024\\\/11\\\/Anabel-Guerrero.jpeg\",\"datePublished\":\"2025-06-17T05:19:27+00:00\",\"dateModified\":\"2025-06-17T05:19:28+00:00\",\"breadcrumb\":{\"@id\":\"https:\\\/\\\/periodicorealidades.com\\\/index.php\\\/2025\\\/06\\\/16\\\/familiares-de-desaparecidos-doblan-a-edil-de-xalisco\\\/#breadcrumb\"},\"inLanguage\":\"es\",\"potentialAction\":[{\"@type\":\"ReadAction\",\"target\":[\"https:\\\/\\\/periodicorealidades.com\\\/index.php\\\/2025\\\/06\\\/16\\\/familiares-de-desaparecidos-doblan-a-edil-de-xalisco\\\/\"]}]},{\"@type\":\"ImageObject\",\"inLanguage\":\"es\",\"@id\":\"https:\\\/\\\/periodicorealidades.com\\\/index.php\\\/2025\\\/06\\\/16\\\/familiares-de-desaparecidos-doblan-a-edil-de-xalisco\\\/#primaryimage\",\"url\":\"https:\\\/\\\/periodicorealidades.com\\\/wp-content\\\/uploads\\\/2024\\\/11\\\/Anabel-Guerrero.jpeg\",\"contentUrl\":\"https:\\\/\\\/periodicorealidades.com\\\/wp-content\\\/uploads\\\/2024\\\/11\\\/Anabel-Guerrero.jpeg\",\"width\":400,\"height\":250},{\"@type\":\"BreadcrumbList\",\"@id\":\"https:\\\/\\\/periodicorealidades.com\\\/index.php\\\/2025\\\/06\\\/16\\\/familiares-de-desaparecidos-doblan-a-edil-de-xalisco\\\/#breadcrumb\",\"itemListElement\":[{\"@type\":\"ListItem\",\"position\":1,\"name\":\"Inicio\",\"item\":\"https:\\\/\\\/periodicorealidades.com\\\/\"},{\"@type\":\"ListItem\",\"position\":2,\"name\":\"Familiares de desaparecidos \u201cdoblan\u201d a edil de Xalisco\"}]},{\"@type\":\"WebSite\",\"@id\":\"https:\\\/\\\/periodicorealidades.com\\\/#website\",\"url\":\"https:\\\/\\\/periodicorealidades.com\\\/\",\"name\":\"Peri\u00f3dico Realidades\",\"description\":\"M\u00e9dio de comunicaci\u00f3n en Nayarit\",\"publisher\":{\"@id\":\"https:\\\/\\\/periodicorealidades.com\\\/#organization\"},\"potentialAction\":[{\"@type\":\"SearchAction\",\"target\":{\"@type\":\"EntryPoint\",\"urlTemplate\":\"https:\\\/\\\/periodicorealidades.com\\\/?s={search_term_string}\"},\"query-input\":{\"@type\":\"PropertyValueSpecification\",\"valueRequired\":true,\"valueName\":\"search_term_string\"}}],\"inLanguage\":\"es\"},{\"@type\":\"Organization\",\"@id\":\"https:\\\/\\\/periodicorealidades.com\\\/#organization\",\"name\":\"Peri\u00f3dico Realidades\",\"url\":\"https:\\\/\\\/periodicorealidades.com\\\/\",\"logo\":{\"@type\":\"ImageObject\",\"inLanguage\":\"es\",\"@id\":\"https:\\\/\\\/periodicorealidades.com\\\/#\\\/schema\\\/logo\\\/image\\\/\",\"url\":\"https:\\\/\\\/periodicorealidades.com\\\/wp-content\\\/uploads\\\/2023\\\/05\\\/r-prueba.png\",\"contentUrl\":\"https:\\\/\\\/periodicorealidades.com\\\/wp-content\\\/uploads\\\/2023\\\/05\\\/r-prueba.png\",\"width\":709,\"height\":709,\"caption\":\"Peri\u00f3dico Realidades\"},\"image\":{\"@id\":\"https:\\\/\\\/periodicorealidades.com\\\/#\\\/schema\\\/logo\\\/image\\\/\"},\"sameAs\":[\"https:\\\/\\\/www.facebook.com\\\/periodicorealidades.denayarit?mibextid=LQQJ4d\"]},{\"@type\":\"Person\",\"@id\":\"https:\\\/\\\/periodicorealidades.com\\\/#\\\/schema\\\/person\\\/c27da34ee13acaec3162071a3e1c7832\",\"name\":\"editor\",\"image\":{\"@type\":\"ImageObject\",\"inLanguage\":\"es\",\"@id\":\"https:\\\/\\\/secure.gravatar.com\\\/avatar\\\/dda3c3f59ea25f4b53cd53df977b0b2628039b17268e57c944a79a00e8a56e26?s=96&d=mm&r=g\",\"url\":\"https:\\\/\\\/secure.gravatar.com\\\/avatar\\\/dda3c3f59ea25f4b53cd53df977b0b2628039b17268e57c944a79a00e8a56e26?s=96&d=mm&r=g\",\"contentUrl\":\"https:\\\/\\\/secure.gravatar.com\\\/avatar\\\/dda3c3f59ea25f4b53cd53df977b0b2628039b17268e57c944a79a00e8a56e26?s=96&d=mm&r=g\",\"caption\":\"editor\"},\"url\":\"https:\\\/\\\/periodicorealidades.com\\\/index.php\\\/author\\\/editor\\\/\"}]}<\/script>\n<!-- \/ Yoast SEO plugin. -->","yoast_head_json":{"title":"Familiares de desaparecidos \u201cdoblan\u201d a edil de Xalisco - Peri\u00f3dico Realidades","robots":{"index":"index","follow":"follow","max-snippet":"max-snippet:-1","max-image-preview":"max-image-preview:large","max-video-preview":"max-video-preview:-1"},"canonical":"https:\/\/periodicorealidades.com\/index.php\/2025\/06\/16\/familiares-de-desaparecidos-doblan-a-edil-de-xalisco\/","og_locale":"es_MX","og_type":"article","og_title":"Familiares de desaparecidos \u201cdoblan\u201d a edil de Xalisco - Peri\u00f3dico Realidades","og_description":"La alcaldesa del municipio de Xalisco, Anabel Guerrero Ben\u00edtez, se comprometi\u00f3 a apoyarles en las labores de b\u00fasquedas a los familiares de personas desaparecidas Por: Arcelia Garc\u00eda Ortega Xalisco, Nayarit; martes, 17 de junio del 2025.- Despu\u00e9s de que se hab\u00eda sacado el tema de la sesi\u00f3n de cabildo, los colectivos de familias de desaparecidos, [&hellip;]","og_url":"https:\/\/periodicorealidades.com\/index.php\/2025\/06\/16\/familiares-de-desaparecidos-doblan-a-edil-de-xalisco\/","og_site_name":"Peri\u00f3dico Realidades","article_publisher":"https:\/\/www.facebook.com\/periodicorealidades.denayarit?mibextid=LQQJ4d","article_published_time":"2025-06-17T05:19:27+00:00","article_modified_time":"2025-06-17T05:19:28+00:00","og_image":[{"width":400,"height":250,"url":"https:\/\/periodicorealidades.com\/wp-content\/uploads\/2024\/11\/Anabel-Guerrero.jpeg","type":"image\/jpeg"}],"author":"editor","twitter_card":"summary_large_image","twitter_misc":{"Escrito por":"editor","Tiempo de lectura":"1 minuto"},"schema":{"@context":"https:\/\/schema.org","@graph":[{"@type":"Article","@id":"https:\/\/periodicorealidades.com\/index.php\/2025\/06\/16\/familiares-de-desaparecidos-doblan-a-edil-de-xalisco\/#article","isPartOf":{"@id":"https:\/\/periodicorealidades.com\/index.php\/2025\/06\/16\/familiares-de-desaparecidos-doblan-a-edil-de-xalisco\/"},"author":{"name":"editor","@id":"https:\/\/periodicorealidades.com\/#\/schema\/person\/c27da34ee13acaec3162071a3e1c7832"},"headline":"Familiares de desaparecidos \u201cdoblan\u201d a edil de Xalisco","datePublished":"2025-06-17T05:19:27+00:00","dateModified":"2025-06-17T05:19:28+00:00","mainEntityOfPage":{"@id":"https:\/\/periodicorealidades.com\/index.php\/2025\/06\/16\/familiares-de-desaparecidos-doblan-a-edil-de-xalisco\/"},"wordCount":240,"commentCount":0,"publisher":{"@id":"https:\/\/periodicorealidades.com\/#organization"},"image":{"@id":"https:\/\/periodicorealidades.com\/index.php\/2025\/06\/16\/familiares-de-desaparecidos-doblan-a-edil-de-xalisco\/#primaryimage"},"thumbnailUrl":"https:\/\/periodicorealidades.com\/wp-content\/uploads\/2024\/11\/Anabel-Guerrero.jpeg","articleSection":["Municipios","Principal"],"inLanguage":"es","potentialAction":[{"@type":"CommentAction","name":"Comment","target":["https:\/\/periodicorealidades.com\/index.php\/2025\/06\/16\/familiares-de-desaparecidos-doblan-a-edil-de-xalisco\/#respond"]}]},{"@type":"WebPage","@id":"https:\/\/periodicorealidades.com\/index.php\/2025\/06\/16\/familiares-de-desaparecidos-doblan-a-edil-de-xalisco\/","url":"https:\/\/periodicorealidades.com\/index.php\/2025\/06\/16\/familiares-de-desaparecidos-doblan-a-edil-de-xalisco\/","name":"Familiares de desaparecidos \u201cdoblan\u201d a edil de Xalisco - Peri\u00f3dico Realidades","isPartOf":{"@id":"https:\/\/periodicorealidades.com\/#website"},"primaryImageOfPage":{"@id":"https:\/\/periodicorealidades.com\/index.php\/2025\/06\/16\/familiares-de-desaparecidos-doblan-a-edil-de-xalisco\/#primaryimage"},"image":{"@id":"https:\/\/periodicorealidades.com\/index.php\/2025\/06\/16\/familiares-de-desaparecidos-doblan-a-edil-de-xalisco\/#primaryimage"},"thumbnailUrl":"https:\/\/periodicorealidades.com\/wp-content\/uploads\/2024\/11\/Anabel-Guerrero.jpeg","datePublished":"2025-06-17T05:19:27+00:00","dateModified":"2025-06-17T05:19:28+00:00","breadcrumb":{"@id":"https:\/\/periodicorealidades.com\/index.php\/2025\/06\/16\/familiares-de-desaparecidos-doblan-a-edil-de-xalisco\/#breadcrumb"},"inLanguage":"es","potentialAction":[{"@type":"ReadAction","target":["https:\/\/periodicorealidades.com\/index.php\/2025\/06\/16\/familiares-de-desaparecidos-doblan-a-edil-de-xalisco\/"]}]},{"@type":"ImageObject","inLanguage":"es","@id":"https:\/\/periodicorealidades.com\/index.php\/2025\/06\/16\/familiares-de-desaparecidos-doblan-a-edil-de-xalisco\/#primaryimage","url":"https:\/\/periodicorealidades.com\/wp-content\/uploads\/2024\/11\/Anabel-Guerrero.jpeg","contentUrl":"https:\/\/periodicorealidades.com\/wp-content\/uploads\/2024\/11\/Anabel-Guerrero.jpeg","width":400,"height":250},{"@type":"BreadcrumbList","@id":"https:\/\/periodicorealidades.com\/index.php\/2025\/06\/16\/familiares-de-desaparecidos-doblan-a-edil-de-xalisco\/#breadcrumb","itemListElement":[{"@type":"ListItem","position":1,"name":"Inicio","item":"https:\/\/periodicorealidades.com\/"},{"@type":"ListItem","position":2,"name":"Familiares de desaparecidos \u201cdoblan\u201d a edil de Xalisco"}]},{"@type":"WebSite","@id":"https:\/\/periodicorealidades.com\/#website","url":"https:\/\/periodicorealidades.com\/","name":"Peri\u00f3dico Realidades","description":"M\u00e9dio de comunicaci\u00f3n en Nayarit","publisher":{"@id":"https:\/\/periodicorealidades.com\/#organization"},"potentialAction":[{"@type":"SearchAction","target":{"@type":"EntryPoint","urlTemplate":"https:\/\/periodicorealidades.com\/?s={search_term_string}"},"query-input":{"@type":"PropertyValueSpecification","valueRequired":true,"valueName":"search_term_string"}}],"inLanguage":"es"},{"@type":"Organization","@id":"https:\/\/periodicorealidades.com\/#organization","name":"Peri\u00f3dico Realidades","url":"https:\/\/periodicorealidades.com\/","logo":{"@type":"ImageObject","inLanguage":"es","@id":"https:\/\/periodicorealidades.com\/#\/schema\/logo\/image\/","url":"https:\/\/periodicorealidades.com\/wp-content\/uploads\/2023\/05\/r-prueba.png","contentUrl":"https:\/\/periodicorealidades.com\/wp-content\/uploads\/2023\/05\/r-prueba.png","width":709,"height":709,"caption":"Peri\u00f3dico Realidades"},"image":{"@id":"https:\/\/periodicorealidades.com\/#\/schema\/logo\/image\/"},"sameAs":["https:\/\/www.facebook.com\/periodicorealidades.denayarit?mibextid=LQQJ4d"]},{"@type":"Person","@id":"https:\/\/periodicorealidades.com\/#\/schema\/person\/c27da34ee13acaec3162071a3e1c7832","name":"editor","image":{"@type":"ImageObject","inLanguage":"es","@id":"https:\/\/secure.gravatar.com\/avatar\/dda3c3f59ea25f4b53cd53df977b0b2628039b17268e57c944a79a00e8a56e26?s=96&d=mm&r=g","url":"https:\/\/secure.gravatar.com\/avatar\/dda3c3f59ea25f4b53cd53df977b0b2628039b17268e57c944a79a00e8a56e26?s=96&d=mm&r=g","contentUrl":"https:\/\/secure.gravatar.com\/avatar\/dda3c3f59ea25f4b53cd53df977b0b2628039b17268e57c944a79a00e8a56e26?s=96&d=mm&r=g","caption":"editor"},"url":"https:\/\/periodicorealidades.com\/index.php\/author\/editor\/"}]}},"_links":{"self":[{"href":"https:\/\/periodicorealidades.com\/index.php\/wp-json\/wp\/v2\/posts\/46998","targetHints":{"allow":["GET"]}}],"collection":[{"href":"https:\/\/periodicorealidades.com\/index.php\/wp-json\/wp\/v2\/posts"}],"about":[{"href":"https:\/\/periodicorealidades.com\/index.php\/wp-json\/wp\/v2\/types\/post"}],"author":[{"embeddable":true,"href":"https:\/\/periodicorealidades.com\/index.php\/wp-json\/wp\/v2\/users\/2"}],"replies":[{"embeddable":true,"href":"https:\/\/periodicorealidades.com\/index.php\/wp-json\/wp\/v2\/comments?post=46998"}],"version-history":[{"count":0,"href":"https:\/\/periodicorealidades.com\/index.php\/wp-json\/wp\/v2\/posts\/46998\/revisions"}],"wp:featuredmedia":[{"embeddable":true,"href":"https:\/\/periodicorealidades.com\/index.php\/wp-json\/wp\/v2\/media\/30556"}],"wp:attachment":[{"href":"https:\/\/periodicorealidades.com\/index.php\/wp-json\/wp\/v2\/media?parent=46998"}],"wp:term":[{"taxonomy":"category","embeddable":true,"href":"https:\/\/periodicorealidades.com\/index.php\/wp-json\/wp\/v2\/categories?post=46998"},{"taxonomy":"post_tag","embeddable":true,"href":"https:\/\/periodicorealidades.com\/index.php\/wp-json\/wp\/v2\/tags?post=46998"}],"curies":[{"name":"wp","href":"https:\/\/api.w.org\/{rel}","templated":true}]}}