{"id":47005,"date":"2025-06-16T22:22:43","date_gmt":"2025-06-17T05:22:43","guid":{"rendered":"https:\/\/periodicorealidades.com\/?p=47005"},"modified":"2025-06-16T22:22:44","modified_gmt":"2025-06-17T05:22:44","slug":"pide-el-gobernador-crear-base-de-datos-unica-de-incidentes-viales-en-nay","status":"publish","type":"post","link":"https:\/\/periodicorealidades.com\/index.php\/2025\/06\/16\/pide-el-gobernador-crear-base-de-datos-unica-de-incidentes-viales-en-nay\/","title":{"rendered":"Pide el gobernador crear base de datos \u00fanica de incidentes viales en Nay."},"content":{"rendered":"\n<p class=\"wp-block-paragraph\">El jefe del ejecutivo estatal el Dr. Miguel \u00c1ngel Navarro Quintero, exhorta a municipios a crear una base de datos \u00fanica de incidentes viales en Nayarit<\/p>\n\n\n\n<figure class=\"wp-block-gallery has-nested-images columns-default is-cropped wp-block-gallery-1 is-layout-flex wp-block-gallery-is-layout-flex\">\n<figure class=\"wp-block-image size-large\"><img loading=\"lazy\" decoding=\"async\" width=\"1024\" height=\"768\" data-id=\"46990\" src=\"https:\/\/periodicorealidades.com\/wp-content\/uploads\/2025\/06\/WhatsApp-Image-2025-06-16-at-9.09.30-PM-1024x768.jpeg\" alt=\"\" class=\"wp-image-46990\" srcset=\"https:\/\/periodicorealidades.com\/wp-content\/uploads\/2025\/06\/WhatsApp-Image-2025-06-16-at-9.09.30-PM-1024x768.jpeg 1024w, https:\/\/periodicorealidades.com\/wp-content\/uploads\/2025\/06\/WhatsApp-Image-2025-06-16-at-9.09.30-PM-300x225.jpeg 300w, https:\/\/periodicorealidades.com\/wp-content\/uploads\/2025\/06\/WhatsApp-Image-2025-06-16-at-9.09.30-PM-768x576.jpeg 768w, https:\/\/periodicorealidades.com\/wp-content\/uploads\/2025\/06\/WhatsApp-Image-2025-06-16-at-9.09.30-PM-1536x1152.jpeg 1536w, https:\/\/periodicorealidades.com\/wp-content\/uploads\/2025\/06\/WhatsApp-Image-2025-06-16-at-9.09.30-PM-80x60.jpeg 80w, https:\/\/periodicorealidades.com\/wp-content\/uploads\/2025\/06\/WhatsApp-Image-2025-06-16-at-9.09.30-PM-696x522.jpeg 696w, https:\/\/periodicorealidades.com\/wp-content\/uploads\/2025\/06\/WhatsApp-Image-2025-06-16-at-9.09.30-PM-1068x801.jpeg 1068w, https:\/\/periodicorealidades.com\/wp-content\/uploads\/2025\/06\/WhatsApp-Image-2025-06-16-at-9.09.30-PM-265x198.jpeg 265w, https:\/\/periodicorealidades.com\/wp-content\/uploads\/2025\/06\/WhatsApp-Image-2025-06-16-at-9.09.30-PM.jpeg 1600w\" sizes=\"auto, (max-width: 1024px) 100vw, 1024px\" \/><\/figure>\n\n\n\n<figure class=\"wp-block-image size-large\"><img loading=\"lazy\" decoding=\"async\" width=\"1024\" height=\"817\" data-id=\"46989\" src=\"https:\/\/periodicorealidades.com\/wp-content\/uploads\/2025\/06\/WhatsApp-Image-2025-06-16-at-9.09.30-PM-1-1024x817.jpeg\" alt=\"\" class=\"wp-image-46989\" srcset=\"https:\/\/periodicorealidades.com\/wp-content\/uploads\/2025\/06\/WhatsApp-Image-2025-06-16-at-9.09.30-PM-1-1024x817.jpeg 1024w, https:\/\/periodicorealidades.com\/wp-content\/uploads\/2025\/06\/WhatsApp-Image-2025-06-16-at-9.09.30-PM-1-300x239.jpeg 300w, https:\/\/periodicorealidades.com\/wp-content\/uploads\/2025\/06\/WhatsApp-Image-2025-06-16-at-9.09.30-PM-1-768x612.jpeg 768w, https:\/\/periodicorealidades.com\/wp-content\/uploads\/2025\/06\/WhatsApp-Image-2025-06-16-at-9.09.30-PM-1-1536x1225.jpeg 1536w, https:\/\/periodicorealidades.com\/wp-content\/uploads\/2025\/06\/WhatsApp-Image-2025-06-16-at-9.09.30-PM-1-696x555.jpeg 696w, https:\/\/periodicorealidades.com\/wp-content\/uploads\/2025\/06\/WhatsApp-Image-2025-06-16-at-9.09.30-PM-1-1068x852.jpeg 1068w, https:\/\/periodicorealidades.com\/wp-content\/uploads\/2025\/06\/WhatsApp-Image-2025-06-16-at-9.09.30-PM-1.jpeg 1600w\" sizes=\"auto, (max-width: 1024px) 100vw, 1024px\" \/><\/figure>\n<\/figure>\n\n\n\n<p class=\"wp-block-paragraph\">Por: Bolet\u00ecn<\/p>\n\n\n\n<p class=\"wp-block-paragraph\">Tepic, Nayarit; martes, 17 de junio del 2025.- En el marco de las mesas de trabajo encabezadas por la secretaria general de Gobierno, Roc\u00edo Esther Gonz\u00e1lez Garc\u00eda, y la secretaria de Movilidad, Sistiel Karime Buhaya Lora, se hizo un llamado a las autoridades de los municipios de Tepic y Xalisco a colaborar estrechamente en la conformaci\u00f3n de una base de datos estatal de incidentes viales \ud83d\udee3\ufe0f\ud83d\udccd<\/p>\n\n\n\n<figure class=\"wp-block-gallery has-nested-images columns-default is-cropped wp-block-gallery-2 is-layout-flex wp-block-gallery-is-layout-flex\">\n<figure class=\"wp-block-image size-large\"><img decoding=\"async\" data-id=\"46988\" src=\"https:\/\/periodicorealidades.com\/wp-content\/uploads\/2025\/06\/WhatsApp-Image-2025-06-16-at-9.09.30-PM-2-1024x768.jpeg\" alt=\"\" class=\"wp-image-46988\"\/><\/figure>\n\n\n\n<figure class=\"wp-block-image size-large\"><img loading=\"lazy\" decoding=\"async\" width=\"1024\" height=\"847\" data-id=\"46987\" src=\"https:\/\/periodicorealidades.com\/wp-content\/uploads\/2025\/06\/WhatsApp-Image-2025-06-16-at-9.09.31-PM-1024x847.jpeg\" alt=\"\" class=\"wp-image-46987\" srcset=\"https:\/\/periodicorealidades.com\/wp-content\/uploads\/2025\/06\/WhatsApp-Image-2025-06-16-at-9.09.31-PM-1024x847.jpeg 1024w, https:\/\/periodicorealidades.com\/wp-content\/uploads\/2025\/06\/WhatsApp-Image-2025-06-16-at-9.09.31-PM-300x248.jpeg 300w, https:\/\/periodicorealidades.com\/wp-content\/uploads\/2025\/06\/WhatsApp-Image-2025-06-16-at-9.09.31-PM-768x636.jpeg 768w, https:\/\/periodicorealidades.com\/wp-content\/uploads\/2025\/06\/WhatsApp-Image-2025-06-16-at-9.09.31-PM-1536x1271.jpeg 1536w, https:\/\/periodicorealidades.com\/wp-content\/uploads\/2025\/06\/WhatsApp-Image-2025-06-16-at-9.09.31-PM-696x576.jpeg 696w, https:\/\/periodicorealidades.com\/wp-content\/uploads\/2025\/06\/WhatsApp-Image-2025-06-16-at-9.09.31-PM-1068x884.jpeg 1068w, https:\/\/periodicorealidades.com\/wp-content\/uploads\/2025\/06\/WhatsApp-Image-2025-06-16-at-9.09.31-PM.jpeg 1600w\" sizes=\"auto, (max-width: 1024px) 100vw, 1024px\" \/><\/figure>\n<\/figure>\n\n\n\n<p class=\"wp-block-paragraph\">Este sistema permitir\u00e1 el registro de informaci\u00f3n por parte de los 20 ayuntamientos de la entidad, facilitando una mejor toma de decisiones en materia de prevenci\u00f3n y seguridad vial \ud83d\ude94\ud83e\udd1d<\/p>\n\n\n\n<figure class=\"wp-block-gallery has-nested-images columns-default is-cropped wp-block-gallery-3 is-layout-flex wp-block-gallery-is-layout-flex\">\n<figure class=\"wp-block-image size-large\"><img loading=\"lazy\" decoding=\"async\" width=\"1024\" height=\"768\" data-id=\"46986\" src=\"https:\/\/periodicorealidades.com\/wp-content\/uploads\/2025\/06\/WhatsApp-Image-2025-06-16-at-9.09.31-PM-1-1024x768.jpeg\" alt=\"\" class=\"wp-image-46986\" srcset=\"https:\/\/periodicorealidades.com\/wp-content\/uploads\/2025\/06\/WhatsApp-Image-2025-06-16-at-9.09.31-PM-1-1024x768.jpeg 1024w, https:\/\/periodicorealidades.com\/wp-content\/uploads\/2025\/06\/WhatsApp-Image-2025-06-16-at-9.09.31-PM-1-300x225.jpeg 300w, https:\/\/periodicorealidades.com\/wp-content\/uploads\/2025\/06\/WhatsApp-Image-2025-06-16-at-9.09.31-PM-1-768x576.jpeg 768w, https:\/\/periodicorealidades.com\/wp-content\/uploads\/2025\/06\/WhatsApp-Image-2025-06-16-at-9.09.31-PM-1-1536x1152.jpeg 1536w, https:\/\/periodicorealidades.com\/wp-content\/uploads\/2025\/06\/WhatsApp-Image-2025-06-16-at-9.09.31-PM-1-80x60.jpeg 80w, https:\/\/periodicorealidades.com\/wp-content\/uploads\/2025\/06\/WhatsApp-Image-2025-06-16-at-9.09.31-PM-1-696x522.jpeg 696w, https:\/\/periodicorealidades.com\/wp-content\/uploads\/2025\/06\/WhatsApp-Image-2025-06-16-at-9.09.31-PM-1-1068x801.jpeg 1068w, https:\/\/periodicorealidades.com\/wp-content\/uploads\/2025\/06\/WhatsApp-Image-2025-06-16-at-9.09.31-PM-1-265x198.jpeg 265w, https:\/\/periodicorealidades.com\/wp-content\/uploads\/2025\/06\/WhatsApp-Image-2025-06-16-at-9.09.31-PM-1.jpeg 1600w\" sizes=\"auto, (max-width: 1024px) 100vw, 1024px\" \/><\/figure>\n\n\n\n<figure class=\"wp-block-image size-large\"><img loading=\"lazy\" decoding=\"async\" width=\"1024\" height=\"768\" data-id=\"46985\" src=\"https:\/\/periodicorealidades.com\/wp-content\/uploads\/2025\/06\/WhatsApp-Image-2025-06-16-at-9.09.32-PM-1024x768.jpeg\" alt=\"\" class=\"wp-image-46985\" srcset=\"https:\/\/periodicorealidades.com\/wp-content\/uploads\/2025\/06\/WhatsApp-Image-2025-06-16-at-9.09.32-PM-1024x768.jpeg 1024w, https:\/\/periodicorealidades.com\/wp-content\/uploads\/2025\/06\/WhatsApp-Image-2025-06-16-at-9.09.32-PM-300x225.jpeg 300w, https:\/\/periodicorealidades.com\/wp-content\/uploads\/2025\/06\/WhatsApp-Image-2025-06-16-at-9.09.32-PM-768x576.jpeg 768w, https:\/\/periodicorealidades.com\/wp-content\/uploads\/2025\/06\/WhatsApp-Image-2025-06-16-at-9.09.32-PM-1536x1152.jpeg 1536w, https:\/\/periodicorealidades.com\/wp-content\/uploads\/2025\/06\/WhatsApp-Image-2025-06-16-at-9.09.32-PM-80x60.jpeg 80w, https:\/\/periodicorealidades.com\/wp-content\/uploads\/2025\/06\/WhatsApp-Image-2025-06-16-at-9.09.32-PM-696x522.jpeg 696w, https:\/\/periodicorealidades.com\/wp-content\/uploads\/2025\/06\/WhatsApp-Image-2025-06-16-at-9.09.32-PM-1068x801.jpeg 1068w, https:\/\/periodicorealidades.com\/wp-content\/uploads\/2025\/06\/WhatsApp-Image-2025-06-16-at-9.09.32-PM-265x198.jpeg 265w, https:\/\/periodicorealidades.com\/wp-content\/uploads\/2025\/06\/WhatsApp-Image-2025-06-16-at-9.09.32-PM.jpeg 1600w\" sizes=\"auto, (max-width: 1024px) 100vw, 1024px\" \/><\/figure>\n<\/figure>\n\n\n\n<p class=\"wp-block-paragraph\">Con esta iniciativa, se busca trabajar en unidad por el bienestar de las familias nayaritas \ud83d\udc68\u200d\ud83d\udc69\u200d\ud83d\udc67\u200d\ud83d\udc66\u2764\ufe0f<\/p>\n\n\n\n<p class=\"wp-block-paragraph\">\u2705 \u00a1Un logro que construimos juntos, desde los municipios hasta el estado!<\/p>\n","protected":false},"excerpt":{"rendered":"<p>El jefe del ejecutivo estatal el Dr. Miguel \u00c1ngel Navarro Quintero, exhorta a municipios a crear una base de datos \u00fanica de incidentes viales en Nayarit Por: Bolet\u00ecn Tepic, Nayarit; martes, 17 de junio del 2025.- En el marco de las mesas de trabajo encabezadas por la secretaria general de Gobierno, Roc\u00edo Esther Gonz\u00e1lez Garc\u00eda, [&hellip;]<\/p>\n","protected":false},"author":2,"featured_media":0,"comment_status":"open","ping_status":"open","sticky":false,"template":"","format":"standard","meta":{"footnotes":""},"categories":[4,7],"tags":[],"class_list":["post-47005","post","type-post","status-publish","format-standard","category-principal","category-tepic"],"yoast_head":"<!-- This site is optimized with the Yoast SEO plugin v28.3 - https:\/\/yoast.com\/product\/yoast-seo-wordpress\/ -->\n<title>Pide el gobernador crear base de datos \u00fanica de incidentes viales en Nay. - Peri\u00f3dico Realidades<\/title>\n<meta name=\"robots\" content=\"index, follow, max-snippet:-1, max-image-preview:large, max-video-preview:-1\" \/>\n<link rel=\"canonical\" href=\"https:\/\/periodicorealidades.com\/index.php\/2025\/06\/16\/pide-el-gobernador-crear-base-de-datos-unica-de-incidentes-viales-en-nay\/\" \/>\n<meta property=\"og:locale\" content=\"es_MX\" \/>\n<meta property=\"og:type\" content=\"article\" \/>\n<meta property=\"og:title\" content=\"Pide el gobernador crear base de datos \u00fanica de incidentes viales en Nay. - Peri\u00f3dico Realidades\" \/>\n<meta property=\"og:description\" content=\"El jefe del ejecutivo estatal el Dr. Miguel \u00c1ngel Navarro Quintero, exhorta a municipios a crear una base de datos \u00fanica de incidentes viales en Nayarit Por: Bolet\u00ecn Tepic, Nayarit; martes, 17 de junio del 2025.- En el marco de las mesas de trabajo encabezadas por la secretaria general de Gobierno, Roc\u00edo Esther Gonz\u00e1lez Garc\u00eda, [&hellip;]\" \/>\n<meta property=\"og:url\" content=\"https:\/\/periodicorealidades.com\/index.php\/2025\/06\/16\/pide-el-gobernador-crear-base-de-datos-unica-de-incidentes-viales-en-nay\/\" \/>\n<meta property=\"og:site_name\" content=\"Peri\u00f3dico Realidades\" \/>\n<meta property=\"article:publisher\" content=\"https:\/\/www.facebook.com\/periodicorealidades.denayarit?mibextid=LQQJ4d\" \/>\n<meta property=\"article:published_time\" content=\"2025-06-17T05:22:43+00:00\" \/>\n<meta property=\"article:modified_time\" content=\"2025-06-17T05:22:44+00:00\" \/>\n<meta property=\"og:image\" content=\"https:\/\/periodicorealidades.com\/wp-content\/uploads\/2024\/12\/01-e1733375387517.jpg\" \/>\n\t<meta property=\"og:image:width\" content=\"1066\" \/>\n\t<meta property=\"og:image:height\" content=\"587\" \/>\n\t<meta property=\"og:image:type\" content=\"image\/jpeg\" \/>\n<meta name=\"author\" content=\"editor\" \/>\n<meta name=\"twitter:card\" content=\"summary_large_image\" \/>\n<meta name=\"twitter:label1\" content=\"Escrito por\" \/>\n\t<meta name=\"twitter:data1\" content=\"editor\" \/>\n\t<meta name=\"twitter:label2\" content=\"Tiempo de lectura\" \/>\n\t<meta name=\"twitter:data2\" content=\"2 minutos\" \/>\n<script type=\"application\/ld+json\" class=\"yoast-schema-graph\">{\"@context\":\"https:\\\/\\\/schema.org\",\"@graph\":[{\"@type\":\"Article\",\"@id\":\"https:\\\/\\\/periodicorealidades.com\\\/index.php\\\/2025\\\/06\\\/16\\\/pide-el-gobernador-crear-base-de-datos-unica-de-incidentes-viales-en-nay\\\/#article\",\"isPartOf\":{\"@id\":\"https:\\\/\\\/periodicorealidades.com\\\/index.php\\\/2025\\\/06\\\/16\\\/pide-el-gobernador-crear-base-de-datos-unica-de-incidentes-viales-en-nay\\\/\"},\"author\":{\"name\":\"editor\",\"@id\":\"https:\\\/\\\/periodicorealidades.com\\\/#\\\/schema\\\/person\\\/c27da34ee13acaec3162071a3e1c7832\"},\"headline\":\"Pide el gobernador crear base de datos \u00fanica de incidentes viales en Nay.\",\"datePublished\":\"2025-06-17T05:22:43+00:00\",\"dateModified\":\"2025-06-17T05:22:44+00:00\",\"mainEntityOfPage\":{\"@id\":\"https:\\\/\\\/periodicorealidades.com\\\/index.php\\\/2025\\\/06\\\/16\\\/pide-el-gobernador-crear-base-de-datos-unica-de-incidentes-viales-en-nay\\\/\"},\"wordCount\":166,\"commentCount\":0,\"publisher\":{\"@id\":\"https:\\\/\\\/periodicorealidades.com\\\/#organization\"},\"image\":{\"@id\":\"https:\\\/\\\/periodicorealidades.com\\\/index.php\\\/2025\\\/06\\\/16\\\/pide-el-gobernador-crear-base-de-datos-unica-de-incidentes-viales-en-nay\\\/#primaryimage\"},\"thumbnailUrl\":\"https:\\\/\\\/periodicorealidades.com\\\/wp-content\\\/uploads\\\/2025\\\/06\\\/WhatsApp-Image-2025-06-16-at-9.09.30-PM-1024x768.jpeg\",\"articleSection\":[\"Principal\",\"Tepic\"],\"inLanguage\":\"es\",\"potentialAction\":[{\"@type\":\"CommentAction\",\"name\":\"Comment\",\"target\":[\"https:\\\/\\\/periodicorealidades.com\\\/index.php\\\/2025\\\/06\\\/16\\\/pide-el-gobernador-crear-base-de-datos-unica-de-incidentes-viales-en-nay\\\/#respond\"]}]},{\"@type\":\"WebPage\",\"@id\":\"https:\\\/\\\/periodicorealidades.com\\\/index.php\\\/2025\\\/06\\\/16\\\/pide-el-gobernador-crear-base-de-datos-unica-de-incidentes-viales-en-nay\\\/\",\"url\":\"https:\\\/\\\/periodicorealidades.com\\\/index.php\\\/2025\\\/06\\\/16\\\/pide-el-gobernador-crear-base-de-datos-unica-de-incidentes-viales-en-nay\\\/\",\"name\":\"Pide el gobernador crear base de datos \u00fanica de incidentes viales en Nay. - Peri\u00f3dico Realidades\",\"isPartOf\":{\"@id\":\"https:\\\/\\\/periodicorealidades.com\\\/#website\"},\"primaryImageOfPage\":{\"@id\":\"https:\\\/\\\/periodicorealidades.com\\\/index.php\\\/2025\\\/06\\\/16\\\/pide-el-gobernador-crear-base-de-datos-unica-de-incidentes-viales-en-nay\\\/#primaryimage\"},\"image\":{\"@id\":\"https:\\\/\\\/periodicorealidades.com\\\/index.php\\\/2025\\\/06\\\/16\\\/pide-el-gobernador-crear-base-de-datos-unica-de-incidentes-viales-en-nay\\\/#primaryimage\"},\"thumbnailUrl\":\"https:\\\/\\\/periodicorealidades.com\\\/wp-content\\\/uploads\\\/2025\\\/06\\\/WhatsApp-Image-2025-06-16-at-9.09.30-PM-1024x768.jpeg\",\"datePublished\":\"2025-06-17T05:22:43+00:00\",\"dateModified\":\"2025-06-17T05:22:44+00:00\",\"breadcrumb\":{\"@id\":\"https:\\\/\\\/periodicorealidades.com\\\/index.php\\\/2025\\\/06\\\/16\\\/pide-el-gobernador-crear-base-de-datos-unica-de-incidentes-viales-en-nay\\\/#breadcrumb\"},\"inLanguage\":\"es\",\"potentialAction\":[{\"@type\":\"ReadAction\",\"target\":[\"https:\\\/\\\/periodicorealidades.com\\\/index.php\\\/2025\\\/06\\\/16\\\/pide-el-gobernador-crear-base-de-datos-unica-de-incidentes-viales-en-nay\\\/\"]}]},{\"@type\":\"ImageObject\",\"inLanguage\":\"es\",\"@id\":\"https:\\\/\\\/periodicorealidades.com\\\/index.php\\\/2025\\\/06\\\/16\\\/pide-el-gobernador-crear-base-de-datos-unica-de-incidentes-viales-en-nay\\\/#primaryimage\",\"url\":\"https:\\\/\\\/periodicorealidades.com\\\/wp-content\\\/uploads\\\/2025\\\/06\\\/WhatsApp-Image-2025-06-16-at-9.09.30-PM.jpeg\",\"contentUrl\":\"https:\\\/\\\/periodicorealidades.com\\\/wp-content\\\/uploads\\\/2025\\\/06\\\/WhatsApp-Image-2025-06-16-at-9.09.30-PM.jpeg\",\"width\":1600,\"height\":1200},{\"@type\":\"BreadcrumbList\",\"@id\":\"https:\\\/\\\/periodicorealidades.com\\\/index.php\\\/2025\\\/06\\\/16\\\/pide-el-gobernador-crear-base-de-datos-unica-de-incidentes-viales-en-nay\\\/#breadcrumb\",\"itemListElement\":[{\"@type\":\"ListItem\",\"position\":1,\"name\":\"Inicio\",\"item\":\"https:\\\/\\\/periodicorealidades.com\\\/\"},{\"@type\":\"ListItem\",\"position\":2,\"name\":\"Pide el gobernador crear base de datos \u00fanica de incidentes viales en Nay.\"}]},{\"@type\":\"WebSite\",\"@id\":\"https:\\\/\\\/periodicorealidades.com\\\/#website\",\"url\":\"https:\\\/\\\/periodicorealidades.com\\\/\",\"name\":\"Peri\u00f3dico Realidades\",\"description\":\"M\u00e9dio de comunicaci\u00f3n en Nayarit\",\"publisher\":{\"@id\":\"https:\\\/\\\/periodicorealidades.com\\\/#organization\"},\"potentialAction\":[{\"@type\":\"SearchAction\",\"target\":{\"@type\":\"EntryPoint\",\"urlTemplate\":\"https:\\\/\\\/periodicorealidades.com\\\/?s={search_term_string}\"},\"query-input\":{\"@type\":\"PropertyValueSpecification\",\"valueRequired\":true,\"valueName\":\"search_term_string\"}}],\"inLanguage\":\"es\"},{\"@type\":\"Organization\",\"@id\":\"https:\\\/\\\/periodicorealidades.com\\\/#organization\",\"name\":\"Peri\u00f3dico Realidades\",\"url\":\"https:\\\/\\\/periodicorealidades.com\\\/\",\"logo\":{\"@type\":\"ImageObject\",\"inLanguage\":\"es\",\"@id\":\"https:\\\/\\\/periodicorealidades.com\\\/#\\\/schema\\\/logo\\\/image\\\/\",\"url\":\"https:\\\/\\\/periodicorealidades.com\\\/wp-content\\\/uploads\\\/2023\\\/05\\\/r-prueba.png\",\"contentUrl\":\"https:\\\/\\\/periodicorealidades.com\\\/wp-content\\\/uploads\\\/2023\\\/05\\\/r-prueba.png\",\"width\":709,\"height\":709,\"caption\":\"Peri\u00f3dico Realidades\"},\"image\":{\"@id\":\"https:\\\/\\\/periodicorealidades.com\\\/#\\\/schema\\\/logo\\\/image\\\/\"},\"sameAs\":[\"https:\\\/\\\/www.facebook.com\\\/periodicorealidades.denayarit?mibextid=LQQJ4d\"]},{\"@type\":\"Person\",\"@id\":\"https:\\\/\\\/periodicorealidades.com\\\/#\\\/schema\\\/person\\\/c27da34ee13acaec3162071a3e1c7832\",\"name\":\"editor\",\"image\":{\"@type\":\"ImageObject\",\"inLanguage\":\"es\",\"@id\":\"https:\\\/\\\/secure.gravatar.com\\\/avatar\\\/dda3c3f59ea25f4b53cd53df977b0b2628039b17268e57c944a79a00e8a56e26?s=96&d=mm&r=g\",\"url\":\"https:\\\/\\\/secure.gravatar.com\\\/avatar\\\/dda3c3f59ea25f4b53cd53df977b0b2628039b17268e57c944a79a00e8a56e26?s=96&d=mm&r=g\",\"contentUrl\":\"https:\\\/\\\/secure.gravatar.com\\\/avatar\\\/dda3c3f59ea25f4b53cd53df977b0b2628039b17268e57c944a79a00e8a56e26?s=96&d=mm&r=g\",\"caption\":\"editor\"},\"url\":\"https:\\\/\\\/periodicorealidades.com\\\/index.php\\\/author\\\/editor\\\/\"}]}<\/script>\n<!-- \/ Yoast SEO plugin. -->","yoast_head_json":{"title":"Pide el gobernador crear base de datos \u00fanica de incidentes viales en Nay. - Peri\u00f3dico Realidades","robots":{"index":"index","follow":"follow","max-snippet":"max-snippet:-1","max-image-preview":"max-image-preview:large","max-video-preview":"max-video-preview:-1"},"canonical":"https:\/\/periodicorealidades.com\/index.php\/2025\/06\/16\/pide-el-gobernador-crear-base-de-datos-unica-de-incidentes-viales-en-nay\/","og_locale":"es_MX","og_type":"article","og_title":"Pide el gobernador crear base de datos \u00fanica de incidentes viales en Nay. - Peri\u00f3dico Realidades","og_description":"El jefe del ejecutivo estatal el Dr. Miguel \u00c1ngel Navarro Quintero, exhorta a municipios a crear una base de datos \u00fanica de incidentes viales en Nayarit Por: Bolet\u00ecn Tepic, Nayarit; martes, 17 de junio del 2025.- En el marco de las mesas de trabajo encabezadas por la secretaria general de Gobierno, Roc\u00edo Esther Gonz\u00e1lez Garc\u00eda, [&hellip;]","og_url":"https:\/\/periodicorealidades.com\/index.php\/2025\/06\/16\/pide-el-gobernador-crear-base-de-datos-unica-de-incidentes-viales-en-nay\/","og_site_name":"Peri\u00f3dico Realidades","article_publisher":"https:\/\/www.facebook.com\/periodicorealidades.denayarit?mibextid=LQQJ4d","article_published_time":"2025-06-17T05:22:43+00:00","article_modified_time":"2025-06-17T05:22:44+00:00","og_image":[{"width":1066,"height":587,"url":"https:\/\/periodicorealidades.com\/wp-content\/uploads\/2024\/12\/01-e1733375387517.jpg","type":"image\/jpeg"}],"author":"editor","twitter_card":"summary_large_image","twitter_misc":{"Escrito por":"editor","Tiempo de lectura":"2 minutos"},"schema":{"@context":"https:\/\/schema.org","@graph":[{"@type":"Article","@id":"https:\/\/periodicorealidades.com\/index.php\/2025\/06\/16\/pide-el-gobernador-crear-base-de-datos-unica-de-incidentes-viales-en-nay\/#article","isPartOf":{"@id":"https:\/\/periodicorealidades.com\/index.php\/2025\/06\/16\/pide-el-gobernador-crear-base-de-datos-unica-de-incidentes-viales-en-nay\/"},"author":{"name":"editor","@id":"https:\/\/periodicorealidades.com\/#\/schema\/person\/c27da34ee13acaec3162071a3e1c7832"},"headline":"Pide el gobernador crear base de datos \u00fanica de incidentes viales en Nay.","datePublished":"2025-06-17T05:22:43+00:00","dateModified":"2025-06-17T05:22:44+00:00","mainEntityOfPage":{"@id":"https:\/\/periodicorealidades.com\/index.php\/2025\/06\/16\/pide-el-gobernador-crear-base-de-datos-unica-de-incidentes-viales-en-nay\/"},"wordCount":166,"commentCount":0,"publisher":{"@id":"https:\/\/periodicorealidades.com\/#organization"},"image":{"@id":"https:\/\/periodicorealidades.com\/index.php\/2025\/06\/16\/pide-el-gobernador-crear-base-de-datos-unica-de-incidentes-viales-en-nay\/#primaryimage"},"thumbnailUrl":"https:\/\/periodicorealidades.com\/wp-content\/uploads\/2025\/06\/WhatsApp-Image-2025-06-16-at-9.09.30-PM-1024x768.jpeg","articleSection":["Principal","Tepic"],"inLanguage":"es","potentialAction":[{"@type":"CommentAction","name":"Comment","target":["https:\/\/periodicorealidades.com\/index.php\/2025\/06\/16\/pide-el-gobernador-crear-base-de-datos-unica-de-incidentes-viales-en-nay\/#respond"]}]},{"@type":"WebPage","@id":"https:\/\/periodicorealidades.com\/index.php\/2025\/06\/16\/pide-el-gobernador-crear-base-de-datos-unica-de-incidentes-viales-en-nay\/","url":"https:\/\/periodicorealidades.com\/index.php\/2025\/06\/16\/pide-el-gobernador-crear-base-de-datos-unica-de-incidentes-viales-en-nay\/","name":"Pide el gobernador crear base de datos \u00fanica de incidentes viales en Nay. - Peri\u00f3dico Realidades","isPartOf":{"@id":"https:\/\/periodicorealidades.com\/#website"},"primaryImageOfPage":{"@id":"https:\/\/periodicorealidades.com\/index.php\/2025\/06\/16\/pide-el-gobernador-crear-base-de-datos-unica-de-incidentes-viales-en-nay\/#primaryimage"},"image":{"@id":"https:\/\/periodicorealidades.com\/index.php\/2025\/06\/16\/pide-el-gobernador-crear-base-de-datos-unica-de-incidentes-viales-en-nay\/#primaryimage"},"thumbnailUrl":"https:\/\/periodicorealidades.com\/wp-content\/uploads\/2025\/06\/WhatsApp-Image-2025-06-16-at-9.09.30-PM-1024x768.jpeg","datePublished":"2025-06-17T05:22:43+00:00","dateModified":"2025-06-17T05:22:44+00:00","breadcrumb":{"@id":"https:\/\/periodicorealidades.com\/index.php\/2025\/06\/16\/pide-el-gobernador-crear-base-de-datos-unica-de-incidentes-viales-en-nay\/#breadcrumb"},"inLanguage":"es","potentialAction":[{"@type":"ReadAction","target":["https:\/\/periodicorealidades.com\/index.php\/2025\/06\/16\/pide-el-gobernador-crear-base-de-datos-unica-de-incidentes-viales-en-nay\/"]}]},{"@type":"ImageObject","inLanguage":"es","@id":"https:\/\/periodicorealidades.com\/index.php\/2025\/06\/16\/pide-el-gobernador-crear-base-de-datos-unica-de-incidentes-viales-en-nay\/#primaryimage","url":"https:\/\/periodicorealidades.com\/wp-content\/uploads\/2025\/06\/WhatsApp-Image-2025-06-16-at-9.09.30-PM.jpeg","contentUrl":"https:\/\/periodicorealidades.com\/wp-content\/uploads\/2025\/06\/WhatsApp-Image-2025-06-16-at-9.09.30-PM.jpeg","width":1600,"height":1200},{"@type":"BreadcrumbList","@id":"https:\/\/periodicorealidades.com\/index.php\/2025\/06\/16\/pide-el-gobernador-crear-base-de-datos-unica-de-incidentes-viales-en-nay\/#breadcrumb","itemListElement":[{"@type":"ListItem","position":1,"name":"Inicio","item":"https:\/\/periodicorealidades.com\/"},{"@type":"ListItem","position":2,"name":"Pide el gobernador crear base de datos \u00fanica de incidentes viales en Nay."}]},{"@type":"WebSite","@id":"https:\/\/periodicorealidades.com\/#website","url":"https:\/\/periodicorealidades.com\/","name":"Peri\u00f3dico Realidades","description":"M\u00e9dio de comunicaci\u00f3n en Nayarit","publisher":{"@id":"https:\/\/periodicorealidades.com\/#organization"},"potentialAction":[{"@type":"SearchAction","target":{"@type":"EntryPoint","urlTemplate":"https:\/\/periodicorealidades.com\/?s={search_term_string}"},"query-input":{"@type":"PropertyValueSpecification","valueRequired":true,"valueName":"search_term_string"}}],"inLanguage":"es"},{"@type":"Organization","@id":"https:\/\/periodicorealidades.com\/#organization","name":"Peri\u00f3dico Realidades","url":"https:\/\/periodicorealidades.com\/","logo":{"@type":"ImageObject","inLanguage":"es","@id":"https:\/\/periodicorealidades.com\/#\/schema\/logo\/image\/","url":"https:\/\/periodicorealidades.com\/wp-content\/uploads\/2023\/05\/r-prueba.png","contentUrl":"https:\/\/periodicorealidades.com\/wp-content\/uploads\/2023\/05\/r-prueba.png","width":709,"height":709,"caption":"Peri\u00f3dico Realidades"},"image":{"@id":"https:\/\/periodicorealidades.com\/#\/schema\/logo\/image\/"},"sameAs":["https:\/\/www.facebook.com\/periodicorealidades.denayarit?mibextid=LQQJ4d"]},{"@type":"Person","@id":"https:\/\/periodicorealidades.com\/#\/schema\/person\/c27da34ee13acaec3162071a3e1c7832","name":"editor","image":{"@type":"ImageObject","inLanguage":"es","@id":"https:\/\/secure.gravatar.com\/avatar\/dda3c3f59ea25f4b53cd53df977b0b2628039b17268e57c944a79a00e8a56e26?s=96&d=mm&r=g","url":"https:\/\/secure.gravatar.com\/avatar\/dda3c3f59ea25f4b53cd53df977b0b2628039b17268e57c944a79a00e8a56e26?s=96&d=mm&r=g","contentUrl":"https:\/\/secure.gravatar.com\/avatar\/dda3c3f59ea25f4b53cd53df977b0b2628039b17268e57c944a79a00e8a56e26?s=96&d=mm&r=g","caption":"editor"},"url":"https:\/\/periodicorealidades.com\/index.php\/author\/editor\/"}]}},"_links":{"self":[{"href":"https:\/\/periodicorealidades.com\/index.php\/wp-json\/wp\/v2\/posts\/47005","targetHints":{"allow":["GET"]}}],"collection":[{"href":"https:\/\/periodicorealidades.com\/index.php\/wp-json\/wp\/v2\/posts"}],"about":[{"href":"https:\/\/periodicorealidades.com\/index.php\/wp-json\/wp\/v2\/types\/post"}],"author":[{"embeddable":true,"href":"https:\/\/periodicorealidades.com\/index.php\/wp-json\/wp\/v2\/users\/2"}],"replies":[{"embeddable":true,"href":"https:\/\/periodicorealidades.com\/index.php\/wp-json\/wp\/v2\/comments?post=47005"}],"version-history":[{"count":0,"href":"https:\/\/periodicorealidades.com\/index.php\/wp-json\/wp\/v2\/posts\/47005\/revisions"}],"wp:attachment":[{"href":"https:\/\/periodicorealidades.com\/index.php\/wp-json\/wp\/v2\/media?parent=47005"}],"wp:term":[{"taxonomy":"category","embeddable":true,"href":"https:\/\/periodicorealidades.com\/index.php\/wp-json\/wp\/v2\/categories?post=47005"},{"taxonomy":"post_tag","embeddable":true,"href":"https:\/\/periodicorealidades.com\/index.php\/wp-json\/wp\/v2\/tags?post=47005"}],"curies":[{"name":"wp","href":"https:\/\/api.w.org\/{rel}","templated":true}]}}