{"id":47007,"date":"2025-06-16T22:24:02","date_gmt":"2025-06-17T05:24:02","guid":{"rendered":"https:\/\/periodicorealidades.com\/?p=47007"},"modified":"2025-06-16T22:24:03","modified_gmt":"2025-06-17T05:24:03","slug":"pierden-la-vida-3-maestras-en-un-accidente-carretero","status":"publish","type":"post","link":"https:\/\/periodicorealidades.com\/index.php\/2025\/06\/16\/pierden-la-vida-3-maestras-en-un-accidente-carretero\/","title":{"rendered":"Pierden la vida 3 maestras en un accidente carretero"},"content":{"rendered":"\n<p class=\"wp-block-paragraph\">El magisterio nayarita lamenta las p\u00e9rdidas que enlutan a todos, piden a las autoridades educativas y al gobernador, atenci\u00f3n a solicitudes a\u00f1ejas, dado que se han incrementado los accidentes viales que cobran la vida de muchos ciudadanos<\/p>\n\n\n\n<p class=\"wp-block-paragraph\">Por: Arcelia Garc\u00eda Ortega<\/p>\n\n\n\n<p class=\"wp-block-paragraph\">Tepic, Nayarit.- Lunes 16 de junio del 2025.- La l\u00edder del SNTE (Sindicato Nacional de Trabajadores de la Educaci\u00f3n), secci\u00f3n 20, lamentan el accidente carretero ocurrido a la altura de El Jicote, donde perdieron la vida tres maestras que a diario se desplazan a trabajar sus centros de trabajo desde la ciudad de Tepic.<\/p>\n\n\n\n<p class=\"wp-block-paragraph\">Se trata de la maestra Yolanda Leticia Hern\u00e1ndez Rodr\u00edguez, docente de la asignatura de espa\u00f1ol adscrita a la escuela Secundaria T\u00e9cnica \u201cMariano Escobedo\u201d, que se ubica en la localidad 18 de Marzo, municipio de Rosamorada; la maestra Irma Leticia D\u00edaz Carrillo, adscrita como personal de apoyo y asistencia a la Educaci\u00f3n en la Secundaria T\u00e9cnica \u201cMariano Escobedo\u201d, y con la maestra Elva Karina Castillo Alatorre, docente de la asignatura de Geograf\u00eda, adscrita a la escuela Secundaria General \u201cLeyes de Reforma \u201cdel municipio de Santiago Ixcuintla.<\/p>\n\n\n\n<figure class=\"wp-block-image size-full\"><img decoding=\"async\" src=\"https:\/\/periodicorealidades.com\/wp-content\/uploads\/2025\/06\/ACCIDENTE-MAESTRAS-1.jpg\" alt=\"\" class=\"wp-image-47008\"\/><\/figure>\n\n\n\n<p class=\"wp-block-paragraph\">El accidente sucedi\u00f3 sobre la carretera federal 15 libre Tepic-Mazatl\u00e1n, a la altura del kil\u00f3metro 31, cerca de la localidad de El Jicote.<\/p>\n\n\n\n<p class=\"wp-block-paragraph\">Ellas viajaban en un veh\u00edculo Nissan tipo Sentra en color tinto, que se estrell\u00f3 contra un cami\u00f3n de carga.<\/p>\n\n\n\n<p class=\"wp-block-paragraph\">La dirigencia del Sindicato Nacional de Trabajadores de la Educaci\u00f3n, Secci\u00f3n 20 Nayarit, lament\u00f3 a trav\u00e9s de la secretar\u00eda general de este gremio, la maestra Guillermina Garc\u00eda Rodr\u00edguez, la muerte en un accidente carretero, de tres docentes, quienes como en todo inicio de semana laboral, se trasladaban v\u00eda terrestre a sus lugares de trabajo en municipios del norte de esta entidad.&nbsp;<\/p>\n\n\n\n<p class=\"wp-block-paragraph\">En un posteo que hizo la l\u00edder sindical, la maestra Guillermina Garc\u00eda, escribi\u00f3: Iniciamos el d\u00eda con la lamentable p\u00e9rdida de tres compa\u00f1eras trabajadoras de la educaci\u00f3n, que, en su trasladado diario a cumplir en su centro de trabajo, han perdido la vida en un tr\u00e1gico accidente.<\/p>\n\n\n\n<p class=\"wp-block-paragraph\">Hoy no pudieron llegar a su escuela, ya no regresar\u00e1n a casa. Expresamos nuestra m\u00e1s sentida nota de condolencia y solidaridad a sus familiares, amigos y compa\u00f1eros de trabajo.<\/p>\n\n\n\n<p class=\"wp-block-paragraph\">Asimismo, a trav\u00e9s de un video que subi\u00f3 a Facebook, el maestro Octavio Mart\u00ednez, cuando regresaba de sus labores educativas del sur del estado y enterado de la muerte de tres profesoras, se\u00f1al\u00f3:<\/p>\n\n\n\n<p class=\"wp-block-paragraph\">Es lamentable que un grupo de compa\u00f1eros (as) -aqu\u00ed venimos cinco viajando-, hoy estemos lamentando la p\u00e9rdida de unos camaradas de la regi\u00f3n norte, que al igual que como nosotros, acuden a diario a sus centros de trabajo.<\/p>\n\n\n\n<p class=\"wp-block-paragraph\">Hoy es un momento propicio para hacer el llamado, para que distintos temas sean atendidos tanto de movilidad y de libre peaje.<\/p>\n\n\n\n<p class=\"wp-block-paragraph\">Muchos maestros de la entidad se trasladan desde tempranas horas a sus escuelas, se desplazan diariamente muchos kil\u00f3metros, hay quienes van hasta el sur del estado, como el maestro&nbsp; Octavio Mart\u00ednez, que en un en vivo lament\u00f3 la muerte de sus compa\u00f1eras y mencion\u00f3 que en ese momento, 5 maestros viajaban en el auto.<\/p>\n\n\n\n<p class=\"wp-block-paragraph\">Aprovech\u00f3 esta publicaci\u00f3n para comentar que siguen pagando casetas como si fueran de paseo, cuando lo \u00fanico que hacen es cumplir con su responsabilidad, a contribuir con la sociedad, a formar a los nuevos ciudadanos.<\/p>\n\n\n\n<p class=\"wp-block-paragraph\">Pidi\u00f3 que se tomen en consideraci\u00f3n los temas pendientes de movilidad y libre peaje que ayuden a los maestros for\u00e1neos.<\/p>\n\n\n\n<p class=\"wp-block-paragraph\">El gobernador Miguel \u00c1ngel Navarro Quintero, se solidariz\u00f3 con los familiares de las fallecidas, y lo mismo hizo la l\u00edder sindical, Guillermina Garc\u00eda.<\/p>\n","protected":false},"excerpt":{"rendered":"<p>El magisterio nayarita lamenta las p\u00e9rdidas que enlutan a todos, piden a las autoridades educativas y al gobernador, atenci\u00f3n a solicitudes a\u00f1ejas, dado que se han incrementado los accidentes viales que cobran la vida de muchos ciudadanos Por: Arcelia Garc\u00eda Ortega Tepic, Nayarit.- Lunes 16 de junio del 2025.- La l\u00edder del SNTE (Sindicato Nacional [&hellip;]<\/p>\n","protected":false},"author":2,"featured_media":0,"comment_status":"open","ping_status":"open","sticky":false,"template":"","format":"standard","meta":{"footnotes":""},"categories":[4,7],"tags":[],"class_list":["post-47007","post","type-post","status-publish","format-standard","category-principal","category-tepic"],"yoast_head":"<!-- This site is optimized with the Yoast SEO plugin v28.3 - https:\/\/yoast.com\/product\/yoast-seo-wordpress\/ -->\n<title>Pierden la vida 3 maestras en un accidente carretero - Peri\u00f3dico Realidades<\/title>\n<meta name=\"robots\" content=\"index, follow, max-snippet:-1, max-image-preview:large, max-video-preview:-1\" \/>\n<link rel=\"canonical\" href=\"https:\/\/periodicorealidades.com\/index.php\/2025\/06\/16\/pierden-la-vida-3-maestras-en-un-accidente-carretero\/\" \/>\n<meta property=\"og:locale\" content=\"es_MX\" \/>\n<meta property=\"og:type\" content=\"article\" \/>\n<meta property=\"og:title\" content=\"Pierden la vida 3 maestras en un accidente carretero - Peri\u00f3dico Realidades\" \/>\n<meta property=\"og:description\" content=\"El magisterio nayarita lamenta las p\u00e9rdidas que enlutan a todos, piden a las autoridades educativas y al gobernador, atenci\u00f3n a solicitudes a\u00f1ejas, dado que se han incrementado los accidentes viales que cobran la vida de muchos ciudadanos Por: Arcelia Garc\u00eda Ortega Tepic, Nayarit.- Lunes 16 de junio del 2025.- La l\u00edder del SNTE (Sindicato Nacional [&hellip;]\" \/>\n<meta property=\"og:url\" content=\"https:\/\/periodicorealidades.com\/index.php\/2025\/06\/16\/pierden-la-vida-3-maestras-en-un-accidente-carretero\/\" \/>\n<meta property=\"og:site_name\" content=\"Peri\u00f3dico Realidades\" \/>\n<meta property=\"article:publisher\" content=\"https:\/\/www.facebook.com\/periodicorealidades.denayarit?mibextid=LQQJ4d\" \/>\n<meta property=\"article:published_time\" content=\"2025-06-17T05:24:02+00:00\" \/>\n<meta property=\"article:modified_time\" content=\"2025-06-17T05:24:03+00:00\" \/>\n<meta property=\"og:image\" content=\"https:\/\/periodicorealidades.com\/wp-content\/uploads\/2025\/06\/ACCIDENTE-MAESTRAS.jpg\" \/>\n\t<meta property=\"og:image:width\" content=\"960\" \/>\n\t<meta property=\"og:image:height\" content=\"719\" \/>\n\t<meta property=\"og:image:type\" content=\"image\/jpeg\" \/>\n<meta name=\"author\" content=\"editor\" \/>\n<meta name=\"twitter:card\" content=\"summary_large_image\" \/>\n<meta name=\"twitter:label1\" content=\"Escrito por\" \/>\n\t<meta name=\"twitter:data1\" content=\"editor\" \/>\n\t<meta name=\"twitter:label2\" content=\"Tiempo de lectura\" \/>\n\t<meta name=\"twitter:data2\" content=\"4 minutos\" \/>\n<script type=\"application\/ld+json\" class=\"yoast-schema-graph\">{\"@context\":\"https:\\\/\\\/schema.org\",\"@graph\":[{\"@type\":\"Article\",\"@id\":\"https:\\\/\\\/periodicorealidades.com\\\/index.php\\\/2025\\\/06\\\/16\\\/pierden-la-vida-3-maestras-en-un-accidente-carretero\\\/#article\",\"isPartOf\":{\"@id\":\"https:\\\/\\\/periodicorealidades.com\\\/index.php\\\/2025\\\/06\\\/16\\\/pierden-la-vida-3-maestras-en-un-accidente-carretero\\\/\"},\"author\":{\"name\":\"editor\",\"@id\":\"https:\\\/\\\/periodicorealidades.com\\\/#\\\/schema\\\/person\\\/c27da34ee13acaec3162071a3e1c7832\"},\"headline\":\"Pierden la vida 3 maestras en un accidente carretero\",\"datePublished\":\"2025-06-17T05:24:02+00:00\",\"dateModified\":\"2025-06-17T05:24:03+00:00\",\"mainEntityOfPage\":{\"@id\":\"https:\\\/\\\/periodicorealidades.com\\\/index.php\\\/2025\\\/06\\\/16\\\/pierden-la-vida-3-maestras-en-un-accidente-carretero\\\/\"},\"wordCount\":638,\"commentCount\":0,\"publisher\":{\"@id\":\"https:\\\/\\\/periodicorealidades.com\\\/#organization\"},\"image\":{\"@id\":\"https:\\\/\\\/periodicorealidades.com\\\/index.php\\\/2025\\\/06\\\/16\\\/pierden-la-vida-3-maestras-en-un-accidente-carretero\\\/#primaryimage\"},\"thumbnailUrl\":\"https:\\\/\\\/periodicorealidades.com\\\/wp-content\\\/uploads\\\/2025\\\/06\\\/ACCIDENTE-MAESTRAS-1.jpg\",\"articleSection\":[\"Principal\",\"Tepic\"],\"inLanguage\":\"es\",\"potentialAction\":[{\"@type\":\"CommentAction\",\"name\":\"Comment\",\"target\":[\"https:\\\/\\\/periodicorealidades.com\\\/index.php\\\/2025\\\/06\\\/16\\\/pierden-la-vida-3-maestras-en-un-accidente-carretero\\\/#respond\"]}]},{\"@type\":\"WebPage\",\"@id\":\"https:\\\/\\\/periodicorealidades.com\\\/index.php\\\/2025\\\/06\\\/16\\\/pierden-la-vida-3-maestras-en-un-accidente-carretero\\\/\",\"url\":\"https:\\\/\\\/periodicorealidades.com\\\/index.php\\\/2025\\\/06\\\/16\\\/pierden-la-vida-3-maestras-en-un-accidente-carretero\\\/\",\"name\":\"Pierden la vida 3 maestras en un accidente carretero - Peri\u00f3dico Realidades\",\"isPartOf\":{\"@id\":\"https:\\\/\\\/periodicorealidades.com\\\/#website\"},\"primaryImageOfPage\":{\"@id\":\"https:\\\/\\\/periodicorealidades.com\\\/index.php\\\/2025\\\/06\\\/16\\\/pierden-la-vida-3-maestras-en-un-accidente-carretero\\\/#primaryimage\"},\"image\":{\"@id\":\"https:\\\/\\\/periodicorealidades.com\\\/index.php\\\/2025\\\/06\\\/16\\\/pierden-la-vida-3-maestras-en-un-accidente-carretero\\\/#primaryimage\"},\"thumbnailUrl\":\"https:\\\/\\\/periodicorealidades.com\\\/wp-content\\\/uploads\\\/2025\\\/06\\\/ACCIDENTE-MAESTRAS-1.jpg\",\"datePublished\":\"2025-06-17T05:24:02+00:00\",\"dateModified\":\"2025-06-17T05:24:03+00:00\",\"breadcrumb\":{\"@id\":\"https:\\\/\\\/periodicorealidades.com\\\/index.php\\\/2025\\\/06\\\/16\\\/pierden-la-vida-3-maestras-en-un-accidente-carretero\\\/#breadcrumb\"},\"inLanguage\":\"es\",\"potentialAction\":[{\"@type\":\"ReadAction\",\"target\":[\"https:\\\/\\\/periodicorealidades.com\\\/index.php\\\/2025\\\/06\\\/16\\\/pierden-la-vida-3-maestras-en-un-accidente-carretero\\\/\"]}]},{\"@type\":\"ImageObject\",\"inLanguage\":\"es\",\"@id\":\"https:\\\/\\\/periodicorealidades.com\\\/index.php\\\/2025\\\/06\\\/16\\\/pierden-la-vida-3-maestras-en-un-accidente-carretero\\\/#primaryimage\",\"url\":\"\",\"contentUrl\":\"\"},{\"@type\":\"BreadcrumbList\",\"@id\":\"https:\\\/\\\/periodicorealidades.com\\\/index.php\\\/2025\\\/06\\\/16\\\/pierden-la-vida-3-maestras-en-un-accidente-carretero\\\/#breadcrumb\",\"itemListElement\":[{\"@type\":\"ListItem\",\"position\":1,\"name\":\"Inicio\",\"item\":\"https:\\\/\\\/periodicorealidades.com\\\/\"},{\"@type\":\"ListItem\",\"position\":2,\"name\":\"Pierden la vida 3 maestras en un accidente carretero\"}]},{\"@type\":\"WebSite\",\"@id\":\"https:\\\/\\\/periodicorealidades.com\\\/#website\",\"url\":\"https:\\\/\\\/periodicorealidades.com\\\/\",\"name\":\"Peri\u00f3dico Realidades\",\"description\":\"M\u00e9dio de comunicaci\u00f3n en Nayarit\",\"publisher\":{\"@id\":\"https:\\\/\\\/periodicorealidades.com\\\/#organization\"},\"potentialAction\":[{\"@type\":\"SearchAction\",\"target\":{\"@type\":\"EntryPoint\",\"urlTemplate\":\"https:\\\/\\\/periodicorealidades.com\\\/?s={search_term_string}\"},\"query-input\":{\"@type\":\"PropertyValueSpecification\",\"valueRequired\":true,\"valueName\":\"search_term_string\"}}],\"inLanguage\":\"es\"},{\"@type\":\"Organization\",\"@id\":\"https:\\\/\\\/periodicorealidades.com\\\/#organization\",\"name\":\"Peri\u00f3dico Realidades\",\"url\":\"https:\\\/\\\/periodicorealidades.com\\\/\",\"logo\":{\"@type\":\"ImageObject\",\"inLanguage\":\"es\",\"@id\":\"https:\\\/\\\/periodicorealidades.com\\\/#\\\/schema\\\/logo\\\/image\\\/\",\"url\":\"https:\\\/\\\/periodicorealidades.com\\\/wp-content\\\/uploads\\\/2023\\\/05\\\/r-prueba.png\",\"contentUrl\":\"https:\\\/\\\/periodicorealidades.com\\\/wp-content\\\/uploads\\\/2023\\\/05\\\/r-prueba.png\",\"width\":709,\"height\":709,\"caption\":\"Peri\u00f3dico Realidades\"},\"image\":{\"@id\":\"https:\\\/\\\/periodicorealidades.com\\\/#\\\/schema\\\/logo\\\/image\\\/\"},\"sameAs\":[\"https:\\\/\\\/www.facebook.com\\\/periodicorealidades.denayarit?mibextid=LQQJ4d\"]},{\"@type\":\"Person\",\"@id\":\"https:\\\/\\\/periodicorealidades.com\\\/#\\\/schema\\\/person\\\/c27da34ee13acaec3162071a3e1c7832\",\"name\":\"editor\",\"image\":{\"@type\":\"ImageObject\",\"inLanguage\":\"es\",\"@id\":\"https:\\\/\\\/secure.gravatar.com\\\/avatar\\\/dda3c3f59ea25f4b53cd53df977b0b2628039b17268e57c944a79a00e8a56e26?s=96&d=mm&r=g\",\"url\":\"https:\\\/\\\/secure.gravatar.com\\\/avatar\\\/dda3c3f59ea25f4b53cd53df977b0b2628039b17268e57c944a79a00e8a56e26?s=96&d=mm&r=g\",\"contentUrl\":\"https:\\\/\\\/secure.gravatar.com\\\/avatar\\\/dda3c3f59ea25f4b53cd53df977b0b2628039b17268e57c944a79a00e8a56e26?s=96&d=mm&r=g\",\"caption\":\"editor\"},\"url\":\"https:\\\/\\\/periodicorealidades.com\\\/index.php\\\/author\\\/editor\\\/\"}]}<\/script>\n<!-- \/ Yoast SEO plugin. -->","yoast_head_json":{"title":"Pierden la vida 3 maestras en un accidente carretero - Peri\u00f3dico Realidades","robots":{"index":"index","follow":"follow","max-snippet":"max-snippet:-1","max-image-preview":"max-image-preview:large","max-video-preview":"max-video-preview:-1"},"canonical":"https:\/\/periodicorealidades.com\/index.php\/2025\/06\/16\/pierden-la-vida-3-maestras-en-un-accidente-carretero\/","og_locale":"es_MX","og_type":"article","og_title":"Pierden la vida 3 maestras en un accidente carretero - Peri\u00f3dico Realidades","og_description":"El magisterio nayarita lamenta las p\u00e9rdidas que enlutan a todos, piden a las autoridades educativas y al gobernador, atenci\u00f3n a solicitudes a\u00f1ejas, dado que se han incrementado los accidentes viales que cobran la vida de muchos ciudadanos Por: Arcelia Garc\u00eda Ortega Tepic, Nayarit.- Lunes 16 de junio del 2025.- La l\u00edder del SNTE (Sindicato Nacional [&hellip;]","og_url":"https:\/\/periodicorealidades.com\/index.php\/2025\/06\/16\/pierden-la-vida-3-maestras-en-un-accidente-carretero\/","og_site_name":"Peri\u00f3dico Realidades","article_publisher":"https:\/\/www.facebook.com\/periodicorealidades.denayarit?mibextid=LQQJ4d","article_published_time":"2025-06-17T05:24:02+00:00","article_modified_time":"2025-06-17T05:24:03+00:00","og_image":[{"width":960,"height":719,"url":"https:\/\/periodicorealidades.com\/wp-content\/uploads\/2025\/06\/ACCIDENTE-MAESTRAS.jpg","type":"image\/jpeg"}],"author":"editor","twitter_card":"summary_large_image","twitter_misc":{"Escrito por":"editor","Tiempo de lectura":"4 minutos"},"schema":{"@context":"https:\/\/schema.org","@graph":[{"@type":"Article","@id":"https:\/\/periodicorealidades.com\/index.php\/2025\/06\/16\/pierden-la-vida-3-maestras-en-un-accidente-carretero\/#article","isPartOf":{"@id":"https:\/\/periodicorealidades.com\/index.php\/2025\/06\/16\/pierden-la-vida-3-maestras-en-un-accidente-carretero\/"},"author":{"name":"editor","@id":"https:\/\/periodicorealidades.com\/#\/schema\/person\/c27da34ee13acaec3162071a3e1c7832"},"headline":"Pierden la vida 3 maestras en un accidente carretero","datePublished":"2025-06-17T05:24:02+00:00","dateModified":"2025-06-17T05:24:03+00:00","mainEntityOfPage":{"@id":"https:\/\/periodicorealidades.com\/index.php\/2025\/06\/16\/pierden-la-vida-3-maestras-en-un-accidente-carretero\/"},"wordCount":638,"commentCount":0,"publisher":{"@id":"https:\/\/periodicorealidades.com\/#organization"},"image":{"@id":"https:\/\/periodicorealidades.com\/index.php\/2025\/06\/16\/pierden-la-vida-3-maestras-en-un-accidente-carretero\/#primaryimage"},"thumbnailUrl":"https:\/\/periodicorealidades.com\/wp-content\/uploads\/2025\/06\/ACCIDENTE-MAESTRAS-1.jpg","articleSection":["Principal","Tepic"],"inLanguage":"es","potentialAction":[{"@type":"CommentAction","name":"Comment","target":["https:\/\/periodicorealidades.com\/index.php\/2025\/06\/16\/pierden-la-vida-3-maestras-en-un-accidente-carretero\/#respond"]}]},{"@type":"WebPage","@id":"https:\/\/periodicorealidades.com\/index.php\/2025\/06\/16\/pierden-la-vida-3-maestras-en-un-accidente-carretero\/","url":"https:\/\/periodicorealidades.com\/index.php\/2025\/06\/16\/pierden-la-vida-3-maestras-en-un-accidente-carretero\/","name":"Pierden la vida 3 maestras en un accidente carretero - Peri\u00f3dico Realidades","isPartOf":{"@id":"https:\/\/periodicorealidades.com\/#website"},"primaryImageOfPage":{"@id":"https:\/\/periodicorealidades.com\/index.php\/2025\/06\/16\/pierden-la-vida-3-maestras-en-un-accidente-carretero\/#primaryimage"},"image":{"@id":"https:\/\/periodicorealidades.com\/index.php\/2025\/06\/16\/pierden-la-vida-3-maestras-en-un-accidente-carretero\/#primaryimage"},"thumbnailUrl":"https:\/\/periodicorealidades.com\/wp-content\/uploads\/2025\/06\/ACCIDENTE-MAESTRAS-1.jpg","datePublished":"2025-06-17T05:24:02+00:00","dateModified":"2025-06-17T05:24:03+00:00","breadcrumb":{"@id":"https:\/\/periodicorealidades.com\/index.php\/2025\/06\/16\/pierden-la-vida-3-maestras-en-un-accidente-carretero\/#breadcrumb"},"inLanguage":"es","potentialAction":[{"@type":"ReadAction","target":["https:\/\/periodicorealidades.com\/index.php\/2025\/06\/16\/pierden-la-vida-3-maestras-en-un-accidente-carretero\/"]}]},{"@type":"ImageObject","inLanguage":"es","@id":"https:\/\/periodicorealidades.com\/index.php\/2025\/06\/16\/pierden-la-vida-3-maestras-en-un-accidente-carretero\/#primaryimage","url":"","contentUrl":""},{"@type":"BreadcrumbList","@id":"https:\/\/periodicorealidades.com\/index.php\/2025\/06\/16\/pierden-la-vida-3-maestras-en-un-accidente-carretero\/#breadcrumb","itemListElement":[{"@type":"ListItem","position":1,"name":"Inicio","item":"https:\/\/periodicorealidades.com\/"},{"@type":"ListItem","position":2,"name":"Pierden la vida 3 maestras en un accidente carretero"}]},{"@type":"WebSite","@id":"https:\/\/periodicorealidades.com\/#website","url":"https:\/\/periodicorealidades.com\/","name":"Peri\u00f3dico Realidades","description":"M\u00e9dio de comunicaci\u00f3n en Nayarit","publisher":{"@id":"https:\/\/periodicorealidades.com\/#organization"},"potentialAction":[{"@type":"SearchAction","target":{"@type":"EntryPoint","urlTemplate":"https:\/\/periodicorealidades.com\/?s={search_term_string}"},"query-input":{"@type":"PropertyValueSpecification","valueRequired":true,"valueName":"search_term_string"}}],"inLanguage":"es"},{"@type":"Organization","@id":"https:\/\/periodicorealidades.com\/#organization","name":"Peri\u00f3dico Realidades","url":"https:\/\/periodicorealidades.com\/","logo":{"@type":"ImageObject","inLanguage":"es","@id":"https:\/\/periodicorealidades.com\/#\/schema\/logo\/image\/","url":"https:\/\/periodicorealidades.com\/wp-content\/uploads\/2023\/05\/r-prueba.png","contentUrl":"https:\/\/periodicorealidades.com\/wp-content\/uploads\/2023\/05\/r-prueba.png","width":709,"height":709,"caption":"Peri\u00f3dico Realidades"},"image":{"@id":"https:\/\/periodicorealidades.com\/#\/schema\/logo\/image\/"},"sameAs":["https:\/\/www.facebook.com\/periodicorealidades.denayarit?mibextid=LQQJ4d"]},{"@type":"Person","@id":"https:\/\/periodicorealidades.com\/#\/schema\/person\/c27da34ee13acaec3162071a3e1c7832","name":"editor","image":{"@type":"ImageObject","inLanguage":"es","@id":"https:\/\/secure.gravatar.com\/avatar\/dda3c3f59ea25f4b53cd53df977b0b2628039b17268e57c944a79a00e8a56e26?s=96&d=mm&r=g","url":"https:\/\/secure.gravatar.com\/avatar\/dda3c3f59ea25f4b53cd53df977b0b2628039b17268e57c944a79a00e8a56e26?s=96&d=mm&r=g","contentUrl":"https:\/\/secure.gravatar.com\/avatar\/dda3c3f59ea25f4b53cd53df977b0b2628039b17268e57c944a79a00e8a56e26?s=96&d=mm&r=g","caption":"editor"},"url":"https:\/\/periodicorealidades.com\/index.php\/author\/editor\/"}]}},"_links":{"self":[{"href":"https:\/\/periodicorealidades.com\/index.php\/wp-json\/wp\/v2\/posts\/47007","targetHints":{"allow":["GET"]}}],"collection":[{"href":"https:\/\/periodicorealidades.com\/index.php\/wp-json\/wp\/v2\/posts"}],"about":[{"href":"https:\/\/periodicorealidades.com\/index.php\/wp-json\/wp\/v2\/types\/post"}],"author":[{"embeddable":true,"href":"https:\/\/periodicorealidades.com\/index.php\/wp-json\/wp\/v2\/users\/2"}],"replies":[{"embeddable":true,"href":"https:\/\/periodicorealidades.com\/index.php\/wp-json\/wp\/v2\/comments?post=47007"}],"version-history":[{"count":0,"href":"https:\/\/periodicorealidades.com\/index.php\/wp-json\/wp\/v2\/posts\/47007\/revisions"}],"wp:attachment":[{"href":"https:\/\/periodicorealidades.com\/index.php\/wp-json\/wp\/v2\/media?parent=47007"}],"wp:term":[{"taxonomy":"category","embeddable":true,"href":"https:\/\/periodicorealidades.com\/index.php\/wp-json\/wp\/v2\/categories?post=47007"},{"taxonomy":"post_tag","embeddable":true,"href":"https:\/\/periodicorealidades.com\/index.php\/wp-json\/wp\/v2\/tags?post=47007"}],"curies":[{"name":"wp","href":"https:\/\/api.w.org\/{rel}","templated":true}]}}