{"id":47017,"date":"2025-06-17T15:11:58","date_gmt":"2025-06-17T22:11:58","guid":{"rendered":"https:\/\/periodicorealidades.com\/?p=47017"},"modified":"2025-06-17T15:11:59","modified_gmt":"2025-06-17T22:11:59","slug":"deja-huella-en-el-cielo-el-cohete-falcon-9","status":"publish","type":"post","link":"https:\/\/periodicorealidades.com\/index.php\/2025\/06\/17\/deja-huella-en-el-cielo-el-cohete-falcon-9\/","title":{"rendered":"Deja huella en el cielo el cohete Falcon 9"},"content":{"rendered":"\n<p class=\"wp-block-paragraph\">La noche sorprendi\u00f3 a muchos con una espectacular estela luminosa en el cielo, visible desde distintas zonas del norte del pa\u00eds. Lejos de tratarse de un fen\u00f3meno extraterrestre o un meteorito, la escena tuvo una explicaci\u00f3n completamente terrestre (y tecnol\u00f3gica): se trat\u00f3 del lanzamiento de un cohete Falcon 9 de la empresa SpaceX.<\/p>\n\n\n\n<p class=\"wp-block-paragraph\">Seg\u00fan reportes astron\u00f3micos, el lanzamiento ocurri\u00f3 desde California y ten\u00eda como misi\u00f3n colocar en \u00f3rbita un nuevo lote de sat\u00e9lites Starlink, parte del ambicioso proyecto de SpaceX para expandir la cobertura global de internet.<\/p>\n\n\n\n<p class=\"wp-block-paragraph\">La impresionante &#8220;nube luminosa&#8221; que muchos observaron corresponde probablemente a una fase del despegue o a la separaci\u00f3n de etapas del cohete. Al realizarse a gran altitud y justo al anochecer, los gases expulsados por los motores se iluminan con los \u00faltimos rayos del sol, generando un efecto visual conocido como \u201crastro fantasma\u201d.<\/p>\n\n\n\n<p class=\"wp-block-paragraph\">Este tipo de avistamientos se han vuelto cada vez m\u00e1s comunes en el norte del pa\u00eds, debido a la cercan\u00eda con las bases de lanzamiento en la costa oeste de Estados Unidos y al creciente n\u00famero de misiones espaciales privadas.<\/p>\n\n\n\n<p class=\"wp-block-paragraph\">As\u00ed que si levantaste la vista y te sorprendi\u00f3 una figura brillante en el cielo, presenciaste uno de los avances m\u00e1s impactantes de la tecnolog\u00eda aeroespacial contempor\u00e1nea: el Falcon 9, dejando su huella en la atm\u00f3sfera&#8230; y en nuestra mirada.<\/p>\n","protected":false},"excerpt":{"rendered":"<p>La noche sorprendi\u00f3 a muchos con una espectacular estela luminosa en el cielo, visible desde distintas zonas del norte del pa\u00eds. Lejos de tratarse de un fen\u00f3meno extraterrestre o un meteorito, la escena tuvo una explicaci\u00f3n completamente terrestre (y tecnol\u00f3gica): se trat\u00f3 del lanzamiento de un cohete Falcon 9 de la empresa SpaceX. Seg\u00fan reportes [&hellip;]<\/p>\n","protected":false},"author":5,"featured_media":0,"comment_status":"open","ping_status":"open","sticky":false,"template":"","format":"standard","meta":{"footnotes":""},"categories":[13],"tags":[],"class_list":["post-47017","post","type-post","status-publish","format-standard","category-internacional"],"yoast_head":"<!-- This site is optimized with the Yoast SEO plugin v28.3 - https:\/\/yoast.com\/product\/yoast-seo-wordpress\/ -->\n<title>Deja huella en el cielo el cohete Falcon 9 - Peri\u00f3dico Realidades<\/title>\n<meta name=\"robots\" content=\"index, follow, max-snippet:-1, max-image-preview:large, max-video-preview:-1\" \/>\n<link rel=\"canonical\" href=\"https:\/\/periodicorealidades.com\/index.php\/2025\/06\/17\/deja-huella-en-el-cielo-el-cohete-falcon-9\/\" \/>\n<meta property=\"og:locale\" content=\"es_MX\" \/>\n<meta property=\"og:type\" content=\"article\" \/>\n<meta property=\"og:title\" content=\"Deja huella en el cielo el cohete Falcon 9 - Peri\u00f3dico Realidades\" \/>\n<meta property=\"og:description\" content=\"La noche sorprendi\u00f3 a muchos con una espectacular estela luminosa en el cielo, visible desde distintas zonas del norte del pa\u00eds. Lejos de tratarse de un fen\u00f3meno extraterrestre o un meteorito, la escena tuvo una explicaci\u00f3n completamente terrestre (y tecnol\u00f3gica): se trat\u00f3 del lanzamiento de un cohete Falcon 9 de la empresa SpaceX. Seg\u00fan reportes [&hellip;]\" \/>\n<meta property=\"og:url\" content=\"https:\/\/periodicorealidades.com\/index.php\/2025\/06\/17\/deja-huella-en-el-cielo-el-cohete-falcon-9\/\" \/>\n<meta property=\"og:site_name\" content=\"Peri\u00f3dico Realidades\" \/>\n<meta property=\"article:publisher\" content=\"https:\/\/www.facebook.com\/periodicorealidades.denayarit?mibextid=LQQJ4d\" \/>\n<meta property=\"article:published_time\" content=\"2025-06-17T22:11:58+00:00\" \/>\n<meta property=\"article:modified_time\" content=\"2025-06-17T22:11:59+00:00\" \/>\n<meta property=\"og:image\" content=\"https:\/\/periodicorealidades.com\/wp-content\/uploads\/2025\/06\/image-126.png\" \/>\n\t<meta property=\"og:image:width\" content=\"640\" \/>\n\t<meta property=\"og:image:height\" content=\"480\" \/>\n\t<meta property=\"og:image:type\" content=\"image\/png\" \/>\n<meta name=\"author\" content=\"Luz\" \/>\n<meta name=\"twitter:card\" content=\"summary_large_image\" \/>\n<meta name=\"twitter:label1\" content=\"Escrito por\" \/>\n\t<meta name=\"twitter:data1\" content=\"Luz\" \/>\n\t<meta name=\"twitter:label2\" content=\"Tiempo de lectura\" \/>\n\t<meta name=\"twitter:data2\" content=\"2 minutos\" \/>\n<script type=\"application\/ld+json\" class=\"yoast-schema-graph\">{\"@context\":\"https:\\\/\\\/schema.org\",\"@graph\":[{\"@type\":\"Article\",\"@id\":\"https:\\\/\\\/periodicorealidades.com\\\/index.php\\\/2025\\\/06\\\/17\\\/deja-huella-en-el-cielo-el-cohete-falcon-9\\\/#article\",\"isPartOf\":{\"@id\":\"https:\\\/\\\/periodicorealidades.com\\\/index.php\\\/2025\\\/06\\\/17\\\/deja-huella-en-el-cielo-el-cohete-falcon-9\\\/\"},\"author\":{\"name\":\"Luz\",\"@id\":\"https:\\\/\\\/periodicorealidades.com\\\/#\\\/schema\\\/person\\\/0553927ea6ee0180215eac70d72ccbc8\"},\"headline\":\"Deja huella en el cielo el cohete Falcon 9\",\"datePublished\":\"2025-06-17T22:11:58+00:00\",\"dateModified\":\"2025-06-17T22:11:59+00:00\",\"mainEntityOfPage\":{\"@id\":\"https:\\\/\\\/periodicorealidades.com\\\/index.php\\\/2025\\\/06\\\/17\\\/deja-huella-en-el-cielo-el-cohete-falcon-9\\\/\"},\"wordCount\":244,\"commentCount\":0,\"publisher\":{\"@id\":\"https:\\\/\\\/periodicorealidades.com\\\/#organization\"},\"articleSection\":[\"Internacional\"],\"inLanguage\":\"es\",\"potentialAction\":[{\"@type\":\"CommentAction\",\"name\":\"Comment\",\"target\":[\"https:\\\/\\\/periodicorealidades.com\\\/index.php\\\/2025\\\/06\\\/17\\\/deja-huella-en-el-cielo-el-cohete-falcon-9\\\/#respond\"]}]},{\"@type\":\"WebPage\",\"@id\":\"https:\\\/\\\/periodicorealidades.com\\\/index.php\\\/2025\\\/06\\\/17\\\/deja-huella-en-el-cielo-el-cohete-falcon-9\\\/\",\"url\":\"https:\\\/\\\/periodicorealidades.com\\\/index.php\\\/2025\\\/06\\\/17\\\/deja-huella-en-el-cielo-el-cohete-falcon-9\\\/\",\"name\":\"Deja huella en el cielo el cohete Falcon 9 - Peri\u00f3dico Realidades\",\"isPartOf\":{\"@id\":\"https:\\\/\\\/periodicorealidades.com\\\/#website\"},\"datePublished\":\"2025-06-17T22:11:58+00:00\",\"dateModified\":\"2025-06-17T22:11:59+00:00\",\"breadcrumb\":{\"@id\":\"https:\\\/\\\/periodicorealidades.com\\\/index.php\\\/2025\\\/06\\\/17\\\/deja-huella-en-el-cielo-el-cohete-falcon-9\\\/#breadcrumb\"},\"inLanguage\":\"es\",\"potentialAction\":[{\"@type\":\"ReadAction\",\"target\":[\"https:\\\/\\\/periodicorealidades.com\\\/index.php\\\/2025\\\/06\\\/17\\\/deja-huella-en-el-cielo-el-cohete-falcon-9\\\/\"]}]},{\"@type\":\"BreadcrumbList\",\"@id\":\"https:\\\/\\\/periodicorealidades.com\\\/index.php\\\/2025\\\/06\\\/17\\\/deja-huella-en-el-cielo-el-cohete-falcon-9\\\/#breadcrumb\",\"itemListElement\":[{\"@type\":\"ListItem\",\"position\":1,\"name\":\"Inicio\",\"item\":\"https:\\\/\\\/periodicorealidades.com\\\/\"},{\"@type\":\"ListItem\",\"position\":2,\"name\":\"Deja huella en el cielo el cohete Falcon 9\"}]},{\"@type\":\"WebSite\",\"@id\":\"https:\\\/\\\/periodicorealidades.com\\\/#website\",\"url\":\"https:\\\/\\\/periodicorealidades.com\\\/\",\"name\":\"Peri\u00f3dico Realidades\",\"description\":\"M\u00e9dio de comunicaci\u00f3n en Nayarit\",\"publisher\":{\"@id\":\"https:\\\/\\\/periodicorealidades.com\\\/#organization\"},\"potentialAction\":[{\"@type\":\"SearchAction\",\"target\":{\"@type\":\"EntryPoint\",\"urlTemplate\":\"https:\\\/\\\/periodicorealidades.com\\\/?s={search_term_string}\"},\"query-input\":{\"@type\":\"PropertyValueSpecification\",\"valueRequired\":true,\"valueName\":\"search_term_string\"}}],\"inLanguage\":\"es\"},{\"@type\":\"Organization\",\"@id\":\"https:\\\/\\\/periodicorealidades.com\\\/#organization\",\"name\":\"Peri\u00f3dico Realidades\",\"url\":\"https:\\\/\\\/periodicorealidades.com\\\/\",\"logo\":{\"@type\":\"ImageObject\",\"inLanguage\":\"es\",\"@id\":\"https:\\\/\\\/periodicorealidades.com\\\/#\\\/schema\\\/logo\\\/image\\\/\",\"url\":\"https:\\\/\\\/periodicorealidades.com\\\/wp-content\\\/uploads\\\/2023\\\/05\\\/r-prueba.png\",\"contentUrl\":\"https:\\\/\\\/periodicorealidades.com\\\/wp-content\\\/uploads\\\/2023\\\/05\\\/r-prueba.png\",\"width\":709,\"height\":709,\"caption\":\"Peri\u00f3dico Realidades\"},\"image\":{\"@id\":\"https:\\\/\\\/periodicorealidades.com\\\/#\\\/schema\\\/logo\\\/image\\\/\"},\"sameAs\":[\"https:\\\/\\\/www.facebook.com\\\/periodicorealidades.denayarit?mibextid=LQQJ4d\"]},{\"@type\":\"Person\",\"@id\":\"https:\\\/\\\/periodicorealidades.com\\\/#\\\/schema\\\/person\\\/0553927ea6ee0180215eac70d72ccbc8\",\"name\":\"Luz\",\"image\":{\"@type\":\"ImageObject\",\"inLanguage\":\"es\",\"@id\":\"https:\\\/\\\/secure.gravatar.com\\\/avatar\\\/35b1b65794065782e158352e36e89771c6dbd8dfce5b269d691ac7bfadf1a531?s=96&d=mm&r=g\",\"url\":\"https:\\\/\\\/secure.gravatar.com\\\/avatar\\\/35b1b65794065782e158352e36e89771c6dbd8dfce5b269d691ac7bfadf1a531?s=96&d=mm&r=g\",\"contentUrl\":\"https:\\\/\\\/secure.gravatar.com\\\/avatar\\\/35b1b65794065782e158352e36e89771c6dbd8dfce5b269d691ac7bfadf1a531?s=96&d=mm&r=g\",\"caption\":\"Luz\"},\"url\":\"https:\\\/\\\/periodicorealidades.com\\\/index.php\\\/author\\\/editorl\\\/\"}]}<\/script>\n<!-- \/ Yoast SEO plugin. -->","yoast_head_json":{"title":"Deja huella en el cielo el cohete Falcon 9 - Peri\u00f3dico Realidades","robots":{"index":"index","follow":"follow","max-snippet":"max-snippet:-1","max-image-preview":"max-image-preview:large","max-video-preview":"max-video-preview:-1"},"canonical":"https:\/\/periodicorealidades.com\/index.php\/2025\/06\/17\/deja-huella-en-el-cielo-el-cohete-falcon-9\/","og_locale":"es_MX","og_type":"article","og_title":"Deja huella en el cielo el cohete Falcon 9 - Peri\u00f3dico Realidades","og_description":"La noche sorprendi\u00f3 a muchos con una espectacular estela luminosa en el cielo, visible desde distintas zonas del norte del pa\u00eds. Lejos de tratarse de un fen\u00f3meno extraterrestre o un meteorito, la escena tuvo una explicaci\u00f3n completamente terrestre (y tecnol\u00f3gica): se trat\u00f3 del lanzamiento de un cohete Falcon 9 de la empresa SpaceX. Seg\u00fan reportes [&hellip;]","og_url":"https:\/\/periodicorealidades.com\/index.php\/2025\/06\/17\/deja-huella-en-el-cielo-el-cohete-falcon-9\/","og_site_name":"Peri\u00f3dico Realidades","article_publisher":"https:\/\/www.facebook.com\/periodicorealidades.denayarit?mibextid=LQQJ4d","article_published_time":"2025-06-17T22:11:58+00:00","article_modified_time":"2025-06-17T22:11:59+00:00","og_image":[{"width":640,"height":480,"url":"https:\/\/periodicorealidades.com\/wp-content\/uploads\/2025\/06\/image-126.png","type":"image\/png"}],"author":"Luz","twitter_card":"summary_large_image","twitter_misc":{"Escrito por":"Luz","Tiempo de lectura":"2 minutos"},"schema":{"@context":"https:\/\/schema.org","@graph":[{"@type":"Article","@id":"https:\/\/periodicorealidades.com\/index.php\/2025\/06\/17\/deja-huella-en-el-cielo-el-cohete-falcon-9\/#article","isPartOf":{"@id":"https:\/\/periodicorealidades.com\/index.php\/2025\/06\/17\/deja-huella-en-el-cielo-el-cohete-falcon-9\/"},"author":{"name":"Luz","@id":"https:\/\/periodicorealidades.com\/#\/schema\/person\/0553927ea6ee0180215eac70d72ccbc8"},"headline":"Deja huella en el cielo el cohete Falcon 9","datePublished":"2025-06-17T22:11:58+00:00","dateModified":"2025-06-17T22:11:59+00:00","mainEntityOfPage":{"@id":"https:\/\/periodicorealidades.com\/index.php\/2025\/06\/17\/deja-huella-en-el-cielo-el-cohete-falcon-9\/"},"wordCount":244,"commentCount":0,"publisher":{"@id":"https:\/\/periodicorealidades.com\/#organization"},"articleSection":["Internacional"],"inLanguage":"es","potentialAction":[{"@type":"CommentAction","name":"Comment","target":["https:\/\/periodicorealidades.com\/index.php\/2025\/06\/17\/deja-huella-en-el-cielo-el-cohete-falcon-9\/#respond"]}]},{"@type":"WebPage","@id":"https:\/\/periodicorealidades.com\/index.php\/2025\/06\/17\/deja-huella-en-el-cielo-el-cohete-falcon-9\/","url":"https:\/\/periodicorealidades.com\/index.php\/2025\/06\/17\/deja-huella-en-el-cielo-el-cohete-falcon-9\/","name":"Deja huella en el cielo el cohete Falcon 9 - Peri\u00f3dico Realidades","isPartOf":{"@id":"https:\/\/periodicorealidades.com\/#website"},"datePublished":"2025-06-17T22:11:58+00:00","dateModified":"2025-06-17T22:11:59+00:00","breadcrumb":{"@id":"https:\/\/periodicorealidades.com\/index.php\/2025\/06\/17\/deja-huella-en-el-cielo-el-cohete-falcon-9\/#breadcrumb"},"inLanguage":"es","potentialAction":[{"@type":"ReadAction","target":["https:\/\/periodicorealidades.com\/index.php\/2025\/06\/17\/deja-huella-en-el-cielo-el-cohete-falcon-9\/"]}]},{"@type":"BreadcrumbList","@id":"https:\/\/periodicorealidades.com\/index.php\/2025\/06\/17\/deja-huella-en-el-cielo-el-cohete-falcon-9\/#breadcrumb","itemListElement":[{"@type":"ListItem","position":1,"name":"Inicio","item":"https:\/\/periodicorealidades.com\/"},{"@type":"ListItem","position":2,"name":"Deja huella en el cielo el cohete Falcon 9"}]},{"@type":"WebSite","@id":"https:\/\/periodicorealidades.com\/#website","url":"https:\/\/periodicorealidades.com\/","name":"Peri\u00f3dico Realidades","description":"M\u00e9dio de comunicaci\u00f3n en Nayarit","publisher":{"@id":"https:\/\/periodicorealidades.com\/#organization"},"potentialAction":[{"@type":"SearchAction","target":{"@type":"EntryPoint","urlTemplate":"https:\/\/periodicorealidades.com\/?s={search_term_string}"},"query-input":{"@type":"PropertyValueSpecification","valueRequired":true,"valueName":"search_term_string"}}],"inLanguage":"es"},{"@type":"Organization","@id":"https:\/\/periodicorealidades.com\/#organization","name":"Peri\u00f3dico Realidades","url":"https:\/\/periodicorealidades.com\/","logo":{"@type":"ImageObject","inLanguage":"es","@id":"https:\/\/periodicorealidades.com\/#\/schema\/logo\/image\/","url":"https:\/\/periodicorealidades.com\/wp-content\/uploads\/2023\/05\/r-prueba.png","contentUrl":"https:\/\/periodicorealidades.com\/wp-content\/uploads\/2023\/05\/r-prueba.png","width":709,"height":709,"caption":"Peri\u00f3dico Realidades"},"image":{"@id":"https:\/\/periodicorealidades.com\/#\/schema\/logo\/image\/"},"sameAs":["https:\/\/www.facebook.com\/periodicorealidades.denayarit?mibextid=LQQJ4d"]},{"@type":"Person","@id":"https:\/\/periodicorealidades.com\/#\/schema\/person\/0553927ea6ee0180215eac70d72ccbc8","name":"Luz","image":{"@type":"ImageObject","inLanguage":"es","@id":"https:\/\/secure.gravatar.com\/avatar\/35b1b65794065782e158352e36e89771c6dbd8dfce5b269d691ac7bfadf1a531?s=96&d=mm&r=g","url":"https:\/\/secure.gravatar.com\/avatar\/35b1b65794065782e158352e36e89771c6dbd8dfce5b269d691ac7bfadf1a531?s=96&d=mm&r=g","contentUrl":"https:\/\/secure.gravatar.com\/avatar\/35b1b65794065782e158352e36e89771c6dbd8dfce5b269d691ac7bfadf1a531?s=96&d=mm&r=g","caption":"Luz"},"url":"https:\/\/periodicorealidades.com\/index.php\/author\/editorl\/"}]}},"_links":{"self":[{"href":"https:\/\/periodicorealidades.com\/index.php\/wp-json\/wp\/v2\/posts\/47017","targetHints":{"allow":["GET"]}}],"collection":[{"href":"https:\/\/periodicorealidades.com\/index.php\/wp-json\/wp\/v2\/posts"}],"about":[{"href":"https:\/\/periodicorealidades.com\/index.php\/wp-json\/wp\/v2\/types\/post"}],"author":[{"embeddable":true,"href":"https:\/\/periodicorealidades.com\/index.php\/wp-json\/wp\/v2\/users\/5"}],"replies":[{"embeddable":true,"href":"https:\/\/periodicorealidades.com\/index.php\/wp-json\/wp\/v2\/comments?post=47017"}],"version-history":[{"count":0,"href":"https:\/\/periodicorealidades.com\/index.php\/wp-json\/wp\/v2\/posts\/47017\/revisions"}],"wp:attachment":[{"href":"https:\/\/periodicorealidades.com\/index.php\/wp-json\/wp\/v2\/media?parent=47017"}],"wp:term":[{"taxonomy":"category","embeddable":true,"href":"https:\/\/periodicorealidades.com\/index.php\/wp-json\/wp\/v2\/categories?post=47017"},{"taxonomy":"post_tag","embeddable":true,"href":"https:\/\/periodicorealidades.com\/index.php\/wp-json\/wp\/v2\/tags?post=47017"}],"curies":[{"name":"wp","href":"https:\/\/api.w.org\/{rel}","templated":true}]}}