{"id":47020,"date":"2025-06-17T15:25:13","date_gmt":"2025-06-17T22:25:13","guid":{"rendered":"https:\/\/periodicorealidades.com\/?p=47020"},"modified":"2025-06-17T15:25:14","modified_gmt":"2025-06-17T22:25:14","slug":"jake-paul-vs-julio-cesar-chavez-jr-la-pelea-ya-tiene-fecha-y-canal","status":"publish","type":"post","link":"https:\/\/periodicorealidades.com\/index.php\/2025\/06\/17\/jake-paul-vs-julio-cesar-chavez-jr-la-pelea-ya-tiene-fecha-y-canal\/","title":{"rendered":"Jake Paul vs. Julio C\u00e9sar Ch\u00e1vez Jr: La pelea ya tiene fecha y canal"},"content":{"rendered":"\n<p class=\"wp-block-paragraph\">El influencer convertido en boxeador profesional, <strong>Jake Paul (11-0-1, 7 KO)<\/strong>, enfrentar\u00e1 al mexicano <strong>Julio C\u00e9sar Ch\u00e1vez Jr (54-6-1, 34 KO)<\/strong> en una esperada batalla pactada para el pr\u00f3ximo <strong>28 de junio<\/strong> en el <strong>Honda Center de Anaheim, California<\/strong>. El combate, cargado de expectativa, ser\u00e1 transmitido <strong>exclusivamente por la plataforma DAZN en modalidad de Pago Por Evento<\/strong>.<\/p>\n\n\n\n<p class=\"wp-block-paragraph\">La pelea est\u00e1 pactada a <strong>10 asaltos de tres minutos en la categor\u00eda de peso crucero (200 libras \/ 90 kg)<\/strong> y ser\u00e1 el evento principal de una velada que tambi\u00e9n incluye la defensa del t\u00edtulo mundial de <strong>Gilberto \u2018Zurdo\u2019 Ram\u00edrez<\/strong>, quien se medir\u00e1 ante el cubano <strong>Yuniel Dortic\u00f3s<\/strong>.<\/p>\n\n\n\n<p class=\"wp-block-paragraph\">Jake Paul, quien viene de vencer a Mike Tyson en una pelea que gener\u00f3 amplio debate, ha dejado claro su objetivo: <strong>ser campe\u00f3n mundial<\/strong>. Aunque reconoce que ese camino podr\u00eda tomarle varios a\u00f1os, no oculta su ambici\u00f3n ni su confianza.<\/p>\n\n\n\n<p class=\"wp-block-paragraph\">\u201c\u00bfPasar de Disney Channel a YouTube y ser campe\u00f3n mundial en seis o siete a\u00f1os? Esa es la historia deportiva m\u00e1s inspiradora que cualquier ni\u00f1o puede disfrutar\u201d, declar\u00f3 para DAZN. \u201cEstoy aqu\u00ed para inspirar a la pr\u00f3xima generaci\u00f3n y hacer lo que nadie ha hecho antes en el deporte m\u00e1s duro del mundo, que es el boxeo\u201d.<\/p>\n\n\n\n<p class=\"wp-block-paragraph\">Adem\u00e1s, Paul no dud\u00f3 en comparar su impacto con una de las m\u00e1ximas leyendas del deporte:<\/p>\n\n\n\n<p class=\"wp-block-paragraph\">\u201cSoy lo mejor que le ha pasado al boxeo desde Muhammad Ali. No hay discusi\u00f3n posible. Lo que he hecho habla por s\u00ed solo\u201d, sentenci\u00f3.<\/p>\n\n\n\n<p class=\"wp-block-paragraph\">Por su parte, <strong>Julio C\u00e9sar Ch\u00e1vez Jr<\/strong>, tras superar sus problemas personales y vencer recientemente a Uriah Hall, se muestra confiado en arruinar los planes del estadounidense.<\/p>\n\n\n\n<p class=\"wp-block-paragraph\">\u201cLa pelea se va a acabar en el octavo, noveno o d\u00e9cimo round. Se ir\u00e1 a decisi\u00f3n si le va muy bien, pero estoy seguro que va a caer\u201d, advirti\u00f3 el hijo del hist\u00f3rico campe\u00f3n mexicano.<\/p>\n\n\n\n<p class=\"wp-block-paragraph\">El duelo no solo enfrenta a dos estilos y trayectorias distintas, sino tambi\u00e9n a dos visiones opuestas sobre el boxeo moderno. Ser\u00e1 una noche de espect\u00e1culo, controversia y golpes duros en el cuadril\u00e1tero californiano.<\/p>\n","protected":false},"excerpt":{"rendered":"<p>El influencer convertido en boxeador profesional, Jake Paul (11-0-1, 7 KO), enfrentar\u00e1 al mexicano Julio C\u00e9sar Ch\u00e1vez Jr (54-6-1, 34 KO) en una esperada batalla pactada para el pr\u00f3ximo 28 de junio en el Honda Center de Anaheim, California. El combate, cargado de expectativa, ser\u00e1 transmitido exclusivamente por la plataforma DAZN en modalidad de Pago [&hellip;]<\/p>\n","protected":false},"author":5,"featured_media":0,"comment_status":"open","ping_status":"open","sticky":false,"template":"","format":"standard","meta":{"footnotes":""},"categories":[12],"tags":[],"class_list":["post-47020","post","type-post","status-publish","format-standard","category-nacional"],"yoast_head":"<!-- This site is optimized with the Yoast SEO plugin v28.3 - https:\/\/yoast.com\/product\/yoast-seo-wordpress\/ -->\n<title>Jake Paul vs. Julio C\u00e9sar Ch\u00e1vez Jr: La pelea ya tiene fecha y canal - Peri\u00f3dico Realidades<\/title>\n<meta name=\"robots\" content=\"index, follow, max-snippet:-1, max-image-preview:large, max-video-preview:-1\" \/>\n<link rel=\"canonical\" href=\"https:\/\/periodicorealidades.com\/index.php\/2025\/06\/17\/jake-paul-vs-julio-cesar-chavez-jr-la-pelea-ya-tiene-fecha-y-canal\/\" \/>\n<meta property=\"og:locale\" content=\"es_MX\" \/>\n<meta property=\"og:type\" content=\"article\" \/>\n<meta property=\"og:title\" content=\"Jake Paul vs. Julio C\u00e9sar Ch\u00e1vez Jr: La pelea ya tiene fecha y canal - Peri\u00f3dico Realidades\" \/>\n<meta property=\"og:description\" content=\"El influencer convertido en boxeador profesional, Jake Paul (11-0-1, 7 KO), enfrentar\u00e1 al mexicano Julio C\u00e9sar Ch\u00e1vez Jr (54-6-1, 34 KO) en una esperada batalla pactada para el pr\u00f3ximo 28 de junio en el Honda Center de Anaheim, California. El combate, cargado de expectativa, ser\u00e1 transmitido exclusivamente por la plataforma DAZN en modalidad de Pago [&hellip;]\" \/>\n<meta property=\"og:url\" content=\"https:\/\/periodicorealidades.com\/index.php\/2025\/06\/17\/jake-paul-vs-julio-cesar-chavez-jr-la-pelea-ya-tiene-fecha-y-canal\/\" \/>\n<meta property=\"og:site_name\" content=\"Peri\u00f3dico Realidades\" \/>\n<meta property=\"article:publisher\" content=\"https:\/\/www.facebook.com\/periodicorealidades.denayarit?mibextid=LQQJ4d\" \/>\n<meta property=\"article:published_time\" content=\"2025-06-17T22:25:13+00:00\" \/>\n<meta property=\"article:modified_time\" content=\"2025-06-17T22:25:14+00:00\" \/>\n<meta property=\"og:image\" content=\"https:\/\/periodicorealidades.com\/wp-content\/uploads\/2025\/06\/image-127.png\" \/>\n\t<meta property=\"og:image:width\" content=\"320\" \/>\n\t<meta property=\"og:image:height\" content=\"180\" \/>\n\t<meta property=\"og:image:type\" content=\"image\/png\" \/>\n<meta name=\"author\" content=\"Luz\" \/>\n<meta name=\"twitter:card\" content=\"summary_large_image\" \/>\n<meta name=\"twitter:label1\" content=\"Escrito por\" \/>\n\t<meta name=\"twitter:data1\" content=\"Luz\" \/>\n\t<meta name=\"twitter:label2\" content=\"Tiempo de lectura\" \/>\n\t<meta name=\"twitter:data2\" content=\"2 minutos\" \/>\n<script type=\"application\/ld+json\" class=\"yoast-schema-graph\">{\"@context\":\"https:\\\/\\\/schema.org\",\"@graph\":[{\"@type\":\"Article\",\"@id\":\"https:\\\/\\\/periodicorealidades.com\\\/index.php\\\/2025\\\/06\\\/17\\\/jake-paul-vs-julio-cesar-chavez-jr-la-pelea-ya-tiene-fecha-y-canal\\\/#article\",\"isPartOf\":{\"@id\":\"https:\\\/\\\/periodicorealidades.com\\\/index.php\\\/2025\\\/06\\\/17\\\/jake-paul-vs-julio-cesar-chavez-jr-la-pelea-ya-tiene-fecha-y-canal\\\/\"},\"author\":{\"name\":\"Luz\",\"@id\":\"https:\\\/\\\/periodicorealidades.com\\\/#\\\/schema\\\/person\\\/0553927ea6ee0180215eac70d72ccbc8\"},\"headline\":\"Jake Paul vs. Julio C\u00e9sar Ch\u00e1vez Jr: La pelea ya tiene fecha y canal\",\"datePublished\":\"2025-06-17T22:25:13+00:00\",\"dateModified\":\"2025-06-17T22:25:14+00:00\",\"mainEntityOfPage\":{\"@id\":\"https:\\\/\\\/periodicorealidades.com\\\/index.php\\\/2025\\\/06\\\/17\\\/jake-paul-vs-julio-cesar-chavez-jr-la-pelea-ya-tiene-fecha-y-canal\\\/\"},\"wordCount\":383,\"commentCount\":0,\"publisher\":{\"@id\":\"https:\\\/\\\/periodicorealidades.com\\\/#organization\"},\"articleSection\":[\"Nacional\"],\"inLanguage\":\"es\",\"potentialAction\":[{\"@type\":\"CommentAction\",\"name\":\"Comment\",\"target\":[\"https:\\\/\\\/periodicorealidades.com\\\/index.php\\\/2025\\\/06\\\/17\\\/jake-paul-vs-julio-cesar-chavez-jr-la-pelea-ya-tiene-fecha-y-canal\\\/#respond\"]}]},{\"@type\":\"WebPage\",\"@id\":\"https:\\\/\\\/periodicorealidades.com\\\/index.php\\\/2025\\\/06\\\/17\\\/jake-paul-vs-julio-cesar-chavez-jr-la-pelea-ya-tiene-fecha-y-canal\\\/\",\"url\":\"https:\\\/\\\/periodicorealidades.com\\\/index.php\\\/2025\\\/06\\\/17\\\/jake-paul-vs-julio-cesar-chavez-jr-la-pelea-ya-tiene-fecha-y-canal\\\/\",\"name\":\"Jake Paul vs. Julio C\u00e9sar Ch\u00e1vez Jr: La pelea ya tiene fecha y canal - Peri\u00f3dico Realidades\",\"isPartOf\":{\"@id\":\"https:\\\/\\\/periodicorealidades.com\\\/#website\"},\"datePublished\":\"2025-06-17T22:25:13+00:00\",\"dateModified\":\"2025-06-17T22:25:14+00:00\",\"breadcrumb\":{\"@id\":\"https:\\\/\\\/periodicorealidades.com\\\/index.php\\\/2025\\\/06\\\/17\\\/jake-paul-vs-julio-cesar-chavez-jr-la-pelea-ya-tiene-fecha-y-canal\\\/#breadcrumb\"},\"inLanguage\":\"es\",\"potentialAction\":[{\"@type\":\"ReadAction\",\"target\":[\"https:\\\/\\\/periodicorealidades.com\\\/index.php\\\/2025\\\/06\\\/17\\\/jake-paul-vs-julio-cesar-chavez-jr-la-pelea-ya-tiene-fecha-y-canal\\\/\"]}]},{\"@type\":\"BreadcrumbList\",\"@id\":\"https:\\\/\\\/periodicorealidades.com\\\/index.php\\\/2025\\\/06\\\/17\\\/jake-paul-vs-julio-cesar-chavez-jr-la-pelea-ya-tiene-fecha-y-canal\\\/#breadcrumb\",\"itemListElement\":[{\"@type\":\"ListItem\",\"position\":1,\"name\":\"Inicio\",\"item\":\"https:\\\/\\\/periodicorealidades.com\\\/\"},{\"@type\":\"ListItem\",\"position\":2,\"name\":\"Jake Paul vs. Julio C\u00e9sar Ch\u00e1vez Jr: La pelea ya tiene fecha y canal\"}]},{\"@type\":\"WebSite\",\"@id\":\"https:\\\/\\\/periodicorealidades.com\\\/#website\",\"url\":\"https:\\\/\\\/periodicorealidades.com\\\/\",\"name\":\"Peri\u00f3dico Realidades\",\"description\":\"M\u00e9dio de comunicaci\u00f3n en Nayarit\",\"publisher\":{\"@id\":\"https:\\\/\\\/periodicorealidades.com\\\/#organization\"},\"potentialAction\":[{\"@type\":\"SearchAction\",\"target\":{\"@type\":\"EntryPoint\",\"urlTemplate\":\"https:\\\/\\\/periodicorealidades.com\\\/?s={search_term_string}\"},\"query-input\":{\"@type\":\"PropertyValueSpecification\",\"valueRequired\":true,\"valueName\":\"search_term_string\"}}],\"inLanguage\":\"es\"},{\"@type\":\"Organization\",\"@id\":\"https:\\\/\\\/periodicorealidades.com\\\/#organization\",\"name\":\"Peri\u00f3dico Realidades\",\"url\":\"https:\\\/\\\/periodicorealidades.com\\\/\",\"logo\":{\"@type\":\"ImageObject\",\"inLanguage\":\"es\",\"@id\":\"https:\\\/\\\/periodicorealidades.com\\\/#\\\/schema\\\/logo\\\/image\\\/\",\"url\":\"https:\\\/\\\/periodicorealidades.com\\\/wp-content\\\/uploads\\\/2023\\\/05\\\/r-prueba.png\",\"contentUrl\":\"https:\\\/\\\/periodicorealidades.com\\\/wp-content\\\/uploads\\\/2023\\\/05\\\/r-prueba.png\",\"width\":709,\"height\":709,\"caption\":\"Peri\u00f3dico Realidades\"},\"image\":{\"@id\":\"https:\\\/\\\/periodicorealidades.com\\\/#\\\/schema\\\/logo\\\/image\\\/\"},\"sameAs\":[\"https:\\\/\\\/www.facebook.com\\\/periodicorealidades.denayarit?mibextid=LQQJ4d\"]},{\"@type\":\"Person\",\"@id\":\"https:\\\/\\\/periodicorealidades.com\\\/#\\\/schema\\\/person\\\/0553927ea6ee0180215eac70d72ccbc8\",\"name\":\"Luz\",\"image\":{\"@type\":\"ImageObject\",\"inLanguage\":\"es\",\"@id\":\"https:\\\/\\\/secure.gravatar.com\\\/avatar\\\/35b1b65794065782e158352e36e89771c6dbd8dfce5b269d691ac7bfadf1a531?s=96&d=mm&r=g\",\"url\":\"https:\\\/\\\/secure.gravatar.com\\\/avatar\\\/35b1b65794065782e158352e36e89771c6dbd8dfce5b269d691ac7bfadf1a531?s=96&d=mm&r=g\",\"contentUrl\":\"https:\\\/\\\/secure.gravatar.com\\\/avatar\\\/35b1b65794065782e158352e36e89771c6dbd8dfce5b269d691ac7bfadf1a531?s=96&d=mm&r=g\",\"caption\":\"Luz\"},\"url\":\"https:\\\/\\\/periodicorealidades.com\\\/index.php\\\/author\\\/editorl\\\/\"}]}<\/script>\n<!-- \/ Yoast SEO plugin. -->","yoast_head_json":{"title":"Jake Paul vs. Julio C\u00e9sar Ch\u00e1vez Jr: La pelea ya tiene fecha y canal - Peri\u00f3dico Realidades","robots":{"index":"index","follow":"follow","max-snippet":"max-snippet:-1","max-image-preview":"max-image-preview:large","max-video-preview":"max-video-preview:-1"},"canonical":"https:\/\/periodicorealidades.com\/index.php\/2025\/06\/17\/jake-paul-vs-julio-cesar-chavez-jr-la-pelea-ya-tiene-fecha-y-canal\/","og_locale":"es_MX","og_type":"article","og_title":"Jake Paul vs. Julio C\u00e9sar Ch\u00e1vez Jr: La pelea ya tiene fecha y canal - Peri\u00f3dico Realidades","og_description":"El influencer convertido en boxeador profesional, Jake Paul (11-0-1, 7 KO), enfrentar\u00e1 al mexicano Julio C\u00e9sar Ch\u00e1vez Jr (54-6-1, 34 KO) en una esperada batalla pactada para el pr\u00f3ximo 28 de junio en el Honda Center de Anaheim, California. El combate, cargado de expectativa, ser\u00e1 transmitido exclusivamente por la plataforma DAZN en modalidad de Pago [&hellip;]","og_url":"https:\/\/periodicorealidades.com\/index.php\/2025\/06\/17\/jake-paul-vs-julio-cesar-chavez-jr-la-pelea-ya-tiene-fecha-y-canal\/","og_site_name":"Peri\u00f3dico Realidades","article_publisher":"https:\/\/www.facebook.com\/periodicorealidades.denayarit?mibextid=LQQJ4d","article_published_time":"2025-06-17T22:25:13+00:00","article_modified_time":"2025-06-17T22:25:14+00:00","og_image":[{"width":320,"height":180,"url":"https:\/\/periodicorealidades.com\/wp-content\/uploads\/2025\/06\/image-127.png","type":"image\/png"}],"author":"Luz","twitter_card":"summary_large_image","twitter_misc":{"Escrito por":"Luz","Tiempo de lectura":"2 minutos"},"schema":{"@context":"https:\/\/schema.org","@graph":[{"@type":"Article","@id":"https:\/\/periodicorealidades.com\/index.php\/2025\/06\/17\/jake-paul-vs-julio-cesar-chavez-jr-la-pelea-ya-tiene-fecha-y-canal\/#article","isPartOf":{"@id":"https:\/\/periodicorealidades.com\/index.php\/2025\/06\/17\/jake-paul-vs-julio-cesar-chavez-jr-la-pelea-ya-tiene-fecha-y-canal\/"},"author":{"name":"Luz","@id":"https:\/\/periodicorealidades.com\/#\/schema\/person\/0553927ea6ee0180215eac70d72ccbc8"},"headline":"Jake Paul vs. Julio C\u00e9sar Ch\u00e1vez Jr: La pelea ya tiene fecha y canal","datePublished":"2025-06-17T22:25:13+00:00","dateModified":"2025-06-17T22:25:14+00:00","mainEntityOfPage":{"@id":"https:\/\/periodicorealidades.com\/index.php\/2025\/06\/17\/jake-paul-vs-julio-cesar-chavez-jr-la-pelea-ya-tiene-fecha-y-canal\/"},"wordCount":383,"commentCount":0,"publisher":{"@id":"https:\/\/periodicorealidades.com\/#organization"},"articleSection":["Nacional"],"inLanguage":"es","potentialAction":[{"@type":"CommentAction","name":"Comment","target":["https:\/\/periodicorealidades.com\/index.php\/2025\/06\/17\/jake-paul-vs-julio-cesar-chavez-jr-la-pelea-ya-tiene-fecha-y-canal\/#respond"]}]},{"@type":"WebPage","@id":"https:\/\/periodicorealidades.com\/index.php\/2025\/06\/17\/jake-paul-vs-julio-cesar-chavez-jr-la-pelea-ya-tiene-fecha-y-canal\/","url":"https:\/\/periodicorealidades.com\/index.php\/2025\/06\/17\/jake-paul-vs-julio-cesar-chavez-jr-la-pelea-ya-tiene-fecha-y-canal\/","name":"Jake Paul vs. Julio C\u00e9sar Ch\u00e1vez Jr: La pelea ya tiene fecha y canal - Peri\u00f3dico Realidades","isPartOf":{"@id":"https:\/\/periodicorealidades.com\/#website"},"datePublished":"2025-06-17T22:25:13+00:00","dateModified":"2025-06-17T22:25:14+00:00","breadcrumb":{"@id":"https:\/\/periodicorealidades.com\/index.php\/2025\/06\/17\/jake-paul-vs-julio-cesar-chavez-jr-la-pelea-ya-tiene-fecha-y-canal\/#breadcrumb"},"inLanguage":"es","potentialAction":[{"@type":"ReadAction","target":["https:\/\/periodicorealidades.com\/index.php\/2025\/06\/17\/jake-paul-vs-julio-cesar-chavez-jr-la-pelea-ya-tiene-fecha-y-canal\/"]}]},{"@type":"BreadcrumbList","@id":"https:\/\/periodicorealidades.com\/index.php\/2025\/06\/17\/jake-paul-vs-julio-cesar-chavez-jr-la-pelea-ya-tiene-fecha-y-canal\/#breadcrumb","itemListElement":[{"@type":"ListItem","position":1,"name":"Inicio","item":"https:\/\/periodicorealidades.com\/"},{"@type":"ListItem","position":2,"name":"Jake Paul vs. Julio C\u00e9sar Ch\u00e1vez Jr: La pelea ya tiene fecha y canal"}]},{"@type":"WebSite","@id":"https:\/\/periodicorealidades.com\/#website","url":"https:\/\/periodicorealidades.com\/","name":"Peri\u00f3dico Realidades","description":"M\u00e9dio de comunicaci\u00f3n en Nayarit","publisher":{"@id":"https:\/\/periodicorealidades.com\/#organization"},"potentialAction":[{"@type":"SearchAction","target":{"@type":"EntryPoint","urlTemplate":"https:\/\/periodicorealidades.com\/?s={search_term_string}"},"query-input":{"@type":"PropertyValueSpecification","valueRequired":true,"valueName":"search_term_string"}}],"inLanguage":"es"},{"@type":"Organization","@id":"https:\/\/periodicorealidades.com\/#organization","name":"Peri\u00f3dico Realidades","url":"https:\/\/periodicorealidades.com\/","logo":{"@type":"ImageObject","inLanguage":"es","@id":"https:\/\/periodicorealidades.com\/#\/schema\/logo\/image\/","url":"https:\/\/periodicorealidades.com\/wp-content\/uploads\/2023\/05\/r-prueba.png","contentUrl":"https:\/\/periodicorealidades.com\/wp-content\/uploads\/2023\/05\/r-prueba.png","width":709,"height":709,"caption":"Peri\u00f3dico Realidades"},"image":{"@id":"https:\/\/periodicorealidades.com\/#\/schema\/logo\/image\/"},"sameAs":["https:\/\/www.facebook.com\/periodicorealidades.denayarit?mibextid=LQQJ4d"]},{"@type":"Person","@id":"https:\/\/periodicorealidades.com\/#\/schema\/person\/0553927ea6ee0180215eac70d72ccbc8","name":"Luz","image":{"@type":"ImageObject","inLanguage":"es","@id":"https:\/\/secure.gravatar.com\/avatar\/35b1b65794065782e158352e36e89771c6dbd8dfce5b269d691ac7bfadf1a531?s=96&d=mm&r=g","url":"https:\/\/secure.gravatar.com\/avatar\/35b1b65794065782e158352e36e89771c6dbd8dfce5b269d691ac7bfadf1a531?s=96&d=mm&r=g","contentUrl":"https:\/\/secure.gravatar.com\/avatar\/35b1b65794065782e158352e36e89771c6dbd8dfce5b269d691ac7bfadf1a531?s=96&d=mm&r=g","caption":"Luz"},"url":"https:\/\/periodicorealidades.com\/index.php\/author\/editorl\/"}]}},"_links":{"self":[{"href":"https:\/\/periodicorealidades.com\/index.php\/wp-json\/wp\/v2\/posts\/47020","targetHints":{"allow":["GET"]}}],"collection":[{"href":"https:\/\/periodicorealidades.com\/index.php\/wp-json\/wp\/v2\/posts"}],"about":[{"href":"https:\/\/periodicorealidades.com\/index.php\/wp-json\/wp\/v2\/types\/post"}],"author":[{"embeddable":true,"href":"https:\/\/periodicorealidades.com\/index.php\/wp-json\/wp\/v2\/users\/5"}],"replies":[{"embeddable":true,"href":"https:\/\/periodicorealidades.com\/index.php\/wp-json\/wp\/v2\/comments?post=47020"}],"version-history":[{"count":0,"href":"https:\/\/periodicorealidades.com\/index.php\/wp-json\/wp\/v2\/posts\/47020\/revisions"}],"wp:attachment":[{"href":"https:\/\/periodicorealidades.com\/index.php\/wp-json\/wp\/v2\/media?parent=47020"}],"wp:term":[{"taxonomy":"category","embeddable":true,"href":"https:\/\/periodicorealidades.com\/index.php\/wp-json\/wp\/v2\/categories?post=47020"},{"taxonomy":"post_tag","embeddable":true,"href":"https:\/\/periodicorealidades.com\/index.php\/wp-json\/wp\/v2\/tags?post=47020"}],"curies":[{"name":"wp","href":"https:\/\/api.w.org\/{rel}","templated":true}]}}