{"id":47025,"date":"2025-06-17T16:26:01","date_gmt":"2025-06-17T23:26:01","guid":{"rendered":"https:\/\/periodicorealidades.com\/?p=47025"},"modified":"2025-06-17T16:26:01","modified_gmt":"2025-06-17T23:26:01","slug":"detienen-a-el-flaquito-presunto-lider-del-cartel-de-tijuana","status":"publish","type":"post","link":"https:\/\/periodicorealidades.com\/index.php\/2025\/06\/17\/detienen-a-el-flaquito-presunto-lider-del-cartel-de-tijuana\/","title":{"rendered":"Detienen a \u201cEl Flaquito\u201d, presunto l\u00edder del C\u00e1rtel de Tijuana"},"content":{"rendered":"\n<p class=\"wp-block-paragraph\"><em>17 de junio de 2025 \u2013 Tijuana, Baja California.<\/em><\/p>\n\n\n\n<p class=\"wp-block-paragraph\">Durante un operativo realizado en la madrugada de este martes, elementos de la Guardia Nacional detuvieron a Pablo Edwin Huerta Nu\u00f1o, alias \u201cEl Flaquito\u201d, presunto l\u00edder y operador principal del C\u00e1rtel de Tijuana. La captura se llev\u00f3 a cabo alrededor de la 1:20 a.m. en un domicilio ubicado en la calle Cumbres de la Encantada, en la colonia Fundadores de Tijuana.<\/p>\n\n\n\n<p class=\"wp-block-paragraph\">De acuerdo con el Registro Nacional de Detenciones de la Secretar\u00eda de Seguridad y Protecci\u00f3n Ciudadana (SSPC), el arresto se realiz\u00f3 en el marco de un cateo autorizado por las autoridades correspondientes. Al momento de su aprehensi\u00f3n, Huerta Nu\u00f1o vest\u00eda una chamarra negra, pantal\u00f3n negro y zapatos morados.<\/p>\n\n\n\n<p class=\"wp-block-paragraph\">\u201cEl Flaquito\u201d es considerado uno de los principales generadores de violencia en la regi\u00f3n fronteriza, y actualmente permanece bajo custodia de la Fiscal\u00eda Especializada en Materia de Delincuencia Organizada (Femdo). Asimismo, cuenta con una orden de extradici\u00f3n a Estados Unidos, donde enfrentar\u00e1 cargos relacionados con actividades delictivas vinculadas al narcotr\u00e1fico y el crimen organizado.<\/p>\n\n\n\n<p class=\"wp-block-paragraph\">Se espera que en las pr\u00f3ximas horas se inicien los tr\u00e1mites correspondientes para su traslado al pa\u00eds vecino, donde ser\u00e1 presentado ante la justicia estadounidense.<\/p>\n\n\n\n<p class=\"wp-block-paragraph\"><\/p>\n","protected":false},"excerpt":{"rendered":"<p>17 de junio de 2025 \u2013 Tijuana, Baja California. Durante un operativo realizado en la madrugada de este martes, elementos de la Guardia Nacional detuvieron a Pablo Edwin Huerta Nu\u00f1o, alias \u201cEl Flaquito\u201d, presunto l\u00edder y operador principal del C\u00e1rtel de Tijuana. La captura se llev\u00f3 a cabo alrededor de la 1:20 a.m. en un [&hellip;]<\/p>\n","protected":false},"author":4,"featured_media":0,"comment_status":"open","ping_status":"open","sticky":false,"template":"","format":"standard","meta":{"footnotes":""},"categories":[6],"tags":[],"class_list":["post-47025","post","type-post","status-publish","format-standard","category-policiaca"],"yoast_head":"<!-- This site is optimized with the Yoast SEO plugin v28.3 - https:\/\/yoast.com\/product\/yoast-seo-wordpress\/ -->\n<title>Detienen a \u201cEl Flaquito\u201d, presunto l\u00edder del C\u00e1rtel de Tijuana - Peri\u00f3dico Realidades<\/title>\n<meta name=\"robots\" content=\"index, follow, max-snippet:-1, max-image-preview:large, max-video-preview:-1\" \/>\n<link rel=\"canonical\" href=\"https:\/\/periodicorealidades.com\/index.php\/2025\/06\/17\/detienen-a-el-flaquito-presunto-lider-del-cartel-de-tijuana\/\" \/>\n<meta property=\"og:locale\" content=\"es_MX\" \/>\n<meta property=\"og:type\" content=\"article\" \/>\n<meta property=\"og:title\" content=\"Detienen a \u201cEl Flaquito\u201d, presunto l\u00edder del C\u00e1rtel de Tijuana - Peri\u00f3dico Realidades\" \/>\n<meta property=\"og:description\" content=\"17 de junio de 2025 \u2013 Tijuana, Baja California. Durante un operativo realizado en la madrugada de este martes, elementos de la Guardia Nacional detuvieron a Pablo Edwin Huerta Nu\u00f1o, alias \u201cEl Flaquito\u201d, presunto l\u00edder y operador principal del C\u00e1rtel de Tijuana. La captura se llev\u00f3 a cabo alrededor de la 1:20 a.m. en un [&hellip;]\" \/>\n<meta property=\"og:url\" content=\"https:\/\/periodicorealidades.com\/index.php\/2025\/06\/17\/detienen-a-el-flaquito-presunto-lider-del-cartel-de-tijuana\/\" \/>\n<meta property=\"og:site_name\" content=\"Peri\u00f3dico Realidades\" \/>\n<meta property=\"article:publisher\" content=\"https:\/\/www.facebook.com\/periodicorealidades.denayarit?mibextid=LQQJ4d\" \/>\n<meta property=\"article:published_time\" content=\"2025-06-17T23:26:01+00:00\" \/>\n<meta property=\"og:image\" content=\"https:\/\/periodicorealidades.com\/wp-content\/uploads\/2025\/06\/image-128.png\" \/>\n\t<meta property=\"og:image:width\" content=\"660\" \/>\n\t<meta property=\"og:image:height\" content=\"437\" \/>\n\t<meta property=\"og:image:type\" content=\"image\/png\" \/>\n<meta name=\"author\" content=\"Arcelia\" \/>\n<meta name=\"twitter:card\" content=\"summary_large_image\" \/>\n<meta name=\"twitter:label1\" content=\"Escrito por\" \/>\n\t<meta name=\"twitter:data1\" content=\"Arcelia\" \/>\n\t<meta name=\"twitter:label2\" content=\"Tiempo de lectura\" \/>\n\t<meta name=\"twitter:data2\" content=\"2 minutos\" \/>\n<script type=\"application\/ld+json\" class=\"yoast-schema-graph\">{\"@context\":\"https:\\\/\\\/schema.org\",\"@graph\":[{\"@type\":\"Article\",\"@id\":\"https:\\\/\\\/periodicorealidades.com\\\/index.php\\\/2025\\\/06\\\/17\\\/detienen-a-el-flaquito-presunto-lider-del-cartel-de-tijuana\\\/#article\",\"isPartOf\":{\"@id\":\"https:\\\/\\\/periodicorealidades.com\\\/index.php\\\/2025\\\/06\\\/17\\\/detienen-a-el-flaquito-presunto-lider-del-cartel-de-tijuana\\\/\"},\"author\":{\"name\":\"Arcelia\",\"@id\":\"https:\\\/\\\/periodicorealidades.com\\\/#\\\/schema\\\/person\\\/ed60e33c6767be45db655d22ad0c15c4\"},\"headline\":\"Detienen a \u201cEl Flaquito\u201d, presunto l\u00edder del C\u00e1rtel de Tijuana\",\"datePublished\":\"2025-06-17T23:26:01+00:00\",\"mainEntityOfPage\":{\"@id\":\"https:\\\/\\\/periodicorealidades.com\\\/index.php\\\/2025\\\/06\\\/17\\\/detienen-a-el-flaquito-presunto-lider-del-cartel-de-tijuana\\\/\"},\"wordCount\":222,\"commentCount\":0,\"publisher\":{\"@id\":\"https:\\\/\\\/periodicorealidades.com\\\/#organization\"},\"articleSection\":[\"Policiaca\"],\"inLanguage\":\"es\",\"potentialAction\":[{\"@type\":\"CommentAction\",\"name\":\"Comment\",\"target\":[\"https:\\\/\\\/periodicorealidades.com\\\/index.php\\\/2025\\\/06\\\/17\\\/detienen-a-el-flaquito-presunto-lider-del-cartel-de-tijuana\\\/#respond\"]}]},{\"@type\":\"WebPage\",\"@id\":\"https:\\\/\\\/periodicorealidades.com\\\/index.php\\\/2025\\\/06\\\/17\\\/detienen-a-el-flaquito-presunto-lider-del-cartel-de-tijuana\\\/\",\"url\":\"https:\\\/\\\/periodicorealidades.com\\\/index.php\\\/2025\\\/06\\\/17\\\/detienen-a-el-flaquito-presunto-lider-del-cartel-de-tijuana\\\/\",\"name\":\"Detienen a \u201cEl Flaquito\u201d, presunto l\u00edder del C\u00e1rtel de Tijuana - Peri\u00f3dico Realidades\",\"isPartOf\":{\"@id\":\"https:\\\/\\\/periodicorealidades.com\\\/#website\"},\"datePublished\":\"2025-06-17T23:26:01+00:00\",\"breadcrumb\":{\"@id\":\"https:\\\/\\\/periodicorealidades.com\\\/index.php\\\/2025\\\/06\\\/17\\\/detienen-a-el-flaquito-presunto-lider-del-cartel-de-tijuana\\\/#breadcrumb\"},\"inLanguage\":\"es\",\"potentialAction\":[{\"@type\":\"ReadAction\",\"target\":[\"https:\\\/\\\/periodicorealidades.com\\\/index.php\\\/2025\\\/06\\\/17\\\/detienen-a-el-flaquito-presunto-lider-del-cartel-de-tijuana\\\/\"]}]},{\"@type\":\"BreadcrumbList\",\"@id\":\"https:\\\/\\\/periodicorealidades.com\\\/index.php\\\/2025\\\/06\\\/17\\\/detienen-a-el-flaquito-presunto-lider-del-cartel-de-tijuana\\\/#breadcrumb\",\"itemListElement\":[{\"@type\":\"ListItem\",\"position\":1,\"name\":\"Inicio\",\"item\":\"https:\\\/\\\/periodicorealidades.com\\\/\"},{\"@type\":\"ListItem\",\"position\":2,\"name\":\"Detienen a \u201cEl Flaquito\u201d, presunto l\u00edder del C\u00e1rtel de Tijuana\"}]},{\"@type\":\"WebSite\",\"@id\":\"https:\\\/\\\/periodicorealidades.com\\\/#website\",\"url\":\"https:\\\/\\\/periodicorealidades.com\\\/\",\"name\":\"Peri\u00f3dico Realidades\",\"description\":\"M\u00e9dio de comunicaci\u00f3n en Nayarit\",\"publisher\":{\"@id\":\"https:\\\/\\\/periodicorealidades.com\\\/#organization\"},\"potentialAction\":[{\"@type\":\"SearchAction\",\"target\":{\"@type\":\"EntryPoint\",\"urlTemplate\":\"https:\\\/\\\/periodicorealidades.com\\\/?s={search_term_string}\"},\"query-input\":{\"@type\":\"PropertyValueSpecification\",\"valueRequired\":true,\"valueName\":\"search_term_string\"}}],\"inLanguage\":\"es\"},{\"@type\":\"Organization\",\"@id\":\"https:\\\/\\\/periodicorealidades.com\\\/#organization\",\"name\":\"Peri\u00f3dico Realidades\",\"url\":\"https:\\\/\\\/periodicorealidades.com\\\/\",\"logo\":{\"@type\":\"ImageObject\",\"inLanguage\":\"es\",\"@id\":\"https:\\\/\\\/periodicorealidades.com\\\/#\\\/schema\\\/logo\\\/image\\\/\",\"url\":\"https:\\\/\\\/periodicorealidades.com\\\/wp-content\\\/uploads\\\/2023\\\/05\\\/r-prueba.png\",\"contentUrl\":\"https:\\\/\\\/periodicorealidades.com\\\/wp-content\\\/uploads\\\/2023\\\/05\\\/r-prueba.png\",\"width\":709,\"height\":709,\"caption\":\"Peri\u00f3dico Realidades\"},\"image\":{\"@id\":\"https:\\\/\\\/periodicorealidades.com\\\/#\\\/schema\\\/logo\\\/image\\\/\"},\"sameAs\":[\"https:\\\/\\\/www.facebook.com\\\/periodicorealidades.denayarit?mibextid=LQQJ4d\"]},{\"@type\":\"Person\",\"@id\":\"https:\\\/\\\/periodicorealidades.com\\\/#\\\/schema\\\/person\\\/ed60e33c6767be45db655d22ad0c15c4\",\"name\":\"Arcelia\",\"image\":{\"@type\":\"ImageObject\",\"inLanguage\":\"es\",\"@id\":\"https:\\\/\\\/secure.gravatar.com\\\/avatar\\\/36cdbbe591db4ecc4985aac5ab27b8093cf6488d3b664974f0cda2e38368b10d?s=96&d=mm&r=g\",\"url\":\"https:\\\/\\\/secure.gravatar.com\\\/avatar\\\/36cdbbe591db4ecc4985aac5ab27b8093cf6488d3b664974f0cda2e38368b10d?s=96&d=mm&r=g\",\"contentUrl\":\"https:\\\/\\\/secure.gravatar.com\\\/avatar\\\/36cdbbe591db4ecc4985aac5ab27b8093cf6488d3b664974f0cda2e38368b10d?s=96&d=mm&r=g\",\"caption\":\"Arcelia\"},\"url\":\"https:\\\/\\\/periodicorealidades.com\\\/index.php\\\/author\\\/editor-2\\\/\"}]}<\/script>\n<!-- \/ Yoast SEO plugin. -->","yoast_head_json":{"title":"Detienen a \u201cEl Flaquito\u201d, presunto l\u00edder del C\u00e1rtel de Tijuana - Peri\u00f3dico Realidades","robots":{"index":"index","follow":"follow","max-snippet":"max-snippet:-1","max-image-preview":"max-image-preview:large","max-video-preview":"max-video-preview:-1"},"canonical":"https:\/\/periodicorealidades.com\/index.php\/2025\/06\/17\/detienen-a-el-flaquito-presunto-lider-del-cartel-de-tijuana\/","og_locale":"es_MX","og_type":"article","og_title":"Detienen a \u201cEl Flaquito\u201d, presunto l\u00edder del C\u00e1rtel de Tijuana - Peri\u00f3dico Realidades","og_description":"17 de junio de 2025 \u2013 Tijuana, Baja California. Durante un operativo realizado en la madrugada de este martes, elementos de la Guardia Nacional detuvieron a Pablo Edwin Huerta Nu\u00f1o, alias \u201cEl Flaquito\u201d, presunto l\u00edder y operador principal del C\u00e1rtel de Tijuana. La captura se llev\u00f3 a cabo alrededor de la 1:20 a.m. en un [&hellip;]","og_url":"https:\/\/periodicorealidades.com\/index.php\/2025\/06\/17\/detienen-a-el-flaquito-presunto-lider-del-cartel-de-tijuana\/","og_site_name":"Peri\u00f3dico Realidades","article_publisher":"https:\/\/www.facebook.com\/periodicorealidades.denayarit?mibextid=LQQJ4d","article_published_time":"2025-06-17T23:26:01+00:00","og_image":[{"width":660,"height":437,"url":"https:\/\/periodicorealidades.com\/wp-content\/uploads\/2025\/06\/image-128.png","type":"image\/png"}],"author":"Arcelia","twitter_card":"summary_large_image","twitter_misc":{"Escrito por":"Arcelia","Tiempo de lectura":"2 minutos"},"schema":{"@context":"https:\/\/schema.org","@graph":[{"@type":"Article","@id":"https:\/\/periodicorealidades.com\/index.php\/2025\/06\/17\/detienen-a-el-flaquito-presunto-lider-del-cartel-de-tijuana\/#article","isPartOf":{"@id":"https:\/\/periodicorealidades.com\/index.php\/2025\/06\/17\/detienen-a-el-flaquito-presunto-lider-del-cartel-de-tijuana\/"},"author":{"name":"Arcelia","@id":"https:\/\/periodicorealidades.com\/#\/schema\/person\/ed60e33c6767be45db655d22ad0c15c4"},"headline":"Detienen a \u201cEl Flaquito\u201d, presunto l\u00edder del C\u00e1rtel de Tijuana","datePublished":"2025-06-17T23:26:01+00:00","mainEntityOfPage":{"@id":"https:\/\/periodicorealidades.com\/index.php\/2025\/06\/17\/detienen-a-el-flaquito-presunto-lider-del-cartel-de-tijuana\/"},"wordCount":222,"commentCount":0,"publisher":{"@id":"https:\/\/periodicorealidades.com\/#organization"},"articleSection":["Policiaca"],"inLanguage":"es","potentialAction":[{"@type":"CommentAction","name":"Comment","target":["https:\/\/periodicorealidades.com\/index.php\/2025\/06\/17\/detienen-a-el-flaquito-presunto-lider-del-cartel-de-tijuana\/#respond"]}]},{"@type":"WebPage","@id":"https:\/\/periodicorealidades.com\/index.php\/2025\/06\/17\/detienen-a-el-flaquito-presunto-lider-del-cartel-de-tijuana\/","url":"https:\/\/periodicorealidades.com\/index.php\/2025\/06\/17\/detienen-a-el-flaquito-presunto-lider-del-cartel-de-tijuana\/","name":"Detienen a \u201cEl Flaquito\u201d, presunto l\u00edder del C\u00e1rtel de Tijuana - Peri\u00f3dico Realidades","isPartOf":{"@id":"https:\/\/periodicorealidades.com\/#website"},"datePublished":"2025-06-17T23:26:01+00:00","breadcrumb":{"@id":"https:\/\/periodicorealidades.com\/index.php\/2025\/06\/17\/detienen-a-el-flaquito-presunto-lider-del-cartel-de-tijuana\/#breadcrumb"},"inLanguage":"es","potentialAction":[{"@type":"ReadAction","target":["https:\/\/periodicorealidades.com\/index.php\/2025\/06\/17\/detienen-a-el-flaquito-presunto-lider-del-cartel-de-tijuana\/"]}]},{"@type":"BreadcrumbList","@id":"https:\/\/periodicorealidades.com\/index.php\/2025\/06\/17\/detienen-a-el-flaquito-presunto-lider-del-cartel-de-tijuana\/#breadcrumb","itemListElement":[{"@type":"ListItem","position":1,"name":"Inicio","item":"https:\/\/periodicorealidades.com\/"},{"@type":"ListItem","position":2,"name":"Detienen a \u201cEl Flaquito\u201d, presunto l\u00edder del C\u00e1rtel de Tijuana"}]},{"@type":"WebSite","@id":"https:\/\/periodicorealidades.com\/#website","url":"https:\/\/periodicorealidades.com\/","name":"Peri\u00f3dico Realidades","description":"M\u00e9dio de comunicaci\u00f3n en Nayarit","publisher":{"@id":"https:\/\/periodicorealidades.com\/#organization"},"potentialAction":[{"@type":"SearchAction","target":{"@type":"EntryPoint","urlTemplate":"https:\/\/periodicorealidades.com\/?s={search_term_string}"},"query-input":{"@type":"PropertyValueSpecification","valueRequired":true,"valueName":"search_term_string"}}],"inLanguage":"es"},{"@type":"Organization","@id":"https:\/\/periodicorealidades.com\/#organization","name":"Peri\u00f3dico Realidades","url":"https:\/\/periodicorealidades.com\/","logo":{"@type":"ImageObject","inLanguage":"es","@id":"https:\/\/periodicorealidades.com\/#\/schema\/logo\/image\/","url":"https:\/\/periodicorealidades.com\/wp-content\/uploads\/2023\/05\/r-prueba.png","contentUrl":"https:\/\/periodicorealidades.com\/wp-content\/uploads\/2023\/05\/r-prueba.png","width":709,"height":709,"caption":"Peri\u00f3dico Realidades"},"image":{"@id":"https:\/\/periodicorealidades.com\/#\/schema\/logo\/image\/"},"sameAs":["https:\/\/www.facebook.com\/periodicorealidades.denayarit?mibextid=LQQJ4d"]},{"@type":"Person","@id":"https:\/\/periodicorealidades.com\/#\/schema\/person\/ed60e33c6767be45db655d22ad0c15c4","name":"Arcelia","image":{"@type":"ImageObject","inLanguage":"es","@id":"https:\/\/secure.gravatar.com\/avatar\/36cdbbe591db4ecc4985aac5ab27b8093cf6488d3b664974f0cda2e38368b10d?s=96&d=mm&r=g","url":"https:\/\/secure.gravatar.com\/avatar\/36cdbbe591db4ecc4985aac5ab27b8093cf6488d3b664974f0cda2e38368b10d?s=96&d=mm&r=g","contentUrl":"https:\/\/secure.gravatar.com\/avatar\/36cdbbe591db4ecc4985aac5ab27b8093cf6488d3b664974f0cda2e38368b10d?s=96&d=mm&r=g","caption":"Arcelia"},"url":"https:\/\/periodicorealidades.com\/index.php\/author\/editor-2\/"}]}},"_links":{"self":[{"href":"https:\/\/periodicorealidades.com\/index.php\/wp-json\/wp\/v2\/posts\/47025","targetHints":{"allow":["GET"]}}],"collection":[{"href":"https:\/\/periodicorealidades.com\/index.php\/wp-json\/wp\/v2\/posts"}],"about":[{"href":"https:\/\/periodicorealidades.com\/index.php\/wp-json\/wp\/v2\/types\/post"}],"author":[{"embeddable":true,"href":"https:\/\/periodicorealidades.com\/index.php\/wp-json\/wp\/v2\/users\/4"}],"replies":[{"embeddable":true,"href":"https:\/\/periodicorealidades.com\/index.php\/wp-json\/wp\/v2\/comments?post=47025"}],"version-history":[{"count":0,"href":"https:\/\/periodicorealidades.com\/index.php\/wp-json\/wp\/v2\/posts\/47025\/revisions"}],"wp:attachment":[{"href":"https:\/\/periodicorealidades.com\/index.php\/wp-json\/wp\/v2\/media?parent=47025"}],"wp:term":[{"taxonomy":"category","embeddable":true,"href":"https:\/\/periodicorealidades.com\/index.php\/wp-json\/wp\/v2\/categories?post=47025"},{"taxonomy":"post_tag","embeddable":true,"href":"https:\/\/periodicorealidades.com\/index.php\/wp-json\/wp\/v2\/tags?post=47025"}],"curies":[{"name":"wp","href":"https:\/\/api.w.org\/{rel}","templated":true}]}}