{"id":58106,"date":"2025-11-20T14:36:09","date_gmt":"2025-11-20T21:36:09","guid":{"rendered":"https:\/\/periodicorealidades.com\/?p=58106"},"modified":"2025-11-20T14:36:09","modified_gmt":"2025-11-20T21:36:09","slug":"hoy-el-poder-ya-no-se-usa-para-someter-sheinbaum-en-el-115-aniversario-de-la-revolucion-mexicana","status":"publish","type":"post","link":"https:\/\/periodicorealidades.com\/index.php\/2025\/11\/20\/hoy-el-poder-ya-no-se-usa-para-someter-sheinbaum-en-el-115-aniversario-de-la-revolucion-mexicana\/","title":{"rendered":"\u201cHoy el poder ya no se usa para someter\u201d: Sheinbaum en el 115 Aniversario de la Revoluci\u00f3n Mexicana"},"content":{"rendered":"\n<p class=\"wp-block-paragraph\">La presidenta de M\u00e9xico, Claudia Sheinbaum Pardo, encabez\u00f3 este mi\u00e9rcoles la ceremonia conmemorativa por el <strong>115 Aniversario del inicio de la Revoluci\u00f3n Mexicana<\/strong>, realizada en el Z\u00f3calo capitalino, donde afirm\u00f3 que en el pa\u00eds \u201cel poder ya no se usa para someter, sino para servir\u201d.<\/p>\n\n\n\n<p class=\"wp-block-paragraph\">En su mensaje previo al tradicional <strong>Desfile C\u00edvico-Militar<\/strong>, la mandataria destac\u00f3 que M\u00e9xico vive un momento de transformaci\u00f3n profundo y asegur\u00f3 que \u201cM\u00e9xico no volver\u00e1 a caminar hacia atr\u00e1s\u201d, al tiempo que sostuvo que el pueblo se encuentra m\u00e1s fuerte porque se defiende la soberan\u00eda, la democracia y la justicia.<\/p>\n\n\n\n<p class=\"wp-block-paragraph\">Sheinbaum enfatiz\u00f3 que hoy existe un gobierno que \u201cescucha, respeta y responde a su pueblo\u201d, sin privilegios ni imposiciones, y subray\u00f3 que en el pa\u00eds \u201cya nadie es silenciado ni perseguido por pensar distinto\u201d, lo cual calific\u00f3 como una conquista del pueblo mexicano. Tambi\u00e9n reiter\u00f3 que se acab\u00f3 la era de los lujos del poder y que su administraci\u00f3n se rige por \u201causteridad, \u00e9tica y honestidad\u201d.<\/p>\n\n\n\n<h3 class=\"wp-block-heading\"><strong>Ceremonia en el Z\u00f3calo<\/strong><\/h3>\n\n\n\n<p class=\"wp-block-paragraph\">Alrededor de las 10:00 horas, la presidenta, acompa\u00f1ada por los titulares de la Secretar\u00eda de la Defensa Nacional y de la Marina, encabez\u00f3 el izamiento de la Bandera Nacional en la Plaza de la Constituci\u00f3n. La ceremonia incluy\u00f3 la interpretaci\u00f3n de <em>Canto a la Bandera<\/em>, el pase de revista de tropas y la participaci\u00f3n de la Fuerza A\u00e9rea, que pint\u00f3 el cielo con los colores nacionales. Tambi\u00e9n se enton\u00f3 el Himno Nacional y se efectuaron disparos de salva.<\/p>\n\n\n\n<figure class=\"wp-block-image size-full\"><img loading=\"lazy\" decoding=\"async\" width=\"1024\" height=\"576\" src=\"https:\/\/periodicorealidades.com\/wp-content\/uploads\/2025\/11\/image-290.png\" alt=\"\" class=\"wp-image-58111\" srcset=\"https:\/\/periodicorealidades.com\/wp-content\/uploads\/2025\/11\/image-290.png 1024w, https:\/\/periodicorealidades.com\/wp-content\/uploads\/2025\/11\/image-290-300x169.png 300w, https:\/\/periodicorealidades.com\/wp-content\/uploads\/2025\/11\/image-290-768x432.png 768w, https:\/\/periodicorealidades.com\/wp-content\/uploads\/2025\/11\/image-290-696x392.png 696w\" sizes=\"auto, (max-width: 1024px) 100vw, 1024px\" \/><\/figure>\n\n\n\n<p class=\"wp-block-paragraph\">Tras los discursos oficiales, elementos del Ej\u00e9rcito, Marina, Fuerza A\u00e9rea y Guardia Nacional realizaron representaciones alusivas a la \u00e9poca revolucionaria antes de iniciar el desfile hacia el Monumento a la Revoluci\u00f3n.<\/p>\n\n\n\n<h3 class=\"wp-block-heading\"><strong>Desfile del 20 de noviembre<\/strong><\/h3>\n\n\n\n<p class=\"wp-block-paragraph\">El desfile cont\u00f3 con la participaci\u00f3n de contingentes montados, veh\u00edculos militares, unidades tem\u00e1ticas y agrupamientos caracterizados como revolucionarios. Adem\u00e1s, se presentaron bailables y m\u00fasica tradicional, lo que anim\u00f3 a cientos de asistentes congregados a lo largo del recorrido. Entre los contingentes destacaron los deportistas militares, mientras el p\u00fablico saludaba a los participantes y lanzaba vivas a M\u00e9xico.<\/p>\n\n\n\n<figure class=\"wp-block-image size-full\"><img loading=\"lazy\" decoding=\"async\" width=\"700\" height=\"466\" src=\"https:\/\/periodicorealidades.com\/wp-content\/uploads\/2025\/11\/image-291.png\" alt=\"\" class=\"wp-image-58112\" srcset=\"https:\/\/periodicorealidades.com\/wp-content\/uploads\/2025\/11\/image-291.png 700w, https:\/\/periodicorealidades.com\/wp-content\/uploads\/2025\/11\/image-291-300x200.png 300w, https:\/\/periodicorealidades.com\/wp-content\/uploads\/2025\/11\/image-291-696x463.png 696w\" sizes=\"auto, (max-width: 700px) 100vw, 700px\" \/><\/figure>\n\n\n\n<h3 class=\"wp-block-heading\"><strong>Contexto hist\u00f3rico<\/strong><\/h3>\n\n\n\n<p class=\"wp-block-paragraph\">La Revoluci\u00f3n Mexicana inici\u00f3 el <strong>20 de noviembre de 1910<\/strong>, cuando hombres y mujeres respondieron al llamado del <strong>Plan de San Luis<\/strong>, proclamado por Francisco I. Madero para levantarse en armas contra el gobierno de Porfirio D\u00edaz. Este movimiento marc\u00f3 el inicio de una lucha por la justicia, la libertad y la igualdad, cuyo legado incluye reformas fundamentales y la <strong>Constituci\u00f3n de 1917<\/strong>.<\/p>\n\n\n\n<figure class=\"wp-block-image size-large\"><img loading=\"lazy\" decoding=\"async\" width=\"1024\" height=\"683\" src=\"https:\/\/periodicorealidades.com\/wp-content\/uploads\/2025\/11\/image-292-1024x683.png\" alt=\"\" class=\"wp-image-58113\" srcset=\"https:\/\/periodicorealidades.com\/wp-content\/uploads\/2025\/11\/image-292-1024x683.png 1024w, https:\/\/periodicorealidades.com\/wp-content\/uploads\/2025\/11\/image-292-300x200.png 300w, https:\/\/periodicorealidades.com\/wp-content\/uploads\/2025\/11\/image-292-768x512.png 768w, https:\/\/periodicorealidades.com\/wp-content\/uploads\/2025\/11\/image-292-696x464.png 696w, https:\/\/periodicorealidades.com\/wp-content\/uploads\/2025\/11\/image-292-1068x712.png 1068w, https:\/\/periodicorealidades.com\/wp-content\/uploads\/2025\/11\/image-292.png 1200w\" sizes=\"auto, (max-width: 1024px) 100vw, 1024px\" \/><\/figure>\n","protected":false},"excerpt":{"rendered":"<p>La presidenta de M\u00e9xico, Claudia Sheinbaum Pardo, encabez\u00f3 este mi\u00e9rcoles la ceremonia conmemorativa por el 115 Aniversario del inicio de la Revoluci\u00f3n Mexicana, realizada en el Z\u00f3calo capitalino, donde afirm\u00f3 que en el pa\u00eds \u201cel poder ya no se usa para someter, sino para servir\u201d. En su mensaje previo al tradicional Desfile C\u00edvico-Militar, la mandataria [&hellip;]<\/p>\n","protected":false},"author":4,"featured_media":58109,"comment_status":"closed","ping_status":"open","sticky":false,"template":"","format":"standard","meta":{"footnotes":""},"categories":[12],"tags":[],"class_list":["post-58106","post","type-post","status-publish","format-standard","has-post-thumbnail","category-nacional"],"yoast_head":"<!-- This site is optimized with the Yoast SEO plugin v28.3 - https:\/\/yoast.com\/product\/yoast-seo-wordpress\/ -->\n<title>\u201cHoy el poder ya no se usa para someter\u201d: Sheinbaum en el 115 Aniversario de la Revoluci\u00f3n Mexicana - Peri\u00f3dico Realidades<\/title>\n<meta name=\"robots\" content=\"index, follow, max-snippet:-1, max-image-preview:large, max-video-preview:-1\" \/>\n<link rel=\"canonical\" href=\"https:\/\/periodicorealidades.com\/index.php\/2025\/11\/20\/hoy-el-poder-ya-no-se-usa-para-someter-sheinbaum-en-el-115-aniversario-de-la-revolucion-mexicana\/\" \/>\n<meta property=\"og:locale\" content=\"es_MX\" \/>\n<meta property=\"og:type\" content=\"article\" \/>\n<meta property=\"og:title\" content=\"\u201cHoy el poder ya no se usa para someter\u201d: Sheinbaum en el 115 Aniversario de la Revoluci\u00f3n Mexicana - Peri\u00f3dico Realidades\" \/>\n<meta property=\"og:description\" content=\"La presidenta de M\u00e9xico, Claudia Sheinbaum Pardo, encabez\u00f3 este mi\u00e9rcoles la ceremonia conmemorativa por el 115 Aniversario del inicio de la Revoluci\u00f3n Mexicana, realizada en el Z\u00f3calo capitalino, donde afirm\u00f3 que en el pa\u00eds \u201cel poder ya no se usa para someter, sino para servir\u201d. En su mensaje previo al tradicional Desfile C\u00edvico-Militar, la mandataria [&hellip;]\" \/>\n<meta property=\"og:url\" content=\"https:\/\/periodicorealidades.com\/index.php\/2025\/11\/20\/hoy-el-poder-ya-no-se-usa-para-someter-sheinbaum-en-el-115-aniversario-de-la-revolucion-mexicana\/\" \/>\n<meta property=\"og:site_name\" content=\"Peri\u00f3dico Realidades\" \/>\n<meta property=\"article:publisher\" content=\"https:\/\/www.facebook.com\/periodicorealidades.denayarit?mibextid=LQQJ4d\" \/>\n<meta property=\"article:published_time\" content=\"2025-11-20T21:36:09+00:00\" \/>\n<meta property=\"og:image\" content=\"https:\/\/periodicorealidades.com\/wp-content\/uploads\/2025\/11\/image-288.png\" \/>\n\t<meta property=\"og:image:width\" content=\"1200\" \/>\n\t<meta property=\"og:image:height\" content=\"800\" \/>\n\t<meta property=\"og:image:type\" content=\"image\/png\" \/>\n<meta name=\"author\" content=\"Arcelia\" \/>\n<meta name=\"twitter:card\" content=\"summary_large_image\" \/>\n<meta name=\"twitter:label1\" content=\"Escrito por\" \/>\n\t<meta name=\"twitter:data1\" content=\"Arcelia\" \/>\n\t<meta name=\"twitter:label2\" content=\"Tiempo de lectura\" \/>\n\t<meta name=\"twitter:data2\" content=\"3 minutos\" \/>\n<script type=\"application\/ld+json\" class=\"yoast-schema-graph\">{\"@context\":\"https:\\\/\\\/schema.org\",\"@graph\":[{\"@type\":\"Article\",\"@id\":\"https:\\\/\\\/periodicorealidades.com\\\/index.php\\\/2025\\\/11\\\/20\\\/hoy-el-poder-ya-no-se-usa-para-someter-sheinbaum-en-el-115-aniversario-de-la-revolucion-mexicana\\\/#article\",\"isPartOf\":{\"@id\":\"https:\\\/\\\/periodicorealidades.com\\\/index.php\\\/2025\\\/11\\\/20\\\/hoy-el-poder-ya-no-se-usa-para-someter-sheinbaum-en-el-115-aniversario-de-la-revolucion-mexicana\\\/\"},\"author\":{\"name\":\"Arcelia\",\"@id\":\"https:\\\/\\\/periodicorealidades.com\\\/#\\\/schema\\\/person\\\/ed60e33c6767be45db655d22ad0c15c4\"},\"headline\":\"\u201cHoy el poder ya no se usa para someter\u201d: Sheinbaum en el 115 Aniversario de la Revoluci\u00f3n Mexicana\",\"datePublished\":\"2025-11-20T21:36:09+00:00\",\"mainEntityOfPage\":{\"@id\":\"https:\\\/\\\/periodicorealidades.com\\\/index.php\\\/2025\\\/11\\\/20\\\/hoy-el-poder-ya-no-se-usa-para-someter-sheinbaum-en-el-115-aniversario-de-la-revolucion-mexicana\\\/\"},\"wordCount\":450,\"publisher\":{\"@id\":\"https:\\\/\\\/periodicorealidades.com\\\/#organization\"},\"image\":{\"@id\":\"https:\\\/\\\/periodicorealidades.com\\\/index.php\\\/2025\\\/11\\\/20\\\/hoy-el-poder-ya-no-se-usa-para-someter-sheinbaum-en-el-115-aniversario-de-la-revolucion-mexicana\\\/#primaryimage\"},\"thumbnailUrl\":\"https:\\\/\\\/periodicorealidades.com\\\/wp-content\\\/uploads\\\/2025\\\/11\\\/image-288.png\",\"articleSection\":[\"Nacional\"],\"inLanguage\":\"es\"},{\"@type\":\"WebPage\",\"@id\":\"https:\\\/\\\/periodicorealidades.com\\\/index.php\\\/2025\\\/11\\\/20\\\/hoy-el-poder-ya-no-se-usa-para-someter-sheinbaum-en-el-115-aniversario-de-la-revolucion-mexicana\\\/\",\"url\":\"https:\\\/\\\/periodicorealidades.com\\\/index.php\\\/2025\\\/11\\\/20\\\/hoy-el-poder-ya-no-se-usa-para-someter-sheinbaum-en-el-115-aniversario-de-la-revolucion-mexicana\\\/\",\"name\":\"\u201cHoy el poder ya no se usa para someter\u201d: Sheinbaum en el 115 Aniversario de la Revoluci\u00f3n Mexicana - Peri\u00f3dico Realidades\",\"isPartOf\":{\"@id\":\"https:\\\/\\\/periodicorealidades.com\\\/#website\"},\"primaryImageOfPage\":{\"@id\":\"https:\\\/\\\/periodicorealidades.com\\\/index.php\\\/2025\\\/11\\\/20\\\/hoy-el-poder-ya-no-se-usa-para-someter-sheinbaum-en-el-115-aniversario-de-la-revolucion-mexicana\\\/#primaryimage\"},\"image\":{\"@id\":\"https:\\\/\\\/periodicorealidades.com\\\/index.php\\\/2025\\\/11\\\/20\\\/hoy-el-poder-ya-no-se-usa-para-someter-sheinbaum-en-el-115-aniversario-de-la-revolucion-mexicana\\\/#primaryimage\"},\"thumbnailUrl\":\"https:\\\/\\\/periodicorealidades.com\\\/wp-content\\\/uploads\\\/2025\\\/11\\\/image-288.png\",\"datePublished\":\"2025-11-20T21:36:09+00:00\",\"breadcrumb\":{\"@id\":\"https:\\\/\\\/periodicorealidades.com\\\/index.php\\\/2025\\\/11\\\/20\\\/hoy-el-poder-ya-no-se-usa-para-someter-sheinbaum-en-el-115-aniversario-de-la-revolucion-mexicana\\\/#breadcrumb\"},\"inLanguage\":\"es\",\"potentialAction\":[{\"@type\":\"ReadAction\",\"target\":[\"https:\\\/\\\/periodicorealidades.com\\\/index.php\\\/2025\\\/11\\\/20\\\/hoy-el-poder-ya-no-se-usa-para-someter-sheinbaum-en-el-115-aniversario-de-la-revolucion-mexicana\\\/\"]}]},{\"@type\":\"ImageObject\",\"inLanguage\":\"es\",\"@id\":\"https:\\\/\\\/periodicorealidades.com\\\/index.php\\\/2025\\\/11\\\/20\\\/hoy-el-poder-ya-no-se-usa-para-someter-sheinbaum-en-el-115-aniversario-de-la-revolucion-mexicana\\\/#primaryimage\",\"url\":\"https:\\\/\\\/periodicorealidades.com\\\/wp-content\\\/uploads\\\/2025\\\/11\\\/image-288.png\",\"contentUrl\":\"https:\\\/\\\/periodicorealidades.com\\\/wp-content\\\/uploads\\\/2025\\\/11\\\/image-288.png\",\"width\":1200,\"height\":800},{\"@type\":\"BreadcrumbList\",\"@id\":\"https:\\\/\\\/periodicorealidades.com\\\/index.php\\\/2025\\\/11\\\/20\\\/hoy-el-poder-ya-no-se-usa-para-someter-sheinbaum-en-el-115-aniversario-de-la-revolucion-mexicana\\\/#breadcrumb\",\"itemListElement\":[{\"@type\":\"ListItem\",\"position\":1,\"name\":\"Inicio\",\"item\":\"https:\\\/\\\/periodicorealidades.com\\\/\"},{\"@type\":\"ListItem\",\"position\":2,\"name\":\"\u201cHoy el poder ya no se usa para someter\u201d: Sheinbaum en el 115 Aniversario de la Revoluci\u00f3n Mexicana\"}]},{\"@type\":\"WebSite\",\"@id\":\"https:\\\/\\\/periodicorealidades.com\\\/#website\",\"url\":\"https:\\\/\\\/periodicorealidades.com\\\/\",\"name\":\"Peri\u00f3dico Realidades\",\"description\":\"M\u00e9dio de comunicaci\u00f3n en Nayarit\",\"publisher\":{\"@id\":\"https:\\\/\\\/periodicorealidades.com\\\/#organization\"},\"potentialAction\":[{\"@type\":\"SearchAction\",\"target\":{\"@type\":\"EntryPoint\",\"urlTemplate\":\"https:\\\/\\\/periodicorealidades.com\\\/?s={search_term_string}\"},\"query-input\":{\"@type\":\"PropertyValueSpecification\",\"valueRequired\":true,\"valueName\":\"search_term_string\"}}],\"inLanguage\":\"es\"},{\"@type\":\"Organization\",\"@id\":\"https:\\\/\\\/periodicorealidades.com\\\/#organization\",\"name\":\"Peri\u00f3dico Realidades\",\"url\":\"https:\\\/\\\/periodicorealidades.com\\\/\",\"logo\":{\"@type\":\"ImageObject\",\"inLanguage\":\"es\",\"@id\":\"https:\\\/\\\/periodicorealidades.com\\\/#\\\/schema\\\/logo\\\/image\\\/\",\"url\":\"https:\\\/\\\/periodicorealidades.com\\\/wp-content\\\/uploads\\\/2023\\\/05\\\/r-prueba.png\",\"contentUrl\":\"https:\\\/\\\/periodicorealidades.com\\\/wp-content\\\/uploads\\\/2023\\\/05\\\/r-prueba.png\",\"width\":709,\"height\":709,\"caption\":\"Peri\u00f3dico Realidades\"},\"image\":{\"@id\":\"https:\\\/\\\/periodicorealidades.com\\\/#\\\/schema\\\/logo\\\/image\\\/\"},\"sameAs\":[\"https:\\\/\\\/www.facebook.com\\\/periodicorealidades.denayarit?mibextid=LQQJ4d\"]},{\"@type\":\"Person\",\"@id\":\"https:\\\/\\\/periodicorealidades.com\\\/#\\\/schema\\\/person\\\/ed60e33c6767be45db655d22ad0c15c4\",\"name\":\"Arcelia\",\"image\":{\"@type\":\"ImageObject\",\"inLanguage\":\"es\",\"@id\":\"https:\\\/\\\/secure.gravatar.com\\\/avatar\\\/36cdbbe591db4ecc4985aac5ab27b8093cf6488d3b664974f0cda2e38368b10d?s=96&d=mm&r=g\",\"url\":\"https:\\\/\\\/secure.gravatar.com\\\/avatar\\\/36cdbbe591db4ecc4985aac5ab27b8093cf6488d3b664974f0cda2e38368b10d?s=96&d=mm&r=g\",\"contentUrl\":\"https:\\\/\\\/secure.gravatar.com\\\/avatar\\\/36cdbbe591db4ecc4985aac5ab27b8093cf6488d3b664974f0cda2e38368b10d?s=96&d=mm&r=g\",\"caption\":\"Arcelia\"},\"url\":\"https:\\\/\\\/periodicorealidades.com\\\/index.php\\\/author\\\/editor-2\\\/\"}]}<\/script>\n<!-- \/ Yoast SEO plugin. -->","yoast_head_json":{"title":"\u201cHoy el poder ya no se usa para someter\u201d: Sheinbaum en el 115 Aniversario de la Revoluci\u00f3n Mexicana - Peri\u00f3dico Realidades","robots":{"index":"index","follow":"follow","max-snippet":"max-snippet:-1","max-image-preview":"max-image-preview:large","max-video-preview":"max-video-preview:-1"},"canonical":"https:\/\/periodicorealidades.com\/index.php\/2025\/11\/20\/hoy-el-poder-ya-no-se-usa-para-someter-sheinbaum-en-el-115-aniversario-de-la-revolucion-mexicana\/","og_locale":"es_MX","og_type":"article","og_title":"\u201cHoy el poder ya no se usa para someter\u201d: Sheinbaum en el 115 Aniversario de la Revoluci\u00f3n Mexicana - Peri\u00f3dico Realidades","og_description":"La presidenta de M\u00e9xico, Claudia Sheinbaum Pardo, encabez\u00f3 este mi\u00e9rcoles la ceremonia conmemorativa por el 115 Aniversario del inicio de la Revoluci\u00f3n Mexicana, realizada en el Z\u00f3calo capitalino, donde afirm\u00f3 que en el pa\u00eds \u201cel poder ya no se usa para someter, sino para servir\u201d. En su mensaje previo al tradicional Desfile C\u00edvico-Militar, la mandataria [&hellip;]","og_url":"https:\/\/periodicorealidades.com\/index.php\/2025\/11\/20\/hoy-el-poder-ya-no-se-usa-para-someter-sheinbaum-en-el-115-aniversario-de-la-revolucion-mexicana\/","og_site_name":"Peri\u00f3dico Realidades","article_publisher":"https:\/\/www.facebook.com\/periodicorealidades.denayarit?mibextid=LQQJ4d","article_published_time":"2025-11-20T21:36:09+00:00","og_image":[{"width":1200,"height":800,"url":"https:\/\/periodicorealidades.com\/wp-content\/uploads\/2025\/11\/image-288.png","type":"image\/png"}],"author":"Arcelia","twitter_card":"summary_large_image","twitter_misc":{"Escrito por":"Arcelia","Tiempo de lectura":"3 minutos"},"schema":{"@context":"https:\/\/schema.org","@graph":[{"@type":"Article","@id":"https:\/\/periodicorealidades.com\/index.php\/2025\/11\/20\/hoy-el-poder-ya-no-se-usa-para-someter-sheinbaum-en-el-115-aniversario-de-la-revolucion-mexicana\/#article","isPartOf":{"@id":"https:\/\/periodicorealidades.com\/index.php\/2025\/11\/20\/hoy-el-poder-ya-no-se-usa-para-someter-sheinbaum-en-el-115-aniversario-de-la-revolucion-mexicana\/"},"author":{"name":"Arcelia","@id":"https:\/\/periodicorealidades.com\/#\/schema\/person\/ed60e33c6767be45db655d22ad0c15c4"},"headline":"\u201cHoy el poder ya no se usa para someter\u201d: Sheinbaum en el 115 Aniversario de la Revoluci\u00f3n Mexicana","datePublished":"2025-11-20T21:36:09+00:00","mainEntityOfPage":{"@id":"https:\/\/periodicorealidades.com\/index.php\/2025\/11\/20\/hoy-el-poder-ya-no-se-usa-para-someter-sheinbaum-en-el-115-aniversario-de-la-revolucion-mexicana\/"},"wordCount":450,"publisher":{"@id":"https:\/\/periodicorealidades.com\/#organization"},"image":{"@id":"https:\/\/periodicorealidades.com\/index.php\/2025\/11\/20\/hoy-el-poder-ya-no-se-usa-para-someter-sheinbaum-en-el-115-aniversario-de-la-revolucion-mexicana\/#primaryimage"},"thumbnailUrl":"https:\/\/periodicorealidades.com\/wp-content\/uploads\/2025\/11\/image-288.png","articleSection":["Nacional"],"inLanguage":"es"},{"@type":"WebPage","@id":"https:\/\/periodicorealidades.com\/index.php\/2025\/11\/20\/hoy-el-poder-ya-no-se-usa-para-someter-sheinbaum-en-el-115-aniversario-de-la-revolucion-mexicana\/","url":"https:\/\/periodicorealidades.com\/index.php\/2025\/11\/20\/hoy-el-poder-ya-no-se-usa-para-someter-sheinbaum-en-el-115-aniversario-de-la-revolucion-mexicana\/","name":"\u201cHoy el poder ya no se usa para someter\u201d: Sheinbaum en el 115 Aniversario de la Revoluci\u00f3n Mexicana - Peri\u00f3dico Realidades","isPartOf":{"@id":"https:\/\/periodicorealidades.com\/#website"},"primaryImageOfPage":{"@id":"https:\/\/periodicorealidades.com\/index.php\/2025\/11\/20\/hoy-el-poder-ya-no-se-usa-para-someter-sheinbaum-en-el-115-aniversario-de-la-revolucion-mexicana\/#primaryimage"},"image":{"@id":"https:\/\/periodicorealidades.com\/index.php\/2025\/11\/20\/hoy-el-poder-ya-no-se-usa-para-someter-sheinbaum-en-el-115-aniversario-de-la-revolucion-mexicana\/#primaryimage"},"thumbnailUrl":"https:\/\/periodicorealidades.com\/wp-content\/uploads\/2025\/11\/image-288.png","datePublished":"2025-11-20T21:36:09+00:00","breadcrumb":{"@id":"https:\/\/periodicorealidades.com\/index.php\/2025\/11\/20\/hoy-el-poder-ya-no-se-usa-para-someter-sheinbaum-en-el-115-aniversario-de-la-revolucion-mexicana\/#breadcrumb"},"inLanguage":"es","potentialAction":[{"@type":"ReadAction","target":["https:\/\/periodicorealidades.com\/index.php\/2025\/11\/20\/hoy-el-poder-ya-no-se-usa-para-someter-sheinbaum-en-el-115-aniversario-de-la-revolucion-mexicana\/"]}]},{"@type":"ImageObject","inLanguage":"es","@id":"https:\/\/periodicorealidades.com\/index.php\/2025\/11\/20\/hoy-el-poder-ya-no-se-usa-para-someter-sheinbaum-en-el-115-aniversario-de-la-revolucion-mexicana\/#primaryimage","url":"https:\/\/periodicorealidades.com\/wp-content\/uploads\/2025\/11\/image-288.png","contentUrl":"https:\/\/periodicorealidades.com\/wp-content\/uploads\/2025\/11\/image-288.png","width":1200,"height":800},{"@type":"BreadcrumbList","@id":"https:\/\/periodicorealidades.com\/index.php\/2025\/11\/20\/hoy-el-poder-ya-no-se-usa-para-someter-sheinbaum-en-el-115-aniversario-de-la-revolucion-mexicana\/#breadcrumb","itemListElement":[{"@type":"ListItem","position":1,"name":"Inicio","item":"https:\/\/periodicorealidades.com\/"},{"@type":"ListItem","position":2,"name":"\u201cHoy el poder ya no se usa para someter\u201d: Sheinbaum en el 115 Aniversario de la Revoluci\u00f3n Mexicana"}]},{"@type":"WebSite","@id":"https:\/\/periodicorealidades.com\/#website","url":"https:\/\/periodicorealidades.com\/","name":"Peri\u00f3dico Realidades","description":"M\u00e9dio de comunicaci\u00f3n en Nayarit","publisher":{"@id":"https:\/\/periodicorealidades.com\/#organization"},"potentialAction":[{"@type":"SearchAction","target":{"@type":"EntryPoint","urlTemplate":"https:\/\/periodicorealidades.com\/?s={search_term_string}"},"query-input":{"@type":"PropertyValueSpecification","valueRequired":true,"valueName":"search_term_string"}}],"inLanguage":"es"},{"@type":"Organization","@id":"https:\/\/periodicorealidades.com\/#organization","name":"Peri\u00f3dico Realidades","url":"https:\/\/periodicorealidades.com\/","logo":{"@type":"ImageObject","inLanguage":"es","@id":"https:\/\/periodicorealidades.com\/#\/schema\/logo\/image\/","url":"https:\/\/periodicorealidades.com\/wp-content\/uploads\/2023\/05\/r-prueba.png","contentUrl":"https:\/\/periodicorealidades.com\/wp-content\/uploads\/2023\/05\/r-prueba.png","width":709,"height":709,"caption":"Peri\u00f3dico Realidades"},"image":{"@id":"https:\/\/periodicorealidades.com\/#\/schema\/logo\/image\/"},"sameAs":["https:\/\/www.facebook.com\/periodicorealidades.denayarit?mibextid=LQQJ4d"]},{"@type":"Person","@id":"https:\/\/periodicorealidades.com\/#\/schema\/person\/ed60e33c6767be45db655d22ad0c15c4","name":"Arcelia","image":{"@type":"ImageObject","inLanguage":"es","@id":"https:\/\/secure.gravatar.com\/avatar\/36cdbbe591db4ecc4985aac5ab27b8093cf6488d3b664974f0cda2e38368b10d?s=96&d=mm&r=g","url":"https:\/\/secure.gravatar.com\/avatar\/36cdbbe591db4ecc4985aac5ab27b8093cf6488d3b664974f0cda2e38368b10d?s=96&d=mm&r=g","contentUrl":"https:\/\/secure.gravatar.com\/avatar\/36cdbbe591db4ecc4985aac5ab27b8093cf6488d3b664974f0cda2e38368b10d?s=96&d=mm&r=g","caption":"Arcelia"},"url":"https:\/\/periodicorealidades.com\/index.php\/author\/editor-2\/"}]}},"_links":{"self":[{"href":"https:\/\/periodicorealidades.com\/index.php\/wp-json\/wp\/v2\/posts\/58106","targetHints":{"allow":["GET"]}}],"collection":[{"href":"https:\/\/periodicorealidades.com\/index.php\/wp-json\/wp\/v2\/posts"}],"about":[{"href":"https:\/\/periodicorealidades.com\/index.php\/wp-json\/wp\/v2\/types\/post"}],"author":[{"embeddable":true,"href":"https:\/\/periodicorealidades.com\/index.php\/wp-json\/wp\/v2\/users\/4"}],"replies":[{"embeddable":true,"href":"https:\/\/periodicorealidades.com\/index.php\/wp-json\/wp\/v2\/comments?post=58106"}],"version-history":[{"count":0,"href":"https:\/\/periodicorealidades.com\/index.php\/wp-json\/wp\/v2\/posts\/58106\/revisions"}],"wp:featuredmedia":[{"embeddable":true,"href":"https:\/\/periodicorealidades.com\/index.php\/wp-json\/wp\/v2\/media\/58109"}],"wp:attachment":[{"href":"https:\/\/periodicorealidades.com\/index.php\/wp-json\/wp\/v2\/media?parent=58106"}],"wp:term":[{"taxonomy":"category","embeddable":true,"href":"https:\/\/periodicorealidades.com\/index.php\/wp-json\/wp\/v2\/categories?post=58106"},{"taxonomy":"post_tag","embeddable":true,"href":"https:\/\/periodicorealidades.com\/index.php\/wp-json\/wp\/v2\/tags?post=58106"}],"curies":[{"name":"wp","href":"https:\/\/api.w.org\/{rel}","templated":true}]}}