{"id":58137,"date":"2025-11-20T22:42:05","date_gmt":"2025-11-21T05:42:05","guid":{"rendered":"https:\/\/periodicorealidades.com\/?p=58137"},"modified":"2025-11-20T22:42:06","modified_gmt":"2025-11-21T05:42:06","slug":"usureros-explotan-a-los-campesinos-nayaritas","status":"publish","type":"post","link":"https:\/\/periodicorealidades.com\/index.php\/2025\/11\/20\/usureros-explotan-a-los-campesinos-nayaritas\/","title":{"rendered":"Usureros explotan a los campesinos Nayaritas"},"content":{"rendered":"\n<p class=\"wp-block-paragraph\">Sus pocas ganancias se van en pagar altos intereses que les cobran las cajas solidarias, los campesinos optan por rentar sus tierras a inversionistas de los estados de Jalisco, de Guanajuato y de Michoac\u00e1n, entre otros para la siembra de hortalizas y j\u00edcama<\/p>\n\n\n\n<p class=\"wp-block-paragraph\">Por: Arcelia Ortega<\/p>\n\n\n\n<p class=\"wp-block-paragraph\">Tepic, Nayarit; viernes, 21 de noviembre del 2025.- Las cajas solidarias \u201chacen su agosto\u201d con los productores del campo cobr\u00e1ndoles altos intereses. Hay quienes tienen hijos en Estados Unidos y les env\u00edan recursos para la siembra, pero quienes no, tienen que recurrir a los agiotistas que los \u201cahorcan\u201d.<\/p>\n\n\n\n<p class=\"wp-block-paragraph\">El dirigente en Nayarit de la Central Independiente de Obreros Agr\u00edcolas y Campesinos (CIOAC), Pablo Galv\u00e1n Ayala, declar\u00f3 que es lamentable que no existan cr\u00e9ditos para el campo y las Cajas Solidarias cobren alt\u00edsimos intereses.<\/p>\n\n\n\n<p class=\"wp-block-paragraph\">\u201cLo que pasa, la complicaci\u00f3n, es de que, no hay recursos, no hay cr\u00e9ditos oportunos, no hay cr\u00e9ditos de ninguna \u00edndole. El \u00fanico cr\u00e9dito que puedes obtener, es el de las Cajas Solidarias, pero est\u00e1 muy dif\u00edcil ah\u00ed, est\u00e1 muy fuerte el inter\u00e9s\u201d, asegur\u00f3.<\/p>\n\n\n\n<p class=\"wp-block-paragraph\">Galv\u00e1n Ayala menciona que los productores como pueden consiguen semilla y di\u00e9sel, pero cada vez les es m\u00e1s dif\u00edcil adquirir estos insumos tan necesarios para su siembra.<\/p>\n\n\n\n<p class=\"wp-block-paragraph\">Aunque reconoci\u00f3 que el gobierno s\u00ed apoy\u00f3 a los campesinos con semilla de fr\u00edjol, s\u00f3lo que no fue suficiente porque en la realidad se requiere m\u00e1s de este grano para este ciclo productivo oto\u00f1o-invierno 2025-2026, en el que se estima sembrar unas 40 mil hect\u00e1reas.<\/p>\n\n\n\n<p class=\"wp-block-paragraph\">El a\u00f1o pasado se sembraron 60 mil, pero este a\u00f1o, preciso el l\u00edder campesino, ser\u00e1n 20 mil menos ante la falta de recursos que oblig\u00f3 a muchos productores a rentar sus tierras para el cultivo de j\u00edcama y hortalizas como el pepino de exportaci\u00f3n.<\/p>\n\n\n\n<p class=\"wp-block-paragraph\">De hecho, se\u00f1al\u00f3, las expectativas de que Nayarit sea un referente nacional y se convierta en una entidad productora de granos, no se cumplir\u00e1, dijo.<\/p>\n\n\n\n<p class=\"wp-block-paragraph\">Manifest\u00f3 que se esperaba que construcci\u00f3n del Canal Centenario, los productores no rentar\u00e1n sus tierras o las vendieran, pero no ha sucedido as\u00ed, se ven obligados a rentarlas para subsistir.<\/p>\n\n\n\n<p class=\"wp-block-paragraph\">Galv\u00e1n Ayala asegur\u00f3 que, si se dan una vuelta por el municipio de Santiago Ixcuintla, se podr\u00e1 constatar que miles de hect\u00e1reas est\u00e1n sembradas de j\u00edcama y hortalizas.<\/p>\n\n\n\n<p class=\"wp-block-paragraph\">Las tierras se rentaron a inversionistas for\u00e1neos de los estados de Jalisco, de Guanajuato y de Michoac\u00e1n, entre otros.<\/p>\n\n\n\n<p class=\"wp-block-paragraph\">Galv\u00e1n Ayala lament\u00f3 que haya desaparecido la Financiera Rural, una instituci\u00f3n que le otorgaba cr\u00e9ditos a los campesinos y c\u00f3mo se extingui\u00f3 esta banca de desarrollo, ahora son las Cajas Solidarias las que hacen su \u201cagosto\u201d.<\/p>\n\n\n\n<p class=\"wp-block-paragraph\">Finalmente, admiti\u00f3 que a nivel nacional las organizaciones campesinas empujan ante el gobierno federal que, para el pr\u00f3ximo a\u00f1o con el nuevo ejercicio fiscal, se impulse el proyecto de Soberan\u00eda Alimentaria, se cree una banca de desarrollo y se logre que la producci\u00f3n de granos salga del Tratado de Libre Comercio.<\/p>\n","protected":false},"excerpt":{"rendered":"<p>Sus pocas ganancias se van en pagar altos intereses que les cobran las cajas solidarias, los campesinos optan por rentar sus tierras a inversionistas de los estados de Jalisco, de Guanajuato y de Michoac\u00e1n, entre otros para la siembra de hortalizas y j\u00edcama Por: Arcelia Ortega Tepic, Nayarit; viernes, 21 de noviembre del 2025.- Las [&hellip;]<\/p>\n","protected":false},"author":2,"featured_media":58138,"comment_status":"closed","ping_status":"open","sticky":false,"template":"","format":"standard","meta":{"footnotes":""},"categories":[8,4],"tags":[],"class_list":["post-58137","post","type-post","status-publish","format-standard","has-post-thumbnail","category-municipios","category-principal"],"yoast_head":"<!-- This site is optimized with the Yoast SEO plugin v28.3 - https:\/\/yoast.com\/product\/yoast-seo-wordpress\/ -->\n<title>Usureros explotan a los campesinos Nayaritas - Peri\u00f3dico Realidades<\/title>\n<meta name=\"robots\" content=\"index, follow, max-snippet:-1, max-image-preview:large, max-video-preview:-1\" \/>\n<link rel=\"canonical\" href=\"https:\/\/periodicorealidades.com\/index.php\/2025\/11\/20\/usureros-explotan-a-los-campesinos-nayaritas\/\" \/>\n<meta property=\"og:locale\" content=\"es_MX\" \/>\n<meta property=\"og:type\" content=\"article\" \/>\n<meta property=\"og:title\" content=\"Usureros explotan a los campesinos Nayaritas - Peri\u00f3dico Realidades\" \/>\n<meta property=\"og:description\" content=\"Sus pocas ganancias se van en pagar altos intereses que les cobran las cajas solidarias, los campesinos optan por rentar sus tierras a inversionistas de los estados de Jalisco, de Guanajuato y de Michoac\u00e1n, entre otros para la siembra de hortalizas y j\u00edcama Por: Arcelia Ortega Tepic, Nayarit; viernes, 21 de noviembre del 2025.- Las [&hellip;]\" \/>\n<meta property=\"og:url\" content=\"https:\/\/periodicorealidades.com\/index.php\/2025\/11\/20\/usureros-explotan-a-los-campesinos-nayaritas\/\" \/>\n<meta property=\"og:site_name\" content=\"Peri\u00f3dico Realidades\" \/>\n<meta property=\"article:publisher\" content=\"https:\/\/www.facebook.com\/periodicorealidades.denayarit?mibextid=LQQJ4d\" \/>\n<meta property=\"article:published_time\" content=\"2025-11-21T05:42:05+00:00\" \/>\n<meta property=\"article:modified_time\" content=\"2025-11-21T05:42:06+00:00\" \/>\n<meta property=\"og:image\" content=\"https:\/\/periodicorealidades.com\/wp-content\/uploads\/2025\/11\/Pablo-Galvan-Ayala-subsecretario-de-Desarrollo-Rural-de-Nayarit.jpg\" \/>\n\t<meta property=\"og:image:width\" content=\"439\" \/>\n\t<meta property=\"og:image:height\" content=\"439\" \/>\n\t<meta property=\"og:image:type\" content=\"image\/jpeg\" \/>\n<meta name=\"author\" content=\"editor\" \/>\n<meta name=\"twitter:card\" content=\"summary_large_image\" \/>\n<meta name=\"twitter:label1\" content=\"Escrito por\" \/>\n\t<meta name=\"twitter:data1\" content=\"editor\" \/>\n\t<meta name=\"twitter:label2\" content=\"Tiempo de lectura\" \/>\n\t<meta name=\"twitter:data2\" content=\"3 minutos\" \/>\n<script type=\"application\/ld+json\" class=\"yoast-schema-graph\">{\"@context\":\"https:\\\/\\\/schema.org\",\"@graph\":[{\"@type\":\"Article\",\"@id\":\"https:\\\/\\\/periodicorealidades.com\\\/index.php\\\/2025\\\/11\\\/20\\\/usureros-explotan-a-los-campesinos-nayaritas\\\/#article\",\"isPartOf\":{\"@id\":\"https:\\\/\\\/periodicorealidades.com\\\/index.php\\\/2025\\\/11\\\/20\\\/usureros-explotan-a-los-campesinos-nayaritas\\\/\"},\"author\":{\"name\":\"editor\",\"@id\":\"https:\\\/\\\/periodicorealidades.com\\\/#\\\/schema\\\/person\\\/c27da34ee13acaec3162071a3e1c7832\"},\"headline\":\"Usureros explotan a los campesinos Nayaritas\",\"datePublished\":\"2025-11-21T05:42:05+00:00\",\"dateModified\":\"2025-11-21T05:42:06+00:00\",\"mainEntityOfPage\":{\"@id\":\"https:\\\/\\\/periodicorealidades.com\\\/index.php\\\/2025\\\/11\\\/20\\\/usureros-explotan-a-los-campesinos-nayaritas\\\/\"},\"wordCount\":526,\"publisher\":{\"@id\":\"https:\\\/\\\/periodicorealidades.com\\\/#organization\"},\"image\":{\"@id\":\"https:\\\/\\\/periodicorealidades.com\\\/index.php\\\/2025\\\/11\\\/20\\\/usureros-explotan-a-los-campesinos-nayaritas\\\/#primaryimage\"},\"thumbnailUrl\":\"https:\\\/\\\/periodicorealidades.com\\\/wp-content\\\/uploads\\\/2025\\\/11\\\/Pablo-Galvan-Ayala-subsecretario-de-Desarrollo-Rural-de-Nayarit.jpg\",\"articleSection\":[\"Municipios\",\"Principal\"],\"inLanguage\":\"es\"},{\"@type\":\"WebPage\",\"@id\":\"https:\\\/\\\/periodicorealidades.com\\\/index.php\\\/2025\\\/11\\\/20\\\/usureros-explotan-a-los-campesinos-nayaritas\\\/\",\"url\":\"https:\\\/\\\/periodicorealidades.com\\\/index.php\\\/2025\\\/11\\\/20\\\/usureros-explotan-a-los-campesinos-nayaritas\\\/\",\"name\":\"Usureros explotan a los campesinos Nayaritas - Peri\u00f3dico Realidades\",\"isPartOf\":{\"@id\":\"https:\\\/\\\/periodicorealidades.com\\\/#website\"},\"primaryImageOfPage\":{\"@id\":\"https:\\\/\\\/periodicorealidades.com\\\/index.php\\\/2025\\\/11\\\/20\\\/usureros-explotan-a-los-campesinos-nayaritas\\\/#primaryimage\"},\"image\":{\"@id\":\"https:\\\/\\\/periodicorealidades.com\\\/index.php\\\/2025\\\/11\\\/20\\\/usureros-explotan-a-los-campesinos-nayaritas\\\/#primaryimage\"},\"thumbnailUrl\":\"https:\\\/\\\/periodicorealidades.com\\\/wp-content\\\/uploads\\\/2025\\\/11\\\/Pablo-Galvan-Ayala-subsecretario-de-Desarrollo-Rural-de-Nayarit.jpg\",\"datePublished\":\"2025-11-21T05:42:05+00:00\",\"dateModified\":\"2025-11-21T05:42:06+00:00\",\"breadcrumb\":{\"@id\":\"https:\\\/\\\/periodicorealidades.com\\\/index.php\\\/2025\\\/11\\\/20\\\/usureros-explotan-a-los-campesinos-nayaritas\\\/#breadcrumb\"},\"inLanguage\":\"es\",\"potentialAction\":[{\"@type\":\"ReadAction\",\"target\":[\"https:\\\/\\\/periodicorealidades.com\\\/index.php\\\/2025\\\/11\\\/20\\\/usureros-explotan-a-los-campesinos-nayaritas\\\/\"]}]},{\"@type\":\"ImageObject\",\"inLanguage\":\"es\",\"@id\":\"https:\\\/\\\/periodicorealidades.com\\\/index.php\\\/2025\\\/11\\\/20\\\/usureros-explotan-a-los-campesinos-nayaritas\\\/#primaryimage\",\"url\":\"https:\\\/\\\/periodicorealidades.com\\\/wp-content\\\/uploads\\\/2025\\\/11\\\/Pablo-Galvan-Ayala-subsecretario-de-Desarrollo-Rural-de-Nayarit.jpg\",\"contentUrl\":\"https:\\\/\\\/periodicorealidades.com\\\/wp-content\\\/uploads\\\/2025\\\/11\\\/Pablo-Galvan-Ayala-subsecretario-de-Desarrollo-Rural-de-Nayarit.jpg\",\"width\":439,\"height\":439},{\"@type\":\"BreadcrumbList\",\"@id\":\"https:\\\/\\\/periodicorealidades.com\\\/index.php\\\/2025\\\/11\\\/20\\\/usureros-explotan-a-los-campesinos-nayaritas\\\/#breadcrumb\",\"itemListElement\":[{\"@type\":\"ListItem\",\"position\":1,\"name\":\"Inicio\",\"item\":\"https:\\\/\\\/periodicorealidades.com\\\/\"},{\"@type\":\"ListItem\",\"position\":2,\"name\":\"Usureros explotan a los campesinos Nayaritas\"}]},{\"@type\":\"WebSite\",\"@id\":\"https:\\\/\\\/periodicorealidades.com\\\/#website\",\"url\":\"https:\\\/\\\/periodicorealidades.com\\\/\",\"name\":\"Peri\u00f3dico Realidades\",\"description\":\"M\u00e9dio de comunicaci\u00f3n en Nayarit\",\"publisher\":{\"@id\":\"https:\\\/\\\/periodicorealidades.com\\\/#organization\"},\"potentialAction\":[{\"@type\":\"SearchAction\",\"target\":{\"@type\":\"EntryPoint\",\"urlTemplate\":\"https:\\\/\\\/periodicorealidades.com\\\/?s={search_term_string}\"},\"query-input\":{\"@type\":\"PropertyValueSpecification\",\"valueRequired\":true,\"valueName\":\"search_term_string\"}}],\"inLanguage\":\"es\"},{\"@type\":\"Organization\",\"@id\":\"https:\\\/\\\/periodicorealidades.com\\\/#organization\",\"name\":\"Peri\u00f3dico Realidades\",\"url\":\"https:\\\/\\\/periodicorealidades.com\\\/\",\"logo\":{\"@type\":\"ImageObject\",\"inLanguage\":\"es\",\"@id\":\"https:\\\/\\\/periodicorealidades.com\\\/#\\\/schema\\\/logo\\\/image\\\/\",\"url\":\"https:\\\/\\\/periodicorealidades.com\\\/wp-content\\\/uploads\\\/2023\\\/05\\\/r-prueba.png\",\"contentUrl\":\"https:\\\/\\\/periodicorealidades.com\\\/wp-content\\\/uploads\\\/2023\\\/05\\\/r-prueba.png\",\"width\":709,\"height\":709,\"caption\":\"Peri\u00f3dico Realidades\"},\"image\":{\"@id\":\"https:\\\/\\\/periodicorealidades.com\\\/#\\\/schema\\\/logo\\\/image\\\/\"},\"sameAs\":[\"https:\\\/\\\/www.facebook.com\\\/periodicorealidades.denayarit?mibextid=LQQJ4d\"]},{\"@type\":\"Person\",\"@id\":\"https:\\\/\\\/periodicorealidades.com\\\/#\\\/schema\\\/person\\\/c27da34ee13acaec3162071a3e1c7832\",\"name\":\"editor\",\"image\":{\"@type\":\"ImageObject\",\"inLanguage\":\"es\",\"@id\":\"https:\\\/\\\/secure.gravatar.com\\\/avatar\\\/dda3c3f59ea25f4b53cd53df977b0b2628039b17268e57c944a79a00e8a56e26?s=96&d=mm&r=g\",\"url\":\"https:\\\/\\\/secure.gravatar.com\\\/avatar\\\/dda3c3f59ea25f4b53cd53df977b0b2628039b17268e57c944a79a00e8a56e26?s=96&d=mm&r=g\",\"contentUrl\":\"https:\\\/\\\/secure.gravatar.com\\\/avatar\\\/dda3c3f59ea25f4b53cd53df977b0b2628039b17268e57c944a79a00e8a56e26?s=96&d=mm&r=g\",\"caption\":\"editor\"},\"url\":\"https:\\\/\\\/periodicorealidades.com\\\/index.php\\\/author\\\/editor\\\/\"}]}<\/script>\n<!-- \/ Yoast SEO plugin. -->","yoast_head_json":{"title":"Usureros explotan a los campesinos Nayaritas - Peri\u00f3dico Realidades","robots":{"index":"index","follow":"follow","max-snippet":"max-snippet:-1","max-image-preview":"max-image-preview:large","max-video-preview":"max-video-preview:-1"},"canonical":"https:\/\/periodicorealidades.com\/index.php\/2025\/11\/20\/usureros-explotan-a-los-campesinos-nayaritas\/","og_locale":"es_MX","og_type":"article","og_title":"Usureros explotan a los campesinos Nayaritas - Peri\u00f3dico Realidades","og_description":"Sus pocas ganancias se van en pagar altos intereses que les cobran las cajas solidarias, los campesinos optan por rentar sus tierras a inversionistas de los estados de Jalisco, de Guanajuato y de Michoac\u00e1n, entre otros para la siembra de hortalizas y j\u00edcama Por: Arcelia Ortega Tepic, Nayarit; viernes, 21 de noviembre del 2025.- Las [&hellip;]","og_url":"https:\/\/periodicorealidades.com\/index.php\/2025\/11\/20\/usureros-explotan-a-los-campesinos-nayaritas\/","og_site_name":"Peri\u00f3dico Realidades","article_publisher":"https:\/\/www.facebook.com\/periodicorealidades.denayarit?mibextid=LQQJ4d","article_published_time":"2025-11-21T05:42:05+00:00","article_modified_time":"2025-11-21T05:42:06+00:00","og_image":[{"width":439,"height":439,"url":"https:\/\/periodicorealidades.com\/wp-content\/uploads\/2025\/11\/Pablo-Galvan-Ayala-subsecretario-de-Desarrollo-Rural-de-Nayarit.jpg","type":"image\/jpeg"}],"author":"editor","twitter_card":"summary_large_image","twitter_misc":{"Escrito por":"editor","Tiempo de lectura":"3 minutos"},"schema":{"@context":"https:\/\/schema.org","@graph":[{"@type":"Article","@id":"https:\/\/periodicorealidades.com\/index.php\/2025\/11\/20\/usureros-explotan-a-los-campesinos-nayaritas\/#article","isPartOf":{"@id":"https:\/\/periodicorealidades.com\/index.php\/2025\/11\/20\/usureros-explotan-a-los-campesinos-nayaritas\/"},"author":{"name":"editor","@id":"https:\/\/periodicorealidades.com\/#\/schema\/person\/c27da34ee13acaec3162071a3e1c7832"},"headline":"Usureros explotan a los campesinos Nayaritas","datePublished":"2025-11-21T05:42:05+00:00","dateModified":"2025-11-21T05:42:06+00:00","mainEntityOfPage":{"@id":"https:\/\/periodicorealidades.com\/index.php\/2025\/11\/20\/usureros-explotan-a-los-campesinos-nayaritas\/"},"wordCount":526,"publisher":{"@id":"https:\/\/periodicorealidades.com\/#organization"},"image":{"@id":"https:\/\/periodicorealidades.com\/index.php\/2025\/11\/20\/usureros-explotan-a-los-campesinos-nayaritas\/#primaryimage"},"thumbnailUrl":"https:\/\/periodicorealidades.com\/wp-content\/uploads\/2025\/11\/Pablo-Galvan-Ayala-subsecretario-de-Desarrollo-Rural-de-Nayarit.jpg","articleSection":["Municipios","Principal"],"inLanguage":"es"},{"@type":"WebPage","@id":"https:\/\/periodicorealidades.com\/index.php\/2025\/11\/20\/usureros-explotan-a-los-campesinos-nayaritas\/","url":"https:\/\/periodicorealidades.com\/index.php\/2025\/11\/20\/usureros-explotan-a-los-campesinos-nayaritas\/","name":"Usureros explotan a los campesinos Nayaritas - Peri\u00f3dico Realidades","isPartOf":{"@id":"https:\/\/periodicorealidades.com\/#website"},"primaryImageOfPage":{"@id":"https:\/\/periodicorealidades.com\/index.php\/2025\/11\/20\/usureros-explotan-a-los-campesinos-nayaritas\/#primaryimage"},"image":{"@id":"https:\/\/periodicorealidades.com\/index.php\/2025\/11\/20\/usureros-explotan-a-los-campesinos-nayaritas\/#primaryimage"},"thumbnailUrl":"https:\/\/periodicorealidades.com\/wp-content\/uploads\/2025\/11\/Pablo-Galvan-Ayala-subsecretario-de-Desarrollo-Rural-de-Nayarit.jpg","datePublished":"2025-11-21T05:42:05+00:00","dateModified":"2025-11-21T05:42:06+00:00","breadcrumb":{"@id":"https:\/\/periodicorealidades.com\/index.php\/2025\/11\/20\/usureros-explotan-a-los-campesinos-nayaritas\/#breadcrumb"},"inLanguage":"es","potentialAction":[{"@type":"ReadAction","target":["https:\/\/periodicorealidades.com\/index.php\/2025\/11\/20\/usureros-explotan-a-los-campesinos-nayaritas\/"]}]},{"@type":"ImageObject","inLanguage":"es","@id":"https:\/\/periodicorealidades.com\/index.php\/2025\/11\/20\/usureros-explotan-a-los-campesinos-nayaritas\/#primaryimage","url":"https:\/\/periodicorealidades.com\/wp-content\/uploads\/2025\/11\/Pablo-Galvan-Ayala-subsecretario-de-Desarrollo-Rural-de-Nayarit.jpg","contentUrl":"https:\/\/periodicorealidades.com\/wp-content\/uploads\/2025\/11\/Pablo-Galvan-Ayala-subsecretario-de-Desarrollo-Rural-de-Nayarit.jpg","width":439,"height":439},{"@type":"BreadcrumbList","@id":"https:\/\/periodicorealidades.com\/index.php\/2025\/11\/20\/usureros-explotan-a-los-campesinos-nayaritas\/#breadcrumb","itemListElement":[{"@type":"ListItem","position":1,"name":"Inicio","item":"https:\/\/periodicorealidades.com\/"},{"@type":"ListItem","position":2,"name":"Usureros explotan a los campesinos Nayaritas"}]},{"@type":"WebSite","@id":"https:\/\/periodicorealidades.com\/#website","url":"https:\/\/periodicorealidades.com\/","name":"Peri\u00f3dico Realidades","description":"M\u00e9dio de comunicaci\u00f3n en Nayarit","publisher":{"@id":"https:\/\/periodicorealidades.com\/#organization"},"potentialAction":[{"@type":"SearchAction","target":{"@type":"EntryPoint","urlTemplate":"https:\/\/periodicorealidades.com\/?s={search_term_string}"},"query-input":{"@type":"PropertyValueSpecification","valueRequired":true,"valueName":"search_term_string"}}],"inLanguage":"es"},{"@type":"Organization","@id":"https:\/\/periodicorealidades.com\/#organization","name":"Peri\u00f3dico Realidades","url":"https:\/\/periodicorealidades.com\/","logo":{"@type":"ImageObject","inLanguage":"es","@id":"https:\/\/periodicorealidades.com\/#\/schema\/logo\/image\/","url":"https:\/\/periodicorealidades.com\/wp-content\/uploads\/2023\/05\/r-prueba.png","contentUrl":"https:\/\/periodicorealidades.com\/wp-content\/uploads\/2023\/05\/r-prueba.png","width":709,"height":709,"caption":"Peri\u00f3dico Realidades"},"image":{"@id":"https:\/\/periodicorealidades.com\/#\/schema\/logo\/image\/"},"sameAs":["https:\/\/www.facebook.com\/periodicorealidades.denayarit?mibextid=LQQJ4d"]},{"@type":"Person","@id":"https:\/\/periodicorealidades.com\/#\/schema\/person\/c27da34ee13acaec3162071a3e1c7832","name":"editor","image":{"@type":"ImageObject","inLanguage":"es","@id":"https:\/\/secure.gravatar.com\/avatar\/dda3c3f59ea25f4b53cd53df977b0b2628039b17268e57c944a79a00e8a56e26?s=96&d=mm&r=g","url":"https:\/\/secure.gravatar.com\/avatar\/dda3c3f59ea25f4b53cd53df977b0b2628039b17268e57c944a79a00e8a56e26?s=96&d=mm&r=g","contentUrl":"https:\/\/secure.gravatar.com\/avatar\/dda3c3f59ea25f4b53cd53df977b0b2628039b17268e57c944a79a00e8a56e26?s=96&d=mm&r=g","caption":"editor"},"url":"https:\/\/periodicorealidades.com\/index.php\/author\/editor\/"}]}},"_links":{"self":[{"href":"https:\/\/periodicorealidades.com\/index.php\/wp-json\/wp\/v2\/posts\/58137","targetHints":{"allow":["GET"]}}],"collection":[{"href":"https:\/\/periodicorealidades.com\/index.php\/wp-json\/wp\/v2\/posts"}],"about":[{"href":"https:\/\/periodicorealidades.com\/index.php\/wp-json\/wp\/v2\/types\/post"}],"author":[{"embeddable":true,"href":"https:\/\/periodicorealidades.com\/index.php\/wp-json\/wp\/v2\/users\/2"}],"replies":[{"embeddable":true,"href":"https:\/\/periodicorealidades.com\/index.php\/wp-json\/wp\/v2\/comments?post=58137"}],"version-history":[{"count":0,"href":"https:\/\/periodicorealidades.com\/index.php\/wp-json\/wp\/v2\/posts\/58137\/revisions"}],"wp:featuredmedia":[{"embeddable":true,"href":"https:\/\/periodicorealidades.com\/index.php\/wp-json\/wp\/v2\/media\/58138"}],"wp:attachment":[{"href":"https:\/\/periodicorealidades.com\/index.php\/wp-json\/wp\/v2\/media?parent=58137"}],"wp:term":[{"taxonomy":"category","embeddable":true,"href":"https:\/\/periodicorealidades.com\/index.php\/wp-json\/wp\/v2\/categories?post=58137"},{"taxonomy":"post_tag","embeddable":true,"href":"https:\/\/periodicorealidades.com\/index.php\/wp-json\/wp\/v2\/tags?post=58137"}],"curies":[{"name":"wp","href":"https:\/\/api.w.org\/{rel}","templated":true}]}}