{"id":58140,"date":"2025-11-20T22:48:43","date_gmt":"2025-11-21T05:48:43","guid":{"rendered":"https:\/\/periodicorealidades.com\/?p=58140"},"modified":"2025-11-20T22:48:44","modified_gmt":"2025-11-21T05:48:44","slug":"manq-reconoce-a-los-mejores-exponentes-del-deporte-nayarita","status":"publish","type":"post","link":"https:\/\/periodicorealidades.com\/index.php\/2025\/11\/20\/manq-reconoce-a-los-mejores-exponentes-del-deporte-nayarita\/","title":{"rendered":"MANQ reconoce a los mejores exponentes del deporte nayarita"},"content":{"rendered":"\n<p class=\"wp-block-paragraph\">Miguel \u00c1ngel Navarro Quintero reconoce a los m\u00e1ximos exponentes del deporte en Nayarit y adem\u00e1s distingue a atletas, entrenadores y promotores que impulsan el talento nayarita con un reconocimiento hist\u00f3rico<\/p>\n\n\n\n<figure class=\"wp-block-image size-full\"><img loading=\"lazy\" decoding=\"async\" width=\"1024\" height=\"683\" src=\"https:\/\/periodicorealidades.com\/wp-content\/uploads\/2025\/11\/PREMIO-ESTATAL-DEL-DEPORTE-20-1.jpeg\" alt=\"\" class=\"wp-image-58142\" srcset=\"https:\/\/periodicorealidades.com\/wp-content\/uploads\/2025\/11\/PREMIO-ESTATAL-DEL-DEPORTE-20-1.jpeg 1024w, https:\/\/periodicorealidades.com\/wp-content\/uploads\/2025\/11\/PREMIO-ESTATAL-DEL-DEPORTE-20-1-300x200.jpeg 300w, https:\/\/periodicorealidades.com\/wp-content\/uploads\/2025\/11\/PREMIO-ESTATAL-DEL-DEPORTE-20-1-768x512.jpeg 768w, https:\/\/periodicorealidades.com\/wp-content\/uploads\/2025\/11\/PREMIO-ESTATAL-DEL-DEPORTE-20-1-696x464.jpeg 696w\" sizes=\"auto, (max-width: 1024px) 100vw, 1024px\" \/><\/figure>\n\n\n\n<p class=\"wp-block-paragraph\">Por: Bolet\u00ecn<\/p>\n\n\n\n<p class=\"wp-block-paragraph\">Tepic, Nayarit; viernes, 21 de noviembre de 2025.\u2013 El gobernador del estado, Miguel \u00c1ngel Navarro Quintero, acompa\u00f1ado de su esposa, la presidenta del Sistema DIF Nayarit, doctora Beatriz Estrada Mart\u00ednez, encabez\u00f3 la entrega del Premio Estatal del Deporte 2025, un reconocimiento que celebra el esfuerzo, la disciplina y trayectoria de las y los atletas que han puesto en alto el nombre de Nayarit, as\u00ed como de quienes trabajan para formar nuevas generaciones en el \u00e1mbito deportivo.<\/p>\n\n\n\n<figure class=\"wp-block-image size-large\"><img loading=\"lazy\" decoding=\"async\" width=\"1024\" height=\"683\" src=\"https:\/\/periodicorealidades.com\/wp-content\/uploads\/2025\/11\/PREMIO-ESTATAL-DEL-DEPORTE-18-1024x683.jpeg\" alt=\"\" class=\"wp-image-58144\" srcset=\"https:\/\/periodicorealidades.com\/wp-content\/uploads\/2025\/11\/PREMIO-ESTATAL-DEL-DEPORTE-18-1024x683.jpeg 1024w, https:\/\/periodicorealidades.com\/wp-content\/uploads\/2025\/11\/PREMIO-ESTATAL-DEL-DEPORTE-18-300x200.jpeg 300w, https:\/\/periodicorealidades.com\/wp-content\/uploads\/2025\/11\/PREMIO-ESTATAL-DEL-DEPORTE-18-768x512.jpeg 768w, https:\/\/periodicorealidades.com\/wp-content\/uploads\/2025\/11\/PREMIO-ESTATAL-DEL-DEPORTE-18-1536x1024.jpeg 1536w, https:\/\/periodicorealidades.com\/wp-content\/uploads\/2025\/11\/PREMIO-ESTATAL-DEL-DEPORTE-18-2048x1365.jpeg 2048w, https:\/\/periodicorealidades.com\/wp-content\/uploads\/2025\/11\/PREMIO-ESTATAL-DEL-DEPORTE-18-696x464.jpeg 696w, https:\/\/periodicorealidades.com\/wp-content\/uploads\/2025\/11\/PREMIO-ESTATAL-DEL-DEPORTE-18-1068x712.jpeg 1068w, https:\/\/periodicorealidades.com\/wp-content\/uploads\/2025\/11\/PREMIO-ESTATAL-DEL-DEPORTE-18-1920x1280.jpeg 1920w\" sizes=\"auto, (max-width: 1024px) 100vw, 1024px\" \/><\/figure>\n\n\n\n<p class=\"wp-block-paragraph\">En su mensaje, el gobernador subray\u00f3 que las y los atletas representan el esfuerzo, la humildad y la determinaci\u00f3n que identifican a Nayarit.<\/p>\n\n\n\n<p class=\"wp-block-paragraph\">\u201cEs el momento de competir todos los nayaritas unidos. Quien sea pesimista que no participe. Quien est\u00e9 derrotado que no participe. Quien cree en Nayarit, quien cree en los nayaritas, bienvenido porque necesitamos el vigor del \u00e1nimo. La conciencia clara, la conciencia totalmente despejada para hacer de Nayarit no solamente el campe\u00f3n nacional, el campe\u00f3n del mundo. Tenemos a los atletas, hombres y mujeres para hacerlo. A los maestros de la misma manera. Cuenten que Beatriz, mi esposa, y su servidor, estaremos hasta el \u00faltimo segundo del gobierno ayud\u00e1ndolos porque tendremos que volver a trav\u00e9s del deporte, volver a reconducir a una juventud que desesperada pide que la apoyemos, pide que la ayudemos y por eso est\u00e1 el deporte. Por eso est\u00e1 la educaci\u00f3n, por eso est\u00e1 el arte, por eso est\u00e1 la cultura, lo seguiremos haciendo.\u201d.<\/p>\n\n\n\n<figure class=\"wp-block-image size-large\"><img loading=\"lazy\" decoding=\"async\" width=\"1024\" height=\"683\" src=\"https:\/\/periodicorealidades.com\/wp-content\/uploads\/2025\/11\/PREMIO-ESTATAL-DEL-DEPORTE-16-1024x683.jpeg\" alt=\"\" class=\"wp-image-58145\" srcset=\"https:\/\/periodicorealidades.com\/wp-content\/uploads\/2025\/11\/PREMIO-ESTATAL-DEL-DEPORTE-16-1024x683.jpeg 1024w, https:\/\/periodicorealidades.com\/wp-content\/uploads\/2025\/11\/PREMIO-ESTATAL-DEL-DEPORTE-16-300x200.jpeg 300w, https:\/\/periodicorealidades.com\/wp-content\/uploads\/2025\/11\/PREMIO-ESTATAL-DEL-DEPORTE-16-768x512.jpeg 768w, https:\/\/periodicorealidades.com\/wp-content\/uploads\/2025\/11\/PREMIO-ESTATAL-DEL-DEPORTE-16-1536x1024.jpeg 1536w, https:\/\/periodicorealidades.com\/wp-content\/uploads\/2025\/11\/PREMIO-ESTATAL-DEL-DEPORTE-16-2048x1365.jpeg 2048w, https:\/\/periodicorealidades.com\/wp-content\/uploads\/2025\/11\/PREMIO-ESTATAL-DEL-DEPORTE-16-696x464.jpeg 696w, https:\/\/periodicorealidades.com\/wp-content\/uploads\/2025\/11\/PREMIO-ESTATAL-DEL-DEPORTE-16-1068x712.jpeg 1068w, https:\/\/periodicorealidades.com\/wp-content\/uploads\/2025\/11\/PREMIO-ESTATAL-DEL-DEPORTE-16-1920x1280.jpeg 1920w\" sizes=\"auto, (max-width: 1024px) 100vw, 1024px\" \/><\/figure>\n\n\n\n<p class=\"wp-block-paragraph\">El mandatario nayarita entreg\u00f3 el Premio Estatal del Deporte 2025 a: Brandon Arael Delgado Castro en Atletismo, Leonardo Nicol\u00e1s Torres Coronado en Levantamiento de Pesas y a Lizbeth Julieta Bizarr\u00f3n Mart\u00ednez en Gimnasia Art\u00edstica. As\u00ed como el reconocimiento a mejor Entrenador en voleibol a: Ignacio Ram\u00edrez Robledo, y el galard\u00f3n en Fomento al Deporte en boxeo, a Alejandra Maricela \u00c1vila Denis. Cada homenajeado recibi\u00f3 un est\u00edmulo econ\u00f3mico y una medalla conmemorativa<\/p>\n\n\n\n<figure class=\"wp-block-image size-full\"><img loading=\"lazy\" decoding=\"async\" width=\"1024\" height=\"683\" src=\"https:\/\/periodicorealidades.com\/wp-content\/uploads\/2025\/11\/PREMIO-ESTATAL-DEL-DEPORTE-15.jpeg\" alt=\"\" class=\"wp-image-58146\" srcset=\"https:\/\/periodicorealidades.com\/wp-content\/uploads\/2025\/11\/PREMIO-ESTATAL-DEL-DEPORTE-15.jpeg 1024w, https:\/\/periodicorealidades.com\/wp-content\/uploads\/2025\/11\/PREMIO-ESTATAL-DEL-DEPORTE-15-300x200.jpeg 300w, https:\/\/periodicorealidades.com\/wp-content\/uploads\/2025\/11\/PREMIO-ESTATAL-DEL-DEPORTE-15-768x512.jpeg 768w, https:\/\/periodicorealidades.com\/wp-content\/uploads\/2025\/11\/PREMIO-ESTATAL-DEL-DEPORTE-15-696x464.jpeg 696w\" sizes=\"auto, (max-width: 1024px) 100vw, 1024px\" \/><\/figure>\n\n\n\n<p class=\"wp-block-paragraph\">Asimismo, hizo entrega de est\u00edmulos a los deportistas que participaron en la Paraolimpiada Nacional 2025: Marcos Alberto Garc\u00eda Mayorqu\u00edn, Aylin Victoria Luna S\u00e1nchez, Gonzalo Emmanuel Gonz\u00e1lez L\u00f3pez, Said Yurem Vargas Urrutia, Osiris Aneth Machado Plata, Marco Augusto Castill\u00f3n Escobedo, Jesus Alberto Rodr\u00edguez Valencia, Sebastian Orozco Ben\u00edtez, Jorge Yahir \u00c1lvarez Cos\u00edo, Jorge Abraham P\u00e9rez Olvera, Ricardo Jesus Ram\u00edrez Zamora, Jos\u00e9 Manuel Zurita Parra, Grecia Livier Garc\u00eda Gonz\u00e1lez, Daniel Eduardo Pardo L\u00f3pez. Y a los entrenadores: Maria Estela Hermosillo Gonz\u00e1lez, Agust\u00edn Aguirre Ortega y Lucelva Estefania G\u00f3mez G\u00f3mez.<\/p>\n\n\n\n<figure class=\"wp-block-gallery has-nested-images columns-default is-cropped wp-block-gallery-1 is-layout-flex wp-block-gallery-is-layout-flex\">\n<figure class=\"wp-block-image size-large\"><img loading=\"lazy\" decoding=\"async\" width=\"1024\" height=\"683\" data-id=\"58147\" src=\"https:\/\/periodicorealidades.com\/wp-content\/uploads\/2025\/11\/PREMIO-ESTATAL-DEL-DEPORTE-14.jpeg\" alt=\"\" class=\"wp-image-58147\" srcset=\"https:\/\/periodicorealidades.com\/wp-content\/uploads\/2025\/11\/PREMIO-ESTATAL-DEL-DEPORTE-14.jpeg 1024w, https:\/\/periodicorealidades.com\/wp-content\/uploads\/2025\/11\/PREMIO-ESTATAL-DEL-DEPORTE-14-300x200.jpeg 300w, https:\/\/periodicorealidades.com\/wp-content\/uploads\/2025\/11\/PREMIO-ESTATAL-DEL-DEPORTE-14-768x512.jpeg 768w, https:\/\/periodicorealidades.com\/wp-content\/uploads\/2025\/11\/PREMIO-ESTATAL-DEL-DEPORTE-14-696x464.jpeg 696w\" sizes=\"auto, (max-width: 1024px) 100vw, 1024px\" \/><\/figure>\n\n\n\n<figure class=\"wp-block-image size-large\"><img loading=\"lazy\" decoding=\"async\" width=\"1024\" height=\"683\" data-id=\"58148\" src=\"https:\/\/periodicorealidades.com\/wp-content\/uploads\/2025\/11\/PREMIO-ESTATAL-DEL-DEPORTE-13-1024x683.jpeg\" alt=\"\" class=\"wp-image-58148\" srcset=\"https:\/\/periodicorealidades.com\/wp-content\/uploads\/2025\/11\/PREMIO-ESTATAL-DEL-DEPORTE-13-1024x683.jpeg 1024w, https:\/\/periodicorealidades.com\/wp-content\/uploads\/2025\/11\/PREMIO-ESTATAL-DEL-DEPORTE-13-300x200.jpeg 300w, https:\/\/periodicorealidades.com\/wp-content\/uploads\/2025\/11\/PREMIO-ESTATAL-DEL-DEPORTE-13-768x512.jpeg 768w, https:\/\/periodicorealidades.com\/wp-content\/uploads\/2025\/11\/PREMIO-ESTATAL-DEL-DEPORTE-13-1536x1024.jpeg 1536w, https:\/\/periodicorealidades.com\/wp-content\/uploads\/2025\/11\/PREMIO-ESTATAL-DEL-DEPORTE-13-2048x1365.jpeg 2048w, https:\/\/periodicorealidades.com\/wp-content\/uploads\/2025\/11\/PREMIO-ESTATAL-DEL-DEPORTE-13-696x464.jpeg 696w, https:\/\/periodicorealidades.com\/wp-content\/uploads\/2025\/11\/PREMIO-ESTATAL-DEL-DEPORTE-13-1068x712.jpeg 1068w, https:\/\/periodicorealidades.com\/wp-content\/uploads\/2025\/11\/PREMIO-ESTATAL-DEL-DEPORTE-13-1920x1280.jpeg 1920w\" sizes=\"auto, (max-width: 1024px) 100vw, 1024px\" \/><\/figure>\n\n\n\n<figure class=\"wp-block-image size-large\"><img loading=\"lazy\" decoding=\"async\" width=\"1024\" height=\"683\" data-id=\"58149\" src=\"https:\/\/periodicorealidades.com\/wp-content\/uploads\/2025\/11\/PREMIO-ESTATAL-DEL-DEPORTE-12-1024x683.jpeg\" alt=\"\" class=\"wp-image-58149\" srcset=\"https:\/\/periodicorealidades.com\/wp-content\/uploads\/2025\/11\/PREMIO-ESTATAL-DEL-DEPORTE-12-1024x683.jpeg 1024w, https:\/\/periodicorealidades.com\/wp-content\/uploads\/2025\/11\/PREMIO-ESTATAL-DEL-DEPORTE-12-300x200.jpeg 300w, https:\/\/periodicorealidades.com\/wp-content\/uploads\/2025\/11\/PREMIO-ESTATAL-DEL-DEPORTE-12-768x512.jpeg 768w, https:\/\/periodicorealidades.com\/wp-content\/uploads\/2025\/11\/PREMIO-ESTATAL-DEL-DEPORTE-12-1536x1024.jpeg 1536w, https:\/\/periodicorealidades.com\/wp-content\/uploads\/2025\/11\/PREMIO-ESTATAL-DEL-DEPORTE-12-2048x1365.jpeg 2048w, https:\/\/periodicorealidades.com\/wp-content\/uploads\/2025\/11\/PREMIO-ESTATAL-DEL-DEPORTE-12-696x464.jpeg 696w, https:\/\/periodicorealidades.com\/wp-content\/uploads\/2025\/11\/PREMIO-ESTATAL-DEL-DEPORTE-12-1068x712.jpeg 1068w, https:\/\/periodicorealidades.com\/wp-content\/uploads\/2025\/11\/PREMIO-ESTATAL-DEL-DEPORTE-12-1920x1280.jpeg 1920w\" sizes=\"auto, (max-width: 1024px) 100vw, 1024px\" \/><\/figure>\n<\/figure>\n\n\n\n<p class=\"wp-block-paragraph\">En el marco del 115 aniversario de la Revoluci\u00f3n Mexicana, el mandatario nayarita se\u00f1al\u00f3 que el gobierno ha impulsado infraestructura deportiva que hoy es motivo de orgullo \u2014como el Gimnasio \u201cNi\u00f1os H\u00e9roes\u201d, el Polideportivo, las \u00e1reas de halterofilia, gimnasia y artes marciales, as\u00ed como estadios y canchas en todo el estado\u2014 y anunci\u00f3 avances en proyectos emblem\u00e1ticos como la nueva Alberca Ol\u00edmpica de Tepic y el estadio de f\u00fatbol Nicol\u00e1s \u00c1lvarez Ortega (NAO).<\/p>\n\n\n\n<figure class=\"wp-block-gallery has-nested-images columns-default is-cropped wp-block-gallery-2 is-layout-flex wp-block-gallery-is-layout-flex\">\n<figure class=\"wp-block-image size-large\"><img loading=\"lazy\" decoding=\"async\" width=\"1024\" height=\"683\" data-id=\"58150\" src=\"https:\/\/periodicorealidades.com\/wp-content\/uploads\/2025\/11\/PREMIO-ESTATAL-DEL-DEPORTE-11.jpeg\" alt=\"\" class=\"wp-image-58150\" srcset=\"https:\/\/periodicorealidades.com\/wp-content\/uploads\/2025\/11\/PREMIO-ESTATAL-DEL-DEPORTE-11.jpeg 1024w, https:\/\/periodicorealidades.com\/wp-content\/uploads\/2025\/11\/PREMIO-ESTATAL-DEL-DEPORTE-11-300x200.jpeg 300w, https:\/\/periodicorealidades.com\/wp-content\/uploads\/2025\/11\/PREMIO-ESTATAL-DEL-DEPORTE-11-768x512.jpeg 768w, https:\/\/periodicorealidades.com\/wp-content\/uploads\/2025\/11\/PREMIO-ESTATAL-DEL-DEPORTE-11-696x464.jpeg 696w\" sizes=\"auto, (max-width: 1024px) 100vw, 1024px\" \/><\/figure>\n\n\n\n<figure class=\"wp-block-image size-large\"><img loading=\"lazy\" decoding=\"async\" width=\"1024\" height=\"683\" data-id=\"58151\" src=\"https:\/\/periodicorealidades.com\/wp-content\/uploads\/2025\/11\/PREMIO-ESTATAL-DEL-DEPORTE-10.jpeg\" alt=\"\" class=\"wp-image-58151\" srcset=\"https:\/\/periodicorealidades.com\/wp-content\/uploads\/2025\/11\/PREMIO-ESTATAL-DEL-DEPORTE-10.jpeg 1024w, https:\/\/periodicorealidades.com\/wp-content\/uploads\/2025\/11\/PREMIO-ESTATAL-DEL-DEPORTE-10-300x200.jpeg 300w, https:\/\/periodicorealidades.com\/wp-content\/uploads\/2025\/11\/PREMIO-ESTATAL-DEL-DEPORTE-10-768x512.jpeg 768w, https:\/\/periodicorealidades.com\/wp-content\/uploads\/2025\/11\/PREMIO-ESTATAL-DEL-DEPORTE-10-696x464.jpeg 696w\" sizes=\"auto, (max-width: 1024px) 100vw, 1024px\" \/><\/figure>\n\n\n\n<figure class=\"wp-block-image size-large\"><img loading=\"lazy\" decoding=\"async\" width=\"1024\" height=\"683\" data-id=\"58152\" src=\"https:\/\/periodicorealidades.com\/wp-content\/uploads\/2025\/11\/PREMIO-ESTATAL-DEL-DEPORTE-9.jpeg\" alt=\"\" class=\"wp-image-58152\" srcset=\"https:\/\/periodicorealidades.com\/wp-content\/uploads\/2025\/11\/PREMIO-ESTATAL-DEL-DEPORTE-9.jpeg 1024w, https:\/\/periodicorealidades.com\/wp-content\/uploads\/2025\/11\/PREMIO-ESTATAL-DEL-DEPORTE-9-300x200.jpeg 300w, https:\/\/periodicorealidades.com\/wp-content\/uploads\/2025\/11\/PREMIO-ESTATAL-DEL-DEPORTE-9-768x512.jpeg 768w, https:\/\/periodicorealidades.com\/wp-content\/uploads\/2025\/11\/PREMIO-ESTATAL-DEL-DEPORTE-9-696x464.jpeg 696w\" sizes=\"auto, (max-width: 1024px) 100vw, 1024px\" \/><\/figure>\n<\/figure>\n\n\n\n<p class=\"wp-block-paragraph\">Por su parte, la deportista, Julieta Bizarr\u00f3n Mart\u00ednez, expres\u00f3 que este reconocimiento no es un punto final, sino una motivaci\u00f3n para seguir trabajando, para representar con orgullo al estado y para inspirar a las nuevas generaciones.<\/p>\n\n\n\n<figure class=\"wp-block-image size-large\"><img loading=\"lazy\" decoding=\"async\" width=\"1024\" height=\"683\" src=\"https:\/\/periodicorealidades.com\/wp-content\/uploads\/2025\/11\/PREMIO-ESTATAL-DEL-DEPORTE-6-1024x683.jpeg\" alt=\"\" class=\"wp-image-58153\" srcset=\"https:\/\/periodicorealidades.com\/wp-content\/uploads\/2025\/11\/PREMIO-ESTATAL-DEL-DEPORTE-6-1024x683.jpeg 1024w, https:\/\/periodicorealidades.com\/wp-content\/uploads\/2025\/11\/PREMIO-ESTATAL-DEL-DEPORTE-6-300x200.jpeg 300w, https:\/\/periodicorealidades.com\/wp-content\/uploads\/2025\/11\/PREMIO-ESTATAL-DEL-DEPORTE-6-768x512.jpeg 768w, https:\/\/periodicorealidades.com\/wp-content\/uploads\/2025\/11\/PREMIO-ESTATAL-DEL-DEPORTE-6-1536x1024.jpeg 1536w, https:\/\/periodicorealidades.com\/wp-content\/uploads\/2025\/11\/PREMIO-ESTATAL-DEL-DEPORTE-6-2048x1366.jpeg 2048w, https:\/\/periodicorealidades.com\/wp-content\/uploads\/2025\/11\/PREMIO-ESTATAL-DEL-DEPORTE-6-696x464.jpeg 696w, https:\/\/periodicorealidades.com\/wp-content\/uploads\/2025\/11\/PREMIO-ESTATAL-DEL-DEPORTE-6-1068x712.jpeg 1068w, https:\/\/periodicorealidades.com\/wp-content\/uploads\/2025\/11\/PREMIO-ESTATAL-DEL-DEPORTE-6-1920x1280.jpeg 1920w\" sizes=\"auto, (max-width: 1024px) 100vw, 1024px\" \/><\/figure>\n\n\n\n<p class=\"wp-block-paragraph\">\u201cQueremos agradecer de manera especial al gobernador Miguel \u00c1ngel Navarro Quintero por ser nuestra gu\u00eda, nuestro apoyo y respaldo, por seguir impulsando el deporte y creer en el talento de nuestra juventud. Recibir el Premio Estatal del Deporte no es solo un reconocimiento individual, sino un recordatorio de todo lo que representa ser atleta, disciplina, dedicaci\u00f3n, sacrificio, l\u00e1grimas y una pasi\u00f3n que nos mueve todos los d\u00edas a dar un poco m\u00e1s de nosotros mismos\u201d.<\/p>\n\n\n\n<figure class=\"wp-block-gallery has-nested-images columns-default is-cropped wp-block-gallery-3 is-layout-flex wp-block-gallery-is-layout-flex\">\n<figure class=\"wp-block-image size-large\"><img loading=\"lazy\" decoding=\"async\" width=\"1024\" height=\"683\" data-id=\"58154\" src=\"https:\/\/periodicorealidades.com\/wp-content\/uploads\/2025\/11\/PREMIO-ESTATAL-DEL-DEPORTE-1.jpeg\" alt=\"\" class=\"wp-image-58154\" srcset=\"https:\/\/periodicorealidades.com\/wp-content\/uploads\/2025\/11\/PREMIO-ESTATAL-DEL-DEPORTE-1.jpeg 1024w, https:\/\/periodicorealidades.com\/wp-content\/uploads\/2025\/11\/PREMIO-ESTATAL-DEL-DEPORTE-1-300x200.jpeg 300w, https:\/\/periodicorealidades.com\/wp-content\/uploads\/2025\/11\/PREMIO-ESTATAL-DEL-DEPORTE-1-768x512.jpeg 768w, https:\/\/periodicorealidades.com\/wp-content\/uploads\/2025\/11\/PREMIO-ESTATAL-DEL-DEPORTE-1-696x464.jpeg 696w\" sizes=\"auto, (max-width: 1024px) 100vw, 1024px\" \/><\/figure>\n\n\n\n<figure class=\"wp-block-image size-large\"><img loading=\"lazy\" decoding=\"async\" width=\"1024\" height=\"683\" data-id=\"58155\" src=\"https:\/\/periodicorealidades.com\/wp-content\/uploads\/2025\/11\/PREMIO-ESTATAL-DEL-DEPORTE-2-1024x683.jpeg\" alt=\"\" class=\"wp-image-58155\" srcset=\"https:\/\/periodicorealidades.com\/wp-content\/uploads\/2025\/11\/PREMIO-ESTATAL-DEL-DEPORTE-2-1024x683.jpeg 1024w, https:\/\/periodicorealidades.com\/wp-content\/uploads\/2025\/11\/PREMIO-ESTATAL-DEL-DEPORTE-2-300x200.jpeg 300w, https:\/\/periodicorealidades.com\/wp-content\/uploads\/2025\/11\/PREMIO-ESTATAL-DEL-DEPORTE-2-768x512.jpeg 768w, https:\/\/periodicorealidades.com\/wp-content\/uploads\/2025\/11\/PREMIO-ESTATAL-DEL-DEPORTE-2-1536x1024.jpeg 1536w, https:\/\/periodicorealidades.com\/wp-content\/uploads\/2025\/11\/PREMIO-ESTATAL-DEL-DEPORTE-2-2048x1365.jpeg 2048w, https:\/\/periodicorealidades.com\/wp-content\/uploads\/2025\/11\/PREMIO-ESTATAL-DEL-DEPORTE-2-696x464.jpeg 696w, https:\/\/periodicorealidades.com\/wp-content\/uploads\/2025\/11\/PREMIO-ESTATAL-DEL-DEPORTE-2-1068x712.jpeg 1068w, https:\/\/periodicorealidades.com\/wp-content\/uploads\/2025\/11\/PREMIO-ESTATAL-DEL-DEPORTE-2-1920x1280.jpeg 1920w\" sizes=\"auto, (max-width: 1024px) 100vw, 1024px\" \/><\/figure>\n\n\n\n<figure class=\"wp-block-image size-large\"><img loading=\"lazy\" decoding=\"async\" width=\"1024\" height=\"683\" data-id=\"58156\" src=\"https:\/\/periodicorealidades.com\/wp-content\/uploads\/2025\/11\/PREMIO-ESTATAL-DEL-DEPORTE-3-1024x683.jpeg\" alt=\"\" class=\"wp-image-58156\" srcset=\"https:\/\/periodicorealidades.com\/wp-content\/uploads\/2025\/11\/PREMIO-ESTATAL-DEL-DEPORTE-3-1024x683.jpeg 1024w, https:\/\/periodicorealidades.com\/wp-content\/uploads\/2025\/11\/PREMIO-ESTATAL-DEL-DEPORTE-3-300x200.jpeg 300w, https:\/\/periodicorealidades.com\/wp-content\/uploads\/2025\/11\/PREMIO-ESTATAL-DEL-DEPORTE-3-768x512.jpeg 768w, https:\/\/periodicorealidades.com\/wp-content\/uploads\/2025\/11\/PREMIO-ESTATAL-DEL-DEPORTE-3-1536x1024.jpeg 1536w, https:\/\/periodicorealidades.com\/wp-content\/uploads\/2025\/11\/PREMIO-ESTATAL-DEL-DEPORTE-3-2048x1365.jpeg 2048w, https:\/\/periodicorealidades.com\/wp-content\/uploads\/2025\/11\/PREMIO-ESTATAL-DEL-DEPORTE-3-696x464.jpeg 696w, https:\/\/periodicorealidades.com\/wp-content\/uploads\/2025\/11\/PREMIO-ESTATAL-DEL-DEPORTE-3-1068x712.jpeg 1068w, https:\/\/periodicorealidades.com\/wp-content\/uploads\/2025\/11\/PREMIO-ESTATAL-DEL-DEPORTE-3-1920x1280.jpeg 1920w\" sizes=\"auto, (max-width: 1024px) 100vw, 1024px\" \/><\/figure>\n<\/figure>\n\n\n\n<p class=\"wp-block-paragraph\">Los nuevos inmortales del Sal\u00f3n de la Fama de Nayarit, dados a conocer durante el evento son: Gaudencio Villa Esparza, Santiago \u201cChac\u00f3n\u201d Carrillo Zamora y Jos\u00e9 Guadalupe Zavala Rodr\u00edguez, pilares cada uno del f\u00fatbol nayarita.<\/p>\n\n\n\n<figure class=\"wp-block-gallery has-nested-images columns-default is-cropped wp-block-gallery-4 is-layout-flex wp-block-gallery-is-layout-flex\">\n<figure class=\"wp-block-image size-large\"><img loading=\"lazy\" decoding=\"async\" width=\"1024\" height=\"683\" data-id=\"58158\" src=\"https:\/\/periodicorealidades.com\/wp-content\/uploads\/2025\/11\/PREMIO-ESTATAL-DEL-DEPORTE-5-1024x683.jpeg\" alt=\"\" class=\"wp-image-58158\" srcset=\"https:\/\/periodicorealidades.com\/wp-content\/uploads\/2025\/11\/PREMIO-ESTATAL-DEL-DEPORTE-5-1024x683.jpeg 1024w, https:\/\/periodicorealidades.com\/wp-content\/uploads\/2025\/11\/PREMIO-ESTATAL-DEL-DEPORTE-5-300x200.jpeg 300w, https:\/\/periodicorealidades.com\/wp-content\/uploads\/2025\/11\/PREMIO-ESTATAL-DEL-DEPORTE-5-768x512.jpeg 768w, https:\/\/periodicorealidades.com\/wp-content\/uploads\/2025\/11\/PREMIO-ESTATAL-DEL-DEPORTE-5-1536x1024.jpeg 1536w, https:\/\/periodicorealidades.com\/wp-content\/uploads\/2025\/11\/PREMIO-ESTATAL-DEL-DEPORTE-5-2048x1365.jpeg 2048w, https:\/\/periodicorealidades.com\/wp-content\/uploads\/2025\/11\/PREMIO-ESTATAL-DEL-DEPORTE-5-696x464.jpeg 696w, https:\/\/periodicorealidades.com\/wp-content\/uploads\/2025\/11\/PREMIO-ESTATAL-DEL-DEPORTE-5-1068x712.jpeg 1068w, https:\/\/periodicorealidades.com\/wp-content\/uploads\/2025\/11\/PREMIO-ESTATAL-DEL-DEPORTE-5-1920x1280.jpeg 1920w\" sizes=\"auto, (max-width: 1024px) 100vw, 1024px\" \/><\/figure>\n\n\n\n<figure class=\"wp-block-image size-large\"><img loading=\"lazy\" decoding=\"async\" width=\"1024\" height=\"683\" data-id=\"58159\" src=\"https:\/\/periodicorealidades.com\/wp-content\/uploads\/2025\/11\/PREMIO-ESTATAL-DEL-DEPORTE-7-1024x683.jpeg\" alt=\"\" class=\"wp-image-58159\" srcset=\"https:\/\/periodicorealidades.com\/wp-content\/uploads\/2025\/11\/PREMIO-ESTATAL-DEL-DEPORTE-7-1024x683.jpeg 1024w, https:\/\/periodicorealidades.com\/wp-content\/uploads\/2025\/11\/PREMIO-ESTATAL-DEL-DEPORTE-7-300x200.jpeg 300w, https:\/\/periodicorealidades.com\/wp-content\/uploads\/2025\/11\/PREMIO-ESTATAL-DEL-DEPORTE-7-768x512.jpeg 768w, https:\/\/periodicorealidades.com\/wp-content\/uploads\/2025\/11\/PREMIO-ESTATAL-DEL-DEPORTE-7-1536x1024.jpeg 1536w, https:\/\/periodicorealidades.com\/wp-content\/uploads\/2025\/11\/PREMIO-ESTATAL-DEL-DEPORTE-7-2048x1365.jpeg 2048w, https:\/\/periodicorealidades.com\/wp-content\/uploads\/2025\/11\/PREMIO-ESTATAL-DEL-DEPORTE-7-696x464.jpeg 696w, https:\/\/periodicorealidades.com\/wp-content\/uploads\/2025\/11\/PREMIO-ESTATAL-DEL-DEPORTE-7-1068x712.jpeg 1068w, https:\/\/periodicorealidades.com\/wp-content\/uploads\/2025\/11\/PREMIO-ESTATAL-DEL-DEPORTE-7-1920x1280.jpeg 1920w\" sizes=\"auto, (max-width: 1024px) 100vw, 1024px\" \/><\/figure>\n\n\n\n<figure class=\"wp-block-image size-large\"><img loading=\"lazy\" decoding=\"async\" width=\"1024\" height=\"683\" data-id=\"58157\" src=\"https:\/\/periodicorealidades.com\/wp-content\/uploads\/2025\/11\/PREMIO-ESTATAL-DEL-DEPORTE-4-1024x683.jpeg\" alt=\"\" class=\"wp-image-58157\" srcset=\"https:\/\/periodicorealidades.com\/wp-content\/uploads\/2025\/11\/PREMIO-ESTATAL-DEL-DEPORTE-4-1024x683.jpeg 1024w, https:\/\/periodicorealidades.com\/wp-content\/uploads\/2025\/11\/PREMIO-ESTATAL-DEL-DEPORTE-4-300x200.jpeg 300w, https:\/\/periodicorealidades.com\/wp-content\/uploads\/2025\/11\/PREMIO-ESTATAL-DEL-DEPORTE-4-768x512.jpeg 768w, https:\/\/periodicorealidades.com\/wp-content\/uploads\/2025\/11\/PREMIO-ESTATAL-DEL-DEPORTE-4-1536x1024.jpeg 1536w, https:\/\/periodicorealidades.com\/wp-content\/uploads\/2025\/11\/PREMIO-ESTATAL-DEL-DEPORTE-4-2048x1365.jpeg 2048w, https:\/\/periodicorealidades.com\/wp-content\/uploads\/2025\/11\/PREMIO-ESTATAL-DEL-DEPORTE-4-696x464.jpeg 696w, https:\/\/periodicorealidades.com\/wp-content\/uploads\/2025\/11\/PREMIO-ESTATAL-DEL-DEPORTE-4-1068x712.jpeg 1068w, https:\/\/periodicorealidades.com\/wp-content\/uploads\/2025\/11\/PREMIO-ESTATAL-DEL-DEPORTE-4-1920x1280.jpeg 1920w\" sizes=\"auto, (max-width: 1024px) 100vw, 1024px\" \/><\/figure>\n<\/figure>\n\n\n\n<p class=\"wp-block-paragraph\">Con este acto, el gobierno que encabeza Miguel \u00c1ngel Navarro Quintero refrenda su respaldo a quienes representan con orgullo los valores del deporte nayarita y fortalece su compromiso de seguir impulsando espacios, programas y oportunidades que permitan a la juventud alcanzar su m\u00e1ximo potencial.<\/p>\n","protected":false},"excerpt":{"rendered":"<p>Miguel \u00c1ngel Navarro Quintero reconoce a los m\u00e1ximos exponentes del deporte en Nayarit y adem\u00e1s distingue a atletas, entrenadores y promotores que impulsan el talento nayarita con un reconocimiento hist\u00f3rico Por: Bolet\u00ecn Tepic, Nayarit; viernes, 21 de noviembre de 2025.\u2013 El gobernador del estado, Miguel \u00c1ngel Navarro Quintero, acompa\u00f1ado de su esposa, la presidenta del [&hellip;]<\/p>\n","protected":false},"author":2,"featured_media":58141,"comment_status":"closed","ping_status":"open","sticky":false,"template":"","format":"standard","meta":{"footnotes":""},"categories":[4,7],"tags":[],"class_list":["post-58140","post","type-post","status-publish","format-standard","has-post-thumbnail","category-principal","category-tepic"],"yoast_head":"<!-- This site is optimized with the Yoast SEO plugin v28.3 - https:\/\/yoast.com\/product\/yoast-seo-wordpress\/ -->\n<title>MANQ reconoce a los mejores exponentes del deporte nayarita - Peri\u00f3dico Realidades<\/title>\n<meta name=\"robots\" content=\"index, follow, max-snippet:-1, max-image-preview:large, max-video-preview:-1\" \/>\n<link rel=\"canonical\" href=\"https:\/\/periodicorealidades.com\/index.php\/2025\/11\/20\/manq-reconoce-a-los-mejores-exponentes-del-deporte-nayarita\/\" \/>\n<meta property=\"og:locale\" content=\"es_MX\" \/>\n<meta property=\"og:type\" content=\"article\" \/>\n<meta property=\"og:title\" content=\"MANQ reconoce a los mejores exponentes del deporte nayarita - Peri\u00f3dico Realidades\" \/>\n<meta property=\"og:description\" content=\"Miguel \u00c1ngel Navarro Quintero reconoce a los m\u00e1ximos exponentes del deporte en Nayarit y adem\u00e1s distingue a atletas, entrenadores y promotores que impulsan el talento nayarita con un reconocimiento hist\u00f3rico Por: Bolet\u00ecn Tepic, Nayarit; viernes, 21 de noviembre de 2025.\u2013 El gobernador del estado, Miguel \u00c1ngel Navarro Quintero, acompa\u00f1ado de su esposa, la presidenta del [&hellip;]\" \/>\n<meta property=\"og:url\" content=\"https:\/\/periodicorealidades.com\/index.php\/2025\/11\/20\/manq-reconoce-a-los-mejores-exponentes-del-deporte-nayarita\/\" \/>\n<meta property=\"og:site_name\" content=\"Peri\u00f3dico Realidades\" \/>\n<meta property=\"article:publisher\" content=\"https:\/\/www.facebook.com\/periodicorealidades.denayarit?mibextid=LQQJ4d\" \/>\n<meta property=\"article:published_time\" content=\"2025-11-21T05:48:43+00:00\" \/>\n<meta property=\"article:modified_time\" content=\"2025-11-21T05:48:44+00:00\" \/>\n<meta property=\"og:image\" content=\"https:\/\/periodicorealidades.com\/wp-content\/uploads\/2025\/11\/PREMIO-ESTATAL-DEL-DEPORTE-19.jpeg\" \/>\n\t<meta property=\"og:image:width\" content=\"1024\" \/>\n\t<meta property=\"og:image:height\" content=\"683\" \/>\n\t<meta property=\"og:image:type\" content=\"image\/jpeg\" \/>\n<meta name=\"author\" content=\"editor\" \/>\n<meta name=\"twitter:card\" content=\"summary_large_image\" \/>\n<meta name=\"twitter:label1\" content=\"Escrito por\" \/>\n\t<meta name=\"twitter:data1\" content=\"editor\" \/>\n\t<meta name=\"twitter:label2\" content=\"Tiempo de lectura\" \/>\n\t<meta name=\"twitter:data2\" content=\"7 minutos\" \/>\n<script type=\"application\/ld+json\" class=\"yoast-schema-graph\">{\"@context\":\"https:\\\/\\\/schema.org\",\"@graph\":[{\"@type\":\"Article\",\"@id\":\"https:\\\/\\\/periodicorealidades.com\\\/index.php\\\/2025\\\/11\\\/20\\\/manq-reconoce-a-los-mejores-exponentes-del-deporte-nayarita\\\/#article\",\"isPartOf\":{\"@id\":\"https:\\\/\\\/periodicorealidades.com\\\/index.php\\\/2025\\\/11\\\/20\\\/manq-reconoce-a-los-mejores-exponentes-del-deporte-nayarita\\\/\"},\"author\":{\"name\":\"editor\",\"@id\":\"https:\\\/\\\/periodicorealidades.com\\\/#\\\/schema\\\/person\\\/c27da34ee13acaec3162071a3e1c7832\"},\"headline\":\"MANQ reconoce a los mejores exponentes del deporte nayarita\",\"datePublished\":\"2025-11-21T05:48:43+00:00\",\"dateModified\":\"2025-11-21T05:48:44+00:00\",\"mainEntityOfPage\":{\"@id\":\"https:\\\/\\\/periodicorealidades.com\\\/index.php\\\/2025\\\/11\\\/20\\\/manq-reconoce-a-los-mejores-exponentes-del-deporte-nayarita\\\/\"},\"wordCount\":752,\"publisher\":{\"@id\":\"https:\\\/\\\/periodicorealidades.com\\\/#organization\"},\"image\":{\"@id\":\"https:\\\/\\\/periodicorealidades.com\\\/index.php\\\/2025\\\/11\\\/20\\\/manq-reconoce-a-los-mejores-exponentes-del-deporte-nayarita\\\/#primaryimage\"},\"thumbnailUrl\":\"https:\\\/\\\/periodicorealidades.com\\\/wp-content\\\/uploads\\\/2025\\\/11\\\/PREMIO-ESTATAL-DEL-DEPORTE-19.jpeg\",\"articleSection\":[\"Principal\",\"Tepic\"],\"inLanguage\":\"es\"},{\"@type\":\"WebPage\",\"@id\":\"https:\\\/\\\/periodicorealidades.com\\\/index.php\\\/2025\\\/11\\\/20\\\/manq-reconoce-a-los-mejores-exponentes-del-deporte-nayarita\\\/\",\"url\":\"https:\\\/\\\/periodicorealidades.com\\\/index.php\\\/2025\\\/11\\\/20\\\/manq-reconoce-a-los-mejores-exponentes-del-deporte-nayarita\\\/\",\"name\":\"MANQ reconoce a los mejores exponentes del deporte nayarita - Peri\u00f3dico Realidades\",\"isPartOf\":{\"@id\":\"https:\\\/\\\/periodicorealidades.com\\\/#website\"},\"primaryImageOfPage\":{\"@id\":\"https:\\\/\\\/periodicorealidades.com\\\/index.php\\\/2025\\\/11\\\/20\\\/manq-reconoce-a-los-mejores-exponentes-del-deporte-nayarita\\\/#primaryimage\"},\"image\":{\"@id\":\"https:\\\/\\\/periodicorealidades.com\\\/index.php\\\/2025\\\/11\\\/20\\\/manq-reconoce-a-los-mejores-exponentes-del-deporte-nayarita\\\/#primaryimage\"},\"thumbnailUrl\":\"https:\\\/\\\/periodicorealidades.com\\\/wp-content\\\/uploads\\\/2025\\\/11\\\/PREMIO-ESTATAL-DEL-DEPORTE-19.jpeg\",\"datePublished\":\"2025-11-21T05:48:43+00:00\",\"dateModified\":\"2025-11-21T05:48:44+00:00\",\"breadcrumb\":{\"@id\":\"https:\\\/\\\/periodicorealidades.com\\\/index.php\\\/2025\\\/11\\\/20\\\/manq-reconoce-a-los-mejores-exponentes-del-deporte-nayarita\\\/#breadcrumb\"},\"inLanguage\":\"es\",\"potentialAction\":[{\"@type\":\"ReadAction\",\"target\":[\"https:\\\/\\\/periodicorealidades.com\\\/index.php\\\/2025\\\/11\\\/20\\\/manq-reconoce-a-los-mejores-exponentes-del-deporte-nayarita\\\/\"]}]},{\"@type\":\"ImageObject\",\"inLanguage\":\"es\",\"@id\":\"https:\\\/\\\/periodicorealidades.com\\\/index.php\\\/2025\\\/11\\\/20\\\/manq-reconoce-a-los-mejores-exponentes-del-deporte-nayarita\\\/#primaryimage\",\"url\":\"https:\\\/\\\/periodicorealidades.com\\\/wp-content\\\/uploads\\\/2025\\\/11\\\/PREMIO-ESTATAL-DEL-DEPORTE-19.jpeg\",\"contentUrl\":\"https:\\\/\\\/periodicorealidades.com\\\/wp-content\\\/uploads\\\/2025\\\/11\\\/PREMIO-ESTATAL-DEL-DEPORTE-19.jpeg\",\"width\":1024,\"height\":683},{\"@type\":\"BreadcrumbList\",\"@id\":\"https:\\\/\\\/periodicorealidades.com\\\/index.php\\\/2025\\\/11\\\/20\\\/manq-reconoce-a-los-mejores-exponentes-del-deporte-nayarita\\\/#breadcrumb\",\"itemListElement\":[{\"@type\":\"ListItem\",\"position\":1,\"name\":\"Inicio\",\"item\":\"https:\\\/\\\/periodicorealidades.com\\\/\"},{\"@type\":\"ListItem\",\"position\":2,\"name\":\"MANQ reconoce a los mejores exponentes del deporte nayarita\"}]},{\"@type\":\"WebSite\",\"@id\":\"https:\\\/\\\/periodicorealidades.com\\\/#website\",\"url\":\"https:\\\/\\\/periodicorealidades.com\\\/\",\"name\":\"Peri\u00f3dico Realidades\",\"description\":\"M\u00e9dio de comunicaci\u00f3n en Nayarit\",\"publisher\":{\"@id\":\"https:\\\/\\\/periodicorealidades.com\\\/#organization\"},\"potentialAction\":[{\"@type\":\"SearchAction\",\"target\":{\"@type\":\"EntryPoint\",\"urlTemplate\":\"https:\\\/\\\/periodicorealidades.com\\\/?s={search_term_string}\"},\"query-input\":{\"@type\":\"PropertyValueSpecification\",\"valueRequired\":true,\"valueName\":\"search_term_string\"}}],\"inLanguage\":\"es\"},{\"@type\":\"Organization\",\"@id\":\"https:\\\/\\\/periodicorealidades.com\\\/#organization\",\"name\":\"Peri\u00f3dico Realidades\",\"url\":\"https:\\\/\\\/periodicorealidades.com\\\/\",\"logo\":{\"@type\":\"ImageObject\",\"inLanguage\":\"es\",\"@id\":\"https:\\\/\\\/periodicorealidades.com\\\/#\\\/schema\\\/logo\\\/image\\\/\",\"url\":\"https:\\\/\\\/periodicorealidades.com\\\/wp-content\\\/uploads\\\/2023\\\/05\\\/r-prueba.png\",\"contentUrl\":\"https:\\\/\\\/periodicorealidades.com\\\/wp-content\\\/uploads\\\/2023\\\/05\\\/r-prueba.png\",\"width\":709,\"height\":709,\"caption\":\"Peri\u00f3dico Realidades\"},\"image\":{\"@id\":\"https:\\\/\\\/periodicorealidades.com\\\/#\\\/schema\\\/logo\\\/image\\\/\"},\"sameAs\":[\"https:\\\/\\\/www.facebook.com\\\/periodicorealidades.denayarit?mibextid=LQQJ4d\"]},{\"@type\":\"Person\",\"@id\":\"https:\\\/\\\/periodicorealidades.com\\\/#\\\/schema\\\/person\\\/c27da34ee13acaec3162071a3e1c7832\",\"name\":\"editor\",\"image\":{\"@type\":\"ImageObject\",\"inLanguage\":\"es\",\"@id\":\"https:\\\/\\\/secure.gravatar.com\\\/avatar\\\/dda3c3f59ea25f4b53cd53df977b0b2628039b17268e57c944a79a00e8a56e26?s=96&d=mm&r=g\",\"url\":\"https:\\\/\\\/secure.gravatar.com\\\/avatar\\\/dda3c3f59ea25f4b53cd53df977b0b2628039b17268e57c944a79a00e8a56e26?s=96&d=mm&r=g\",\"contentUrl\":\"https:\\\/\\\/secure.gravatar.com\\\/avatar\\\/dda3c3f59ea25f4b53cd53df977b0b2628039b17268e57c944a79a00e8a56e26?s=96&d=mm&r=g\",\"caption\":\"editor\"},\"url\":\"https:\\\/\\\/periodicorealidades.com\\\/index.php\\\/author\\\/editor\\\/\"}]}<\/script>\n<!-- \/ Yoast SEO plugin. -->","yoast_head_json":{"title":"MANQ reconoce a los mejores exponentes del deporte nayarita - Peri\u00f3dico Realidades","robots":{"index":"index","follow":"follow","max-snippet":"max-snippet:-1","max-image-preview":"max-image-preview:large","max-video-preview":"max-video-preview:-1"},"canonical":"https:\/\/periodicorealidades.com\/index.php\/2025\/11\/20\/manq-reconoce-a-los-mejores-exponentes-del-deporte-nayarita\/","og_locale":"es_MX","og_type":"article","og_title":"MANQ reconoce a los mejores exponentes del deporte nayarita - Peri\u00f3dico Realidades","og_description":"Miguel \u00c1ngel Navarro Quintero reconoce a los m\u00e1ximos exponentes del deporte en Nayarit y adem\u00e1s distingue a atletas, entrenadores y promotores que impulsan el talento nayarita con un reconocimiento hist\u00f3rico Por: Bolet\u00ecn Tepic, Nayarit; viernes, 21 de noviembre de 2025.\u2013 El gobernador del estado, Miguel \u00c1ngel Navarro Quintero, acompa\u00f1ado de su esposa, la presidenta del [&hellip;]","og_url":"https:\/\/periodicorealidades.com\/index.php\/2025\/11\/20\/manq-reconoce-a-los-mejores-exponentes-del-deporte-nayarita\/","og_site_name":"Peri\u00f3dico Realidades","article_publisher":"https:\/\/www.facebook.com\/periodicorealidades.denayarit?mibextid=LQQJ4d","article_published_time":"2025-11-21T05:48:43+00:00","article_modified_time":"2025-11-21T05:48:44+00:00","og_image":[{"width":1024,"height":683,"url":"https:\/\/periodicorealidades.com\/wp-content\/uploads\/2025\/11\/PREMIO-ESTATAL-DEL-DEPORTE-19.jpeg","type":"image\/jpeg"}],"author":"editor","twitter_card":"summary_large_image","twitter_misc":{"Escrito por":"editor","Tiempo de lectura":"7 minutos"},"schema":{"@context":"https:\/\/schema.org","@graph":[{"@type":"Article","@id":"https:\/\/periodicorealidades.com\/index.php\/2025\/11\/20\/manq-reconoce-a-los-mejores-exponentes-del-deporte-nayarita\/#article","isPartOf":{"@id":"https:\/\/periodicorealidades.com\/index.php\/2025\/11\/20\/manq-reconoce-a-los-mejores-exponentes-del-deporte-nayarita\/"},"author":{"name":"editor","@id":"https:\/\/periodicorealidades.com\/#\/schema\/person\/c27da34ee13acaec3162071a3e1c7832"},"headline":"MANQ reconoce a los mejores exponentes del deporte nayarita","datePublished":"2025-11-21T05:48:43+00:00","dateModified":"2025-11-21T05:48:44+00:00","mainEntityOfPage":{"@id":"https:\/\/periodicorealidades.com\/index.php\/2025\/11\/20\/manq-reconoce-a-los-mejores-exponentes-del-deporte-nayarita\/"},"wordCount":752,"publisher":{"@id":"https:\/\/periodicorealidades.com\/#organization"},"image":{"@id":"https:\/\/periodicorealidades.com\/index.php\/2025\/11\/20\/manq-reconoce-a-los-mejores-exponentes-del-deporte-nayarita\/#primaryimage"},"thumbnailUrl":"https:\/\/periodicorealidades.com\/wp-content\/uploads\/2025\/11\/PREMIO-ESTATAL-DEL-DEPORTE-19.jpeg","articleSection":["Principal","Tepic"],"inLanguage":"es"},{"@type":"WebPage","@id":"https:\/\/periodicorealidades.com\/index.php\/2025\/11\/20\/manq-reconoce-a-los-mejores-exponentes-del-deporte-nayarita\/","url":"https:\/\/periodicorealidades.com\/index.php\/2025\/11\/20\/manq-reconoce-a-los-mejores-exponentes-del-deporte-nayarita\/","name":"MANQ reconoce a los mejores exponentes del deporte nayarita - Peri\u00f3dico Realidades","isPartOf":{"@id":"https:\/\/periodicorealidades.com\/#website"},"primaryImageOfPage":{"@id":"https:\/\/periodicorealidades.com\/index.php\/2025\/11\/20\/manq-reconoce-a-los-mejores-exponentes-del-deporte-nayarita\/#primaryimage"},"image":{"@id":"https:\/\/periodicorealidades.com\/index.php\/2025\/11\/20\/manq-reconoce-a-los-mejores-exponentes-del-deporte-nayarita\/#primaryimage"},"thumbnailUrl":"https:\/\/periodicorealidades.com\/wp-content\/uploads\/2025\/11\/PREMIO-ESTATAL-DEL-DEPORTE-19.jpeg","datePublished":"2025-11-21T05:48:43+00:00","dateModified":"2025-11-21T05:48:44+00:00","breadcrumb":{"@id":"https:\/\/periodicorealidades.com\/index.php\/2025\/11\/20\/manq-reconoce-a-los-mejores-exponentes-del-deporte-nayarita\/#breadcrumb"},"inLanguage":"es","potentialAction":[{"@type":"ReadAction","target":["https:\/\/periodicorealidades.com\/index.php\/2025\/11\/20\/manq-reconoce-a-los-mejores-exponentes-del-deporte-nayarita\/"]}]},{"@type":"ImageObject","inLanguage":"es","@id":"https:\/\/periodicorealidades.com\/index.php\/2025\/11\/20\/manq-reconoce-a-los-mejores-exponentes-del-deporte-nayarita\/#primaryimage","url":"https:\/\/periodicorealidades.com\/wp-content\/uploads\/2025\/11\/PREMIO-ESTATAL-DEL-DEPORTE-19.jpeg","contentUrl":"https:\/\/periodicorealidades.com\/wp-content\/uploads\/2025\/11\/PREMIO-ESTATAL-DEL-DEPORTE-19.jpeg","width":1024,"height":683},{"@type":"BreadcrumbList","@id":"https:\/\/periodicorealidades.com\/index.php\/2025\/11\/20\/manq-reconoce-a-los-mejores-exponentes-del-deporte-nayarita\/#breadcrumb","itemListElement":[{"@type":"ListItem","position":1,"name":"Inicio","item":"https:\/\/periodicorealidades.com\/"},{"@type":"ListItem","position":2,"name":"MANQ reconoce a los mejores exponentes del deporte nayarita"}]},{"@type":"WebSite","@id":"https:\/\/periodicorealidades.com\/#website","url":"https:\/\/periodicorealidades.com\/","name":"Peri\u00f3dico Realidades","description":"M\u00e9dio de comunicaci\u00f3n en Nayarit","publisher":{"@id":"https:\/\/periodicorealidades.com\/#organization"},"potentialAction":[{"@type":"SearchAction","target":{"@type":"EntryPoint","urlTemplate":"https:\/\/periodicorealidades.com\/?s={search_term_string}"},"query-input":{"@type":"PropertyValueSpecification","valueRequired":true,"valueName":"search_term_string"}}],"inLanguage":"es"},{"@type":"Organization","@id":"https:\/\/periodicorealidades.com\/#organization","name":"Peri\u00f3dico Realidades","url":"https:\/\/periodicorealidades.com\/","logo":{"@type":"ImageObject","inLanguage":"es","@id":"https:\/\/periodicorealidades.com\/#\/schema\/logo\/image\/","url":"https:\/\/periodicorealidades.com\/wp-content\/uploads\/2023\/05\/r-prueba.png","contentUrl":"https:\/\/periodicorealidades.com\/wp-content\/uploads\/2023\/05\/r-prueba.png","width":709,"height":709,"caption":"Peri\u00f3dico Realidades"},"image":{"@id":"https:\/\/periodicorealidades.com\/#\/schema\/logo\/image\/"},"sameAs":["https:\/\/www.facebook.com\/periodicorealidades.denayarit?mibextid=LQQJ4d"]},{"@type":"Person","@id":"https:\/\/periodicorealidades.com\/#\/schema\/person\/c27da34ee13acaec3162071a3e1c7832","name":"editor","image":{"@type":"ImageObject","inLanguage":"es","@id":"https:\/\/secure.gravatar.com\/avatar\/dda3c3f59ea25f4b53cd53df977b0b2628039b17268e57c944a79a00e8a56e26?s=96&d=mm&r=g","url":"https:\/\/secure.gravatar.com\/avatar\/dda3c3f59ea25f4b53cd53df977b0b2628039b17268e57c944a79a00e8a56e26?s=96&d=mm&r=g","contentUrl":"https:\/\/secure.gravatar.com\/avatar\/dda3c3f59ea25f4b53cd53df977b0b2628039b17268e57c944a79a00e8a56e26?s=96&d=mm&r=g","caption":"editor"},"url":"https:\/\/periodicorealidades.com\/index.php\/author\/editor\/"}]}},"_links":{"self":[{"href":"https:\/\/periodicorealidades.com\/index.php\/wp-json\/wp\/v2\/posts\/58140","targetHints":{"allow":["GET"]}}],"collection":[{"href":"https:\/\/periodicorealidades.com\/index.php\/wp-json\/wp\/v2\/posts"}],"about":[{"href":"https:\/\/periodicorealidades.com\/index.php\/wp-json\/wp\/v2\/types\/post"}],"author":[{"embeddable":true,"href":"https:\/\/periodicorealidades.com\/index.php\/wp-json\/wp\/v2\/users\/2"}],"replies":[{"embeddable":true,"href":"https:\/\/periodicorealidades.com\/index.php\/wp-json\/wp\/v2\/comments?post=58140"}],"version-history":[{"count":0,"href":"https:\/\/periodicorealidades.com\/index.php\/wp-json\/wp\/v2\/posts\/58140\/revisions"}],"wp:featuredmedia":[{"embeddable":true,"href":"https:\/\/periodicorealidades.com\/index.php\/wp-json\/wp\/v2\/media\/58141"}],"wp:attachment":[{"href":"https:\/\/periodicorealidades.com\/index.php\/wp-json\/wp\/v2\/media?parent=58140"}],"wp:term":[{"taxonomy":"category","embeddable":true,"href":"https:\/\/periodicorealidades.com\/index.php\/wp-json\/wp\/v2\/categories?post=58140"},{"taxonomy":"post_tag","embeddable":true,"href":"https:\/\/periodicorealidades.com\/index.php\/wp-json\/wp\/v2\/tags?post=58140"}],"curies":[{"name":"wp","href":"https:\/\/api.w.org\/{rel}","templated":true}]}}