{"id":59215,"date":"2025-12-04T21:58:56","date_gmt":"2025-12-05T04:58:56","guid":{"rendered":"https:\/\/periodicorealidades.com\/?p=59215"},"modified":"2025-12-04T21:58:57","modified_gmt":"2025-12-05T04:58:57","slug":"arranco-pago-de-becas-del-bienestar-senala-titular-en-nayarit","status":"publish","type":"post","link":"https:\/\/periodicorealidades.com\/index.php\/2025\/12\/04\/arranco-pago-de-becas-del-bienestar-senala-titular-en-nayarit\/","title":{"rendered":"Arranc\u00f3 pago de Becas del Bienestar Se\u00f1ala titular en Nayarit"},"content":{"rendered":"\n<p class=\"wp-block-paragraph\">Se atiende a los que est\u00e1n inscritos en los programas, \u201cBenito Ju\u00e1rez\u201d, \u201cRita Cetina\u201d y \u201cJ\u00f3venes escribiendo el futuro\u201d, y cuenta con su tarjeta<\/p>\n\n\n\n<p class=\"wp-block-paragraph\">Por: Arcelia Garc\u00eda Ortega<\/p>\n\n\n\n<p class=\"wp-block-paragraph\">Tepic, Nayarit; viernes, 05 de diciembre del 2025.- La titular de Becas Bienestar en Nayarit, Brenda D\u00edaz Salazar, inform\u00f3 en conferencia de prensa sobre el cierre de a\u00f1o, expresando que este jueves arranc\u00f3 el calendario de pago del \u00faltimo bimestre del 2025, atendiendo las instrucciones de la presidenta, Claudia Sheimbaum y de la mano del coordinador general,&nbsp; Julio Le\u00f3n.<\/p>\n\n\n\n<p class=\"wp-block-paragraph\">Se estar\u00e1n pagando a los estudiantes de continuidad de los 3 programas, que son, \u201cBenito Ju\u00e1rez\u201d, \u201cRita Cetina\u201d y \u201cJ\u00f3venes escribiendo el futuro\u201d, que son quienes ya tienen su tarjeta. Precis\u00f3 que el pago ser\u00e1 de manera escalonada y organizada seg\u00fan la primera letra del apellido, el calendario oficial se puede consultar en las redes oficiales de la coordinaci\u00f3n nacional.<\/p>\n\n\n\n<p class=\"wp-block-paragraph\">Durante el mes de diciembre, desde el 4 al 18 se estar\u00e1 pagando a 125 mil 431 estudiantes que son becarios en el estado de Nayarit y en este periodo de pago, habr\u00e1 una inversi\u00f3n de m\u00e1s de 229 millones de pesos.<\/p>\n\n\n\n<p class=\"wp-block-paragraph\">En este momento, agreg\u00f3, la coordinaci\u00f3n est\u00e1 realizando la reposici\u00f3n de tarjetas vencidas, es decir, se reemplaza tarjetas a los beneficiarios que ya cuentan con una desde hace bastantes a\u00f1os pero ya est\u00e1n vencidas.<\/p>\n\n\n\n<p class=\"wp-block-paragraph\">Se tiene la meta de reemplazar 3 mil 34 tarjetas vencidas en el estado, las cuales est\u00e1n en las oficinas, se solicitan y la coordinaci\u00f3n les hace llegar la reposici\u00f3n.<\/p>\n\n\n\n<p class=\"wp-block-paragraph\">En la educaci\u00f3n media superior, se tiene un operativo de entrega de tarjetas a todos los estudiantes que se incorporaron en el mes de octubre y hasta ahorita se han entregado 2480 tarjetas de un total de 13 mil 876 tarjetas que se estar\u00e1n entregando durante este periodo.<\/p>\n\n\n\n<p class=\"wp-block-paragraph\">A \u201cJ\u00f3venes de escribiendo el futuro\u201d, se comenzar\u00e1 la entrega el 16 de diciembre, se van a visitar las Universidades prioritarias en el estado de Nayarit y se van a entregar mil 395 tarjetas.<\/p>\n\n\n\n<p class=\"wp-block-paragraph\">Sobre la beca \u201cRita Cetina\u201d que fueron las incorporaciones que se realizaron durante el mes de octubre, asegur\u00f3 que se entregar\u00e1 a inicios del a\u00f1o 2026 todas las tarjetas, para que se les empiece a pagar en el primer bimestre de ese a\u00f1o ya pr\u00f3ximo.<\/p>\n\n\n\n<p class=\"wp-block-paragraph\">Se tienen hasta el momento 44 mil 068 estudiantes beneficiados del programa \u201cRita Cetina\u201d, 43 mil 327 de la \u201cBeca Benito Ju\u00e1rez\u201d, y mil 395 de \u201cJ\u00f3venes escribiendo el futuro\u201d, lo que representa una una inversi\u00f3n social de m\u00e1s de 870 millones de pesos en el estado de Nayarit.<\/p>\n\n\n\n<p class=\"wp-block-paragraph\">Por \u00faltimo, la titular de Becas Bienestar, invit\u00f3 a los j\u00f3venes y&nbsp; a toda la sociedad, a que asistan este pr\u00f3ximo s\u00e1bado 7 de diciembre, al Z\u00f3calo de la Ciudad de M\u00e9xico, para la celebraci\u00f3n de los 7 a\u00f1os de transformaci\u00f3n que est\u00e1 convocando la presidenta de la rep\u00fablica, Claudia Sheinbaum Pardo.<\/p>\n","protected":false},"excerpt":{"rendered":"<p>Se atiende a los que est\u00e1n inscritos en los programas, \u201cBenito Ju\u00e1rez\u201d, \u201cRita Cetina\u201d y \u201cJ\u00f3venes escribiendo el futuro\u201d, y cuenta con su tarjeta Por: Arcelia Garc\u00eda Ortega Tepic, Nayarit; viernes, 05 de diciembre del 2025.- La titular de Becas Bienestar en Nayarit, Brenda D\u00edaz Salazar, inform\u00f3 en conferencia de prensa sobre el cierre de [&hellip;]<\/p>\n","protected":false},"author":2,"featured_media":59216,"comment_status":"closed","ping_status":"open","sticky":false,"template":"","format":"standard","meta":{"footnotes":""},"categories":[4,7],"tags":[],"class_list":["post-59215","post","type-post","status-publish","format-standard","has-post-thumbnail","category-principal","category-tepic"],"yoast_head":"<!-- This site is optimized with the Yoast SEO plugin v28.3 - https:\/\/yoast.com\/product\/yoast-seo-wordpress\/ -->\n<title>Arranc\u00f3 pago de Becas del Bienestar Se\u00f1ala titular en Nayarit - Peri\u00f3dico Realidades<\/title>\n<meta name=\"robots\" content=\"index, follow, max-snippet:-1, max-image-preview:large, max-video-preview:-1\" \/>\n<link rel=\"canonical\" href=\"https:\/\/periodicorealidades.com\/index.php\/2025\/12\/04\/arranco-pago-de-becas-del-bienestar-senala-titular-en-nayarit\/\" \/>\n<meta property=\"og:locale\" content=\"es_MX\" \/>\n<meta property=\"og:type\" content=\"article\" \/>\n<meta property=\"og:title\" content=\"Arranc\u00f3 pago de Becas del Bienestar Se\u00f1ala titular en Nayarit - Peri\u00f3dico Realidades\" \/>\n<meta property=\"og:description\" content=\"Se atiende a los que est\u00e1n inscritos en los programas, \u201cBenito Ju\u00e1rez\u201d, \u201cRita Cetina\u201d y \u201cJ\u00f3venes escribiendo el futuro\u201d, y cuenta con su tarjeta Por: Arcelia Garc\u00eda Ortega Tepic, Nayarit; viernes, 05 de diciembre del 2025.- La titular de Becas Bienestar en Nayarit, Brenda D\u00edaz Salazar, inform\u00f3 en conferencia de prensa sobre el cierre de [&hellip;]\" \/>\n<meta property=\"og:url\" content=\"https:\/\/periodicorealidades.com\/index.php\/2025\/12\/04\/arranco-pago-de-becas-del-bienestar-senala-titular-en-nayarit\/\" \/>\n<meta property=\"og:site_name\" content=\"Peri\u00f3dico Realidades\" \/>\n<meta property=\"article:publisher\" content=\"https:\/\/www.facebook.com\/periodicorealidades.denayarit?mibextid=LQQJ4d\" \/>\n<meta property=\"article:published_time\" content=\"2025-12-05T04:58:56+00:00\" \/>\n<meta property=\"article:modified_time\" content=\"2025-12-05T04:58:57+00:00\" \/>\n<meta property=\"og:image\" content=\"https:\/\/periodicorealidades.com\/wp-content\/uploads\/2025\/12\/Brenda-Diaz-Salazar-1.jpg\" \/>\n\t<meta property=\"og:image:width\" content=\"2048\" \/>\n\t<meta property=\"og:image:height\" content=\"1365\" \/>\n\t<meta property=\"og:image:type\" content=\"image\/jpeg\" \/>\n<meta name=\"author\" content=\"editor\" \/>\n<meta name=\"twitter:card\" content=\"summary_large_image\" \/>\n<meta name=\"twitter:label1\" content=\"Escrito por\" \/>\n\t<meta name=\"twitter:data1\" content=\"editor\" \/>\n\t<meta name=\"twitter:label2\" content=\"Tiempo de lectura\" \/>\n\t<meta name=\"twitter:data2\" content=\"3 minutos\" \/>\n<script type=\"application\/ld+json\" class=\"yoast-schema-graph\">{\"@context\":\"https:\\\/\\\/schema.org\",\"@graph\":[{\"@type\":\"Article\",\"@id\":\"https:\\\/\\\/periodicorealidades.com\\\/index.php\\\/2025\\\/12\\\/04\\\/arranco-pago-de-becas-del-bienestar-senala-titular-en-nayarit\\\/#article\",\"isPartOf\":{\"@id\":\"https:\\\/\\\/periodicorealidades.com\\\/index.php\\\/2025\\\/12\\\/04\\\/arranco-pago-de-becas-del-bienestar-senala-titular-en-nayarit\\\/\"},\"author\":{\"name\":\"editor\",\"@id\":\"https:\\\/\\\/periodicorealidades.com\\\/#\\\/schema\\\/person\\\/c27da34ee13acaec3162071a3e1c7832\"},\"headline\":\"Arranc\u00f3 pago de Becas del Bienestar Se\u00f1ala titular en Nayarit\",\"datePublished\":\"2025-12-05T04:58:56+00:00\",\"dateModified\":\"2025-12-05T04:58:57+00:00\",\"mainEntityOfPage\":{\"@id\":\"https:\\\/\\\/periodicorealidades.com\\\/index.php\\\/2025\\\/12\\\/04\\\/arranco-pago-de-becas-del-bienestar-senala-titular-en-nayarit\\\/\"},\"wordCount\":510,\"publisher\":{\"@id\":\"https:\\\/\\\/periodicorealidades.com\\\/#organization\"},\"image\":{\"@id\":\"https:\\\/\\\/periodicorealidades.com\\\/index.php\\\/2025\\\/12\\\/04\\\/arranco-pago-de-becas-del-bienestar-senala-titular-en-nayarit\\\/#primaryimage\"},\"thumbnailUrl\":\"https:\\\/\\\/periodicorealidades.com\\\/wp-content\\\/uploads\\\/2025\\\/12\\\/Brenda-Diaz-Salazar-1.jpg\",\"articleSection\":[\"Principal\",\"Tepic\"],\"inLanguage\":\"es\"},{\"@type\":\"WebPage\",\"@id\":\"https:\\\/\\\/periodicorealidades.com\\\/index.php\\\/2025\\\/12\\\/04\\\/arranco-pago-de-becas-del-bienestar-senala-titular-en-nayarit\\\/\",\"url\":\"https:\\\/\\\/periodicorealidades.com\\\/index.php\\\/2025\\\/12\\\/04\\\/arranco-pago-de-becas-del-bienestar-senala-titular-en-nayarit\\\/\",\"name\":\"Arranc\u00f3 pago de Becas del Bienestar Se\u00f1ala titular en Nayarit - Peri\u00f3dico Realidades\",\"isPartOf\":{\"@id\":\"https:\\\/\\\/periodicorealidades.com\\\/#website\"},\"primaryImageOfPage\":{\"@id\":\"https:\\\/\\\/periodicorealidades.com\\\/index.php\\\/2025\\\/12\\\/04\\\/arranco-pago-de-becas-del-bienestar-senala-titular-en-nayarit\\\/#primaryimage\"},\"image\":{\"@id\":\"https:\\\/\\\/periodicorealidades.com\\\/index.php\\\/2025\\\/12\\\/04\\\/arranco-pago-de-becas-del-bienestar-senala-titular-en-nayarit\\\/#primaryimage\"},\"thumbnailUrl\":\"https:\\\/\\\/periodicorealidades.com\\\/wp-content\\\/uploads\\\/2025\\\/12\\\/Brenda-Diaz-Salazar-1.jpg\",\"datePublished\":\"2025-12-05T04:58:56+00:00\",\"dateModified\":\"2025-12-05T04:58:57+00:00\",\"breadcrumb\":{\"@id\":\"https:\\\/\\\/periodicorealidades.com\\\/index.php\\\/2025\\\/12\\\/04\\\/arranco-pago-de-becas-del-bienestar-senala-titular-en-nayarit\\\/#breadcrumb\"},\"inLanguage\":\"es\",\"potentialAction\":[{\"@type\":\"ReadAction\",\"target\":[\"https:\\\/\\\/periodicorealidades.com\\\/index.php\\\/2025\\\/12\\\/04\\\/arranco-pago-de-becas-del-bienestar-senala-titular-en-nayarit\\\/\"]}]},{\"@type\":\"ImageObject\",\"inLanguage\":\"es\",\"@id\":\"https:\\\/\\\/periodicorealidades.com\\\/index.php\\\/2025\\\/12\\\/04\\\/arranco-pago-de-becas-del-bienestar-senala-titular-en-nayarit\\\/#primaryimage\",\"url\":\"https:\\\/\\\/periodicorealidades.com\\\/wp-content\\\/uploads\\\/2025\\\/12\\\/Brenda-Diaz-Salazar-1.jpg\",\"contentUrl\":\"https:\\\/\\\/periodicorealidades.com\\\/wp-content\\\/uploads\\\/2025\\\/12\\\/Brenda-Diaz-Salazar-1.jpg\",\"width\":2048,\"height\":1365},{\"@type\":\"BreadcrumbList\",\"@id\":\"https:\\\/\\\/periodicorealidades.com\\\/index.php\\\/2025\\\/12\\\/04\\\/arranco-pago-de-becas-del-bienestar-senala-titular-en-nayarit\\\/#breadcrumb\",\"itemListElement\":[{\"@type\":\"ListItem\",\"position\":1,\"name\":\"Inicio\",\"item\":\"https:\\\/\\\/periodicorealidades.com\\\/\"},{\"@type\":\"ListItem\",\"position\":2,\"name\":\"Arranc\u00f3 pago de Becas del Bienestar Se\u00f1ala titular en Nayarit\"}]},{\"@type\":\"WebSite\",\"@id\":\"https:\\\/\\\/periodicorealidades.com\\\/#website\",\"url\":\"https:\\\/\\\/periodicorealidades.com\\\/\",\"name\":\"Peri\u00f3dico Realidades\",\"description\":\"M\u00e9dio de comunicaci\u00f3n en Nayarit\",\"publisher\":{\"@id\":\"https:\\\/\\\/periodicorealidades.com\\\/#organization\"},\"potentialAction\":[{\"@type\":\"SearchAction\",\"target\":{\"@type\":\"EntryPoint\",\"urlTemplate\":\"https:\\\/\\\/periodicorealidades.com\\\/?s={search_term_string}\"},\"query-input\":{\"@type\":\"PropertyValueSpecification\",\"valueRequired\":true,\"valueName\":\"search_term_string\"}}],\"inLanguage\":\"es\"},{\"@type\":\"Organization\",\"@id\":\"https:\\\/\\\/periodicorealidades.com\\\/#organization\",\"name\":\"Peri\u00f3dico Realidades\",\"url\":\"https:\\\/\\\/periodicorealidades.com\\\/\",\"logo\":{\"@type\":\"ImageObject\",\"inLanguage\":\"es\",\"@id\":\"https:\\\/\\\/periodicorealidades.com\\\/#\\\/schema\\\/logo\\\/image\\\/\",\"url\":\"https:\\\/\\\/periodicorealidades.com\\\/wp-content\\\/uploads\\\/2023\\\/05\\\/r-prueba.png\",\"contentUrl\":\"https:\\\/\\\/periodicorealidades.com\\\/wp-content\\\/uploads\\\/2023\\\/05\\\/r-prueba.png\",\"width\":709,\"height\":709,\"caption\":\"Peri\u00f3dico Realidades\"},\"image\":{\"@id\":\"https:\\\/\\\/periodicorealidades.com\\\/#\\\/schema\\\/logo\\\/image\\\/\"},\"sameAs\":[\"https:\\\/\\\/www.facebook.com\\\/periodicorealidades.denayarit?mibextid=LQQJ4d\"]},{\"@type\":\"Person\",\"@id\":\"https:\\\/\\\/periodicorealidades.com\\\/#\\\/schema\\\/person\\\/c27da34ee13acaec3162071a3e1c7832\",\"name\":\"editor\",\"image\":{\"@type\":\"ImageObject\",\"inLanguage\":\"es\",\"@id\":\"https:\\\/\\\/secure.gravatar.com\\\/avatar\\\/dda3c3f59ea25f4b53cd53df977b0b2628039b17268e57c944a79a00e8a56e26?s=96&d=mm&r=g\",\"url\":\"https:\\\/\\\/secure.gravatar.com\\\/avatar\\\/dda3c3f59ea25f4b53cd53df977b0b2628039b17268e57c944a79a00e8a56e26?s=96&d=mm&r=g\",\"contentUrl\":\"https:\\\/\\\/secure.gravatar.com\\\/avatar\\\/dda3c3f59ea25f4b53cd53df977b0b2628039b17268e57c944a79a00e8a56e26?s=96&d=mm&r=g\",\"caption\":\"editor\"},\"url\":\"https:\\\/\\\/periodicorealidades.com\\\/index.php\\\/author\\\/editor\\\/\"}]}<\/script>\n<!-- \/ Yoast SEO plugin. -->","yoast_head_json":{"title":"Arranc\u00f3 pago de Becas del Bienestar Se\u00f1ala titular en Nayarit - Peri\u00f3dico Realidades","robots":{"index":"index","follow":"follow","max-snippet":"max-snippet:-1","max-image-preview":"max-image-preview:large","max-video-preview":"max-video-preview:-1"},"canonical":"https:\/\/periodicorealidades.com\/index.php\/2025\/12\/04\/arranco-pago-de-becas-del-bienestar-senala-titular-en-nayarit\/","og_locale":"es_MX","og_type":"article","og_title":"Arranc\u00f3 pago de Becas del Bienestar Se\u00f1ala titular en Nayarit - Peri\u00f3dico Realidades","og_description":"Se atiende a los que est\u00e1n inscritos en los programas, \u201cBenito Ju\u00e1rez\u201d, \u201cRita Cetina\u201d y \u201cJ\u00f3venes escribiendo el futuro\u201d, y cuenta con su tarjeta Por: Arcelia Garc\u00eda Ortega Tepic, Nayarit; viernes, 05 de diciembre del 2025.- La titular de Becas Bienestar en Nayarit, Brenda D\u00edaz Salazar, inform\u00f3 en conferencia de prensa sobre el cierre de [&hellip;]","og_url":"https:\/\/periodicorealidades.com\/index.php\/2025\/12\/04\/arranco-pago-de-becas-del-bienestar-senala-titular-en-nayarit\/","og_site_name":"Peri\u00f3dico Realidades","article_publisher":"https:\/\/www.facebook.com\/periodicorealidades.denayarit?mibextid=LQQJ4d","article_published_time":"2025-12-05T04:58:56+00:00","article_modified_time":"2025-12-05T04:58:57+00:00","og_image":[{"width":2048,"height":1365,"url":"https:\/\/periodicorealidades.com\/wp-content\/uploads\/2025\/12\/Brenda-Diaz-Salazar-1.jpg","type":"image\/jpeg"}],"author":"editor","twitter_card":"summary_large_image","twitter_misc":{"Escrito por":"editor","Tiempo de lectura":"3 minutos"},"schema":{"@context":"https:\/\/schema.org","@graph":[{"@type":"Article","@id":"https:\/\/periodicorealidades.com\/index.php\/2025\/12\/04\/arranco-pago-de-becas-del-bienestar-senala-titular-en-nayarit\/#article","isPartOf":{"@id":"https:\/\/periodicorealidades.com\/index.php\/2025\/12\/04\/arranco-pago-de-becas-del-bienestar-senala-titular-en-nayarit\/"},"author":{"name":"editor","@id":"https:\/\/periodicorealidades.com\/#\/schema\/person\/c27da34ee13acaec3162071a3e1c7832"},"headline":"Arranc\u00f3 pago de Becas del Bienestar Se\u00f1ala titular en Nayarit","datePublished":"2025-12-05T04:58:56+00:00","dateModified":"2025-12-05T04:58:57+00:00","mainEntityOfPage":{"@id":"https:\/\/periodicorealidades.com\/index.php\/2025\/12\/04\/arranco-pago-de-becas-del-bienestar-senala-titular-en-nayarit\/"},"wordCount":510,"publisher":{"@id":"https:\/\/periodicorealidades.com\/#organization"},"image":{"@id":"https:\/\/periodicorealidades.com\/index.php\/2025\/12\/04\/arranco-pago-de-becas-del-bienestar-senala-titular-en-nayarit\/#primaryimage"},"thumbnailUrl":"https:\/\/periodicorealidades.com\/wp-content\/uploads\/2025\/12\/Brenda-Diaz-Salazar-1.jpg","articleSection":["Principal","Tepic"],"inLanguage":"es"},{"@type":"WebPage","@id":"https:\/\/periodicorealidades.com\/index.php\/2025\/12\/04\/arranco-pago-de-becas-del-bienestar-senala-titular-en-nayarit\/","url":"https:\/\/periodicorealidades.com\/index.php\/2025\/12\/04\/arranco-pago-de-becas-del-bienestar-senala-titular-en-nayarit\/","name":"Arranc\u00f3 pago de Becas del Bienestar Se\u00f1ala titular en Nayarit - Peri\u00f3dico Realidades","isPartOf":{"@id":"https:\/\/periodicorealidades.com\/#website"},"primaryImageOfPage":{"@id":"https:\/\/periodicorealidades.com\/index.php\/2025\/12\/04\/arranco-pago-de-becas-del-bienestar-senala-titular-en-nayarit\/#primaryimage"},"image":{"@id":"https:\/\/periodicorealidades.com\/index.php\/2025\/12\/04\/arranco-pago-de-becas-del-bienestar-senala-titular-en-nayarit\/#primaryimage"},"thumbnailUrl":"https:\/\/periodicorealidades.com\/wp-content\/uploads\/2025\/12\/Brenda-Diaz-Salazar-1.jpg","datePublished":"2025-12-05T04:58:56+00:00","dateModified":"2025-12-05T04:58:57+00:00","breadcrumb":{"@id":"https:\/\/periodicorealidades.com\/index.php\/2025\/12\/04\/arranco-pago-de-becas-del-bienestar-senala-titular-en-nayarit\/#breadcrumb"},"inLanguage":"es","potentialAction":[{"@type":"ReadAction","target":["https:\/\/periodicorealidades.com\/index.php\/2025\/12\/04\/arranco-pago-de-becas-del-bienestar-senala-titular-en-nayarit\/"]}]},{"@type":"ImageObject","inLanguage":"es","@id":"https:\/\/periodicorealidades.com\/index.php\/2025\/12\/04\/arranco-pago-de-becas-del-bienestar-senala-titular-en-nayarit\/#primaryimage","url":"https:\/\/periodicorealidades.com\/wp-content\/uploads\/2025\/12\/Brenda-Diaz-Salazar-1.jpg","contentUrl":"https:\/\/periodicorealidades.com\/wp-content\/uploads\/2025\/12\/Brenda-Diaz-Salazar-1.jpg","width":2048,"height":1365},{"@type":"BreadcrumbList","@id":"https:\/\/periodicorealidades.com\/index.php\/2025\/12\/04\/arranco-pago-de-becas-del-bienestar-senala-titular-en-nayarit\/#breadcrumb","itemListElement":[{"@type":"ListItem","position":1,"name":"Inicio","item":"https:\/\/periodicorealidades.com\/"},{"@type":"ListItem","position":2,"name":"Arranc\u00f3 pago de Becas del Bienestar Se\u00f1ala titular en Nayarit"}]},{"@type":"WebSite","@id":"https:\/\/periodicorealidades.com\/#website","url":"https:\/\/periodicorealidades.com\/","name":"Peri\u00f3dico Realidades","description":"M\u00e9dio de comunicaci\u00f3n en Nayarit","publisher":{"@id":"https:\/\/periodicorealidades.com\/#organization"},"potentialAction":[{"@type":"SearchAction","target":{"@type":"EntryPoint","urlTemplate":"https:\/\/periodicorealidades.com\/?s={search_term_string}"},"query-input":{"@type":"PropertyValueSpecification","valueRequired":true,"valueName":"search_term_string"}}],"inLanguage":"es"},{"@type":"Organization","@id":"https:\/\/periodicorealidades.com\/#organization","name":"Peri\u00f3dico Realidades","url":"https:\/\/periodicorealidades.com\/","logo":{"@type":"ImageObject","inLanguage":"es","@id":"https:\/\/periodicorealidades.com\/#\/schema\/logo\/image\/","url":"https:\/\/periodicorealidades.com\/wp-content\/uploads\/2023\/05\/r-prueba.png","contentUrl":"https:\/\/periodicorealidades.com\/wp-content\/uploads\/2023\/05\/r-prueba.png","width":709,"height":709,"caption":"Peri\u00f3dico Realidades"},"image":{"@id":"https:\/\/periodicorealidades.com\/#\/schema\/logo\/image\/"},"sameAs":["https:\/\/www.facebook.com\/periodicorealidades.denayarit?mibextid=LQQJ4d"]},{"@type":"Person","@id":"https:\/\/periodicorealidades.com\/#\/schema\/person\/c27da34ee13acaec3162071a3e1c7832","name":"editor","image":{"@type":"ImageObject","inLanguage":"es","@id":"https:\/\/secure.gravatar.com\/avatar\/dda3c3f59ea25f4b53cd53df977b0b2628039b17268e57c944a79a00e8a56e26?s=96&d=mm&r=g","url":"https:\/\/secure.gravatar.com\/avatar\/dda3c3f59ea25f4b53cd53df977b0b2628039b17268e57c944a79a00e8a56e26?s=96&d=mm&r=g","contentUrl":"https:\/\/secure.gravatar.com\/avatar\/dda3c3f59ea25f4b53cd53df977b0b2628039b17268e57c944a79a00e8a56e26?s=96&d=mm&r=g","caption":"editor"},"url":"https:\/\/periodicorealidades.com\/index.php\/author\/editor\/"}]}},"_links":{"self":[{"href":"https:\/\/periodicorealidades.com\/index.php\/wp-json\/wp\/v2\/posts\/59215","targetHints":{"allow":["GET"]}}],"collection":[{"href":"https:\/\/periodicorealidades.com\/index.php\/wp-json\/wp\/v2\/posts"}],"about":[{"href":"https:\/\/periodicorealidades.com\/index.php\/wp-json\/wp\/v2\/types\/post"}],"author":[{"embeddable":true,"href":"https:\/\/periodicorealidades.com\/index.php\/wp-json\/wp\/v2\/users\/2"}],"replies":[{"embeddable":true,"href":"https:\/\/periodicorealidades.com\/index.php\/wp-json\/wp\/v2\/comments?post=59215"}],"version-history":[{"count":0,"href":"https:\/\/periodicorealidades.com\/index.php\/wp-json\/wp\/v2\/posts\/59215\/revisions"}],"wp:featuredmedia":[{"embeddable":true,"href":"https:\/\/periodicorealidades.com\/index.php\/wp-json\/wp\/v2\/media\/59216"}],"wp:attachment":[{"href":"https:\/\/periodicorealidades.com\/index.php\/wp-json\/wp\/v2\/media?parent=59215"}],"wp:term":[{"taxonomy":"category","embeddable":true,"href":"https:\/\/periodicorealidades.com\/index.php\/wp-json\/wp\/v2\/categories?post=59215"},{"taxonomy":"post_tag","embeddable":true,"href":"https:\/\/periodicorealidades.com\/index.php\/wp-json\/wp\/v2\/tags?post=59215"}],"curies":[{"name":"wp","href":"https:\/\/api.w.org\/{rel}","templated":true}]}}