{"id":59244,"date":"2025-12-04T22:01:14","date_gmt":"2025-12-05T05:01:14","guid":{"rendered":"https:\/\/periodicorealidades.com\/?p=59244"},"modified":"2025-12-04T22:01:15","modified_gmt":"2025-12-05T05:01:15","slug":"aumenta-congreso-hasta-35-anos-para-agresores","status":"publish","type":"post","link":"https:\/\/periodicorealidades.com\/index.php\/2025\/12\/04\/aumenta-congreso-hasta-35-anos-para-agresores\/","title":{"rendered":"Aumenta Congreso hasta 35 a\u00f1os para agresores"},"content":{"rendered":"\n<p class=\"wp-block-paragraph\">Con el compromiso de construir un entorno seguro, justo y respetuoso para todas las personas en Nayarit, en Sesi\u00f3n P\u00fablica Ordinaria de las y los diputados integrantes de la Trig\u00e9sima Cuarta Legislatura votaron a favor de reformar diversos art\u00edculos del C\u00f3digo Penal para el Estado, en materia de violaci\u00f3n y violencia familiar.<\/p>\n\n\n\n<p class=\"wp-block-paragraph\">Por: Bolet\u00ecn<\/p>\n\n\n\n<p class=\"wp-block-paragraph\">Tepic, Nayarit; viernes, 05 de diciembre de 2025.- De las reformas aprobadas, se destaca que quien ejerza violencia familiar ser\u00e1 sancionado con cuatro hasta nueve a\u00f1os de prisi\u00f3n y multa con m\u00e1s de 60 mil pesos, el agresor tambi\u00e9n podr\u00e1 perder el derecho de la patria potestad, tutela o alimentos. Y si la violencia se ejerce contra la mujer por razones de g\u00e9nero, la pena aumenta de cinco hasta 11 a\u00f1os de prisi\u00f3n.<\/p>\n\n\n\n<p class=\"wp-block-paragraph\">Por el delito de violaci\u00f3n, a partir de las reformas aprobadas, en Nayarit se castigar\u00e1 de 15 hasta 25 a\u00f1os de prisi\u00f3n en casos generales, y de 20 hasta 35 a\u00f1os de prisi\u00f3n en casos agravados.<\/p>\n\n\n\n<p class=\"wp-block-paragraph\">La modificaci\u00f3n a los art\u00edculos 293, 294 y 311 del C\u00f3digo Penal, tambi\u00e9n permitir\u00e1 que las v\u00edctimas sean escuchadas y los agresores reciban castigos fuertes, buscando la protecci\u00f3n de mujeres, ni\u00f1as, ni\u00f1os y adolescentes y as\u00ed prevenir futuros delitos.<\/p>\n\n\n\n<p class=\"wp-block-paragraph\">En la misma jornada legislativa, las y los representantes populares dieron su voto afirmativo para que este Congreso local remita al Congreso de la Uni\u00f3n la iniciativa con proyecto de decreto que reforma diversas disposiciones del C\u00f3digo Nacional de Procedimientos Penales, en materia de procedimiento abreviado.<\/p>\n\n\n\n<p class=\"wp-block-paragraph\">Tal propuesta busca fortalecer la justicia, garantizar que las v\u00edctimas accedan efectivamente a ella y asegurar que las penas sean proporcionales y protejan especialmente a las mujeres contra la violencia.<\/p>\n\n\n\n<p class=\"wp-block-paragraph\">Las reformas al C\u00f3digo Penal y la propuesta sobre el procedimiento abreviado, fueron presentadas a esta Soberan\u00eda Popular por el titular del Poder Ejecutivo, doctor Miguel \u00c1ngel Navarro Quintero.<\/p>\n\n\n\n<p class=\"wp-block-paragraph\">M\u00e1s de las resoluciones legislativas aprobadas fue la reforma a la Ley Municipal para el Estado de Nayarit, en materia de sesiones de cabildo, las cuales se\u00f1alan que deber\u00e1n ser p\u00fablicas y transmitidas en vivo.<\/p>\n\n\n\n<p class=\"wp-block-paragraph\">Tambi\u00e9n, aprobaron ocho Leyes de Ingresos para el ejercicio fiscal del 2026 para los municipios de Acaponeta, Ahuacatl\u00e1n, Amatl\u00e1n de Ca\u00f1as, Rosamorada, Huajicori, Jala, Ruiz y La Yesca; se ratific\u00f3 al presidente propietario y a la presidenta suplente del Patronato para Administrar el Impuesto Especial Destinado a la Universidad Aut\u00f3noma de Nayarit y al titular de la Secretar\u00eda para la Honestidad y Buena Gobernanza del Gobierno del Estado.<\/p>\n","protected":false},"excerpt":{"rendered":"<p>Con el compromiso de construir un entorno seguro, justo y respetuoso para todas las personas en Nayarit, en Sesi\u00f3n P\u00fablica Ordinaria de las y los diputados integrantes de la Trig\u00e9sima Cuarta Legislatura votaron a favor de reformar diversos art\u00edculos del C\u00f3digo Penal para el Estado, en materia de violaci\u00f3n y violencia familiar. Por: Bolet\u00ecn Tepic, [&hellip;]<\/p>\n","protected":false},"author":2,"featured_media":45458,"comment_status":"closed","ping_status":"open","sticky":false,"template":"","format":"standard","meta":{"footnotes":""},"categories":[4,7],"tags":[],"class_list":["post-59244","post","type-post","status-publish","format-standard","has-post-thumbnail","category-principal","category-tepic"],"yoast_head":"<!-- This site is optimized with the Yoast SEO plugin v28.3 - https:\/\/yoast.com\/product\/yoast-seo-wordpress\/ -->\n<title>Aumenta Congreso hasta 35 a\u00f1os para agresores - Peri\u00f3dico Realidades<\/title>\n<meta name=\"robots\" content=\"index, follow, max-snippet:-1, max-image-preview:large, max-video-preview:-1\" \/>\n<link rel=\"canonical\" href=\"https:\/\/periodicorealidades.com\/index.php\/2025\/12\/04\/aumenta-congreso-hasta-35-anos-para-agresores\/\" \/>\n<meta property=\"og:locale\" content=\"es_MX\" \/>\n<meta property=\"og:type\" content=\"article\" \/>\n<meta property=\"og:title\" content=\"Aumenta Congreso hasta 35 a\u00f1os para agresores - Peri\u00f3dico Realidades\" \/>\n<meta property=\"og:description\" content=\"Con el compromiso de construir un entorno seguro, justo y respetuoso para todas las personas en Nayarit, en Sesi\u00f3n P\u00fablica Ordinaria de las y los diputados integrantes de la Trig\u00e9sima Cuarta Legislatura votaron a favor de reformar diversos art\u00edculos del C\u00f3digo Penal para el Estado, en materia de violaci\u00f3n y violencia familiar. Por: Bolet\u00ecn Tepic, [&hellip;]\" \/>\n<meta property=\"og:url\" content=\"https:\/\/periodicorealidades.com\/index.php\/2025\/12\/04\/aumenta-congreso-hasta-35-anos-para-agresores\/\" \/>\n<meta property=\"og:site_name\" content=\"Peri\u00f3dico Realidades\" \/>\n<meta property=\"article:publisher\" content=\"https:\/\/www.facebook.com\/periodicorealidades.denayarit?mibextid=LQQJ4d\" \/>\n<meta property=\"article:published_time\" content=\"2025-12-05T05:01:14+00:00\" \/>\n<meta property=\"article:modified_time\" content=\"2025-12-05T05:01:15+00:00\" \/>\n<meta property=\"og:image\" content=\"https:\/\/periodicorealidades.com\/wp-content\/uploads\/2025\/05\/congreso-nayarit.jpg\" \/>\n\t<meta property=\"og:image:width\" content=\"800\" \/>\n\t<meta property=\"og:image:height\" content=\"600\" \/>\n\t<meta property=\"og:image:type\" content=\"image\/jpeg\" \/>\n<meta name=\"author\" content=\"editor\" \/>\n<meta name=\"twitter:card\" content=\"summary_large_image\" \/>\n<meta name=\"twitter:label1\" content=\"Escrito por\" \/>\n\t<meta name=\"twitter:data1\" content=\"editor\" \/>\n\t<meta name=\"twitter:label2\" content=\"Tiempo de lectura\" \/>\n\t<meta name=\"twitter:data2\" content=\"2 minutos\" \/>\n<script type=\"application\/ld+json\" class=\"yoast-schema-graph\">{\"@context\":\"https:\\\/\\\/schema.org\",\"@graph\":[{\"@type\":\"Article\",\"@id\":\"https:\\\/\\\/periodicorealidades.com\\\/index.php\\\/2025\\\/12\\\/04\\\/aumenta-congreso-hasta-35-anos-para-agresores\\\/#article\",\"isPartOf\":{\"@id\":\"https:\\\/\\\/periodicorealidades.com\\\/index.php\\\/2025\\\/12\\\/04\\\/aumenta-congreso-hasta-35-anos-para-agresores\\\/\"},\"author\":{\"name\":\"editor\",\"@id\":\"https:\\\/\\\/periodicorealidades.com\\\/#\\\/schema\\\/person\\\/c27da34ee13acaec3162071a3e1c7832\"},\"headline\":\"Aumenta Congreso hasta 35 a\u00f1os para agresores\",\"datePublished\":\"2025-12-05T05:01:14+00:00\",\"dateModified\":\"2025-12-05T05:01:15+00:00\",\"mainEntityOfPage\":{\"@id\":\"https:\\\/\\\/periodicorealidades.com\\\/index.php\\\/2025\\\/12\\\/04\\\/aumenta-congreso-hasta-35-anos-para-agresores\\\/\"},\"wordCount\":448,\"publisher\":{\"@id\":\"https:\\\/\\\/periodicorealidades.com\\\/#organization\"},\"image\":{\"@id\":\"https:\\\/\\\/periodicorealidades.com\\\/index.php\\\/2025\\\/12\\\/04\\\/aumenta-congreso-hasta-35-anos-para-agresores\\\/#primaryimage\"},\"thumbnailUrl\":\"https:\\\/\\\/periodicorealidades.com\\\/wp-content\\\/uploads\\\/2025\\\/05\\\/congreso-nayarit.jpg\",\"articleSection\":[\"Principal\",\"Tepic\"],\"inLanguage\":\"es\"},{\"@type\":\"WebPage\",\"@id\":\"https:\\\/\\\/periodicorealidades.com\\\/index.php\\\/2025\\\/12\\\/04\\\/aumenta-congreso-hasta-35-anos-para-agresores\\\/\",\"url\":\"https:\\\/\\\/periodicorealidades.com\\\/index.php\\\/2025\\\/12\\\/04\\\/aumenta-congreso-hasta-35-anos-para-agresores\\\/\",\"name\":\"Aumenta Congreso hasta 35 a\u00f1os para agresores - Peri\u00f3dico Realidades\",\"isPartOf\":{\"@id\":\"https:\\\/\\\/periodicorealidades.com\\\/#website\"},\"primaryImageOfPage\":{\"@id\":\"https:\\\/\\\/periodicorealidades.com\\\/index.php\\\/2025\\\/12\\\/04\\\/aumenta-congreso-hasta-35-anos-para-agresores\\\/#primaryimage\"},\"image\":{\"@id\":\"https:\\\/\\\/periodicorealidades.com\\\/index.php\\\/2025\\\/12\\\/04\\\/aumenta-congreso-hasta-35-anos-para-agresores\\\/#primaryimage\"},\"thumbnailUrl\":\"https:\\\/\\\/periodicorealidades.com\\\/wp-content\\\/uploads\\\/2025\\\/05\\\/congreso-nayarit.jpg\",\"datePublished\":\"2025-12-05T05:01:14+00:00\",\"dateModified\":\"2025-12-05T05:01:15+00:00\",\"breadcrumb\":{\"@id\":\"https:\\\/\\\/periodicorealidades.com\\\/index.php\\\/2025\\\/12\\\/04\\\/aumenta-congreso-hasta-35-anos-para-agresores\\\/#breadcrumb\"},\"inLanguage\":\"es\",\"potentialAction\":[{\"@type\":\"ReadAction\",\"target\":[\"https:\\\/\\\/periodicorealidades.com\\\/index.php\\\/2025\\\/12\\\/04\\\/aumenta-congreso-hasta-35-anos-para-agresores\\\/\"]}]},{\"@type\":\"ImageObject\",\"inLanguage\":\"es\",\"@id\":\"https:\\\/\\\/periodicorealidades.com\\\/index.php\\\/2025\\\/12\\\/04\\\/aumenta-congreso-hasta-35-anos-para-agresores\\\/#primaryimage\",\"url\":\"https:\\\/\\\/periodicorealidades.com\\\/wp-content\\\/uploads\\\/2025\\\/05\\\/congreso-nayarit.jpg\",\"contentUrl\":\"https:\\\/\\\/periodicorealidades.com\\\/wp-content\\\/uploads\\\/2025\\\/05\\\/congreso-nayarit.jpg\",\"width\":800,\"height\":600},{\"@type\":\"BreadcrumbList\",\"@id\":\"https:\\\/\\\/periodicorealidades.com\\\/index.php\\\/2025\\\/12\\\/04\\\/aumenta-congreso-hasta-35-anos-para-agresores\\\/#breadcrumb\",\"itemListElement\":[{\"@type\":\"ListItem\",\"position\":1,\"name\":\"Inicio\",\"item\":\"https:\\\/\\\/periodicorealidades.com\\\/\"},{\"@type\":\"ListItem\",\"position\":2,\"name\":\"Aumenta Congreso hasta 35 a\u00f1os para agresores\"}]},{\"@type\":\"WebSite\",\"@id\":\"https:\\\/\\\/periodicorealidades.com\\\/#website\",\"url\":\"https:\\\/\\\/periodicorealidades.com\\\/\",\"name\":\"Peri\u00f3dico Realidades\",\"description\":\"M\u00e9dio de comunicaci\u00f3n en Nayarit\",\"publisher\":{\"@id\":\"https:\\\/\\\/periodicorealidades.com\\\/#organization\"},\"potentialAction\":[{\"@type\":\"SearchAction\",\"target\":{\"@type\":\"EntryPoint\",\"urlTemplate\":\"https:\\\/\\\/periodicorealidades.com\\\/?s={search_term_string}\"},\"query-input\":{\"@type\":\"PropertyValueSpecification\",\"valueRequired\":true,\"valueName\":\"search_term_string\"}}],\"inLanguage\":\"es\"},{\"@type\":\"Organization\",\"@id\":\"https:\\\/\\\/periodicorealidades.com\\\/#organization\",\"name\":\"Peri\u00f3dico Realidades\",\"url\":\"https:\\\/\\\/periodicorealidades.com\\\/\",\"logo\":{\"@type\":\"ImageObject\",\"inLanguage\":\"es\",\"@id\":\"https:\\\/\\\/periodicorealidades.com\\\/#\\\/schema\\\/logo\\\/image\\\/\",\"url\":\"https:\\\/\\\/periodicorealidades.com\\\/wp-content\\\/uploads\\\/2023\\\/05\\\/r-prueba.png\",\"contentUrl\":\"https:\\\/\\\/periodicorealidades.com\\\/wp-content\\\/uploads\\\/2023\\\/05\\\/r-prueba.png\",\"width\":709,\"height\":709,\"caption\":\"Peri\u00f3dico Realidades\"},\"image\":{\"@id\":\"https:\\\/\\\/periodicorealidades.com\\\/#\\\/schema\\\/logo\\\/image\\\/\"},\"sameAs\":[\"https:\\\/\\\/www.facebook.com\\\/periodicorealidades.denayarit?mibextid=LQQJ4d\"]},{\"@type\":\"Person\",\"@id\":\"https:\\\/\\\/periodicorealidades.com\\\/#\\\/schema\\\/person\\\/c27da34ee13acaec3162071a3e1c7832\",\"name\":\"editor\",\"image\":{\"@type\":\"ImageObject\",\"inLanguage\":\"es\",\"@id\":\"https:\\\/\\\/secure.gravatar.com\\\/avatar\\\/dda3c3f59ea25f4b53cd53df977b0b2628039b17268e57c944a79a00e8a56e26?s=96&d=mm&r=g\",\"url\":\"https:\\\/\\\/secure.gravatar.com\\\/avatar\\\/dda3c3f59ea25f4b53cd53df977b0b2628039b17268e57c944a79a00e8a56e26?s=96&d=mm&r=g\",\"contentUrl\":\"https:\\\/\\\/secure.gravatar.com\\\/avatar\\\/dda3c3f59ea25f4b53cd53df977b0b2628039b17268e57c944a79a00e8a56e26?s=96&d=mm&r=g\",\"caption\":\"editor\"},\"url\":\"https:\\\/\\\/periodicorealidades.com\\\/index.php\\\/author\\\/editor\\\/\"}]}<\/script>\n<!-- \/ Yoast SEO plugin. -->","yoast_head_json":{"title":"Aumenta Congreso hasta 35 a\u00f1os para agresores - Peri\u00f3dico Realidades","robots":{"index":"index","follow":"follow","max-snippet":"max-snippet:-1","max-image-preview":"max-image-preview:large","max-video-preview":"max-video-preview:-1"},"canonical":"https:\/\/periodicorealidades.com\/index.php\/2025\/12\/04\/aumenta-congreso-hasta-35-anos-para-agresores\/","og_locale":"es_MX","og_type":"article","og_title":"Aumenta Congreso hasta 35 a\u00f1os para agresores - Peri\u00f3dico Realidades","og_description":"Con el compromiso de construir un entorno seguro, justo y respetuoso para todas las personas en Nayarit, en Sesi\u00f3n P\u00fablica Ordinaria de las y los diputados integrantes de la Trig\u00e9sima Cuarta Legislatura votaron a favor de reformar diversos art\u00edculos del C\u00f3digo Penal para el Estado, en materia de violaci\u00f3n y violencia familiar. Por: Bolet\u00ecn Tepic, [&hellip;]","og_url":"https:\/\/periodicorealidades.com\/index.php\/2025\/12\/04\/aumenta-congreso-hasta-35-anos-para-agresores\/","og_site_name":"Peri\u00f3dico Realidades","article_publisher":"https:\/\/www.facebook.com\/periodicorealidades.denayarit?mibextid=LQQJ4d","article_published_time":"2025-12-05T05:01:14+00:00","article_modified_time":"2025-12-05T05:01:15+00:00","og_image":[{"width":800,"height":600,"url":"https:\/\/periodicorealidades.com\/wp-content\/uploads\/2025\/05\/congreso-nayarit.jpg","type":"image\/jpeg"}],"author":"editor","twitter_card":"summary_large_image","twitter_misc":{"Escrito por":"editor","Tiempo de lectura":"2 minutos"},"schema":{"@context":"https:\/\/schema.org","@graph":[{"@type":"Article","@id":"https:\/\/periodicorealidades.com\/index.php\/2025\/12\/04\/aumenta-congreso-hasta-35-anos-para-agresores\/#article","isPartOf":{"@id":"https:\/\/periodicorealidades.com\/index.php\/2025\/12\/04\/aumenta-congreso-hasta-35-anos-para-agresores\/"},"author":{"name":"editor","@id":"https:\/\/periodicorealidades.com\/#\/schema\/person\/c27da34ee13acaec3162071a3e1c7832"},"headline":"Aumenta Congreso hasta 35 a\u00f1os para agresores","datePublished":"2025-12-05T05:01:14+00:00","dateModified":"2025-12-05T05:01:15+00:00","mainEntityOfPage":{"@id":"https:\/\/periodicorealidades.com\/index.php\/2025\/12\/04\/aumenta-congreso-hasta-35-anos-para-agresores\/"},"wordCount":448,"publisher":{"@id":"https:\/\/periodicorealidades.com\/#organization"},"image":{"@id":"https:\/\/periodicorealidades.com\/index.php\/2025\/12\/04\/aumenta-congreso-hasta-35-anos-para-agresores\/#primaryimage"},"thumbnailUrl":"https:\/\/periodicorealidades.com\/wp-content\/uploads\/2025\/05\/congreso-nayarit.jpg","articleSection":["Principal","Tepic"],"inLanguage":"es"},{"@type":"WebPage","@id":"https:\/\/periodicorealidades.com\/index.php\/2025\/12\/04\/aumenta-congreso-hasta-35-anos-para-agresores\/","url":"https:\/\/periodicorealidades.com\/index.php\/2025\/12\/04\/aumenta-congreso-hasta-35-anos-para-agresores\/","name":"Aumenta Congreso hasta 35 a\u00f1os para agresores - Peri\u00f3dico Realidades","isPartOf":{"@id":"https:\/\/periodicorealidades.com\/#website"},"primaryImageOfPage":{"@id":"https:\/\/periodicorealidades.com\/index.php\/2025\/12\/04\/aumenta-congreso-hasta-35-anos-para-agresores\/#primaryimage"},"image":{"@id":"https:\/\/periodicorealidades.com\/index.php\/2025\/12\/04\/aumenta-congreso-hasta-35-anos-para-agresores\/#primaryimage"},"thumbnailUrl":"https:\/\/periodicorealidades.com\/wp-content\/uploads\/2025\/05\/congreso-nayarit.jpg","datePublished":"2025-12-05T05:01:14+00:00","dateModified":"2025-12-05T05:01:15+00:00","breadcrumb":{"@id":"https:\/\/periodicorealidades.com\/index.php\/2025\/12\/04\/aumenta-congreso-hasta-35-anos-para-agresores\/#breadcrumb"},"inLanguage":"es","potentialAction":[{"@type":"ReadAction","target":["https:\/\/periodicorealidades.com\/index.php\/2025\/12\/04\/aumenta-congreso-hasta-35-anos-para-agresores\/"]}]},{"@type":"ImageObject","inLanguage":"es","@id":"https:\/\/periodicorealidades.com\/index.php\/2025\/12\/04\/aumenta-congreso-hasta-35-anos-para-agresores\/#primaryimage","url":"https:\/\/periodicorealidades.com\/wp-content\/uploads\/2025\/05\/congreso-nayarit.jpg","contentUrl":"https:\/\/periodicorealidades.com\/wp-content\/uploads\/2025\/05\/congreso-nayarit.jpg","width":800,"height":600},{"@type":"BreadcrumbList","@id":"https:\/\/periodicorealidades.com\/index.php\/2025\/12\/04\/aumenta-congreso-hasta-35-anos-para-agresores\/#breadcrumb","itemListElement":[{"@type":"ListItem","position":1,"name":"Inicio","item":"https:\/\/periodicorealidades.com\/"},{"@type":"ListItem","position":2,"name":"Aumenta Congreso hasta 35 a\u00f1os para agresores"}]},{"@type":"WebSite","@id":"https:\/\/periodicorealidades.com\/#website","url":"https:\/\/periodicorealidades.com\/","name":"Peri\u00f3dico Realidades","description":"M\u00e9dio de comunicaci\u00f3n en Nayarit","publisher":{"@id":"https:\/\/periodicorealidades.com\/#organization"},"potentialAction":[{"@type":"SearchAction","target":{"@type":"EntryPoint","urlTemplate":"https:\/\/periodicorealidades.com\/?s={search_term_string}"},"query-input":{"@type":"PropertyValueSpecification","valueRequired":true,"valueName":"search_term_string"}}],"inLanguage":"es"},{"@type":"Organization","@id":"https:\/\/periodicorealidades.com\/#organization","name":"Peri\u00f3dico Realidades","url":"https:\/\/periodicorealidades.com\/","logo":{"@type":"ImageObject","inLanguage":"es","@id":"https:\/\/periodicorealidades.com\/#\/schema\/logo\/image\/","url":"https:\/\/periodicorealidades.com\/wp-content\/uploads\/2023\/05\/r-prueba.png","contentUrl":"https:\/\/periodicorealidades.com\/wp-content\/uploads\/2023\/05\/r-prueba.png","width":709,"height":709,"caption":"Peri\u00f3dico Realidades"},"image":{"@id":"https:\/\/periodicorealidades.com\/#\/schema\/logo\/image\/"},"sameAs":["https:\/\/www.facebook.com\/periodicorealidades.denayarit?mibextid=LQQJ4d"]},{"@type":"Person","@id":"https:\/\/periodicorealidades.com\/#\/schema\/person\/c27da34ee13acaec3162071a3e1c7832","name":"editor","image":{"@type":"ImageObject","inLanguage":"es","@id":"https:\/\/secure.gravatar.com\/avatar\/dda3c3f59ea25f4b53cd53df977b0b2628039b17268e57c944a79a00e8a56e26?s=96&d=mm&r=g","url":"https:\/\/secure.gravatar.com\/avatar\/dda3c3f59ea25f4b53cd53df977b0b2628039b17268e57c944a79a00e8a56e26?s=96&d=mm&r=g","contentUrl":"https:\/\/secure.gravatar.com\/avatar\/dda3c3f59ea25f4b53cd53df977b0b2628039b17268e57c944a79a00e8a56e26?s=96&d=mm&r=g","caption":"editor"},"url":"https:\/\/periodicorealidades.com\/index.php\/author\/editor\/"}]}},"_links":{"self":[{"href":"https:\/\/periodicorealidades.com\/index.php\/wp-json\/wp\/v2\/posts\/59244","targetHints":{"allow":["GET"]}}],"collection":[{"href":"https:\/\/periodicorealidades.com\/index.php\/wp-json\/wp\/v2\/posts"}],"about":[{"href":"https:\/\/periodicorealidades.com\/index.php\/wp-json\/wp\/v2\/types\/post"}],"author":[{"embeddable":true,"href":"https:\/\/periodicorealidades.com\/index.php\/wp-json\/wp\/v2\/users\/2"}],"replies":[{"embeddable":true,"href":"https:\/\/periodicorealidades.com\/index.php\/wp-json\/wp\/v2\/comments?post=59244"}],"version-history":[{"count":0,"href":"https:\/\/periodicorealidades.com\/index.php\/wp-json\/wp\/v2\/posts\/59244\/revisions"}],"wp:featuredmedia":[{"embeddable":true,"href":"https:\/\/periodicorealidades.com\/index.php\/wp-json\/wp\/v2\/media\/45458"}],"wp:attachment":[{"href":"https:\/\/periodicorealidades.com\/index.php\/wp-json\/wp\/v2\/media?parent=59244"}],"wp:term":[{"taxonomy":"category","embeddable":true,"href":"https:\/\/periodicorealidades.com\/index.php\/wp-json\/wp\/v2\/categories?post=59244"},{"taxonomy":"post_tag","embeddable":true,"href":"https:\/\/periodicorealidades.com\/index.php\/wp-json\/wp\/v2\/tags?post=59244"}],"curies":[{"name":"wp","href":"https:\/\/api.w.org\/{rel}","templated":true}]}}