{"id":59246,"date":"2025-12-04T22:01:52","date_gmt":"2025-12-05T05:01:52","guid":{"rendered":"https:\/\/periodicorealidades.com\/?p=59246"},"modified":"2025-12-04T22:01:53","modified_gmt":"2025-12-05T05:01:53","slug":"35-mil-nayaritas-no-saben-leer-ni-escribir-inea","status":"publish","type":"post","link":"https:\/\/periodicorealidades.com\/index.php\/2025\/12\/04\/35-mil-nayaritas-no-saben-leer-ni-escribir-inea\/","title":{"rendered":"35 mil Nayaritas no saben leer ni escribir: INEA"},"content":{"rendered":"\n<p class=\"wp-block-paragraph\">El director general del Instituto Nacional de Educaci\u00f3n para Adultos (INEA), Armando Contreras Castillo, para junto con el gobernador del estado, el doctor Miguel \u00c1ngel Navarro Quintero, entregar las Becas \u201cRosa Navarro\u201d a adultos mayores que estudian en el INEA, como parte del proyecto Nayarit, Alfabetizaci\u00f3n para el Bienestar.<\/p>\n\n\n\n<p class=\"wp-block-paragraph\">Por: Arcelia Garc\u00eda Ortega<\/p>\n\n\n\n<p class=\"wp-block-paragraph\">Tepic, Nayarit; viernes, 05 de diciembre del 2025.- Al ser entrevistado, Contreras Carrillo, inform\u00f3 que Nayarit cuenta con 35 mil personas que no saben leer ni escribir. Hab\u00eda 38 mil.<\/p>\n\n\n\n<p class=\"wp-block-paragraph\">Reconoci\u00f3 que las personas analfabetas est\u00e1n en todos lados, y que parece mentira, pero la mayor\u00eda est\u00e1 en Tepic. Alrededor del 10 por ciento de las personas que nos saben leer ni escribir aceptan ser analfabetas, por eso es importante lo que se ha hecho en Nayarit con le beca \u201cRosa Navarro\u201d que ha permitido atender a cerca de 3 mil nayaritas.<\/p>\n\n\n\n<p class=\"wp-block-paragraph\">Cuando se le cuestion\u00f3 las edades de los analfabetas, expres\u00f3 que hay desde los 15 a\u00f1os hasta los 100, muchos porque fueron objeto de violencia, de bullying, porque fueron desplazados, nunca aprendieron por reprobaron muchos a\u00f1os y tuvieron que salir a trabajar, etc.<\/p>\n\n\n\n<p class=\"wp-block-paragraph\">Mencion\u00f3 que, en este sexenio, al arribo de la presidenta Claudia Sheinbaum Pardo, se estaba en el 4.1 por ciento, de analfabetismo, y los est\u00e1ndares internacionales para declarar a un pa\u00eds libre de analfabetismo tienen que estar debajo del 4 por ciento.<\/p>\n\n\n\n<p class=\"wp-block-paragraph\">Asegur\u00f3 que en lo que va del 2025,&nbsp; en todo el pa\u00eds se han alfabetizado a 173 mil 600 mexicanos, lo representa el 3.85 por ciento, es decir, se avanz\u00f3 con la presidenta Claudia Sheinbaum Pardo, y podr\u00eda levantar la bandera blanca declarando a M\u00e9xico libre de analfabetismo, pero se seguir\u00e1 trabajando para que las cifras sean irreversibles. \u201cNosotros quisi\u00e9ramos que en 2026 pudi\u00e9ramos llegar al 3.5 por ciento para hacer la declaratoria\u201d, agreg\u00f3.<\/p>\n\n\n\n<p class=\"wp-block-paragraph\">En el pa\u00eds, hay dijo, 7 millones y medio de personas, no terminaron la primaria, 15 millones 800 mil no terminaron su secundaria y 23 millones 600 mil no tienen terminado su bachillerato, es decir, alrededor del 50 por ciento de la poblaci\u00f3n mayor de 15 a\u00f1os.<\/p>\n\n\n\n<p class=\"wp-block-paragraph\">Logr\u00e1ndose lo anterior, precis\u00f3, se cerrar\u00eda una gesta hist\u00f3rica iniciada por Justo Sierra, Jos\u00e9 Vasconcelos como el primer secretario de Educaci\u00f3n, Jaime Torres Bodet y que cerrar\u00eda en este ciclo Claudia Sheinbaum Pardo.<\/p>\n\n\n\n<p class=\"wp-block-paragraph\">Detall\u00f3 que tener a M\u00e9xico libre de analfabetismos era una meta que se pensaba lograr antes del milenio anterior, sin embargo, a 25 a\u00f1os de este nuevo milenio, se tiene alrededor de 4 millones de mexicanos que no saben leer ni escribir, pero se va por el camino correcto, \u201cnunca es tarde para aprender y el derecho a la educaci\u00f3n en el segundo piso de la Cuarta Transformaci\u00f3n, todos los mexicanos mientras respiren y se pongan de pie, lo tienen asegurado\u201d, subray\u00f3 el funcionario federal.<\/p>\n\n\n\n<p class=\"wp-block-paragraph\">Por \u00faltimo, resalt\u00f3 que se tuvo por mucho tiempo simulaci\u00f3n en la educaci\u00f3n en M\u00e9xico, al sistema le gustaba mucho que existiera ignorancia porque as\u00ed pod\u00edan privatizar con facilidad los bienes p\u00fablicos, quitarle riquezas naturales a los pueblos, abusar de los derechos humanos, se les facilitaba enga\u00f1ar, pero con la 4ta transformaci\u00f3n y&nbsp; con la doctora Claudia Sheinbaum, vuelve a ser la educaci\u00f3n, la principal apuesta para el desarrollo nacional y el principio de primero los pobres, se va a traducir llevando educaci\u00f3n a quienes nunca tuvieron oportunidad.<\/p>\n","protected":false},"excerpt":{"rendered":"<p>El director general del Instituto Nacional de Educaci\u00f3n para Adultos (INEA), Armando Contreras Castillo, para junto con el gobernador del estado, el doctor Miguel \u00c1ngel Navarro Quintero, entregar las Becas \u201cRosa Navarro\u201d a adultos mayores que estudian en el INEA, como parte del proyecto Nayarit, Alfabetizaci\u00f3n para el Bienestar. Por: Arcelia Garc\u00eda Ortega Tepic, Nayarit; [&hellip;]<\/p>\n","protected":false},"author":2,"featured_media":59247,"comment_status":"closed","ping_status":"open","sticky":false,"template":"","format":"standard","meta":{"footnotes":""},"categories":[4,7],"tags":[],"class_list":["post-59246","post","type-post","status-publish","format-standard","has-post-thumbnail","category-principal","category-tepic"],"yoast_head":"<!-- This site is optimized with the Yoast SEO plugin v28.3 - https:\/\/yoast.com\/product\/yoast-seo-wordpress\/ -->\n<title>35 mil Nayaritas no saben leer ni escribir: INEA - Peri\u00f3dico Realidades<\/title>\n<meta name=\"robots\" content=\"index, follow, max-snippet:-1, max-image-preview:large, max-video-preview:-1\" \/>\n<link rel=\"canonical\" href=\"https:\/\/periodicorealidades.com\/index.php\/2025\/12\/04\/35-mil-nayaritas-no-saben-leer-ni-escribir-inea\/\" \/>\n<meta property=\"og:locale\" content=\"es_MX\" \/>\n<meta property=\"og:type\" content=\"article\" \/>\n<meta property=\"og:title\" content=\"35 mil Nayaritas no saben leer ni escribir: INEA - Peri\u00f3dico Realidades\" \/>\n<meta property=\"og:description\" content=\"El director general del Instituto Nacional de Educaci\u00f3n para Adultos (INEA), Armando Contreras Castillo, para junto con el gobernador del estado, el doctor Miguel \u00c1ngel Navarro Quintero, entregar las Becas \u201cRosa Navarro\u201d a adultos mayores que estudian en el INEA, como parte del proyecto Nayarit, Alfabetizaci\u00f3n para el Bienestar. Por: Arcelia Garc\u00eda Ortega Tepic, Nayarit; [&hellip;]\" \/>\n<meta property=\"og:url\" content=\"https:\/\/periodicorealidades.com\/index.php\/2025\/12\/04\/35-mil-nayaritas-no-saben-leer-ni-escribir-inea\/\" \/>\n<meta property=\"og:site_name\" content=\"Peri\u00f3dico Realidades\" \/>\n<meta property=\"article:publisher\" content=\"https:\/\/www.facebook.com\/periodicorealidades.denayarit?mibextid=LQQJ4d\" \/>\n<meta property=\"article:published_time\" content=\"2025-12-05T05:01:52+00:00\" \/>\n<meta property=\"article:modified_time\" content=\"2025-12-05T05:01:53+00:00\" \/>\n<meta property=\"og:image\" content=\"https:\/\/periodicorealidades.com\/wp-content\/uploads\/2025\/12\/Armando-Contreras-Castillo.jpg\" \/>\n\t<meta property=\"og:image:width\" content=\"1157\" \/>\n\t<meta property=\"og:image:height\" content=\"838\" \/>\n\t<meta property=\"og:image:type\" content=\"image\/jpeg\" \/>\n<meta name=\"author\" content=\"editor\" \/>\n<meta name=\"twitter:card\" content=\"summary_large_image\" \/>\n<meta name=\"twitter:label1\" content=\"Escrito por\" \/>\n\t<meta name=\"twitter:data1\" content=\"editor\" \/>\n\t<meta name=\"twitter:label2\" content=\"Tiempo de lectura\" \/>\n\t<meta name=\"twitter:data2\" content=\"3 minutos\" \/>\n<script type=\"application\/ld+json\" class=\"yoast-schema-graph\">{\"@context\":\"https:\\\/\\\/schema.org\",\"@graph\":[{\"@type\":\"Article\",\"@id\":\"https:\\\/\\\/periodicorealidades.com\\\/index.php\\\/2025\\\/12\\\/04\\\/35-mil-nayaritas-no-saben-leer-ni-escribir-inea\\\/#article\",\"isPartOf\":{\"@id\":\"https:\\\/\\\/periodicorealidades.com\\\/index.php\\\/2025\\\/12\\\/04\\\/35-mil-nayaritas-no-saben-leer-ni-escribir-inea\\\/\"},\"author\":{\"name\":\"editor\",\"@id\":\"https:\\\/\\\/periodicorealidades.com\\\/#\\\/schema\\\/person\\\/c27da34ee13acaec3162071a3e1c7832\"},\"headline\":\"35 mil Nayaritas no saben leer ni escribir: INEA\",\"datePublished\":\"2025-12-05T05:01:52+00:00\",\"dateModified\":\"2025-12-05T05:01:53+00:00\",\"mainEntityOfPage\":{\"@id\":\"https:\\\/\\\/periodicorealidades.com\\\/index.php\\\/2025\\\/12\\\/04\\\/35-mil-nayaritas-no-saben-leer-ni-escribir-inea\\\/\"},\"wordCount\":579,\"publisher\":{\"@id\":\"https:\\\/\\\/periodicorealidades.com\\\/#organization\"},\"image\":{\"@id\":\"https:\\\/\\\/periodicorealidades.com\\\/index.php\\\/2025\\\/12\\\/04\\\/35-mil-nayaritas-no-saben-leer-ni-escribir-inea\\\/#primaryimage\"},\"thumbnailUrl\":\"https:\\\/\\\/periodicorealidades.com\\\/wp-content\\\/uploads\\\/2025\\\/12\\\/Armando-Contreras-Castillo.jpg\",\"articleSection\":[\"Principal\",\"Tepic\"],\"inLanguage\":\"es\"},{\"@type\":\"WebPage\",\"@id\":\"https:\\\/\\\/periodicorealidades.com\\\/index.php\\\/2025\\\/12\\\/04\\\/35-mil-nayaritas-no-saben-leer-ni-escribir-inea\\\/\",\"url\":\"https:\\\/\\\/periodicorealidades.com\\\/index.php\\\/2025\\\/12\\\/04\\\/35-mil-nayaritas-no-saben-leer-ni-escribir-inea\\\/\",\"name\":\"35 mil Nayaritas no saben leer ni escribir: INEA - Peri\u00f3dico Realidades\",\"isPartOf\":{\"@id\":\"https:\\\/\\\/periodicorealidades.com\\\/#website\"},\"primaryImageOfPage\":{\"@id\":\"https:\\\/\\\/periodicorealidades.com\\\/index.php\\\/2025\\\/12\\\/04\\\/35-mil-nayaritas-no-saben-leer-ni-escribir-inea\\\/#primaryimage\"},\"image\":{\"@id\":\"https:\\\/\\\/periodicorealidades.com\\\/index.php\\\/2025\\\/12\\\/04\\\/35-mil-nayaritas-no-saben-leer-ni-escribir-inea\\\/#primaryimage\"},\"thumbnailUrl\":\"https:\\\/\\\/periodicorealidades.com\\\/wp-content\\\/uploads\\\/2025\\\/12\\\/Armando-Contreras-Castillo.jpg\",\"datePublished\":\"2025-12-05T05:01:52+00:00\",\"dateModified\":\"2025-12-05T05:01:53+00:00\",\"breadcrumb\":{\"@id\":\"https:\\\/\\\/periodicorealidades.com\\\/index.php\\\/2025\\\/12\\\/04\\\/35-mil-nayaritas-no-saben-leer-ni-escribir-inea\\\/#breadcrumb\"},\"inLanguage\":\"es\",\"potentialAction\":[{\"@type\":\"ReadAction\",\"target\":[\"https:\\\/\\\/periodicorealidades.com\\\/index.php\\\/2025\\\/12\\\/04\\\/35-mil-nayaritas-no-saben-leer-ni-escribir-inea\\\/\"]}]},{\"@type\":\"ImageObject\",\"inLanguage\":\"es\",\"@id\":\"https:\\\/\\\/periodicorealidades.com\\\/index.php\\\/2025\\\/12\\\/04\\\/35-mil-nayaritas-no-saben-leer-ni-escribir-inea\\\/#primaryimage\",\"url\":\"https:\\\/\\\/periodicorealidades.com\\\/wp-content\\\/uploads\\\/2025\\\/12\\\/Armando-Contreras-Castillo.jpg\",\"contentUrl\":\"https:\\\/\\\/periodicorealidades.com\\\/wp-content\\\/uploads\\\/2025\\\/12\\\/Armando-Contreras-Castillo.jpg\",\"width\":1157,\"height\":838},{\"@type\":\"BreadcrumbList\",\"@id\":\"https:\\\/\\\/periodicorealidades.com\\\/index.php\\\/2025\\\/12\\\/04\\\/35-mil-nayaritas-no-saben-leer-ni-escribir-inea\\\/#breadcrumb\",\"itemListElement\":[{\"@type\":\"ListItem\",\"position\":1,\"name\":\"Inicio\",\"item\":\"https:\\\/\\\/periodicorealidades.com\\\/\"},{\"@type\":\"ListItem\",\"position\":2,\"name\":\"35 mil Nayaritas no saben leer ni escribir: INEA\"}]},{\"@type\":\"WebSite\",\"@id\":\"https:\\\/\\\/periodicorealidades.com\\\/#website\",\"url\":\"https:\\\/\\\/periodicorealidades.com\\\/\",\"name\":\"Peri\u00f3dico Realidades\",\"description\":\"M\u00e9dio de comunicaci\u00f3n en Nayarit\",\"publisher\":{\"@id\":\"https:\\\/\\\/periodicorealidades.com\\\/#organization\"},\"potentialAction\":[{\"@type\":\"SearchAction\",\"target\":{\"@type\":\"EntryPoint\",\"urlTemplate\":\"https:\\\/\\\/periodicorealidades.com\\\/?s={search_term_string}\"},\"query-input\":{\"@type\":\"PropertyValueSpecification\",\"valueRequired\":true,\"valueName\":\"search_term_string\"}}],\"inLanguage\":\"es\"},{\"@type\":\"Organization\",\"@id\":\"https:\\\/\\\/periodicorealidades.com\\\/#organization\",\"name\":\"Peri\u00f3dico Realidades\",\"url\":\"https:\\\/\\\/periodicorealidades.com\\\/\",\"logo\":{\"@type\":\"ImageObject\",\"inLanguage\":\"es\",\"@id\":\"https:\\\/\\\/periodicorealidades.com\\\/#\\\/schema\\\/logo\\\/image\\\/\",\"url\":\"https:\\\/\\\/periodicorealidades.com\\\/wp-content\\\/uploads\\\/2023\\\/05\\\/r-prueba.png\",\"contentUrl\":\"https:\\\/\\\/periodicorealidades.com\\\/wp-content\\\/uploads\\\/2023\\\/05\\\/r-prueba.png\",\"width\":709,\"height\":709,\"caption\":\"Peri\u00f3dico Realidades\"},\"image\":{\"@id\":\"https:\\\/\\\/periodicorealidades.com\\\/#\\\/schema\\\/logo\\\/image\\\/\"},\"sameAs\":[\"https:\\\/\\\/www.facebook.com\\\/periodicorealidades.denayarit?mibextid=LQQJ4d\"]},{\"@type\":\"Person\",\"@id\":\"https:\\\/\\\/periodicorealidades.com\\\/#\\\/schema\\\/person\\\/c27da34ee13acaec3162071a3e1c7832\",\"name\":\"editor\",\"image\":{\"@type\":\"ImageObject\",\"inLanguage\":\"es\",\"@id\":\"https:\\\/\\\/secure.gravatar.com\\\/avatar\\\/dda3c3f59ea25f4b53cd53df977b0b2628039b17268e57c944a79a00e8a56e26?s=96&d=mm&r=g\",\"url\":\"https:\\\/\\\/secure.gravatar.com\\\/avatar\\\/dda3c3f59ea25f4b53cd53df977b0b2628039b17268e57c944a79a00e8a56e26?s=96&d=mm&r=g\",\"contentUrl\":\"https:\\\/\\\/secure.gravatar.com\\\/avatar\\\/dda3c3f59ea25f4b53cd53df977b0b2628039b17268e57c944a79a00e8a56e26?s=96&d=mm&r=g\",\"caption\":\"editor\"},\"url\":\"https:\\\/\\\/periodicorealidades.com\\\/index.php\\\/author\\\/editor\\\/\"}]}<\/script>\n<!-- \/ Yoast SEO plugin. -->","yoast_head_json":{"title":"35 mil Nayaritas no saben leer ni escribir: INEA - Peri\u00f3dico Realidades","robots":{"index":"index","follow":"follow","max-snippet":"max-snippet:-1","max-image-preview":"max-image-preview:large","max-video-preview":"max-video-preview:-1"},"canonical":"https:\/\/periodicorealidades.com\/index.php\/2025\/12\/04\/35-mil-nayaritas-no-saben-leer-ni-escribir-inea\/","og_locale":"es_MX","og_type":"article","og_title":"35 mil Nayaritas no saben leer ni escribir: INEA - Peri\u00f3dico Realidades","og_description":"El director general del Instituto Nacional de Educaci\u00f3n para Adultos (INEA), Armando Contreras Castillo, para junto con el gobernador del estado, el doctor Miguel \u00c1ngel Navarro Quintero, entregar las Becas \u201cRosa Navarro\u201d a adultos mayores que estudian en el INEA, como parte del proyecto Nayarit, Alfabetizaci\u00f3n para el Bienestar. Por: Arcelia Garc\u00eda Ortega Tepic, Nayarit; [&hellip;]","og_url":"https:\/\/periodicorealidades.com\/index.php\/2025\/12\/04\/35-mil-nayaritas-no-saben-leer-ni-escribir-inea\/","og_site_name":"Peri\u00f3dico Realidades","article_publisher":"https:\/\/www.facebook.com\/periodicorealidades.denayarit?mibextid=LQQJ4d","article_published_time":"2025-12-05T05:01:52+00:00","article_modified_time":"2025-12-05T05:01:53+00:00","og_image":[{"width":1157,"height":838,"url":"https:\/\/periodicorealidades.com\/wp-content\/uploads\/2025\/12\/Armando-Contreras-Castillo.jpg","type":"image\/jpeg"}],"author":"editor","twitter_card":"summary_large_image","twitter_misc":{"Escrito por":"editor","Tiempo de lectura":"3 minutos"},"schema":{"@context":"https:\/\/schema.org","@graph":[{"@type":"Article","@id":"https:\/\/periodicorealidades.com\/index.php\/2025\/12\/04\/35-mil-nayaritas-no-saben-leer-ni-escribir-inea\/#article","isPartOf":{"@id":"https:\/\/periodicorealidades.com\/index.php\/2025\/12\/04\/35-mil-nayaritas-no-saben-leer-ni-escribir-inea\/"},"author":{"name":"editor","@id":"https:\/\/periodicorealidades.com\/#\/schema\/person\/c27da34ee13acaec3162071a3e1c7832"},"headline":"35 mil Nayaritas no saben leer ni escribir: INEA","datePublished":"2025-12-05T05:01:52+00:00","dateModified":"2025-12-05T05:01:53+00:00","mainEntityOfPage":{"@id":"https:\/\/periodicorealidades.com\/index.php\/2025\/12\/04\/35-mil-nayaritas-no-saben-leer-ni-escribir-inea\/"},"wordCount":579,"publisher":{"@id":"https:\/\/periodicorealidades.com\/#organization"},"image":{"@id":"https:\/\/periodicorealidades.com\/index.php\/2025\/12\/04\/35-mil-nayaritas-no-saben-leer-ni-escribir-inea\/#primaryimage"},"thumbnailUrl":"https:\/\/periodicorealidades.com\/wp-content\/uploads\/2025\/12\/Armando-Contreras-Castillo.jpg","articleSection":["Principal","Tepic"],"inLanguage":"es"},{"@type":"WebPage","@id":"https:\/\/periodicorealidades.com\/index.php\/2025\/12\/04\/35-mil-nayaritas-no-saben-leer-ni-escribir-inea\/","url":"https:\/\/periodicorealidades.com\/index.php\/2025\/12\/04\/35-mil-nayaritas-no-saben-leer-ni-escribir-inea\/","name":"35 mil Nayaritas no saben leer ni escribir: INEA - Peri\u00f3dico Realidades","isPartOf":{"@id":"https:\/\/periodicorealidades.com\/#website"},"primaryImageOfPage":{"@id":"https:\/\/periodicorealidades.com\/index.php\/2025\/12\/04\/35-mil-nayaritas-no-saben-leer-ni-escribir-inea\/#primaryimage"},"image":{"@id":"https:\/\/periodicorealidades.com\/index.php\/2025\/12\/04\/35-mil-nayaritas-no-saben-leer-ni-escribir-inea\/#primaryimage"},"thumbnailUrl":"https:\/\/periodicorealidades.com\/wp-content\/uploads\/2025\/12\/Armando-Contreras-Castillo.jpg","datePublished":"2025-12-05T05:01:52+00:00","dateModified":"2025-12-05T05:01:53+00:00","breadcrumb":{"@id":"https:\/\/periodicorealidades.com\/index.php\/2025\/12\/04\/35-mil-nayaritas-no-saben-leer-ni-escribir-inea\/#breadcrumb"},"inLanguage":"es","potentialAction":[{"@type":"ReadAction","target":["https:\/\/periodicorealidades.com\/index.php\/2025\/12\/04\/35-mil-nayaritas-no-saben-leer-ni-escribir-inea\/"]}]},{"@type":"ImageObject","inLanguage":"es","@id":"https:\/\/periodicorealidades.com\/index.php\/2025\/12\/04\/35-mil-nayaritas-no-saben-leer-ni-escribir-inea\/#primaryimage","url":"https:\/\/periodicorealidades.com\/wp-content\/uploads\/2025\/12\/Armando-Contreras-Castillo.jpg","contentUrl":"https:\/\/periodicorealidades.com\/wp-content\/uploads\/2025\/12\/Armando-Contreras-Castillo.jpg","width":1157,"height":838},{"@type":"BreadcrumbList","@id":"https:\/\/periodicorealidades.com\/index.php\/2025\/12\/04\/35-mil-nayaritas-no-saben-leer-ni-escribir-inea\/#breadcrumb","itemListElement":[{"@type":"ListItem","position":1,"name":"Inicio","item":"https:\/\/periodicorealidades.com\/"},{"@type":"ListItem","position":2,"name":"35 mil Nayaritas no saben leer ni escribir: INEA"}]},{"@type":"WebSite","@id":"https:\/\/periodicorealidades.com\/#website","url":"https:\/\/periodicorealidades.com\/","name":"Peri\u00f3dico Realidades","description":"M\u00e9dio de comunicaci\u00f3n en Nayarit","publisher":{"@id":"https:\/\/periodicorealidades.com\/#organization"},"potentialAction":[{"@type":"SearchAction","target":{"@type":"EntryPoint","urlTemplate":"https:\/\/periodicorealidades.com\/?s={search_term_string}"},"query-input":{"@type":"PropertyValueSpecification","valueRequired":true,"valueName":"search_term_string"}}],"inLanguage":"es"},{"@type":"Organization","@id":"https:\/\/periodicorealidades.com\/#organization","name":"Peri\u00f3dico Realidades","url":"https:\/\/periodicorealidades.com\/","logo":{"@type":"ImageObject","inLanguage":"es","@id":"https:\/\/periodicorealidades.com\/#\/schema\/logo\/image\/","url":"https:\/\/periodicorealidades.com\/wp-content\/uploads\/2023\/05\/r-prueba.png","contentUrl":"https:\/\/periodicorealidades.com\/wp-content\/uploads\/2023\/05\/r-prueba.png","width":709,"height":709,"caption":"Peri\u00f3dico Realidades"},"image":{"@id":"https:\/\/periodicorealidades.com\/#\/schema\/logo\/image\/"},"sameAs":["https:\/\/www.facebook.com\/periodicorealidades.denayarit?mibextid=LQQJ4d"]},{"@type":"Person","@id":"https:\/\/periodicorealidades.com\/#\/schema\/person\/c27da34ee13acaec3162071a3e1c7832","name":"editor","image":{"@type":"ImageObject","inLanguage":"es","@id":"https:\/\/secure.gravatar.com\/avatar\/dda3c3f59ea25f4b53cd53df977b0b2628039b17268e57c944a79a00e8a56e26?s=96&d=mm&r=g","url":"https:\/\/secure.gravatar.com\/avatar\/dda3c3f59ea25f4b53cd53df977b0b2628039b17268e57c944a79a00e8a56e26?s=96&d=mm&r=g","contentUrl":"https:\/\/secure.gravatar.com\/avatar\/dda3c3f59ea25f4b53cd53df977b0b2628039b17268e57c944a79a00e8a56e26?s=96&d=mm&r=g","caption":"editor"},"url":"https:\/\/periodicorealidades.com\/index.php\/author\/editor\/"}]}},"_links":{"self":[{"href":"https:\/\/periodicorealidades.com\/index.php\/wp-json\/wp\/v2\/posts\/59246","targetHints":{"allow":["GET"]}}],"collection":[{"href":"https:\/\/periodicorealidades.com\/index.php\/wp-json\/wp\/v2\/posts"}],"about":[{"href":"https:\/\/periodicorealidades.com\/index.php\/wp-json\/wp\/v2\/types\/post"}],"author":[{"embeddable":true,"href":"https:\/\/periodicorealidades.com\/index.php\/wp-json\/wp\/v2\/users\/2"}],"replies":[{"embeddable":true,"href":"https:\/\/periodicorealidades.com\/index.php\/wp-json\/wp\/v2\/comments?post=59246"}],"version-history":[{"count":0,"href":"https:\/\/periodicorealidades.com\/index.php\/wp-json\/wp\/v2\/posts\/59246\/revisions"}],"wp:featuredmedia":[{"embeddable":true,"href":"https:\/\/periodicorealidades.com\/index.php\/wp-json\/wp\/v2\/media\/59247"}],"wp:attachment":[{"href":"https:\/\/periodicorealidades.com\/index.php\/wp-json\/wp\/v2\/media?parent=59246"}],"wp:term":[{"taxonomy":"category","embeddable":true,"href":"https:\/\/periodicorealidades.com\/index.php\/wp-json\/wp\/v2\/categories?post=59246"},{"taxonomy":"post_tag","embeddable":true,"href":"https:\/\/periodicorealidades.com\/index.php\/wp-json\/wp\/v2\/tags?post=59246"}],"curies":[{"name":"wp","href":"https:\/\/api.w.org\/{rel}","templated":true}]}}