{"id":59251,"date":"2025-12-04T22:04:24","date_gmt":"2025-12-05T05:04:24","guid":{"rendered":"https:\/\/periodicorealidades.com\/?p=59251"},"modified":"2025-12-04T22:04:25","modified_gmt":"2025-12-05T05:04:25","slug":"refuerza-gobenador-la-lucha-contra-delincuencia","status":"publish","type":"post","link":"https:\/\/periodicorealidades.com\/index.php\/2025\/12\/04\/refuerza-gobenador-la-lucha-contra-delincuencia\/","title":{"rendered":"Refuerza gobenador la lucha contra delincuencia"},"content":{"rendered":"\n<p class=\"wp-block-paragraph\">El gobernador del estado, Miguel \u00c1ngel Navarro Quintero, encabez\u00f3 esta ma\u00f1ana el acto de incineraci\u00f3n de narc\u00f3ticos, objetos del delito y m\u00e1quinas tragamonedas en las instalaciones de la Treceava Zona Militar, como parte de las acciones permanentes para fortalecer la seguridad y combatir de manera frontal a la delincuencia.<\/p>\n\n\n\n<figure class=\"wp-block-gallery has-nested-images columns-default is-cropped wp-block-gallery-1 is-layout-flex wp-block-gallery-is-layout-flex\">\n<figure class=\"wp-block-image size-large\"><img loading=\"lazy\" decoding=\"async\" width=\"1024\" height=\"683\" data-id=\"59241\" src=\"https:\/\/periodicorealidades.com\/wp-content\/uploads\/2025\/12\/DESTRUCCION-Y-QUEMA-DE-DROGA3-1024x683.jpeg\" alt=\"\" class=\"wp-image-59241\" srcset=\"https:\/\/periodicorealidades.com\/wp-content\/uploads\/2025\/12\/DESTRUCCION-Y-QUEMA-DE-DROGA3-1024x683.jpeg 1024w, https:\/\/periodicorealidades.com\/wp-content\/uploads\/2025\/12\/DESTRUCCION-Y-QUEMA-DE-DROGA3-300x200.jpeg 300w, https:\/\/periodicorealidades.com\/wp-content\/uploads\/2025\/12\/DESTRUCCION-Y-QUEMA-DE-DROGA3-768x512.jpeg 768w, https:\/\/periodicorealidades.com\/wp-content\/uploads\/2025\/12\/DESTRUCCION-Y-QUEMA-DE-DROGA3-696x464.jpeg 696w, https:\/\/periodicorealidades.com\/wp-content\/uploads\/2025\/12\/DESTRUCCION-Y-QUEMA-DE-DROGA3-1068x713.jpeg 1068w, https:\/\/periodicorealidades.com\/wp-content\/uploads\/2025\/12\/DESTRUCCION-Y-QUEMA-DE-DROGA3.jpeg 1280w\" sizes=\"auto, (max-width: 1024px) 100vw, 1024px\" \/><\/figure>\n\n\n\n<figure class=\"wp-block-image size-large\"><img loading=\"lazy\" decoding=\"async\" width=\"1024\" height=\"683\" data-id=\"59240\" src=\"https:\/\/periodicorealidades.com\/wp-content\/uploads\/2025\/12\/DESTRUCCION-Y-QUEMA-DE-DROGA2-1024x683.jpeg\" alt=\"\" class=\"wp-image-59240\" srcset=\"https:\/\/periodicorealidades.com\/wp-content\/uploads\/2025\/12\/DESTRUCCION-Y-QUEMA-DE-DROGA2-1024x683.jpeg 1024w, https:\/\/periodicorealidades.com\/wp-content\/uploads\/2025\/12\/DESTRUCCION-Y-QUEMA-DE-DROGA2-300x200.jpeg 300w, https:\/\/periodicorealidades.com\/wp-content\/uploads\/2025\/12\/DESTRUCCION-Y-QUEMA-DE-DROGA2-768x512.jpeg 768w, https:\/\/periodicorealidades.com\/wp-content\/uploads\/2025\/12\/DESTRUCCION-Y-QUEMA-DE-DROGA2-696x464.jpeg 696w, https:\/\/periodicorealidades.com\/wp-content\/uploads\/2025\/12\/DESTRUCCION-Y-QUEMA-DE-DROGA2-1068x713.jpeg 1068w, https:\/\/periodicorealidades.com\/wp-content\/uploads\/2025\/12\/DESTRUCCION-Y-QUEMA-DE-DROGA2.jpeg 1280w\" sizes=\"auto, (max-width: 1024px) 100vw, 1024px\" \/><\/figure>\n\n\n\n<figure class=\"wp-block-image size-large\"><img loading=\"lazy\" decoding=\"async\" width=\"1024\" height=\"683\" data-id=\"59239\" src=\"https:\/\/periodicorealidades.com\/wp-content\/uploads\/2025\/12\/DESTRUCCION-Y-QUEMA-DE-DROGA5-1024x683.jpeg\" alt=\"\" class=\"wp-image-59239\" srcset=\"https:\/\/periodicorealidades.com\/wp-content\/uploads\/2025\/12\/DESTRUCCION-Y-QUEMA-DE-DROGA5-1024x683.jpeg 1024w, https:\/\/periodicorealidades.com\/wp-content\/uploads\/2025\/12\/DESTRUCCION-Y-QUEMA-DE-DROGA5-300x200.jpeg 300w, https:\/\/periodicorealidades.com\/wp-content\/uploads\/2025\/12\/DESTRUCCION-Y-QUEMA-DE-DROGA5-768x512.jpeg 768w, https:\/\/periodicorealidades.com\/wp-content\/uploads\/2025\/12\/DESTRUCCION-Y-QUEMA-DE-DROGA5-696x464.jpeg 696w, https:\/\/periodicorealidades.com\/wp-content\/uploads\/2025\/12\/DESTRUCCION-Y-QUEMA-DE-DROGA5-1068x713.jpeg 1068w, https:\/\/periodicorealidades.com\/wp-content\/uploads\/2025\/12\/DESTRUCCION-Y-QUEMA-DE-DROGA5.jpeg 1280w\" sizes=\"auto, (max-width: 1024px) 100vw, 1024px\" \/><\/figure>\n<\/figure>\n\n\n\n<p class=\"wp-block-paragraph\">Por: Bolet\u00ecn<\/p>\n\n\n\n<p class=\"wp-block-paragraph\">Tepic, Nayarit; viernes, 05 de diciembre de 2025.-En su mensaje, el mandatario reconoci\u00f3 al Ej\u00e9rcito Mexicano, la Marina, la Guardia Nacional, las fiscal\u00edas Federal y Estatal, as\u00ed como a los cuerpos de seguridad, por el trabajo continuo que realizan en favor de la ciudadan\u00eda.<\/p>\n\n\n\n<p class=\"wp-block-paragraph\">\u201cYo les agradezco la enorme coordinaci\u00f3n que existe en Nayarit. Es un estado que desde mi evaluaci\u00f3n personal no tiene grietas en la coordinaci\u00f3n entre las instituciones federales y estatales. Por el contrario, existe una armon\u00eda total y un deseo permanente de seguir viendo contra el flagelo permanente, que es una delincuencia que debe de verse minimizada a trav\u00e9s de la acci\u00f3n que cada uno de nosotros lleva a cabo en diferentes campos de acci\u00f3n. Cuando de defender la Patria se trata, perder la vida, es lo de menos. Y esa situaci\u00f3n habremos nosotros de seguir perseverando, contra aquellas personas que quieren debilitar o demeritar las acciones que hacemos a trav\u00e9s de las instituciones coordinadas, dirigidas de manera firme por la presidenta de la Rep\u00fablica y cada uno de los que se encuentran al mando de las instituciones federales del Pa\u00eds\u201d.<\/p>\n\n\n\n<figure class=\"wp-block-image size-large\"><img loading=\"lazy\" decoding=\"async\" width=\"1024\" height=\"683\" src=\"https:\/\/periodicorealidades.com\/wp-content\/uploads\/2025\/12\/DESTRUCCION-Y-QUEMA-DE-DROGA6-1024x683.jpeg\" alt=\"\" class=\"wp-image-59238\" srcset=\"https:\/\/periodicorealidades.com\/wp-content\/uploads\/2025\/12\/DESTRUCCION-Y-QUEMA-DE-DROGA6-1024x683.jpeg 1024w, https:\/\/periodicorealidades.com\/wp-content\/uploads\/2025\/12\/DESTRUCCION-Y-QUEMA-DE-DROGA6-300x200.jpeg 300w, https:\/\/periodicorealidades.com\/wp-content\/uploads\/2025\/12\/DESTRUCCION-Y-QUEMA-DE-DROGA6-768x513.jpeg 768w, https:\/\/periodicorealidades.com\/wp-content\/uploads\/2025\/12\/DESTRUCCION-Y-QUEMA-DE-DROGA6-696x465.jpeg 696w, https:\/\/periodicorealidades.com\/wp-content\/uploads\/2025\/12\/DESTRUCCION-Y-QUEMA-DE-DROGA6-1068x713.jpeg 1068w, https:\/\/periodicorealidades.com\/wp-content\/uploads\/2025\/12\/DESTRUCCION-Y-QUEMA-DE-DROGA6.jpeg 1278w\" sizes=\"auto, (max-width: 1024px) 100vw, 1024px\" \/><\/figure>\n\n\n\n<p class=\"wp-block-paragraph\">Navarro Quintero destac\u00f3 que M\u00e9xico \u2014bajo el liderazgo de la presidenta de la Rep\u00fablica, Claudia Sheinbaum Pardo\u2014 enfrenta retos de seguridad que requieren congruencia y coordinaci\u00f3n absoluta. Se\u00f1al\u00f3 que las autoridades que integran las mesas de seguridad trabajan diariamente para garantizar armon\u00eda social, combatiendo con determinaci\u00f3n a grupos delictivos en zonas urbanas y rurales.<\/p>\n\n\n\n<p class=\"wp-block-paragraph\">El gobernador enfatiz\u00f3 que la destrucci\u00f3n de narc\u00f3ticos, armas y m\u00e1quinas tragamonedas forma parte del trabajo cotidiano para inhibir actividades criminales y reducir riesgos que generan dependencia, violencia y descomposici\u00f3n social.<\/p>\n\n\n\n<figure class=\"wp-block-gallery has-nested-images columns-default is-cropped wp-block-gallery-2 is-layout-flex wp-block-gallery-is-layout-flex\">\n<figure class=\"wp-block-image size-large\"><img loading=\"lazy\" decoding=\"async\" width=\"1024\" height=\"684\" data-id=\"59237\" src=\"https:\/\/periodicorealidades.com\/wp-content\/uploads\/2025\/12\/DESTRUCCION-Y-QUEMA-DE-DROGA7-1024x684.jpeg\" alt=\"\" class=\"wp-image-59237\" srcset=\"https:\/\/periodicorealidades.com\/wp-content\/uploads\/2025\/12\/DESTRUCCION-Y-QUEMA-DE-DROGA7-1024x684.jpeg 1024w, https:\/\/periodicorealidades.com\/wp-content\/uploads\/2025\/12\/DESTRUCCION-Y-QUEMA-DE-DROGA7-300x200.jpeg 300w, https:\/\/periodicorealidades.com\/wp-content\/uploads\/2025\/12\/DESTRUCCION-Y-QUEMA-DE-DROGA7-768x513.jpeg 768w, https:\/\/periodicorealidades.com\/wp-content\/uploads\/2025\/12\/DESTRUCCION-Y-QUEMA-DE-DROGA7-696x465.jpeg 696w, https:\/\/periodicorealidades.com\/wp-content\/uploads\/2025\/12\/DESTRUCCION-Y-QUEMA-DE-DROGA7-1068x713.jpeg 1068w, https:\/\/periodicorealidades.com\/wp-content\/uploads\/2025\/12\/DESTRUCCION-Y-QUEMA-DE-DROGA7.jpeg 1102w\" sizes=\"auto, (max-width: 1024px) 100vw, 1024px\" \/><\/figure>\n\n\n\n<figure class=\"wp-block-image size-large\"><img loading=\"lazy\" decoding=\"async\" width=\"1024\" height=\"683\" data-id=\"59236\" src=\"https:\/\/periodicorealidades.com\/wp-content\/uploads\/2025\/12\/DESTRUCCION-Y-QUEMA-DE-DROGA8-1024x683.jpeg\" alt=\"\" class=\"wp-image-59236\" srcset=\"https:\/\/periodicorealidades.com\/wp-content\/uploads\/2025\/12\/DESTRUCCION-Y-QUEMA-DE-DROGA8-1024x683.jpeg 1024w, https:\/\/periodicorealidades.com\/wp-content\/uploads\/2025\/12\/DESTRUCCION-Y-QUEMA-DE-DROGA8-300x200.jpeg 300w, https:\/\/periodicorealidades.com\/wp-content\/uploads\/2025\/12\/DESTRUCCION-Y-QUEMA-DE-DROGA8-768x512.jpeg 768w, https:\/\/periodicorealidades.com\/wp-content\/uploads\/2025\/12\/DESTRUCCION-Y-QUEMA-DE-DROGA8-696x464.jpeg 696w, https:\/\/periodicorealidades.com\/wp-content\/uploads\/2025\/12\/DESTRUCCION-Y-QUEMA-DE-DROGA8-1068x713.jpeg 1068w, https:\/\/periodicorealidades.com\/wp-content\/uploads\/2025\/12\/DESTRUCCION-Y-QUEMA-DE-DROGA8.jpeg 1280w\" sizes=\"auto, (max-width: 1024px) 100vw, 1024px\" \/><\/figure>\n\n\n\n<figure class=\"wp-block-image size-large\"><img loading=\"lazy\" decoding=\"async\" width=\"1024\" height=\"684\" data-id=\"59235\" src=\"https:\/\/periodicorealidades.com\/wp-content\/uploads\/2025\/12\/DESTRUCCION-Y-QUEMA-DE-DROGA9-1024x684.jpeg\" alt=\"\" class=\"wp-image-59235\" srcset=\"https:\/\/periodicorealidades.com\/wp-content\/uploads\/2025\/12\/DESTRUCCION-Y-QUEMA-DE-DROGA9-1024x684.jpeg 1024w, https:\/\/periodicorealidades.com\/wp-content\/uploads\/2025\/12\/DESTRUCCION-Y-QUEMA-DE-DROGA9-300x200.jpeg 300w, https:\/\/periodicorealidades.com\/wp-content\/uploads\/2025\/12\/DESTRUCCION-Y-QUEMA-DE-DROGA9-768x513.jpeg 768w, https:\/\/periodicorealidades.com\/wp-content\/uploads\/2025\/12\/DESTRUCCION-Y-QUEMA-DE-DROGA9-696x465.jpeg 696w, https:\/\/periodicorealidades.com\/wp-content\/uploads\/2025\/12\/DESTRUCCION-Y-QUEMA-DE-DROGA9-1068x713.jpeg 1068w, https:\/\/periodicorealidades.com\/wp-content\/uploads\/2025\/12\/DESTRUCCION-Y-QUEMA-DE-DROGA9.jpeg 1258w\" sizes=\"auto, (max-width: 1024px) 100vw, 1024px\" \/><\/figure>\n<\/figure>\n\n\n\n<p class=\"wp-block-paragraph\">Durante el acto, el fiscal federal en Nayarit, Gabriel Campos Pi\u00f1a, inform\u00f3 que se llev\u00f3 a cabo la incineraci\u00f3n de 27 kilos 861 gramos de narc\u00f3ticos, as\u00ed como la destrucci\u00f3n de 164 m\u00e1quinas tragamonedas y 142 objetos utilizados para la comisi\u00f3n de delitos. Y como parte de los resultados acumulados en 2025, de enero a la fecha se han retirado de circulaci\u00f3n 542 m\u00e1quinas tragamonedas, y se han asegurado 170 mil 273 pesos.<\/p>\n\n\n\n<figure class=\"wp-block-image size-large\"><img loading=\"lazy\" decoding=\"async\" width=\"1024\" height=\"683\" src=\"https:\/\/periodicorealidades.com\/wp-content\/uploads\/2025\/12\/DESTRUCCION-Y-QUEMA-DE-DROGA10-1024x683.jpeg\" alt=\"\" class=\"wp-image-59234\" srcset=\"https:\/\/periodicorealidades.com\/wp-content\/uploads\/2025\/12\/DESTRUCCION-Y-QUEMA-DE-DROGA10-1024x683.jpeg 1024w, https:\/\/periodicorealidades.com\/wp-content\/uploads\/2025\/12\/DESTRUCCION-Y-QUEMA-DE-DROGA10-300x200.jpeg 300w, https:\/\/periodicorealidades.com\/wp-content\/uploads\/2025\/12\/DESTRUCCION-Y-QUEMA-DE-DROGA10-768x512.jpeg 768w, https:\/\/periodicorealidades.com\/wp-content\/uploads\/2025\/12\/DESTRUCCION-Y-QUEMA-DE-DROGA10-696x464.jpeg 696w, https:\/\/periodicorealidades.com\/wp-content\/uploads\/2025\/12\/DESTRUCCION-Y-QUEMA-DE-DROGA10-1068x713.jpeg 1068w, https:\/\/periodicorealidades.com\/wp-content\/uploads\/2025\/12\/DESTRUCCION-Y-QUEMA-DE-DROGA10.jpeg 1280w\" sizes=\"auto, (max-width: 1024px) 100vw, 1024px\" \/><\/figure>\n\n\n\n<p class=\"wp-block-paragraph\">\u201cSiguiendo las directrices estrat\u00e9gicas de la Federaci\u00f3n, estas m\u00e1quinas tragamonedas y narc\u00f3tico fueron incautados como resultado de las acciones gestadas en el seno de la coordinaci\u00f3n interinstitucional que se realiza diariamente en la Mesa de Construcci\u00f3n de la Paz y Seguridad, misma que es presidida por el se\u00f1or gobernador Miguel \u00c1ngel Navarro Quintero. Acciones cuya finalidad es inhibir la comisi\u00f3n de los delitos que tanto da\u00f1an a nuestra sociedad, a nuestros ni\u00f1os y a nuestros j\u00f3venes.\u201d, reiter\u00f3.<\/p>\n\n\n\n<figure class=\"wp-block-gallery has-nested-images columns-default is-cropped wp-block-gallery-3 is-layout-flex wp-block-gallery-is-layout-flex\">\n<figure class=\"wp-block-image size-large\"><img loading=\"lazy\" decoding=\"async\" width=\"1024\" height=\"683\" data-id=\"59233\" src=\"https:\/\/periodicorealidades.com\/wp-content\/uploads\/2025\/12\/DESTRUCCION-Y-QUEMA-DE-DROGA11-1024x683.jpeg\" alt=\"\" class=\"wp-image-59233\" srcset=\"https:\/\/periodicorealidades.com\/wp-content\/uploads\/2025\/12\/DESTRUCCION-Y-QUEMA-DE-DROGA11-1024x683.jpeg 1024w, https:\/\/periodicorealidades.com\/wp-content\/uploads\/2025\/12\/DESTRUCCION-Y-QUEMA-DE-DROGA11-300x200.jpeg 300w, https:\/\/periodicorealidades.com\/wp-content\/uploads\/2025\/12\/DESTRUCCION-Y-QUEMA-DE-DROGA11-768x512.jpeg 768w, https:\/\/periodicorealidades.com\/wp-content\/uploads\/2025\/12\/DESTRUCCION-Y-QUEMA-DE-DROGA11-696x464.jpeg 696w, https:\/\/periodicorealidades.com\/wp-content\/uploads\/2025\/12\/DESTRUCCION-Y-QUEMA-DE-DROGA11-1068x713.jpeg 1068w, https:\/\/periodicorealidades.com\/wp-content\/uploads\/2025\/12\/DESTRUCCION-Y-QUEMA-DE-DROGA11.jpeg 1280w\" sizes=\"auto, (max-width: 1024px) 100vw, 1024px\" \/><\/figure>\n\n\n\n<figure class=\"wp-block-image size-large\"><img loading=\"lazy\" decoding=\"async\" width=\"1024\" height=\"683\" data-id=\"59232\" src=\"https:\/\/periodicorealidades.com\/wp-content\/uploads\/2025\/12\/DESTRUCCION-Y-QUEMA-DE-DROGA12-1024x683.jpeg\" alt=\"\" class=\"wp-image-59232\" srcset=\"https:\/\/periodicorealidades.com\/wp-content\/uploads\/2025\/12\/DESTRUCCION-Y-QUEMA-DE-DROGA12-1024x683.jpeg 1024w, https:\/\/periodicorealidades.com\/wp-content\/uploads\/2025\/12\/DESTRUCCION-Y-QUEMA-DE-DROGA12-300x200.jpeg 300w, https:\/\/periodicorealidades.com\/wp-content\/uploads\/2025\/12\/DESTRUCCION-Y-QUEMA-DE-DROGA12-768x512.jpeg 768w, https:\/\/periodicorealidades.com\/wp-content\/uploads\/2025\/12\/DESTRUCCION-Y-QUEMA-DE-DROGA12-696x464.jpeg 696w, https:\/\/periodicorealidades.com\/wp-content\/uploads\/2025\/12\/DESTRUCCION-Y-QUEMA-DE-DROGA12-1068x713.jpeg 1068w, https:\/\/periodicorealidades.com\/wp-content\/uploads\/2025\/12\/DESTRUCCION-Y-QUEMA-DE-DROGA12.jpeg 1280w\" sizes=\"auto, (max-width: 1024px) 100vw, 1024px\" \/><\/figure>\n\n\n\n<figure class=\"wp-block-image size-large\"><img loading=\"lazy\" decoding=\"async\" width=\"1024\" height=\"727\" data-id=\"59231\" src=\"https:\/\/periodicorealidades.com\/wp-content\/uploads\/2025\/12\/DESTRUCCION-Y-QUEMA-DE-DROGA13-1024x727.jpeg\" alt=\"\" class=\"wp-image-59231\" srcset=\"https:\/\/periodicorealidades.com\/wp-content\/uploads\/2025\/12\/DESTRUCCION-Y-QUEMA-DE-DROGA13-1024x727.jpeg 1024w, https:\/\/periodicorealidades.com\/wp-content\/uploads\/2025\/12\/DESTRUCCION-Y-QUEMA-DE-DROGA13-300x213.jpeg 300w, https:\/\/periodicorealidades.com\/wp-content\/uploads\/2025\/12\/DESTRUCCION-Y-QUEMA-DE-DROGA13-768x545.jpeg 768w, https:\/\/periodicorealidades.com\/wp-content\/uploads\/2025\/12\/DESTRUCCION-Y-QUEMA-DE-DROGA13-696x494.jpeg 696w, https:\/\/periodicorealidades.com\/wp-content\/uploads\/2025\/12\/DESTRUCCION-Y-QUEMA-DE-DROGA13-1068x758.jpeg 1068w, https:\/\/periodicorealidades.com\/wp-content\/uploads\/2025\/12\/DESTRUCCION-Y-QUEMA-DE-DROGA13-100x70.jpeg 100w, https:\/\/periodicorealidades.com\/wp-content\/uploads\/2025\/12\/DESTRUCCION-Y-QUEMA-DE-DROGA13.jpeg 1236w\" sizes=\"auto, (max-width: 1024px) 100vw, 1024px\" \/><\/figure>\n<\/figure>\n\n\n\n<p class=\"wp-block-paragraph\">Asimismo, Campos Pi\u00f1a destac\u00f3, que derivado de la estrategia nacional de seguridad, se ha logrado un importante aseguramiento de armas de fuego, cargadores y cartuchos, mismas que ya han sido destruidos. Y en lo que va del a\u00f1o, el trabajo conjunto ha permitido obtener 89 vinculaciones a proceso por delitos federales y 136 sentencias condenatorias, con penas que van de los 2 a los 20 a\u00f1os de prisi\u00f3n.<\/p>\n\n\n\n<figure class=\"wp-block-image size-large\"><img loading=\"lazy\" decoding=\"async\" width=\"1024\" height=\"683\" src=\"https:\/\/periodicorealidades.com\/wp-content\/uploads\/2025\/12\/DESTRUCCION-Y-QUEMA-DE-DROGA14-1024x683.jpeg\" alt=\"\" class=\"wp-image-59230\" srcset=\"https:\/\/periodicorealidades.com\/wp-content\/uploads\/2025\/12\/DESTRUCCION-Y-QUEMA-DE-DROGA14-1024x683.jpeg 1024w, https:\/\/periodicorealidades.com\/wp-content\/uploads\/2025\/12\/DESTRUCCION-Y-QUEMA-DE-DROGA14-300x200.jpeg 300w, https:\/\/periodicorealidades.com\/wp-content\/uploads\/2025\/12\/DESTRUCCION-Y-QUEMA-DE-DROGA14-768x512.jpeg 768w, https:\/\/periodicorealidades.com\/wp-content\/uploads\/2025\/12\/DESTRUCCION-Y-QUEMA-DE-DROGA14-696x464.jpeg 696w, https:\/\/periodicorealidades.com\/wp-content\/uploads\/2025\/12\/DESTRUCCION-Y-QUEMA-DE-DROGA14-1068x713.jpeg 1068w, https:\/\/periodicorealidades.com\/wp-content\/uploads\/2025\/12\/DESTRUCCION-Y-QUEMA-DE-DROGA14.jpeg 1280w\" sizes=\"auto, (max-width: 1024px) 100vw, 1024px\" \/><\/figure>\n\n\n\n<p class=\"wp-block-paragraph\">Con estas acciones, el gobierno de Nayarit refrenda su determinaci\u00f3n de seguir impulsando estrategias firmes y coordinadas que permitan consolidar un entorno seguro para todas y todos.<\/p>\n\n\n\n<figure class=\"wp-block-gallery has-nested-images columns-default is-cropped wp-block-gallery-4 is-layout-flex wp-block-gallery-is-layout-flex\">\n<figure class=\"wp-block-image size-large\"><img loading=\"lazy\" decoding=\"async\" width=\"1024\" height=\"574\" data-id=\"59229\" src=\"https:\/\/periodicorealidades.com\/wp-content\/uploads\/2025\/12\/DESTRUCCION-Y-QUEMA-DE-DROGA15-1024x574.jpeg\" alt=\"\" class=\"wp-image-59229\" srcset=\"https:\/\/periodicorealidades.com\/wp-content\/uploads\/2025\/12\/DESTRUCCION-Y-QUEMA-DE-DROGA15-1024x574.jpeg 1024w, https:\/\/periodicorealidades.com\/wp-content\/uploads\/2025\/12\/DESTRUCCION-Y-QUEMA-DE-DROGA15-300x168.jpeg 300w, https:\/\/periodicorealidades.com\/wp-content\/uploads\/2025\/12\/DESTRUCCION-Y-QUEMA-DE-DROGA15-768x431.jpeg 768w, https:\/\/periodicorealidades.com\/wp-content\/uploads\/2025\/12\/DESTRUCCION-Y-QUEMA-DE-DROGA15-696x390.jpeg 696w, https:\/\/periodicorealidades.com\/wp-content\/uploads\/2025\/12\/DESTRUCCION-Y-QUEMA-DE-DROGA15-1068x599.jpeg 1068w, https:\/\/periodicorealidades.com\/wp-content\/uploads\/2025\/12\/DESTRUCCION-Y-QUEMA-DE-DROGA15.jpeg 1280w\" sizes=\"auto, (max-width: 1024px) 100vw, 1024px\" \/><\/figure>\n\n\n\n<figure class=\"wp-block-image size-large\"><img loading=\"lazy\" decoding=\"async\" width=\"1024\" height=\"593\" data-id=\"59228\" src=\"https:\/\/periodicorealidades.com\/wp-content\/uploads\/2025\/12\/DESTRUCCION-Y-QUEMA-DE-DROGA16-1024x593.jpeg\" alt=\"\" class=\"wp-image-59228\" srcset=\"https:\/\/periodicorealidades.com\/wp-content\/uploads\/2025\/12\/DESTRUCCION-Y-QUEMA-DE-DROGA16-1024x593.jpeg 1024w, https:\/\/periodicorealidades.com\/wp-content\/uploads\/2025\/12\/DESTRUCCION-Y-QUEMA-DE-DROGA16-300x174.jpeg 300w, https:\/\/periodicorealidades.com\/wp-content\/uploads\/2025\/12\/DESTRUCCION-Y-QUEMA-DE-DROGA16-768x445.jpeg 768w, https:\/\/periodicorealidades.com\/wp-content\/uploads\/2025\/12\/DESTRUCCION-Y-QUEMA-DE-DROGA16-696x403.jpeg 696w, https:\/\/periodicorealidades.com\/wp-content\/uploads\/2025\/12\/DESTRUCCION-Y-QUEMA-DE-DROGA16-1068x618.jpeg 1068w, https:\/\/periodicorealidades.com\/wp-content\/uploads\/2025\/12\/DESTRUCCION-Y-QUEMA-DE-DROGA16.jpeg 1280w\" sizes=\"auto, (max-width: 1024px) 100vw, 1024px\" \/><\/figure>\n\n\n\n<figure class=\"wp-block-image size-large\"><img loading=\"lazy\" decoding=\"async\" width=\"574\" height=\"1024\" data-id=\"59227\" src=\"https:\/\/periodicorealidades.com\/wp-content\/uploads\/2025\/12\/DESTRUCCION-Y-QUEMA-DE-DROGA17-574x1024.jpeg\" alt=\"\" class=\"wp-image-59227\" srcset=\"https:\/\/periodicorealidades.com\/wp-content\/uploads\/2025\/12\/DESTRUCCION-Y-QUEMA-DE-DROGA17-574x1024.jpeg 574w, https:\/\/periodicorealidades.com\/wp-content\/uploads\/2025\/12\/DESTRUCCION-Y-QUEMA-DE-DROGA17-168x300.jpeg 168w, https:\/\/periodicorealidades.com\/wp-content\/uploads\/2025\/12\/DESTRUCCION-Y-QUEMA-DE-DROGA17-696x1241.jpeg 696w, https:\/\/periodicorealidades.com\/wp-content\/uploads\/2025\/12\/DESTRUCCION-Y-QUEMA-DE-DROGA17.jpeg 718w\" sizes=\"auto, (max-width: 574px) 100vw, 574px\" \/><\/figure>\n\n\n\n<figure class=\"wp-block-image size-large\"><img loading=\"lazy\" decoding=\"async\" width=\"576\" height=\"1024\" data-id=\"59226\" src=\"https:\/\/periodicorealidades.com\/wp-content\/uploads\/2025\/12\/DESTRUCCION-Y-QUEMA-DE-DROGA18-576x1024.jpeg\" alt=\"\" class=\"wp-image-59226\" srcset=\"https:\/\/periodicorealidades.com\/wp-content\/uploads\/2025\/12\/DESTRUCCION-Y-QUEMA-DE-DROGA18-576x1024.jpeg 576w, https:\/\/periodicorealidades.com\/wp-content\/uploads\/2025\/12\/DESTRUCCION-Y-QUEMA-DE-DROGA18-169x300.jpeg 169w, https:\/\/periodicorealidades.com\/wp-content\/uploads\/2025\/12\/DESTRUCCION-Y-QUEMA-DE-DROGA18-696x1237.jpeg 696w, https:\/\/periodicorealidades.com\/wp-content\/uploads\/2025\/12\/DESTRUCCION-Y-QUEMA-DE-DROGA18.jpeg 720w\" sizes=\"auto, (max-width: 576px) 100vw, 576px\" \/><\/figure>\n\n\n\n<figure class=\"wp-block-image size-large\"><img loading=\"lazy\" decoding=\"async\" width=\"1024\" height=\"670\" data-id=\"59225\" src=\"https:\/\/periodicorealidades.com\/wp-content\/uploads\/2025\/12\/DESTRUCCION-Y-QUEMA-DE-DROGA19-1024x670.jpeg\" alt=\"\" class=\"wp-image-59225\" srcset=\"https:\/\/periodicorealidades.com\/wp-content\/uploads\/2025\/12\/DESTRUCCION-Y-QUEMA-DE-DROGA19-1024x670.jpeg 1024w, https:\/\/periodicorealidades.com\/wp-content\/uploads\/2025\/12\/DESTRUCCION-Y-QUEMA-DE-DROGA19-300x196.jpeg 300w, https:\/\/periodicorealidades.com\/wp-content\/uploads\/2025\/12\/DESTRUCCION-Y-QUEMA-DE-DROGA19-768x502.jpeg 768w, https:\/\/periodicorealidades.com\/wp-content\/uploads\/2025\/12\/DESTRUCCION-Y-QUEMA-DE-DROGA19-696x455.jpeg 696w, https:\/\/periodicorealidades.com\/wp-content\/uploads\/2025\/12\/DESTRUCCION-Y-QUEMA-DE-DROGA19-1068x698.jpeg 1068w, https:\/\/periodicorealidades.com\/wp-content\/uploads\/2025\/12\/DESTRUCCION-Y-QUEMA-DE-DROGA19-741x486.jpeg 741w, https:\/\/periodicorealidades.com\/wp-content\/uploads\/2025\/12\/DESTRUCCION-Y-QUEMA-DE-DROGA19.jpeg 1280w\" sizes=\"auto, (max-width: 1024px) 100vw, 1024px\" \/><\/figure>\n<\/figure>\n","protected":false},"excerpt":{"rendered":"<p>El gobernador del estado, Miguel \u00c1ngel Navarro Quintero, encabez\u00f3 esta ma\u00f1ana el acto de incineraci\u00f3n de narc\u00f3ticos, objetos del delito y m\u00e1quinas tragamonedas en las instalaciones de la Treceava Zona Militar, como parte de las acciones permanentes para fortalecer la seguridad y combatir de manera frontal a la delincuencia. Por: Bolet\u00ecn Tepic, Nayarit; viernes, 05 [&hellip;]<\/p>\n","protected":false},"author":2,"featured_media":59242,"comment_status":"closed","ping_status":"open","sticky":false,"template":"","format":"standard","meta":{"footnotes":""},"categories":[4,7],"tags":[],"class_list":["post-59251","post","type-post","status-publish","format-standard","has-post-thumbnail","category-principal","category-tepic"],"yoast_head":"<!-- This site is optimized with the Yoast SEO plugin v28.3 - https:\/\/yoast.com\/product\/yoast-seo-wordpress\/ -->\n<title>Refuerza gobenador la lucha contra delincuencia - Peri\u00f3dico Realidades<\/title>\n<meta name=\"robots\" content=\"index, follow, max-snippet:-1, max-image-preview:large, max-video-preview:-1\" \/>\n<link rel=\"canonical\" href=\"https:\/\/periodicorealidades.com\/index.php\/2025\/12\/04\/refuerza-gobenador-la-lucha-contra-delincuencia\/\" \/>\n<meta property=\"og:locale\" content=\"es_MX\" \/>\n<meta property=\"og:type\" content=\"article\" \/>\n<meta property=\"og:title\" content=\"Refuerza gobenador la lucha contra delincuencia - Peri\u00f3dico Realidades\" \/>\n<meta property=\"og:description\" content=\"El gobernador del estado, Miguel \u00c1ngel Navarro Quintero, encabez\u00f3 esta ma\u00f1ana el acto de incineraci\u00f3n de narc\u00f3ticos, objetos del delito y m\u00e1quinas tragamonedas en las instalaciones de la Treceava Zona Militar, como parte de las acciones permanentes para fortalecer la seguridad y combatir de manera frontal a la delincuencia. Por: Bolet\u00ecn Tepic, Nayarit; viernes, 05 [&hellip;]\" \/>\n<meta property=\"og:url\" content=\"https:\/\/periodicorealidades.com\/index.php\/2025\/12\/04\/refuerza-gobenador-la-lucha-contra-delincuencia\/\" \/>\n<meta property=\"og:site_name\" content=\"Peri\u00f3dico Realidades\" \/>\n<meta property=\"article:publisher\" content=\"https:\/\/www.facebook.com\/periodicorealidades.denayarit?mibextid=LQQJ4d\" \/>\n<meta property=\"article:published_time\" content=\"2025-12-05T05:04:24+00:00\" \/>\n<meta property=\"article:modified_time\" content=\"2025-12-05T05:04:25+00:00\" \/>\n<meta property=\"og:image\" content=\"https:\/\/periodicorealidades.com\/wp-content\/uploads\/2025\/12\/DESTRUCCION-Y-QUEMA-DE-DROGA4.jpeg\" \/>\n\t<meta property=\"og:image:width\" content=\"1084\" \/>\n\t<meta property=\"og:image:height\" content=\"724\" \/>\n\t<meta property=\"og:image:type\" content=\"image\/jpeg\" \/>\n<meta name=\"author\" content=\"editor\" \/>\n<meta name=\"twitter:card\" content=\"summary_large_image\" \/>\n<meta name=\"twitter:label1\" content=\"Escrito por\" \/>\n\t<meta name=\"twitter:data1\" content=\"editor\" \/>\n\t<meta name=\"twitter:label2\" content=\"Tiempo de lectura\" \/>\n\t<meta name=\"twitter:data2\" content=\"7 minutos\" \/>\n<script type=\"application\/ld+json\" class=\"yoast-schema-graph\">{\"@context\":\"https:\\\/\\\/schema.org\",\"@graph\":[{\"@type\":\"Article\",\"@id\":\"https:\\\/\\\/periodicorealidades.com\\\/index.php\\\/2025\\\/12\\\/04\\\/refuerza-gobenador-la-lucha-contra-delincuencia\\\/#article\",\"isPartOf\":{\"@id\":\"https:\\\/\\\/periodicorealidades.com\\\/index.php\\\/2025\\\/12\\\/04\\\/refuerza-gobenador-la-lucha-contra-delincuencia\\\/\"},\"author\":{\"name\":\"editor\",\"@id\":\"https:\\\/\\\/periodicorealidades.com\\\/#\\\/schema\\\/person\\\/c27da34ee13acaec3162071a3e1c7832\"},\"headline\":\"Refuerza gobenador la lucha contra delincuencia\",\"datePublished\":\"2025-12-05T05:04:24+00:00\",\"dateModified\":\"2025-12-05T05:04:25+00:00\",\"mainEntityOfPage\":{\"@id\":\"https:\\\/\\\/periodicorealidades.com\\\/index.php\\\/2025\\\/12\\\/04\\\/refuerza-gobenador-la-lucha-contra-delincuencia\\\/\"},\"wordCount\":612,\"publisher\":{\"@id\":\"https:\\\/\\\/periodicorealidades.com\\\/#organization\"},\"image\":{\"@id\":\"https:\\\/\\\/periodicorealidades.com\\\/index.php\\\/2025\\\/12\\\/04\\\/refuerza-gobenador-la-lucha-contra-delincuencia\\\/#primaryimage\"},\"thumbnailUrl\":\"https:\\\/\\\/periodicorealidades.com\\\/wp-content\\\/uploads\\\/2025\\\/12\\\/DESTRUCCION-Y-QUEMA-DE-DROGA4.jpeg\",\"articleSection\":[\"Principal\",\"Tepic\"],\"inLanguage\":\"es\"},{\"@type\":\"WebPage\",\"@id\":\"https:\\\/\\\/periodicorealidades.com\\\/index.php\\\/2025\\\/12\\\/04\\\/refuerza-gobenador-la-lucha-contra-delincuencia\\\/\",\"url\":\"https:\\\/\\\/periodicorealidades.com\\\/index.php\\\/2025\\\/12\\\/04\\\/refuerza-gobenador-la-lucha-contra-delincuencia\\\/\",\"name\":\"Refuerza gobenador la lucha contra delincuencia - Peri\u00f3dico Realidades\",\"isPartOf\":{\"@id\":\"https:\\\/\\\/periodicorealidades.com\\\/#website\"},\"primaryImageOfPage\":{\"@id\":\"https:\\\/\\\/periodicorealidades.com\\\/index.php\\\/2025\\\/12\\\/04\\\/refuerza-gobenador-la-lucha-contra-delincuencia\\\/#primaryimage\"},\"image\":{\"@id\":\"https:\\\/\\\/periodicorealidades.com\\\/index.php\\\/2025\\\/12\\\/04\\\/refuerza-gobenador-la-lucha-contra-delincuencia\\\/#primaryimage\"},\"thumbnailUrl\":\"https:\\\/\\\/periodicorealidades.com\\\/wp-content\\\/uploads\\\/2025\\\/12\\\/DESTRUCCION-Y-QUEMA-DE-DROGA4.jpeg\",\"datePublished\":\"2025-12-05T05:04:24+00:00\",\"dateModified\":\"2025-12-05T05:04:25+00:00\",\"breadcrumb\":{\"@id\":\"https:\\\/\\\/periodicorealidades.com\\\/index.php\\\/2025\\\/12\\\/04\\\/refuerza-gobenador-la-lucha-contra-delincuencia\\\/#breadcrumb\"},\"inLanguage\":\"es\",\"potentialAction\":[{\"@type\":\"ReadAction\",\"target\":[\"https:\\\/\\\/periodicorealidades.com\\\/index.php\\\/2025\\\/12\\\/04\\\/refuerza-gobenador-la-lucha-contra-delincuencia\\\/\"]}]},{\"@type\":\"ImageObject\",\"inLanguage\":\"es\",\"@id\":\"https:\\\/\\\/periodicorealidades.com\\\/index.php\\\/2025\\\/12\\\/04\\\/refuerza-gobenador-la-lucha-contra-delincuencia\\\/#primaryimage\",\"url\":\"https:\\\/\\\/periodicorealidades.com\\\/wp-content\\\/uploads\\\/2025\\\/12\\\/DESTRUCCION-Y-QUEMA-DE-DROGA4.jpeg\",\"contentUrl\":\"https:\\\/\\\/periodicorealidades.com\\\/wp-content\\\/uploads\\\/2025\\\/12\\\/DESTRUCCION-Y-QUEMA-DE-DROGA4.jpeg\",\"width\":1084,\"height\":724},{\"@type\":\"BreadcrumbList\",\"@id\":\"https:\\\/\\\/periodicorealidades.com\\\/index.php\\\/2025\\\/12\\\/04\\\/refuerza-gobenador-la-lucha-contra-delincuencia\\\/#breadcrumb\",\"itemListElement\":[{\"@type\":\"ListItem\",\"position\":1,\"name\":\"Inicio\",\"item\":\"https:\\\/\\\/periodicorealidades.com\\\/\"},{\"@type\":\"ListItem\",\"position\":2,\"name\":\"Refuerza gobenador la lucha contra delincuencia\"}]},{\"@type\":\"WebSite\",\"@id\":\"https:\\\/\\\/periodicorealidades.com\\\/#website\",\"url\":\"https:\\\/\\\/periodicorealidades.com\\\/\",\"name\":\"Peri\u00f3dico Realidades\",\"description\":\"M\u00e9dio de comunicaci\u00f3n en Nayarit\",\"publisher\":{\"@id\":\"https:\\\/\\\/periodicorealidades.com\\\/#organization\"},\"potentialAction\":[{\"@type\":\"SearchAction\",\"target\":{\"@type\":\"EntryPoint\",\"urlTemplate\":\"https:\\\/\\\/periodicorealidades.com\\\/?s={search_term_string}\"},\"query-input\":{\"@type\":\"PropertyValueSpecification\",\"valueRequired\":true,\"valueName\":\"search_term_string\"}}],\"inLanguage\":\"es\"},{\"@type\":\"Organization\",\"@id\":\"https:\\\/\\\/periodicorealidades.com\\\/#organization\",\"name\":\"Peri\u00f3dico Realidades\",\"url\":\"https:\\\/\\\/periodicorealidades.com\\\/\",\"logo\":{\"@type\":\"ImageObject\",\"inLanguage\":\"es\",\"@id\":\"https:\\\/\\\/periodicorealidades.com\\\/#\\\/schema\\\/logo\\\/image\\\/\",\"url\":\"https:\\\/\\\/periodicorealidades.com\\\/wp-content\\\/uploads\\\/2023\\\/05\\\/r-prueba.png\",\"contentUrl\":\"https:\\\/\\\/periodicorealidades.com\\\/wp-content\\\/uploads\\\/2023\\\/05\\\/r-prueba.png\",\"width\":709,\"height\":709,\"caption\":\"Peri\u00f3dico Realidades\"},\"image\":{\"@id\":\"https:\\\/\\\/periodicorealidades.com\\\/#\\\/schema\\\/logo\\\/image\\\/\"},\"sameAs\":[\"https:\\\/\\\/www.facebook.com\\\/periodicorealidades.denayarit?mibextid=LQQJ4d\"]},{\"@type\":\"Person\",\"@id\":\"https:\\\/\\\/periodicorealidades.com\\\/#\\\/schema\\\/person\\\/c27da34ee13acaec3162071a3e1c7832\",\"name\":\"editor\",\"image\":{\"@type\":\"ImageObject\",\"inLanguage\":\"es\",\"@id\":\"https:\\\/\\\/secure.gravatar.com\\\/avatar\\\/dda3c3f59ea25f4b53cd53df977b0b2628039b17268e57c944a79a00e8a56e26?s=96&d=mm&r=g\",\"url\":\"https:\\\/\\\/secure.gravatar.com\\\/avatar\\\/dda3c3f59ea25f4b53cd53df977b0b2628039b17268e57c944a79a00e8a56e26?s=96&d=mm&r=g\",\"contentUrl\":\"https:\\\/\\\/secure.gravatar.com\\\/avatar\\\/dda3c3f59ea25f4b53cd53df977b0b2628039b17268e57c944a79a00e8a56e26?s=96&d=mm&r=g\",\"caption\":\"editor\"},\"url\":\"https:\\\/\\\/periodicorealidades.com\\\/index.php\\\/author\\\/editor\\\/\"}]}<\/script>\n<!-- \/ Yoast SEO plugin. -->","yoast_head_json":{"title":"Refuerza gobenador la lucha contra delincuencia - Peri\u00f3dico Realidades","robots":{"index":"index","follow":"follow","max-snippet":"max-snippet:-1","max-image-preview":"max-image-preview:large","max-video-preview":"max-video-preview:-1"},"canonical":"https:\/\/periodicorealidades.com\/index.php\/2025\/12\/04\/refuerza-gobenador-la-lucha-contra-delincuencia\/","og_locale":"es_MX","og_type":"article","og_title":"Refuerza gobenador la lucha contra delincuencia - Peri\u00f3dico Realidades","og_description":"El gobernador del estado, Miguel \u00c1ngel Navarro Quintero, encabez\u00f3 esta ma\u00f1ana el acto de incineraci\u00f3n de narc\u00f3ticos, objetos del delito y m\u00e1quinas tragamonedas en las instalaciones de la Treceava Zona Militar, como parte de las acciones permanentes para fortalecer la seguridad y combatir de manera frontal a la delincuencia. Por: Bolet\u00ecn Tepic, Nayarit; viernes, 05 [&hellip;]","og_url":"https:\/\/periodicorealidades.com\/index.php\/2025\/12\/04\/refuerza-gobenador-la-lucha-contra-delincuencia\/","og_site_name":"Peri\u00f3dico Realidades","article_publisher":"https:\/\/www.facebook.com\/periodicorealidades.denayarit?mibextid=LQQJ4d","article_published_time":"2025-12-05T05:04:24+00:00","article_modified_time":"2025-12-05T05:04:25+00:00","og_image":[{"width":1084,"height":724,"url":"https:\/\/periodicorealidades.com\/wp-content\/uploads\/2025\/12\/DESTRUCCION-Y-QUEMA-DE-DROGA4.jpeg","type":"image\/jpeg"}],"author":"editor","twitter_card":"summary_large_image","twitter_misc":{"Escrito por":"editor","Tiempo de lectura":"7 minutos"},"schema":{"@context":"https:\/\/schema.org","@graph":[{"@type":"Article","@id":"https:\/\/periodicorealidades.com\/index.php\/2025\/12\/04\/refuerza-gobenador-la-lucha-contra-delincuencia\/#article","isPartOf":{"@id":"https:\/\/periodicorealidades.com\/index.php\/2025\/12\/04\/refuerza-gobenador-la-lucha-contra-delincuencia\/"},"author":{"name":"editor","@id":"https:\/\/periodicorealidades.com\/#\/schema\/person\/c27da34ee13acaec3162071a3e1c7832"},"headline":"Refuerza gobenador la lucha contra delincuencia","datePublished":"2025-12-05T05:04:24+00:00","dateModified":"2025-12-05T05:04:25+00:00","mainEntityOfPage":{"@id":"https:\/\/periodicorealidades.com\/index.php\/2025\/12\/04\/refuerza-gobenador-la-lucha-contra-delincuencia\/"},"wordCount":612,"publisher":{"@id":"https:\/\/periodicorealidades.com\/#organization"},"image":{"@id":"https:\/\/periodicorealidades.com\/index.php\/2025\/12\/04\/refuerza-gobenador-la-lucha-contra-delincuencia\/#primaryimage"},"thumbnailUrl":"https:\/\/periodicorealidades.com\/wp-content\/uploads\/2025\/12\/DESTRUCCION-Y-QUEMA-DE-DROGA4.jpeg","articleSection":["Principal","Tepic"],"inLanguage":"es"},{"@type":"WebPage","@id":"https:\/\/periodicorealidades.com\/index.php\/2025\/12\/04\/refuerza-gobenador-la-lucha-contra-delincuencia\/","url":"https:\/\/periodicorealidades.com\/index.php\/2025\/12\/04\/refuerza-gobenador-la-lucha-contra-delincuencia\/","name":"Refuerza gobenador la lucha contra delincuencia - Peri\u00f3dico Realidades","isPartOf":{"@id":"https:\/\/periodicorealidades.com\/#website"},"primaryImageOfPage":{"@id":"https:\/\/periodicorealidades.com\/index.php\/2025\/12\/04\/refuerza-gobenador-la-lucha-contra-delincuencia\/#primaryimage"},"image":{"@id":"https:\/\/periodicorealidades.com\/index.php\/2025\/12\/04\/refuerza-gobenador-la-lucha-contra-delincuencia\/#primaryimage"},"thumbnailUrl":"https:\/\/periodicorealidades.com\/wp-content\/uploads\/2025\/12\/DESTRUCCION-Y-QUEMA-DE-DROGA4.jpeg","datePublished":"2025-12-05T05:04:24+00:00","dateModified":"2025-12-05T05:04:25+00:00","breadcrumb":{"@id":"https:\/\/periodicorealidades.com\/index.php\/2025\/12\/04\/refuerza-gobenador-la-lucha-contra-delincuencia\/#breadcrumb"},"inLanguage":"es","potentialAction":[{"@type":"ReadAction","target":["https:\/\/periodicorealidades.com\/index.php\/2025\/12\/04\/refuerza-gobenador-la-lucha-contra-delincuencia\/"]}]},{"@type":"ImageObject","inLanguage":"es","@id":"https:\/\/periodicorealidades.com\/index.php\/2025\/12\/04\/refuerza-gobenador-la-lucha-contra-delincuencia\/#primaryimage","url":"https:\/\/periodicorealidades.com\/wp-content\/uploads\/2025\/12\/DESTRUCCION-Y-QUEMA-DE-DROGA4.jpeg","contentUrl":"https:\/\/periodicorealidades.com\/wp-content\/uploads\/2025\/12\/DESTRUCCION-Y-QUEMA-DE-DROGA4.jpeg","width":1084,"height":724},{"@type":"BreadcrumbList","@id":"https:\/\/periodicorealidades.com\/index.php\/2025\/12\/04\/refuerza-gobenador-la-lucha-contra-delincuencia\/#breadcrumb","itemListElement":[{"@type":"ListItem","position":1,"name":"Inicio","item":"https:\/\/periodicorealidades.com\/"},{"@type":"ListItem","position":2,"name":"Refuerza gobenador la lucha contra delincuencia"}]},{"@type":"WebSite","@id":"https:\/\/periodicorealidades.com\/#website","url":"https:\/\/periodicorealidades.com\/","name":"Peri\u00f3dico Realidades","description":"M\u00e9dio de comunicaci\u00f3n en Nayarit","publisher":{"@id":"https:\/\/periodicorealidades.com\/#organization"},"potentialAction":[{"@type":"SearchAction","target":{"@type":"EntryPoint","urlTemplate":"https:\/\/periodicorealidades.com\/?s={search_term_string}"},"query-input":{"@type":"PropertyValueSpecification","valueRequired":true,"valueName":"search_term_string"}}],"inLanguage":"es"},{"@type":"Organization","@id":"https:\/\/periodicorealidades.com\/#organization","name":"Peri\u00f3dico Realidades","url":"https:\/\/periodicorealidades.com\/","logo":{"@type":"ImageObject","inLanguage":"es","@id":"https:\/\/periodicorealidades.com\/#\/schema\/logo\/image\/","url":"https:\/\/periodicorealidades.com\/wp-content\/uploads\/2023\/05\/r-prueba.png","contentUrl":"https:\/\/periodicorealidades.com\/wp-content\/uploads\/2023\/05\/r-prueba.png","width":709,"height":709,"caption":"Peri\u00f3dico Realidades"},"image":{"@id":"https:\/\/periodicorealidades.com\/#\/schema\/logo\/image\/"},"sameAs":["https:\/\/www.facebook.com\/periodicorealidades.denayarit?mibextid=LQQJ4d"]},{"@type":"Person","@id":"https:\/\/periodicorealidades.com\/#\/schema\/person\/c27da34ee13acaec3162071a3e1c7832","name":"editor","image":{"@type":"ImageObject","inLanguage":"es","@id":"https:\/\/secure.gravatar.com\/avatar\/dda3c3f59ea25f4b53cd53df977b0b2628039b17268e57c944a79a00e8a56e26?s=96&d=mm&r=g","url":"https:\/\/secure.gravatar.com\/avatar\/dda3c3f59ea25f4b53cd53df977b0b2628039b17268e57c944a79a00e8a56e26?s=96&d=mm&r=g","contentUrl":"https:\/\/secure.gravatar.com\/avatar\/dda3c3f59ea25f4b53cd53df977b0b2628039b17268e57c944a79a00e8a56e26?s=96&d=mm&r=g","caption":"editor"},"url":"https:\/\/periodicorealidades.com\/index.php\/author\/editor\/"}]}},"_links":{"self":[{"href":"https:\/\/periodicorealidades.com\/index.php\/wp-json\/wp\/v2\/posts\/59251","targetHints":{"allow":["GET"]}}],"collection":[{"href":"https:\/\/periodicorealidades.com\/index.php\/wp-json\/wp\/v2\/posts"}],"about":[{"href":"https:\/\/periodicorealidades.com\/index.php\/wp-json\/wp\/v2\/types\/post"}],"author":[{"embeddable":true,"href":"https:\/\/periodicorealidades.com\/index.php\/wp-json\/wp\/v2\/users\/2"}],"replies":[{"embeddable":true,"href":"https:\/\/periodicorealidades.com\/index.php\/wp-json\/wp\/v2\/comments?post=59251"}],"version-history":[{"count":0,"href":"https:\/\/periodicorealidades.com\/index.php\/wp-json\/wp\/v2\/posts\/59251\/revisions"}],"wp:featuredmedia":[{"embeddable":true,"href":"https:\/\/periodicorealidades.com\/index.php\/wp-json\/wp\/v2\/media\/59242"}],"wp:attachment":[{"href":"https:\/\/periodicorealidades.com\/index.php\/wp-json\/wp\/v2\/media?parent=59251"}],"wp:term":[{"taxonomy":"category","embeddable":true,"href":"https:\/\/periodicorealidades.com\/index.php\/wp-json\/wp\/v2\/categories?post=59251"},{"taxonomy":"post_tag","embeddable":true,"href":"https:\/\/periodicorealidades.com\/index.php\/wp-json\/wp\/v2\/tags?post=59251"}],"curies":[{"name":"wp","href":"https:\/\/api.w.org\/{rel}","templated":true}]}}