{"id":59264,"date":"2025-12-05T13:45:47","date_gmt":"2025-12-05T20:45:47","guid":{"rendered":"https:\/\/periodicorealidades.com\/?p=59264"},"modified":"2025-12-05T13:46:25","modified_gmt":"2025-12-05T20:46:25","slug":"andrea-bocelli-deslumbra-en-la-inauguracion-del-sorteo-del-mundial-2026-con-una-poderosa-interpretacion-de-nessun-dorma","status":"publish","type":"post","link":"https:\/\/periodicorealidades.com\/index.php\/2025\/12\/05\/andrea-bocelli-deslumbra-en-la-inauguracion-del-sorteo-del-mundial-2026-con-una-poderosa-interpretacion-de-nessun-dorma\/","title":{"rendered":"Andrea Bocelli Deslumbra en la Inauguraci\u00f3n del Sorteo del Mundial 2026 con una Poderosa Interpretaci\u00f3n de Nessun Dorma"},"content":{"rendered":"\n<p class=\"wp-block-paragraph\">Con su inconfundible voz y una presencia esc\u00e9nica imponente, <strong>Andrea Bocelli<\/strong> inaugur\u00f3 oficialmente las actividades del <strong>Sorteo del Mundial 2026<\/strong>, ofreciendo una presentaci\u00f3n que dej\u00f3 al p\u00fablico sin aliento. El tenor italiano se present\u00f3 en el <strong>Centro John F. Kennedy para las Artes Esc\u00e9nicas<\/strong>, donde dio inicio a uno de los eventos m\u00e1s esperados rumbo a la Copa Mundial de la FIFA 2026.<\/p>\n\n\n\n<p class=\"wp-block-paragraph\">Bocelli interpret\u00f3 el cl\u00e1sico <strong>\u201cNessun Dorma\u201d<\/strong>, una de las arias m\u00e1s emblem\u00e1ticas de la \u00f3pera <em>Turandot<\/em> de Giacomo Puccini. Su interpretaci\u00f3n, cargada de emoci\u00f3n y t\u00e9cnica impecable, marc\u00f3 un momento hist\u00f3rico al unir la majestuosidad de la m\u00fasica cl\u00e1sica con la energ\u00eda universal del f\u00fatbol.<\/p>\n\n\n\n<p class=\"wp-block-paragraph\">Previo a su presentaci\u00f3n, el artista desfil\u00f3 por la alfombra roja del evento, donde fue captado sosteniendo un peque\u00f1o bal\u00f3n, gesto que simboliz\u00f3 el encuentro entre el arte y el deporte.<\/p>\n\n\n\n<p class=\"wp-block-paragraph\">El espect\u00e1culo musical del sorteo tambi\u00e9n incluir\u00e1 las actuaciones de <strong>Robbie Williams<\/strong> y <strong>Nicole Scherzinger<\/strong>, quienes aportar\u00e1n diversidad y brillo al evento global.<\/p>\n\n\n\n<figure class=\"wp-block-image size-full\"><img loading=\"lazy\" decoding=\"async\" width=\"768\" height=\"432\" src=\"https:\/\/periodicorealidades.com\/wp-content\/uploads\/2025\/12\/image-94.png\" alt=\"\" class=\"wp-image-59266\" srcset=\"https:\/\/periodicorealidades.com\/wp-content\/uploads\/2025\/12\/image-94.png 768w, https:\/\/periodicorealidades.com\/wp-content\/uploads\/2025\/12\/image-94-300x169.png 300w, https:\/\/periodicorealidades.com\/wp-content\/uploads\/2025\/12\/image-94-696x392.png 696w\" sizes=\"auto, (max-width: 768px) 100vw, 768px\" \/><\/figure>\n\n\n\n<h3 class=\"wp-block-heading\"><strong>\u00bfQui\u00e9n es Andrea Bocelli?<\/strong><\/h3>\n\n\n\n<p class=\"wp-block-paragraph\">Andrea Bocelli es uno de los tenores m\u00e1s reconocidos del mundo. Ha vendido m\u00e1s de <strong>90 millones de discos<\/strong> desde su debut internacional tras ganar la secci\u00f3n de Revelaciones en el Festival de San Remo en 1994. A lo largo de su carrera, ha trabajado bajo la batuta de directores de renombre como <strong>Lorin Maazel<\/strong>, <strong>Seiji Ozawa<\/strong> y <strong>Zubin Mehta<\/strong>.<\/p>\n\n\n\n<p class=\"wp-block-paragraph\">Ha recibido <strong>seis nominaciones al Grammy<\/strong> y <strong>seis al Grammy Latino<\/strong>, adem\u00e1s de contar con una estrella en el <strong>Paseo de la Fama de Hollywood<\/strong>. Bocelli ha cantado ante l\u00edderes mundiales, papas y en eventos globales como los Juegos Ol\u00edmpicos y Exposiciones Universales. Tambi\u00e9n cre\u00f3 la <strong>Fundaci\u00f3n Andrea Bocelli<\/strong>, dedicada a promover la educaci\u00f3n y la salud en comunidades vulnerables.<\/p>\n\n\n\n<p class=\"wp-block-paragraph\">Su hist\u00f3rica presentaci\u00f3n de Pascua en 2020 en el <strong>Duomo de Mil\u00e1n<\/strong> se convirti\u00f3 en una de las retransmisiones cl\u00e1sicas m\u00e1s vistas del mundo.<\/p>\n\n\n\n<h3 class=\"wp-block-heading\"><strong>La historia detr\u00e1s de <em>Nessun Dorma<\/em><\/strong><\/h3>\n\n\n\n<p class=\"wp-block-paragraph\">La pieza interpretada por Bocelli, <em>Nessun Dorma<\/em>, forma parte de <em>Turandot<\/em>, obra p\u00f3stuma de Puccini estrenada en 1926. El aria es cantada por el Pr\u00edncipe Calaf, quien acepta el desaf\u00edo de resolver tres acertijos para conquistar el amor de la fr\u00eda Princesa Turandot.<\/p>\n\n\n\n<p class=\"wp-block-paragraph\">En el siglo XX, <em>Nessun Dorma<\/em> alcanz\u00f3 fama global gracias a <strong>Luciano Pavarotti<\/strong>, especialmente tras su interpretaci\u00f3n durante el Mundial de Italia 1990, momento que la consolid\u00f3 como un himno universal de emoci\u00f3n y grandeza.<\/p>\n\n\n\n<p class=\"wp-block-paragraph\">Hoy en d\u00eda, es una de las arias m\u00e1s reconocidas de la historia, presente en ceremonias, eventos masivos y momentos de gran simbolismo, como la inauguraci\u00f3n del Sorteo del Mundial 2026.<\/p>\n\n\n\n<figure class=\"wp-block-image size-full\"><img loading=\"lazy\" decoding=\"async\" width=\"780\" height=\"470\" src=\"https:\/\/periodicorealidades.com\/wp-content\/uploads\/2025\/12\/image-95.png\" alt=\"\" class=\"wp-image-59267\" srcset=\"https:\/\/periodicorealidades.com\/wp-content\/uploads\/2025\/12\/image-95.png 780w, https:\/\/periodicorealidades.com\/wp-content\/uploads\/2025\/12\/image-95-300x181.png 300w, https:\/\/periodicorealidades.com\/wp-content\/uploads\/2025\/12\/image-95-768x463.png 768w, https:\/\/periodicorealidades.com\/wp-content\/uploads\/2025\/12\/image-95-696x419.png 696w\" sizes=\"auto, (max-width: 780px) 100vw, 780px\" \/><\/figure>\n","protected":false},"excerpt":{"rendered":"<p>Con su inconfundible voz y una presencia esc\u00e9nica imponente, Andrea Bocelli inaugur\u00f3 oficialmente las actividades del Sorteo del Mundial 2026, ofreciendo una presentaci\u00f3n que dej\u00f3 al p\u00fablico sin aliento. El tenor italiano se present\u00f3 en el Centro John F. Kennedy para las Artes Esc\u00e9nicas, donde dio inicio a uno de los eventos m\u00e1s esperados rumbo [&hellip;]<\/p>\n","protected":false},"author":4,"featured_media":59265,"comment_status":"closed","ping_status":"open","sticky":false,"template":"","format":"standard","meta":{"footnotes":""},"categories":[11],"tags":[],"class_list":["post-59264","post","type-post","status-publish","format-standard","has-post-thumbnail","category-farandula"],"yoast_head":"<!-- This site is optimized with the Yoast SEO plugin v28.3 - https:\/\/yoast.com\/product\/yoast-seo-wordpress\/ -->\n<title>Andrea Bocelli Deslumbra en la Inauguraci\u00f3n del Sorteo del Mundial 2026 con una Poderosa Interpretaci\u00f3n de Nessun Dorma - Peri\u00f3dico Realidades<\/title>\n<meta name=\"robots\" content=\"index, follow, max-snippet:-1, max-image-preview:large, max-video-preview:-1\" \/>\n<link rel=\"canonical\" href=\"https:\/\/periodicorealidades.com\/index.php\/2025\/12\/05\/andrea-bocelli-deslumbra-en-la-inauguracion-del-sorteo-del-mundial-2026-con-una-poderosa-interpretacion-de-nessun-dorma\/\" \/>\n<meta property=\"og:locale\" content=\"es_MX\" \/>\n<meta property=\"og:type\" content=\"article\" \/>\n<meta property=\"og:title\" content=\"Andrea Bocelli Deslumbra en la Inauguraci\u00f3n del Sorteo del Mundial 2026 con una Poderosa Interpretaci\u00f3n de Nessun Dorma - Peri\u00f3dico Realidades\" \/>\n<meta property=\"og:description\" content=\"Con su inconfundible voz y una presencia esc\u00e9nica imponente, Andrea Bocelli inaugur\u00f3 oficialmente las actividades del Sorteo del Mundial 2026, ofreciendo una presentaci\u00f3n que dej\u00f3 al p\u00fablico sin aliento. El tenor italiano se present\u00f3 en el Centro John F. Kennedy para las Artes Esc\u00e9nicas, donde dio inicio a uno de los eventos m\u00e1s esperados rumbo [&hellip;]\" \/>\n<meta property=\"og:url\" content=\"https:\/\/periodicorealidades.com\/index.php\/2025\/12\/05\/andrea-bocelli-deslumbra-en-la-inauguracion-del-sorteo-del-mundial-2026-con-una-poderosa-interpretacion-de-nessun-dorma\/\" \/>\n<meta property=\"og:site_name\" content=\"Peri\u00f3dico Realidades\" \/>\n<meta property=\"article:publisher\" content=\"https:\/\/www.facebook.com\/periodicorealidades.denayarit?mibextid=LQQJ4d\" \/>\n<meta property=\"article:published_time\" content=\"2025-12-05T20:45:47+00:00\" \/>\n<meta property=\"article:modified_time\" content=\"2025-12-05T20:46:25+00:00\" \/>\n<meta property=\"og:image\" content=\"https:\/\/periodicorealidades.com\/wp-content\/uploads\/2025\/12\/image-93.png\" \/>\n\t<meta property=\"og:image:width\" content=\"214\" \/>\n\t<meta property=\"og:image:height\" content=\"236\" \/>\n\t<meta property=\"og:image:type\" content=\"image\/png\" \/>\n<meta name=\"author\" content=\"Arcelia\" \/>\n<meta name=\"twitter:card\" content=\"summary_large_image\" \/>\n<meta name=\"twitter:label1\" content=\"Escrito por\" \/>\n\t<meta name=\"twitter:data1\" content=\"Arcelia\" \/>\n\t<meta name=\"twitter:label2\" content=\"Tiempo de lectura\" \/>\n\t<meta name=\"twitter:data2\" content=\"3 minutos\" \/>\n<script type=\"application\/ld+json\" class=\"yoast-schema-graph\">{\"@context\":\"https:\\\/\\\/schema.org\",\"@graph\":[{\"@type\":\"Article\",\"@id\":\"https:\\\/\\\/periodicorealidades.com\\\/index.php\\\/2025\\\/12\\\/05\\\/andrea-bocelli-deslumbra-en-la-inauguracion-del-sorteo-del-mundial-2026-con-una-poderosa-interpretacion-de-nessun-dorma\\\/#article\",\"isPartOf\":{\"@id\":\"https:\\\/\\\/periodicorealidades.com\\\/index.php\\\/2025\\\/12\\\/05\\\/andrea-bocelli-deslumbra-en-la-inauguracion-del-sorteo-del-mundial-2026-con-una-poderosa-interpretacion-de-nessun-dorma\\\/\"},\"author\":{\"name\":\"Arcelia\",\"@id\":\"https:\\\/\\\/periodicorealidades.com\\\/#\\\/schema\\\/person\\\/ed60e33c6767be45db655d22ad0c15c4\"},\"headline\":\"Andrea Bocelli Deslumbra en la Inauguraci\u00f3n del Sorteo del Mundial 2026 con una Poderosa Interpretaci\u00f3n de Nessun Dorma\",\"datePublished\":\"2025-12-05T20:45:47+00:00\",\"dateModified\":\"2025-12-05T20:46:25+00:00\",\"mainEntityOfPage\":{\"@id\":\"https:\\\/\\\/periodicorealidades.com\\\/index.php\\\/2025\\\/12\\\/05\\\/andrea-bocelli-deslumbra-en-la-inauguracion-del-sorteo-del-mundial-2026-con-una-poderosa-interpretacion-de-nessun-dorma\\\/\"},\"wordCount\":483,\"publisher\":{\"@id\":\"https:\\\/\\\/periodicorealidades.com\\\/#organization\"},\"image\":{\"@id\":\"https:\\\/\\\/periodicorealidades.com\\\/index.php\\\/2025\\\/12\\\/05\\\/andrea-bocelli-deslumbra-en-la-inauguracion-del-sorteo-del-mundial-2026-con-una-poderosa-interpretacion-de-nessun-dorma\\\/#primaryimage\"},\"thumbnailUrl\":\"https:\\\/\\\/periodicorealidades.com\\\/wp-content\\\/uploads\\\/2025\\\/12\\\/image-93.png\",\"articleSection\":[\"FARANDULA\"],\"inLanguage\":\"es\"},{\"@type\":\"WebPage\",\"@id\":\"https:\\\/\\\/periodicorealidades.com\\\/index.php\\\/2025\\\/12\\\/05\\\/andrea-bocelli-deslumbra-en-la-inauguracion-del-sorteo-del-mundial-2026-con-una-poderosa-interpretacion-de-nessun-dorma\\\/\",\"url\":\"https:\\\/\\\/periodicorealidades.com\\\/index.php\\\/2025\\\/12\\\/05\\\/andrea-bocelli-deslumbra-en-la-inauguracion-del-sorteo-del-mundial-2026-con-una-poderosa-interpretacion-de-nessun-dorma\\\/\",\"name\":\"Andrea Bocelli Deslumbra en la Inauguraci\u00f3n del Sorteo del Mundial 2026 con una Poderosa Interpretaci\u00f3n de Nessun Dorma - Peri\u00f3dico Realidades\",\"isPartOf\":{\"@id\":\"https:\\\/\\\/periodicorealidades.com\\\/#website\"},\"primaryImageOfPage\":{\"@id\":\"https:\\\/\\\/periodicorealidades.com\\\/index.php\\\/2025\\\/12\\\/05\\\/andrea-bocelli-deslumbra-en-la-inauguracion-del-sorteo-del-mundial-2026-con-una-poderosa-interpretacion-de-nessun-dorma\\\/#primaryimage\"},\"image\":{\"@id\":\"https:\\\/\\\/periodicorealidades.com\\\/index.php\\\/2025\\\/12\\\/05\\\/andrea-bocelli-deslumbra-en-la-inauguracion-del-sorteo-del-mundial-2026-con-una-poderosa-interpretacion-de-nessun-dorma\\\/#primaryimage\"},\"thumbnailUrl\":\"https:\\\/\\\/periodicorealidades.com\\\/wp-content\\\/uploads\\\/2025\\\/12\\\/image-93.png\",\"datePublished\":\"2025-12-05T20:45:47+00:00\",\"dateModified\":\"2025-12-05T20:46:25+00:00\",\"breadcrumb\":{\"@id\":\"https:\\\/\\\/periodicorealidades.com\\\/index.php\\\/2025\\\/12\\\/05\\\/andrea-bocelli-deslumbra-en-la-inauguracion-del-sorteo-del-mundial-2026-con-una-poderosa-interpretacion-de-nessun-dorma\\\/#breadcrumb\"},\"inLanguage\":\"es\",\"potentialAction\":[{\"@type\":\"ReadAction\",\"target\":[\"https:\\\/\\\/periodicorealidades.com\\\/index.php\\\/2025\\\/12\\\/05\\\/andrea-bocelli-deslumbra-en-la-inauguracion-del-sorteo-del-mundial-2026-con-una-poderosa-interpretacion-de-nessun-dorma\\\/\"]}]},{\"@type\":\"ImageObject\",\"inLanguage\":\"es\",\"@id\":\"https:\\\/\\\/periodicorealidades.com\\\/index.php\\\/2025\\\/12\\\/05\\\/andrea-bocelli-deslumbra-en-la-inauguracion-del-sorteo-del-mundial-2026-con-una-poderosa-interpretacion-de-nessun-dorma\\\/#primaryimage\",\"url\":\"https:\\\/\\\/periodicorealidades.com\\\/wp-content\\\/uploads\\\/2025\\\/12\\\/image-93.png\",\"contentUrl\":\"https:\\\/\\\/periodicorealidades.com\\\/wp-content\\\/uploads\\\/2025\\\/12\\\/image-93.png\",\"width\":214,\"height\":236},{\"@type\":\"BreadcrumbList\",\"@id\":\"https:\\\/\\\/periodicorealidades.com\\\/index.php\\\/2025\\\/12\\\/05\\\/andrea-bocelli-deslumbra-en-la-inauguracion-del-sorteo-del-mundial-2026-con-una-poderosa-interpretacion-de-nessun-dorma\\\/#breadcrumb\",\"itemListElement\":[{\"@type\":\"ListItem\",\"position\":1,\"name\":\"Inicio\",\"item\":\"https:\\\/\\\/periodicorealidades.com\\\/\"},{\"@type\":\"ListItem\",\"position\":2,\"name\":\"Andrea Bocelli Deslumbra en la Inauguraci\u00f3n del Sorteo del Mundial 2026 con una Poderosa Interpretaci\u00f3n de Nessun Dorma\"}]},{\"@type\":\"WebSite\",\"@id\":\"https:\\\/\\\/periodicorealidades.com\\\/#website\",\"url\":\"https:\\\/\\\/periodicorealidades.com\\\/\",\"name\":\"Peri\u00f3dico Realidades\",\"description\":\"M\u00e9dio de comunicaci\u00f3n en Nayarit\",\"publisher\":{\"@id\":\"https:\\\/\\\/periodicorealidades.com\\\/#organization\"},\"potentialAction\":[{\"@type\":\"SearchAction\",\"target\":{\"@type\":\"EntryPoint\",\"urlTemplate\":\"https:\\\/\\\/periodicorealidades.com\\\/?s={search_term_string}\"},\"query-input\":{\"@type\":\"PropertyValueSpecification\",\"valueRequired\":true,\"valueName\":\"search_term_string\"}}],\"inLanguage\":\"es\"},{\"@type\":\"Organization\",\"@id\":\"https:\\\/\\\/periodicorealidades.com\\\/#organization\",\"name\":\"Peri\u00f3dico Realidades\",\"url\":\"https:\\\/\\\/periodicorealidades.com\\\/\",\"logo\":{\"@type\":\"ImageObject\",\"inLanguage\":\"es\",\"@id\":\"https:\\\/\\\/periodicorealidades.com\\\/#\\\/schema\\\/logo\\\/image\\\/\",\"url\":\"https:\\\/\\\/periodicorealidades.com\\\/wp-content\\\/uploads\\\/2023\\\/05\\\/r-prueba.png\",\"contentUrl\":\"https:\\\/\\\/periodicorealidades.com\\\/wp-content\\\/uploads\\\/2023\\\/05\\\/r-prueba.png\",\"width\":709,\"height\":709,\"caption\":\"Peri\u00f3dico Realidades\"},\"image\":{\"@id\":\"https:\\\/\\\/periodicorealidades.com\\\/#\\\/schema\\\/logo\\\/image\\\/\"},\"sameAs\":[\"https:\\\/\\\/www.facebook.com\\\/periodicorealidades.denayarit?mibextid=LQQJ4d\"]},{\"@type\":\"Person\",\"@id\":\"https:\\\/\\\/periodicorealidades.com\\\/#\\\/schema\\\/person\\\/ed60e33c6767be45db655d22ad0c15c4\",\"name\":\"Arcelia\",\"image\":{\"@type\":\"ImageObject\",\"inLanguage\":\"es\",\"@id\":\"https:\\\/\\\/secure.gravatar.com\\\/avatar\\\/36cdbbe591db4ecc4985aac5ab27b8093cf6488d3b664974f0cda2e38368b10d?s=96&d=mm&r=g\",\"url\":\"https:\\\/\\\/secure.gravatar.com\\\/avatar\\\/36cdbbe591db4ecc4985aac5ab27b8093cf6488d3b664974f0cda2e38368b10d?s=96&d=mm&r=g\",\"contentUrl\":\"https:\\\/\\\/secure.gravatar.com\\\/avatar\\\/36cdbbe591db4ecc4985aac5ab27b8093cf6488d3b664974f0cda2e38368b10d?s=96&d=mm&r=g\",\"caption\":\"Arcelia\"},\"url\":\"https:\\\/\\\/periodicorealidades.com\\\/index.php\\\/author\\\/editor-2\\\/\"}]}<\/script>\n<!-- \/ Yoast SEO plugin. -->","yoast_head_json":{"title":"Andrea Bocelli Deslumbra en la Inauguraci\u00f3n del Sorteo del Mundial 2026 con una Poderosa Interpretaci\u00f3n de Nessun Dorma - Peri\u00f3dico Realidades","robots":{"index":"index","follow":"follow","max-snippet":"max-snippet:-1","max-image-preview":"max-image-preview:large","max-video-preview":"max-video-preview:-1"},"canonical":"https:\/\/periodicorealidades.com\/index.php\/2025\/12\/05\/andrea-bocelli-deslumbra-en-la-inauguracion-del-sorteo-del-mundial-2026-con-una-poderosa-interpretacion-de-nessun-dorma\/","og_locale":"es_MX","og_type":"article","og_title":"Andrea Bocelli Deslumbra en la Inauguraci\u00f3n del Sorteo del Mundial 2026 con una Poderosa Interpretaci\u00f3n de Nessun Dorma - Peri\u00f3dico Realidades","og_description":"Con su inconfundible voz y una presencia esc\u00e9nica imponente, Andrea Bocelli inaugur\u00f3 oficialmente las actividades del Sorteo del Mundial 2026, ofreciendo una presentaci\u00f3n que dej\u00f3 al p\u00fablico sin aliento. El tenor italiano se present\u00f3 en el Centro John F. Kennedy para las Artes Esc\u00e9nicas, donde dio inicio a uno de los eventos m\u00e1s esperados rumbo [&hellip;]","og_url":"https:\/\/periodicorealidades.com\/index.php\/2025\/12\/05\/andrea-bocelli-deslumbra-en-la-inauguracion-del-sorteo-del-mundial-2026-con-una-poderosa-interpretacion-de-nessun-dorma\/","og_site_name":"Peri\u00f3dico Realidades","article_publisher":"https:\/\/www.facebook.com\/periodicorealidades.denayarit?mibextid=LQQJ4d","article_published_time":"2025-12-05T20:45:47+00:00","article_modified_time":"2025-12-05T20:46:25+00:00","og_image":[{"width":214,"height":236,"url":"https:\/\/periodicorealidades.com\/wp-content\/uploads\/2025\/12\/image-93.png","type":"image\/png"}],"author":"Arcelia","twitter_card":"summary_large_image","twitter_misc":{"Escrito por":"Arcelia","Tiempo de lectura":"3 minutos"},"schema":{"@context":"https:\/\/schema.org","@graph":[{"@type":"Article","@id":"https:\/\/periodicorealidades.com\/index.php\/2025\/12\/05\/andrea-bocelli-deslumbra-en-la-inauguracion-del-sorteo-del-mundial-2026-con-una-poderosa-interpretacion-de-nessun-dorma\/#article","isPartOf":{"@id":"https:\/\/periodicorealidades.com\/index.php\/2025\/12\/05\/andrea-bocelli-deslumbra-en-la-inauguracion-del-sorteo-del-mundial-2026-con-una-poderosa-interpretacion-de-nessun-dorma\/"},"author":{"name":"Arcelia","@id":"https:\/\/periodicorealidades.com\/#\/schema\/person\/ed60e33c6767be45db655d22ad0c15c4"},"headline":"Andrea Bocelli Deslumbra en la Inauguraci\u00f3n del Sorteo del Mundial 2026 con una Poderosa Interpretaci\u00f3n de Nessun Dorma","datePublished":"2025-12-05T20:45:47+00:00","dateModified":"2025-12-05T20:46:25+00:00","mainEntityOfPage":{"@id":"https:\/\/periodicorealidades.com\/index.php\/2025\/12\/05\/andrea-bocelli-deslumbra-en-la-inauguracion-del-sorteo-del-mundial-2026-con-una-poderosa-interpretacion-de-nessun-dorma\/"},"wordCount":483,"publisher":{"@id":"https:\/\/periodicorealidades.com\/#organization"},"image":{"@id":"https:\/\/periodicorealidades.com\/index.php\/2025\/12\/05\/andrea-bocelli-deslumbra-en-la-inauguracion-del-sorteo-del-mundial-2026-con-una-poderosa-interpretacion-de-nessun-dorma\/#primaryimage"},"thumbnailUrl":"https:\/\/periodicorealidades.com\/wp-content\/uploads\/2025\/12\/image-93.png","articleSection":["FARANDULA"],"inLanguage":"es"},{"@type":"WebPage","@id":"https:\/\/periodicorealidades.com\/index.php\/2025\/12\/05\/andrea-bocelli-deslumbra-en-la-inauguracion-del-sorteo-del-mundial-2026-con-una-poderosa-interpretacion-de-nessun-dorma\/","url":"https:\/\/periodicorealidades.com\/index.php\/2025\/12\/05\/andrea-bocelli-deslumbra-en-la-inauguracion-del-sorteo-del-mundial-2026-con-una-poderosa-interpretacion-de-nessun-dorma\/","name":"Andrea Bocelli Deslumbra en la Inauguraci\u00f3n del Sorteo del Mundial 2026 con una Poderosa Interpretaci\u00f3n de Nessun Dorma - Peri\u00f3dico Realidades","isPartOf":{"@id":"https:\/\/periodicorealidades.com\/#website"},"primaryImageOfPage":{"@id":"https:\/\/periodicorealidades.com\/index.php\/2025\/12\/05\/andrea-bocelli-deslumbra-en-la-inauguracion-del-sorteo-del-mundial-2026-con-una-poderosa-interpretacion-de-nessun-dorma\/#primaryimage"},"image":{"@id":"https:\/\/periodicorealidades.com\/index.php\/2025\/12\/05\/andrea-bocelli-deslumbra-en-la-inauguracion-del-sorteo-del-mundial-2026-con-una-poderosa-interpretacion-de-nessun-dorma\/#primaryimage"},"thumbnailUrl":"https:\/\/periodicorealidades.com\/wp-content\/uploads\/2025\/12\/image-93.png","datePublished":"2025-12-05T20:45:47+00:00","dateModified":"2025-12-05T20:46:25+00:00","breadcrumb":{"@id":"https:\/\/periodicorealidades.com\/index.php\/2025\/12\/05\/andrea-bocelli-deslumbra-en-la-inauguracion-del-sorteo-del-mundial-2026-con-una-poderosa-interpretacion-de-nessun-dorma\/#breadcrumb"},"inLanguage":"es","potentialAction":[{"@type":"ReadAction","target":["https:\/\/periodicorealidades.com\/index.php\/2025\/12\/05\/andrea-bocelli-deslumbra-en-la-inauguracion-del-sorteo-del-mundial-2026-con-una-poderosa-interpretacion-de-nessun-dorma\/"]}]},{"@type":"ImageObject","inLanguage":"es","@id":"https:\/\/periodicorealidades.com\/index.php\/2025\/12\/05\/andrea-bocelli-deslumbra-en-la-inauguracion-del-sorteo-del-mundial-2026-con-una-poderosa-interpretacion-de-nessun-dorma\/#primaryimage","url":"https:\/\/periodicorealidades.com\/wp-content\/uploads\/2025\/12\/image-93.png","contentUrl":"https:\/\/periodicorealidades.com\/wp-content\/uploads\/2025\/12\/image-93.png","width":214,"height":236},{"@type":"BreadcrumbList","@id":"https:\/\/periodicorealidades.com\/index.php\/2025\/12\/05\/andrea-bocelli-deslumbra-en-la-inauguracion-del-sorteo-del-mundial-2026-con-una-poderosa-interpretacion-de-nessun-dorma\/#breadcrumb","itemListElement":[{"@type":"ListItem","position":1,"name":"Inicio","item":"https:\/\/periodicorealidades.com\/"},{"@type":"ListItem","position":2,"name":"Andrea Bocelli Deslumbra en la Inauguraci\u00f3n del Sorteo del Mundial 2026 con una Poderosa Interpretaci\u00f3n de Nessun Dorma"}]},{"@type":"WebSite","@id":"https:\/\/periodicorealidades.com\/#website","url":"https:\/\/periodicorealidades.com\/","name":"Peri\u00f3dico Realidades","description":"M\u00e9dio de comunicaci\u00f3n en Nayarit","publisher":{"@id":"https:\/\/periodicorealidades.com\/#organization"},"potentialAction":[{"@type":"SearchAction","target":{"@type":"EntryPoint","urlTemplate":"https:\/\/periodicorealidades.com\/?s={search_term_string}"},"query-input":{"@type":"PropertyValueSpecification","valueRequired":true,"valueName":"search_term_string"}}],"inLanguage":"es"},{"@type":"Organization","@id":"https:\/\/periodicorealidades.com\/#organization","name":"Peri\u00f3dico Realidades","url":"https:\/\/periodicorealidades.com\/","logo":{"@type":"ImageObject","inLanguage":"es","@id":"https:\/\/periodicorealidades.com\/#\/schema\/logo\/image\/","url":"https:\/\/periodicorealidades.com\/wp-content\/uploads\/2023\/05\/r-prueba.png","contentUrl":"https:\/\/periodicorealidades.com\/wp-content\/uploads\/2023\/05\/r-prueba.png","width":709,"height":709,"caption":"Peri\u00f3dico Realidades"},"image":{"@id":"https:\/\/periodicorealidades.com\/#\/schema\/logo\/image\/"},"sameAs":["https:\/\/www.facebook.com\/periodicorealidades.denayarit?mibextid=LQQJ4d"]},{"@type":"Person","@id":"https:\/\/periodicorealidades.com\/#\/schema\/person\/ed60e33c6767be45db655d22ad0c15c4","name":"Arcelia","image":{"@type":"ImageObject","inLanguage":"es","@id":"https:\/\/secure.gravatar.com\/avatar\/36cdbbe591db4ecc4985aac5ab27b8093cf6488d3b664974f0cda2e38368b10d?s=96&d=mm&r=g","url":"https:\/\/secure.gravatar.com\/avatar\/36cdbbe591db4ecc4985aac5ab27b8093cf6488d3b664974f0cda2e38368b10d?s=96&d=mm&r=g","contentUrl":"https:\/\/secure.gravatar.com\/avatar\/36cdbbe591db4ecc4985aac5ab27b8093cf6488d3b664974f0cda2e38368b10d?s=96&d=mm&r=g","caption":"Arcelia"},"url":"https:\/\/periodicorealidades.com\/index.php\/author\/editor-2\/"}]}},"_links":{"self":[{"href":"https:\/\/periodicorealidades.com\/index.php\/wp-json\/wp\/v2\/posts\/59264","targetHints":{"allow":["GET"]}}],"collection":[{"href":"https:\/\/periodicorealidades.com\/index.php\/wp-json\/wp\/v2\/posts"}],"about":[{"href":"https:\/\/periodicorealidades.com\/index.php\/wp-json\/wp\/v2\/types\/post"}],"author":[{"embeddable":true,"href":"https:\/\/periodicorealidades.com\/index.php\/wp-json\/wp\/v2\/users\/4"}],"replies":[{"embeddable":true,"href":"https:\/\/periodicorealidades.com\/index.php\/wp-json\/wp\/v2\/comments?post=59264"}],"version-history":[{"count":0,"href":"https:\/\/periodicorealidades.com\/index.php\/wp-json\/wp\/v2\/posts\/59264\/revisions"}],"wp:featuredmedia":[{"embeddable":true,"href":"https:\/\/periodicorealidades.com\/index.php\/wp-json\/wp\/v2\/media\/59265"}],"wp:attachment":[{"href":"https:\/\/periodicorealidades.com\/index.php\/wp-json\/wp\/v2\/media?parent=59264"}],"wp:term":[{"taxonomy":"category","embeddable":true,"href":"https:\/\/periodicorealidades.com\/index.php\/wp-json\/wp\/v2\/categories?post=59264"},{"taxonomy":"post_tag","embeddable":true,"href":"https:\/\/periodicorealidades.com\/index.php\/wp-json\/wp\/v2\/tags?post=59264"}],"curies":[{"name":"wp","href":"https:\/\/api.w.org\/{rel}","templated":true}]}}