{"id":59367,"date":"2025-12-07T21:53:06","date_gmt":"2025-12-08T04:53:06","guid":{"rendered":"https:\/\/periodicorealidades.com\/?p=59367"},"modified":"2025-12-07T21:53:07","modified_gmt":"2025-12-08T04:53:07","slug":"deportados-se-regresan-a-los-eua-a-como-de-lugar","status":"publish","type":"post","link":"https:\/\/periodicorealidades.com\/index.php\/2025\/12\/07\/deportados-se-regresan-a-los-eua-a-como-de-lugar\/","title":{"rendered":"Deportados se regresan a los EUA,\u00a0a como de lugar"},"content":{"rendered":"\n<p class=\"wp-block-paragraph\">Personas que han sido deportadas se vuelven a ir de \u201cmojados\u201d, en los EUA, &nbsp;all\u00e1 est\u00e1 su familia, su trabajo, o negocio<\/p>\n\n\n\n<p class=\"wp-block-paragraph\">Por: Arcelia Garc\u00eda Ortega<\/p>\n\n\n\n<p class=\"wp-block-paragraph\">Tepic, Nayarit; lunes, 08 de diciembre del 2025.- El diputado Flavio Fonseca Robles, propuesto por migrantes, se\u00f1al\u00f3 que no hay un registro de los nayaritas que han regresado al pa\u00eds, pero manifest\u00f3 que, platicando con migraci\u00f3n, le mencionaron que eran 150 pero se regresaron porque tienen su familia, sus hogares, su negocio, su trabajo, pero por el momento no ha habido afluencia de deportados nayaritas.<\/p>\n\n\n\n<p class=\"wp-block-paragraph\">Si acaso, dijo, hay dos personas deportadas que se quedaron en Nayarit. Y en el tema si lo han buscado como diputado, reconoci\u00f3 que s\u00ed, pero son personas que se han regresado al vecino pa\u00eds. Expres\u00f3 que en M\u00e9xico hay muchos programas de apoyo para quienes quieran regresar y quedarse a radicar en Nayarit.<\/p>\n\n\n\n<p class=\"wp-block-paragraph\">Afirm\u00f3 que se han abierto m\u00e1s vuelos a Guadalajara de EU porque hay mucha afluencia de nayaritas, el n\u00famero es considerable. Respecto a los vuelos a Tepic, expres\u00f3 que es m\u00e1s seguro que viajen en avi\u00f3n por la inseguridad que se pudiera presentar en otros estados que atraviesan.<\/p>\n\n\n\n<p class=\"wp-block-paragraph\">\u201cLos esfuerzos del gobernador Miguel \u00c1ngel Navarro Quintero para impulsar vuelos internacionales, facilita que varios nayaritas viajen de manera m\u00e1s r\u00e1pida y segura, principalmente desde Los \u00c1ngeles\u201d, declar\u00f3.<\/p>\n\n\n\n<p class=\"wp-block-paragraph\">Pidi\u00f3 a los nayaritas que no caigan en extorsiones de personas que les dicen que son sus familiares, recomend\u00f3 que antes de soltar dinero, que tanto necesitan por los gastos decembrinos, mejor hablen con sus familiares en EU para que se cercioren que es un enga\u00f1o.<\/p>\n\n\n\n<p class=\"wp-block-paragraph\">En los \u00faltimos d\u00edas, ha trascendido que las redadas se han intensificado particularmente en el estado de Luisiana, y en las ciudades de Baton Rouge y Nueva Orleans y sus alrededores.<\/p>\n\n\n\n<p class=\"wp-block-paragraph\">A trav\u00e9s de redes sociales, organizaciones de migrantes advierten sobre lugares en donde se realizan los operativos, los veh\u00edculos en los que se trasladan agentes y tambi\u00e9n comparten recomendaciones sobre qu\u00e9 hacer en caso de ser detenidos.<\/p>\n","protected":false},"excerpt":{"rendered":"<p>Personas que han sido deportadas se vuelven a ir de \u201cmojados\u201d, en los EUA, &nbsp;all\u00e1 est\u00e1 su familia, su trabajo, o negocio Por: Arcelia Garc\u00eda Ortega Tepic, Nayarit; lunes, 08 de diciembre del 2025.- El diputado Flavio Fonseca Robles, propuesto por migrantes, se\u00f1al\u00f3 que no hay un registro de los nayaritas que han regresado al [&hellip;]<\/p>\n","protected":false},"author":2,"featured_media":57147,"comment_status":"closed","ping_status":"open","sticky":false,"template":"","format":"standard","meta":{"footnotes":""},"categories":[4,7],"tags":[],"class_list":["post-59367","post","type-post","status-publish","format-standard","has-post-thumbnail","category-principal","category-tepic"],"yoast_head":"<!-- This site is optimized with the Yoast SEO plugin v28.3 - https:\/\/yoast.com\/product\/yoast-seo-wordpress\/ -->\n<title>Deportados se regresan a los EUA,\u00a0a como de lugar - Peri\u00f3dico Realidades<\/title>\n<meta name=\"robots\" content=\"index, follow, max-snippet:-1, max-image-preview:large, max-video-preview:-1\" \/>\n<link rel=\"canonical\" href=\"https:\/\/periodicorealidades.com\/index.php\/2025\/12\/07\/deportados-se-regresan-a-los-eua-a-como-de-lugar\/\" \/>\n<meta property=\"og:locale\" content=\"es_MX\" \/>\n<meta property=\"og:type\" content=\"article\" \/>\n<meta property=\"og:title\" content=\"Deportados se regresan a los EUA,\u00a0a como de lugar - Peri\u00f3dico Realidades\" \/>\n<meta property=\"og:description\" content=\"Personas que han sido deportadas se vuelven a ir de \u201cmojados\u201d, en los EUA, &nbsp;all\u00e1 est\u00e1 su familia, su trabajo, o negocio Por: Arcelia Garc\u00eda Ortega Tepic, Nayarit; lunes, 08 de diciembre del 2025.- El diputado Flavio Fonseca Robles, propuesto por migrantes, se\u00f1al\u00f3 que no hay un registro de los nayaritas que han regresado al [&hellip;]\" \/>\n<meta property=\"og:url\" content=\"https:\/\/periodicorealidades.com\/index.php\/2025\/12\/07\/deportados-se-regresan-a-los-eua-a-como-de-lugar\/\" \/>\n<meta property=\"og:site_name\" content=\"Peri\u00f3dico Realidades\" \/>\n<meta property=\"article:publisher\" content=\"https:\/\/www.facebook.com\/periodicorealidades.denayarit?mibextid=LQQJ4d\" \/>\n<meta property=\"article:published_time\" content=\"2025-12-08T04:53:06+00:00\" \/>\n<meta property=\"article:modified_time\" content=\"2025-12-08T04:53:07+00:00\" \/>\n<meta property=\"og:image\" content=\"https:\/\/periodicorealidades.com\/wp-content\/uploads\/2025\/11\/Flavio-Obdulio-Fonseca-Robles-12.jpg\" \/>\n\t<meta property=\"og:image:width\" content=\"1280\" \/>\n\t<meta property=\"og:image:height\" content=\"853\" \/>\n\t<meta property=\"og:image:type\" content=\"image\/jpeg\" \/>\n<meta name=\"author\" content=\"editor\" \/>\n<meta name=\"twitter:card\" content=\"summary_large_image\" \/>\n<meta name=\"twitter:label1\" content=\"Escrito por\" \/>\n\t<meta name=\"twitter:data1\" content=\"editor\" \/>\n\t<meta name=\"twitter:label2\" content=\"Tiempo de lectura\" \/>\n\t<meta name=\"twitter:data2\" content=\"2 minutos\" \/>\n<script type=\"application\/ld+json\" class=\"yoast-schema-graph\">{\"@context\":\"https:\\\/\\\/schema.org\",\"@graph\":[{\"@type\":\"Article\",\"@id\":\"https:\\\/\\\/periodicorealidades.com\\\/index.php\\\/2025\\\/12\\\/07\\\/deportados-se-regresan-a-los-eua-a-como-de-lugar\\\/#article\",\"isPartOf\":{\"@id\":\"https:\\\/\\\/periodicorealidades.com\\\/index.php\\\/2025\\\/12\\\/07\\\/deportados-se-regresan-a-los-eua-a-como-de-lugar\\\/\"},\"author\":{\"name\":\"editor\",\"@id\":\"https:\\\/\\\/periodicorealidades.com\\\/#\\\/schema\\\/person\\\/c27da34ee13acaec3162071a3e1c7832\"},\"headline\":\"Deportados se regresan a los EUA,\u00a0a como de lugar\",\"datePublished\":\"2025-12-08T04:53:06+00:00\",\"dateModified\":\"2025-12-08T04:53:07+00:00\",\"mainEntityOfPage\":{\"@id\":\"https:\\\/\\\/periodicorealidades.com\\\/index.php\\\/2025\\\/12\\\/07\\\/deportados-se-regresan-a-los-eua-a-como-de-lugar\\\/\"},\"wordCount\":361,\"publisher\":{\"@id\":\"https:\\\/\\\/periodicorealidades.com\\\/#organization\"},\"image\":{\"@id\":\"https:\\\/\\\/periodicorealidades.com\\\/index.php\\\/2025\\\/12\\\/07\\\/deportados-se-regresan-a-los-eua-a-como-de-lugar\\\/#primaryimage\"},\"thumbnailUrl\":\"https:\\\/\\\/periodicorealidades.com\\\/wp-content\\\/uploads\\\/2025\\\/11\\\/Flavio-Obdulio-Fonseca-Robles-12.jpg\",\"articleSection\":[\"Principal\",\"Tepic\"],\"inLanguage\":\"es\"},{\"@type\":\"WebPage\",\"@id\":\"https:\\\/\\\/periodicorealidades.com\\\/index.php\\\/2025\\\/12\\\/07\\\/deportados-se-regresan-a-los-eua-a-como-de-lugar\\\/\",\"url\":\"https:\\\/\\\/periodicorealidades.com\\\/index.php\\\/2025\\\/12\\\/07\\\/deportados-se-regresan-a-los-eua-a-como-de-lugar\\\/\",\"name\":\"Deportados se regresan a los EUA,\u00a0a como de lugar - Peri\u00f3dico Realidades\",\"isPartOf\":{\"@id\":\"https:\\\/\\\/periodicorealidades.com\\\/#website\"},\"primaryImageOfPage\":{\"@id\":\"https:\\\/\\\/periodicorealidades.com\\\/index.php\\\/2025\\\/12\\\/07\\\/deportados-se-regresan-a-los-eua-a-como-de-lugar\\\/#primaryimage\"},\"image\":{\"@id\":\"https:\\\/\\\/periodicorealidades.com\\\/index.php\\\/2025\\\/12\\\/07\\\/deportados-se-regresan-a-los-eua-a-como-de-lugar\\\/#primaryimage\"},\"thumbnailUrl\":\"https:\\\/\\\/periodicorealidades.com\\\/wp-content\\\/uploads\\\/2025\\\/11\\\/Flavio-Obdulio-Fonseca-Robles-12.jpg\",\"datePublished\":\"2025-12-08T04:53:06+00:00\",\"dateModified\":\"2025-12-08T04:53:07+00:00\",\"breadcrumb\":{\"@id\":\"https:\\\/\\\/periodicorealidades.com\\\/index.php\\\/2025\\\/12\\\/07\\\/deportados-se-regresan-a-los-eua-a-como-de-lugar\\\/#breadcrumb\"},\"inLanguage\":\"es\",\"potentialAction\":[{\"@type\":\"ReadAction\",\"target\":[\"https:\\\/\\\/periodicorealidades.com\\\/index.php\\\/2025\\\/12\\\/07\\\/deportados-se-regresan-a-los-eua-a-como-de-lugar\\\/\"]}]},{\"@type\":\"ImageObject\",\"inLanguage\":\"es\",\"@id\":\"https:\\\/\\\/periodicorealidades.com\\\/index.php\\\/2025\\\/12\\\/07\\\/deportados-se-regresan-a-los-eua-a-como-de-lugar\\\/#primaryimage\",\"url\":\"https:\\\/\\\/periodicorealidades.com\\\/wp-content\\\/uploads\\\/2025\\\/11\\\/Flavio-Obdulio-Fonseca-Robles-12.jpg\",\"contentUrl\":\"https:\\\/\\\/periodicorealidades.com\\\/wp-content\\\/uploads\\\/2025\\\/11\\\/Flavio-Obdulio-Fonseca-Robles-12.jpg\",\"width\":1280,\"height\":853},{\"@type\":\"BreadcrumbList\",\"@id\":\"https:\\\/\\\/periodicorealidades.com\\\/index.php\\\/2025\\\/12\\\/07\\\/deportados-se-regresan-a-los-eua-a-como-de-lugar\\\/#breadcrumb\",\"itemListElement\":[{\"@type\":\"ListItem\",\"position\":1,\"name\":\"Inicio\",\"item\":\"https:\\\/\\\/periodicorealidades.com\\\/\"},{\"@type\":\"ListItem\",\"position\":2,\"name\":\"Deportados se regresan a los EUA,\u00a0a como de lugar\"}]},{\"@type\":\"WebSite\",\"@id\":\"https:\\\/\\\/periodicorealidades.com\\\/#website\",\"url\":\"https:\\\/\\\/periodicorealidades.com\\\/\",\"name\":\"Peri\u00f3dico Realidades\",\"description\":\"M\u00e9dio de comunicaci\u00f3n en Nayarit\",\"publisher\":{\"@id\":\"https:\\\/\\\/periodicorealidades.com\\\/#organization\"},\"potentialAction\":[{\"@type\":\"SearchAction\",\"target\":{\"@type\":\"EntryPoint\",\"urlTemplate\":\"https:\\\/\\\/periodicorealidades.com\\\/?s={search_term_string}\"},\"query-input\":{\"@type\":\"PropertyValueSpecification\",\"valueRequired\":true,\"valueName\":\"search_term_string\"}}],\"inLanguage\":\"es\"},{\"@type\":\"Organization\",\"@id\":\"https:\\\/\\\/periodicorealidades.com\\\/#organization\",\"name\":\"Peri\u00f3dico Realidades\",\"url\":\"https:\\\/\\\/periodicorealidades.com\\\/\",\"logo\":{\"@type\":\"ImageObject\",\"inLanguage\":\"es\",\"@id\":\"https:\\\/\\\/periodicorealidades.com\\\/#\\\/schema\\\/logo\\\/image\\\/\",\"url\":\"https:\\\/\\\/periodicorealidades.com\\\/wp-content\\\/uploads\\\/2023\\\/05\\\/r-prueba.png\",\"contentUrl\":\"https:\\\/\\\/periodicorealidades.com\\\/wp-content\\\/uploads\\\/2023\\\/05\\\/r-prueba.png\",\"width\":709,\"height\":709,\"caption\":\"Peri\u00f3dico Realidades\"},\"image\":{\"@id\":\"https:\\\/\\\/periodicorealidades.com\\\/#\\\/schema\\\/logo\\\/image\\\/\"},\"sameAs\":[\"https:\\\/\\\/www.facebook.com\\\/periodicorealidades.denayarit?mibextid=LQQJ4d\"]},{\"@type\":\"Person\",\"@id\":\"https:\\\/\\\/periodicorealidades.com\\\/#\\\/schema\\\/person\\\/c27da34ee13acaec3162071a3e1c7832\",\"name\":\"editor\",\"image\":{\"@type\":\"ImageObject\",\"inLanguage\":\"es\",\"@id\":\"https:\\\/\\\/secure.gravatar.com\\\/avatar\\\/dda3c3f59ea25f4b53cd53df977b0b2628039b17268e57c944a79a00e8a56e26?s=96&d=mm&r=g\",\"url\":\"https:\\\/\\\/secure.gravatar.com\\\/avatar\\\/dda3c3f59ea25f4b53cd53df977b0b2628039b17268e57c944a79a00e8a56e26?s=96&d=mm&r=g\",\"contentUrl\":\"https:\\\/\\\/secure.gravatar.com\\\/avatar\\\/dda3c3f59ea25f4b53cd53df977b0b2628039b17268e57c944a79a00e8a56e26?s=96&d=mm&r=g\",\"caption\":\"editor\"},\"url\":\"https:\\\/\\\/periodicorealidades.com\\\/index.php\\\/author\\\/editor\\\/\"}]}<\/script>\n<!-- \/ Yoast SEO plugin. -->","yoast_head_json":{"title":"Deportados se regresan a los EUA,\u00a0a como de lugar - Peri\u00f3dico Realidades","robots":{"index":"index","follow":"follow","max-snippet":"max-snippet:-1","max-image-preview":"max-image-preview:large","max-video-preview":"max-video-preview:-1"},"canonical":"https:\/\/periodicorealidades.com\/index.php\/2025\/12\/07\/deportados-se-regresan-a-los-eua-a-como-de-lugar\/","og_locale":"es_MX","og_type":"article","og_title":"Deportados se regresan a los EUA,\u00a0a como de lugar - Peri\u00f3dico Realidades","og_description":"Personas que han sido deportadas se vuelven a ir de \u201cmojados\u201d, en los EUA, &nbsp;all\u00e1 est\u00e1 su familia, su trabajo, o negocio Por: Arcelia Garc\u00eda Ortega Tepic, Nayarit; lunes, 08 de diciembre del 2025.- El diputado Flavio Fonseca Robles, propuesto por migrantes, se\u00f1al\u00f3 que no hay un registro de los nayaritas que han regresado al [&hellip;]","og_url":"https:\/\/periodicorealidades.com\/index.php\/2025\/12\/07\/deportados-se-regresan-a-los-eua-a-como-de-lugar\/","og_site_name":"Peri\u00f3dico Realidades","article_publisher":"https:\/\/www.facebook.com\/periodicorealidades.denayarit?mibextid=LQQJ4d","article_published_time":"2025-12-08T04:53:06+00:00","article_modified_time":"2025-12-08T04:53:07+00:00","og_image":[{"width":1280,"height":853,"url":"https:\/\/periodicorealidades.com\/wp-content\/uploads\/2025\/11\/Flavio-Obdulio-Fonseca-Robles-12.jpg","type":"image\/jpeg"}],"author":"editor","twitter_card":"summary_large_image","twitter_misc":{"Escrito por":"editor","Tiempo de lectura":"2 minutos"},"schema":{"@context":"https:\/\/schema.org","@graph":[{"@type":"Article","@id":"https:\/\/periodicorealidades.com\/index.php\/2025\/12\/07\/deportados-se-regresan-a-los-eua-a-como-de-lugar\/#article","isPartOf":{"@id":"https:\/\/periodicorealidades.com\/index.php\/2025\/12\/07\/deportados-se-regresan-a-los-eua-a-como-de-lugar\/"},"author":{"name":"editor","@id":"https:\/\/periodicorealidades.com\/#\/schema\/person\/c27da34ee13acaec3162071a3e1c7832"},"headline":"Deportados se regresan a los EUA,\u00a0a como de lugar","datePublished":"2025-12-08T04:53:06+00:00","dateModified":"2025-12-08T04:53:07+00:00","mainEntityOfPage":{"@id":"https:\/\/periodicorealidades.com\/index.php\/2025\/12\/07\/deportados-se-regresan-a-los-eua-a-como-de-lugar\/"},"wordCount":361,"publisher":{"@id":"https:\/\/periodicorealidades.com\/#organization"},"image":{"@id":"https:\/\/periodicorealidades.com\/index.php\/2025\/12\/07\/deportados-se-regresan-a-los-eua-a-como-de-lugar\/#primaryimage"},"thumbnailUrl":"https:\/\/periodicorealidades.com\/wp-content\/uploads\/2025\/11\/Flavio-Obdulio-Fonseca-Robles-12.jpg","articleSection":["Principal","Tepic"],"inLanguage":"es"},{"@type":"WebPage","@id":"https:\/\/periodicorealidades.com\/index.php\/2025\/12\/07\/deportados-se-regresan-a-los-eua-a-como-de-lugar\/","url":"https:\/\/periodicorealidades.com\/index.php\/2025\/12\/07\/deportados-se-regresan-a-los-eua-a-como-de-lugar\/","name":"Deportados se regresan a los EUA,\u00a0a como de lugar - Peri\u00f3dico Realidades","isPartOf":{"@id":"https:\/\/periodicorealidades.com\/#website"},"primaryImageOfPage":{"@id":"https:\/\/periodicorealidades.com\/index.php\/2025\/12\/07\/deportados-se-regresan-a-los-eua-a-como-de-lugar\/#primaryimage"},"image":{"@id":"https:\/\/periodicorealidades.com\/index.php\/2025\/12\/07\/deportados-se-regresan-a-los-eua-a-como-de-lugar\/#primaryimage"},"thumbnailUrl":"https:\/\/periodicorealidades.com\/wp-content\/uploads\/2025\/11\/Flavio-Obdulio-Fonseca-Robles-12.jpg","datePublished":"2025-12-08T04:53:06+00:00","dateModified":"2025-12-08T04:53:07+00:00","breadcrumb":{"@id":"https:\/\/periodicorealidades.com\/index.php\/2025\/12\/07\/deportados-se-regresan-a-los-eua-a-como-de-lugar\/#breadcrumb"},"inLanguage":"es","potentialAction":[{"@type":"ReadAction","target":["https:\/\/periodicorealidades.com\/index.php\/2025\/12\/07\/deportados-se-regresan-a-los-eua-a-como-de-lugar\/"]}]},{"@type":"ImageObject","inLanguage":"es","@id":"https:\/\/periodicorealidades.com\/index.php\/2025\/12\/07\/deportados-se-regresan-a-los-eua-a-como-de-lugar\/#primaryimage","url":"https:\/\/periodicorealidades.com\/wp-content\/uploads\/2025\/11\/Flavio-Obdulio-Fonseca-Robles-12.jpg","contentUrl":"https:\/\/periodicorealidades.com\/wp-content\/uploads\/2025\/11\/Flavio-Obdulio-Fonseca-Robles-12.jpg","width":1280,"height":853},{"@type":"BreadcrumbList","@id":"https:\/\/periodicorealidades.com\/index.php\/2025\/12\/07\/deportados-se-regresan-a-los-eua-a-como-de-lugar\/#breadcrumb","itemListElement":[{"@type":"ListItem","position":1,"name":"Inicio","item":"https:\/\/periodicorealidades.com\/"},{"@type":"ListItem","position":2,"name":"Deportados se regresan a los EUA,\u00a0a como de lugar"}]},{"@type":"WebSite","@id":"https:\/\/periodicorealidades.com\/#website","url":"https:\/\/periodicorealidades.com\/","name":"Peri\u00f3dico Realidades","description":"M\u00e9dio de comunicaci\u00f3n en Nayarit","publisher":{"@id":"https:\/\/periodicorealidades.com\/#organization"},"potentialAction":[{"@type":"SearchAction","target":{"@type":"EntryPoint","urlTemplate":"https:\/\/periodicorealidades.com\/?s={search_term_string}"},"query-input":{"@type":"PropertyValueSpecification","valueRequired":true,"valueName":"search_term_string"}}],"inLanguage":"es"},{"@type":"Organization","@id":"https:\/\/periodicorealidades.com\/#organization","name":"Peri\u00f3dico Realidades","url":"https:\/\/periodicorealidades.com\/","logo":{"@type":"ImageObject","inLanguage":"es","@id":"https:\/\/periodicorealidades.com\/#\/schema\/logo\/image\/","url":"https:\/\/periodicorealidades.com\/wp-content\/uploads\/2023\/05\/r-prueba.png","contentUrl":"https:\/\/periodicorealidades.com\/wp-content\/uploads\/2023\/05\/r-prueba.png","width":709,"height":709,"caption":"Peri\u00f3dico Realidades"},"image":{"@id":"https:\/\/periodicorealidades.com\/#\/schema\/logo\/image\/"},"sameAs":["https:\/\/www.facebook.com\/periodicorealidades.denayarit?mibextid=LQQJ4d"]},{"@type":"Person","@id":"https:\/\/periodicorealidades.com\/#\/schema\/person\/c27da34ee13acaec3162071a3e1c7832","name":"editor","image":{"@type":"ImageObject","inLanguage":"es","@id":"https:\/\/secure.gravatar.com\/avatar\/dda3c3f59ea25f4b53cd53df977b0b2628039b17268e57c944a79a00e8a56e26?s=96&d=mm&r=g","url":"https:\/\/secure.gravatar.com\/avatar\/dda3c3f59ea25f4b53cd53df977b0b2628039b17268e57c944a79a00e8a56e26?s=96&d=mm&r=g","contentUrl":"https:\/\/secure.gravatar.com\/avatar\/dda3c3f59ea25f4b53cd53df977b0b2628039b17268e57c944a79a00e8a56e26?s=96&d=mm&r=g","caption":"editor"},"url":"https:\/\/periodicorealidades.com\/index.php\/author\/editor\/"}]}},"_links":{"self":[{"href":"https:\/\/periodicorealidades.com\/index.php\/wp-json\/wp\/v2\/posts\/59367","targetHints":{"allow":["GET"]}}],"collection":[{"href":"https:\/\/periodicorealidades.com\/index.php\/wp-json\/wp\/v2\/posts"}],"about":[{"href":"https:\/\/periodicorealidades.com\/index.php\/wp-json\/wp\/v2\/types\/post"}],"author":[{"embeddable":true,"href":"https:\/\/periodicorealidades.com\/index.php\/wp-json\/wp\/v2\/users\/2"}],"replies":[{"embeddable":true,"href":"https:\/\/periodicorealidades.com\/index.php\/wp-json\/wp\/v2\/comments?post=59367"}],"version-history":[{"count":0,"href":"https:\/\/periodicorealidades.com\/index.php\/wp-json\/wp\/v2\/posts\/59367\/revisions"}],"wp:featuredmedia":[{"embeddable":true,"href":"https:\/\/periodicorealidades.com\/index.php\/wp-json\/wp\/v2\/media\/57147"}],"wp:attachment":[{"href":"https:\/\/periodicorealidades.com\/index.php\/wp-json\/wp\/v2\/media?parent=59367"}],"wp:term":[{"taxonomy":"category","embeddable":true,"href":"https:\/\/periodicorealidades.com\/index.php\/wp-json\/wp\/v2\/categories?post=59367"},{"taxonomy":"post_tag","embeddable":true,"href":"https:\/\/periodicorealidades.com\/index.php\/wp-json\/wp\/v2\/tags?post=59367"}],"curies":[{"name":"wp","href":"https:\/\/api.w.org\/{rel}","templated":true}]}}