{"id":59371,"date":"2025-12-07T21:55:18","date_gmt":"2025-12-08T04:55:18","guid":{"rendered":"https:\/\/periodicorealidades.com\/?p=59371"},"modified":"2025-12-07T21:55:19","modified_gmt":"2025-12-08T04:55:19","slug":"manq-acompana-a-la-presidenta-de-mexico-en-el-zocalo-capitalino","status":"publish","type":"post","link":"https:\/\/periodicorealidades.com\/index.php\/2025\/12\/07\/manq-acompana-a-la-presidenta-de-mexico-en-el-zocalo-capitalino\/","title":{"rendered":"MANQ acompa\u00f1a a la presidenta de M\u00e9xico en el Z\u00f3calo capitalino"},"content":{"rendered":"\n<figure class=\"wp-block-image size-large\"><img loading=\"lazy\" decoding=\"async\" width=\"1024\" height=\"683\" src=\"https:\/\/periodicorealidades.com\/wp-content\/uploads\/2025\/12\/WhatsApp-Image-2025-12-07-at-9.03.23-PM-2-1024x683.jpeg\" alt=\"\" class=\"wp-image-59356\" srcset=\"https:\/\/periodicorealidades.com\/wp-content\/uploads\/2025\/12\/WhatsApp-Image-2025-12-07-at-9.03.23-PM-2-1024x683.jpeg 1024w, https:\/\/periodicorealidades.com\/wp-content\/uploads\/2025\/12\/WhatsApp-Image-2025-12-07-at-9.03.23-PM-2-300x200.jpeg 300w, https:\/\/periodicorealidades.com\/wp-content\/uploads\/2025\/12\/WhatsApp-Image-2025-12-07-at-9.03.23-PM-2-768x512.jpeg 768w, https:\/\/periodicorealidades.com\/wp-content\/uploads\/2025\/12\/WhatsApp-Image-2025-12-07-at-9.03.23-PM-2-696x464.jpeg 696w, https:\/\/periodicorealidades.com\/wp-content\/uploads\/2025\/12\/WhatsApp-Image-2025-12-07-at-9.03.23-PM-2-1068x713.jpeg 1068w, https:\/\/periodicorealidades.com\/wp-content\/uploads\/2025\/12\/WhatsApp-Image-2025-12-07-at-9.03.23-PM-2.jpeg 1280w\" sizes=\"auto, (max-width: 1024px) 100vw, 1024px\" \/><\/figure>\n\n\n\n<p class=\"wp-block-paragraph\">El gobernador del estado de nayarit, el Dr. Miguel \u00c1ngel Navarro Quintero acudi\u00f3 a la ceremonia encabezada por la presidenta de la rep\u00f9blica, la Dra. Claudia Sheinbaum Pardo, en la que se presentaron avances nacionales a siete a\u00f1os del proyecto de transformaci\u00f3n<\/p>\n\n\n\n<p class=\"wp-block-paragraph\">Por: Bolet\u00ecn<\/p>\n\n\n<div class=\"wp-block-image\">\n<figure class=\"alignleft size-large\"><img loading=\"lazy\" decoding=\"async\" width=\"682\" height=\"1024\" src=\"https:\/\/periodicorealidades.com\/wp-content\/uploads\/2025\/12\/WhatsApp-Image-2025-12-07-at-9.03.23-PM-1-682x1024.jpeg\" alt=\"\" class=\"wp-image-59357\" srcset=\"https:\/\/periodicorealidades.com\/wp-content\/uploads\/2025\/12\/WhatsApp-Image-2025-12-07-at-9.03.23-PM-1-682x1024.jpeg 682w, https:\/\/periodicorealidades.com\/wp-content\/uploads\/2025\/12\/WhatsApp-Image-2025-12-07-at-9.03.23-PM-1-200x300.jpeg 200w, https:\/\/periodicorealidades.com\/wp-content\/uploads\/2025\/12\/WhatsApp-Image-2025-12-07-at-9.03.23-PM-1-768x1152.jpeg 768w, https:\/\/periodicorealidades.com\/wp-content\/uploads\/2025\/12\/WhatsApp-Image-2025-12-07-at-9.03.23-PM-1-696x1044.jpeg 696w, https:\/\/periodicorealidades.com\/wp-content\/uploads\/2025\/12\/WhatsApp-Image-2025-12-07-at-9.03.23-PM-1.jpeg 853w\" sizes=\"auto, (max-width: 682px) 100vw, 682px\" \/><\/figure>\n<\/div>\n\n\n<p class=\"wp-block-paragraph\">Ciudad de M\u00e9xico, M\u00e9xico; lunes, 08 de diciembre de 2025.- El gobernador del estado de Nayarit, Miguel \u00c1ngel Navarro Quintero, asisti\u00f3 al Z\u00f3calo de la Ciudad de M\u00e9xico, donde la presidenta de la Rep\u00fablica, Claudia Sheinbaum Pardo, encabez\u00f3 la conmemoraci\u00f3n por los \u201cSiete a\u00f1os de transformaci\u00f3n\u201d.<\/p>\n\n\n\n<p class=\"wp-block-paragraph\">\u201cNos reunimos para celebrar 7 a\u00f1os del inicio de una nueva era en nuestro querido M\u00e9xico. En 2018, el pueblo tom\u00f3 una decisi\u00f3n sabia y valiente: iniciar una nueva etapa, la del renacimiento de M\u00e9xico\u201d, explic\u00f3 la mandataria federal.<\/p>\n\n\n\n<p class=\"wp-block-paragraph\">Acompa\u00f1ada por miles de mexicanas y mexicanos, la presidenta Sheinbaum Pardo inform\u00f3 sobre los avances alcanzados a nivel nacional en materia social, econ\u00f3mica y de infraestructura, as\u00ed como los retos que habr\u00e1n de enfrentarse y seguir enfrentando.<\/p>\n\n\n\n<p class=\"wp-block-paragraph\">\u201cEn estos d\u00edas se ha demostrado que por m\u00e1s campa\u00f1as sucias que paguen en las redes sociales, por m\u00e1s compras de bots y robots, por m\u00e1s alianzas con grupos de inter\u00e9s en M\u00e9xico y en el extranjero, por m\u00e1s consultores de comunicaci\u00f3n que contraten para inventar calumnias y mentiras difundidas en algunos medios, por m\u00e1s intentos de hacer creer al mundo que M\u00e9xico no es un pa\u00eds libre y democr\u00e1tico, por m\u00e1s que hagan todo eso, no vencer\u00e1n al pueblo de M\u00e9xico ni a su presidenta\u201d.<\/p>\n\n\n\n<p class=\"wp-block-paragraph\">La presidenta concluy\u00f3 su mensaje al destacar la importancia del ejercicio responsable de los recursos p\u00fablicos:<\/p>\n\n\n\n<p class=\"wp-block-paragraph\">\u201cLa austeridad republicana significa reducir los privilegios y destinar los recursos p\u00fablicos para beneficio del pueblo. En nuestro pa\u00eds, donde la mayor\u00eda de las y los ciudadanos viven con un salario m\u00ednimo que alcanza para poder cubrir lo m\u00e1s b\u00e1sico, no puede haber justificaci\u00f3n moral, \u00e9tica ni pol\u00edtica para que quienes servimos al pueblo vivamos rodeados de lujos o privilegios. Mucho menos si se asumen como parte de un movimiento que hemos prometido desde nuestro origen ponerle fin a los abusos del poder y transformar la vida p\u00fablica de la Naci\u00f3n\u201d.<\/p>\n\n\n\n<figure class=\"wp-block-image size-large\"><img loading=\"lazy\" decoding=\"async\" width=\"1024\" height=\"682\" src=\"https:\/\/periodicorealidades.com\/wp-content\/uploads\/2025\/12\/WhatsApp-Image-2025-12-07-at-9.03.24-PM-1024x682.jpeg\" alt=\"\" class=\"wp-image-59355\" srcset=\"https:\/\/periodicorealidades.com\/wp-content\/uploads\/2025\/12\/WhatsApp-Image-2025-12-07-at-9.03.24-PM-1024x682.jpeg 1024w, https:\/\/periodicorealidades.com\/wp-content\/uploads\/2025\/12\/WhatsApp-Image-2025-12-07-at-9.03.24-PM-300x200.jpeg 300w, https:\/\/periodicorealidades.com\/wp-content\/uploads\/2025\/12\/WhatsApp-Image-2025-12-07-at-9.03.24-PM-768x512.jpeg 768w, https:\/\/periodicorealidades.com\/wp-content\/uploads\/2025\/12\/WhatsApp-Image-2025-12-07-at-9.03.24-PM-696x464.jpeg 696w, https:\/\/periodicorealidades.com\/wp-content\/uploads\/2025\/12\/WhatsApp-Image-2025-12-07-at-9.03.24-PM-1068x712.jpeg 1068w, https:\/\/periodicorealidades.com\/wp-content\/uploads\/2025\/12\/WhatsApp-Image-2025-12-07-at-9.03.24-PM.jpeg 1280w\" sizes=\"auto, (max-width: 1024px) 100vw, 1024px\" \/><\/figure>\n\n\n\n<p class=\"wp-block-paragraph\">El gobernador Navarro Quintero reiter\u00f3 la disposici\u00f3n del gobierno de Nayarit de continuar trabajando de manera coordinada con la federaci\u00f3n, con el objetivo de consolidar pol\u00edticas p\u00fablicas que fortalezcan el bienestar y el desarrollo de todas las familias nayaritas.<\/p>\n","protected":false},"excerpt":{"rendered":"<p>El gobernador del estado de nayarit, el Dr. Miguel \u00c1ngel Navarro Quintero acudi\u00f3 a la ceremonia encabezada por la presidenta de la rep\u00f9blica, la Dra. Claudia Sheinbaum Pardo, en la que se presentaron avances nacionales a siete a\u00f1os del proyecto de transformaci\u00f3n Por: Bolet\u00ecn Ciudad de M\u00e9xico, M\u00e9xico; lunes, 08 de diciembre de 2025.- El [&hellip;]<\/p>\n","protected":false},"author":2,"featured_media":59358,"comment_status":"closed","ping_status":"open","sticky":false,"template":"","format":"standard","meta":{"footnotes":""},"categories":[4,7],"tags":[],"class_list":["post-59371","post","type-post","status-publish","format-standard","has-post-thumbnail","category-principal","category-tepic"],"yoast_head":"<!-- This site is optimized with the Yoast SEO plugin v28.3 - https:\/\/yoast.com\/product\/yoast-seo-wordpress\/ -->\n<title>MANQ acompa\u00f1a a la presidenta de M\u00e9xico en el Z\u00f3calo capitalino - Peri\u00f3dico Realidades<\/title>\n<meta name=\"robots\" content=\"index, follow, max-snippet:-1, max-image-preview:large, max-video-preview:-1\" \/>\n<link rel=\"canonical\" href=\"https:\/\/periodicorealidades.com\/index.php\/2025\/12\/07\/manq-acompana-a-la-presidenta-de-mexico-en-el-zocalo-capitalino\/\" \/>\n<meta property=\"og:locale\" content=\"es_MX\" \/>\n<meta property=\"og:type\" content=\"article\" \/>\n<meta property=\"og:title\" content=\"MANQ acompa\u00f1a a la presidenta de M\u00e9xico en el Z\u00f3calo capitalino - Peri\u00f3dico Realidades\" \/>\n<meta property=\"og:description\" content=\"El gobernador del estado de nayarit, el Dr. Miguel \u00c1ngel Navarro Quintero acudi\u00f3 a la ceremonia encabezada por la presidenta de la rep\u00f9blica, la Dra. Claudia Sheinbaum Pardo, en la que se presentaron avances nacionales a siete a\u00f1os del proyecto de transformaci\u00f3n Por: Bolet\u00ecn Ciudad de M\u00e9xico, M\u00e9xico; lunes, 08 de diciembre de 2025.- El [&hellip;]\" \/>\n<meta property=\"og:url\" content=\"https:\/\/periodicorealidades.com\/index.php\/2025\/12\/07\/manq-acompana-a-la-presidenta-de-mexico-en-el-zocalo-capitalino\/\" \/>\n<meta property=\"og:site_name\" content=\"Peri\u00f3dico Realidades\" \/>\n<meta property=\"article:publisher\" content=\"https:\/\/www.facebook.com\/periodicorealidades.denayarit?mibextid=LQQJ4d\" \/>\n<meta property=\"article:published_time\" content=\"2025-12-08T04:55:18+00:00\" \/>\n<meta property=\"article:modified_time\" content=\"2025-12-08T04:55:19+00:00\" \/>\n<meta property=\"og:image\" content=\"https:\/\/periodicorealidades.com\/wp-content\/uploads\/2025\/12\/WhatsApp-Image-2025-12-07-at-9.03.23-PM.jpeg\" \/>\n\t<meta property=\"og:image:width\" content=\"1600\" \/>\n\t<meta property=\"og:image:height\" content=\"900\" \/>\n\t<meta property=\"og:image:type\" content=\"image\/jpeg\" \/>\n<meta name=\"author\" content=\"editor\" \/>\n<meta name=\"twitter:card\" content=\"summary_large_image\" \/>\n<meta name=\"twitter:label1\" content=\"Escrito por\" \/>\n\t<meta name=\"twitter:data1\" content=\"editor\" \/>\n\t<meta name=\"twitter:label2\" content=\"Tiempo de lectura\" \/>\n\t<meta name=\"twitter:data2\" content=\"3 minutos\" \/>\n<script type=\"application\/ld+json\" class=\"yoast-schema-graph\">{\"@context\":\"https:\\\/\\\/schema.org\",\"@graph\":[{\"@type\":\"Article\",\"@id\":\"https:\\\/\\\/periodicorealidades.com\\\/index.php\\\/2025\\\/12\\\/07\\\/manq-acompana-a-la-presidenta-de-mexico-en-el-zocalo-capitalino\\\/#article\",\"isPartOf\":{\"@id\":\"https:\\\/\\\/periodicorealidades.com\\\/index.php\\\/2025\\\/12\\\/07\\\/manq-acompana-a-la-presidenta-de-mexico-en-el-zocalo-capitalino\\\/\"},\"author\":{\"name\":\"editor\",\"@id\":\"https:\\\/\\\/periodicorealidades.com\\\/#\\\/schema\\\/person\\\/c27da34ee13acaec3162071a3e1c7832\"},\"headline\":\"MANQ acompa\u00f1a a la presidenta de M\u00e9xico en el Z\u00f3calo capitalino\",\"datePublished\":\"2025-12-08T04:55:18+00:00\",\"dateModified\":\"2025-12-08T04:55:19+00:00\",\"mainEntityOfPage\":{\"@id\":\"https:\\\/\\\/periodicorealidades.com\\\/index.php\\\/2025\\\/12\\\/07\\\/manq-acompana-a-la-presidenta-de-mexico-en-el-zocalo-capitalino\\\/\"},\"wordCount\":459,\"publisher\":{\"@id\":\"https:\\\/\\\/periodicorealidades.com\\\/#organization\"},\"image\":{\"@id\":\"https:\\\/\\\/periodicorealidades.com\\\/index.php\\\/2025\\\/12\\\/07\\\/manq-acompana-a-la-presidenta-de-mexico-en-el-zocalo-capitalino\\\/#primaryimage\"},\"thumbnailUrl\":\"https:\\\/\\\/periodicorealidades.com\\\/wp-content\\\/uploads\\\/2025\\\/12\\\/WhatsApp-Image-2025-12-07-at-9.03.23-PM.jpeg\",\"articleSection\":[\"Principal\",\"Tepic\"],\"inLanguage\":\"es\"},{\"@type\":\"WebPage\",\"@id\":\"https:\\\/\\\/periodicorealidades.com\\\/index.php\\\/2025\\\/12\\\/07\\\/manq-acompana-a-la-presidenta-de-mexico-en-el-zocalo-capitalino\\\/\",\"url\":\"https:\\\/\\\/periodicorealidades.com\\\/index.php\\\/2025\\\/12\\\/07\\\/manq-acompana-a-la-presidenta-de-mexico-en-el-zocalo-capitalino\\\/\",\"name\":\"MANQ acompa\u00f1a a la presidenta de M\u00e9xico en el Z\u00f3calo capitalino - Peri\u00f3dico Realidades\",\"isPartOf\":{\"@id\":\"https:\\\/\\\/periodicorealidades.com\\\/#website\"},\"primaryImageOfPage\":{\"@id\":\"https:\\\/\\\/periodicorealidades.com\\\/index.php\\\/2025\\\/12\\\/07\\\/manq-acompana-a-la-presidenta-de-mexico-en-el-zocalo-capitalino\\\/#primaryimage\"},\"image\":{\"@id\":\"https:\\\/\\\/periodicorealidades.com\\\/index.php\\\/2025\\\/12\\\/07\\\/manq-acompana-a-la-presidenta-de-mexico-en-el-zocalo-capitalino\\\/#primaryimage\"},\"thumbnailUrl\":\"https:\\\/\\\/periodicorealidades.com\\\/wp-content\\\/uploads\\\/2025\\\/12\\\/WhatsApp-Image-2025-12-07-at-9.03.23-PM.jpeg\",\"datePublished\":\"2025-12-08T04:55:18+00:00\",\"dateModified\":\"2025-12-08T04:55:19+00:00\",\"breadcrumb\":{\"@id\":\"https:\\\/\\\/periodicorealidades.com\\\/index.php\\\/2025\\\/12\\\/07\\\/manq-acompana-a-la-presidenta-de-mexico-en-el-zocalo-capitalino\\\/#breadcrumb\"},\"inLanguage\":\"es\",\"potentialAction\":[{\"@type\":\"ReadAction\",\"target\":[\"https:\\\/\\\/periodicorealidades.com\\\/index.php\\\/2025\\\/12\\\/07\\\/manq-acompana-a-la-presidenta-de-mexico-en-el-zocalo-capitalino\\\/\"]}]},{\"@type\":\"ImageObject\",\"inLanguage\":\"es\",\"@id\":\"https:\\\/\\\/periodicorealidades.com\\\/index.php\\\/2025\\\/12\\\/07\\\/manq-acompana-a-la-presidenta-de-mexico-en-el-zocalo-capitalino\\\/#primaryimage\",\"url\":\"https:\\\/\\\/periodicorealidades.com\\\/wp-content\\\/uploads\\\/2025\\\/12\\\/WhatsApp-Image-2025-12-07-at-9.03.23-PM.jpeg\",\"contentUrl\":\"https:\\\/\\\/periodicorealidades.com\\\/wp-content\\\/uploads\\\/2025\\\/12\\\/WhatsApp-Image-2025-12-07-at-9.03.23-PM.jpeg\",\"width\":1600,\"height\":900},{\"@type\":\"BreadcrumbList\",\"@id\":\"https:\\\/\\\/periodicorealidades.com\\\/index.php\\\/2025\\\/12\\\/07\\\/manq-acompana-a-la-presidenta-de-mexico-en-el-zocalo-capitalino\\\/#breadcrumb\",\"itemListElement\":[{\"@type\":\"ListItem\",\"position\":1,\"name\":\"Inicio\",\"item\":\"https:\\\/\\\/periodicorealidades.com\\\/\"},{\"@type\":\"ListItem\",\"position\":2,\"name\":\"MANQ acompa\u00f1a a la presidenta de M\u00e9xico en el Z\u00f3calo capitalino\"}]},{\"@type\":\"WebSite\",\"@id\":\"https:\\\/\\\/periodicorealidades.com\\\/#website\",\"url\":\"https:\\\/\\\/periodicorealidades.com\\\/\",\"name\":\"Peri\u00f3dico Realidades\",\"description\":\"M\u00e9dio de comunicaci\u00f3n en Nayarit\",\"publisher\":{\"@id\":\"https:\\\/\\\/periodicorealidades.com\\\/#organization\"},\"potentialAction\":[{\"@type\":\"SearchAction\",\"target\":{\"@type\":\"EntryPoint\",\"urlTemplate\":\"https:\\\/\\\/periodicorealidades.com\\\/?s={search_term_string}\"},\"query-input\":{\"@type\":\"PropertyValueSpecification\",\"valueRequired\":true,\"valueName\":\"search_term_string\"}}],\"inLanguage\":\"es\"},{\"@type\":\"Organization\",\"@id\":\"https:\\\/\\\/periodicorealidades.com\\\/#organization\",\"name\":\"Peri\u00f3dico Realidades\",\"url\":\"https:\\\/\\\/periodicorealidades.com\\\/\",\"logo\":{\"@type\":\"ImageObject\",\"inLanguage\":\"es\",\"@id\":\"https:\\\/\\\/periodicorealidades.com\\\/#\\\/schema\\\/logo\\\/image\\\/\",\"url\":\"https:\\\/\\\/periodicorealidades.com\\\/wp-content\\\/uploads\\\/2023\\\/05\\\/r-prueba.png\",\"contentUrl\":\"https:\\\/\\\/periodicorealidades.com\\\/wp-content\\\/uploads\\\/2023\\\/05\\\/r-prueba.png\",\"width\":709,\"height\":709,\"caption\":\"Peri\u00f3dico Realidades\"},\"image\":{\"@id\":\"https:\\\/\\\/periodicorealidades.com\\\/#\\\/schema\\\/logo\\\/image\\\/\"},\"sameAs\":[\"https:\\\/\\\/www.facebook.com\\\/periodicorealidades.denayarit?mibextid=LQQJ4d\"]},{\"@type\":\"Person\",\"@id\":\"https:\\\/\\\/periodicorealidades.com\\\/#\\\/schema\\\/person\\\/c27da34ee13acaec3162071a3e1c7832\",\"name\":\"editor\",\"image\":{\"@type\":\"ImageObject\",\"inLanguage\":\"es\",\"@id\":\"https:\\\/\\\/secure.gravatar.com\\\/avatar\\\/dda3c3f59ea25f4b53cd53df977b0b2628039b17268e57c944a79a00e8a56e26?s=96&d=mm&r=g\",\"url\":\"https:\\\/\\\/secure.gravatar.com\\\/avatar\\\/dda3c3f59ea25f4b53cd53df977b0b2628039b17268e57c944a79a00e8a56e26?s=96&d=mm&r=g\",\"contentUrl\":\"https:\\\/\\\/secure.gravatar.com\\\/avatar\\\/dda3c3f59ea25f4b53cd53df977b0b2628039b17268e57c944a79a00e8a56e26?s=96&d=mm&r=g\",\"caption\":\"editor\"},\"url\":\"https:\\\/\\\/periodicorealidades.com\\\/index.php\\\/author\\\/editor\\\/\"}]}<\/script>\n<!-- \/ Yoast SEO plugin. -->","yoast_head_json":{"title":"MANQ acompa\u00f1a a la presidenta de M\u00e9xico en el Z\u00f3calo capitalino - Peri\u00f3dico Realidades","robots":{"index":"index","follow":"follow","max-snippet":"max-snippet:-1","max-image-preview":"max-image-preview:large","max-video-preview":"max-video-preview:-1"},"canonical":"https:\/\/periodicorealidades.com\/index.php\/2025\/12\/07\/manq-acompana-a-la-presidenta-de-mexico-en-el-zocalo-capitalino\/","og_locale":"es_MX","og_type":"article","og_title":"MANQ acompa\u00f1a a la presidenta de M\u00e9xico en el Z\u00f3calo capitalino - Peri\u00f3dico Realidades","og_description":"El gobernador del estado de nayarit, el Dr. Miguel \u00c1ngel Navarro Quintero acudi\u00f3 a la ceremonia encabezada por la presidenta de la rep\u00f9blica, la Dra. Claudia Sheinbaum Pardo, en la que se presentaron avances nacionales a siete a\u00f1os del proyecto de transformaci\u00f3n Por: Bolet\u00ecn Ciudad de M\u00e9xico, M\u00e9xico; lunes, 08 de diciembre de 2025.- El [&hellip;]","og_url":"https:\/\/periodicorealidades.com\/index.php\/2025\/12\/07\/manq-acompana-a-la-presidenta-de-mexico-en-el-zocalo-capitalino\/","og_site_name":"Peri\u00f3dico Realidades","article_publisher":"https:\/\/www.facebook.com\/periodicorealidades.denayarit?mibextid=LQQJ4d","article_published_time":"2025-12-08T04:55:18+00:00","article_modified_time":"2025-12-08T04:55:19+00:00","og_image":[{"width":1600,"height":900,"url":"https:\/\/periodicorealidades.com\/wp-content\/uploads\/2025\/12\/WhatsApp-Image-2025-12-07-at-9.03.23-PM.jpeg","type":"image\/jpeg"}],"author":"editor","twitter_card":"summary_large_image","twitter_misc":{"Escrito por":"editor","Tiempo de lectura":"3 minutos"},"schema":{"@context":"https:\/\/schema.org","@graph":[{"@type":"Article","@id":"https:\/\/periodicorealidades.com\/index.php\/2025\/12\/07\/manq-acompana-a-la-presidenta-de-mexico-en-el-zocalo-capitalino\/#article","isPartOf":{"@id":"https:\/\/periodicorealidades.com\/index.php\/2025\/12\/07\/manq-acompana-a-la-presidenta-de-mexico-en-el-zocalo-capitalino\/"},"author":{"name":"editor","@id":"https:\/\/periodicorealidades.com\/#\/schema\/person\/c27da34ee13acaec3162071a3e1c7832"},"headline":"MANQ acompa\u00f1a a la presidenta de M\u00e9xico en el Z\u00f3calo capitalino","datePublished":"2025-12-08T04:55:18+00:00","dateModified":"2025-12-08T04:55:19+00:00","mainEntityOfPage":{"@id":"https:\/\/periodicorealidades.com\/index.php\/2025\/12\/07\/manq-acompana-a-la-presidenta-de-mexico-en-el-zocalo-capitalino\/"},"wordCount":459,"publisher":{"@id":"https:\/\/periodicorealidades.com\/#organization"},"image":{"@id":"https:\/\/periodicorealidades.com\/index.php\/2025\/12\/07\/manq-acompana-a-la-presidenta-de-mexico-en-el-zocalo-capitalino\/#primaryimage"},"thumbnailUrl":"https:\/\/periodicorealidades.com\/wp-content\/uploads\/2025\/12\/WhatsApp-Image-2025-12-07-at-9.03.23-PM.jpeg","articleSection":["Principal","Tepic"],"inLanguage":"es"},{"@type":"WebPage","@id":"https:\/\/periodicorealidades.com\/index.php\/2025\/12\/07\/manq-acompana-a-la-presidenta-de-mexico-en-el-zocalo-capitalino\/","url":"https:\/\/periodicorealidades.com\/index.php\/2025\/12\/07\/manq-acompana-a-la-presidenta-de-mexico-en-el-zocalo-capitalino\/","name":"MANQ acompa\u00f1a a la presidenta de M\u00e9xico en el Z\u00f3calo capitalino - Peri\u00f3dico Realidades","isPartOf":{"@id":"https:\/\/periodicorealidades.com\/#website"},"primaryImageOfPage":{"@id":"https:\/\/periodicorealidades.com\/index.php\/2025\/12\/07\/manq-acompana-a-la-presidenta-de-mexico-en-el-zocalo-capitalino\/#primaryimage"},"image":{"@id":"https:\/\/periodicorealidades.com\/index.php\/2025\/12\/07\/manq-acompana-a-la-presidenta-de-mexico-en-el-zocalo-capitalino\/#primaryimage"},"thumbnailUrl":"https:\/\/periodicorealidades.com\/wp-content\/uploads\/2025\/12\/WhatsApp-Image-2025-12-07-at-9.03.23-PM.jpeg","datePublished":"2025-12-08T04:55:18+00:00","dateModified":"2025-12-08T04:55:19+00:00","breadcrumb":{"@id":"https:\/\/periodicorealidades.com\/index.php\/2025\/12\/07\/manq-acompana-a-la-presidenta-de-mexico-en-el-zocalo-capitalino\/#breadcrumb"},"inLanguage":"es","potentialAction":[{"@type":"ReadAction","target":["https:\/\/periodicorealidades.com\/index.php\/2025\/12\/07\/manq-acompana-a-la-presidenta-de-mexico-en-el-zocalo-capitalino\/"]}]},{"@type":"ImageObject","inLanguage":"es","@id":"https:\/\/periodicorealidades.com\/index.php\/2025\/12\/07\/manq-acompana-a-la-presidenta-de-mexico-en-el-zocalo-capitalino\/#primaryimage","url":"https:\/\/periodicorealidades.com\/wp-content\/uploads\/2025\/12\/WhatsApp-Image-2025-12-07-at-9.03.23-PM.jpeg","contentUrl":"https:\/\/periodicorealidades.com\/wp-content\/uploads\/2025\/12\/WhatsApp-Image-2025-12-07-at-9.03.23-PM.jpeg","width":1600,"height":900},{"@type":"BreadcrumbList","@id":"https:\/\/periodicorealidades.com\/index.php\/2025\/12\/07\/manq-acompana-a-la-presidenta-de-mexico-en-el-zocalo-capitalino\/#breadcrumb","itemListElement":[{"@type":"ListItem","position":1,"name":"Inicio","item":"https:\/\/periodicorealidades.com\/"},{"@type":"ListItem","position":2,"name":"MANQ acompa\u00f1a a la presidenta de M\u00e9xico en el Z\u00f3calo capitalino"}]},{"@type":"WebSite","@id":"https:\/\/periodicorealidades.com\/#website","url":"https:\/\/periodicorealidades.com\/","name":"Peri\u00f3dico Realidades","description":"M\u00e9dio de comunicaci\u00f3n en Nayarit","publisher":{"@id":"https:\/\/periodicorealidades.com\/#organization"},"potentialAction":[{"@type":"SearchAction","target":{"@type":"EntryPoint","urlTemplate":"https:\/\/periodicorealidades.com\/?s={search_term_string}"},"query-input":{"@type":"PropertyValueSpecification","valueRequired":true,"valueName":"search_term_string"}}],"inLanguage":"es"},{"@type":"Organization","@id":"https:\/\/periodicorealidades.com\/#organization","name":"Peri\u00f3dico Realidades","url":"https:\/\/periodicorealidades.com\/","logo":{"@type":"ImageObject","inLanguage":"es","@id":"https:\/\/periodicorealidades.com\/#\/schema\/logo\/image\/","url":"https:\/\/periodicorealidades.com\/wp-content\/uploads\/2023\/05\/r-prueba.png","contentUrl":"https:\/\/periodicorealidades.com\/wp-content\/uploads\/2023\/05\/r-prueba.png","width":709,"height":709,"caption":"Peri\u00f3dico Realidades"},"image":{"@id":"https:\/\/periodicorealidades.com\/#\/schema\/logo\/image\/"},"sameAs":["https:\/\/www.facebook.com\/periodicorealidades.denayarit?mibextid=LQQJ4d"]},{"@type":"Person","@id":"https:\/\/periodicorealidades.com\/#\/schema\/person\/c27da34ee13acaec3162071a3e1c7832","name":"editor","image":{"@type":"ImageObject","inLanguage":"es","@id":"https:\/\/secure.gravatar.com\/avatar\/dda3c3f59ea25f4b53cd53df977b0b2628039b17268e57c944a79a00e8a56e26?s=96&d=mm&r=g","url":"https:\/\/secure.gravatar.com\/avatar\/dda3c3f59ea25f4b53cd53df977b0b2628039b17268e57c944a79a00e8a56e26?s=96&d=mm&r=g","contentUrl":"https:\/\/secure.gravatar.com\/avatar\/dda3c3f59ea25f4b53cd53df977b0b2628039b17268e57c944a79a00e8a56e26?s=96&d=mm&r=g","caption":"editor"},"url":"https:\/\/periodicorealidades.com\/index.php\/author\/editor\/"}]}},"_links":{"self":[{"href":"https:\/\/periodicorealidades.com\/index.php\/wp-json\/wp\/v2\/posts\/59371","targetHints":{"allow":["GET"]}}],"collection":[{"href":"https:\/\/periodicorealidades.com\/index.php\/wp-json\/wp\/v2\/posts"}],"about":[{"href":"https:\/\/periodicorealidades.com\/index.php\/wp-json\/wp\/v2\/types\/post"}],"author":[{"embeddable":true,"href":"https:\/\/periodicorealidades.com\/index.php\/wp-json\/wp\/v2\/users\/2"}],"replies":[{"embeddable":true,"href":"https:\/\/periodicorealidades.com\/index.php\/wp-json\/wp\/v2\/comments?post=59371"}],"version-history":[{"count":0,"href":"https:\/\/periodicorealidades.com\/index.php\/wp-json\/wp\/v2\/posts\/59371\/revisions"}],"wp:featuredmedia":[{"embeddable":true,"href":"https:\/\/periodicorealidades.com\/index.php\/wp-json\/wp\/v2\/media\/59358"}],"wp:attachment":[{"href":"https:\/\/periodicorealidades.com\/index.php\/wp-json\/wp\/v2\/media?parent=59371"}],"wp:term":[{"taxonomy":"category","embeddable":true,"href":"https:\/\/periodicorealidades.com\/index.php\/wp-json\/wp\/v2\/categories?post=59371"},{"taxonomy":"post_tag","embeddable":true,"href":"https:\/\/periodicorealidades.com\/index.php\/wp-json\/wp\/v2\/tags?post=59371"}],"curies":[{"name":"wp","href":"https:\/\/api.w.org\/{rel}","templated":true}]}}