{"id":59649,"date":"2025-12-11T22:40:26","date_gmt":"2025-12-12T05:40:26","guid":{"rendered":"https:\/\/periodicorealidades.com\/?p=59649"},"modified":"2025-12-11T22:40:27","modified_gmt":"2025-12-12T05:40:27","slug":"manq-el-gobernador-que-mas-impulsa-la-cultura-en-nayarit","status":"publish","type":"post","link":"https:\/\/periodicorealidades.com\/index.php\/2025\/12\/11\/manq-el-gobernador-que-mas-impulsa-la-cultura-en-nayarit\/","title":{"rendered":"MANQ el gobernador que m\u00e1s impulsa la cultura en Nayarit"},"content":{"rendered":"\n<p class=\"wp-block-paragraph\">Durante la actual administraci\u00f3n del gobernador Miguel \u00c1ngel Navarro Quintero, Nayarit, es una de las entidades donde m\u00e1s se promueve la cultura.<\/p>\n\n\n\n<p class=\"wp-block-paragraph\">Por: Arcelia Garc\u00eda Ortega<\/p>\n\n\n\n<p class=\"wp-block-paragraph\">Tepic, Nayarit; viernes, 12 de diciembre del 2025.- La anterior&nbsp; afirmaci\u00f3n parte del artista pl\u00e1stico&nbsp; oriundo de Francisco I. Madero, (Puga) del municipio de Tepic, Allan Herrera Quintano, quien agradece al diputado presidente de la Comisi\u00f3n de Gobierno Legislativo, Salvador Casta\u00f1eda Rangel, que le haya permitido&nbsp; instalar en el patio central del Congreso del Estado, una exposici\u00f3n pict\u00f3rica de arte sacro, con la idea de recabar fondos para la rehabilitaci\u00f3n de los cupulines de la Catedral. De lo que se recaude por la venta de sus obras, destinar\u00e1 para el prop\u00f3sito, el 50 por ciento.<\/p>\n\n\n\n<p class=\"wp-block-paragraph\">A \u00e9l lo pueden&nbsp; contactar en sus p\u00e1ginas con el nombre de Allan Herrera Quintano, ya sea en Facebook, Instagram o Tik Tok.<\/p>\n\n\n\n<p class=\"wp-block-paragraph\">Asegur\u00f3 que las exposiciones pict\u00f3ricas que ha hecho, en su mayor\u00eda han sido por iniciativa propia en raz\u00f3n de que como artista pl\u00e1stico tienen que ser autogestivos, siempre en busca de espacios y&nbsp;&nbsp; hay instituciones como el gobierno del estado, el Congreso o el municipio, que tienen esa apertura.<\/p>\n\n\n\n<p class=\"wp-block-paragraph\">Estim\u00f3 que en esta actividad lleva unas 30 exposiciones en entidades como Oaxaca, Ciudad de M\u00e9xico, Nuevo Le\u00f3n, Monterrey y Guadalajara, Jalisco, entre otras.<\/p>\n\n\n\n<p class=\"wp-block-paragraph\">Sin embargo, dio a conocer que como ya logr\u00f3 su visa, buscar\u00e1 ir a los Estados Unidos donde dar\u00eda a conocer sus obras de arte pl\u00e1stico.<\/p>\n\n\n\n<p class=\"wp-block-paragraph\">En tanto, destac\u00f3 que Nayarit entre los artistas pl\u00e1sticos de otras entidades que optan por venir, es porque observan que hay mucha cultura y hay otros estados donde el apoyo es terrible.<\/p>\n\n\n\n<p class=\"wp-block-paragraph\">En cambio, asever\u00f3 que, en el caso de nuestra entidad, el gobernador Miguel \u00c1ngel Navarro Quintero reactiv\u00f3 programas de apoyo a la cultura&nbsp; como es el de est\u00edmulo, de creaci\u00f3n y desarrollo art\u00edstico que no estaban y que desde hac\u00eda unos cuatro a\u00f1os hab\u00edan sido eliminados.<\/p>\n\n\n\n<p class=\"wp-block-paragraph\">Adem\u00e1s, incrementaron el monto de los apoyos y hoy pueden entrar ni\u00f1os desde los 12 a\u00f1os que tengan alg\u00fan proyecto, puedan participar cuando antes no era as\u00ed, apunt\u00f3.<\/p>\n","protected":false},"excerpt":{"rendered":"<p>Durante la actual administraci\u00f3n del gobernador Miguel \u00c1ngel Navarro Quintero, Nayarit, es una de las entidades donde m\u00e1s se promueve la cultura. Por: Arcelia Garc\u00eda Ortega Tepic, Nayarit; viernes, 12 de diciembre del 2025.- La anterior&nbsp; afirmaci\u00f3n parte del artista pl\u00e1stico&nbsp; oriundo de Francisco I. Madero, (Puga) del municipio de Tepic, Allan Herrera Quintano, quien [&hellip;]<\/p>\n","protected":false},"author":2,"featured_media":59650,"comment_status":"closed","ping_status":"open","sticky":false,"template":"","format":"standard","meta":{"footnotes":""},"categories":[4,7],"tags":[],"class_list":["post-59649","post","type-post","status-publish","format-standard","has-post-thumbnail","category-principal","category-tepic"],"yoast_head":"<!-- This site is optimized with the Yoast SEO plugin v28.3 - https:\/\/yoast.com\/product\/yoast-seo-wordpress\/ -->\n<title>MANQ el gobernador que m\u00e1s impulsa la cultura en Nayarit - Peri\u00f3dico Realidades<\/title>\n<meta name=\"robots\" content=\"index, follow, max-snippet:-1, max-image-preview:large, max-video-preview:-1\" \/>\n<link rel=\"canonical\" href=\"https:\/\/periodicorealidades.com\/index.php\/2025\/12\/11\/manq-el-gobernador-que-mas-impulsa-la-cultura-en-nayarit\/\" \/>\n<meta property=\"og:locale\" content=\"es_MX\" \/>\n<meta property=\"og:type\" content=\"article\" \/>\n<meta property=\"og:title\" content=\"MANQ el gobernador que m\u00e1s impulsa la cultura en Nayarit - Peri\u00f3dico Realidades\" \/>\n<meta property=\"og:description\" content=\"Durante la actual administraci\u00f3n del gobernador Miguel \u00c1ngel Navarro Quintero, Nayarit, es una de las entidades donde m\u00e1s se promueve la cultura. Por: Arcelia Garc\u00eda Ortega Tepic, Nayarit; viernes, 12 de diciembre del 2025.- La anterior&nbsp; afirmaci\u00f3n parte del artista pl\u00e1stico&nbsp; oriundo de Francisco I. Madero, (Puga) del municipio de Tepic, Allan Herrera Quintano, quien [&hellip;]\" \/>\n<meta property=\"og:url\" content=\"https:\/\/periodicorealidades.com\/index.php\/2025\/12\/11\/manq-el-gobernador-que-mas-impulsa-la-cultura-en-nayarit\/\" \/>\n<meta property=\"og:site_name\" content=\"Peri\u00f3dico Realidades\" \/>\n<meta property=\"article:publisher\" content=\"https:\/\/www.facebook.com\/periodicorealidades.denayarit?mibextid=LQQJ4d\" \/>\n<meta property=\"article:published_time\" content=\"2025-12-12T05:40:26+00:00\" \/>\n<meta property=\"article:modified_time\" content=\"2025-12-12T05:40:27+00:00\" \/>\n<meta property=\"og:image\" content=\"https:\/\/periodicorealidades.com\/wp-content\/uploads\/2025\/12\/Allan-Herrera.jpg\" \/>\n\t<meta property=\"og:image:width\" content=\"959\" \/>\n\t<meta property=\"og:image:height\" content=\"742\" \/>\n\t<meta property=\"og:image:type\" content=\"image\/jpeg\" \/>\n<meta name=\"author\" content=\"editor\" \/>\n<meta name=\"twitter:card\" content=\"summary_large_image\" \/>\n<meta name=\"twitter:label1\" content=\"Escrito por\" \/>\n\t<meta name=\"twitter:data1\" content=\"editor\" \/>\n\t<meta name=\"twitter:label2\" content=\"Tiempo de lectura\" \/>\n\t<meta name=\"twitter:data2\" content=\"2 minutos\" \/>\n<script type=\"application\/ld+json\" class=\"yoast-schema-graph\">{\"@context\":\"https:\\\/\\\/schema.org\",\"@graph\":[{\"@type\":\"Article\",\"@id\":\"https:\\\/\\\/periodicorealidades.com\\\/index.php\\\/2025\\\/12\\\/11\\\/manq-el-gobernador-que-mas-impulsa-la-cultura-en-nayarit\\\/#article\",\"isPartOf\":{\"@id\":\"https:\\\/\\\/periodicorealidades.com\\\/index.php\\\/2025\\\/12\\\/11\\\/manq-el-gobernador-que-mas-impulsa-la-cultura-en-nayarit\\\/\"},\"author\":{\"name\":\"editor\",\"@id\":\"https:\\\/\\\/periodicorealidades.com\\\/#\\\/schema\\\/person\\\/c27da34ee13acaec3162071a3e1c7832\"},\"headline\":\"MANQ el gobernador que m\u00e1s impulsa la cultura en Nayarit\",\"datePublished\":\"2025-12-12T05:40:26+00:00\",\"dateModified\":\"2025-12-12T05:40:27+00:00\",\"mainEntityOfPage\":{\"@id\":\"https:\\\/\\\/periodicorealidades.com\\\/index.php\\\/2025\\\/12\\\/11\\\/manq-el-gobernador-que-mas-impulsa-la-cultura-en-nayarit\\\/\"},\"wordCount\":394,\"publisher\":{\"@id\":\"https:\\\/\\\/periodicorealidades.com\\\/#organization\"},\"image\":{\"@id\":\"https:\\\/\\\/periodicorealidades.com\\\/index.php\\\/2025\\\/12\\\/11\\\/manq-el-gobernador-que-mas-impulsa-la-cultura-en-nayarit\\\/#primaryimage\"},\"thumbnailUrl\":\"https:\\\/\\\/periodicorealidades.com\\\/wp-content\\\/uploads\\\/2025\\\/12\\\/Allan-Herrera.jpg\",\"articleSection\":[\"Principal\",\"Tepic\"],\"inLanguage\":\"es\"},{\"@type\":\"WebPage\",\"@id\":\"https:\\\/\\\/periodicorealidades.com\\\/index.php\\\/2025\\\/12\\\/11\\\/manq-el-gobernador-que-mas-impulsa-la-cultura-en-nayarit\\\/\",\"url\":\"https:\\\/\\\/periodicorealidades.com\\\/index.php\\\/2025\\\/12\\\/11\\\/manq-el-gobernador-que-mas-impulsa-la-cultura-en-nayarit\\\/\",\"name\":\"MANQ el gobernador que m\u00e1s impulsa la cultura en Nayarit - Peri\u00f3dico Realidades\",\"isPartOf\":{\"@id\":\"https:\\\/\\\/periodicorealidades.com\\\/#website\"},\"primaryImageOfPage\":{\"@id\":\"https:\\\/\\\/periodicorealidades.com\\\/index.php\\\/2025\\\/12\\\/11\\\/manq-el-gobernador-que-mas-impulsa-la-cultura-en-nayarit\\\/#primaryimage\"},\"image\":{\"@id\":\"https:\\\/\\\/periodicorealidades.com\\\/index.php\\\/2025\\\/12\\\/11\\\/manq-el-gobernador-que-mas-impulsa-la-cultura-en-nayarit\\\/#primaryimage\"},\"thumbnailUrl\":\"https:\\\/\\\/periodicorealidades.com\\\/wp-content\\\/uploads\\\/2025\\\/12\\\/Allan-Herrera.jpg\",\"datePublished\":\"2025-12-12T05:40:26+00:00\",\"dateModified\":\"2025-12-12T05:40:27+00:00\",\"breadcrumb\":{\"@id\":\"https:\\\/\\\/periodicorealidades.com\\\/index.php\\\/2025\\\/12\\\/11\\\/manq-el-gobernador-que-mas-impulsa-la-cultura-en-nayarit\\\/#breadcrumb\"},\"inLanguage\":\"es\",\"potentialAction\":[{\"@type\":\"ReadAction\",\"target\":[\"https:\\\/\\\/periodicorealidades.com\\\/index.php\\\/2025\\\/12\\\/11\\\/manq-el-gobernador-que-mas-impulsa-la-cultura-en-nayarit\\\/\"]}]},{\"@type\":\"ImageObject\",\"inLanguage\":\"es\",\"@id\":\"https:\\\/\\\/periodicorealidades.com\\\/index.php\\\/2025\\\/12\\\/11\\\/manq-el-gobernador-que-mas-impulsa-la-cultura-en-nayarit\\\/#primaryimage\",\"url\":\"https:\\\/\\\/periodicorealidades.com\\\/wp-content\\\/uploads\\\/2025\\\/12\\\/Allan-Herrera.jpg\",\"contentUrl\":\"https:\\\/\\\/periodicorealidades.com\\\/wp-content\\\/uploads\\\/2025\\\/12\\\/Allan-Herrera.jpg\",\"width\":959,\"height\":742},{\"@type\":\"BreadcrumbList\",\"@id\":\"https:\\\/\\\/periodicorealidades.com\\\/index.php\\\/2025\\\/12\\\/11\\\/manq-el-gobernador-que-mas-impulsa-la-cultura-en-nayarit\\\/#breadcrumb\",\"itemListElement\":[{\"@type\":\"ListItem\",\"position\":1,\"name\":\"Inicio\",\"item\":\"https:\\\/\\\/periodicorealidades.com\\\/\"},{\"@type\":\"ListItem\",\"position\":2,\"name\":\"MANQ el gobernador que m\u00e1s impulsa la cultura en Nayarit\"}]},{\"@type\":\"WebSite\",\"@id\":\"https:\\\/\\\/periodicorealidades.com\\\/#website\",\"url\":\"https:\\\/\\\/periodicorealidades.com\\\/\",\"name\":\"Peri\u00f3dico Realidades\",\"description\":\"M\u00e9dio de comunicaci\u00f3n en Nayarit\",\"publisher\":{\"@id\":\"https:\\\/\\\/periodicorealidades.com\\\/#organization\"},\"potentialAction\":[{\"@type\":\"SearchAction\",\"target\":{\"@type\":\"EntryPoint\",\"urlTemplate\":\"https:\\\/\\\/periodicorealidades.com\\\/?s={search_term_string}\"},\"query-input\":{\"@type\":\"PropertyValueSpecification\",\"valueRequired\":true,\"valueName\":\"search_term_string\"}}],\"inLanguage\":\"es\"},{\"@type\":\"Organization\",\"@id\":\"https:\\\/\\\/periodicorealidades.com\\\/#organization\",\"name\":\"Peri\u00f3dico Realidades\",\"url\":\"https:\\\/\\\/periodicorealidades.com\\\/\",\"logo\":{\"@type\":\"ImageObject\",\"inLanguage\":\"es\",\"@id\":\"https:\\\/\\\/periodicorealidades.com\\\/#\\\/schema\\\/logo\\\/image\\\/\",\"url\":\"https:\\\/\\\/periodicorealidades.com\\\/wp-content\\\/uploads\\\/2023\\\/05\\\/r-prueba.png\",\"contentUrl\":\"https:\\\/\\\/periodicorealidades.com\\\/wp-content\\\/uploads\\\/2023\\\/05\\\/r-prueba.png\",\"width\":709,\"height\":709,\"caption\":\"Peri\u00f3dico Realidades\"},\"image\":{\"@id\":\"https:\\\/\\\/periodicorealidades.com\\\/#\\\/schema\\\/logo\\\/image\\\/\"},\"sameAs\":[\"https:\\\/\\\/www.facebook.com\\\/periodicorealidades.denayarit?mibextid=LQQJ4d\"]},{\"@type\":\"Person\",\"@id\":\"https:\\\/\\\/periodicorealidades.com\\\/#\\\/schema\\\/person\\\/c27da34ee13acaec3162071a3e1c7832\",\"name\":\"editor\",\"image\":{\"@type\":\"ImageObject\",\"inLanguage\":\"es\",\"@id\":\"https:\\\/\\\/secure.gravatar.com\\\/avatar\\\/dda3c3f59ea25f4b53cd53df977b0b2628039b17268e57c944a79a00e8a56e26?s=96&d=mm&r=g\",\"url\":\"https:\\\/\\\/secure.gravatar.com\\\/avatar\\\/dda3c3f59ea25f4b53cd53df977b0b2628039b17268e57c944a79a00e8a56e26?s=96&d=mm&r=g\",\"contentUrl\":\"https:\\\/\\\/secure.gravatar.com\\\/avatar\\\/dda3c3f59ea25f4b53cd53df977b0b2628039b17268e57c944a79a00e8a56e26?s=96&d=mm&r=g\",\"caption\":\"editor\"},\"url\":\"https:\\\/\\\/periodicorealidades.com\\\/index.php\\\/author\\\/editor\\\/\"}]}<\/script>\n<!-- \/ Yoast SEO plugin. -->","yoast_head_json":{"title":"MANQ el gobernador que m\u00e1s impulsa la cultura en Nayarit - Peri\u00f3dico Realidades","robots":{"index":"index","follow":"follow","max-snippet":"max-snippet:-1","max-image-preview":"max-image-preview:large","max-video-preview":"max-video-preview:-1"},"canonical":"https:\/\/periodicorealidades.com\/index.php\/2025\/12\/11\/manq-el-gobernador-que-mas-impulsa-la-cultura-en-nayarit\/","og_locale":"es_MX","og_type":"article","og_title":"MANQ el gobernador que m\u00e1s impulsa la cultura en Nayarit - Peri\u00f3dico Realidades","og_description":"Durante la actual administraci\u00f3n del gobernador Miguel \u00c1ngel Navarro Quintero, Nayarit, es una de las entidades donde m\u00e1s se promueve la cultura. Por: Arcelia Garc\u00eda Ortega Tepic, Nayarit; viernes, 12 de diciembre del 2025.- La anterior&nbsp; afirmaci\u00f3n parte del artista pl\u00e1stico&nbsp; oriundo de Francisco I. Madero, (Puga) del municipio de Tepic, Allan Herrera Quintano, quien [&hellip;]","og_url":"https:\/\/periodicorealidades.com\/index.php\/2025\/12\/11\/manq-el-gobernador-que-mas-impulsa-la-cultura-en-nayarit\/","og_site_name":"Peri\u00f3dico Realidades","article_publisher":"https:\/\/www.facebook.com\/periodicorealidades.denayarit?mibextid=LQQJ4d","article_published_time":"2025-12-12T05:40:26+00:00","article_modified_time":"2025-12-12T05:40:27+00:00","og_image":[{"width":959,"height":742,"url":"https:\/\/periodicorealidades.com\/wp-content\/uploads\/2025\/12\/Allan-Herrera.jpg","type":"image\/jpeg"}],"author":"editor","twitter_card":"summary_large_image","twitter_misc":{"Escrito por":"editor","Tiempo de lectura":"2 minutos"},"schema":{"@context":"https:\/\/schema.org","@graph":[{"@type":"Article","@id":"https:\/\/periodicorealidades.com\/index.php\/2025\/12\/11\/manq-el-gobernador-que-mas-impulsa-la-cultura-en-nayarit\/#article","isPartOf":{"@id":"https:\/\/periodicorealidades.com\/index.php\/2025\/12\/11\/manq-el-gobernador-que-mas-impulsa-la-cultura-en-nayarit\/"},"author":{"name":"editor","@id":"https:\/\/periodicorealidades.com\/#\/schema\/person\/c27da34ee13acaec3162071a3e1c7832"},"headline":"MANQ el gobernador que m\u00e1s impulsa la cultura en Nayarit","datePublished":"2025-12-12T05:40:26+00:00","dateModified":"2025-12-12T05:40:27+00:00","mainEntityOfPage":{"@id":"https:\/\/periodicorealidades.com\/index.php\/2025\/12\/11\/manq-el-gobernador-que-mas-impulsa-la-cultura-en-nayarit\/"},"wordCount":394,"publisher":{"@id":"https:\/\/periodicorealidades.com\/#organization"},"image":{"@id":"https:\/\/periodicorealidades.com\/index.php\/2025\/12\/11\/manq-el-gobernador-que-mas-impulsa-la-cultura-en-nayarit\/#primaryimage"},"thumbnailUrl":"https:\/\/periodicorealidades.com\/wp-content\/uploads\/2025\/12\/Allan-Herrera.jpg","articleSection":["Principal","Tepic"],"inLanguage":"es"},{"@type":"WebPage","@id":"https:\/\/periodicorealidades.com\/index.php\/2025\/12\/11\/manq-el-gobernador-que-mas-impulsa-la-cultura-en-nayarit\/","url":"https:\/\/periodicorealidades.com\/index.php\/2025\/12\/11\/manq-el-gobernador-que-mas-impulsa-la-cultura-en-nayarit\/","name":"MANQ el gobernador que m\u00e1s impulsa la cultura en Nayarit - Peri\u00f3dico Realidades","isPartOf":{"@id":"https:\/\/periodicorealidades.com\/#website"},"primaryImageOfPage":{"@id":"https:\/\/periodicorealidades.com\/index.php\/2025\/12\/11\/manq-el-gobernador-que-mas-impulsa-la-cultura-en-nayarit\/#primaryimage"},"image":{"@id":"https:\/\/periodicorealidades.com\/index.php\/2025\/12\/11\/manq-el-gobernador-que-mas-impulsa-la-cultura-en-nayarit\/#primaryimage"},"thumbnailUrl":"https:\/\/periodicorealidades.com\/wp-content\/uploads\/2025\/12\/Allan-Herrera.jpg","datePublished":"2025-12-12T05:40:26+00:00","dateModified":"2025-12-12T05:40:27+00:00","breadcrumb":{"@id":"https:\/\/periodicorealidades.com\/index.php\/2025\/12\/11\/manq-el-gobernador-que-mas-impulsa-la-cultura-en-nayarit\/#breadcrumb"},"inLanguage":"es","potentialAction":[{"@type":"ReadAction","target":["https:\/\/periodicorealidades.com\/index.php\/2025\/12\/11\/manq-el-gobernador-que-mas-impulsa-la-cultura-en-nayarit\/"]}]},{"@type":"ImageObject","inLanguage":"es","@id":"https:\/\/periodicorealidades.com\/index.php\/2025\/12\/11\/manq-el-gobernador-que-mas-impulsa-la-cultura-en-nayarit\/#primaryimage","url":"https:\/\/periodicorealidades.com\/wp-content\/uploads\/2025\/12\/Allan-Herrera.jpg","contentUrl":"https:\/\/periodicorealidades.com\/wp-content\/uploads\/2025\/12\/Allan-Herrera.jpg","width":959,"height":742},{"@type":"BreadcrumbList","@id":"https:\/\/periodicorealidades.com\/index.php\/2025\/12\/11\/manq-el-gobernador-que-mas-impulsa-la-cultura-en-nayarit\/#breadcrumb","itemListElement":[{"@type":"ListItem","position":1,"name":"Inicio","item":"https:\/\/periodicorealidades.com\/"},{"@type":"ListItem","position":2,"name":"MANQ el gobernador que m\u00e1s impulsa la cultura en Nayarit"}]},{"@type":"WebSite","@id":"https:\/\/periodicorealidades.com\/#website","url":"https:\/\/periodicorealidades.com\/","name":"Peri\u00f3dico Realidades","description":"M\u00e9dio de comunicaci\u00f3n en Nayarit","publisher":{"@id":"https:\/\/periodicorealidades.com\/#organization"},"potentialAction":[{"@type":"SearchAction","target":{"@type":"EntryPoint","urlTemplate":"https:\/\/periodicorealidades.com\/?s={search_term_string}"},"query-input":{"@type":"PropertyValueSpecification","valueRequired":true,"valueName":"search_term_string"}}],"inLanguage":"es"},{"@type":"Organization","@id":"https:\/\/periodicorealidades.com\/#organization","name":"Peri\u00f3dico Realidades","url":"https:\/\/periodicorealidades.com\/","logo":{"@type":"ImageObject","inLanguage":"es","@id":"https:\/\/periodicorealidades.com\/#\/schema\/logo\/image\/","url":"https:\/\/periodicorealidades.com\/wp-content\/uploads\/2023\/05\/r-prueba.png","contentUrl":"https:\/\/periodicorealidades.com\/wp-content\/uploads\/2023\/05\/r-prueba.png","width":709,"height":709,"caption":"Peri\u00f3dico Realidades"},"image":{"@id":"https:\/\/periodicorealidades.com\/#\/schema\/logo\/image\/"},"sameAs":["https:\/\/www.facebook.com\/periodicorealidades.denayarit?mibextid=LQQJ4d"]},{"@type":"Person","@id":"https:\/\/periodicorealidades.com\/#\/schema\/person\/c27da34ee13acaec3162071a3e1c7832","name":"editor","image":{"@type":"ImageObject","inLanguage":"es","@id":"https:\/\/secure.gravatar.com\/avatar\/dda3c3f59ea25f4b53cd53df977b0b2628039b17268e57c944a79a00e8a56e26?s=96&d=mm&r=g","url":"https:\/\/secure.gravatar.com\/avatar\/dda3c3f59ea25f4b53cd53df977b0b2628039b17268e57c944a79a00e8a56e26?s=96&d=mm&r=g","contentUrl":"https:\/\/secure.gravatar.com\/avatar\/dda3c3f59ea25f4b53cd53df977b0b2628039b17268e57c944a79a00e8a56e26?s=96&d=mm&r=g","caption":"editor"},"url":"https:\/\/periodicorealidades.com\/index.php\/author\/editor\/"}]}},"_links":{"self":[{"href":"https:\/\/periodicorealidades.com\/index.php\/wp-json\/wp\/v2\/posts\/59649","targetHints":{"allow":["GET"]}}],"collection":[{"href":"https:\/\/periodicorealidades.com\/index.php\/wp-json\/wp\/v2\/posts"}],"about":[{"href":"https:\/\/periodicorealidades.com\/index.php\/wp-json\/wp\/v2\/types\/post"}],"author":[{"embeddable":true,"href":"https:\/\/periodicorealidades.com\/index.php\/wp-json\/wp\/v2\/users\/2"}],"replies":[{"embeddable":true,"href":"https:\/\/periodicorealidades.com\/index.php\/wp-json\/wp\/v2\/comments?post=59649"}],"version-history":[{"count":0,"href":"https:\/\/periodicorealidades.com\/index.php\/wp-json\/wp\/v2\/posts\/59649\/revisions"}],"wp:featuredmedia":[{"embeddable":true,"href":"https:\/\/periodicorealidades.com\/index.php\/wp-json\/wp\/v2\/media\/59650"}],"wp:attachment":[{"href":"https:\/\/periodicorealidades.com\/index.php\/wp-json\/wp\/v2\/media?parent=59649"}],"wp:term":[{"taxonomy":"category","embeddable":true,"href":"https:\/\/periodicorealidades.com\/index.php\/wp-json\/wp\/v2\/categories?post=59649"},{"taxonomy":"post_tag","embeddable":true,"href":"https:\/\/periodicorealidades.com\/index.php\/wp-json\/wp\/v2\/tags?post=59649"}],"curies":[{"name":"wp","href":"https:\/\/api.w.org\/{rel}","templated":true}]}}