{"id":59652,"date":"2025-12-11T22:40:59","date_gmt":"2025-12-12T05:40:59","guid":{"rendered":"https:\/\/periodicorealidades.com\/?p=59652"},"modified":"2025-12-11T22:40:59","modified_gmt":"2025-12-12T05:40:59","slug":"este-sabado-arranca-la-feria-navidena-2025-2026","status":"publish","type":"post","link":"https:\/\/periodicorealidades.com\/index.php\/2025\/12\/11\/este-sabado-arranca-la-feria-navidena-2025-2026\/","title":{"rendered":"Este s\u00e1bado arranca la Feria Navide\u00f1a 2025-2026"},"content":{"rendered":"\n<p class=\"wp-block-paragraph\">Francisco Valle Mlramontes, l\u00edder de los comerciantes en peque\u00f1o, inform\u00f3 que este s\u00e1bado 13 de diciembre arranca la edici\u00f3n de la Feria Navide\u00f1a, 2025-2026, misma que permanecer\u00e1 donde siempre hasta el 12 de enero.<\/p>\n\n\n\n<p class=\"wp-block-paragraph\">Por: Arcelia Garc\u00eda Ortega<\/p>\n\n\n\n<p class=\"wp-block-paragraph\">Tepic, Nayarit; viernes, 12 de diciembre del 2025.- Se encontrar\u00e1n ofertas y diversos art\u00edculos en una longitud de un kil\u00f3metro donde la gente podr\u00e1 caminar tranquilamente. Habr\u00e1 juguetes de madera y todo lo t\u00edpico, lo que no puede faltar es la venta de las cobijas, los trastes, todo en gran remate.<\/p>\n\n\n\n<p class=\"wp-block-paragraph\">Al final estar\u00e1n los juegos mec\u00e1nicos y el plus fuerte es que el gobernador, el doctor Miguel \u00c1ngel Navarro, ha pedido que no se expendan bebidas alcoh\u00f3licas, por lo tanto, ser\u00e1 una feria blanca y familiar.<\/p>\n\n\n\n<p class=\"wp-block-paragraph\">Habr\u00e1 mucha vigilancia, van a estar entre 50, 70 polic\u00edas, y se contar\u00e1 con el apoyo de vialidad a la entrada para que se d\u00e9 fluidez al tr\u00e1nsito vehicular. Se cuenta tambi\u00e9n con el apoyo de Protecci\u00f3n civil con pipas de agua. En los puestos habr\u00e1 a la mano un peque\u00f1o extinguidor para evitar incidentes.<\/p>\n\n\n\n<p class=\"wp-block-paragraph\">Se contar\u00e1 por parte de gobierno del estado, con la infraestructura necesaria para mantener limpio el espacio.<\/p>\n\n\n\n<p class=\"wp-block-paragraph\">Habr\u00e1 tacos, pozole, y dem\u00e1s, pero tambi\u00e9n cocina de talla internacional.<\/p>\n\n\n\n<p class=\"wp-block-paragraph\">La feria va a estar abierta para el p\u00fablico desde las 10 de la ma\u00f1ana hasta la 1:00 am, y la entrada es completamente gratuita.&nbsp; Habr\u00e1 transporte p\u00fablico urbano y de taxis, los que tendr\u00e1n muchas ventas, al igual que los negocios de las periferias porque hay carnicer\u00edas, tortiller\u00edas, fruter\u00edas, donde los comerciantes se surtir\u00e1n; el dinero se quedar\u00e1 en Nayarit. El 70 por ciento de los puestos ser\u00e1n de personas locales y el 30 de for\u00e1neas.<\/p>\n\n\n\n<p class=\"wp-block-paragraph\">Precis\u00f3 que hablar\u00eda con Movilidad para ver el tema de que el transporte p\u00fablico no se exceda en el cobro de tarifas.<\/p>\n\n\n\n<p class=\"wp-block-paragraph\">Cada a\u00f1o, manifest\u00f3 el l\u00edder, m\u00e1s de un mill\u00f3n y medio de personas visitan la Feria Navide\u00f1a.<\/p>\n","protected":false},"excerpt":{"rendered":"<p>Francisco Valle Mlramontes, l\u00edder de los comerciantes en peque\u00f1o, inform\u00f3 que este s\u00e1bado 13 de diciembre arranca la edici\u00f3n de la Feria Navide\u00f1a, 2025-2026, misma que permanecer\u00e1 donde siempre hasta el 12 de enero. Por: Arcelia Garc\u00eda Ortega Tepic, Nayarit; viernes, 12 de diciembre del 2025.- Se encontrar\u00e1n ofertas y diversos art\u00edculos en una longitud [&hellip;]<\/p>\n","protected":false},"author":2,"featured_media":0,"comment_status":"closed","ping_status":"open","sticky":false,"template":"","format":"standard","meta":{"footnotes":""},"categories":[4,7],"tags":[],"class_list":["post-59652","post","type-post","status-publish","format-standard","category-principal","category-tepic"],"yoast_head":"<!-- This site is optimized with the Yoast SEO plugin v28.3 - https:\/\/yoast.com\/product\/yoast-seo-wordpress\/ -->\n<title>Este s\u00e1bado arranca la Feria Navide\u00f1a 2025-2026 - Peri\u00f3dico Realidades<\/title>\n<meta name=\"robots\" content=\"index, follow, max-snippet:-1, max-image-preview:large, max-video-preview:-1\" \/>\n<link rel=\"canonical\" href=\"https:\/\/periodicorealidades.com\/index.php\/2025\/12\/11\/este-sabado-arranca-la-feria-navidena-2025-2026\/\" \/>\n<meta property=\"og:locale\" content=\"es_MX\" \/>\n<meta property=\"og:type\" content=\"article\" \/>\n<meta property=\"og:title\" content=\"Este s\u00e1bado arranca la Feria Navide\u00f1a 2025-2026 - Peri\u00f3dico Realidades\" \/>\n<meta property=\"og:description\" content=\"Francisco Valle Mlramontes, l\u00edder de los comerciantes en peque\u00f1o, inform\u00f3 que este s\u00e1bado 13 de diciembre arranca la edici\u00f3n de la Feria Navide\u00f1a, 2025-2026, misma que permanecer\u00e1 donde siempre hasta el 12 de enero. Por: Arcelia Garc\u00eda Ortega Tepic, Nayarit; viernes, 12 de diciembre del 2025.- Se encontrar\u00e1n ofertas y diversos art\u00edculos en una longitud [&hellip;]\" \/>\n<meta property=\"og:url\" content=\"https:\/\/periodicorealidades.com\/index.php\/2025\/12\/11\/este-sabado-arranca-la-feria-navidena-2025-2026\/\" \/>\n<meta property=\"og:site_name\" content=\"Peri\u00f3dico Realidades\" \/>\n<meta property=\"article:publisher\" content=\"https:\/\/www.facebook.com\/periodicorealidades.denayarit?mibextid=LQQJ4d\" \/>\n<meta property=\"article:published_time\" content=\"2025-12-12T05:40:59+00:00\" \/>\n<meta property=\"og:image\" content=\"https:\/\/periodicorealidades.com\/wp-content\/uploads\/2024\/01\/Francisco-Valle-Miramontes-2.jpeg\" \/>\n\t<meta property=\"og:image:width\" content=\"1200\" \/>\n\t<meta property=\"og:image:height\" content=\"877\" \/>\n\t<meta property=\"og:image:type\" content=\"image\/jpeg\" \/>\n<meta name=\"author\" content=\"editor\" \/>\n<meta name=\"twitter:card\" content=\"summary_large_image\" \/>\n<meta name=\"twitter:label1\" content=\"Escrito por\" \/>\n\t<meta name=\"twitter:data1\" content=\"editor\" \/>\n\t<meta name=\"twitter:label2\" content=\"Tiempo de lectura\" \/>\n\t<meta name=\"twitter:data2\" content=\"2 minutos\" \/>\n<script type=\"application\/ld+json\" class=\"yoast-schema-graph\">{\"@context\":\"https:\\\/\\\/schema.org\",\"@graph\":[{\"@type\":\"Article\",\"@id\":\"https:\\\/\\\/periodicorealidades.com\\\/index.php\\\/2025\\\/12\\\/11\\\/este-sabado-arranca-la-feria-navidena-2025-2026\\\/#article\",\"isPartOf\":{\"@id\":\"https:\\\/\\\/periodicorealidades.com\\\/index.php\\\/2025\\\/12\\\/11\\\/este-sabado-arranca-la-feria-navidena-2025-2026\\\/\"},\"author\":{\"name\":\"editor\",\"@id\":\"https:\\\/\\\/periodicorealidades.com\\\/#\\\/schema\\\/person\\\/c27da34ee13acaec3162071a3e1c7832\"},\"headline\":\"Este s\u00e1bado arranca la Feria Navide\u00f1a 2025-2026\",\"datePublished\":\"2025-12-12T05:40:59+00:00\",\"mainEntityOfPage\":{\"@id\":\"https:\\\/\\\/periodicorealidades.com\\\/index.php\\\/2025\\\/12\\\/11\\\/este-sabado-arranca-la-feria-navidena-2025-2026\\\/\"},\"wordCount\":362,\"publisher\":{\"@id\":\"https:\\\/\\\/periodicorealidades.com\\\/#organization\"},\"articleSection\":[\"Principal\",\"Tepic\"],\"inLanguage\":\"es\"},{\"@type\":\"WebPage\",\"@id\":\"https:\\\/\\\/periodicorealidades.com\\\/index.php\\\/2025\\\/12\\\/11\\\/este-sabado-arranca-la-feria-navidena-2025-2026\\\/\",\"url\":\"https:\\\/\\\/periodicorealidades.com\\\/index.php\\\/2025\\\/12\\\/11\\\/este-sabado-arranca-la-feria-navidena-2025-2026\\\/\",\"name\":\"Este s\u00e1bado arranca la Feria Navide\u00f1a 2025-2026 - Peri\u00f3dico Realidades\",\"isPartOf\":{\"@id\":\"https:\\\/\\\/periodicorealidades.com\\\/#website\"},\"datePublished\":\"2025-12-12T05:40:59+00:00\",\"breadcrumb\":{\"@id\":\"https:\\\/\\\/periodicorealidades.com\\\/index.php\\\/2025\\\/12\\\/11\\\/este-sabado-arranca-la-feria-navidena-2025-2026\\\/#breadcrumb\"},\"inLanguage\":\"es\",\"potentialAction\":[{\"@type\":\"ReadAction\",\"target\":[\"https:\\\/\\\/periodicorealidades.com\\\/index.php\\\/2025\\\/12\\\/11\\\/este-sabado-arranca-la-feria-navidena-2025-2026\\\/\"]}]},{\"@type\":\"BreadcrumbList\",\"@id\":\"https:\\\/\\\/periodicorealidades.com\\\/index.php\\\/2025\\\/12\\\/11\\\/este-sabado-arranca-la-feria-navidena-2025-2026\\\/#breadcrumb\",\"itemListElement\":[{\"@type\":\"ListItem\",\"position\":1,\"name\":\"Inicio\",\"item\":\"https:\\\/\\\/periodicorealidades.com\\\/\"},{\"@type\":\"ListItem\",\"position\":2,\"name\":\"Este s\u00e1bado arranca la Feria Navide\u00f1a 2025-2026\"}]},{\"@type\":\"WebSite\",\"@id\":\"https:\\\/\\\/periodicorealidades.com\\\/#website\",\"url\":\"https:\\\/\\\/periodicorealidades.com\\\/\",\"name\":\"Peri\u00f3dico Realidades\",\"description\":\"M\u00e9dio de comunicaci\u00f3n en Nayarit\",\"publisher\":{\"@id\":\"https:\\\/\\\/periodicorealidades.com\\\/#organization\"},\"potentialAction\":[{\"@type\":\"SearchAction\",\"target\":{\"@type\":\"EntryPoint\",\"urlTemplate\":\"https:\\\/\\\/periodicorealidades.com\\\/?s={search_term_string}\"},\"query-input\":{\"@type\":\"PropertyValueSpecification\",\"valueRequired\":true,\"valueName\":\"search_term_string\"}}],\"inLanguage\":\"es\"},{\"@type\":\"Organization\",\"@id\":\"https:\\\/\\\/periodicorealidades.com\\\/#organization\",\"name\":\"Peri\u00f3dico Realidades\",\"url\":\"https:\\\/\\\/periodicorealidades.com\\\/\",\"logo\":{\"@type\":\"ImageObject\",\"inLanguage\":\"es\",\"@id\":\"https:\\\/\\\/periodicorealidades.com\\\/#\\\/schema\\\/logo\\\/image\\\/\",\"url\":\"https:\\\/\\\/periodicorealidades.com\\\/wp-content\\\/uploads\\\/2023\\\/05\\\/r-prueba.png\",\"contentUrl\":\"https:\\\/\\\/periodicorealidades.com\\\/wp-content\\\/uploads\\\/2023\\\/05\\\/r-prueba.png\",\"width\":709,\"height\":709,\"caption\":\"Peri\u00f3dico Realidades\"},\"image\":{\"@id\":\"https:\\\/\\\/periodicorealidades.com\\\/#\\\/schema\\\/logo\\\/image\\\/\"},\"sameAs\":[\"https:\\\/\\\/www.facebook.com\\\/periodicorealidades.denayarit?mibextid=LQQJ4d\"]},{\"@type\":\"Person\",\"@id\":\"https:\\\/\\\/periodicorealidades.com\\\/#\\\/schema\\\/person\\\/c27da34ee13acaec3162071a3e1c7832\",\"name\":\"editor\",\"image\":{\"@type\":\"ImageObject\",\"inLanguage\":\"es\",\"@id\":\"https:\\\/\\\/secure.gravatar.com\\\/avatar\\\/dda3c3f59ea25f4b53cd53df977b0b2628039b17268e57c944a79a00e8a56e26?s=96&d=mm&r=g\",\"url\":\"https:\\\/\\\/secure.gravatar.com\\\/avatar\\\/dda3c3f59ea25f4b53cd53df977b0b2628039b17268e57c944a79a00e8a56e26?s=96&d=mm&r=g\",\"contentUrl\":\"https:\\\/\\\/secure.gravatar.com\\\/avatar\\\/dda3c3f59ea25f4b53cd53df977b0b2628039b17268e57c944a79a00e8a56e26?s=96&d=mm&r=g\",\"caption\":\"editor\"},\"url\":\"https:\\\/\\\/periodicorealidades.com\\\/index.php\\\/author\\\/editor\\\/\"}]}<\/script>\n<!-- \/ Yoast SEO plugin. -->","yoast_head_json":{"title":"Este s\u00e1bado arranca la Feria Navide\u00f1a 2025-2026 - Peri\u00f3dico Realidades","robots":{"index":"index","follow":"follow","max-snippet":"max-snippet:-1","max-image-preview":"max-image-preview:large","max-video-preview":"max-video-preview:-1"},"canonical":"https:\/\/periodicorealidades.com\/index.php\/2025\/12\/11\/este-sabado-arranca-la-feria-navidena-2025-2026\/","og_locale":"es_MX","og_type":"article","og_title":"Este s\u00e1bado arranca la Feria Navide\u00f1a 2025-2026 - Peri\u00f3dico Realidades","og_description":"Francisco Valle Mlramontes, l\u00edder de los comerciantes en peque\u00f1o, inform\u00f3 que este s\u00e1bado 13 de diciembre arranca la edici\u00f3n de la Feria Navide\u00f1a, 2025-2026, misma que permanecer\u00e1 donde siempre hasta el 12 de enero. Por: Arcelia Garc\u00eda Ortega Tepic, Nayarit; viernes, 12 de diciembre del 2025.- Se encontrar\u00e1n ofertas y diversos art\u00edculos en una longitud [&hellip;]","og_url":"https:\/\/periodicorealidades.com\/index.php\/2025\/12\/11\/este-sabado-arranca-la-feria-navidena-2025-2026\/","og_site_name":"Peri\u00f3dico Realidades","article_publisher":"https:\/\/www.facebook.com\/periodicorealidades.denayarit?mibextid=LQQJ4d","article_published_time":"2025-12-12T05:40:59+00:00","og_image":[{"width":1200,"height":877,"url":"https:\/\/periodicorealidades.com\/wp-content\/uploads\/2024\/01\/Francisco-Valle-Miramontes-2.jpeg","type":"image\/jpeg"}],"author":"editor","twitter_card":"summary_large_image","twitter_misc":{"Escrito por":"editor","Tiempo de lectura":"2 minutos"},"schema":{"@context":"https:\/\/schema.org","@graph":[{"@type":"Article","@id":"https:\/\/periodicorealidades.com\/index.php\/2025\/12\/11\/este-sabado-arranca-la-feria-navidena-2025-2026\/#article","isPartOf":{"@id":"https:\/\/periodicorealidades.com\/index.php\/2025\/12\/11\/este-sabado-arranca-la-feria-navidena-2025-2026\/"},"author":{"name":"editor","@id":"https:\/\/periodicorealidades.com\/#\/schema\/person\/c27da34ee13acaec3162071a3e1c7832"},"headline":"Este s\u00e1bado arranca la Feria Navide\u00f1a 2025-2026","datePublished":"2025-12-12T05:40:59+00:00","mainEntityOfPage":{"@id":"https:\/\/periodicorealidades.com\/index.php\/2025\/12\/11\/este-sabado-arranca-la-feria-navidena-2025-2026\/"},"wordCount":362,"publisher":{"@id":"https:\/\/periodicorealidades.com\/#organization"},"articleSection":["Principal","Tepic"],"inLanguage":"es"},{"@type":"WebPage","@id":"https:\/\/periodicorealidades.com\/index.php\/2025\/12\/11\/este-sabado-arranca-la-feria-navidena-2025-2026\/","url":"https:\/\/periodicorealidades.com\/index.php\/2025\/12\/11\/este-sabado-arranca-la-feria-navidena-2025-2026\/","name":"Este s\u00e1bado arranca la Feria Navide\u00f1a 2025-2026 - Peri\u00f3dico Realidades","isPartOf":{"@id":"https:\/\/periodicorealidades.com\/#website"},"datePublished":"2025-12-12T05:40:59+00:00","breadcrumb":{"@id":"https:\/\/periodicorealidades.com\/index.php\/2025\/12\/11\/este-sabado-arranca-la-feria-navidena-2025-2026\/#breadcrumb"},"inLanguage":"es","potentialAction":[{"@type":"ReadAction","target":["https:\/\/periodicorealidades.com\/index.php\/2025\/12\/11\/este-sabado-arranca-la-feria-navidena-2025-2026\/"]}]},{"@type":"BreadcrumbList","@id":"https:\/\/periodicorealidades.com\/index.php\/2025\/12\/11\/este-sabado-arranca-la-feria-navidena-2025-2026\/#breadcrumb","itemListElement":[{"@type":"ListItem","position":1,"name":"Inicio","item":"https:\/\/periodicorealidades.com\/"},{"@type":"ListItem","position":2,"name":"Este s\u00e1bado arranca la Feria Navide\u00f1a 2025-2026"}]},{"@type":"WebSite","@id":"https:\/\/periodicorealidades.com\/#website","url":"https:\/\/periodicorealidades.com\/","name":"Peri\u00f3dico Realidades","description":"M\u00e9dio de comunicaci\u00f3n en Nayarit","publisher":{"@id":"https:\/\/periodicorealidades.com\/#organization"},"potentialAction":[{"@type":"SearchAction","target":{"@type":"EntryPoint","urlTemplate":"https:\/\/periodicorealidades.com\/?s={search_term_string}"},"query-input":{"@type":"PropertyValueSpecification","valueRequired":true,"valueName":"search_term_string"}}],"inLanguage":"es"},{"@type":"Organization","@id":"https:\/\/periodicorealidades.com\/#organization","name":"Peri\u00f3dico Realidades","url":"https:\/\/periodicorealidades.com\/","logo":{"@type":"ImageObject","inLanguage":"es","@id":"https:\/\/periodicorealidades.com\/#\/schema\/logo\/image\/","url":"https:\/\/periodicorealidades.com\/wp-content\/uploads\/2023\/05\/r-prueba.png","contentUrl":"https:\/\/periodicorealidades.com\/wp-content\/uploads\/2023\/05\/r-prueba.png","width":709,"height":709,"caption":"Peri\u00f3dico Realidades"},"image":{"@id":"https:\/\/periodicorealidades.com\/#\/schema\/logo\/image\/"},"sameAs":["https:\/\/www.facebook.com\/periodicorealidades.denayarit?mibextid=LQQJ4d"]},{"@type":"Person","@id":"https:\/\/periodicorealidades.com\/#\/schema\/person\/c27da34ee13acaec3162071a3e1c7832","name":"editor","image":{"@type":"ImageObject","inLanguage":"es","@id":"https:\/\/secure.gravatar.com\/avatar\/dda3c3f59ea25f4b53cd53df977b0b2628039b17268e57c944a79a00e8a56e26?s=96&d=mm&r=g","url":"https:\/\/secure.gravatar.com\/avatar\/dda3c3f59ea25f4b53cd53df977b0b2628039b17268e57c944a79a00e8a56e26?s=96&d=mm&r=g","contentUrl":"https:\/\/secure.gravatar.com\/avatar\/dda3c3f59ea25f4b53cd53df977b0b2628039b17268e57c944a79a00e8a56e26?s=96&d=mm&r=g","caption":"editor"},"url":"https:\/\/periodicorealidades.com\/index.php\/author\/editor\/"}]}},"_links":{"self":[{"href":"https:\/\/periodicorealidades.com\/index.php\/wp-json\/wp\/v2\/posts\/59652","targetHints":{"allow":["GET"]}}],"collection":[{"href":"https:\/\/periodicorealidades.com\/index.php\/wp-json\/wp\/v2\/posts"}],"about":[{"href":"https:\/\/periodicorealidades.com\/index.php\/wp-json\/wp\/v2\/types\/post"}],"author":[{"embeddable":true,"href":"https:\/\/periodicorealidades.com\/index.php\/wp-json\/wp\/v2\/users\/2"}],"replies":[{"embeddable":true,"href":"https:\/\/periodicorealidades.com\/index.php\/wp-json\/wp\/v2\/comments?post=59652"}],"version-history":[{"count":0,"href":"https:\/\/periodicorealidades.com\/index.php\/wp-json\/wp\/v2\/posts\/59652\/revisions"}],"wp:attachment":[{"href":"https:\/\/periodicorealidades.com\/index.php\/wp-json\/wp\/v2\/media?parent=59652"}],"wp:term":[{"taxonomy":"category","embeddable":true,"href":"https:\/\/periodicorealidades.com\/index.php\/wp-json\/wp\/v2\/categories?post=59652"},{"taxonomy":"post_tag","embeddable":true,"href":"https:\/\/periodicorealidades.com\/index.php\/wp-json\/wp\/v2\/tags?post=59652"}],"curies":[{"name":"wp","href":"https:\/\/api.w.org\/{rel}","templated":true}]}}