{"id":59675,"date":"2025-12-11T22:52:07","date_gmt":"2025-12-12T05:52:07","guid":{"rendered":"https:\/\/periodicorealidades.com\/?p=59675"},"modified":"2025-12-11T22:52:07","modified_gmt":"2025-12-12T05:52:07","slug":"comerciantes-de-tepic-acusan-a-geraldine-ponce-de-edil-abusiva-y-transa","status":"publish","type":"post","link":"https:\/\/periodicorealidades.com\/index.php\/2025\/12\/11\/comerciantes-de-tepic-acusan-a-geraldine-ponce-de-edil-abusiva-y-transa\/","title":{"rendered":"Comerciantes de Tepic acusan a Geraldine Ponce de edil abusiva y transa"},"content":{"rendered":"\n<p class=\"wp-block-paragraph\">Comerciantes de Tepic, denuncian abusos por parte de la presidenta municipal de Tepic, Geraldine Ponce por el presunto cobro excesivo por la instalaci\u00f3n de sus puestos y trato del ayuntamiento de manera prepotente<\/p>\n\n\n\n<p class=\"wp-block-paragraph\">Por Javier Rojo Fregoso<\/p>\n\n\n\n<p class=\"wp-block-paragraph\">Tepic, Nayarit; viernes, 12 de diciembre del 2025.- Comerciantes de la capital nayarita contin\u00faan denunciando presuntos abusos por parte del Ayuntamiento de Tepic, a cargo de Gerladine Ponce, al se\u00f1alar que personal municipal les habr\u00eda exigido pagos elevados para poder instalar sus puestos en el \u00e1rea conocida como \u201cEl Bosque Encantado\u201d, ubicada junto al parque La Alameda, en el Centro Hist\u00f3rico.<\/p>\n\n\n\n<p class=\"wp-block-paragraph\">De acuerdo con los testimonios recabados, trabajadores municipales ofrecieron espacios a los comerciantes para que pudieran vender sus productos durante la temporada decembrina. Sin embargo, aseguran que se les inform\u00f3 que, para instalarse, deber\u00e1n pagar 150 pesos por metro cuadrado, lo que representa un costo diario aproximado de 600 pesos para quienes utilizan al menos cuatro metros.<\/p>\n\n\n\n<p class=\"wp-block-paragraph\">Las y los inconformes advirtieron que permanecer\u00e1n en el lugar durante 22 d\u00edas, por lo que el monto total a cubrir ascender\u00eda a 13 mil 200 pesos por comerciante, sin excepciones.<\/p>\n\n\n\n<p class=\"wp-block-paragraph\">Los vendedores acusan que este cobro resulta excesivo y que no se les garantiza que las ventas de la temporada puedan compensar dichos pagos. Aseguran adem\u00e1s que cada a\u00f1o se enfrentan a mayores presiones por parte de la administraci\u00f3n municipal, lo que afecta directamente a cientos de familias que dependen del comercio para sostener sus hogares durante las festividades.<\/p>\n\n\n\n<p class=\"wp-block-paragraph\">El \u201cBosque Encantado\u201d, instalado a un costado del parque La Alameda, se ha convertido en uno de los puntos asignados por el Ayuntamiento para la venta de art\u00edculos navide\u00f1os. Sin embargo, los comerciantes sostienen que la autoridad municipal ha endurecido las condiciones y ha elevado los costos, lo que consideran una medida recaudatoria que perjudica a los sectores m\u00e1s vulnerables.<\/p>\n\n\n\n<p class=\"wp-block-paragraph\">Hasta el momento, el Ayuntamiento de Tepic no ha emitido una postura oficial frente a estas denuncias.<\/p>\n","protected":false},"excerpt":{"rendered":"<p>Comerciantes de Tepic, denuncian abusos por parte de la presidenta municipal de Tepic, Geraldine Ponce por el presunto cobro excesivo por la instalaci\u00f3n de sus puestos y trato del ayuntamiento de manera prepotente Por Javier Rojo Fregoso Tepic, Nayarit; viernes, 12 de diciembre del 2025.- Comerciantes de la capital nayarita contin\u00faan denunciando presuntos abusos por [&hellip;]<\/p>\n","protected":false},"author":2,"featured_media":52635,"comment_status":"closed","ping_status":"open","sticky":false,"template":"","format":"standard","meta":{"footnotes":""},"categories":[4,7],"tags":[],"class_list":["post-59675","post","type-post","status-publish","format-standard","has-post-thumbnail","category-principal","category-tepic"],"yoast_head":"<!-- This site is optimized with the Yoast SEO plugin v28.3 - https:\/\/yoast.com\/product\/yoast-seo-wordpress\/ -->\n<title>Comerciantes de Tepic acusan a Geraldine Ponce de edil abusiva y transa - Peri\u00f3dico Realidades<\/title>\n<meta name=\"robots\" content=\"index, follow, max-snippet:-1, max-image-preview:large, max-video-preview:-1\" \/>\n<link rel=\"canonical\" href=\"https:\/\/periodicorealidades.com\/index.php\/2025\/12\/11\/comerciantes-de-tepic-acusan-a-geraldine-ponce-de-edil-abusiva-y-transa\/\" \/>\n<meta property=\"og:locale\" content=\"es_MX\" \/>\n<meta property=\"og:type\" content=\"article\" \/>\n<meta property=\"og:title\" content=\"Comerciantes de Tepic acusan a Geraldine Ponce de edil abusiva y transa - Peri\u00f3dico Realidades\" \/>\n<meta property=\"og:description\" content=\"Comerciantes de Tepic, denuncian abusos por parte de la presidenta municipal de Tepic, Geraldine Ponce por el presunto cobro excesivo por la instalaci\u00f3n de sus puestos y trato del ayuntamiento de manera prepotente Por Javier Rojo Fregoso Tepic, Nayarit; viernes, 12 de diciembre del 2025.- Comerciantes de la capital nayarita contin\u00faan denunciando presuntos abusos por [&hellip;]\" \/>\n<meta property=\"og:url\" content=\"https:\/\/periodicorealidades.com\/index.php\/2025\/12\/11\/comerciantes-de-tepic-acusan-a-geraldine-ponce-de-edil-abusiva-y-transa\/\" \/>\n<meta property=\"og:site_name\" content=\"Peri\u00f3dico Realidades\" \/>\n<meta property=\"article:publisher\" content=\"https:\/\/www.facebook.com\/periodicorealidades.denayarit?mibextid=LQQJ4d\" \/>\n<meta property=\"article:published_time\" content=\"2025-12-12T05:52:07+00:00\" \/>\n<meta property=\"og:image\" content=\"https:\/\/periodicorealidades.com\/wp-content\/uploads\/2025\/09\/GAlvAn-y-geraldine-new.jpg\" \/>\n\t<meta property=\"og:image:width\" content=\"616\" \/>\n\t<meta property=\"og:image:height\" content=\"456\" \/>\n\t<meta property=\"og:image:type\" content=\"image\/jpeg\" \/>\n<meta name=\"author\" content=\"editor\" \/>\n<meta name=\"twitter:card\" content=\"summary_large_image\" \/>\n<meta name=\"twitter:label1\" content=\"Escrito por\" \/>\n\t<meta name=\"twitter:data1\" content=\"editor\" \/>\n\t<meta name=\"twitter:label2\" content=\"Tiempo de lectura\" \/>\n\t<meta name=\"twitter:data2\" content=\"2 minutos\" \/>\n<script type=\"application\/ld+json\" class=\"yoast-schema-graph\">{\"@context\":\"https:\\\/\\\/schema.org\",\"@graph\":[{\"@type\":\"Article\",\"@id\":\"https:\\\/\\\/periodicorealidades.com\\\/index.php\\\/2025\\\/12\\\/11\\\/comerciantes-de-tepic-acusan-a-geraldine-ponce-de-edil-abusiva-y-transa\\\/#article\",\"isPartOf\":{\"@id\":\"https:\\\/\\\/periodicorealidades.com\\\/index.php\\\/2025\\\/12\\\/11\\\/comerciantes-de-tepic-acusan-a-geraldine-ponce-de-edil-abusiva-y-transa\\\/\"},\"author\":{\"name\":\"editor\",\"@id\":\"https:\\\/\\\/periodicorealidades.com\\\/#\\\/schema\\\/person\\\/c27da34ee13acaec3162071a3e1c7832\"},\"headline\":\"Comerciantes de Tepic acusan a Geraldine Ponce de edil abusiva y transa\",\"datePublished\":\"2025-12-12T05:52:07+00:00\",\"mainEntityOfPage\":{\"@id\":\"https:\\\/\\\/periodicorealidades.com\\\/index.php\\\/2025\\\/12\\\/11\\\/comerciantes-de-tepic-acusan-a-geraldine-ponce-de-edil-abusiva-y-transa\\\/\"},\"wordCount\":343,\"publisher\":{\"@id\":\"https:\\\/\\\/periodicorealidades.com\\\/#organization\"},\"image\":{\"@id\":\"https:\\\/\\\/periodicorealidades.com\\\/index.php\\\/2025\\\/12\\\/11\\\/comerciantes-de-tepic-acusan-a-geraldine-ponce-de-edil-abusiva-y-transa\\\/#primaryimage\"},\"thumbnailUrl\":\"https:\\\/\\\/periodicorealidades.com\\\/wp-content\\\/uploads\\\/2025\\\/09\\\/GAlvAn-y-geraldine-new.jpg\",\"articleSection\":[\"Principal\",\"Tepic\"],\"inLanguage\":\"es\"},{\"@type\":\"WebPage\",\"@id\":\"https:\\\/\\\/periodicorealidades.com\\\/index.php\\\/2025\\\/12\\\/11\\\/comerciantes-de-tepic-acusan-a-geraldine-ponce-de-edil-abusiva-y-transa\\\/\",\"url\":\"https:\\\/\\\/periodicorealidades.com\\\/index.php\\\/2025\\\/12\\\/11\\\/comerciantes-de-tepic-acusan-a-geraldine-ponce-de-edil-abusiva-y-transa\\\/\",\"name\":\"Comerciantes de Tepic acusan a Geraldine Ponce de edil abusiva y transa - Peri\u00f3dico Realidades\",\"isPartOf\":{\"@id\":\"https:\\\/\\\/periodicorealidades.com\\\/#website\"},\"primaryImageOfPage\":{\"@id\":\"https:\\\/\\\/periodicorealidades.com\\\/index.php\\\/2025\\\/12\\\/11\\\/comerciantes-de-tepic-acusan-a-geraldine-ponce-de-edil-abusiva-y-transa\\\/#primaryimage\"},\"image\":{\"@id\":\"https:\\\/\\\/periodicorealidades.com\\\/index.php\\\/2025\\\/12\\\/11\\\/comerciantes-de-tepic-acusan-a-geraldine-ponce-de-edil-abusiva-y-transa\\\/#primaryimage\"},\"thumbnailUrl\":\"https:\\\/\\\/periodicorealidades.com\\\/wp-content\\\/uploads\\\/2025\\\/09\\\/GAlvAn-y-geraldine-new.jpg\",\"datePublished\":\"2025-12-12T05:52:07+00:00\",\"breadcrumb\":{\"@id\":\"https:\\\/\\\/periodicorealidades.com\\\/index.php\\\/2025\\\/12\\\/11\\\/comerciantes-de-tepic-acusan-a-geraldine-ponce-de-edil-abusiva-y-transa\\\/#breadcrumb\"},\"inLanguage\":\"es\",\"potentialAction\":[{\"@type\":\"ReadAction\",\"target\":[\"https:\\\/\\\/periodicorealidades.com\\\/index.php\\\/2025\\\/12\\\/11\\\/comerciantes-de-tepic-acusan-a-geraldine-ponce-de-edil-abusiva-y-transa\\\/\"]}]},{\"@type\":\"ImageObject\",\"inLanguage\":\"es\",\"@id\":\"https:\\\/\\\/periodicorealidades.com\\\/index.php\\\/2025\\\/12\\\/11\\\/comerciantes-de-tepic-acusan-a-geraldine-ponce-de-edil-abusiva-y-transa\\\/#primaryimage\",\"url\":\"https:\\\/\\\/periodicorealidades.com\\\/wp-content\\\/uploads\\\/2025\\\/09\\\/GAlvAn-y-geraldine-new.jpg\",\"contentUrl\":\"https:\\\/\\\/periodicorealidades.com\\\/wp-content\\\/uploads\\\/2025\\\/09\\\/GAlvAn-y-geraldine-new.jpg\",\"width\":616,\"height\":456},{\"@type\":\"BreadcrumbList\",\"@id\":\"https:\\\/\\\/periodicorealidades.com\\\/index.php\\\/2025\\\/12\\\/11\\\/comerciantes-de-tepic-acusan-a-geraldine-ponce-de-edil-abusiva-y-transa\\\/#breadcrumb\",\"itemListElement\":[{\"@type\":\"ListItem\",\"position\":1,\"name\":\"Inicio\",\"item\":\"https:\\\/\\\/periodicorealidades.com\\\/\"},{\"@type\":\"ListItem\",\"position\":2,\"name\":\"Comerciantes de Tepic acusan a Geraldine Ponce de edil abusiva y transa\"}]},{\"@type\":\"WebSite\",\"@id\":\"https:\\\/\\\/periodicorealidades.com\\\/#website\",\"url\":\"https:\\\/\\\/periodicorealidades.com\\\/\",\"name\":\"Peri\u00f3dico Realidades\",\"description\":\"M\u00e9dio de comunicaci\u00f3n en Nayarit\",\"publisher\":{\"@id\":\"https:\\\/\\\/periodicorealidades.com\\\/#organization\"},\"potentialAction\":[{\"@type\":\"SearchAction\",\"target\":{\"@type\":\"EntryPoint\",\"urlTemplate\":\"https:\\\/\\\/periodicorealidades.com\\\/?s={search_term_string}\"},\"query-input\":{\"@type\":\"PropertyValueSpecification\",\"valueRequired\":true,\"valueName\":\"search_term_string\"}}],\"inLanguage\":\"es\"},{\"@type\":\"Organization\",\"@id\":\"https:\\\/\\\/periodicorealidades.com\\\/#organization\",\"name\":\"Peri\u00f3dico Realidades\",\"url\":\"https:\\\/\\\/periodicorealidades.com\\\/\",\"logo\":{\"@type\":\"ImageObject\",\"inLanguage\":\"es\",\"@id\":\"https:\\\/\\\/periodicorealidades.com\\\/#\\\/schema\\\/logo\\\/image\\\/\",\"url\":\"https:\\\/\\\/periodicorealidades.com\\\/wp-content\\\/uploads\\\/2023\\\/05\\\/r-prueba.png\",\"contentUrl\":\"https:\\\/\\\/periodicorealidades.com\\\/wp-content\\\/uploads\\\/2023\\\/05\\\/r-prueba.png\",\"width\":709,\"height\":709,\"caption\":\"Peri\u00f3dico Realidades\"},\"image\":{\"@id\":\"https:\\\/\\\/periodicorealidades.com\\\/#\\\/schema\\\/logo\\\/image\\\/\"},\"sameAs\":[\"https:\\\/\\\/www.facebook.com\\\/periodicorealidades.denayarit?mibextid=LQQJ4d\"]},{\"@type\":\"Person\",\"@id\":\"https:\\\/\\\/periodicorealidades.com\\\/#\\\/schema\\\/person\\\/c27da34ee13acaec3162071a3e1c7832\",\"name\":\"editor\",\"image\":{\"@type\":\"ImageObject\",\"inLanguage\":\"es\",\"@id\":\"https:\\\/\\\/secure.gravatar.com\\\/avatar\\\/dda3c3f59ea25f4b53cd53df977b0b2628039b17268e57c944a79a00e8a56e26?s=96&d=mm&r=g\",\"url\":\"https:\\\/\\\/secure.gravatar.com\\\/avatar\\\/dda3c3f59ea25f4b53cd53df977b0b2628039b17268e57c944a79a00e8a56e26?s=96&d=mm&r=g\",\"contentUrl\":\"https:\\\/\\\/secure.gravatar.com\\\/avatar\\\/dda3c3f59ea25f4b53cd53df977b0b2628039b17268e57c944a79a00e8a56e26?s=96&d=mm&r=g\",\"caption\":\"editor\"},\"url\":\"https:\\\/\\\/periodicorealidades.com\\\/index.php\\\/author\\\/editor\\\/\"}]}<\/script>\n<!-- \/ Yoast SEO plugin. -->","yoast_head_json":{"title":"Comerciantes de Tepic acusan a Geraldine Ponce de edil abusiva y transa - Peri\u00f3dico Realidades","robots":{"index":"index","follow":"follow","max-snippet":"max-snippet:-1","max-image-preview":"max-image-preview:large","max-video-preview":"max-video-preview:-1"},"canonical":"https:\/\/periodicorealidades.com\/index.php\/2025\/12\/11\/comerciantes-de-tepic-acusan-a-geraldine-ponce-de-edil-abusiva-y-transa\/","og_locale":"es_MX","og_type":"article","og_title":"Comerciantes de Tepic acusan a Geraldine Ponce de edil abusiva y transa - Peri\u00f3dico Realidades","og_description":"Comerciantes de Tepic, denuncian abusos por parte de la presidenta municipal de Tepic, Geraldine Ponce por el presunto cobro excesivo por la instalaci\u00f3n de sus puestos y trato del ayuntamiento de manera prepotente Por Javier Rojo Fregoso Tepic, Nayarit; viernes, 12 de diciembre del 2025.- Comerciantes de la capital nayarita contin\u00faan denunciando presuntos abusos por [&hellip;]","og_url":"https:\/\/periodicorealidades.com\/index.php\/2025\/12\/11\/comerciantes-de-tepic-acusan-a-geraldine-ponce-de-edil-abusiva-y-transa\/","og_site_name":"Peri\u00f3dico Realidades","article_publisher":"https:\/\/www.facebook.com\/periodicorealidades.denayarit?mibextid=LQQJ4d","article_published_time":"2025-12-12T05:52:07+00:00","og_image":[{"width":616,"height":456,"url":"https:\/\/periodicorealidades.com\/wp-content\/uploads\/2025\/09\/GAlvAn-y-geraldine-new.jpg","type":"image\/jpeg"}],"author":"editor","twitter_card":"summary_large_image","twitter_misc":{"Escrito por":"editor","Tiempo de lectura":"2 minutos"},"schema":{"@context":"https:\/\/schema.org","@graph":[{"@type":"Article","@id":"https:\/\/periodicorealidades.com\/index.php\/2025\/12\/11\/comerciantes-de-tepic-acusan-a-geraldine-ponce-de-edil-abusiva-y-transa\/#article","isPartOf":{"@id":"https:\/\/periodicorealidades.com\/index.php\/2025\/12\/11\/comerciantes-de-tepic-acusan-a-geraldine-ponce-de-edil-abusiva-y-transa\/"},"author":{"name":"editor","@id":"https:\/\/periodicorealidades.com\/#\/schema\/person\/c27da34ee13acaec3162071a3e1c7832"},"headline":"Comerciantes de Tepic acusan a Geraldine Ponce de edil abusiva y transa","datePublished":"2025-12-12T05:52:07+00:00","mainEntityOfPage":{"@id":"https:\/\/periodicorealidades.com\/index.php\/2025\/12\/11\/comerciantes-de-tepic-acusan-a-geraldine-ponce-de-edil-abusiva-y-transa\/"},"wordCount":343,"publisher":{"@id":"https:\/\/periodicorealidades.com\/#organization"},"image":{"@id":"https:\/\/periodicorealidades.com\/index.php\/2025\/12\/11\/comerciantes-de-tepic-acusan-a-geraldine-ponce-de-edil-abusiva-y-transa\/#primaryimage"},"thumbnailUrl":"https:\/\/periodicorealidades.com\/wp-content\/uploads\/2025\/09\/GAlvAn-y-geraldine-new.jpg","articleSection":["Principal","Tepic"],"inLanguage":"es"},{"@type":"WebPage","@id":"https:\/\/periodicorealidades.com\/index.php\/2025\/12\/11\/comerciantes-de-tepic-acusan-a-geraldine-ponce-de-edil-abusiva-y-transa\/","url":"https:\/\/periodicorealidades.com\/index.php\/2025\/12\/11\/comerciantes-de-tepic-acusan-a-geraldine-ponce-de-edil-abusiva-y-transa\/","name":"Comerciantes de Tepic acusan a Geraldine Ponce de edil abusiva y transa - Peri\u00f3dico Realidades","isPartOf":{"@id":"https:\/\/periodicorealidades.com\/#website"},"primaryImageOfPage":{"@id":"https:\/\/periodicorealidades.com\/index.php\/2025\/12\/11\/comerciantes-de-tepic-acusan-a-geraldine-ponce-de-edil-abusiva-y-transa\/#primaryimage"},"image":{"@id":"https:\/\/periodicorealidades.com\/index.php\/2025\/12\/11\/comerciantes-de-tepic-acusan-a-geraldine-ponce-de-edil-abusiva-y-transa\/#primaryimage"},"thumbnailUrl":"https:\/\/periodicorealidades.com\/wp-content\/uploads\/2025\/09\/GAlvAn-y-geraldine-new.jpg","datePublished":"2025-12-12T05:52:07+00:00","breadcrumb":{"@id":"https:\/\/periodicorealidades.com\/index.php\/2025\/12\/11\/comerciantes-de-tepic-acusan-a-geraldine-ponce-de-edil-abusiva-y-transa\/#breadcrumb"},"inLanguage":"es","potentialAction":[{"@type":"ReadAction","target":["https:\/\/periodicorealidades.com\/index.php\/2025\/12\/11\/comerciantes-de-tepic-acusan-a-geraldine-ponce-de-edil-abusiva-y-transa\/"]}]},{"@type":"ImageObject","inLanguage":"es","@id":"https:\/\/periodicorealidades.com\/index.php\/2025\/12\/11\/comerciantes-de-tepic-acusan-a-geraldine-ponce-de-edil-abusiva-y-transa\/#primaryimage","url":"https:\/\/periodicorealidades.com\/wp-content\/uploads\/2025\/09\/GAlvAn-y-geraldine-new.jpg","contentUrl":"https:\/\/periodicorealidades.com\/wp-content\/uploads\/2025\/09\/GAlvAn-y-geraldine-new.jpg","width":616,"height":456},{"@type":"BreadcrumbList","@id":"https:\/\/periodicorealidades.com\/index.php\/2025\/12\/11\/comerciantes-de-tepic-acusan-a-geraldine-ponce-de-edil-abusiva-y-transa\/#breadcrumb","itemListElement":[{"@type":"ListItem","position":1,"name":"Inicio","item":"https:\/\/periodicorealidades.com\/"},{"@type":"ListItem","position":2,"name":"Comerciantes de Tepic acusan a Geraldine Ponce de edil abusiva y transa"}]},{"@type":"WebSite","@id":"https:\/\/periodicorealidades.com\/#website","url":"https:\/\/periodicorealidades.com\/","name":"Peri\u00f3dico Realidades","description":"M\u00e9dio de comunicaci\u00f3n en Nayarit","publisher":{"@id":"https:\/\/periodicorealidades.com\/#organization"},"potentialAction":[{"@type":"SearchAction","target":{"@type":"EntryPoint","urlTemplate":"https:\/\/periodicorealidades.com\/?s={search_term_string}"},"query-input":{"@type":"PropertyValueSpecification","valueRequired":true,"valueName":"search_term_string"}}],"inLanguage":"es"},{"@type":"Organization","@id":"https:\/\/periodicorealidades.com\/#organization","name":"Peri\u00f3dico Realidades","url":"https:\/\/periodicorealidades.com\/","logo":{"@type":"ImageObject","inLanguage":"es","@id":"https:\/\/periodicorealidades.com\/#\/schema\/logo\/image\/","url":"https:\/\/periodicorealidades.com\/wp-content\/uploads\/2023\/05\/r-prueba.png","contentUrl":"https:\/\/periodicorealidades.com\/wp-content\/uploads\/2023\/05\/r-prueba.png","width":709,"height":709,"caption":"Peri\u00f3dico Realidades"},"image":{"@id":"https:\/\/periodicorealidades.com\/#\/schema\/logo\/image\/"},"sameAs":["https:\/\/www.facebook.com\/periodicorealidades.denayarit?mibextid=LQQJ4d"]},{"@type":"Person","@id":"https:\/\/periodicorealidades.com\/#\/schema\/person\/c27da34ee13acaec3162071a3e1c7832","name":"editor","image":{"@type":"ImageObject","inLanguage":"es","@id":"https:\/\/secure.gravatar.com\/avatar\/dda3c3f59ea25f4b53cd53df977b0b2628039b17268e57c944a79a00e8a56e26?s=96&d=mm&r=g","url":"https:\/\/secure.gravatar.com\/avatar\/dda3c3f59ea25f4b53cd53df977b0b2628039b17268e57c944a79a00e8a56e26?s=96&d=mm&r=g","contentUrl":"https:\/\/secure.gravatar.com\/avatar\/dda3c3f59ea25f4b53cd53df977b0b2628039b17268e57c944a79a00e8a56e26?s=96&d=mm&r=g","caption":"editor"},"url":"https:\/\/periodicorealidades.com\/index.php\/author\/editor\/"}]}},"_links":{"self":[{"href":"https:\/\/periodicorealidades.com\/index.php\/wp-json\/wp\/v2\/posts\/59675","targetHints":{"allow":["GET"]}}],"collection":[{"href":"https:\/\/periodicorealidades.com\/index.php\/wp-json\/wp\/v2\/posts"}],"about":[{"href":"https:\/\/periodicorealidades.com\/index.php\/wp-json\/wp\/v2\/types\/post"}],"author":[{"embeddable":true,"href":"https:\/\/periodicorealidades.com\/index.php\/wp-json\/wp\/v2\/users\/2"}],"replies":[{"embeddable":true,"href":"https:\/\/periodicorealidades.com\/index.php\/wp-json\/wp\/v2\/comments?post=59675"}],"version-history":[{"count":0,"href":"https:\/\/periodicorealidades.com\/index.php\/wp-json\/wp\/v2\/posts\/59675\/revisions"}],"wp:featuredmedia":[{"embeddable":true,"href":"https:\/\/periodicorealidades.com\/index.php\/wp-json\/wp\/v2\/media\/52635"}],"wp:attachment":[{"href":"https:\/\/periodicorealidades.com\/index.php\/wp-json\/wp\/v2\/media?parent=59675"}],"wp:term":[{"taxonomy":"category","embeddable":true,"href":"https:\/\/periodicorealidades.com\/index.php\/wp-json\/wp\/v2\/categories?post=59675"},{"taxonomy":"post_tag","embeddable":true,"href":"https:\/\/periodicorealidades.com\/index.php\/wp-json\/wp\/v2\/tags?post=59675"}],"curies":[{"name":"wp","href":"https:\/\/api.w.org\/{rel}","templated":true}]}}