{"id":64230,"date":"2026-02-26T16:08:32","date_gmt":"2026-02-26T23:08:32","guid":{"rendered":"https:\/\/periodicorealidades.com\/?p=64230"},"modified":"2026-02-26T16:13:06","modified_gmt":"2026-02-26T23:13:06","slug":"mexico-investiga-vida-extraterrestre-esto-dijo-claudia-sheinbaum-pardo-sobre-el-fenomeno-ovni","status":"publish","type":"post","link":"https:\/\/periodicorealidades.com\/index.php\/2026\/02\/26\/mexico-investiga-vida-extraterrestre-esto-dijo-claudia-sheinbaum-pardo-sobre-el-fenomeno-ovni\/","title":{"rendered":"\u00bfM\u00e9xico investiga vida extraterrestre? Esto dijo Claudia Sheinbaum Pardo sobre el fen\u00f3meno OVNI"},"content":{"rendered":"\n<p class=\"wp-block-paragraph\">El Gobierno de M\u00e9xico se pronunci\u00f3 este mi\u00e9rcoles sobre el fen\u00f3meno OVNI (Objeto Volador No Identificado), tema que durante a\u00f1os ha generado especulaci\u00f3n y dudas en torno a la posible existencia de vida extraterrestre.<\/p>\n\n\n\n<p class=\"wp-block-paragraph\">Durante su conferencia matutina, la presidenta Claudia Sheinbaum Pardo fue cuestionada sobre si la Secretar\u00eda de la Defensa Nacional realiza investigaciones relacionadas con vida extraterrestre. Al respecto, la mandataria aclar\u00f3 que no tiene conocimiento de que exista alguna indagatoria de este tipo por parte de las Fuerzas Armadas.<\/p>\n\n\n\n<figure class=\"wp-block-image size-full\"><img decoding=\"async\" src=\"https:\/\/periodicorealidades.com\/wp-content\/uploads\/2026\/02\/image-316.png\" alt=\"\" class=\"wp-image-64232\"\/><\/figure>\n\n\n\n<p class=\"wp-block-paragraph\">\u201cNo creo que est\u00e9n investigando vida extraterrestre la Defensa Nacional\u201d, se\u00f1al\u00f3.<\/p>\n\n\n\n<p class=\"wp-block-paragraph\">La titular del Ejecutivo federal indic\u00f3 que M\u00e9xico esperar\u00e1 a conocer la informaci\u00f3n que pueda surgir en Estados Unidos, luego de que el presidente Donald Trump anunciara que ordenar\u00e1 la desclasificaci\u00f3n de archivos relacionados con vida extraterrestre, fen\u00f3menos a\u00e9reos no identificados (UAP, por sus siglas en ingl\u00e9s) y OVNIs.<\/p>\n\n\n\n<p class=\"wp-block-paragraph\">Sheinbaum explic\u00f3 que el Gobierno mexicano aguardar\u00e1 a ver \u201cqu\u00e9 sale\u201d tras el proceso anunciado por el mandatario estadounidense.<\/p>\n\n\n\n<p class=\"wp-block-paragraph\">Cabe recordar que Donald Trump inform\u00f3 que, ante el gran inter\u00e9s p\u00fablico en el tema, iniciar\u00e1 el proceso de identificaci\u00f3n y divulgaci\u00f3n de archivos gubernamentales vinculados con posibles evidencias sobre vida extraterrestre y fen\u00f3menos a\u00e9reos no identificados.<\/p>\n\n\n\n<p class=\"wp-block-paragraph\">Hasta el momento, el Gobierno de M\u00e9xico no ha anunciado investigaciones propias sobre este fen\u00f3meno y se mantendr\u00e1 atento a la informaci\u00f3n que pueda darse a conocer en Estados Unidos. <\/p>\n","protected":false},"excerpt":{"rendered":"<p>El Gobierno de M\u00e9xico se pronunci\u00f3 este mi\u00e9rcoles sobre el fen\u00f3meno OVNI (Objeto Volador No Identificado), tema que durante a\u00f1os ha generado especulaci\u00f3n y dudas en torno a la posible existencia de vida extraterrestre. Durante su conferencia matutina, la presidenta Claudia Sheinbaum Pardo fue cuestionada sobre si la Secretar\u00eda de la Defensa Nacional realiza investigaciones [&hellip;]<\/p>\n","protected":false},"author":4,"featured_media":0,"comment_status":"closed","ping_status":"open","sticky":false,"template":"","format":"standard","meta":{"footnotes":""},"categories":[13],"tags":[],"class_list":["post-64230","post","type-post","status-publish","format-standard","category-internacional"],"yoast_head":"<!-- This site is optimized with the Yoast SEO plugin v28.3 - https:\/\/yoast.com\/product\/yoast-seo-wordpress\/ -->\n<title>\u00bfM\u00e9xico investiga vida extraterrestre? Esto dijo Claudia Sheinbaum Pardo sobre el fen\u00f3meno OVNI - Peri\u00f3dico Realidades<\/title>\n<meta name=\"robots\" content=\"index, follow, max-snippet:-1, max-image-preview:large, max-video-preview:-1\" \/>\n<link rel=\"canonical\" href=\"https:\/\/periodicorealidades.com\/index.php\/2026\/02\/26\/mexico-investiga-vida-extraterrestre-esto-dijo-claudia-sheinbaum-pardo-sobre-el-fenomeno-ovni\/\" \/>\n<meta property=\"og:locale\" content=\"es_MX\" \/>\n<meta property=\"og:type\" content=\"article\" \/>\n<meta property=\"og:title\" content=\"\u00bfM\u00e9xico investiga vida extraterrestre? Esto dijo Claudia Sheinbaum Pardo sobre el fen\u00f3meno OVNI - Peri\u00f3dico Realidades\" \/>\n<meta property=\"og:description\" content=\"El Gobierno de M\u00e9xico se pronunci\u00f3 este mi\u00e9rcoles sobre el fen\u00f3meno OVNI (Objeto Volador No Identificado), tema que durante a\u00f1os ha generado especulaci\u00f3n y dudas en torno a la posible existencia de vida extraterrestre. Durante su conferencia matutina, la presidenta Claudia Sheinbaum Pardo fue cuestionada sobre si la Secretar\u00eda de la Defensa Nacional realiza investigaciones [&hellip;]\" \/>\n<meta property=\"og:url\" content=\"https:\/\/periodicorealidades.com\/index.php\/2026\/02\/26\/mexico-investiga-vida-extraterrestre-esto-dijo-claudia-sheinbaum-pardo-sobre-el-fenomeno-ovni\/\" \/>\n<meta property=\"og:site_name\" content=\"Peri\u00f3dico Realidades\" \/>\n<meta property=\"article:publisher\" content=\"https:\/\/www.facebook.com\/periodicorealidades.denayarit?mibextid=LQQJ4d\" \/>\n<meta property=\"article:published_time\" content=\"2026-02-26T23:08:32+00:00\" \/>\n<meta property=\"article:modified_time\" content=\"2026-02-26T23:13:06+00:00\" \/>\n<meta property=\"og:image\" content=\"https:\/\/periodicorealidades.com\/wp-content\/uploads\/2026\/02\/image-315.png\" \/>\n\t<meta property=\"og:image:width\" content=\"300\" \/>\n\t<meta property=\"og:image:height\" content=\"168\" \/>\n\t<meta property=\"og:image:type\" content=\"image\/png\" \/>\n<meta name=\"author\" content=\"Arcelia\" \/>\n<meta name=\"twitter:card\" content=\"summary_large_image\" \/>\n<meta name=\"twitter:label1\" content=\"Escrito por\" \/>\n\t<meta name=\"twitter:data1\" content=\"Arcelia\" \/>\n\t<meta name=\"twitter:label2\" content=\"Tiempo de lectura\" \/>\n\t<meta name=\"twitter:data2\" content=\"2 minutos\" \/>\n<script type=\"application\/ld+json\" class=\"yoast-schema-graph\">{\"@context\":\"https:\\\/\\\/schema.org\",\"@graph\":[{\"@type\":\"Article\",\"@id\":\"https:\\\/\\\/periodicorealidades.com\\\/index.php\\\/2026\\\/02\\\/26\\\/mexico-investiga-vida-extraterrestre-esto-dijo-claudia-sheinbaum-pardo-sobre-el-fenomeno-ovni\\\/#article\",\"isPartOf\":{\"@id\":\"https:\\\/\\\/periodicorealidades.com\\\/index.php\\\/2026\\\/02\\\/26\\\/mexico-investiga-vida-extraterrestre-esto-dijo-claudia-sheinbaum-pardo-sobre-el-fenomeno-ovni\\\/\"},\"author\":{\"name\":\"Arcelia\",\"@id\":\"https:\\\/\\\/periodicorealidades.com\\\/#\\\/schema\\\/person\\\/ed60e33c6767be45db655d22ad0c15c4\"},\"headline\":\"\u00bfM\u00e9xico investiga vida extraterrestre? Esto dijo Claudia Sheinbaum Pardo sobre el fen\u00f3meno OVNI\",\"datePublished\":\"2026-02-26T23:08:32+00:00\",\"dateModified\":\"2026-02-26T23:13:06+00:00\",\"mainEntityOfPage\":{\"@id\":\"https:\\\/\\\/periodicorealidades.com\\\/index.php\\\/2026\\\/02\\\/26\\\/mexico-investiga-vida-extraterrestre-esto-dijo-claudia-sheinbaum-pardo-sobre-el-fenomeno-ovni\\\/\"},\"wordCount\":266,\"publisher\":{\"@id\":\"https:\\\/\\\/periodicorealidades.com\\\/#organization\"},\"image\":{\"@id\":\"https:\\\/\\\/periodicorealidades.com\\\/index.php\\\/2026\\\/02\\\/26\\\/mexico-investiga-vida-extraterrestre-esto-dijo-claudia-sheinbaum-pardo-sobre-el-fenomeno-ovni\\\/#primaryimage\"},\"thumbnailUrl\":\"https:\\\/\\\/periodicorealidades.com\\\/wp-content\\\/uploads\\\/2026\\\/02\\\/image-316.png\",\"articleSection\":[\"Internacional\"],\"inLanguage\":\"es\"},{\"@type\":\"WebPage\",\"@id\":\"https:\\\/\\\/periodicorealidades.com\\\/index.php\\\/2026\\\/02\\\/26\\\/mexico-investiga-vida-extraterrestre-esto-dijo-claudia-sheinbaum-pardo-sobre-el-fenomeno-ovni\\\/\",\"url\":\"https:\\\/\\\/periodicorealidades.com\\\/index.php\\\/2026\\\/02\\\/26\\\/mexico-investiga-vida-extraterrestre-esto-dijo-claudia-sheinbaum-pardo-sobre-el-fenomeno-ovni\\\/\",\"name\":\"\u00bfM\u00e9xico investiga vida extraterrestre? Esto dijo Claudia Sheinbaum Pardo sobre el fen\u00f3meno OVNI - Peri\u00f3dico Realidades\",\"isPartOf\":{\"@id\":\"https:\\\/\\\/periodicorealidades.com\\\/#website\"},\"primaryImageOfPage\":{\"@id\":\"https:\\\/\\\/periodicorealidades.com\\\/index.php\\\/2026\\\/02\\\/26\\\/mexico-investiga-vida-extraterrestre-esto-dijo-claudia-sheinbaum-pardo-sobre-el-fenomeno-ovni\\\/#primaryimage\"},\"image\":{\"@id\":\"https:\\\/\\\/periodicorealidades.com\\\/index.php\\\/2026\\\/02\\\/26\\\/mexico-investiga-vida-extraterrestre-esto-dijo-claudia-sheinbaum-pardo-sobre-el-fenomeno-ovni\\\/#primaryimage\"},\"thumbnailUrl\":\"https:\\\/\\\/periodicorealidades.com\\\/wp-content\\\/uploads\\\/2026\\\/02\\\/image-316.png\",\"datePublished\":\"2026-02-26T23:08:32+00:00\",\"dateModified\":\"2026-02-26T23:13:06+00:00\",\"breadcrumb\":{\"@id\":\"https:\\\/\\\/periodicorealidades.com\\\/index.php\\\/2026\\\/02\\\/26\\\/mexico-investiga-vida-extraterrestre-esto-dijo-claudia-sheinbaum-pardo-sobre-el-fenomeno-ovni\\\/#breadcrumb\"},\"inLanguage\":\"es\",\"potentialAction\":[{\"@type\":\"ReadAction\",\"target\":[\"https:\\\/\\\/periodicorealidades.com\\\/index.php\\\/2026\\\/02\\\/26\\\/mexico-investiga-vida-extraterrestre-esto-dijo-claudia-sheinbaum-pardo-sobre-el-fenomeno-ovni\\\/\"]}]},{\"@type\":\"ImageObject\",\"inLanguage\":\"es\",\"@id\":\"https:\\\/\\\/periodicorealidades.com\\\/index.php\\\/2026\\\/02\\\/26\\\/mexico-investiga-vida-extraterrestre-esto-dijo-claudia-sheinbaum-pardo-sobre-el-fenomeno-ovni\\\/#primaryimage\",\"url\":\"\",\"contentUrl\":\"\"},{\"@type\":\"BreadcrumbList\",\"@id\":\"https:\\\/\\\/periodicorealidades.com\\\/index.php\\\/2026\\\/02\\\/26\\\/mexico-investiga-vida-extraterrestre-esto-dijo-claudia-sheinbaum-pardo-sobre-el-fenomeno-ovni\\\/#breadcrumb\",\"itemListElement\":[{\"@type\":\"ListItem\",\"position\":1,\"name\":\"Inicio\",\"item\":\"https:\\\/\\\/periodicorealidades.com\\\/\"},{\"@type\":\"ListItem\",\"position\":2,\"name\":\"\u00bfM\u00e9xico investiga vida extraterrestre? Esto dijo Claudia Sheinbaum Pardo sobre el fen\u00f3meno OVNI\"}]},{\"@type\":\"WebSite\",\"@id\":\"https:\\\/\\\/periodicorealidades.com\\\/#website\",\"url\":\"https:\\\/\\\/periodicorealidades.com\\\/\",\"name\":\"Peri\u00f3dico Realidades\",\"description\":\"M\u00e9dio de comunicaci\u00f3n en Nayarit\",\"publisher\":{\"@id\":\"https:\\\/\\\/periodicorealidades.com\\\/#organization\"},\"potentialAction\":[{\"@type\":\"SearchAction\",\"target\":{\"@type\":\"EntryPoint\",\"urlTemplate\":\"https:\\\/\\\/periodicorealidades.com\\\/?s={search_term_string}\"},\"query-input\":{\"@type\":\"PropertyValueSpecification\",\"valueRequired\":true,\"valueName\":\"search_term_string\"}}],\"inLanguage\":\"es\"},{\"@type\":\"Organization\",\"@id\":\"https:\\\/\\\/periodicorealidades.com\\\/#organization\",\"name\":\"Peri\u00f3dico Realidades\",\"url\":\"https:\\\/\\\/periodicorealidades.com\\\/\",\"logo\":{\"@type\":\"ImageObject\",\"inLanguage\":\"es\",\"@id\":\"https:\\\/\\\/periodicorealidades.com\\\/#\\\/schema\\\/logo\\\/image\\\/\",\"url\":\"https:\\\/\\\/periodicorealidades.com\\\/wp-content\\\/uploads\\\/2023\\\/05\\\/r-prueba.png\",\"contentUrl\":\"https:\\\/\\\/periodicorealidades.com\\\/wp-content\\\/uploads\\\/2023\\\/05\\\/r-prueba.png\",\"width\":709,\"height\":709,\"caption\":\"Peri\u00f3dico Realidades\"},\"image\":{\"@id\":\"https:\\\/\\\/periodicorealidades.com\\\/#\\\/schema\\\/logo\\\/image\\\/\"},\"sameAs\":[\"https:\\\/\\\/www.facebook.com\\\/periodicorealidades.denayarit?mibextid=LQQJ4d\"]},{\"@type\":\"Person\",\"@id\":\"https:\\\/\\\/periodicorealidades.com\\\/#\\\/schema\\\/person\\\/ed60e33c6767be45db655d22ad0c15c4\",\"name\":\"Arcelia\",\"image\":{\"@type\":\"ImageObject\",\"inLanguage\":\"es\",\"@id\":\"https:\\\/\\\/secure.gravatar.com\\\/avatar\\\/36cdbbe591db4ecc4985aac5ab27b8093cf6488d3b664974f0cda2e38368b10d?s=96&d=mm&r=g\",\"url\":\"https:\\\/\\\/secure.gravatar.com\\\/avatar\\\/36cdbbe591db4ecc4985aac5ab27b8093cf6488d3b664974f0cda2e38368b10d?s=96&d=mm&r=g\",\"contentUrl\":\"https:\\\/\\\/secure.gravatar.com\\\/avatar\\\/36cdbbe591db4ecc4985aac5ab27b8093cf6488d3b664974f0cda2e38368b10d?s=96&d=mm&r=g\",\"caption\":\"Arcelia\"},\"url\":\"https:\\\/\\\/periodicorealidades.com\\\/index.php\\\/author\\\/editor-2\\\/\"}]}<\/script>\n<!-- \/ Yoast SEO plugin. -->","yoast_head_json":{"title":"\u00bfM\u00e9xico investiga vida extraterrestre? Esto dijo Claudia Sheinbaum Pardo sobre el fen\u00f3meno OVNI - Peri\u00f3dico Realidades","robots":{"index":"index","follow":"follow","max-snippet":"max-snippet:-1","max-image-preview":"max-image-preview:large","max-video-preview":"max-video-preview:-1"},"canonical":"https:\/\/periodicorealidades.com\/index.php\/2026\/02\/26\/mexico-investiga-vida-extraterrestre-esto-dijo-claudia-sheinbaum-pardo-sobre-el-fenomeno-ovni\/","og_locale":"es_MX","og_type":"article","og_title":"\u00bfM\u00e9xico investiga vida extraterrestre? Esto dijo Claudia Sheinbaum Pardo sobre el fen\u00f3meno OVNI - Peri\u00f3dico Realidades","og_description":"El Gobierno de M\u00e9xico se pronunci\u00f3 este mi\u00e9rcoles sobre el fen\u00f3meno OVNI (Objeto Volador No Identificado), tema que durante a\u00f1os ha generado especulaci\u00f3n y dudas en torno a la posible existencia de vida extraterrestre. Durante su conferencia matutina, la presidenta Claudia Sheinbaum Pardo fue cuestionada sobre si la Secretar\u00eda de la Defensa Nacional realiza investigaciones [&hellip;]","og_url":"https:\/\/periodicorealidades.com\/index.php\/2026\/02\/26\/mexico-investiga-vida-extraterrestre-esto-dijo-claudia-sheinbaum-pardo-sobre-el-fenomeno-ovni\/","og_site_name":"Peri\u00f3dico Realidades","article_publisher":"https:\/\/www.facebook.com\/periodicorealidades.denayarit?mibextid=LQQJ4d","article_published_time":"2026-02-26T23:08:32+00:00","article_modified_time":"2026-02-26T23:13:06+00:00","og_image":[{"width":300,"height":168,"url":"https:\/\/periodicorealidades.com\/wp-content\/uploads\/2026\/02\/image-315.png","type":"image\/png"}],"author":"Arcelia","twitter_card":"summary_large_image","twitter_misc":{"Escrito por":"Arcelia","Tiempo de lectura":"2 minutos"},"schema":{"@context":"https:\/\/schema.org","@graph":[{"@type":"Article","@id":"https:\/\/periodicorealidades.com\/index.php\/2026\/02\/26\/mexico-investiga-vida-extraterrestre-esto-dijo-claudia-sheinbaum-pardo-sobre-el-fenomeno-ovni\/#article","isPartOf":{"@id":"https:\/\/periodicorealidades.com\/index.php\/2026\/02\/26\/mexico-investiga-vida-extraterrestre-esto-dijo-claudia-sheinbaum-pardo-sobre-el-fenomeno-ovni\/"},"author":{"name":"Arcelia","@id":"https:\/\/periodicorealidades.com\/#\/schema\/person\/ed60e33c6767be45db655d22ad0c15c4"},"headline":"\u00bfM\u00e9xico investiga vida extraterrestre? Esto dijo Claudia Sheinbaum Pardo sobre el fen\u00f3meno OVNI","datePublished":"2026-02-26T23:08:32+00:00","dateModified":"2026-02-26T23:13:06+00:00","mainEntityOfPage":{"@id":"https:\/\/periodicorealidades.com\/index.php\/2026\/02\/26\/mexico-investiga-vida-extraterrestre-esto-dijo-claudia-sheinbaum-pardo-sobre-el-fenomeno-ovni\/"},"wordCount":266,"publisher":{"@id":"https:\/\/periodicorealidades.com\/#organization"},"image":{"@id":"https:\/\/periodicorealidades.com\/index.php\/2026\/02\/26\/mexico-investiga-vida-extraterrestre-esto-dijo-claudia-sheinbaum-pardo-sobre-el-fenomeno-ovni\/#primaryimage"},"thumbnailUrl":"https:\/\/periodicorealidades.com\/wp-content\/uploads\/2026\/02\/image-316.png","articleSection":["Internacional"],"inLanguage":"es"},{"@type":"WebPage","@id":"https:\/\/periodicorealidades.com\/index.php\/2026\/02\/26\/mexico-investiga-vida-extraterrestre-esto-dijo-claudia-sheinbaum-pardo-sobre-el-fenomeno-ovni\/","url":"https:\/\/periodicorealidades.com\/index.php\/2026\/02\/26\/mexico-investiga-vida-extraterrestre-esto-dijo-claudia-sheinbaum-pardo-sobre-el-fenomeno-ovni\/","name":"\u00bfM\u00e9xico investiga vida extraterrestre? Esto dijo Claudia Sheinbaum Pardo sobre el fen\u00f3meno OVNI - Peri\u00f3dico Realidades","isPartOf":{"@id":"https:\/\/periodicorealidades.com\/#website"},"primaryImageOfPage":{"@id":"https:\/\/periodicorealidades.com\/index.php\/2026\/02\/26\/mexico-investiga-vida-extraterrestre-esto-dijo-claudia-sheinbaum-pardo-sobre-el-fenomeno-ovni\/#primaryimage"},"image":{"@id":"https:\/\/periodicorealidades.com\/index.php\/2026\/02\/26\/mexico-investiga-vida-extraterrestre-esto-dijo-claudia-sheinbaum-pardo-sobre-el-fenomeno-ovni\/#primaryimage"},"thumbnailUrl":"https:\/\/periodicorealidades.com\/wp-content\/uploads\/2026\/02\/image-316.png","datePublished":"2026-02-26T23:08:32+00:00","dateModified":"2026-02-26T23:13:06+00:00","breadcrumb":{"@id":"https:\/\/periodicorealidades.com\/index.php\/2026\/02\/26\/mexico-investiga-vida-extraterrestre-esto-dijo-claudia-sheinbaum-pardo-sobre-el-fenomeno-ovni\/#breadcrumb"},"inLanguage":"es","potentialAction":[{"@type":"ReadAction","target":["https:\/\/periodicorealidades.com\/index.php\/2026\/02\/26\/mexico-investiga-vida-extraterrestre-esto-dijo-claudia-sheinbaum-pardo-sobre-el-fenomeno-ovni\/"]}]},{"@type":"ImageObject","inLanguage":"es","@id":"https:\/\/periodicorealidades.com\/index.php\/2026\/02\/26\/mexico-investiga-vida-extraterrestre-esto-dijo-claudia-sheinbaum-pardo-sobre-el-fenomeno-ovni\/#primaryimage","url":"","contentUrl":""},{"@type":"BreadcrumbList","@id":"https:\/\/periodicorealidades.com\/index.php\/2026\/02\/26\/mexico-investiga-vida-extraterrestre-esto-dijo-claudia-sheinbaum-pardo-sobre-el-fenomeno-ovni\/#breadcrumb","itemListElement":[{"@type":"ListItem","position":1,"name":"Inicio","item":"https:\/\/periodicorealidades.com\/"},{"@type":"ListItem","position":2,"name":"\u00bfM\u00e9xico investiga vida extraterrestre? Esto dijo Claudia Sheinbaum Pardo sobre el fen\u00f3meno OVNI"}]},{"@type":"WebSite","@id":"https:\/\/periodicorealidades.com\/#website","url":"https:\/\/periodicorealidades.com\/","name":"Peri\u00f3dico Realidades","description":"M\u00e9dio de comunicaci\u00f3n en Nayarit","publisher":{"@id":"https:\/\/periodicorealidades.com\/#organization"},"potentialAction":[{"@type":"SearchAction","target":{"@type":"EntryPoint","urlTemplate":"https:\/\/periodicorealidades.com\/?s={search_term_string}"},"query-input":{"@type":"PropertyValueSpecification","valueRequired":true,"valueName":"search_term_string"}}],"inLanguage":"es"},{"@type":"Organization","@id":"https:\/\/periodicorealidades.com\/#organization","name":"Peri\u00f3dico Realidades","url":"https:\/\/periodicorealidades.com\/","logo":{"@type":"ImageObject","inLanguage":"es","@id":"https:\/\/periodicorealidades.com\/#\/schema\/logo\/image\/","url":"https:\/\/periodicorealidades.com\/wp-content\/uploads\/2023\/05\/r-prueba.png","contentUrl":"https:\/\/periodicorealidades.com\/wp-content\/uploads\/2023\/05\/r-prueba.png","width":709,"height":709,"caption":"Peri\u00f3dico Realidades"},"image":{"@id":"https:\/\/periodicorealidades.com\/#\/schema\/logo\/image\/"},"sameAs":["https:\/\/www.facebook.com\/periodicorealidades.denayarit?mibextid=LQQJ4d"]},{"@type":"Person","@id":"https:\/\/periodicorealidades.com\/#\/schema\/person\/ed60e33c6767be45db655d22ad0c15c4","name":"Arcelia","image":{"@type":"ImageObject","inLanguage":"es","@id":"https:\/\/secure.gravatar.com\/avatar\/36cdbbe591db4ecc4985aac5ab27b8093cf6488d3b664974f0cda2e38368b10d?s=96&d=mm&r=g","url":"https:\/\/secure.gravatar.com\/avatar\/36cdbbe591db4ecc4985aac5ab27b8093cf6488d3b664974f0cda2e38368b10d?s=96&d=mm&r=g","contentUrl":"https:\/\/secure.gravatar.com\/avatar\/36cdbbe591db4ecc4985aac5ab27b8093cf6488d3b664974f0cda2e38368b10d?s=96&d=mm&r=g","caption":"Arcelia"},"url":"https:\/\/periodicorealidades.com\/index.php\/author\/editor-2\/"}]}},"_links":{"self":[{"href":"https:\/\/periodicorealidades.com\/index.php\/wp-json\/wp\/v2\/posts\/64230","targetHints":{"allow":["GET"]}}],"collection":[{"href":"https:\/\/periodicorealidades.com\/index.php\/wp-json\/wp\/v2\/posts"}],"about":[{"href":"https:\/\/periodicorealidades.com\/index.php\/wp-json\/wp\/v2\/types\/post"}],"author":[{"embeddable":true,"href":"https:\/\/periodicorealidades.com\/index.php\/wp-json\/wp\/v2\/users\/4"}],"replies":[{"embeddable":true,"href":"https:\/\/periodicorealidades.com\/index.php\/wp-json\/wp\/v2\/comments?post=64230"}],"version-history":[{"count":0,"href":"https:\/\/periodicorealidades.com\/index.php\/wp-json\/wp\/v2\/posts\/64230\/revisions"}],"wp:attachment":[{"href":"https:\/\/periodicorealidades.com\/index.php\/wp-json\/wp\/v2\/media?parent=64230"}],"wp:term":[{"taxonomy":"category","embeddable":true,"href":"https:\/\/periodicorealidades.com\/index.php\/wp-json\/wp\/v2\/categories?post=64230"},{"taxonomy":"post_tag","embeddable":true,"href":"https:\/\/periodicorealidades.com\/index.php\/wp-json\/wp\/v2\/tags?post=64230"}],"curies":[{"name":"wp","href":"https:\/\/api.w.org\/{rel}","templated":true}]}}