{"id":64236,"date":"2026-02-26T17:22:07","date_gmt":"2026-02-27T00:22:07","guid":{"rendered":"https:\/\/periodicorealidades.com\/?p=64236"},"modified":"2026-02-26T17:22:07","modified_gmt":"2026-02-27T00:22:07","slug":"hillary-clinton-niega-relacion-o-conocimiento-de-los-delitos-de-jeffrey-epstein","status":"publish","type":"post","link":"https:\/\/periodicorealidades.com\/index.php\/2026\/02\/26\/hillary-clinton-niega-relacion-o-conocimiento-de-los-delitos-de-jeffrey-epstein\/","title":{"rendered":"Hillary Clinton niega relaci\u00f3n o conocimiento de los delitos de Jeffrey Epstein"},"content":{"rendered":"\n<p class=\"wp-block-paragraph\">La exsecretaria de Estado y exprimera dama de Estados Unidos, Hillary Clinton, compareci\u00f3 este jueves ante el Comit\u00e9 de Supervisi\u00f3n de la C\u00e1mara de Representantes para declarar sobre presuntos v\u00ednculos con el fallecido financiero Jeffrey Epstein. Durante su testimonio, realizado a puerta cerrada en Nueva York, Clinton asegur\u00f3 no haber conocido al delincuente sexual ni haber tenido conocimiento de sus actividades il\u00edcitas.<\/p>\n\n\n\n<p class=\"wp-block-paragraph\">Tras la audiencia, Clinton difundi\u00f3 en redes sociales el discurso inicial que present\u00f3 ante los legisladores, en el que reiter\u00f3 que no existi\u00f3 relaci\u00f3n alguna con Epstein. \u201cNo recuerdo haberme encontrado nunca con el se\u00f1or Epstein. Nunca vol\u00e9 en su avi\u00f3n ni visit\u00e9 su isla, sus casas ni sus oficinas. No tengo nada que a\u00f1adir\u201d, declar\u00f3.<\/p>\n\n\n\n<p class=\"wp-block-paragraph\">La tambi\u00e9n esposa del expresidente Bill Clinton \u2014quien est\u00e1 citado a declarar este viernes\u2014 acus\u00f3 al comit\u00e9, controlado por los republicanos, de haberla convocado para \u201cdistraer la atenci\u00f3n\u201d y \u201cencubrir\u201d las actividades del presidente Donald Trump, a quien se\u00f1al\u00f3 por haber tenido relaci\u00f3n con Epstein.<\/p>\n\n\n\n<figure class=\"wp-block-image size-full\"><img decoding=\"async\" src=\"https:\/\/periodicorealidades.com\/wp-content\/uploads\/2026\/02\/image-321.png\" alt=\"\" class=\"wp-image-64238\"\/><\/figure>\n\n\n\n<p class=\"wp-block-paragraph\">Clinton subray\u00f3 que desconoc\u00eda por completo las actividades criminales del magnate, quien falleci\u00f3 en prisi\u00f3n en 2019. \u201cComo cualquier persona decente, me horroriz\u00f3 cuando conoc\u00ed sus cr\u00edmenes\u201d, expres\u00f3, y calific\u00f3 el caso como \u201cuna tragedia\u201d y \u201cun esc\u00e1ndalo\u201d que merece una investigaci\u00f3n exhaustiva. No obstante, denunci\u00f3 que el comit\u00e9 no ha citado a los \u201cverdaderos implicados\u201d.<\/p>\n\n\n\n<p class=\"wp-block-paragraph\">El interrogatorio se realiz\u00f3 en Chappaqua, Nueva York, localidad donde residen los Clinton, un d\u00eda antes de la comparecencia del exmandatario. Aunque inicialmente la expareja presidencial se neg\u00f3 a testificar ante el Congreso, la amenaza de enfrentar cargos por desacato los llev\u00f3 a aceptar la comparecencia.<\/p>\n\n\n\n<p class=\"wp-block-paragraph\">Desde entonces, ambos han solicitado que su testimonio sea p\u00fablico, asegurando que no tienen nada que ocultar. Bill Clinton ha reconocido haber realizado varios viajes a inicios de la d\u00e9cada de los 2000 en el avi\u00f3n privado de Epstein por motivos filantr\u00f3picos, pero ha negado haber tenido conocimiento de sus delitos.<\/p>\n\n\n\n<p class=\"wp-block-paragraph\">Por su parte, Hillary Clinton afirm\u00f3 que no conoci\u00f3 personalmente a Epstein, aunque reconoci\u00f3 haber coincidido en diversas ocasiones con su c\u00f3mplice, Ghislaine Maxwell, condenada a 20 a\u00f1os de prisi\u00f3n, en eventos relacionados con la Fundaci\u00f3n Clinton.<\/p>\n","protected":false},"excerpt":{"rendered":"<p>La exsecretaria de Estado y exprimera dama de Estados Unidos, Hillary Clinton, compareci\u00f3 este jueves ante el Comit\u00e9 de Supervisi\u00f3n de la C\u00e1mara de Representantes para declarar sobre presuntos v\u00ednculos con el fallecido financiero Jeffrey Epstein. Durante su testimonio, realizado a puerta cerrada en Nueva York, Clinton asegur\u00f3 no haber conocido al delincuente sexual ni [&hellip;]<\/p>\n","protected":false},"author":4,"featured_media":0,"comment_status":"closed","ping_status":"open","sticky":false,"template":"","format":"standard","meta":{"footnotes":""},"categories":[13],"tags":[],"class_list":["post-64236","post","type-post","status-publish","format-standard","category-internacional"],"yoast_head":"<!-- This site is optimized with the Yoast SEO plugin v28.3 - https:\/\/yoast.com\/product\/yoast-seo-wordpress\/ -->\n<title>Hillary Clinton niega relaci\u00f3n o conocimiento de los delitos de Jeffrey Epstein - Peri\u00f3dico Realidades<\/title>\n<meta name=\"robots\" content=\"index, follow, max-snippet:-1, max-image-preview:large, max-video-preview:-1\" \/>\n<link rel=\"canonical\" href=\"https:\/\/periodicorealidades.com\/?p=64236\" \/>\n<meta property=\"og:locale\" content=\"es_MX\" \/>\n<meta property=\"og:type\" content=\"article\" \/>\n<meta property=\"og:title\" content=\"Hillary Clinton niega relaci\u00f3n o conocimiento de los delitos de Jeffrey Epstein - Peri\u00f3dico Realidades\" \/>\n<meta property=\"og:description\" content=\"La exsecretaria de Estado y exprimera dama de Estados Unidos, Hillary Clinton, compareci\u00f3 este jueves ante el Comit\u00e9 de Supervisi\u00f3n de la C\u00e1mara de Representantes para declarar sobre presuntos v\u00ednculos con el fallecido financiero Jeffrey Epstein. Durante su testimonio, realizado a puerta cerrada en Nueva York, Clinton asegur\u00f3 no haber conocido al delincuente sexual ni [&hellip;]\" \/>\n<meta property=\"og:url\" content=\"https:\/\/periodicorealidades.com\/?p=64236\" \/>\n<meta property=\"og:site_name\" content=\"Peri\u00f3dico Realidades\" \/>\n<meta property=\"article:publisher\" content=\"https:\/\/www.facebook.com\/periodicorealidades.denayarit?mibextid=LQQJ4d\" \/>\n<meta property=\"article:published_time\" content=\"2026-02-27T00:22:07+00:00\" \/>\n<meta property=\"og:image\" content=\"https:\/\/periodicorealidades.com\/wp-content\/uploads\/2026\/02\/image-321.png\" \/>\n<meta name=\"author\" content=\"Arcelia\" \/>\n<meta name=\"twitter:card\" content=\"summary_large_image\" \/>\n<meta name=\"twitter:label1\" content=\"Escrito por\" \/>\n\t<meta name=\"twitter:data1\" content=\"Arcelia\" \/>\n\t<meta name=\"twitter:label2\" content=\"Tiempo de lectura\" \/>\n\t<meta name=\"twitter:data2\" content=\"2 minutos\" \/>\n<script type=\"application\/ld+json\" class=\"yoast-schema-graph\">{\"@context\":\"https:\\\/\\\/schema.org\",\"@graph\":[{\"@type\":\"Article\",\"@id\":\"https:\\\/\\\/periodicorealidades.com\\\/?p=64236#article\",\"isPartOf\":{\"@id\":\"https:\\\/\\\/periodicorealidades.com\\\/?p=64236\"},\"author\":{\"name\":\"Arcelia\",\"@id\":\"https:\\\/\\\/periodicorealidades.com\\\/#\\\/schema\\\/person\\\/ed60e33c6767be45db655d22ad0c15c4\"},\"headline\":\"Hillary Clinton niega relaci\u00f3n o conocimiento de los delitos de Jeffrey Epstein\",\"datePublished\":\"2026-02-27T00:22:07+00:00\",\"mainEntityOfPage\":{\"@id\":\"https:\\\/\\\/periodicorealidades.com\\\/?p=64236\"},\"wordCount\":389,\"publisher\":{\"@id\":\"https:\\\/\\\/periodicorealidades.com\\\/#organization\"},\"image\":{\"@id\":\"https:\\\/\\\/periodicorealidades.com\\\/?p=64236#primaryimage\"},\"thumbnailUrl\":\"https:\\\/\\\/periodicorealidades.com\\\/wp-content\\\/uploads\\\/2026\\\/02\\\/image-321.png\",\"articleSection\":[\"Internacional\"],\"inLanguage\":\"es\"},{\"@type\":\"WebPage\",\"@id\":\"https:\\\/\\\/periodicorealidades.com\\\/?p=64236\",\"url\":\"https:\\\/\\\/periodicorealidades.com\\\/?p=64236\",\"name\":\"Hillary Clinton niega relaci\u00f3n o conocimiento de los delitos de Jeffrey Epstein - Peri\u00f3dico Realidades\",\"isPartOf\":{\"@id\":\"https:\\\/\\\/periodicorealidades.com\\\/#website\"},\"primaryImageOfPage\":{\"@id\":\"https:\\\/\\\/periodicorealidades.com\\\/?p=64236#primaryimage\"},\"image\":{\"@id\":\"https:\\\/\\\/periodicorealidades.com\\\/?p=64236#primaryimage\"},\"thumbnailUrl\":\"https:\\\/\\\/periodicorealidades.com\\\/wp-content\\\/uploads\\\/2026\\\/02\\\/image-321.png\",\"datePublished\":\"2026-02-27T00:22:07+00:00\",\"breadcrumb\":{\"@id\":\"https:\\\/\\\/periodicorealidades.com\\\/?p=64236#breadcrumb\"},\"inLanguage\":\"es\",\"potentialAction\":[{\"@type\":\"ReadAction\",\"target\":[\"https:\\\/\\\/periodicorealidades.com\\\/?p=64236\"]}]},{\"@type\":\"ImageObject\",\"inLanguage\":\"es\",\"@id\":\"https:\\\/\\\/periodicorealidades.com\\\/?p=64236#primaryimage\",\"url\":\"\",\"contentUrl\":\"\"},{\"@type\":\"BreadcrumbList\",\"@id\":\"https:\\\/\\\/periodicorealidades.com\\\/?p=64236#breadcrumb\",\"itemListElement\":[{\"@type\":\"ListItem\",\"position\":1,\"name\":\"Inicio\",\"item\":\"https:\\\/\\\/periodicorealidades.com\\\/\"},{\"@type\":\"ListItem\",\"position\":2,\"name\":\"illary Clinton niega relaci\u00f3n o conocimiento de los delitos de Jeffrey Epstein\"}]},{\"@type\":\"WebSite\",\"@id\":\"https:\\\/\\\/periodicorealidades.com\\\/#website\",\"url\":\"https:\\\/\\\/periodicorealidades.com\\\/\",\"name\":\"Peri\u00f3dico Realidades\",\"description\":\"M\u00e9dio de comunicaci\u00f3n en Nayarit\",\"publisher\":{\"@id\":\"https:\\\/\\\/periodicorealidades.com\\\/#organization\"},\"potentialAction\":[{\"@type\":\"SearchAction\",\"target\":{\"@type\":\"EntryPoint\",\"urlTemplate\":\"https:\\\/\\\/periodicorealidades.com\\\/?s={search_term_string}\"},\"query-input\":{\"@type\":\"PropertyValueSpecification\",\"valueRequired\":true,\"valueName\":\"search_term_string\"}}],\"inLanguage\":\"es\"},{\"@type\":\"Organization\",\"@id\":\"https:\\\/\\\/periodicorealidades.com\\\/#organization\",\"name\":\"Peri\u00f3dico Realidades\",\"url\":\"https:\\\/\\\/periodicorealidades.com\\\/\",\"logo\":{\"@type\":\"ImageObject\",\"inLanguage\":\"es\",\"@id\":\"https:\\\/\\\/periodicorealidades.com\\\/#\\\/schema\\\/logo\\\/image\\\/\",\"url\":\"https:\\\/\\\/periodicorealidades.com\\\/wp-content\\\/uploads\\\/2023\\\/05\\\/r-prueba.png\",\"contentUrl\":\"https:\\\/\\\/periodicorealidades.com\\\/wp-content\\\/uploads\\\/2023\\\/05\\\/r-prueba.png\",\"width\":709,\"height\":709,\"caption\":\"Peri\u00f3dico Realidades\"},\"image\":{\"@id\":\"https:\\\/\\\/periodicorealidades.com\\\/#\\\/schema\\\/logo\\\/image\\\/\"},\"sameAs\":[\"https:\\\/\\\/www.facebook.com\\\/periodicorealidades.denayarit?mibextid=LQQJ4d\"]},{\"@type\":\"Person\",\"@id\":\"https:\\\/\\\/periodicorealidades.com\\\/#\\\/schema\\\/person\\\/ed60e33c6767be45db655d22ad0c15c4\",\"name\":\"Arcelia\",\"image\":{\"@type\":\"ImageObject\",\"inLanguage\":\"es\",\"@id\":\"https:\\\/\\\/secure.gravatar.com\\\/avatar\\\/36cdbbe591db4ecc4985aac5ab27b8093cf6488d3b664974f0cda2e38368b10d?s=96&d=mm&r=g\",\"url\":\"https:\\\/\\\/secure.gravatar.com\\\/avatar\\\/36cdbbe591db4ecc4985aac5ab27b8093cf6488d3b664974f0cda2e38368b10d?s=96&d=mm&r=g\",\"contentUrl\":\"https:\\\/\\\/secure.gravatar.com\\\/avatar\\\/36cdbbe591db4ecc4985aac5ab27b8093cf6488d3b664974f0cda2e38368b10d?s=96&d=mm&r=g\",\"caption\":\"Arcelia\"},\"url\":\"https:\\\/\\\/periodicorealidades.com\\\/index.php\\\/author\\\/editor-2\\\/\"}]}<\/script>\n<!-- \/ Yoast SEO plugin. -->","yoast_head_json":{"title":"Hillary Clinton niega relaci\u00f3n o conocimiento de los delitos de Jeffrey Epstein - Peri\u00f3dico Realidades","robots":{"index":"index","follow":"follow","max-snippet":"max-snippet:-1","max-image-preview":"max-image-preview:large","max-video-preview":"max-video-preview:-1"},"canonical":"https:\/\/periodicorealidades.com\/?p=64236","og_locale":"es_MX","og_type":"article","og_title":"Hillary Clinton niega relaci\u00f3n o conocimiento de los delitos de Jeffrey Epstein - Peri\u00f3dico Realidades","og_description":"La exsecretaria de Estado y exprimera dama de Estados Unidos, Hillary Clinton, compareci\u00f3 este jueves ante el Comit\u00e9 de Supervisi\u00f3n de la C\u00e1mara de Representantes para declarar sobre presuntos v\u00ednculos con el fallecido financiero Jeffrey Epstein. Durante su testimonio, realizado a puerta cerrada en Nueva York, Clinton asegur\u00f3 no haber conocido al delincuente sexual ni [&hellip;]","og_url":"https:\/\/periodicorealidades.com\/?p=64236","og_site_name":"Peri\u00f3dico Realidades","article_publisher":"https:\/\/www.facebook.com\/periodicorealidades.denayarit?mibextid=LQQJ4d","article_published_time":"2026-02-27T00:22:07+00:00","og_image":[{"url":"https:\/\/periodicorealidades.com\/wp-content\/uploads\/2026\/02\/image-321.png","type":"","width":"","height":""}],"author":"Arcelia","twitter_card":"summary_large_image","twitter_misc":{"Escrito por":"Arcelia","Tiempo de lectura":"2 minutos"},"schema":{"@context":"https:\/\/schema.org","@graph":[{"@type":"Article","@id":"https:\/\/periodicorealidades.com\/?p=64236#article","isPartOf":{"@id":"https:\/\/periodicorealidades.com\/?p=64236"},"author":{"name":"Arcelia","@id":"https:\/\/periodicorealidades.com\/#\/schema\/person\/ed60e33c6767be45db655d22ad0c15c4"},"headline":"Hillary Clinton niega relaci\u00f3n o conocimiento de los delitos de Jeffrey Epstein","datePublished":"2026-02-27T00:22:07+00:00","mainEntityOfPage":{"@id":"https:\/\/periodicorealidades.com\/?p=64236"},"wordCount":389,"publisher":{"@id":"https:\/\/periodicorealidades.com\/#organization"},"image":{"@id":"https:\/\/periodicorealidades.com\/?p=64236#primaryimage"},"thumbnailUrl":"https:\/\/periodicorealidades.com\/wp-content\/uploads\/2026\/02\/image-321.png","articleSection":["Internacional"],"inLanguage":"es"},{"@type":"WebPage","@id":"https:\/\/periodicorealidades.com\/?p=64236","url":"https:\/\/periodicorealidades.com\/?p=64236","name":"Hillary Clinton niega relaci\u00f3n o conocimiento de los delitos de Jeffrey Epstein - Peri\u00f3dico Realidades","isPartOf":{"@id":"https:\/\/periodicorealidades.com\/#website"},"primaryImageOfPage":{"@id":"https:\/\/periodicorealidades.com\/?p=64236#primaryimage"},"image":{"@id":"https:\/\/periodicorealidades.com\/?p=64236#primaryimage"},"thumbnailUrl":"https:\/\/periodicorealidades.com\/wp-content\/uploads\/2026\/02\/image-321.png","datePublished":"2026-02-27T00:22:07+00:00","breadcrumb":{"@id":"https:\/\/periodicorealidades.com\/?p=64236#breadcrumb"},"inLanguage":"es","potentialAction":[{"@type":"ReadAction","target":["https:\/\/periodicorealidades.com\/?p=64236"]}]},{"@type":"ImageObject","inLanguage":"es","@id":"https:\/\/periodicorealidades.com\/?p=64236#primaryimage","url":"","contentUrl":""},{"@type":"BreadcrumbList","@id":"https:\/\/periodicorealidades.com\/?p=64236#breadcrumb","itemListElement":[{"@type":"ListItem","position":1,"name":"Inicio","item":"https:\/\/periodicorealidades.com\/"},{"@type":"ListItem","position":2,"name":"illary Clinton niega relaci\u00f3n o conocimiento de los delitos de Jeffrey Epstein"}]},{"@type":"WebSite","@id":"https:\/\/periodicorealidades.com\/#website","url":"https:\/\/periodicorealidades.com\/","name":"Peri\u00f3dico Realidades","description":"M\u00e9dio de comunicaci\u00f3n en Nayarit","publisher":{"@id":"https:\/\/periodicorealidades.com\/#organization"},"potentialAction":[{"@type":"SearchAction","target":{"@type":"EntryPoint","urlTemplate":"https:\/\/periodicorealidades.com\/?s={search_term_string}"},"query-input":{"@type":"PropertyValueSpecification","valueRequired":true,"valueName":"search_term_string"}}],"inLanguage":"es"},{"@type":"Organization","@id":"https:\/\/periodicorealidades.com\/#organization","name":"Peri\u00f3dico Realidades","url":"https:\/\/periodicorealidades.com\/","logo":{"@type":"ImageObject","inLanguage":"es","@id":"https:\/\/periodicorealidades.com\/#\/schema\/logo\/image\/","url":"https:\/\/periodicorealidades.com\/wp-content\/uploads\/2023\/05\/r-prueba.png","contentUrl":"https:\/\/periodicorealidades.com\/wp-content\/uploads\/2023\/05\/r-prueba.png","width":709,"height":709,"caption":"Peri\u00f3dico Realidades"},"image":{"@id":"https:\/\/periodicorealidades.com\/#\/schema\/logo\/image\/"},"sameAs":["https:\/\/www.facebook.com\/periodicorealidades.denayarit?mibextid=LQQJ4d"]},{"@type":"Person","@id":"https:\/\/periodicorealidades.com\/#\/schema\/person\/ed60e33c6767be45db655d22ad0c15c4","name":"Arcelia","image":{"@type":"ImageObject","inLanguage":"es","@id":"https:\/\/secure.gravatar.com\/avatar\/36cdbbe591db4ecc4985aac5ab27b8093cf6488d3b664974f0cda2e38368b10d?s=96&d=mm&r=g","url":"https:\/\/secure.gravatar.com\/avatar\/36cdbbe591db4ecc4985aac5ab27b8093cf6488d3b664974f0cda2e38368b10d?s=96&d=mm&r=g","contentUrl":"https:\/\/secure.gravatar.com\/avatar\/36cdbbe591db4ecc4985aac5ab27b8093cf6488d3b664974f0cda2e38368b10d?s=96&d=mm&r=g","caption":"Arcelia"},"url":"https:\/\/periodicorealidades.com\/index.php\/author\/editor-2\/"}]}},"_links":{"self":[{"href":"https:\/\/periodicorealidades.com\/index.php\/wp-json\/wp\/v2\/posts\/64236","targetHints":{"allow":["GET"]}}],"collection":[{"href":"https:\/\/periodicorealidades.com\/index.php\/wp-json\/wp\/v2\/posts"}],"about":[{"href":"https:\/\/periodicorealidades.com\/index.php\/wp-json\/wp\/v2\/types\/post"}],"author":[{"embeddable":true,"href":"https:\/\/periodicorealidades.com\/index.php\/wp-json\/wp\/v2\/users\/4"}],"replies":[{"embeddable":true,"href":"https:\/\/periodicorealidades.com\/index.php\/wp-json\/wp\/v2\/comments?post=64236"}],"version-history":[{"count":0,"href":"https:\/\/periodicorealidades.com\/index.php\/wp-json\/wp\/v2\/posts\/64236\/revisions"}],"wp:attachment":[{"href":"https:\/\/periodicorealidades.com\/index.php\/wp-json\/wp\/v2\/media?parent=64236"}],"wp:term":[{"taxonomy":"category","embeddable":true,"href":"https:\/\/periodicorealidades.com\/index.php\/wp-json\/wp\/v2\/categories?post=64236"},{"taxonomy":"post_tag","embeddable":true,"href":"https:\/\/periodicorealidades.com\/index.php\/wp-json\/wp\/v2\/tags?post=64236"}],"curies":[{"name":"wp","href":"https:\/\/api.w.org\/{rel}","templated":true}]}}