{"id":64244,"date":"2026-02-26T22:03:13","date_gmt":"2026-02-27T05:03:13","guid":{"rendered":"https:\/\/periodicorealidades.com\/?p=64244"},"modified":"2026-02-26T22:03:17","modified_gmt":"2026-02-27T05:03:17","slug":"tv-azteca-al-borde-de-la-quiebra-se-va-a-concurso-mercantil","status":"publish","type":"post","link":"https:\/\/periodicorealidades.com\/index.php\/2026\/02\/26\/tv-azteca-al-borde-de-la-quiebra-se-va-a-concurso-mercantil\/","title":{"rendered":"Tv Azteca al borde de la quiebra se va a concurso mercantil"},"content":{"rendered":"\n<p class=\"wp-block-paragraph\">TV Azteca anunci\u00f3 que entr\u00f3 en un proceso de concurso mercantil voluntario, mecanismo legal que permite a las empresas reordenar sus deudas antes de llegar a una posible quiebra.<\/p>\n\n\n\n<p class=\"wp-block-paragraph\">Por: Agencias<\/p>\n\n\n\n<p class=\"wp-block-paragraph\">Ciudad de M\u00e9xico; viernes, 27 de febrero del 2026.- De acuerdo con un comunicado emitido el 26 de febrero, los accionistas aprobaron la reorganizaci\u00f3n de los pasivos de la compa\u00f1\u00eda con el objetivo de ordenar sus obligaciones financieras bajo supervisi\u00f3n judicial y conforme a su capacidad de pago.<\/p>\n\n\n\n<p class=\"wp-block-paragraph\">Entre las razones expuestas por la televisora destacan cambios estructurales en el mercado, como la transformaci\u00f3n del ecosistema publicitario y el crecimiento del entorno digital. Asimismo, se\u00f1al\u00f3 la presi\u00f3n financiera derivada del pago de licencias en 2018, el impacto econ\u00f3mico provocado por la pandemia de Covid-19 y la liquidaci\u00f3n total de impuestos al Servicio de Administraci\u00f3n Tributaria (SAT) realizada en enero de este a\u00f1o.<\/p>\n\n\n\n<p class=\"wp-block-paragraph\">\u201cLa compa\u00f1\u00eda inici\u00f3 en 2021 un proceso responsable para reorganizar sus compromisos financieros, incluida su deuda en moneda extranjera. Desde entonces, ha privilegiado el di\u00e1logo para alcanzar un acuerdo justo, acorde con las circunstancias que atraviesa la empresa\u201d, se\u00f1al\u00f3 la firma en su posicionamiento.<\/p>\n\n\n\n<p class=\"wp-block-paragraph\">En ese sentido, TV Azteca inform\u00f3 que el pago total de impuestos al SAT represent\u00f3 \u201cotro impacto financiero significativo\u201d para la empresa.<\/p>\n\n\n\n<p class=\"wp-block-paragraph\">Por su parte, el director general, Rafael Rodr\u00edguez S\u00e1nchez, explic\u00f3 que el concurso mercantil es una herramienta jur\u00eddica que permite reordenar de manera estructurada y equitativa los pasivos de una compa\u00f1\u00eda, con el fin de preservar su valor y garantizar la continuidad de sus operaciones.<\/p>\n\n\n\n<p class=\"wp-block-paragraph\">\u201cEl objetivo es facilitar el cumplimiento ordenado de las obligaciones sin interrumpir el funcionamiento de la empresa\u201d, afirm\u00f3 el directivo.<\/p>\n\n\n\n<p class=\"wp-block-paragraph\">El concurso mercantil busca equilibrar los intereses de acreedores y de la compa\u00f1\u00eda, evitando un colapso desordenado y protegiendo tanto empleos como el tejido econ\u00f3mico relacionado con sus operaciones.<\/p>\n","protected":false},"excerpt":{"rendered":"<p>TV Azteca anunci\u00f3 que entr\u00f3 en un proceso de concurso mercantil voluntario, mecanismo legal que permite a las empresas reordenar sus deudas antes de llegar a una posible quiebra. Por: Agencias Ciudad de M\u00e9xico; viernes, 27 de febrero del 2026.- De acuerdo con un comunicado emitido el 26 de febrero, los accionistas aprobaron la reorganizaci\u00f3n [&hellip;]<\/p>\n","protected":false},"author":2,"featured_media":0,"comment_status":"closed","ping_status":"open","sticky":false,"template":"","format":"standard","meta":{"footnotes":""},"categories":[12,4],"tags":[],"class_list":["post-64244","post","type-post","status-publish","format-standard","category-nacional","category-principal"],"yoast_head":"<!-- This site is optimized with the Yoast SEO plugin v28.3 - https:\/\/yoast.com\/product\/yoast-seo-wordpress\/ -->\n<title>Tv Azteca al borde de la quiebra se va a concurso mercantil - Peri\u00f3dico Realidades<\/title>\n<meta name=\"robots\" content=\"index, follow, max-snippet:-1, max-image-preview:large, max-video-preview:-1\" \/>\n<link rel=\"canonical\" href=\"https:\/\/periodicorealidades.com\/index.php\/2026\/02\/26\/tv-azteca-al-borde-de-la-quiebra-se-va-a-concurso-mercantil\/\" \/>\n<meta property=\"og:locale\" content=\"es_MX\" \/>\n<meta property=\"og:type\" content=\"article\" \/>\n<meta property=\"og:title\" content=\"Tv Azteca al borde de la quiebra se va a concurso mercantil - Peri\u00f3dico Realidades\" \/>\n<meta property=\"og:description\" content=\"TV Azteca anunci\u00f3 que entr\u00f3 en un proceso de concurso mercantil voluntario, mecanismo legal que permite a las empresas reordenar sus deudas antes de llegar a una posible quiebra. Por: Agencias Ciudad de M\u00e9xico; viernes, 27 de febrero del 2026.- De acuerdo con un comunicado emitido el 26 de febrero, los accionistas aprobaron la reorganizaci\u00f3n [&hellip;]\" \/>\n<meta property=\"og:url\" content=\"https:\/\/periodicorealidades.com\/index.php\/2026\/02\/26\/tv-azteca-al-borde-de-la-quiebra-se-va-a-concurso-mercantil\/\" \/>\n<meta property=\"og:site_name\" content=\"Peri\u00f3dico Realidades\" \/>\n<meta property=\"article:publisher\" content=\"https:\/\/www.facebook.com\/periodicorealidades.denayarit?mibextid=LQQJ4d\" \/>\n<meta property=\"article:published_time\" content=\"2026-02-27T05:03:13+00:00\" \/>\n<meta property=\"article:modified_time\" content=\"2026-02-27T05:03:17+00:00\" \/>\n<meta property=\"og:image\" content=\"https:\/\/periodicorealidades.com\/wp-content\/uploads\/2026\/02\/tv-aZTECA.jpg\" \/>\n\t<meta property=\"og:image:width\" content=\"2000\" \/>\n\t<meta property=\"og:image:height\" content=\"1334\" \/>\n\t<meta property=\"og:image:type\" content=\"image\/jpeg\" \/>\n<meta name=\"author\" content=\"editor\" \/>\n<meta name=\"twitter:card\" content=\"summary_large_image\" \/>\n<meta name=\"twitter:label1\" content=\"Escrito por\" \/>\n\t<meta name=\"twitter:data1\" content=\"editor\" \/>\n\t<meta name=\"twitter:label2\" content=\"Tiempo de lectura\" \/>\n\t<meta name=\"twitter:data2\" content=\"2 minutos\" \/>\n<script type=\"application\/ld+json\" class=\"yoast-schema-graph\">{\"@context\":\"https:\\\/\\\/schema.org\",\"@graph\":[{\"@type\":\"Article\",\"@id\":\"https:\\\/\\\/periodicorealidades.com\\\/index.php\\\/2026\\\/02\\\/26\\\/tv-azteca-al-borde-de-la-quiebra-se-va-a-concurso-mercantil\\\/#article\",\"isPartOf\":{\"@id\":\"https:\\\/\\\/periodicorealidades.com\\\/index.php\\\/2026\\\/02\\\/26\\\/tv-azteca-al-borde-de-la-quiebra-se-va-a-concurso-mercantil\\\/\"},\"author\":{\"name\":\"editor\",\"@id\":\"https:\\\/\\\/periodicorealidades.com\\\/#\\\/schema\\\/person\\\/c27da34ee13acaec3162071a3e1c7832\"},\"headline\":\"Tv Azteca al borde de la quiebra se va a concurso mercantil\",\"datePublished\":\"2026-02-27T05:03:13+00:00\",\"dateModified\":\"2026-02-27T05:03:17+00:00\",\"mainEntityOfPage\":{\"@id\":\"https:\\\/\\\/periodicorealidades.com\\\/index.php\\\/2026\\\/02\\\/26\\\/tv-azteca-al-borde-de-la-quiebra-se-va-a-concurso-mercantil\\\/\"},\"wordCount\":331,\"publisher\":{\"@id\":\"https:\\\/\\\/periodicorealidades.com\\\/#organization\"},\"articleSection\":[\"Nacional\",\"Principal\"],\"inLanguage\":\"es\"},{\"@type\":\"WebPage\",\"@id\":\"https:\\\/\\\/periodicorealidades.com\\\/index.php\\\/2026\\\/02\\\/26\\\/tv-azteca-al-borde-de-la-quiebra-se-va-a-concurso-mercantil\\\/\",\"url\":\"https:\\\/\\\/periodicorealidades.com\\\/index.php\\\/2026\\\/02\\\/26\\\/tv-azteca-al-borde-de-la-quiebra-se-va-a-concurso-mercantil\\\/\",\"name\":\"Tv Azteca al borde de la quiebra se va a concurso mercantil - Peri\u00f3dico Realidades\",\"isPartOf\":{\"@id\":\"https:\\\/\\\/periodicorealidades.com\\\/#website\"},\"datePublished\":\"2026-02-27T05:03:13+00:00\",\"dateModified\":\"2026-02-27T05:03:17+00:00\",\"breadcrumb\":{\"@id\":\"https:\\\/\\\/periodicorealidades.com\\\/index.php\\\/2026\\\/02\\\/26\\\/tv-azteca-al-borde-de-la-quiebra-se-va-a-concurso-mercantil\\\/#breadcrumb\"},\"inLanguage\":\"es\",\"potentialAction\":[{\"@type\":\"ReadAction\",\"target\":[\"https:\\\/\\\/periodicorealidades.com\\\/index.php\\\/2026\\\/02\\\/26\\\/tv-azteca-al-borde-de-la-quiebra-se-va-a-concurso-mercantil\\\/\"]}]},{\"@type\":\"BreadcrumbList\",\"@id\":\"https:\\\/\\\/periodicorealidades.com\\\/index.php\\\/2026\\\/02\\\/26\\\/tv-azteca-al-borde-de-la-quiebra-se-va-a-concurso-mercantil\\\/#breadcrumb\",\"itemListElement\":[{\"@type\":\"ListItem\",\"position\":1,\"name\":\"Inicio\",\"item\":\"https:\\\/\\\/periodicorealidades.com\\\/\"},{\"@type\":\"ListItem\",\"position\":2,\"name\":\"Tv Azteca al borde de la quiebra se va a concurso mercantil\"}]},{\"@type\":\"WebSite\",\"@id\":\"https:\\\/\\\/periodicorealidades.com\\\/#website\",\"url\":\"https:\\\/\\\/periodicorealidades.com\\\/\",\"name\":\"Peri\u00f3dico Realidades\",\"description\":\"M\u00e9dio de comunicaci\u00f3n en Nayarit\",\"publisher\":{\"@id\":\"https:\\\/\\\/periodicorealidades.com\\\/#organization\"},\"potentialAction\":[{\"@type\":\"SearchAction\",\"target\":{\"@type\":\"EntryPoint\",\"urlTemplate\":\"https:\\\/\\\/periodicorealidades.com\\\/?s={search_term_string}\"},\"query-input\":{\"@type\":\"PropertyValueSpecification\",\"valueRequired\":true,\"valueName\":\"search_term_string\"}}],\"inLanguage\":\"es\"},{\"@type\":\"Organization\",\"@id\":\"https:\\\/\\\/periodicorealidades.com\\\/#organization\",\"name\":\"Peri\u00f3dico Realidades\",\"url\":\"https:\\\/\\\/periodicorealidades.com\\\/\",\"logo\":{\"@type\":\"ImageObject\",\"inLanguage\":\"es\",\"@id\":\"https:\\\/\\\/periodicorealidades.com\\\/#\\\/schema\\\/logo\\\/image\\\/\",\"url\":\"https:\\\/\\\/periodicorealidades.com\\\/wp-content\\\/uploads\\\/2023\\\/05\\\/r-prueba.png\",\"contentUrl\":\"https:\\\/\\\/periodicorealidades.com\\\/wp-content\\\/uploads\\\/2023\\\/05\\\/r-prueba.png\",\"width\":709,\"height\":709,\"caption\":\"Peri\u00f3dico Realidades\"},\"image\":{\"@id\":\"https:\\\/\\\/periodicorealidades.com\\\/#\\\/schema\\\/logo\\\/image\\\/\"},\"sameAs\":[\"https:\\\/\\\/www.facebook.com\\\/periodicorealidades.denayarit?mibextid=LQQJ4d\"]},{\"@type\":\"Person\",\"@id\":\"https:\\\/\\\/periodicorealidades.com\\\/#\\\/schema\\\/person\\\/c27da34ee13acaec3162071a3e1c7832\",\"name\":\"editor\",\"image\":{\"@type\":\"ImageObject\",\"inLanguage\":\"es\",\"@id\":\"https:\\\/\\\/secure.gravatar.com\\\/avatar\\\/dda3c3f59ea25f4b53cd53df977b0b2628039b17268e57c944a79a00e8a56e26?s=96&d=mm&r=g\",\"url\":\"https:\\\/\\\/secure.gravatar.com\\\/avatar\\\/dda3c3f59ea25f4b53cd53df977b0b2628039b17268e57c944a79a00e8a56e26?s=96&d=mm&r=g\",\"contentUrl\":\"https:\\\/\\\/secure.gravatar.com\\\/avatar\\\/dda3c3f59ea25f4b53cd53df977b0b2628039b17268e57c944a79a00e8a56e26?s=96&d=mm&r=g\",\"caption\":\"editor\"},\"url\":\"https:\\\/\\\/periodicorealidades.com\\\/index.php\\\/author\\\/editor\\\/\"}]}<\/script>\n<!-- \/ Yoast SEO plugin. -->","yoast_head_json":{"title":"Tv Azteca al borde de la quiebra se va a concurso mercantil - Peri\u00f3dico Realidades","robots":{"index":"index","follow":"follow","max-snippet":"max-snippet:-1","max-image-preview":"max-image-preview:large","max-video-preview":"max-video-preview:-1"},"canonical":"https:\/\/periodicorealidades.com\/index.php\/2026\/02\/26\/tv-azteca-al-borde-de-la-quiebra-se-va-a-concurso-mercantil\/","og_locale":"es_MX","og_type":"article","og_title":"Tv Azteca al borde de la quiebra se va a concurso mercantil - Peri\u00f3dico Realidades","og_description":"TV Azteca anunci\u00f3 que entr\u00f3 en un proceso de concurso mercantil voluntario, mecanismo legal que permite a las empresas reordenar sus deudas antes de llegar a una posible quiebra. Por: Agencias Ciudad de M\u00e9xico; viernes, 27 de febrero del 2026.- De acuerdo con un comunicado emitido el 26 de febrero, los accionistas aprobaron la reorganizaci\u00f3n [&hellip;]","og_url":"https:\/\/periodicorealidades.com\/index.php\/2026\/02\/26\/tv-azteca-al-borde-de-la-quiebra-se-va-a-concurso-mercantil\/","og_site_name":"Peri\u00f3dico Realidades","article_publisher":"https:\/\/www.facebook.com\/periodicorealidades.denayarit?mibextid=LQQJ4d","article_published_time":"2026-02-27T05:03:13+00:00","article_modified_time":"2026-02-27T05:03:17+00:00","og_image":[{"width":2000,"height":1334,"url":"https:\/\/periodicorealidades.com\/wp-content\/uploads\/2026\/02\/tv-aZTECA.jpg","type":"image\/jpeg"}],"author":"editor","twitter_card":"summary_large_image","twitter_misc":{"Escrito por":"editor","Tiempo de lectura":"2 minutos"},"schema":{"@context":"https:\/\/schema.org","@graph":[{"@type":"Article","@id":"https:\/\/periodicorealidades.com\/index.php\/2026\/02\/26\/tv-azteca-al-borde-de-la-quiebra-se-va-a-concurso-mercantil\/#article","isPartOf":{"@id":"https:\/\/periodicorealidades.com\/index.php\/2026\/02\/26\/tv-azteca-al-borde-de-la-quiebra-se-va-a-concurso-mercantil\/"},"author":{"name":"editor","@id":"https:\/\/periodicorealidades.com\/#\/schema\/person\/c27da34ee13acaec3162071a3e1c7832"},"headline":"Tv Azteca al borde de la quiebra se va a concurso mercantil","datePublished":"2026-02-27T05:03:13+00:00","dateModified":"2026-02-27T05:03:17+00:00","mainEntityOfPage":{"@id":"https:\/\/periodicorealidades.com\/index.php\/2026\/02\/26\/tv-azteca-al-borde-de-la-quiebra-se-va-a-concurso-mercantil\/"},"wordCount":331,"publisher":{"@id":"https:\/\/periodicorealidades.com\/#organization"},"articleSection":["Nacional","Principal"],"inLanguage":"es"},{"@type":"WebPage","@id":"https:\/\/periodicorealidades.com\/index.php\/2026\/02\/26\/tv-azteca-al-borde-de-la-quiebra-se-va-a-concurso-mercantil\/","url":"https:\/\/periodicorealidades.com\/index.php\/2026\/02\/26\/tv-azteca-al-borde-de-la-quiebra-se-va-a-concurso-mercantil\/","name":"Tv Azteca al borde de la quiebra se va a concurso mercantil - Peri\u00f3dico Realidades","isPartOf":{"@id":"https:\/\/periodicorealidades.com\/#website"},"datePublished":"2026-02-27T05:03:13+00:00","dateModified":"2026-02-27T05:03:17+00:00","breadcrumb":{"@id":"https:\/\/periodicorealidades.com\/index.php\/2026\/02\/26\/tv-azteca-al-borde-de-la-quiebra-se-va-a-concurso-mercantil\/#breadcrumb"},"inLanguage":"es","potentialAction":[{"@type":"ReadAction","target":["https:\/\/periodicorealidades.com\/index.php\/2026\/02\/26\/tv-azteca-al-borde-de-la-quiebra-se-va-a-concurso-mercantil\/"]}]},{"@type":"BreadcrumbList","@id":"https:\/\/periodicorealidades.com\/index.php\/2026\/02\/26\/tv-azteca-al-borde-de-la-quiebra-se-va-a-concurso-mercantil\/#breadcrumb","itemListElement":[{"@type":"ListItem","position":1,"name":"Inicio","item":"https:\/\/periodicorealidades.com\/"},{"@type":"ListItem","position":2,"name":"Tv Azteca al borde de la quiebra se va a concurso mercantil"}]},{"@type":"WebSite","@id":"https:\/\/periodicorealidades.com\/#website","url":"https:\/\/periodicorealidades.com\/","name":"Peri\u00f3dico Realidades","description":"M\u00e9dio de comunicaci\u00f3n en Nayarit","publisher":{"@id":"https:\/\/periodicorealidades.com\/#organization"},"potentialAction":[{"@type":"SearchAction","target":{"@type":"EntryPoint","urlTemplate":"https:\/\/periodicorealidades.com\/?s={search_term_string}"},"query-input":{"@type":"PropertyValueSpecification","valueRequired":true,"valueName":"search_term_string"}}],"inLanguage":"es"},{"@type":"Organization","@id":"https:\/\/periodicorealidades.com\/#organization","name":"Peri\u00f3dico Realidades","url":"https:\/\/periodicorealidades.com\/","logo":{"@type":"ImageObject","inLanguage":"es","@id":"https:\/\/periodicorealidades.com\/#\/schema\/logo\/image\/","url":"https:\/\/periodicorealidades.com\/wp-content\/uploads\/2023\/05\/r-prueba.png","contentUrl":"https:\/\/periodicorealidades.com\/wp-content\/uploads\/2023\/05\/r-prueba.png","width":709,"height":709,"caption":"Peri\u00f3dico Realidades"},"image":{"@id":"https:\/\/periodicorealidades.com\/#\/schema\/logo\/image\/"},"sameAs":["https:\/\/www.facebook.com\/periodicorealidades.denayarit?mibextid=LQQJ4d"]},{"@type":"Person","@id":"https:\/\/periodicorealidades.com\/#\/schema\/person\/c27da34ee13acaec3162071a3e1c7832","name":"editor","image":{"@type":"ImageObject","inLanguage":"es","@id":"https:\/\/secure.gravatar.com\/avatar\/dda3c3f59ea25f4b53cd53df977b0b2628039b17268e57c944a79a00e8a56e26?s=96&d=mm&r=g","url":"https:\/\/secure.gravatar.com\/avatar\/dda3c3f59ea25f4b53cd53df977b0b2628039b17268e57c944a79a00e8a56e26?s=96&d=mm&r=g","contentUrl":"https:\/\/secure.gravatar.com\/avatar\/dda3c3f59ea25f4b53cd53df977b0b2628039b17268e57c944a79a00e8a56e26?s=96&d=mm&r=g","caption":"editor"},"url":"https:\/\/periodicorealidades.com\/index.php\/author\/editor\/"}]}},"_links":{"self":[{"href":"https:\/\/periodicorealidades.com\/index.php\/wp-json\/wp\/v2\/posts\/64244","targetHints":{"allow":["GET"]}}],"collection":[{"href":"https:\/\/periodicorealidades.com\/index.php\/wp-json\/wp\/v2\/posts"}],"about":[{"href":"https:\/\/periodicorealidades.com\/index.php\/wp-json\/wp\/v2\/types\/post"}],"author":[{"embeddable":true,"href":"https:\/\/periodicorealidades.com\/index.php\/wp-json\/wp\/v2\/users\/2"}],"replies":[{"embeddable":true,"href":"https:\/\/periodicorealidades.com\/index.php\/wp-json\/wp\/v2\/comments?post=64244"}],"version-history":[{"count":0,"href":"https:\/\/periodicorealidades.com\/index.php\/wp-json\/wp\/v2\/posts\/64244\/revisions"}],"wp:attachment":[{"href":"https:\/\/periodicorealidades.com\/index.php\/wp-json\/wp\/v2\/media?parent=64244"}],"wp:term":[{"taxonomy":"category","embeddable":true,"href":"https:\/\/periodicorealidades.com\/index.php\/wp-json\/wp\/v2\/categories?post=64244"},{"taxonomy":"post_tag","embeddable":true,"href":"https:\/\/periodicorealidades.com\/index.php\/wp-json\/wp\/v2\/tags?post=64244"}],"curies":[{"name":"wp","href":"https:\/\/api.w.org\/{rel}","templated":true}]}}