{"id":77698,"date":"2026-08-30T22:18:41","date_gmt":"2026-08-31T05:18:41","guid":{"rendered":"https:\/\/periodicorealidades.com\/?p=77698"},"modified":"2026-08-30T22:18:42","modified_gmt":"2026-08-31T05:18:42","slug":"analizan-regular-uso-de-drones-en-todo-nayarit","status":"publish","type":"post","link":"https:\/\/periodicorealidades.com\/index.php\/2026\/08\/30\/analizan-regular-uso-de-drones-en-todo-nayarit\/","title":{"rendered":"Analizan regular uso de drones en todo Nayarit"},"content":{"rendered":"\n<p class=\"wp-block-paragraph\"><strong>El Congreso de Nayarit analiza propuestas para regular el uso de drones y otros aparatos no tripulados, ante la necesidad de establecer medidas que garanticen la seguridad de las personas y eviten invasiones a la privacidad, inform\u00f3 el diputado local por el Distrito 14 y presidente de la Comisi\u00f3n de Obra, Comunicaciones y Transporte.<\/strong><\/p>\n\n\n\n<p class=\"wp-block-paragraph\"><strong>Por: Arcelia Garc\u00eda Ortega<\/strong><\/p>\n\n\n\n<p class=\"wp-block-paragraph\"><strong>Tepic, Nayarit; lunes, 31 de agosto del 2026.- El legislador explic\u00f3 que actualmente la legislaci\u00f3n estatal no contempla una regulaci\u00f3n espec\u00edfica para estos dispositivos, por lo que se trabaja en un compendio de propuestas que deber\u00e1n ser analizadas y dictaminadas por la comisi\u00f3n correspondiente.<\/strong><\/p>\n\n\n\n<p class=\"wp-block-paragraph\"><strong>Se\u00f1al\u00f3 que el tema ser\u00e1 abordado de manera conjunta con las secretar\u00edas de Seguridad y Movilidad, con el prop\u00f3sito de establecer reglas que permitan salvaguardar la integridad de las personas, as\u00ed como determinar las condiciones bajo las cuales podr\u00e1n operar los drones.<\/strong><\/p>\n\n\n\n<p class=\"wp-block-paragraph\"><strong>El diputado reconoci\u00f3 que estos aparatos tienen distintos usos, desde actividades agr\u00edcolas hasta cuestiones recreativas y profesionales, por lo que la regulaci\u00f3n deber\u00e1 contemplar sus diferentes modalidades.<\/strong><\/p>\n\n\n\n<p class=\"wp-block-paragraph\"><strong>Sin embargo, destac\u00f3 que uno de los aspectos que m\u00e1s preocupa es la invasi\u00f3n a la privacidad, debido a que los drones pueden sobrevolar propiedades o espacios particulares sin autorizaci\u00f3n.<\/strong><\/p>\n\n\n\n<p class=\"wp-block-paragraph\"><strong>Respecto a su utilizaci\u00f3n por grupos del crimen organizado, se\u00f1al\u00f3 que el tema de seguridad tambi\u00e9n ser\u00e1 considerado dentro del an\u00e1lisis legislativo, con la participaci\u00f3n de las autoridades que cuentan con experiencia en sistemas de seguridad y movilidad.<\/strong><\/p>\n\n\n\n<p class=\"wp-block-paragraph\"><strong>El legislador indic\u00f3 que hasta el momento no tiene conocimiento de denuncias formales en Nayarit relacionadas con drones, aunque reconoci\u00f3 que en redes sociales se han expresado inconformidades de ciudadanos que consideran que su tranquilidad o privacidad ha sido vulnerada.<\/strong><\/p>\n\n\n\n<p class=\"wp-block-paragraph\"><strong>Precis\u00f3 que las propuestas para regular estos aparatos provienen tanto de organizaciones civiles como de instituciones p\u00fablicas, por lo que ser\u00e1 necesario continuar con el an\u00e1lisis antes de presentar una iniciativa definitiva.<\/strong><strong>\u201cEl respeto al derecho ajeno es la paz\u201d, record\u00f3 el diputado, al se\u00f1alar que cualquier regulaci\u00f3n deber\u00e1 buscar un equilibrio entre el uso de estas nuevas tecnolog\u00edas, la seguridad y el derecho a la privacidad.<\/strong><\/p>\n","protected":false},"excerpt":{"rendered":"<p>El Congreso de Nayarit analiza propuestas para regular el uso de drones y otros aparatos no tripulados, ante la necesidad de establecer medidas que garanticen la seguridad de las personas y eviten invasiones a la privacidad, inform\u00f3 el diputado local por el Distrito 14 y presidente de la Comisi\u00f3n de Obra, Comunicaciones y Transporte. Por: [&hellip;]<\/p>\n","protected":false},"author":2,"featured_media":76106,"comment_status":"closed","ping_status":"open","sticky":false,"template":"","format":"standard","meta":{"footnotes":""},"categories":[4,7],"tags":[],"class_list":["post-77698","post","type-post","status-publish","format-standard","has-post-thumbnail","category-principal","category-tepic"],"yoast_head":"<!-- This site is optimized with the Yoast SEO plugin v28.3 - https:\/\/yoast.com\/product\/yoast-seo-wordpress\/ -->\n<title>Analizan regular uso de drones en todo Nayarit - Peri\u00f3dico Realidades<\/title>\n<meta name=\"robots\" content=\"index, follow, max-snippet:-1, max-image-preview:large, max-video-preview:-1\" \/>\n<link rel=\"canonical\" href=\"https:\/\/periodicorealidades.com\/index.php\/2026\/08\/30\/analizan-regular-uso-de-drones-en-todo-nayarit\/\" \/>\n<meta property=\"og:locale\" content=\"es_MX\" \/>\n<meta property=\"og:type\" content=\"article\" \/>\n<meta property=\"og:title\" content=\"Analizan regular uso de drones en todo Nayarit - Peri\u00f3dico Realidades\" \/>\n<meta property=\"og:description\" content=\"El Congreso de Nayarit analiza propuestas para regular el uso de drones y otros aparatos no tripulados, ante la necesidad de establecer medidas que garanticen la seguridad de las personas y eviten invasiones a la privacidad, inform\u00f3 el diputado local por el Distrito 14 y presidente de la Comisi\u00f3n de Obra, Comunicaciones y Transporte. Por: [&hellip;]\" \/>\n<meta property=\"og:url\" content=\"https:\/\/periodicorealidades.com\/index.php\/2026\/08\/30\/analizan-regular-uso-de-drones-en-todo-nayarit\/\" \/>\n<meta property=\"og:site_name\" content=\"Peri\u00f3dico Realidades\" \/>\n<meta property=\"article:publisher\" content=\"https:\/\/www.facebook.com\/periodicorealidades.denayarit?mibextid=LQQJ4d\" \/>\n<meta property=\"article:published_time\" content=\"2026-08-31T05:18:41+00:00\" \/>\n<meta property=\"article:modified_time\" content=\"2026-08-31T05:18:42+00:00\" \/>\n<meta property=\"og:image\" content=\"https:\/\/periodicorealidades.com\/wp-content\/uploads\/2026\/08\/congreso-nayarit.jpg\" \/>\n\t<meta property=\"og:image:width\" content=\"800\" \/>\n\t<meta property=\"og:image:height\" content=\"600\" \/>\n\t<meta property=\"og:image:type\" content=\"image\/jpeg\" \/>\n<meta name=\"author\" content=\"editor\" \/>\n<meta name=\"twitter:card\" content=\"summary_large_image\" \/>\n<meta name=\"twitter:label1\" content=\"Escrito por\" \/>\n\t<meta name=\"twitter:data1\" content=\"editor\" \/>\n\t<meta name=\"twitter:label2\" content=\"Tiempo de lectura\" \/>\n\t<meta name=\"twitter:data2\" content=\"2 minutos\" \/>\n<script type=\"application\/ld+json\" class=\"yoast-schema-graph\">{\"@context\":\"https:\\\/\\\/schema.org\",\"@graph\":[{\"@type\":\"Article\",\"@id\":\"https:\\\/\\\/periodicorealidades.com\\\/index.php\\\/2026\\\/08\\\/30\\\/analizan-regular-uso-de-drones-en-todo-nayarit\\\/#article\",\"isPartOf\":{\"@id\":\"https:\\\/\\\/periodicorealidades.com\\\/index.php\\\/2026\\\/08\\\/30\\\/analizan-regular-uso-de-drones-en-todo-nayarit\\\/\"},\"author\":{\"name\":\"editor\",\"@id\":\"https:\\\/\\\/periodicorealidades.com\\\/#\\\/schema\\\/person\\\/c27da34ee13acaec3162071a3e1c7832\"},\"headline\":\"Analizan regular uso de drones en todo Nayarit\",\"datePublished\":\"2026-08-31T05:18:41+00:00\",\"dateModified\":\"2026-08-31T05:18:42+00:00\",\"mainEntityOfPage\":{\"@id\":\"https:\\\/\\\/periodicorealidades.com\\\/index.php\\\/2026\\\/08\\\/30\\\/analizan-regular-uso-de-drones-en-todo-nayarit\\\/\"},\"wordCount\":378,\"publisher\":{\"@id\":\"https:\\\/\\\/periodicorealidades.com\\\/#organization\"},\"image\":{\"@id\":\"https:\\\/\\\/periodicorealidades.com\\\/index.php\\\/2026\\\/08\\\/30\\\/analizan-regular-uso-de-drones-en-todo-nayarit\\\/#primaryimage\"},\"thumbnailUrl\":\"https:\\\/\\\/periodicorealidades.com\\\/wp-content\\\/uploads\\\/2026\\\/08\\\/congreso-nayarit.jpg\",\"articleSection\":[\"Principal\",\"Tepic\"],\"inLanguage\":\"es\"},{\"@type\":\"WebPage\",\"@id\":\"https:\\\/\\\/periodicorealidades.com\\\/index.php\\\/2026\\\/08\\\/30\\\/analizan-regular-uso-de-drones-en-todo-nayarit\\\/\",\"url\":\"https:\\\/\\\/periodicorealidades.com\\\/index.php\\\/2026\\\/08\\\/30\\\/analizan-regular-uso-de-drones-en-todo-nayarit\\\/\",\"name\":\"Analizan regular uso de drones en todo Nayarit - Peri\u00f3dico Realidades\",\"isPartOf\":{\"@id\":\"https:\\\/\\\/periodicorealidades.com\\\/#website\"},\"primaryImageOfPage\":{\"@id\":\"https:\\\/\\\/periodicorealidades.com\\\/index.php\\\/2026\\\/08\\\/30\\\/analizan-regular-uso-de-drones-en-todo-nayarit\\\/#primaryimage\"},\"image\":{\"@id\":\"https:\\\/\\\/periodicorealidades.com\\\/index.php\\\/2026\\\/08\\\/30\\\/analizan-regular-uso-de-drones-en-todo-nayarit\\\/#primaryimage\"},\"thumbnailUrl\":\"https:\\\/\\\/periodicorealidades.com\\\/wp-content\\\/uploads\\\/2026\\\/08\\\/congreso-nayarit.jpg\",\"datePublished\":\"2026-08-31T05:18:41+00:00\",\"dateModified\":\"2026-08-31T05:18:42+00:00\",\"breadcrumb\":{\"@id\":\"https:\\\/\\\/periodicorealidades.com\\\/index.php\\\/2026\\\/08\\\/30\\\/analizan-regular-uso-de-drones-en-todo-nayarit\\\/#breadcrumb\"},\"inLanguage\":\"es\",\"potentialAction\":[{\"@type\":\"ReadAction\",\"target\":[\"https:\\\/\\\/periodicorealidades.com\\\/index.php\\\/2026\\\/08\\\/30\\\/analizan-regular-uso-de-drones-en-todo-nayarit\\\/\"]}]},{\"@type\":\"ImageObject\",\"inLanguage\":\"es\",\"@id\":\"https:\\\/\\\/periodicorealidades.com\\\/index.php\\\/2026\\\/08\\\/30\\\/analizan-regular-uso-de-drones-en-todo-nayarit\\\/#primaryimage\",\"url\":\"https:\\\/\\\/periodicorealidades.com\\\/wp-content\\\/uploads\\\/2026\\\/08\\\/congreso-nayarit.jpg\",\"contentUrl\":\"https:\\\/\\\/periodicorealidades.com\\\/wp-content\\\/uploads\\\/2026\\\/08\\\/congreso-nayarit.jpg\",\"width\":800,\"height\":600},{\"@type\":\"BreadcrumbList\",\"@id\":\"https:\\\/\\\/periodicorealidades.com\\\/index.php\\\/2026\\\/08\\\/30\\\/analizan-regular-uso-de-drones-en-todo-nayarit\\\/#breadcrumb\",\"itemListElement\":[{\"@type\":\"ListItem\",\"position\":1,\"name\":\"Inicio\",\"item\":\"https:\\\/\\\/periodicorealidades.com\\\/\"},{\"@type\":\"ListItem\",\"position\":2,\"name\":\"Analizan regular uso de drones en todo Nayarit\"}]},{\"@type\":\"WebSite\",\"@id\":\"https:\\\/\\\/periodicorealidades.com\\\/#website\",\"url\":\"https:\\\/\\\/periodicorealidades.com\\\/\",\"name\":\"Peri\u00f3dico Realidades\",\"description\":\"M\u00e9dio de comunicaci\u00f3n en Nayarit\",\"publisher\":{\"@id\":\"https:\\\/\\\/periodicorealidades.com\\\/#organization\"},\"potentialAction\":[{\"@type\":\"SearchAction\",\"target\":{\"@type\":\"EntryPoint\",\"urlTemplate\":\"https:\\\/\\\/periodicorealidades.com\\\/?s={search_term_string}\"},\"query-input\":{\"@type\":\"PropertyValueSpecification\",\"valueRequired\":true,\"valueName\":\"search_term_string\"}}],\"inLanguage\":\"es\"},{\"@type\":\"Organization\",\"@id\":\"https:\\\/\\\/periodicorealidades.com\\\/#organization\",\"name\":\"Peri\u00f3dico Realidades\",\"url\":\"https:\\\/\\\/periodicorealidades.com\\\/\",\"logo\":{\"@type\":\"ImageObject\",\"inLanguage\":\"es\",\"@id\":\"https:\\\/\\\/periodicorealidades.com\\\/#\\\/schema\\\/logo\\\/image\\\/\",\"url\":\"https:\\\/\\\/periodicorealidades.com\\\/wp-content\\\/uploads\\\/2023\\\/05\\\/r-prueba.png\",\"contentUrl\":\"https:\\\/\\\/periodicorealidades.com\\\/wp-content\\\/uploads\\\/2023\\\/05\\\/r-prueba.png\",\"width\":709,\"height\":709,\"caption\":\"Peri\u00f3dico Realidades\"},\"image\":{\"@id\":\"https:\\\/\\\/periodicorealidades.com\\\/#\\\/schema\\\/logo\\\/image\\\/\"},\"sameAs\":[\"https:\\\/\\\/www.facebook.com\\\/periodicorealidades.denayarit?mibextid=LQQJ4d\"]},{\"@type\":\"Person\",\"@id\":\"https:\\\/\\\/periodicorealidades.com\\\/#\\\/schema\\\/person\\\/c27da34ee13acaec3162071a3e1c7832\",\"name\":\"editor\",\"image\":{\"@type\":\"ImageObject\",\"inLanguage\":\"es\",\"@id\":\"https:\\\/\\\/secure.gravatar.com\\\/avatar\\\/dda3c3f59ea25f4b53cd53df977b0b2628039b17268e57c944a79a00e8a56e26?s=96&d=mm&r=g\",\"url\":\"https:\\\/\\\/secure.gravatar.com\\\/avatar\\\/dda3c3f59ea25f4b53cd53df977b0b2628039b17268e57c944a79a00e8a56e26?s=96&d=mm&r=g\",\"contentUrl\":\"https:\\\/\\\/secure.gravatar.com\\\/avatar\\\/dda3c3f59ea25f4b53cd53df977b0b2628039b17268e57c944a79a00e8a56e26?s=96&d=mm&r=g\",\"caption\":\"editor\"},\"url\":\"https:\\\/\\\/periodicorealidades.com\\\/index.php\\\/author\\\/editor\\\/\"}]}<\/script>\n<!-- \/ Yoast SEO plugin. -->","yoast_head_json":{"title":"Analizan regular uso de drones en todo Nayarit - Peri\u00f3dico Realidades","robots":{"index":"index","follow":"follow","max-snippet":"max-snippet:-1","max-image-preview":"max-image-preview:large","max-video-preview":"max-video-preview:-1"},"canonical":"https:\/\/periodicorealidades.com\/index.php\/2026\/08\/30\/analizan-regular-uso-de-drones-en-todo-nayarit\/","og_locale":"es_MX","og_type":"article","og_title":"Analizan regular uso de drones en todo Nayarit - Peri\u00f3dico Realidades","og_description":"El Congreso de Nayarit analiza propuestas para regular el uso de drones y otros aparatos no tripulados, ante la necesidad de establecer medidas que garanticen la seguridad de las personas y eviten invasiones a la privacidad, inform\u00f3 el diputado local por el Distrito 14 y presidente de la Comisi\u00f3n de Obra, Comunicaciones y Transporte. Por: [&hellip;]","og_url":"https:\/\/periodicorealidades.com\/index.php\/2026\/08\/30\/analizan-regular-uso-de-drones-en-todo-nayarit\/","og_site_name":"Peri\u00f3dico Realidades","article_publisher":"https:\/\/www.facebook.com\/periodicorealidades.denayarit?mibextid=LQQJ4d","article_published_time":"2026-08-31T05:18:41+00:00","article_modified_time":"2026-08-31T05:18:42+00:00","og_image":[{"width":800,"height":600,"url":"https:\/\/periodicorealidades.com\/wp-content\/uploads\/2026\/08\/congreso-nayarit.jpg","type":"image\/jpeg"}],"author":"editor","twitter_card":"summary_large_image","twitter_misc":{"Escrito por":"editor","Tiempo de lectura":"2 minutos"},"schema":{"@context":"https:\/\/schema.org","@graph":[{"@type":"Article","@id":"https:\/\/periodicorealidades.com\/index.php\/2026\/08\/30\/analizan-regular-uso-de-drones-en-todo-nayarit\/#article","isPartOf":{"@id":"https:\/\/periodicorealidades.com\/index.php\/2026\/08\/30\/analizan-regular-uso-de-drones-en-todo-nayarit\/"},"author":{"name":"editor","@id":"https:\/\/periodicorealidades.com\/#\/schema\/person\/c27da34ee13acaec3162071a3e1c7832"},"headline":"Analizan regular uso de drones en todo Nayarit","datePublished":"2026-08-31T05:18:41+00:00","dateModified":"2026-08-31T05:18:42+00:00","mainEntityOfPage":{"@id":"https:\/\/periodicorealidades.com\/index.php\/2026\/08\/30\/analizan-regular-uso-de-drones-en-todo-nayarit\/"},"wordCount":378,"publisher":{"@id":"https:\/\/periodicorealidades.com\/#organization"},"image":{"@id":"https:\/\/periodicorealidades.com\/index.php\/2026\/08\/30\/analizan-regular-uso-de-drones-en-todo-nayarit\/#primaryimage"},"thumbnailUrl":"https:\/\/periodicorealidades.com\/wp-content\/uploads\/2026\/08\/congreso-nayarit.jpg","articleSection":["Principal","Tepic"],"inLanguage":"es"},{"@type":"WebPage","@id":"https:\/\/periodicorealidades.com\/index.php\/2026\/08\/30\/analizan-regular-uso-de-drones-en-todo-nayarit\/","url":"https:\/\/periodicorealidades.com\/index.php\/2026\/08\/30\/analizan-regular-uso-de-drones-en-todo-nayarit\/","name":"Analizan regular uso de drones en todo Nayarit - Peri\u00f3dico Realidades","isPartOf":{"@id":"https:\/\/periodicorealidades.com\/#website"},"primaryImageOfPage":{"@id":"https:\/\/periodicorealidades.com\/index.php\/2026\/08\/30\/analizan-regular-uso-de-drones-en-todo-nayarit\/#primaryimage"},"image":{"@id":"https:\/\/periodicorealidades.com\/index.php\/2026\/08\/30\/analizan-regular-uso-de-drones-en-todo-nayarit\/#primaryimage"},"thumbnailUrl":"https:\/\/periodicorealidades.com\/wp-content\/uploads\/2026\/08\/congreso-nayarit.jpg","datePublished":"2026-08-31T05:18:41+00:00","dateModified":"2026-08-31T05:18:42+00:00","breadcrumb":{"@id":"https:\/\/periodicorealidades.com\/index.php\/2026\/08\/30\/analizan-regular-uso-de-drones-en-todo-nayarit\/#breadcrumb"},"inLanguage":"es","potentialAction":[{"@type":"ReadAction","target":["https:\/\/periodicorealidades.com\/index.php\/2026\/08\/30\/analizan-regular-uso-de-drones-en-todo-nayarit\/"]}]},{"@type":"ImageObject","inLanguage":"es","@id":"https:\/\/periodicorealidades.com\/index.php\/2026\/08\/30\/analizan-regular-uso-de-drones-en-todo-nayarit\/#primaryimage","url":"https:\/\/periodicorealidades.com\/wp-content\/uploads\/2026\/08\/congreso-nayarit.jpg","contentUrl":"https:\/\/periodicorealidades.com\/wp-content\/uploads\/2026\/08\/congreso-nayarit.jpg","width":800,"height":600},{"@type":"BreadcrumbList","@id":"https:\/\/periodicorealidades.com\/index.php\/2026\/08\/30\/analizan-regular-uso-de-drones-en-todo-nayarit\/#breadcrumb","itemListElement":[{"@type":"ListItem","position":1,"name":"Inicio","item":"https:\/\/periodicorealidades.com\/"},{"@type":"ListItem","position":2,"name":"Analizan regular uso de drones en todo Nayarit"}]},{"@type":"WebSite","@id":"https:\/\/periodicorealidades.com\/#website","url":"https:\/\/periodicorealidades.com\/","name":"Peri\u00f3dico Realidades","description":"M\u00e9dio de comunicaci\u00f3n en Nayarit","publisher":{"@id":"https:\/\/periodicorealidades.com\/#organization"},"potentialAction":[{"@type":"SearchAction","target":{"@type":"EntryPoint","urlTemplate":"https:\/\/periodicorealidades.com\/?s={search_term_string}"},"query-input":{"@type":"PropertyValueSpecification","valueRequired":true,"valueName":"search_term_string"}}],"inLanguage":"es"},{"@type":"Organization","@id":"https:\/\/periodicorealidades.com\/#organization","name":"Peri\u00f3dico Realidades","url":"https:\/\/periodicorealidades.com\/","logo":{"@type":"ImageObject","inLanguage":"es","@id":"https:\/\/periodicorealidades.com\/#\/schema\/logo\/image\/","url":"https:\/\/periodicorealidades.com\/wp-content\/uploads\/2023\/05\/r-prueba.png","contentUrl":"https:\/\/periodicorealidades.com\/wp-content\/uploads\/2023\/05\/r-prueba.png","width":709,"height":709,"caption":"Peri\u00f3dico Realidades"},"image":{"@id":"https:\/\/periodicorealidades.com\/#\/schema\/logo\/image\/"},"sameAs":["https:\/\/www.facebook.com\/periodicorealidades.denayarit?mibextid=LQQJ4d"]},{"@type":"Person","@id":"https:\/\/periodicorealidades.com\/#\/schema\/person\/c27da34ee13acaec3162071a3e1c7832","name":"editor","image":{"@type":"ImageObject","inLanguage":"es","@id":"https:\/\/secure.gravatar.com\/avatar\/dda3c3f59ea25f4b53cd53df977b0b2628039b17268e57c944a79a00e8a56e26?s=96&d=mm&r=g","url":"https:\/\/secure.gravatar.com\/avatar\/dda3c3f59ea25f4b53cd53df977b0b2628039b17268e57c944a79a00e8a56e26?s=96&d=mm&r=g","contentUrl":"https:\/\/secure.gravatar.com\/avatar\/dda3c3f59ea25f4b53cd53df977b0b2628039b17268e57c944a79a00e8a56e26?s=96&d=mm&r=g","caption":"editor"},"url":"https:\/\/periodicorealidades.com\/index.php\/author\/editor\/"}]}},"_links":{"self":[{"href":"https:\/\/periodicorealidades.com\/index.php\/wp-json\/wp\/v2\/posts\/77698","targetHints":{"allow":["GET"]}}],"collection":[{"href":"https:\/\/periodicorealidades.com\/index.php\/wp-json\/wp\/v2\/posts"}],"about":[{"href":"https:\/\/periodicorealidades.com\/index.php\/wp-json\/wp\/v2\/types\/post"}],"author":[{"embeddable":true,"href":"https:\/\/periodicorealidades.com\/index.php\/wp-json\/wp\/v2\/users\/2"}],"replies":[{"embeddable":true,"href":"https:\/\/periodicorealidades.com\/index.php\/wp-json\/wp\/v2\/comments?post=77698"}],"version-history":[{"count":1,"href":"https:\/\/periodicorealidades.com\/index.php\/wp-json\/wp\/v2\/posts\/77698\/revisions"}],"predecessor-version":[{"id":77699,"href":"https:\/\/periodicorealidades.com\/index.php\/wp-json\/wp\/v2\/posts\/77698\/revisions\/77699"}],"wp:featuredmedia":[{"embeddable":true,"href":"https:\/\/periodicorealidades.com\/index.php\/wp-json\/wp\/v2\/media\/76106"}],"wp:attachment":[{"href":"https:\/\/periodicorealidades.com\/index.php\/wp-json\/wp\/v2\/media?parent=77698"}],"wp:term":[{"taxonomy":"category","embeddable":true,"href":"https:\/\/periodicorealidades.com\/index.php\/wp-json\/wp\/v2\/categories?post=77698"},{"taxonomy":"post_tag","embeddable":true,"href":"https:\/\/periodicorealidades.com\/index.php\/wp-json\/wp\/v2\/tags?post=77698"}],"curies":[{"name":"wp","href":"https:\/\/api.w.org\/{rel}","templated":true}]}}