{"id":77722,"date":"2026-08-30T22:23:46","date_gmt":"2026-08-31T05:23:46","guid":{"rendered":"https:\/\/periodicorealidades.com\/?p=77722"},"modified":"2026-08-30T22:23:47","modified_gmt":"2026-08-31T05:23:47","slug":"con-gran-exito-realizan-saberes-en-movimiento-en-acaponeta","status":"publish","type":"post","link":"https:\/\/periodicorealidades.com\/index.php\/2026\/08\/30\/con-gran-exito-realizan-saberes-en-movimiento-en-acaponeta\/","title":{"rendered":"\u00a1Con gran \u00e9xito realizan &#8220;saberes en movimiento&#8221; en Acaponeta!"},"content":{"rendered":"\n<p class=\"wp-block-paragraph\">Con una excelente participaci\u00f3n de mediadores de lectura, bibliotecarios, docentes y promotores culturales, realizamos con \u00e9xito la capacitaci\u00f3n regional &#8220;Saberes en Movimiento&#8221; en las instalaciones de nuestra <a href=\"https:\/\/www.facebook.com\/CasaDeLaCulturaAliChumaceroDeAcaponeta?__cft__%5b0%5d=AZbLh26T72MOw_SFu7QTyLckuSLRAVjxEAItCsyMeHnE-ptRgXAIvLH9vqkAG6TAxKtCKXy3_Y5lxsbeP7Bc7xfYO57HrJginkrjYD3ljXYS0eTNIAbLXwl9pW5DNBVGF66JqjL4RtfAm9MdQqRRQaDbHVAyySEyhQwDFl8mYB9zjw&amp;__tn__=-%5dK-R\">Casa de la Cultura Al\u00ed Chumacero<\/a>.<\/p>\n\n\n\n<p class=\"wp-block-paragraph\">Por: Bolet\u00ecn<\/p>\n\n\n\n<p class=\"wp-block-paragraph\">Acaponeta, Nayarit; lunes, 31 de agosto del 2026.- Durante la jornada se imparti\u00f3 el taller &#8220;La gesti\u00f3n cultural y lo comunitario&#8221;, a cargo de la reconocida arque\u00f3loga B\u00e1rbara Mart\u00ednez Moreno, quien comparti\u00f3 herramientas y metodolog\u00edas clave para fortalecer los proyectos culturales desde nuestras comunidades. <img loading=\"lazy\" decoding=\"async\" width=\"21\" height=\"21\" src=\"\" alt=\"\ud83d\udcd6\"><img loading=\"lazy\" decoding=\"async\" width=\"21\" height=\"21\" src=\"\" alt=\"\ud83c\udfa8\"><\/p>\n\n\n\n<p class=\"wp-block-paragraph\">Agradecemos al <a href=\"https:\/\/www.facebook.com\/GobNay?__cft__%5b0%5d=AZbLh26T72MOw_SFu7QTyLckuSLRAVjxEAItCsyMeHnE-ptRgXAIvLH9vqkAG6TAxKtCKXy3_Y5lxsbeP7Bc7xfYO57HrJginkrjYD3ljXYS0eTNIAbLXwl9pW5DNBVGF66JqjL4RtfAm9MdQqRRQaDbHVAyySEyhQwDFl8mYB9zjw&amp;__tn__=-%5dK-R\">Gobierno del Estado de Nayarit<\/a>, al <a href=\"https:\/\/www.facebook.com\/CulturaNayarit?__cft__%5b0%5d=AZbLh26T72MOw_SFu7QTyLckuSLRAVjxEAItCsyMeHnE-ptRgXAIvLH9vqkAG6TAxKtCKXy3_Y5lxsbeP7Bc7xfYO57HrJginkrjYD3ljXYS0eTNIAbLXwl9pW5DNBVGF66JqjL4RtfAm9MdQqRRQaDbHVAyySEyhQwDFl8mYB9zjw&amp;__tn__=-%5dK-R\">Consejo Estatal para la Cultura y las Artes de Nayarit<\/a> (CECAN), al <a href=\"https:\/\/www.facebook.com\/FCEMexico?__cft__%5b0%5d=AZbLh26T72MOw_SFu7QTyLckuSLRAVjxEAItCsyMeHnE-ptRgXAIvLH9vqkAG6TAxKtCKXy3_Y5lxsbeP7Bc7xfYO57HrJginkrjYD3ljXYS0eTNIAbLXwl9pW5DNBVGF66JqjL4RtfAm9MdQqRRQaDbHVAyySEyhQwDFl8mYB9zjw&amp;__tn__=-%5dK-R\">Fondo de Cultura Econ\u00f3mica<\/a> y al Programa Nacional Salas de Lectura por acercar este taller te\u00f3rico-pr\u00e1ctico, donde se compartieron herramientas clave para seguir fomentando la lectura y fortalecer el desarrollo cultural en nuestro municipio. <img loading=\"lazy\" decoding=\"async\" width=\"21\" height=\"21\" src=\"\" alt=\"\ud83d\udcd6\"><img loading=\"lazy\" decoding=\"async\" width=\"21\" height=\"21\" src=\"\" alt=\"\ud83c\udfa8\"><\/p>\n\n\n\n<p class=\"wp-block-paragraph\">\u00a1Compartimos la galer\u00eda de im\u00e1genes de este gran encuentro de aprendizaje y comunidad! <img loading=\"lazy\" decoding=\"async\" width=\"21\" height=\"21\" src=\"\" alt=\"\ud83d\udc47\ud83c\udffb\"><img loading=\"lazy\" decoding=\"async\" width=\"21\" height=\"21\" src=\"\" alt=\"\ud83c\udf3e\"><\/p>\n\n\n\n<p class=\"wp-block-paragraph\"><a href=\"https:\/\/www.facebook.com\/hashtag\/casadelacultura?__eep__=6&amp;__cft__%5b0%5d=AZbLh26T72MOw_SFu7QTyLckuSLRAVjxEAItCsyMeHnE-ptRgXAIvLH9vqkAG6TAxKtCKXy3_Y5lxsbeP7Bc7xfYO57HrJginkrjYD3ljXYS0eTNIAbLXwl9pW5DNBVGF66JqjL4RtfAm9MdQqRRQaDbHVAyySEyhQwDFl8mYB9zjw&amp;__tn__=*NK-R\">#CasaDeLaCultura<\/a> <a href=\"https:\/\/www.facebook.com\/hashtag\/al%C3%ADchumacero?__eep__=6&amp;__cft__%5b0%5d=AZbLh26T72MOw_SFu7QTyLckuSLRAVjxEAItCsyMeHnE-ptRgXAIvLH9vqkAG6TAxKtCKXy3_Y5lxsbeP7Bc7xfYO57HrJginkrjYD3ljXYS0eTNIAbLXwl9pW5DNBVGF66JqjL4RtfAm9MdQqRRQaDbHVAyySEyhQwDFl8mYB9zjw&amp;__tn__=*NK-R\">#Al\u00edChumacero<\/a> <a href=\"https:\/\/www.facebook.com\/hashtag\/acaponeta?__eep__=6&amp;__cft__%5b0%5d=AZbLh26T72MOw_SFu7QTyLckuSLRAVjxEAItCsyMeHnE-ptRgXAIvLH9vqkAG6TAxKtCKXy3_Y5lxsbeP7Bc7xfYO57HrJginkrjYD3ljXYS0eTNIAbLXwl9pW5DNBVGF66JqjL4RtfAm9MdQqRRQaDbHVAyySEyhQwDFl8mYB9zjw&amp;__tn__=*NK-R\">#Acaponeta<\/a> <a href=\"https:\/\/www.facebook.com\/hashtag\/saberesenmovimiento?__eep__=6&amp;__cft__%5b0%5d=AZbLh26T72MOw_SFu7QTyLckuSLRAVjxEAItCsyMeHnE-ptRgXAIvLH9vqkAG6TAxKtCKXy3_Y5lxsbeP7Bc7xfYO57HrJginkrjYD3ljXYS0eTNIAbLXwl9pW5DNBVGF66JqjL4RtfAm9MdQqRRQaDbHVAyySEyhQwDFl8mYB9zjw&amp;__tn__=*NK-R\">#SaberesEnMovimiento<\/a> <a href=\"https:\/\/www.facebook.com\/hashtag\/cecan?__eep__=6&amp;__cft__%5b0%5d=AZbLh26T72MOw_SFu7QTyLckuSLRAVjxEAItCsyMeHnE-ptRgXAIvLH9vqkAG6TAxKtCKXy3_Y5lxsbeP7Bc7xfYO57HrJginkrjYD3ljXYS0eTNIAbLXwl9pW5DNBVGF66JqjL4RtfAm9MdQqRRQaDbHVAyySEyhQwDFl8mYB9zjw&amp;__tn__=*NK-R\">#CECAN<\/a> <a href=\"https:\/\/www.facebook.com\/hashtag\/fce?__eep__=6&amp;__cft__%5b0%5d=AZbLh26T72MOw_SFu7QTyLckuSLRAVjxEAItCsyMeHnE-ptRgXAIvLH9vqkAG6TAxKtCKXy3_Y5lxsbeP7Bc7xfYO57HrJginkrjYD3ljXYS0eTNIAbLXwl9pW5DNBVGF66JqjL4RtfAm9MdQqRRQaDbHVAyySEyhQwDFl8mYB9zjw&amp;__tn__=*NK-R\">#FCE<\/a> <a href=\"https:\/\/www.facebook.com\/hashtag\/salasdelectura?__eep__=6&amp;__cft__%5b0%5d=AZbLh26T72MOw_SFu7QTyLckuSLRAVjxEAItCsyMeHnE-ptRgXAIvLH9vqkAG6TAxKtCKXy3_Y5lxsbeP7Bc7xfYO57HrJginkrjYD3ljXYS0eTNIAbLXwl9pW5DNBVGF66JqjL4RtfAm9MdQqRRQaDbHVAyySEyhQwDFl8mYB9zjw&amp;__tn__=*NK-R\">#SalasDeLectura<\/a> <a href=\"https:\/\/www.facebook.com\/hashtag\/fomentoalalectura?__eep__=6&amp;__cft__%5b0%5d=AZbLh26T72MOw_SFu7QTyLckuSLRAVjxEAItCsyMeHnE-ptRgXAIvLH9vqkAG6TAxKtCKXy3_Y5lxsbeP7Bc7xfYO57HrJginkrjYD3ljXYS0eTNIAbLXwl9pW5DNBVGF66JqjL4RtfAm9MdQqRRQaDbHVAyySEyhQwDFl8mYB9zjw&amp;__tn__=*NK-R\">#FomentoALaLectura<\/a> <a href=\"https:\/\/www.facebook.com\/hashtag\/culturanayarit?__eep__=6&amp;__cft__%5b0%5d=AZbLh26T72MOw_SFu7QTyLckuSLRAVjxEAItCsyMeHnE-ptRgXAIvLH9vqkAG6TAxKtCKXy3_Y5lxsbeP7Bc7xfYO57HrJginkrjYD3ljXYS0eTNIAbLXwl9pW5DNBVGF66JqjL4RtfAm9MdQqRRQaDbHVAyySEyhQwDFl8mYB9zjw&amp;__tn__=*NK-R\">#CulturaNayarit<\/a><\/p>\n","protected":false},"excerpt":{"rendered":"<p>Con una excelente participaci\u00f3n de mediadores de lectura, bibliotecarios, docentes y promotores culturales, realizamos con \u00e9xito la capacitaci\u00f3n regional &#8220;Saberes en Movimiento&#8221; en las instalaciones de nuestra Casa de la Cultura Al\u00ed Chumacero. Por: Bolet\u00ecn Acaponeta, Nayarit; lunes, 31 de agosto del 2026.- Durante la jornada se imparti\u00f3 el taller &#8220;La gesti\u00f3n cultural y lo [&hellip;]<\/p>\n","protected":false},"author":2,"featured_media":77724,"comment_status":"closed","ping_status":"open","sticky":false,"template":"","format":"standard","meta":{"footnotes":""},"categories":[9,8,7],"tags":[],"class_list":["post-77722","post","type-post","status-publish","format-standard","has-post-thumbnail","category-acaponeta","category-municipios","category-tepic"],"yoast_head":"<!-- This site is optimized with the Yoast SEO plugin v28.3 - https:\/\/yoast.com\/product\/yoast-seo-wordpress\/ -->\n<title>\u00a1Con gran \u00e9xito realizan &quot;saberes en movimiento&quot; en Acaponeta! - Peri\u00f3dico Realidades<\/title>\n<meta name=\"robots\" content=\"index, follow, max-snippet:-1, max-image-preview:large, max-video-preview:-1\" \/>\n<link rel=\"canonical\" href=\"https:\/\/periodicorealidades.com\/index.php\/2026\/08\/30\/con-gran-exito-realizan-saberes-en-movimiento-en-acaponeta\/\" \/>\n<meta property=\"og:locale\" content=\"es_MX\" \/>\n<meta property=\"og:type\" content=\"article\" \/>\n<meta property=\"og:title\" content=\"\u00a1Con gran \u00e9xito realizan &quot;saberes en movimiento&quot; en Acaponeta! - Peri\u00f3dico Realidades\" \/>\n<meta property=\"og:description\" content=\"Con una excelente participaci\u00f3n de mediadores de lectura, bibliotecarios, docentes y promotores culturales, realizamos con \u00e9xito la capacitaci\u00f3n regional &#8220;Saberes en Movimiento&#8221; en las instalaciones de nuestra Casa de la Cultura Al\u00ed Chumacero. Por: Bolet\u00ecn Acaponeta, Nayarit; lunes, 31 de agosto del 2026.- Durante la jornada se imparti\u00f3 el taller &#8220;La gesti\u00f3n cultural y lo [&hellip;]\" \/>\n<meta property=\"og:url\" content=\"https:\/\/periodicorealidades.com\/index.php\/2026\/08\/30\/con-gran-exito-realizan-saberes-en-movimiento-en-acaponeta\/\" \/>\n<meta property=\"og:site_name\" content=\"Peri\u00f3dico Realidades\" \/>\n<meta property=\"article:publisher\" content=\"https:\/\/www.facebook.com\/periodicorealidades.denayarit?mibextid=LQQJ4d\" \/>\n<meta property=\"article:published_time\" content=\"2026-08-31T05:23:46+00:00\" \/>\n<meta property=\"article:modified_time\" content=\"2026-08-31T05:23:47+00:00\" \/>\n<meta property=\"og:image\" content=\"https:\/\/periodicorealidades.com\/wp-content\/uploads\/2026\/08\/1-5.jpg\" \/>\n\t<meta property=\"og:image:width\" content=\"1440\" \/>\n\t<meta property=\"og:image:height\" content=\"810\" \/>\n\t<meta property=\"og:image:type\" content=\"image\/jpeg\" \/>\n<meta name=\"author\" content=\"editor\" \/>\n<meta name=\"twitter:card\" content=\"summary_large_image\" \/>\n<meta name=\"twitter:label1\" content=\"Escrito por\" \/>\n\t<meta name=\"twitter:data1\" content=\"editor\" \/>\n\t<meta name=\"twitter:label2\" content=\"Tiempo de lectura\" \/>\n\t<meta name=\"twitter:data2\" content=\"3 minutos\" \/>\n<script type=\"application\/ld+json\" class=\"yoast-schema-graph\">{\"@context\":\"https:\\\/\\\/schema.org\",\"@graph\":[{\"@type\":\"Article\",\"@id\":\"https:\\\/\\\/periodicorealidades.com\\\/index.php\\\/2026\\\/08\\\/30\\\/con-gran-exito-realizan-saberes-en-movimiento-en-acaponeta\\\/#article\",\"isPartOf\":{\"@id\":\"https:\\\/\\\/periodicorealidades.com\\\/index.php\\\/2026\\\/08\\\/30\\\/con-gran-exito-realizan-saberes-en-movimiento-en-acaponeta\\\/\"},\"author\":{\"name\":\"editor\",\"@id\":\"https:\\\/\\\/periodicorealidades.com\\\/#\\\/schema\\\/person\\\/c27da34ee13acaec3162071a3e1c7832\"},\"headline\":\"\u00a1Con gran \u00e9xito realizan &#8220;saberes en movimiento&#8221; en Acaponeta!\",\"datePublished\":\"2026-08-31T05:23:46+00:00\",\"dateModified\":\"2026-08-31T05:23:47+00:00\",\"mainEntityOfPage\":{\"@id\":\"https:\\\/\\\/periodicorealidades.com\\\/index.php\\\/2026\\\/08\\\/30\\\/con-gran-exito-realizan-saberes-en-movimiento-en-acaponeta\\\/\"},\"wordCount\":177,\"publisher\":{\"@id\":\"https:\\\/\\\/periodicorealidades.com\\\/#organization\"},\"image\":{\"@id\":\"https:\\\/\\\/periodicorealidades.com\\\/index.php\\\/2026\\\/08\\\/30\\\/con-gran-exito-realizan-saberes-en-movimiento-en-acaponeta\\\/#primaryimage\"},\"thumbnailUrl\":\"https:\\\/\\\/periodicorealidades.com\\\/wp-content\\\/uploads\\\/2026\\\/08\\\/1-5.jpg\",\"articleSection\":[\"Acaponeta\",\"Municipios\",\"Tepic\"],\"inLanguage\":\"es\"},{\"@type\":\"WebPage\",\"@id\":\"https:\\\/\\\/periodicorealidades.com\\\/index.php\\\/2026\\\/08\\\/30\\\/con-gran-exito-realizan-saberes-en-movimiento-en-acaponeta\\\/\",\"url\":\"https:\\\/\\\/periodicorealidades.com\\\/index.php\\\/2026\\\/08\\\/30\\\/con-gran-exito-realizan-saberes-en-movimiento-en-acaponeta\\\/\",\"name\":\"\u00a1Con gran \u00e9xito realizan \\\"saberes en movimiento\\\" en Acaponeta! - Peri\u00f3dico Realidades\",\"isPartOf\":{\"@id\":\"https:\\\/\\\/periodicorealidades.com\\\/#website\"},\"primaryImageOfPage\":{\"@id\":\"https:\\\/\\\/periodicorealidades.com\\\/index.php\\\/2026\\\/08\\\/30\\\/con-gran-exito-realizan-saberes-en-movimiento-en-acaponeta\\\/#primaryimage\"},\"image\":{\"@id\":\"https:\\\/\\\/periodicorealidades.com\\\/index.php\\\/2026\\\/08\\\/30\\\/con-gran-exito-realizan-saberes-en-movimiento-en-acaponeta\\\/#primaryimage\"},\"thumbnailUrl\":\"https:\\\/\\\/periodicorealidades.com\\\/wp-content\\\/uploads\\\/2026\\\/08\\\/1-5.jpg\",\"datePublished\":\"2026-08-31T05:23:46+00:00\",\"dateModified\":\"2026-08-31T05:23:47+00:00\",\"breadcrumb\":{\"@id\":\"https:\\\/\\\/periodicorealidades.com\\\/index.php\\\/2026\\\/08\\\/30\\\/con-gran-exito-realizan-saberes-en-movimiento-en-acaponeta\\\/#breadcrumb\"},\"inLanguage\":\"es\",\"potentialAction\":[{\"@type\":\"ReadAction\",\"target\":[\"https:\\\/\\\/periodicorealidades.com\\\/index.php\\\/2026\\\/08\\\/30\\\/con-gran-exito-realizan-saberes-en-movimiento-en-acaponeta\\\/\"]}]},{\"@type\":\"ImageObject\",\"inLanguage\":\"es\",\"@id\":\"https:\\\/\\\/periodicorealidades.com\\\/index.php\\\/2026\\\/08\\\/30\\\/con-gran-exito-realizan-saberes-en-movimiento-en-acaponeta\\\/#primaryimage\",\"url\":\"https:\\\/\\\/periodicorealidades.com\\\/wp-content\\\/uploads\\\/2026\\\/08\\\/1-5.jpg\",\"contentUrl\":\"https:\\\/\\\/periodicorealidades.com\\\/wp-content\\\/uploads\\\/2026\\\/08\\\/1-5.jpg\",\"width\":1440,\"height\":810},{\"@type\":\"BreadcrumbList\",\"@id\":\"https:\\\/\\\/periodicorealidades.com\\\/index.php\\\/2026\\\/08\\\/30\\\/con-gran-exito-realizan-saberes-en-movimiento-en-acaponeta\\\/#breadcrumb\",\"itemListElement\":[{\"@type\":\"ListItem\",\"position\":1,\"name\":\"Inicio\",\"item\":\"https:\\\/\\\/periodicorealidades.com\\\/\"},{\"@type\":\"ListItem\",\"position\":2,\"name\":\"\u00a1Con gran \u00e9xito realizan &#8220;saberes en movimiento&#8221; en Acaponeta!\"}]},{\"@type\":\"WebSite\",\"@id\":\"https:\\\/\\\/periodicorealidades.com\\\/#website\",\"url\":\"https:\\\/\\\/periodicorealidades.com\\\/\",\"name\":\"Peri\u00f3dico Realidades\",\"description\":\"M\u00e9dio de comunicaci\u00f3n en Nayarit\",\"publisher\":{\"@id\":\"https:\\\/\\\/periodicorealidades.com\\\/#organization\"},\"potentialAction\":[{\"@type\":\"SearchAction\",\"target\":{\"@type\":\"EntryPoint\",\"urlTemplate\":\"https:\\\/\\\/periodicorealidades.com\\\/?s={search_term_string}\"},\"query-input\":{\"@type\":\"PropertyValueSpecification\",\"valueRequired\":true,\"valueName\":\"search_term_string\"}}],\"inLanguage\":\"es\"},{\"@type\":\"Organization\",\"@id\":\"https:\\\/\\\/periodicorealidades.com\\\/#organization\",\"name\":\"Peri\u00f3dico Realidades\",\"url\":\"https:\\\/\\\/periodicorealidades.com\\\/\",\"logo\":{\"@type\":\"ImageObject\",\"inLanguage\":\"es\",\"@id\":\"https:\\\/\\\/periodicorealidades.com\\\/#\\\/schema\\\/logo\\\/image\\\/\",\"url\":\"https:\\\/\\\/periodicorealidades.com\\\/wp-content\\\/uploads\\\/2023\\\/05\\\/r-prueba.png\",\"contentUrl\":\"https:\\\/\\\/periodicorealidades.com\\\/wp-content\\\/uploads\\\/2023\\\/05\\\/r-prueba.png\",\"width\":709,\"height\":709,\"caption\":\"Peri\u00f3dico Realidades\"},\"image\":{\"@id\":\"https:\\\/\\\/periodicorealidades.com\\\/#\\\/schema\\\/logo\\\/image\\\/\"},\"sameAs\":[\"https:\\\/\\\/www.facebook.com\\\/periodicorealidades.denayarit?mibextid=LQQJ4d\"]},{\"@type\":\"Person\",\"@id\":\"https:\\\/\\\/periodicorealidades.com\\\/#\\\/schema\\\/person\\\/c27da34ee13acaec3162071a3e1c7832\",\"name\":\"editor\",\"image\":{\"@type\":\"ImageObject\",\"inLanguage\":\"es\",\"@id\":\"https:\\\/\\\/secure.gravatar.com\\\/avatar\\\/dda3c3f59ea25f4b53cd53df977b0b2628039b17268e57c944a79a00e8a56e26?s=96&d=mm&r=g\",\"url\":\"https:\\\/\\\/secure.gravatar.com\\\/avatar\\\/dda3c3f59ea25f4b53cd53df977b0b2628039b17268e57c944a79a00e8a56e26?s=96&d=mm&r=g\",\"contentUrl\":\"https:\\\/\\\/secure.gravatar.com\\\/avatar\\\/dda3c3f59ea25f4b53cd53df977b0b2628039b17268e57c944a79a00e8a56e26?s=96&d=mm&r=g\",\"caption\":\"editor\"},\"url\":\"https:\\\/\\\/periodicorealidades.com\\\/index.php\\\/author\\\/editor\\\/\"}]}<\/script>\n<!-- \/ Yoast SEO plugin. -->","yoast_head_json":{"title":"\u00a1Con gran \u00e9xito realizan \"saberes en movimiento\" en Acaponeta! - Peri\u00f3dico Realidades","robots":{"index":"index","follow":"follow","max-snippet":"max-snippet:-1","max-image-preview":"max-image-preview:large","max-video-preview":"max-video-preview:-1"},"canonical":"https:\/\/periodicorealidades.com\/index.php\/2026\/08\/30\/con-gran-exito-realizan-saberes-en-movimiento-en-acaponeta\/","og_locale":"es_MX","og_type":"article","og_title":"\u00a1Con gran \u00e9xito realizan \"saberes en movimiento\" en Acaponeta! - Peri\u00f3dico Realidades","og_description":"Con una excelente participaci\u00f3n de mediadores de lectura, bibliotecarios, docentes y promotores culturales, realizamos con \u00e9xito la capacitaci\u00f3n regional &#8220;Saberes en Movimiento&#8221; en las instalaciones de nuestra Casa de la Cultura Al\u00ed Chumacero. Por: Bolet\u00ecn Acaponeta, Nayarit; lunes, 31 de agosto del 2026.- Durante la jornada se imparti\u00f3 el taller &#8220;La gesti\u00f3n cultural y lo [&hellip;]","og_url":"https:\/\/periodicorealidades.com\/index.php\/2026\/08\/30\/con-gran-exito-realizan-saberes-en-movimiento-en-acaponeta\/","og_site_name":"Peri\u00f3dico Realidades","article_publisher":"https:\/\/www.facebook.com\/periodicorealidades.denayarit?mibextid=LQQJ4d","article_published_time":"2026-08-31T05:23:46+00:00","article_modified_time":"2026-08-31T05:23:47+00:00","og_image":[{"width":1440,"height":810,"url":"https:\/\/periodicorealidades.com\/wp-content\/uploads\/2026\/08\/1-5.jpg","type":"image\/jpeg"}],"author":"editor","twitter_card":"summary_large_image","twitter_misc":{"Escrito por":"editor","Tiempo de lectura":"3 minutos"},"schema":{"@context":"https:\/\/schema.org","@graph":[{"@type":"Article","@id":"https:\/\/periodicorealidades.com\/index.php\/2026\/08\/30\/con-gran-exito-realizan-saberes-en-movimiento-en-acaponeta\/#article","isPartOf":{"@id":"https:\/\/periodicorealidades.com\/index.php\/2026\/08\/30\/con-gran-exito-realizan-saberes-en-movimiento-en-acaponeta\/"},"author":{"name":"editor","@id":"https:\/\/periodicorealidades.com\/#\/schema\/person\/c27da34ee13acaec3162071a3e1c7832"},"headline":"\u00a1Con gran \u00e9xito realizan &#8220;saberes en movimiento&#8221; en Acaponeta!","datePublished":"2026-08-31T05:23:46+00:00","dateModified":"2026-08-31T05:23:47+00:00","mainEntityOfPage":{"@id":"https:\/\/periodicorealidades.com\/index.php\/2026\/08\/30\/con-gran-exito-realizan-saberes-en-movimiento-en-acaponeta\/"},"wordCount":177,"publisher":{"@id":"https:\/\/periodicorealidades.com\/#organization"},"image":{"@id":"https:\/\/periodicorealidades.com\/index.php\/2026\/08\/30\/con-gran-exito-realizan-saberes-en-movimiento-en-acaponeta\/#primaryimage"},"thumbnailUrl":"https:\/\/periodicorealidades.com\/wp-content\/uploads\/2026\/08\/1-5.jpg","articleSection":["Acaponeta","Municipios","Tepic"],"inLanguage":"es"},{"@type":"WebPage","@id":"https:\/\/periodicorealidades.com\/index.php\/2026\/08\/30\/con-gran-exito-realizan-saberes-en-movimiento-en-acaponeta\/","url":"https:\/\/periodicorealidades.com\/index.php\/2026\/08\/30\/con-gran-exito-realizan-saberes-en-movimiento-en-acaponeta\/","name":"\u00a1Con gran \u00e9xito realizan \"saberes en movimiento\" en Acaponeta! - Peri\u00f3dico Realidades","isPartOf":{"@id":"https:\/\/periodicorealidades.com\/#website"},"primaryImageOfPage":{"@id":"https:\/\/periodicorealidades.com\/index.php\/2026\/08\/30\/con-gran-exito-realizan-saberes-en-movimiento-en-acaponeta\/#primaryimage"},"image":{"@id":"https:\/\/periodicorealidades.com\/index.php\/2026\/08\/30\/con-gran-exito-realizan-saberes-en-movimiento-en-acaponeta\/#primaryimage"},"thumbnailUrl":"https:\/\/periodicorealidades.com\/wp-content\/uploads\/2026\/08\/1-5.jpg","datePublished":"2026-08-31T05:23:46+00:00","dateModified":"2026-08-31T05:23:47+00:00","breadcrumb":{"@id":"https:\/\/periodicorealidades.com\/index.php\/2026\/08\/30\/con-gran-exito-realizan-saberes-en-movimiento-en-acaponeta\/#breadcrumb"},"inLanguage":"es","potentialAction":[{"@type":"ReadAction","target":["https:\/\/periodicorealidades.com\/index.php\/2026\/08\/30\/con-gran-exito-realizan-saberes-en-movimiento-en-acaponeta\/"]}]},{"@type":"ImageObject","inLanguage":"es","@id":"https:\/\/periodicorealidades.com\/index.php\/2026\/08\/30\/con-gran-exito-realizan-saberes-en-movimiento-en-acaponeta\/#primaryimage","url":"https:\/\/periodicorealidades.com\/wp-content\/uploads\/2026\/08\/1-5.jpg","contentUrl":"https:\/\/periodicorealidades.com\/wp-content\/uploads\/2026\/08\/1-5.jpg","width":1440,"height":810},{"@type":"BreadcrumbList","@id":"https:\/\/periodicorealidades.com\/index.php\/2026\/08\/30\/con-gran-exito-realizan-saberes-en-movimiento-en-acaponeta\/#breadcrumb","itemListElement":[{"@type":"ListItem","position":1,"name":"Inicio","item":"https:\/\/periodicorealidades.com\/"},{"@type":"ListItem","position":2,"name":"\u00a1Con gran \u00e9xito realizan &#8220;saberes en movimiento&#8221; en Acaponeta!"}]},{"@type":"WebSite","@id":"https:\/\/periodicorealidades.com\/#website","url":"https:\/\/periodicorealidades.com\/","name":"Peri\u00f3dico Realidades","description":"M\u00e9dio de comunicaci\u00f3n en Nayarit","publisher":{"@id":"https:\/\/periodicorealidades.com\/#organization"},"potentialAction":[{"@type":"SearchAction","target":{"@type":"EntryPoint","urlTemplate":"https:\/\/periodicorealidades.com\/?s={search_term_string}"},"query-input":{"@type":"PropertyValueSpecification","valueRequired":true,"valueName":"search_term_string"}}],"inLanguage":"es"},{"@type":"Organization","@id":"https:\/\/periodicorealidades.com\/#organization","name":"Peri\u00f3dico Realidades","url":"https:\/\/periodicorealidades.com\/","logo":{"@type":"ImageObject","inLanguage":"es","@id":"https:\/\/periodicorealidades.com\/#\/schema\/logo\/image\/","url":"https:\/\/periodicorealidades.com\/wp-content\/uploads\/2023\/05\/r-prueba.png","contentUrl":"https:\/\/periodicorealidades.com\/wp-content\/uploads\/2023\/05\/r-prueba.png","width":709,"height":709,"caption":"Peri\u00f3dico Realidades"},"image":{"@id":"https:\/\/periodicorealidades.com\/#\/schema\/logo\/image\/"},"sameAs":["https:\/\/www.facebook.com\/periodicorealidades.denayarit?mibextid=LQQJ4d"]},{"@type":"Person","@id":"https:\/\/periodicorealidades.com\/#\/schema\/person\/c27da34ee13acaec3162071a3e1c7832","name":"editor","image":{"@type":"ImageObject","inLanguage":"es","@id":"https:\/\/secure.gravatar.com\/avatar\/dda3c3f59ea25f4b53cd53df977b0b2628039b17268e57c944a79a00e8a56e26?s=96&d=mm&r=g","url":"https:\/\/secure.gravatar.com\/avatar\/dda3c3f59ea25f4b53cd53df977b0b2628039b17268e57c944a79a00e8a56e26?s=96&d=mm&r=g","contentUrl":"https:\/\/secure.gravatar.com\/avatar\/dda3c3f59ea25f4b53cd53df977b0b2628039b17268e57c944a79a00e8a56e26?s=96&d=mm&r=g","caption":"editor"},"url":"https:\/\/periodicorealidades.com\/index.php\/author\/editor\/"}]}},"_links":{"self":[{"href":"https:\/\/periodicorealidades.com\/index.php\/wp-json\/wp\/v2\/posts\/77722","targetHints":{"allow":["GET"]}}],"collection":[{"href":"https:\/\/periodicorealidades.com\/index.php\/wp-json\/wp\/v2\/posts"}],"about":[{"href":"https:\/\/periodicorealidades.com\/index.php\/wp-json\/wp\/v2\/types\/post"}],"author":[{"embeddable":true,"href":"https:\/\/periodicorealidades.com\/index.php\/wp-json\/wp\/v2\/users\/2"}],"replies":[{"embeddable":true,"href":"https:\/\/periodicorealidades.com\/index.php\/wp-json\/wp\/v2\/comments?post=77722"}],"version-history":[{"count":1,"href":"https:\/\/periodicorealidades.com\/index.php\/wp-json\/wp\/v2\/posts\/77722\/revisions"}],"predecessor-version":[{"id":77725,"href":"https:\/\/periodicorealidades.com\/index.php\/wp-json\/wp\/v2\/posts\/77722\/revisions\/77725"}],"wp:featuredmedia":[{"embeddable":true,"href":"https:\/\/periodicorealidades.com\/index.php\/wp-json\/wp\/v2\/media\/77724"}],"wp:attachment":[{"href":"https:\/\/periodicorealidades.com\/index.php\/wp-json\/wp\/v2\/media?parent=77722"}],"wp:term":[{"taxonomy":"category","embeddable":true,"href":"https:\/\/periodicorealidades.com\/index.php\/wp-json\/wp\/v2\/categories?post=77722"},{"taxonomy":"post_tag","embeddable":true,"href":"https:\/\/periodicorealidades.com\/index.php\/wp-json\/wp\/v2\/tags?post=77722"}],"curies":[{"name":"wp","href":"https:\/\/api.w.org\/{rel}","templated":true}]}}