{"id":77726,"date":"2026-08-30T22:31:42","date_gmt":"2026-08-31T05:31:42","guid":{"rendered":"https:\/\/periodicorealidades.com\/?p=77726"},"modified":"2026-08-30T22:31:43","modified_gmt":"2026-08-31T05:31:43","slug":"llegan-al-congreso-propuestas-de-las-juventudes-nayaritas","status":"publish","type":"post","link":"https:\/\/periodicorealidades.com\/index.php\/2026\/08\/30\/llegan-al-congreso-propuestas-de-las-juventudes-nayaritas\/","title":{"rendered":"Llegan al Congreso propuestas de las juventudes nayaritas"},"content":{"rendered":"\n<p class=\"wp-block-paragraph\">Una vez m\u00e1s el Congreso del Estado en su Trig\u00e9sima Cuarta Legislatura recibe a las juventudes nayaritas para escuchar sus ideas, inquietudes y propuestas a trav\u00e9s del Parlamento Juvenil 2026<\/p>\n\n\n\n<figure class=\"wp-block-image size-large\"><img loading=\"lazy\" decoding=\"async\" width=\"1024\" height=\"682\" src=\"https:\/\/periodicorealidades.com\/wp-content\/uploads\/2026\/08\/WhatsApp-Image-2026-08-30-at-9.00.18-PM-1024x682.jpeg\" alt=\"\" class=\"wp-image-77737\" srcset=\"https:\/\/periodicorealidades.com\/wp-content\/uploads\/2026\/08\/WhatsApp-Image-2026-08-30-at-9.00.18-PM-1024x682.jpeg 1024w, https:\/\/periodicorealidades.com\/wp-content\/uploads\/2026\/08\/WhatsApp-Image-2026-08-30-at-9.00.18-PM-300x200.jpeg 300w, https:\/\/periodicorealidades.com\/wp-content\/uploads\/2026\/08\/WhatsApp-Image-2026-08-30-at-9.00.18-PM-768x512.jpeg 768w, https:\/\/periodicorealidades.com\/wp-content\/uploads\/2026\/08\/WhatsApp-Image-2026-08-30-at-9.00.18-PM-1536x1023.jpeg 1536w, https:\/\/periodicorealidades.com\/wp-content\/uploads\/2026\/08\/WhatsApp-Image-2026-08-30-at-9.00.18-PM-696x464.jpeg 696w, https:\/\/periodicorealidades.com\/wp-content\/uploads\/2026\/08\/WhatsApp-Image-2026-08-30-at-9.00.18-PM-1068x712.jpeg 1068w, https:\/\/periodicorealidades.com\/wp-content\/uploads\/2026\/08\/WhatsApp-Image-2026-08-30-at-9.00.18-PM.jpeg 1600w\" sizes=\"auto, (max-width: 1024px) 100vw, 1024px\" \/><\/figure>\n\n\n\n<p class=\"wp-block-paragraph\">Por: Bolet\u00ecn<\/p>\n\n\n\n<p class=\"wp-block-paragraph\">Tepic, Nayarit; lunes, 31 de &nbsp;agosto de 2026.- Las y los diputados recibieron a un total de 35 participantes, 30 de ellos presentaron sus propuestas legislativas; al recibirlos, el presidente de la Comisi\u00f3n de Parlamento Infantil y Juvenil, diputado Jaime Cervantes Valdez expres\u00f3: \u201cles invito a que estudien, pregunten, lean, conozcan leyes, entiendan c\u00f3mo funcionan las instituciones, aprendan su experiencia de reconocer cuando algo puede hacerse mejor con sus ideas frescas, nunca permitan que el conocimiento t\u00e9cnico les aleje de la gente\u201d.<\/p>\n\n\n\n<figure class=\"wp-block-gallery has-nested-images columns-default is-cropped wp-block-gallery-1 is-layout-flex wp-block-gallery-is-layout-flex\">\n<figure class=\"wp-block-image size-large\"><img loading=\"lazy\" decoding=\"async\" width=\"1024\" height=\"682\" data-id=\"77736\" src=\"https:\/\/periodicorealidades.com\/wp-content\/uploads\/2026\/08\/WhatsApp-Image-2026-08-30-at-9.00.18-PM-2-1024x682.jpeg\" alt=\"\" class=\"wp-image-77736\" srcset=\"https:\/\/periodicorealidades.com\/wp-content\/uploads\/2026\/08\/WhatsApp-Image-2026-08-30-at-9.00.18-PM-2-1024x682.jpeg 1024w, https:\/\/periodicorealidades.com\/wp-content\/uploads\/2026\/08\/WhatsApp-Image-2026-08-30-at-9.00.18-PM-2-300x200.jpeg 300w, https:\/\/periodicorealidades.com\/wp-content\/uploads\/2026\/08\/WhatsApp-Image-2026-08-30-at-9.00.18-PM-2-768x512.jpeg 768w, https:\/\/periodicorealidades.com\/wp-content\/uploads\/2026\/08\/WhatsApp-Image-2026-08-30-at-9.00.18-PM-2-1536x1023.jpeg 1536w, https:\/\/periodicorealidades.com\/wp-content\/uploads\/2026\/08\/WhatsApp-Image-2026-08-30-at-9.00.18-PM-2-696x464.jpeg 696w, https:\/\/periodicorealidades.com\/wp-content\/uploads\/2026\/08\/WhatsApp-Image-2026-08-30-at-9.00.18-PM-2-1068x712.jpeg 1068w, https:\/\/periodicorealidades.com\/wp-content\/uploads\/2026\/08\/WhatsApp-Image-2026-08-30-at-9.00.18-PM-2.jpeg 1600w\" sizes=\"auto, (max-width: 1024px) 100vw, 1024px\" \/><\/figure>\n\n\n\n<figure class=\"wp-block-image size-large\"><img loading=\"lazy\" decoding=\"async\" width=\"1024\" height=\"682\" data-id=\"77735\" src=\"https:\/\/periodicorealidades.com\/wp-content\/uploads\/2026\/08\/WhatsApp-Image-2026-08-30-at-9.00.18-PM-1-1024x682.jpeg\" alt=\"\" class=\"wp-image-77735\" srcset=\"https:\/\/periodicorealidades.com\/wp-content\/uploads\/2026\/08\/WhatsApp-Image-2026-08-30-at-9.00.18-PM-1-1024x682.jpeg 1024w, https:\/\/periodicorealidades.com\/wp-content\/uploads\/2026\/08\/WhatsApp-Image-2026-08-30-at-9.00.18-PM-1-300x200.jpeg 300w, https:\/\/periodicorealidades.com\/wp-content\/uploads\/2026\/08\/WhatsApp-Image-2026-08-30-at-9.00.18-PM-1-768x512.jpeg 768w, https:\/\/periodicorealidades.com\/wp-content\/uploads\/2026\/08\/WhatsApp-Image-2026-08-30-at-9.00.18-PM-1-1536x1023.jpeg 1536w, https:\/\/periodicorealidades.com\/wp-content\/uploads\/2026\/08\/WhatsApp-Image-2026-08-30-at-9.00.18-PM-1-696x464.jpeg 696w, https:\/\/periodicorealidades.com\/wp-content\/uploads\/2026\/08\/WhatsApp-Image-2026-08-30-at-9.00.18-PM-1-1068x712.jpeg 1068w, https:\/\/periodicorealidades.com\/wp-content\/uploads\/2026\/08\/WhatsApp-Image-2026-08-30-at-9.00.18-PM-1.jpeg 1600w\" sizes=\"auto, (max-width: 1024px) 100vw, 1024px\" \/><\/figure>\n<\/figure>\n\n\n\n<p class=\"wp-block-paragraph\">A nombre del presidente del Congreso del Estado, diputado Salvador Casta\u00f1eda Rangel, el legislador Daniel P\u00e9rez Lerma afirm\u00f3 que \u201cescuchar a las juventudes significa tambi\u00e9n abrir la puerta a nuevas perspectivas, nuevas soluciones y nuevas formas de entender los desaf\u00edos del Estado de Nayarit\u201d.<\/p>\n\n\n\n<figure class=\"wp-block-image size-large\"><img loading=\"lazy\" decoding=\"async\" width=\"1024\" height=\"682\" src=\"https:\/\/periodicorealidades.com\/wp-content\/uploads\/2026\/08\/WhatsApp-Image-2026-08-30-at-9.00.21-PM-1024x682.jpeg\" alt=\"\" class=\"wp-image-77733\" srcset=\"https:\/\/periodicorealidades.com\/wp-content\/uploads\/2026\/08\/WhatsApp-Image-2026-08-30-at-9.00.21-PM-1024x682.jpeg 1024w, https:\/\/periodicorealidades.com\/wp-content\/uploads\/2026\/08\/WhatsApp-Image-2026-08-30-at-9.00.21-PM-300x200.jpeg 300w, https:\/\/periodicorealidades.com\/wp-content\/uploads\/2026\/08\/WhatsApp-Image-2026-08-30-at-9.00.21-PM-768x512.jpeg 768w, https:\/\/periodicorealidades.com\/wp-content\/uploads\/2026\/08\/WhatsApp-Image-2026-08-30-at-9.00.21-PM-1536x1023.jpeg 1536w, https:\/\/periodicorealidades.com\/wp-content\/uploads\/2026\/08\/WhatsApp-Image-2026-08-30-at-9.00.21-PM-696x464.jpeg 696w, https:\/\/periodicorealidades.com\/wp-content\/uploads\/2026\/08\/WhatsApp-Image-2026-08-30-at-9.00.21-PM-1068x712.jpeg 1068w, https:\/\/periodicorealidades.com\/wp-content\/uploads\/2026\/08\/WhatsApp-Image-2026-08-30-at-9.00.21-PM.jpeg 1600w\" sizes=\"auto, (max-width: 1024px) 100vw, 1024px\" \/><\/figure>\n\n\n\n<p class=\"wp-block-paragraph\">Al hacer uso de la tribuna cada participante abordaron los temas relacionados a los derechos humanos y la igualdad, la diversidad cultural y los derechos ling\u00fc\u00edsticos, el bienestar y la sustentabilidad, la representaci\u00f3n pol\u00edtica de grupos, la salud reproductiva, as\u00ed como la educaci\u00f3n y la tecnolog\u00eda, compartiendo propuestas e ideas para construir una sociedad con mayores oportunidades.<\/p>\n\n\n\n<p class=\"wp-block-paragraph\">Las y los representantes populares nayaritas refrendaron su compromiso de escuchar a las juventudes y dar seguimiento a sus propuestas.<\/p>\n\n\n\n<figure class=\"wp-block-gallery has-nested-images columns-default is-cropped wp-block-gallery-2 is-layout-flex wp-block-gallery-is-layout-flex\">\n<figure class=\"wp-block-image size-large\"><img loading=\"lazy\" decoding=\"async\" width=\"1024\" height=\"682\" data-id=\"77734\" src=\"https:\/\/periodicorealidades.com\/wp-content\/uploads\/2026\/08\/WhatsApp-Image-2026-08-30-at-9.00.17-PM-1024x682.jpeg\" alt=\"\" class=\"wp-image-77734\" srcset=\"https:\/\/periodicorealidades.com\/wp-content\/uploads\/2026\/08\/WhatsApp-Image-2026-08-30-at-9.00.17-PM-1024x682.jpeg 1024w, https:\/\/periodicorealidades.com\/wp-content\/uploads\/2026\/08\/WhatsApp-Image-2026-08-30-at-9.00.17-PM-300x200.jpeg 300w, https:\/\/periodicorealidades.com\/wp-content\/uploads\/2026\/08\/WhatsApp-Image-2026-08-30-at-9.00.17-PM-768x512.jpeg 768w, https:\/\/periodicorealidades.com\/wp-content\/uploads\/2026\/08\/WhatsApp-Image-2026-08-30-at-9.00.17-PM-1536x1023.jpeg 1536w, https:\/\/periodicorealidades.com\/wp-content\/uploads\/2026\/08\/WhatsApp-Image-2026-08-30-at-9.00.17-PM-696x464.jpeg 696w, https:\/\/periodicorealidades.com\/wp-content\/uploads\/2026\/08\/WhatsApp-Image-2026-08-30-at-9.00.17-PM-1068x712.jpeg 1068w, https:\/\/periodicorealidades.com\/wp-content\/uploads\/2026\/08\/WhatsApp-Image-2026-08-30-at-9.00.17-PM.jpeg 1600w\" sizes=\"auto, (max-width: 1024px) 100vw, 1024px\" \/><\/figure>\n\n\n\n<figure class=\"wp-block-image size-large\"><img loading=\"lazy\" decoding=\"async\" width=\"1024\" height=\"682\" data-id=\"77732\" src=\"https:\/\/periodicorealidades.com\/wp-content\/uploads\/2026\/08\/WhatsApp-Image-2026-08-30-at-9.00.21-PM-1-1024x682.jpeg\" alt=\"\" class=\"wp-image-77732\" srcset=\"https:\/\/periodicorealidades.com\/wp-content\/uploads\/2026\/08\/WhatsApp-Image-2026-08-30-at-9.00.21-PM-1-1024x682.jpeg 1024w, https:\/\/periodicorealidades.com\/wp-content\/uploads\/2026\/08\/WhatsApp-Image-2026-08-30-at-9.00.21-PM-1-300x200.jpeg 300w, https:\/\/periodicorealidades.com\/wp-content\/uploads\/2026\/08\/WhatsApp-Image-2026-08-30-at-9.00.21-PM-1-768x512.jpeg 768w, https:\/\/periodicorealidades.com\/wp-content\/uploads\/2026\/08\/WhatsApp-Image-2026-08-30-at-9.00.21-PM-1-1536x1023.jpeg 1536w, https:\/\/periodicorealidades.com\/wp-content\/uploads\/2026\/08\/WhatsApp-Image-2026-08-30-at-9.00.21-PM-1-696x464.jpeg 696w, https:\/\/periodicorealidades.com\/wp-content\/uploads\/2026\/08\/WhatsApp-Image-2026-08-30-at-9.00.21-PM-1-1068x712.jpeg 1068w, https:\/\/periodicorealidades.com\/wp-content\/uploads\/2026\/08\/WhatsApp-Image-2026-08-30-at-9.00.21-PM-1.jpeg 1600w\" sizes=\"auto, (max-width: 1024px) 100vw, 1024px\" \/><\/figure>\n<\/figure>\n\n\n\n<p class=\"wp-block-paragraph\">Al concluir, las y los diputados por un d\u00eda recibieron un reconocimiento por su valiosa participaci\u00f3n en el Parlamento Juvenil 2026, destacando su compromiso, entusiasmo y aportaciones para fortalecer la participaci\u00f3n de las juventudes en la vida p\u00fablica de Nayarit.<\/p>\n\n\n\n<figure class=\"wp-block-gallery has-nested-images columns-default is-cropped wp-block-gallery-3 is-layout-flex wp-block-gallery-is-layout-flex\">\n<figure class=\"wp-block-image size-large\"><img loading=\"lazy\" decoding=\"async\" width=\"1024\" height=\"682\" data-id=\"77731\" src=\"https:\/\/periodicorealidades.com\/wp-content\/uploads\/2026\/08\/WhatsApp-Image-2026-08-30-at-9.00.20-PM-1024x682.jpeg\" alt=\"\" class=\"wp-image-77731\" srcset=\"https:\/\/periodicorealidades.com\/wp-content\/uploads\/2026\/08\/WhatsApp-Image-2026-08-30-at-9.00.20-PM-1024x682.jpeg 1024w, https:\/\/periodicorealidades.com\/wp-content\/uploads\/2026\/08\/WhatsApp-Image-2026-08-30-at-9.00.20-PM-300x200.jpeg 300w, https:\/\/periodicorealidades.com\/wp-content\/uploads\/2026\/08\/WhatsApp-Image-2026-08-30-at-9.00.20-PM-768x512.jpeg 768w, https:\/\/periodicorealidades.com\/wp-content\/uploads\/2026\/08\/WhatsApp-Image-2026-08-30-at-9.00.20-PM-1536x1023.jpeg 1536w, https:\/\/periodicorealidades.com\/wp-content\/uploads\/2026\/08\/WhatsApp-Image-2026-08-30-at-9.00.20-PM-696x464.jpeg 696w, https:\/\/periodicorealidades.com\/wp-content\/uploads\/2026\/08\/WhatsApp-Image-2026-08-30-at-9.00.20-PM-1068x712.jpeg 1068w, https:\/\/periodicorealidades.com\/wp-content\/uploads\/2026\/08\/WhatsApp-Image-2026-08-30-at-9.00.20-PM.jpeg 1600w\" sizes=\"auto, (max-width: 1024px) 100vw, 1024px\" \/><\/figure>\n\n\n\n<figure class=\"wp-block-image size-large\"><img loading=\"lazy\" decoding=\"async\" width=\"1024\" height=\"682\" data-id=\"77729\" src=\"https:\/\/periodicorealidades.com\/wp-content\/uploads\/2026\/08\/WhatsApp-Image-2026-08-30-at-9.00.19-PM-1024x682.jpeg\" alt=\"\" class=\"wp-image-77729\" srcset=\"https:\/\/periodicorealidades.com\/wp-content\/uploads\/2026\/08\/WhatsApp-Image-2026-08-30-at-9.00.19-PM-1024x682.jpeg 1024w, https:\/\/periodicorealidades.com\/wp-content\/uploads\/2026\/08\/WhatsApp-Image-2026-08-30-at-9.00.19-PM-300x200.jpeg 300w, https:\/\/periodicorealidades.com\/wp-content\/uploads\/2026\/08\/WhatsApp-Image-2026-08-30-at-9.00.19-PM-768x512.jpeg 768w, https:\/\/periodicorealidades.com\/wp-content\/uploads\/2026\/08\/WhatsApp-Image-2026-08-30-at-9.00.19-PM-1536x1023.jpeg 1536w, https:\/\/periodicorealidades.com\/wp-content\/uploads\/2026\/08\/WhatsApp-Image-2026-08-30-at-9.00.19-PM-696x464.jpeg 696w, https:\/\/periodicorealidades.com\/wp-content\/uploads\/2026\/08\/WhatsApp-Image-2026-08-30-at-9.00.19-PM-1068x712.jpeg 1068w, https:\/\/periodicorealidades.com\/wp-content\/uploads\/2026\/08\/WhatsApp-Image-2026-08-30-at-9.00.19-PM.jpeg 1600w\" sizes=\"auto, (max-width: 1024px) 100vw, 1024px\" \/><\/figure>\n<\/figure>\n\n\n\n<p class=\"wp-block-paragraph\">Durante esta jornada, el director del Instituto Nayarita de la Juventud, Manuel Alberto Mendoza Esparza, destac\u00f3 la ampliaci\u00f3n a tres d\u00edas del Parlamento Juvenil 2026, al se\u00f1alar que este formato permite a las juventudes participar, intercambiar ideas y conocer de cerca el trabajo legislativo.<\/p>\n\n\n\n<figure class=\"wp-block-gallery has-nested-images columns-default is-cropped wp-block-gallery-4 is-layout-flex wp-block-gallery-is-layout-flex\">\n<figure class=\"wp-block-image size-large\"><img loading=\"lazy\" decoding=\"async\" width=\"1024\" height=\"682\" data-id=\"77728\" src=\"https:\/\/periodicorealidades.com\/wp-content\/uploads\/2026\/08\/WhatsApp-Image-2026-08-30-at-9.00.19-PM-2-1024x682.jpeg\" alt=\"\" class=\"wp-image-77728\" srcset=\"https:\/\/periodicorealidades.com\/wp-content\/uploads\/2026\/08\/WhatsApp-Image-2026-08-30-at-9.00.19-PM-2-1024x682.jpeg 1024w, https:\/\/periodicorealidades.com\/wp-content\/uploads\/2026\/08\/WhatsApp-Image-2026-08-30-at-9.00.19-PM-2-300x200.jpeg 300w, https:\/\/periodicorealidades.com\/wp-content\/uploads\/2026\/08\/WhatsApp-Image-2026-08-30-at-9.00.19-PM-2-768x512.jpeg 768w, https:\/\/periodicorealidades.com\/wp-content\/uploads\/2026\/08\/WhatsApp-Image-2026-08-30-at-9.00.19-PM-2-1536x1023.jpeg 1536w, https:\/\/periodicorealidades.com\/wp-content\/uploads\/2026\/08\/WhatsApp-Image-2026-08-30-at-9.00.19-PM-2-696x464.jpeg 696w, https:\/\/periodicorealidades.com\/wp-content\/uploads\/2026\/08\/WhatsApp-Image-2026-08-30-at-9.00.19-PM-2-1068x712.jpeg 1068w, https:\/\/periodicorealidades.com\/wp-content\/uploads\/2026\/08\/WhatsApp-Image-2026-08-30-at-9.00.19-PM-2.jpeg 1600w\" sizes=\"auto, (max-width: 1024px) 100vw, 1024px\" \/><\/figure>\n\n\n\n<figure class=\"wp-block-image size-large\"><img loading=\"lazy\" decoding=\"async\" width=\"1024\" height=\"682\" data-id=\"77727\" src=\"https:\/\/periodicorealidades.com\/wp-content\/uploads\/2026\/08\/WhatsApp-Image-2026-08-30-at-9.00.19-PM-1-1024x682.jpeg\" alt=\"\" class=\"wp-image-77727\" srcset=\"https:\/\/periodicorealidades.com\/wp-content\/uploads\/2026\/08\/WhatsApp-Image-2026-08-30-at-9.00.19-PM-1-1024x682.jpeg 1024w, https:\/\/periodicorealidades.com\/wp-content\/uploads\/2026\/08\/WhatsApp-Image-2026-08-30-at-9.00.19-PM-1-300x200.jpeg 300w, https:\/\/periodicorealidades.com\/wp-content\/uploads\/2026\/08\/WhatsApp-Image-2026-08-30-at-9.00.19-PM-1-768x512.jpeg 768w, https:\/\/periodicorealidades.com\/wp-content\/uploads\/2026\/08\/WhatsApp-Image-2026-08-30-at-9.00.19-PM-1-1536x1023.jpeg 1536w, https:\/\/periodicorealidades.com\/wp-content\/uploads\/2026\/08\/WhatsApp-Image-2026-08-30-at-9.00.19-PM-1-696x464.jpeg 696w, https:\/\/periodicorealidades.com\/wp-content\/uploads\/2026\/08\/WhatsApp-Image-2026-08-30-at-9.00.19-PM-1-1068x712.jpeg 1068w, https:\/\/periodicorealidades.com\/wp-content\/uploads\/2026\/08\/WhatsApp-Image-2026-08-30-at-9.00.19-PM-1.jpeg 1600w\" sizes=\"auto, (max-width: 1024px) 100vw, 1024px\" \/><\/figure>\n<\/figure>\n","protected":false},"excerpt":{"rendered":"<p>Una vez m\u00e1s el Congreso del Estado en su Trig\u00e9sima Cuarta Legislatura recibe a las juventudes nayaritas para escuchar sus ideas, inquietudes y propuestas a trav\u00e9s del Parlamento Juvenil 2026 Por: Bolet\u00ecn Tepic, Nayarit; lunes, 31 de &nbsp;agosto de 2026.- Las y los diputados recibieron a un total de 35 participantes, 30 de ellos presentaron [&hellip;]<\/p>\n","protected":false},"author":2,"featured_media":77730,"comment_status":"closed","ping_status":"open","sticky":false,"template":"","format":"standard","meta":{"footnotes":""},"categories":[4,7],"tags":[],"class_list":["post-77726","post","type-post","status-publish","format-standard","has-post-thumbnail","category-principal","category-tepic"],"yoast_head":"<!-- This site is optimized with the Yoast SEO plugin v28.3 - https:\/\/yoast.com\/product\/yoast-seo-wordpress\/ -->\n<title>Llegan al Congreso propuestas de las juventudes nayaritas - Peri\u00f3dico Realidades<\/title>\n<meta name=\"robots\" content=\"index, follow, max-snippet:-1, max-image-preview:large, max-video-preview:-1\" \/>\n<link rel=\"canonical\" href=\"https:\/\/periodicorealidades.com\/index.php\/2026\/08\/30\/llegan-al-congreso-propuestas-de-las-juventudes-nayaritas\/\" \/>\n<meta property=\"og:locale\" content=\"es_MX\" \/>\n<meta property=\"og:type\" content=\"article\" \/>\n<meta property=\"og:title\" content=\"Llegan al Congreso propuestas de las juventudes nayaritas - Peri\u00f3dico Realidades\" \/>\n<meta property=\"og:description\" content=\"Una vez m\u00e1s el Congreso del Estado en su Trig\u00e9sima Cuarta Legislatura recibe a las juventudes nayaritas para escuchar sus ideas, inquietudes y propuestas a trav\u00e9s del Parlamento Juvenil 2026 Por: Bolet\u00ecn Tepic, Nayarit; lunes, 31 de &nbsp;agosto de 2026.- Las y los diputados recibieron a un total de 35 participantes, 30 de ellos presentaron [&hellip;]\" \/>\n<meta property=\"og:url\" content=\"https:\/\/periodicorealidades.com\/index.php\/2026\/08\/30\/llegan-al-congreso-propuestas-de-las-juventudes-nayaritas\/\" \/>\n<meta property=\"og:site_name\" content=\"Peri\u00f3dico Realidades\" \/>\n<meta property=\"article:publisher\" content=\"https:\/\/www.facebook.com\/periodicorealidades.denayarit?mibextid=LQQJ4d\" \/>\n<meta property=\"article:published_time\" content=\"2026-08-31T05:31:42+00:00\" \/>\n<meta property=\"article:modified_time\" content=\"2026-08-31T05:31:43+00:00\" \/>\n<meta property=\"og:image\" content=\"https:\/\/periodicorealidades.com\/wp-content\/uploads\/2026\/08\/WhatsApp-Image-2026-08-30-at-9.00.20-PM-1.jpeg\" \/>\n\t<meta property=\"og:image:width\" content=\"1600\" \/>\n\t<meta property=\"og:image:height\" content=\"1066\" \/>\n\t<meta property=\"og:image:type\" content=\"image\/jpeg\" \/>\n<meta name=\"author\" content=\"editor\" \/>\n<meta name=\"twitter:card\" content=\"summary_large_image\" \/>\n<meta name=\"twitter:label1\" content=\"Escrito por\" \/>\n\t<meta name=\"twitter:data1\" content=\"editor\" \/>\n\t<meta name=\"twitter:label2\" content=\"Tiempo de lectura\" \/>\n\t<meta name=\"twitter:data2\" content=\"4 minutos\" \/>\n<script type=\"application\/ld+json\" class=\"yoast-schema-graph\">{\"@context\":\"https:\\\/\\\/schema.org\",\"@graph\":[{\"@type\":\"Article\",\"@id\":\"https:\\\/\\\/periodicorealidades.com\\\/index.php\\\/2026\\\/08\\\/30\\\/llegan-al-congreso-propuestas-de-las-juventudes-nayaritas\\\/#article\",\"isPartOf\":{\"@id\":\"https:\\\/\\\/periodicorealidades.com\\\/index.php\\\/2026\\\/08\\\/30\\\/llegan-al-congreso-propuestas-de-las-juventudes-nayaritas\\\/\"},\"author\":{\"name\":\"editor\",\"@id\":\"https:\\\/\\\/periodicorealidades.com\\\/#\\\/schema\\\/person\\\/c27da34ee13acaec3162071a3e1c7832\"},\"headline\":\"Llegan al Congreso propuestas de las juventudes nayaritas\",\"datePublished\":\"2026-08-31T05:31:42+00:00\",\"dateModified\":\"2026-08-31T05:31:43+00:00\",\"mainEntityOfPage\":{\"@id\":\"https:\\\/\\\/periodicorealidades.com\\\/index.php\\\/2026\\\/08\\\/30\\\/llegan-al-congreso-propuestas-de-las-juventudes-nayaritas\\\/\"},\"wordCount\":345,\"publisher\":{\"@id\":\"https:\\\/\\\/periodicorealidades.com\\\/#organization\"},\"image\":{\"@id\":\"https:\\\/\\\/periodicorealidades.com\\\/index.php\\\/2026\\\/08\\\/30\\\/llegan-al-congreso-propuestas-de-las-juventudes-nayaritas\\\/#primaryimage\"},\"thumbnailUrl\":\"https:\\\/\\\/periodicorealidades.com\\\/wp-content\\\/uploads\\\/2026\\\/08\\\/WhatsApp-Image-2026-08-30-at-9.00.20-PM-1.jpeg\",\"articleSection\":[\"Principal\",\"Tepic\"],\"inLanguage\":\"es\"},{\"@type\":\"WebPage\",\"@id\":\"https:\\\/\\\/periodicorealidades.com\\\/index.php\\\/2026\\\/08\\\/30\\\/llegan-al-congreso-propuestas-de-las-juventudes-nayaritas\\\/\",\"url\":\"https:\\\/\\\/periodicorealidades.com\\\/index.php\\\/2026\\\/08\\\/30\\\/llegan-al-congreso-propuestas-de-las-juventudes-nayaritas\\\/\",\"name\":\"Llegan al Congreso propuestas de las juventudes nayaritas - Peri\u00f3dico Realidades\",\"isPartOf\":{\"@id\":\"https:\\\/\\\/periodicorealidades.com\\\/#website\"},\"primaryImageOfPage\":{\"@id\":\"https:\\\/\\\/periodicorealidades.com\\\/index.php\\\/2026\\\/08\\\/30\\\/llegan-al-congreso-propuestas-de-las-juventudes-nayaritas\\\/#primaryimage\"},\"image\":{\"@id\":\"https:\\\/\\\/periodicorealidades.com\\\/index.php\\\/2026\\\/08\\\/30\\\/llegan-al-congreso-propuestas-de-las-juventudes-nayaritas\\\/#primaryimage\"},\"thumbnailUrl\":\"https:\\\/\\\/periodicorealidades.com\\\/wp-content\\\/uploads\\\/2026\\\/08\\\/WhatsApp-Image-2026-08-30-at-9.00.20-PM-1.jpeg\",\"datePublished\":\"2026-08-31T05:31:42+00:00\",\"dateModified\":\"2026-08-31T05:31:43+00:00\",\"breadcrumb\":{\"@id\":\"https:\\\/\\\/periodicorealidades.com\\\/index.php\\\/2026\\\/08\\\/30\\\/llegan-al-congreso-propuestas-de-las-juventudes-nayaritas\\\/#breadcrumb\"},\"inLanguage\":\"es\",\"potentialAction\":[{\"@type\":\"ReadAction\",\"target\":[\"https:\\\/\\\/periodicorealidades.com\\\/index.php\\\/2026\\\/08\\\/30\\\/llegan-al-congreso-propuestas-de-las-juventudes-nayaritas\\\/\"]}]},{\"@type\":\"ImageObject\",\"inLanguage\":\"es\",\"@id\":\"https:\\\/\\\/periodicorealidades.com\\\/index.php\\\/2026\\\/08\\\/30\\\/llegan-al-congreso-propuestas-de-las-juventudes-nayaritas\\\/#primaryimage\",\"url\":\"https:\\\/\\\/periodicorealidades.com\\\/wp-content\\\/uploads\\\/2026\\\/08\\\/WhatsApp-Image-2026-08-30-at-9.00.20-PM-1.jpeg\",\"contentUrl\":\"https:\\\/\\\/periodicorealidades.com\\\/wp-content\\\/uploads\\\/2026\\\/08\\\/WhatsApp-Image-2026-08-30-at-9.00.20-PM-1.jpeg\",\"width\":1600,\"height\":1066},{\"@type\":\"BreadcrumbList\",\"@id\":\"https:\\\/\\\/periodicorealidades.com\\\/index.php\\\/2026\\\/08\\\/30\\\/llegan-al-congreso-propuestas-de-las-juventudes-nayaritas\\\/#breadcrumb\",\"itemListElement\":[{\"@type\":\"ListItem\",\"position\":1,\"name\":\"Inicio\",\"item\":\"https:\\\/\\\/periodicorealidades.com\\\/\"},{\"@type\":\"ListItem\",\"position\":2,\"name\":\"Llegan al Congreso propuestas de las juventudes nayaritas\"}]},{\"@type\":\"WebSite\",\"@id\":\"https:\\\/\\\/periodicorealidades.com\\\/#website\",\"url\":\"https:\\\/\\\/periodicorealidades.com\\\/\",\"name\":\"Peri\u00f3dico Realidades\",\"description\":\"M\u00e9dio de comunicaci\u00f3n en Nayarit\",\"publisher\":{\"@id\":\"https:\\\/\\\/periodicorealidades.com\\\/#organization\"},\"potentialAction\":[{\"@type\":\"SearchAction\",\"target\":{\"@type\":\"EntryPoint\",\"urlTemplate\":\"https:\\\/\\\/periodicorealidades.com\\\/?s={search_term_string}\"},\"query-input\":{\"@type\":\"PropertyValueSpecification\",\"valueRequired\":true,\"valueName\":\"search_term_string\"}}],\"inLanguage\":\"es\"},{\"@type\":\"Organization\",\"@id\":\"https:\\\/\\\/periodicorealidades.com\\\/#organization\",\"name\":\"Peri\u00f3dico Realidades\",\"url\":\"https:\\\/\\\/periodicorealidades.com\\\/\",\"logo\":{\"@type\":\"ImageObject\",\"inLanguage\":\"es\",\"@id\":\"https:\\\/\\\/periodicorealidades.com\\\/#\\\/schema\\\/logo\\\/image\\\/\",\"url\":\"https:\\\/\\\/periodicorealidades.com\\\/wp-content\\\/uploads\\\/2023\\\/05\\\/r-prueba.png\",\"contentUrl\":\"https:\\\/\\\/periodicorealidades.com\\\/wp-content\\\/uploads\\\/2023\\\/05\\\/r-prueba.png\",\"width\":709,\"height\":709,\"caption\":\"Peri\u00f3dico Realidades\"},\"image\":{\"@id\":\"https:\\\/\\\/periodicorealidades.com\\\/#\\\/schema\\\/logo\\\/image\\\/\"},\"sameAs\":[\"https:\\\/\\\/www.facebook.com\\\/periodicorealidades.denayarit?mibextid=LQQJ4d\"]},{\"@type\":\"Person\",\"@id\":\"https:\\\/\\\/periodicorealidades.com\\\/#\\\/schema\\\/person\\\/c27da34ee13acaec3162071a3e1c7832\",\"name\":\"editor\",\"image\":{\"@type\":\"ImageObject\",\"inLanguage\":\"es\",\"@id\":\"https:\\\/\\\/secure.gravatar.com\\\/avatar\\\/dda3c3f59ea25f4b53cd53df977b0b2628039b17268e57c944a79a00e8a56e26?s=96&d=mm&r=g\",\"url\":\"https:\\\/\\\/secure.gravatar.com\\\/avatar\\\/dda3c3f59ea25f4b53cd53df977b0b2628039b17268e57c944a79a00e8a56e26?s=96&d=mm&r=g\",\"contentUrl\":\"https:\\\/\\\/secure.gravatar.com\\\/avatar\\\/dda3c3f59ea25f4b53cd53df977b0b2628039b17268e57c944a79a00e8a56e26?s=96&d=mm&r=g\",\"caption\":\"editor\"},\"url\":\"https:\\\/\\\/periodicorealidades.com\\\/index.php\\\/author\\\/editor\\\/\"}]}<\/script>\n<!-- \/ Yoast SEO plugin. -->","yoast_head_json":{"title":"Llegan al Congreso propuestas de las juventudes nayaritas - Peri\u00f3dico Realidades","robots":{"index":"index","follow":"follow","max-snippet":"max-snippet:-1","max-image-preview":"max-image-preview:large","max-video-preview":"max-video-preview:-1"},"canonical":"https:\/\/periodicorealidades.com\/index.php\/2026\/08\/30\/llegan-al-congreso-propuestas-de-las-juventudes-nayaritas\/","og_locale":"es_MX","og_type":"article","og_title":"Llegan al Congreso propuestas de las juventudes nayaritas - Peri\u00f3dico Realidades","og_description":"Una vez m\u00e1s el Congreso del Estado en su Trig\u00e9sima Cuarta Legislatura recibe a las juventudes nayaritas para escuchar sus ideas, inquietudes y propuestas a trav\u00e9s del Parlamento Juvenil 2026 Por: Bolet\u00ecn Tepic, Nayarit; lunes, 31 de &nbsp;agosto de 2026.- Las y los diputados recibieron a un total de 35 participantes, 30 de ellos presentaron [&hellip;]","og_url":"https:\/\/periodicorealidades.com\/index.php\/2026\/08\/30\/llegan-al-congreso-propuestas-de-las-juventudes-nayaritas\/","og_site_name":"Peri\u00f3dico Realidades","article_publisher":"https:\/\/www.facebook.com\/periodicorealidades.denayarit?mibextid=LQQJ4d","article_published_time":"2026-08-31T05:31:42+00:00","article_modified_time":"2026-08-31T05:31:43+00:00","og_image":[{"width":1600,"height":1066,"url":"https:\/\/periodicorealidades.com\/wp-content\/uploads\/2026\/08\/WhatsApp-Image-2026-08-30-at-9.00.20-PM-1.jpeg","type":"image\/jpeg"}],"author":"editor","twitter_card":"summary_large_image","twitter_misc":{"Escrito por":"editor","Tiempo de lectura":"4 minutos"},"schema":{"@context":"https:\/\/schema.org","@graph":[{"@type":"Article","@id":"https:\/\/periodicorealidades.com\/index.php\/2026\/08\/30\/llegan-al-congreso-propuestas-de-las-juventudes-nayaritas\/#article","isPartOf":{"@id":"https:\/\/periodicorealidades.com\/index.php\/2026\/08\/30\/llegan-al-congreso-propuestas-de-las-juventudes-nayaritas\/"},"author":{"name":"editor","@id":"https:\/\/periodicorealidades.com\/#\/schema\/person\/c27da34ee13acaec3162071a3e1c7832"},"headline":"Llegan al Congreso propuestas de las juventudes nayaritas","datePublished":"2026-08-31T05:31:42+00:00","dateModified":"2026-08-31T05:31:43+00:00","mainEntityOfPage":{"@id":"https:\/\/periodicorealidades.com\/index.php\/2026\/08\/30\/llegan-al-congreso-propuestas-de-las-juventudes-nayaritas\/"},"wordCount":345,"publisher":{"@id":"https:\/\/periodicorealidades.com\/#organization"},"image":{"@id":"https:\/\/periodicorealidades.com\/index.php\/2026\/08\/30\/llegan-al-congreso-propuestas-de-las-juventudes-nayaritas\/#primaryimage"},"thumbnailUrl":"https:\/\/periodicorealidades.com\/wp-content\/uploads\/2026\/08\/WhatsApp-Image-2026-08-30-at-9.00.20-PM-1.jpeg","articleSection":["Principal","Tepic"],"inLanguage":"es"},{"@type":"WebPage","@id":"https:\/\/periodicorealidades.com\/index.php\/2026\/08\/30\/llegan-al-congreso-propuestas-de-las-juventudes-nayaritas\/","url":"https:\/\/periodicorealidades.com\/index.php\/2026\/08\/30\/llegan-al-congreso-propuestas-de-las-juventudes-nayaritas\/","name":"Llegan al Congreso propuestas de las juventudes nayaritas - Peri\u00f3dico Realidades","isPartOf":{"@id":"https:\/\/periodicorealidades.com\/#website"},"primaryImageOfPage":{"@id":"https:\/\/periodicorealidades.com\/index.php\/2026\/08\/30\/llegan-al-congreso-propuestas-de-las-juventudes-nayaritas\/#primaryimage"},"image":{"@id":"https:\/\/periodicorealidades.com\/index.php\/2026\/08\/30\/llegan-al-congreso-propuestas-de-las-juventudes-nayaritas\/#primaryimage"},"thumbnailUrl":"https:\/\/periodicorealidades.com\/wp-content\/uploads\/2026\/08\/WhatsApp-Image-2026-08-30-at-9.00.20-PM-1.jpeg","datePublished":"2026-08-31T05:31:42+00:00","dateModified":"2026-08-31T05:31:43+00:00","breadcrumb":{"@id":"https:\/\/periodicorealidades.com\/index.php\/2026\/08\/30\/llegan-al-congreso-propuestas-de-las-juventudes-nayaritas\/#breadcrumb"},"inLanguage":"es","potentialAction":[{"@type":"ReadAction","target":["https:\/\/periodicorealidades.com\/index.php\/2026\/08\/30\/llegan-al-congreso-propuestas-de-las-juventudes-nayaritas\/"]}]},{"@type":"ImageObject","inLanguage":"es","@id":"https:\/\/periodicorealidades.com\/index.php\/2026\/08\/30\/llegan-al-congreso-propuestas-de-las-juventudes-nayaritas\/#primaryimage","url":"https:\/\/periodicorealidades.com\/wp-content\/uploads\/2026\/08\/WhatsApp-Image-2026-08-30-at-9.00.20-PM-1.jpeg","contentUrl":"https:\/\/periodicorealidades.com\/wp-content\/uploads\/2026\/08\/WhatsApp-Image-2026-08-30-at-9.00.20-PM-1.jpeg","width":1600,"height":1066},{"@type":"BreadcrumbList","@id":"https:\/\/periodicorealidades.com\/index.php\/2026\/08\/30\/llegan-al-congreso-propuestas-de-las-juventudes-nayaritas\/#breadcrumb","itemListElement":[{"@type":"ListItem","position":1,"name":"Inicio","item":"https:\/\/periodicorealidades.com\/"},{"@type":"ListItem","position":2,"name":"Llegan al Congreso propuestas de las juventudes nayaritas"}]},{"@type":"WebSite","@id":"https:\/\/periodicorealidades.com\/#website","url":"https:\/\/periodicorealidades.com\/","name":"Peri\u00f3dico Realidades","description":"M\u00e9dio de comunicaci\u00f3n en Nayarit","publisher":{"@id":"https:\/\/periodicorealidades.com\/#organization"},"potentialAction":[{"@type":"SearchAction","target":{"@type":"EntryPoint","urlTemplate":"https:\/\/periodicorealidades.com\/?s={search_term_string}"},"query-input":{"@type":"PropertyValueSpecification","valueRequired":true,"valueName":"search_term_string"}}],"inLanguage":"es"},{"@type":"Organization","@id":"https:\/\/periodicorealidades.com\/#organization","name":"Peri\u00f3dico Realidades","url":"https:\/\/periodicorealidades.com\/","logo":{"@type":"ImageObject","inLanguage":"es","@id":"https:\/\/periodicorealidades.com\/#\/schema\/logo\/image\/","url":"https:\/\/periodicorealidades.com\/wp-content\/uploads\/2023\/05\/r-prueba.png","contentUrl":"https:\/\/periodicorealidades.com\/wp-content\/uploads\/2023\/05\/r-prueba.png","width":709,"height":709,"caption":"Peri\u00f3dico Realidades"},"image":{"@id":"https:\/\/periodicorealidades.com\/#\/schema\/logo\/image\/"},"sameAs":["https:\/\/www.facebook.com\/periodicorealidades.denayarit?mibextid=LQQJ4d"]},{"@type":"Person","@id":"https:\/\/periodicorealidades.com\/#\/schema\/person\/c27da34ee13acaec3162071a3e1c7832","name":"editor","image":{"@type":"ImageObject","inLanguage":"es","@id":"https:\/\/secure.gravatar.com\/avatar\/dda3c3f59ea25f4b53cd53df977b0b2628039b17268e57c944a79a00e8a56e26?s=96&d=mm&r=g","url":"https:\/\/secure.gravatar.com\/avatar\/dda3c3f59ea25f4b53cd53df977b0b2628039b17268e57c944a79a00e8a56e26?s=96&d=mm&r=g","contentUrl":"https:\/\/secure.gravatar.com\/avatar\/dda3c3f59ea25f4b53cd53df977b0b2628039b17268e57c944a79a00e8a56e26?s=96&d=mm&r=g","caption":"editor"},"url":"https:\/\/periodicorealidades.com\/index.php\/author\/editor\/"}]}},"_links":{"self":[{"href":"https:\/\/periodicorealidades.com\/index.php\/wp-json\/wp\/v2\/posts\/77726","targetHints":{"allow":["GET"]}}],"collection":[{"href":"https:\/\/periodicorealidades.com\/index.php\/wp-json\/wp\/v2\/posts"}],"about":[{"href":"https:\/\/periodicorealidades.com\/index.php\/wp-json\/wp\/v2\/types\/post"}],"author":[{"embeddable":true,"href":"https:\/\/periodicorealidades.com\/index.php\/wp-json\/wp\/v2\/users\/2"}],"replies":[{"embeddable":true,"href":"https:\/\/periodicorealidades.com\/index.php\/wp-json\/wp\/v2\/comments?post=77726"}],"version-history":[{"count":1,"href":"https:\/\/periodicorealidades.com\/index.php\/wp-json\/wp\/v2\/posts\/77726\/revisions"}],"predecessor-version":[{"id":77738,"href":"https:\/\/periodicorealidades.com\/index.php\/wp-json\/wp\/v2\/posts\/77726\/revisions\/77738"}],"wp:featuredmedia":[{"embeddable":true,"href":"https:\/\/periodicorealidades.com\/index.php\/wp-json\/wp\/v2\/media\/77730"}],"wp:attachment":[{"href":"https:\/\/periodicorealidades.com\/index.php\/wp-json\/wp\/v2\/media?parent=77726"}],"wp:term":[{"taxonomy":"category","embeddable":true,"href":"https:\/\/periodicorealidades.com\/index.php\/wp-json\/wp\/v2\/categories?post=77726"},{"taxonomy":"post_tag","embeddable":true,"href":"https:\/\/periodicorealidades.com\/index.php\/wp-json\/wp\/v2\/tags?post=77726"}],"curies":[{"name":"wp","href":"https:\/\/api.w.org\/{rel}","templated":true}]}}