{"id":77741,"date":"2026-08-30T22:33:40","date_gmt":"2026-08-31T05:33:40","guid":{"rendered":"https:\/\/periodicorealidades.com\/?p=77741"},"modified":"2026-08-30T22:33:41","modified_gmt":"2026-08-31T05:33:41","slug":"panico-por-balacera-en-tuxpan-narcos-agreden-a-fuerzas-de-seguridad","status":"publish","type":"post","link":"https:\/\/periodicorealidades.com\/index.php\/2026\/08\/30\/panico-por-balacera-en-tuxpan-narcos-agreden-a-fuerzas-de-seguridad\/","title":{"rendered":"Panico por balacera en Tuxpan, narcos agreden a fuerzas de seguridad"},"content":{"rendered":"\n<p class=\"wp-block-paragraph\">El Gobierno de Nayarit, a trav\u00e9s de un operativo interinstitucional mantienen acciones de vigilancia y prevenci\u00f3n del delito en el municipio de Tuxpan, con el objetivo de fortalecer la seguridad y salvaguardar la integridad de la ciudadan\u00eda.<\/p>\n\n\n\n<p class=\"wp-block-paragraph\">Por: Bolet\u00ecn<\/p>\n\n\n\n<p class=\"wp-block-paragraph\">Tuxpan, Nayarit; lunes, 31 de agosto del 2026.- Durante el desarrollo de estas labores, elementos de seguridad se encontraban realizando acciones preventivas e inspeccionando a una persona, cuando se aproxim\u00f3 un veh\u00edculo considerado sospechoso, desde el cual se realizaron detonaciones de arma de fuego en contra de los elementos.<\/p>\n\n\n\n<p class=\"wp-block-paragraph\">Ante esta situaci\u00f3n, los elementos de las diferentes instituciones de seguridad repelieron la agresi\u00f3n, actuando conforme a los protocolos establecidos.<\/p>\n\n\n\n<figure class=\"wp-block-embed is-type-video is-provider-youtube wp-block-embed-youtube wp-embed-aspect-9-16 wp-has-aspect-ratio\"><div class=\"wp-block-embed__wrapper\">\n<div class=\"youtube-embed\" data-video_id=\"\"><iframe loading=\"lazy\" title=\"Panico por balacera en Tuxpan, narcos agreden a fuerzas de seguridad\" width=\"563\" height=\"1000\" src=\"https:\/\/www.youtube.com\/embed\/KXvm9hxKCBA?feature=oembed&#038;enablejsapi=1\" frameborder=\"0\" allow=\"accelerometer; autoplay; clipboard-write; encrypted-media; gyroscope; picture-in-picture; web-share\" referrerpolicy=\"strict-origin-when-cross-origin\" allowfullscreen><\/iframe><\/div>\n<\/div><\/figure>\n\n\n\n<p class=\"wp-block-paragraph\">De manera inmediata, se activ\u00f3 un operativo de b\u00fasqueda y localizaci\u00f3n del veh\u00edculo se\u00f1alado como responsable de las detonaciones, implement\u00e1ndose acciones de vigilancia en distintos puntos de la zona.<\/p>\n\n\n\n<p class=\"wp-block-paragraph\">Como resultado de estos hechos, no se reportan elementos de seguridad ni civiles lesionados.<\/p>\n\n\n\n<p class=\"wp-block-paragraph\">Las autoridades mantienen presencia operativa en el \u00e1rea y contin\u00faan con las acciones correspondientes para el esclarecimiento de los hechos y la localizaci\u00f3n de los responsables.<\/p>\n","protected":false},"excerpt":{"rendered":"<p>El Gobierno de Nayarit, a trav\u00e9s de un operativo interinstitucional mantienen acciones de vigilancia y prevenci\u00f3n del delito en el municipio de Tuxpan, con el objetivo de fortalecer la seguridad y salvaguardar la integridad de la ciudadan\u00eda. Por: Bolet\u00ecn Tuxpan, Nayarit; lunes, 31 de agosto del 2026.- Durante el desarrollo de estas labores, elementos de [&hellip;]<\/p>\n","protected":false},"author":2,"featured_media":77720,"comment_status":"closed","ping_status":"open","sticky":false,"template":"","format":"standard","meta":{"footnotes":""},"categories":[6,4],"tags":[],"class_list":["post-77741","post","type-post","status-publish","format-standard","has-post-thumbnail","category-policiaca","category-principal"],"yoast_head":"<!-- This site is optimized with the Yoast SEO plugin v28.3 - https:\/\/yoast.com\/product\/yoast-seo-wordpress\/ -->\n<title>Panico por balacera en Tuxpan, narcos agreden a fuerzas de seguridad - Peri\u00f3dico Realidades<\/title>\n<meta name=\"robots\" content=\"index, follow, max-snippet:-1, max-image-preview:large, max-video-preview:-1\" \/>\n<link rel=\"canonical\" href=\"https:\/\/periodicorealidades.com\/index.php\/2026\/08\/30\/panico-por-balacera-en-tuxpan-narcos-agreden-a-fuerzas-de-seguridad\/\" \/>\n<meta property=\"og:locale\" content=\"es_MX\" \/>\n<meta property=\"og:type\" content=\"article\" \/>\n<meta property=\"og:title\" content=\"Panico por balacera en Tuxpan, narcos agreden a fuerzas de seguridad - Peri\u00f3dico Realidades\" \/>\n<meta property=\"og:description\" content=\"El Gobierno de Nayarit, a trav\u00e9s de un operativo interinstitucional mantienen acciones de vigilancia y prevenci\u00f3n del delito en el municipio de Tuxpan, con el objetivo de fortalecer la seguridad y salvaguardar la integridad de la ciudadan\u00eda. Por: Bolet\u00ecn Tuxpan, Nayarit; lunes, 31 de agosto del 2026.- Durante el desarrollo de estas labores, elementos de [&hellip;]\" \/>\n<meta property=\"og:url\" content=\"https:\/\/periodicorealidades.com\/index.php\/2026\/08\/30\/panico-por-balacera-en-tuxpan-narcos-agreden-a-fuerzas-de-seguridad\/\" \/>\n<meta property=\"og:site_name\" content=\"Peri\u00f3dico Realidades\" \/>\n<meta property=\"article:publisher\" content=\"https:\/\/www.facebook.com\/periodicorealidades.denayarit?mibextid=LQQJ4d\" \/>\n<meta property=\"article:published_time\" content=\"2026-08-31T05:33:40+00:00\" \/>\n<meta property=\"article:modified_time\" content=\"2026-08-31T05:33:41+00:00\" \/>\n<meta property=\"og:image\" content=\"https:\/\/periodicorealidades.com\/wp-content\/uploads\/2026\/08\/WhatsApp-Image-2026-08-30-at-9.42.05-PM.jpeg\" \/>\n\t<meta property=\"og:image:width\" content=\"364\" \/>\n\t<meta property=\"og:image:height\" content=\"304\" \/>\n\t<meta property=\"og:image:type\" content=\"image\/jpeg\" \/>\n<meta name=\"author\" content=\"editor\" \/>\n<meta name=\"twitter:card\" content=\"summary_large_image\" \/>\n<meta name=\"twitter:label1\" content=\"Escrito por\" \/>\n\t<meta name=\"twitter:data1\" content=\"editor\" \/>\n\t<meta name=\"twitter:label2\" content=\"Tiempo de lectura\" \/>\n\t<meta name=\"twitter:data2\" content=\"2 minutos\" \/>\n<script type=\"application\/ld+json\" class=\"yoast-schema-graph\">{\"@context\":\"https:\\\/\\\/schema.org\",\"@graph\":[{\"@type\":\"Article\",\"@id\":\"https:\\\/\\\/periodicorealidades.com\\\/index.php\\\/2026\\\/08\\\/30\\\/panico-por-balacera-en-tuxpan-narcos-agreden-a-fuerzas-de-seguridad\\\/#article\",\"isPartOf\":{\"@id\":\"https:\\\/\\\/periodicorealidades.com\\\/index.php\\\/2026\\\/08\\\/30\\\/panico-por-balacera-en-tuxpan-narcos-agreden-a-fuerzas-de-seguridad\\\/\"},\"author\":{\"name\":\"editor\",\"@id\":\"https:\\\/\\\/periodicorealidades.com\\\/#\\\/schema\\\/person\\\/c27da34ee13acaec3162071a3e1c7832\"},\"headline\":\"Panico por balacera en Tuxpan, narcos agreden a fuerzas de seguridad\",\"datePublished\":\"2026-08-31T05:33:40+00:00\",\"dateModified\":\"2026-08-31T05:33:41+00:00\",\"mainEntityOfPage\":{\"@id\":\"https:\\\/\\\/periodicorealidades.com\\\/index.php\\\/2026\\\/08\\\/30\\\/panico-por-balacera-en-tuxpan-narcos-agreden-a-fuerzas-de-seguridad\\\/\"},\"wordCount\":209,\"publisher\":{\"@id\":\"https:\\\/\\\/periodicorealidades.com\\\/#organization\"},\"image\":{\"@id\":\"https:\\\/\\\/periodicorealidades.com\\\/index.php\\\/2026\\\/08\\\/30\\\/panico-por-balacera-en-tuxpan-narcos-agreden-a-fuerzas-de-seguridad\\\/#primaryimage\"},\"thumbnailUrl\":\"https:\\\/\\\/periodicorealidades.com\\\/wp-content\\\/uploads\\\/2026\\\/08\\\/WhatsApp-Image-2026-08-30-at-9.42.05-PM.jpeg\",\"articleSection\":[\"Policiaca\",\"Principal\"],\"inLanguage\":\"es\"},{\"@type\":\"WebPage\",\"@id\":\"https:\\\/\\\/periodicorealidades.com\\\/index.php\\\/2026\\\/08\\\/30\\\/panico-por-balacera-en-tuxpan-narcos-agreden-a-fuerzas-de-seguridad\\\/\",\"url\":\"https:\\\/\\\/periodicorealidades.com\\\/index.php\\\/2026\\\/08\\\/30\\\/panico-por-balacera-en-tuxpan-narcos-agreden-a-fuerzas-de-seguridad\\\/\",\"name\":\"Panico por balacera en Tuxpan, narcos agreden a fuerzas de seguridad - Peri\u00f3dico Realidades\",\"isPartOf\":{\"@id\":\"https:\\\/\\\/periodicorealidades.com\\\/#website\"},\"primaryImageOfPage\":{\"@id\":\"https:\\\/\\\/periodicorealidades.com\\\/index.php\\\/2026\\\/08\\\/30\\\/panico-por-balacera-en-tuxpan-narcos-agreden-a-fuerzas-de-seguridad\\\/#primaryimage\"},\"image\":{\"@id\":\"https:\\\/\\\/periodicorealidades.com\\\/index.php\\\/2026\\\/08\\\/30\\\/panico-por-balacera-en-tuxpan-narcos-agreden-a-fuerzas-de-seguridad\\\/#primaryimage\"},\"thumbnailUrl\":\"https:\\\/\\\/periodicorealidades.com\\\/wp-content\\\/uploads\\\/2026\\\/08\\\/WhatsApp-Image-2026-08-30-at-9.42.05-PM.jpeg\",\"datePublished\":\"2026-08-31T05:33:40+00:00\",\"dateModified\":\"2026-08-31T05:33:41+00:00\",\"breadcrumb\":{\"@id\":\"https:\\\/\\\/periodicorealidades.com\\\/index.php\\\/2026\\\/08\\\/30\\\/panico-por-balacera-en-tuxpan-narcos-agreden-a-fuerzas-de-seguridad\\\/#breadcrumb\"},\"inLanguage\":\"es\",\"potentialAction\":[{\"@type\":\"ReadAction\",\"target\":[\"https:\\\/\\\/periodicorealidades.com\\\/index.php\\\/2026\\\/08\\\/30\\\/panico-por-balacera-en-tuxpan-narcos-agreden-a-fuerzas-de-seguridad\\\/\"]}]},{\"@type\":\"ImageObject\",\"inLanguage\":\"es\",\"@id\":\"https:\\\/\\\/periodicorealidades.com\\\/index.php\\\/2026\\\/08\\\/30\\\/panico-por-balacera-en-tuxpan-narcos-agreden-a-fuerzas-de-seguridad\\\/#primaryimage\",\"url\":\"https:\\\/\\\/periodicorealidades.com\\\/wp-content\\\/uploads\\\/2026\\\/08\\\/WhatsApp-Image-2026-08-30-at-9.42.05-PM.jpeg\",\"contentUrl\":\"https:\\\/\\\/periodicorealidades.com\\\/wp-content\\\/uploads\\\/2026\\\/08\\\/WhatsApp-Image-2026-08-30-at-9.42.05-PM.jpeg\",\"width\":364,\"height\":304},{\"@type\":\"BreadcrumbList\",\"@id\":\"https:\\\/\\\/periodicorealidades.com\\\/index.php\\\/2026\\\/08\\\/30\\\/panico-por-balacera-en-tuxpan-narcos-agreden-a-fuerzas-de-seguridad\\\/#breadcrumb\",\"itemListElement\":[{\"@type\":\"ListItem\",\"position\":1,\"name\":\"Inicio\",\"item\":\"https:\\\/\\\/periodicorealidades.com\\\/\"},{\"@type\":\"ListItem\",\"position\":2,\"name\":\"Panico por balacera en Tuxpan, narcos agreden a fuerzas de seguridad\"}]},{\"@type\":\"WebSite\",\"@id\":\"https:\\\/\\\/periodicorealidades.com\\\/#website\",\"url\":\"https:\\\/\\\/periodicorealidades.com\\\/\",\"name\":\"Peri\u00f3dico Realidades\",\"description\":\"M\u00e9dio de comunicaci\u00f3n en Nayarit\",\"publisher\":{\"@id\":\"https:\\\/\\\/periodicorealidades.com\\\/#organization\"},\"potentialAction\":[{\"@type\":\"SearchAction\",\"target\":{\"@type\":\"EntryPoint\",\"urlTemplate\":\"https:\\\/\\\/periodicorealidades.com\\\/?s={search_term_string}\"},\"query-input\":{\"@type\":\"PropertyValueSpecification\",\"valueRequired\":true,\"valueName\":\"search_term_string\"}}],\"inLanguage\":\"es\"},{\"@type\":\"Organization\",\"@id\":\"https:\\\/\\\/periodicorealidades.com\\\/#organization\",\"name\":\"Peri\u00f3dico Realidades\",\"url\":\"https:\\\/\\\/periodicorealidades.com\\\/\",\"logo\":{\"@type\":\"ImageObject\",\"inLanguage\":\"es\",\"@id\":\"https:\\\/\\\/periodicorealidades.com\\\/#\\\/schema\\\/logo\\\/image\\\/\",\"url\":\"https:\\\/\\\/periodicorealidades.com\\\/wp-content\\\/uploads\\\/2023\\\/05\\\/r-prueba.png\",\"contentUrl\":\"https:\\\/\\\/periodicorealidades.com\\\/wp-content\\\/uploads\\\/2023\\\/05\\\/r-prueba.png\",\"width\":709,\"height\":709,\"caption\":\"Peri\u00f3dico Realidades\"},\"image\":{\"@id\":\"https:\\\/\\\/periodicorealidades.com\\\/#\\\/schema\\\/logo\\\/image\\\/\"},\"sameAs\":[\"https:\\\/\\\/www.facebook.com\\\/periodicorealidades.denayarit?mibextid=LQQJ4d\"]},{\"@type\":\"Person\",\"@id\":\"https:\\\/\\\/periodicorealidades.com\\\/#\\\/schema\\\/person\\\/c27da34ee13acaec3162071a3e1c7832\",\"name\":\"editor\",\"image\":{\"@type\":\"ImageObject\",\"inLanguage\":\"es\",\"@id\":\"https:\\\/\\\/secure.gravatar.com\\\/avatar\\\/dda3c3f59ea25f4b53cd53df977b0b2628039b17268e57c944a79a00e8a56e26?s=96&d=mm&r=g\",\"url\":\"https:\\\/\\\/secure.gravatar.com\\\/avatar\\\/dda3c3f59ea25f4b53cd53df977b0b2628039b17268e57c944a79a00e8a56e26?s=96&d=mm&r=g\",\"contentUrl\":\"https:\\\/\\\/secure.gravatar.com\\\/avatar\\\/dda3c3f59ea25f4b53cd53df977b0b2628039b17268e57c944a79a00e8a56e26?s=96&d=mm&r=g\",\"caption\":\"editor\"},\"url\":\"https:\\\/\\\/periodicorealidades.com\\\/index.php\\\/author\\\/editor\\\/\"}]}<\/script>\n<!-- \/ Yoast SEO plugin. -->","yoast_head_json":{"title":"Panico por balacera en Tuxpan, narcos agreden a fuerzas de seguridad - Peri\u00f3dico Realidades","robots":{"index":"index","follow":"follow","max-snippet":"max-snippet:-1","max-image-preview":"max-image-preview:large","max-video-preview":"max-video-preview:-1"},"canonical":"https:\/\/periodicorealidades.com\/index.php\/2026\/08\/30\/panico-por-balacera-en-tuxpan-narcos-agreden-a-fuerzas-de-seguridad\/","og_locale":"es_MX","og_type":"article","og_title":"Panico por balacera en Tuxpan, narcos agreden a fuerzas de seguridad - Peri\u00f3dico Realidades","og_description":"El Gobierno de Nayarit, a trav\u00e9s de un operativo interinstitucional mantienen acciones de vigilancia y prevenci\u00f3n del delito en el municipio de Tuxpan, con el objetivo de fortalecer la seguridad y salvaguardar la integridad de la ciudadan\u00eda. Por: Bolet\u00ecn Tuxpan, Nayarit; lunes, 31 de agosto del 2026.- Durante el desarrollo de estas labores, elementos de [&hellip;]","og_url":"https:\/\/periodicorealidades.com\/index.php\/2026\/08\/30\/panico-por-balacera-en-tuxpan-narcos-agreden-a-fuerzas-de-seguridad\/","og_site_name":"Peri\u00f3dico Realidades","article_publisher":"https:\/\/www.facebook.com\/periodicorealidades.denayarit?mibextid=LQQJ4d","article_published_time":"2026-08-31T05:33:40+00:00","article_modified_time":"2026-08-31T05:33:41+00:00","og_image":[{"width":364,"height":304,"url":"https:\/\/periodicorealidades.com\/wp-content\/uploads\/2026\/08\/WhatsApp-Image-2026-08-30-at-9.42.05-PM.jpeg","type":"image\/jpeg"}],"author":"editor","twitter_card":"summary_large_image","twitter_misc":{"Escrito por":"editor","Tiempo de lectura":"2 minutos"},"schema":{"@context":"https:\/\/schema.org","@graph":[{"@type":"Article","@id":"https:\/\/periodicorealidades.com\/index.php\/2026\/08\/30\/panico-por-balacera-en-tuxpan-narcos-agreden-a-fuerzas-de-seguridad\/#article","isPartOf":{"@id":"https:\/\/periodicorealidades.com\/index.php\/2026\/08\/30\/panico-por-balacera-en-tuxpan-narcos-agreden-a-fuerzas-de-seguridad\/"},"author":{"name":"editor","@id":"https:\/\/periodicorealidades.com\/#\/schema\/person\/c27da34ee13acaec3162071a3e1c7832"},"headline":"Panico por balacera en Tuxpan, narcos agreden a fuerzas de seguridad","datePublished":"2026-08-31T05:33:40+00:00","dateModified":"2026-08-31T05:33:41+00:00","mainEntityOfPage":{"@id":"https:\/\/periodicorealidades.com\/index.php\/2026\/08\/30\/panico-por-balacera-en-tuxpan-narcos-agreden-a-fuerzas-de-seguridad\/"},"wordCount":209,"publisher":{"@id":"https:\/\/periodicorealidades.com\/#organization"},"image":{"@id":"https:\/\/periodicorealidades.com\/index.php\/2026\/08\/30\/panico-por-balacera-en-tuxpan-narcos-agreden-a-fuerzas-de-seguridad\/#primaryimage"},"thumbnailUrl":"https:\/\/periodicorealidades.com\/wp-content\/uploads\/2026\/08\/WhatsApp-Image-2026-08-30-at-9.42.05-PM.jpeg","articleSection":["Policiaca","Principal"],"inLanguage":"es"},{"@type":"WebPage","@id":"https:\/\/periodicorealidades.com\/index.php\/2026\/08\/30\/panico-por-balacera-en-tuxpan-narcos-agreden-a-fuerzas-de-seguridad\/","url":"https:\/\/periodicorealidades.com\/index.php\/2026\/08\/30\/panico-por-balacera-en-tuxpan-narcos-agreden-a-fuerzas-de-seguridad\/","name":"Panico por balacera en Tuxpan, narcos agreden a fuerzas de seguridad - Peri\u00f3dico Realidades","isPartOf":{"@id":"https:\/\/periodicorealidades.com\/#website"},"primaryImageOfPage":{"@id":"https:\/\/periodicorealidades.com\/index.php\/2026\/08\/30\/panico-por-balacera-en-tuxpan-narcos-agreden-a-fuerzas-de-seguridad\/#primaryimage"},"image":{"@id":"https:\/\/periodicorealidades.com\/index.php\/2026\/08\/30\/panico-por-balacera-en-tuxpan-narcos-agreden-a-fuerzas-de-seguridad\/#primaryimage"},"thumbnailUrl":"https:\/\/periodicorealidades.com\/wp-content\/uploads\/2026\/08\/WhatsApp-Image-2026-08-30-at-9.42.05-PM.jpeg","datePublished":"2026-08-31T05:33:40+00:00","dateModified":"2026-08-31T05:33:41+00:00","breadcrumb":{"@id":"https:\/\/periodicorealidades.com\/index.php\/2026\/08\/30\/panico-por-balacera-en-tuxpan-narcos-agreden-a-fuerzas-de-seguridad\/#breadcrumb"},"inLanguage":"es","potentialAction":[{"@type":"ReadAction","target":["https:\/\/periodicorealidades.com\/index.php\/2026\/08\/30\/panico-por-balacera-en-tuxpan-narcos-agreden-a-fuerzas-de-seguridad\/"]}]},{"@type":"ImageObject","inLanguage":"es","@id":"https:\/\/periodicorealidades.com\/index.php\/2026\/08\/30\/panico-por-balacera-en-tuxpan-narcos-agreden-a-fuerzas-de-seguridad\/#primaryimage","url":"https:\/\/periodicorealidades.com\/wp-content\/uploads\/2026\/08\/WhatsApp-Image-2026-08-30-at-9.42.05-PM.jpeg","contentUrl":"https:\/\/periodicorealidades.com\/wp-content\/uploads\/2026\/08\/WhatsApp-Image-2026-08-30-at-9.42.05-PM.jpeg","width":364,"height":304},{"@type":"BreadcrumbList","@id":"https:\/\/periodicorealidades.com\/index.php\/2026\/08\/30\/panico-por-balacera-en-tuxpan-narcos-agreden-a-fuerzas-de-seguridad\/#breadcrumb","itemListElement":[{"@type":"ListItem","position":1,"name":"Inicio","item":"https:\/\/periodicorealidades.com\/"},{"@type":"ListItem","position":2,"name":"Panico por balacera en Tuxpan, narcos agreden a fuerzas de seguridad"}]},{"@type":"WebSite","@id":"https:\/\/periodicorealidades.com\/#website","url":"https:\/\/periodicorealidades.com\/","name":"Peri\u00f3dico Realidades","description":"M\u00e9dio de comunicaci\u00f3n en Nayarit","publisher":{"@id":"https:\/\/periodicorealidades.com\/#organization"},"potentialAction":[{"@type":"SearchAction","target":{"@type":"EntryPoint","urlTemplate":"https:\/\/periodicorealidades.com\/?s={search_term_string}"},"query-input":{"@type":"PropertyValueSpecification","valueRequired":true,"valueName":"search_term_string"}}],"inLanguage":"es"},{"@type":"Organization","@id":"https:\/\/periodicorealidades.com\/#organization","name":"Peri\u00f3dico Realidades","url":"https:\/\/periodicorealidades.com\/","logo":{"@type":"ImageObject","inLanguage":"es","@id":"https:\/\/periodicorealidades.com\/#\/schema\/logo\/image\/","url":"https:\/\/periodicorealidades.com\/wp-content\/uploads\/2023\/05\/r-prueba.png","contentUrl":"https:\/\/periodicorealidades.com\/wp-content\/uploads\/2023\/05\/r-prueba.png","width":709,"height":709,"caption":"Peri\u00f3dico Realidades"},"image":{"@id":"https:\/\/periodicorealidades.com\/#\/schema\/logo\/image\/"},"sameAs":["https:\/\/www.facebook.com\/periodicorealidades.denayarit?mibextid=LQQJ4d"]},{"@type":"Person","@id":"https:\/\/periodicorealidades.com\/#\/schema\/person\/c27da34ee13acaec3162071a3e1c7832","name":"editor","image":{"@type":"ImageObject","inLanguage":"es","@id":"https:\/\/secure.gravatar.com\/avatar\/dda3c3f59ea25f4b53cd53df977b0b2628039b17268e57c944a79a00e8a56e26?s=96&d=mm&r=g","url":"https:\/\/secure.gravatar.com\/avatar\/dda3c3f59ea25f4b53cd53df977b0b2628039b17268e57c944a79a00e8a56e26?s=96&d=mm&r=g","contentUrl":"https:\/\/secure.gravatar.com\/avatar\/dda3c3f59ea25f4b53cd53df977b0b2628039b17268e57c944a79a00e8a56e26?s=96&d=mm&r=g","caption":"editor"},"url":"https:\/\/periodicorealidades.com\/index.php\/author\/editor\/"}]}},"_links":{"self":[{"href":"https:\/\/periodicorealidades.com\/index.php\/wp-json\/wp\/v2\/posts\/77741","targetHints":{"allow":["GET"]}}],"collection":[{"href":"https:\/\/periodicorealidades.com\/index.php\/wp-json\/wp\/v2\/posts"}],"about":[{"href":"https:\/\/periodicorealidades.com\/index.php\/wp-json\/wp\/v2\/types\/post"}],"author":[{"embeddable":true,"href":"https:\/\/periodicorealidades.com\/index.php\/wp-json\/wp\/v2\/users\/2"}],"replies":[{"embeddable":true,"href":"https:\/\/periodicorealidades.com\/index.php\/wp-json\/wp\/v2\/comments?post=77741"}],"version-history":[{"count":1,"href":"https:\/\/periodicorealidades.com\/index.php\/wp-json\/wp\/v2\/posts\/77741\/revisions"}],"predecessor-version":[{"id":77742,"href":"https:\/\/periodicorealidades.com\/index.php\/wp-json\/wp\/v2\/posts\/77741\/revisions\/77742"}],"wp:featuredmedia":[{"embeddable":true,"href":"https:\/\/periodicorealidades.com\/index.php\/wp-json\/wp\/v2\/media\/77720"}],"wp:attachment":[{"href":"https:\/\/periodicorealidades.com\/index.php\/wp-json\/wp\/v2\/media?parent=77741"}],"wp:term":[{"taxonomy":"category","embeddable":true,"href":"https:\/\/periodicorealidades.com\/index.php\/wp-json\/wp\/v2\/categories?post=77741"},{"taxonomy":"post_tag","embeddable":true,"href":"https:\/\/periodicorealidades.com\/index.php\/wp-json\/wp\/v2\/tags?post=77741"}],"curies":[{"name":"wp","href":"https:\/\/api.w.org\/{rel}","templated":true}]}}