{"id":77743,"date":"2026-08-30T22:41:53","date_gmt":"2026-08-31T05:41:53","guid":{"rendered":"https:\/\/periodicorealidades.com\/?p=77743"},"modified":"2026-08-30T22:49:03","modified_gmt":"2026-08-31T05:49:03","slug":"intensa-gira-de-manq-y-su-esposa-por-tepic-fortalecen-la-salud-y-la-atencion-especializada","status":"publish","type":"post","link":"https:\/\/periodicorealidades.com\/index.php\/2026\/08\/30\/intensa-gira-de-manq-y-su-esposa-por-tepic-fortalecen-la-salud-y-la-atencion-especializada\/","title":{"rendered":"Intensa gira de MANQ y su esposa por Tepic fortalecen la salud y la atencion especializada"},"content":{"rendered":"\n<p class=\"wp-block-paragraph\">Miguel \u00c1ngel Navarro y Beatriz Estrada fortalecen salud, bienestar y atenci\u00f3n especializada en Tepic, Durante su gira de trabajo entregaron el primer Memorial para el Reconocimiento y Dignificaci\u00f3n de las Personas Desaparecidas y supervisaron obras y equipamiento por cerca de 86 millones de pesos<\/p>\n\n\n\n<figure class=\"wp-block-gallery has-nested-images columns-default is-cropped wp-block-gallery-1 is-layout-flex wp-block-gallery-is-layout-flex\">\n<figure class=\"wp-block-image size-large\"><img loading=\"lazy\" decoding=\"async\" width=\"1024\" height=\"682\" data-id=\"77768\" src=\"https:\/\/periodicorealidades.com\/wp-content\/uploads\/2026\/08\/4-2-1024x682.jpg\" alt=\"\" class=\"wp-image-77768\" srcset=\"https:\/\/periodicorealidades.com\/wp-content\/uploads\/2026\/08\/4-2-1024x682.jpg 1024w, https:\/\/periodicorealidades.com\/wp-content\/uploads\/2026\/08\/4-2-300x200.jpg 300w, https:\/\/periodicorealidades.com\/wp-content\/uploads\/2026\/08\/4-2-768x512.jpg 768w, https:\/\/periodicorealidades.com\/wp-content\/uploads\/2026\/08\/4-2-696x464.jpg 696w, https:\/\/periodicorealidades.com\/wp-content\/uploads\/2026\/08\/4-2-1068x712.jpg 1068w, https:\/\/periodicorealidades.com\/wp-content\/uploads\/2026\/08\/4-2.jpg 1280w\" sizes=\"auto, (max-width: 1024px) 100vw, 1024px\" \/><\/figure>\n\n\n\n<figure class=\"wp-block-image size-large\"><img loading=\"lazy\" decoding=\"async\" width=\"1024\" height=\"682\" data-id=\"77769\" src=\"https:\/\/periodicorealidades.com\/wp-content\/uploads\/2026\/08\/5-1024x682.jpg\" alt=\"\" class=\"wp-image-77769\" srcset=\"https:\/\/periodicorealidades.com\/wp-content\/uploads\/2026\/08\/5-1024x682.jpg 1024w, https:\/\/periodicorealidades.com\/wp-content\/uploads\/2026\/08\/5-300x200.jpg 300w, https:\/\/periodicorealidades.com\/wp-content\/uploads\/2026\/08\/5-768x512.jpg 768w, https:\/\/periodicorealidades.com\/wp-content\/uploads\/2026\/08\/5-696x464.jpg 696w, https:\/\/periodicorealidades.com\/wp-content\/uploads\/2026\/08\/5-1068x712.jpg 1068w, https:\/\/periodicorealidades.com\/wp-content\/uploads\/2026\/08\/5.jpg 1280w\" sizes=\"auto, (max-width: 1024px) 100vw, 1024px\" \/><\/figure>\n\n\n\n<figure class=\"wp-block-image size-large\"><img loading=\"lazy\" decoding=\"async\" width=\"1024\" height=\"682\" data-id=\"77767\" src=\"https:\/\/periodicorealidades.com\/wp-content\/uploads\/2026\/08\/3-2-1024x682.jpg\" alt=\"\" class=\"wp-image-77767\" srcset=\"https:\/\/periodicorealidades.com\/wp-content\/uploads\/2026\/08\/3-2-1024x682.jpg 1024w, https:\/\/periodicorealidades.com\/wp-content\/uploads\/2026\/08\/3-2-300x200.jpg 300w, https:\/\/periodicorealidades.com\/wp-content\/uploads\/2026\/08\/3-2-768x512.jpg 768w, https:\/\/periodicorealidades.com\/wp-content\/uploads\/2026\/08\/3-2-696x464.jpg 696w, https:\/\/periodicorealidades.com\/wp-content\/uploads\/2026\/08\/3-2-1068x712.jpg 1068w, https:\/\/periodicorealidades.com\/wp-content\/uploads\/2026\/08\/3-2.jpg 1280w\" sizes=\"auto, (max-width: 1024px) 100vw, 1024px\" \/><\/figure>\n<\/figure>\n\n\n\n<p class=\"wp-block-paragraph\">Por: Bolet\u00ecn<\/p>\n\n\n\n<p class=\"wp-block-paragraph\">Tepic, Nayarit; lunes, 31 de agosto de 2026.- El gobernador del estado, Miguel \u00c1ngel Navarro Quintero, y su esposa, la presidenta del Sistema DIF Nayarit, doctora Beatriz Estrada Mart\u00ednez, realizaron este domingo una gira de trabajo por Tepic, donde entregaron el primer Memorial para el Reconocimiento y Dignificaci\u00f3n de las Personas Desaparecidas y supervisaron proyectos en materia de salud, atenci\u00f3n especializada y bienestar de la ni\u00f1ez.<\/p>\n\n\n\n<figure class=\"wp-block-gallery has-nested-images columns-default is-cropped wp-block-gallery-2 is-layout-flex wp-block-gallery-is-layout-flex\">\n<figure class=\"wp-block-image size-large\"><img loading=\"lazy\" decoding=\"async\" width=\"1024\" height=\"682\" data-id=\"77766\" src=\"https:\/\/periodicorealidades.com\/wp-content\/uploads\/2026\/08\/2-2-1024x682.jpg\" alt=\"\" class=\"wp-image-77766\" srcset=\"https:\/\/periodicorealidades.com\/wp-content\/uploads\/2026\/08\/2-2-1024x682.jpg 1024w, https:\/\/periodicorealidades.com\/wp-content\/uploads\/2026\/08\/2-2-300x200.jpg 300w, https:\/\/periodicorealidades.com\/wp-content\/uploads\/2026\/08\/2-2-768x512.jpg 768w, https:\/\/periodicorealidades.com\/wp-content\/uploads\/2026\/08\/2-2-696x464.jpg 696w, https:\/\/periodicorealidades.com\/wp-content\/uploads\/2026\/08\/2-2-1068x712.jpg 1068w, https:\/\/periodicorealidades.com\/wp-content\/uploads\/2026\/08\/2-2.jpg 1280w\" sizes=\"auto, (max-width: 1024px) 100vw, 1024px\" \/><\/figure>\n\n\n\n<figure class=\"wp-block-image size-large\"><img loading=\"lazy\" decoding=\"async\" width=\"1024\" height=\"682\" data-id=\"77765\" src=\"https:\/\/periodicorealidades.com\/wp-content\/uploads\/2026\/08\/WhatsApp-Image-2026-08-30-at-8.59.23-PM-1024x682.jpeg\" alt=\"\" class=\"wp-image-77765\" srcset=\"https:\/\/periodicorealidades.com\/wp-content\/uploads\/2026\/08\/WhatsApp-Image-2026-08-30-at-8.59.23-PM-1024x682.jpeg 1024w, https:\/\/periodicorealidades.com\/wp-content\/uploads\/2026\/08\/WhatsApp-Image-2026-08-30-at-8.59.23-PM-300x200.jpeg 300w, https:\/\/periodicorealidades.com\/wp-content\/uploads\/2026\/08\/WhatsApp-Image-2026-08-30-at-8.59.23-PM-768x512.jpeg 768w, https:\/\/periodicorealidades.com\/wp-content\/uploads\/2026\/08\/WhatsApp-Image-2026-08-30-at-8.59.23-PM-696x464.jpeg 696w, https:\/\/periodicorealidades.com\/wp-content\/uploads\/2026\/08\/WhatsApp-Image-2026-08-30-at-8.59.23-PM-1068x712.jpeg 1068w, https:\/\/periodicorealidades.com\/wp-content\/uploads\/2026\/08\/WhatsApp-Image-2026-08-30-at-8.59.23-PM.jpeg 1280w\" sizes=\"auto, (max-width: 1024px) 100vw, 1024px\" \/><\/figure>\n\n\n\n<figure class=\"wp-block-image size-large\"><img loading=\"lazy\" decoding=\"async\" width=\"1024\" height=\"682\" data-id=\"77764\" src=\"https:\/\/periodicorealidades.com\/wp-content\/uploads\/2026\/08\/WhatsApp-Image-2026-08-30-at-8.59.23-PM-3-1024x682.jpeg\" alt=\"\" class=\"wp-image-77764\" srcset=\"https:\/\/periodicorealidades.com\/wp-content\/uploads\/2026\/08\/WhatsApp-Image-2026-08-30-at-8.59.23-PM-3-1024x682.jpeg 1024w, https:\/\/periodicorealidades.com\/wp-content\/uploads\/2026\/08\/WhatsApp-Image-2026-08-30-at-8.59.23-PM-3-300x200.jpeg 300w, https:\/\/periodicorealidades.com\/wp-content\/uploads\/2026\/08\/WhatsApp-Image-2026-08-30-at-8.59.23-PM-3-768x512.jpeg 768w, https:\/\/periodicorealidades.com\/wp-content\/uploads\/2026\/08\/WhatsApp-Image-2026-08-30-at-8.59.23-PM-3-696x464.jpeg 696w, https:\/\/periodicorealidades.com\/wp-content\/uploads\/2026\/08\/WhatsApp-Image-2026-08-30-at-8.59.23-PM-3-1068x712.jpeg 1068w, https:\/\/periodicorealidades.com\/wp-content\/uploads\/2026\/08\/WhatsApp-Image-2026-08-30-at-8.59.23-PM-3.jpeg 1280w\" sizes=\"auto, (max-width: 1024px) 100vw, 1024px\" \/><\/figure>\n\n\n\n<figure class=\"wp-block-image size-large\"><img loading=\"lazy\" decoding=\"async\" width=\"1024\" height=\"682\" data-id=\"77763\" src=\"https:\/\/periodicorealidades.com\/wp-content\/uploads\/2026\/08\/WhatsApp-Image-2026-08-30-at-8.59.23-PM-2-1024x682.jpeg\" alt=\"\" class=\"wp-image-77763\" srcset=\"https:\/\/periodicorealidades.com\/wp-content\/uploads\/2026\/08\/WhatsApp-Image-2026-08-30-at-8.59.23-PM-2-1024x682.jpeg 1024w, https:\/\/periodicorealidades.com\/wp-content\/uploads\/2026\/08\/WhatsApp-Image-2026-08-30-at-8.59.23-PM-2-300x200.jpeg 300w, https:\/\/periodicorealidades.com\/wp-content\/uploads\/2026\/08\/WhatsApp-Image-2026-08-30-at-8.59.23-PM-2-768x512.jpeg 768w, https:\/\/periodicorealidades.com\/wp-content\/uploads\/2026\/08\/WhatsApp-Image-2026-08-30-at-8.59.23-PM-2-696x464.jpeg 696w, https:\/\/periodicorealidades.com\/wp-content\/uploads\/2026\/08\/WhatsApp-Image-2026-08-30-at-8.59.23-PM-2-1068x712.jpeg 1068w, https:\/\/periodicorealidades.com\/wp-content\/uploads\/2026\/08\/WhatsApp-Image-2026-08-30-at-8.59.23-PM-2.jpeg 1280w\" sizes=\"auto, (max-width: 1024px) 100vw, 1024px\" \/><\/figure>\n\n\n\n<figure class=\"wp-block-image size-large\"><img loading=\"lazy\" decoding=\"async\" width=\"1024\" height=\"682\" data-id=\"77762\" src=\"https:\/\/periodicorealidades.com\/wp-content\/uploads\/2026\/08\/WhatsApp-Image-2026-08-30-at-8.59.23-PM-1-1024x682.jpeg\" alt=\"\" class=\"wp-image-77762\" srcset=\"https:\/\/periodicorealidades.com\/wp-content\/uploads\/2026\/08\/WhatsApp-Image-2026-08-30-at-8.59.23-PM-1-1024x682.jpeg 1024w, https:\/\/periodicorealidades.com\/wp-content\/uploads\/2026\/08\/WhatsApp-Image-2026-08-30-at-8.59.23-PM-1-300x200.jpeg 300w, https:\/\/periodicorealidades.com\/wp-content\/uploads\/2026\/08\/WhatsApp-Image-2026-08-30-at-8.59.23-PM-1-768x512.jpeg 768w, https:\/\/periodicorealidades.com\/wp-content\/uploads\/2026\/08\/WhatsApp-Image-2026-08-30-at-8.59.23-PM-1-696x464.jpeg 696w, https:\/\/periodicorealidades.com\/wp-content\/uploads\/2026\/08\/WhatsApp-Image-2026-08-30-at-8.59.23-PM-1-1068x712.jpeg 1068w, https:\/\/periodicorealidades.com\/wp-content\/uploads\/2026\/08\/WhatsApp-Image-2026-08-30-at-8.59.23-PM-1.jpeg 1280w\" sizes=\"auto, (max-width: 1024px) 100vw, 1024px\" \/><\/figure>\n<\/figure>\n\n\n\n<p class=\"wp-block-paragraph\">El Memorial re\u00fane 276 placas con los nombres de personas desaparecidas y constituye un espacio para preservar su memoria y acompa\u00f1ar la exigencia de verdad y justicia de sus familias. Navarro Quintero afirm\u00f3 que la b\u00fasqueda debe continuar con sensibilidad y responsabilidad, y asegur\u00f3 que su compromiso con las familias y colectivos permanecer\u00e1 m\u00e1s all\u00e1 de su encargo como gobernador.<\/p>\n\n\n\n<figure class=\"wp-block-gallery has-nested-images columns-default is-cropped wp-block-gallery-3 is-layout-flex wp-block-gallery-is-layout-flex\">\n<figure class=\"wp-block-image size-large\"><img loading=\"lazy\" decoding=\"async\" width=\"1024\" height=\"682\" data-id=\"77761\" src=\"https:\/\/periodicorealidades.com\/wp-content\/uploads\/2026\/08\/WhatsApp-Image-2026-08-30-at-8.59.22-PM-1024x682.jpeg\" alt=\"\" class=\"wp-image-77761\" srcset=\"https:\/\/periodicorealidades.com\/wp-content\/uploads\/2026\/08\/WhatsApp-Image-2026-08-30-at-8.59.22-PM-1024x682.jpeg 1024w, https:\/\/periodicorealidades.com\/wp-content\/uploads\/2026\/08\/WhatsApp-Image-2026-08-30-at-8.59.22-PM-300x200.jpeg 300w, https:\/\/periodicorealidades.com\/wp-content\/uploads\/2026\/08\/WhatsApp-Image-2026-08-30-at-8.59.22-PM-768x512.jpeg 768w, https:\/\/periodicorealidades.com\/wp-content\/uploads\/2026\/08\/WhatsApp-Image-2026-08-30-at-8.59.22-PM-696x464.jpeg 696w, https:\/\/periodicorealidades.com\/wp-content\/uploads\/2026\/08\/WhatsApp-Image-2026-08-30-at-8.59.22-PM-1068x712.jpeg 1068w, https:\/\/periodicorealidades.com\/wp-content\/uploads\/2026\/08\/WhatsApp-Image-2026-08-30-at-8.59.22-PM.jpeg 1280w\" sizes=\"auto, (max-width: 1024px) 100vw, 1024px\" \/><\/figure>\n\n\n\n<figure class=\"wp-block-image size-large\"><img loading=\"lazy\" decoding=\"async\" width=\"1024\" height=\"682\" data-id=\"77760\" src=\"https:\/\/periodicorealidades.com\/wp-content\/uploads\/2026\/08\/WhatsApp-Image-2026-08-30-at-8.59.22-PM-2-1024x682.jpeg\" alt=\"\" class=\"wp-image-77760\" srcset=\"https:\/\/periodicorealidades.com\/wp-content\/uploads\/2026\/08\/WhatsApp-Image-2026-08-30-at-8.59.22-PM-2-1024x682.jpeg 1024w, https:\/\/periodicorealidades.com\/wp-content\/uploads\/2026\/08\/WhatsApp-Image-2026-08-30-at-8.59.22-PM-2-300x200.jpeg 300w, https:\/\/periodicorealidades.com\/wp-content\/uploads\/2026\/08\/WhatsApp-Image-2026-08-30-at-8.59.22-PM-2-768x511.jpeg 768w, https:\/\/periodicorealidades.com\/wp-content\/uploads\/2026\/08\/WhatsApp-Image-2026-08-30-at-8.59.22-PM-2-696x463.jpeg 696w, https:\/\/periodicorealidades.com\/wp-content\/uploads\/2026\/08\/WhatsApp-Image-2026-08-30-at-8.59.22-PM-2-1068x711.jpeg 1068w, https:\/\/periodicorealidades.com\/wp-content\/uploads\/2026\/08\/WhatsApp-Image-2026-08-30-at-8.59.22-PM-2.jpeg 1280w\" sizes=\"auto, (max-width: 1024px) 100vw, 1024px\" \/><\/figure>\n\n\n\n<figure class=\"wp-block-image size-large\"><img loading=\"lazy\" decoding=\"async\" width=\"1024\" height=\"682\" data-id=\"77759\" src=\"https:\/\/periodicorealidades.com\/wp-content\/uploads\/2026\/08\/WhatsApp-Image-2026-08-30-at-8.59.22-PM-1-1024x682.jpeg\" alt=\"\" class=\"wp-image-77759\" srcset=\"https:\/\/periodicorealidades.com\/wp-content\/uploads\/2026\/08\/WhatsApp-Image-2026-08-30-at-8.59.22-PM-1-1024x682.jpeg 1024w, https:\/\/periodicorealidades.com\/wp-content\/uploads\/2026\/08\/WhatsApp-Image-2026-08-30-at-8.59.22-PM-1-300x200.jpeg 300w, https:\/\/periodicorealidades.com\/wp-content\/uploads\/2026\/08\/WhatsApp-Image-2026-08-30-at-8.59.22-PM-1-768x512.jpeg 768w, https:\/\/periodicorealidades.com\/wp-content\/uploads\/2026\/08\/WhatsApp-Image-2026-08-30-at-8.59.22-PM-1-696x464.jpeg 696w, https:\/\/periodicorealidades.com\/wp-content\/uploads\/2026\/08\/WhatsApp-Image-2026-08-30-at-8.59.22-PM-1-1068x712.jpeg 1068w, https:\/\/periodicorealidades.com\/wp-content\/uploads\/2026\/08\/WhatsApp-Image-2026-08-30-at-8.59.22-PM-1.jpeg 1280w\" sizes=\"auto, (max-width: 1024px) 100vw, 1024px\" \/><\/figure>\n\n\n\n<figure class=\"wp-block-image size-large\"><img loading=\"lazy\" decoding=\"async\" width=\"682\" height=\"1024\" data-id=\"77758\" src=\"https:\/\/periodicorealidades.com\/wp-content\/uploads\/2026\/08\/WhatsApp-Image-2026-08-30-at-9.00.03-PM-682x1024.jpeg\" alt=\"\" class=\"wp-image-77758\" srcset=\"https:\/\/periodicorealidades.com\/wp-content\/uploads\/2026\/08\/WhatsApp-Image-2026-08-30-at-9.00.03-PM-682x1024.jpeg 682w, https:\/\/periodicorealidades.com\/wp-content\/uploads\/2026\/08\/WhatsApp-Image-2026-08-30-at-9.00.03-PM-200x300.jpeg 200w, https:\/\/periodicorealidades.com\/wp-content\/uploads\/2026\/08\/WhatsApp-Image-2026-08-30-at-9.00.03-PM-768x1152.jpeg 768w, https:\/\/periodicorealidades.com\/wp-content\/uploads\/2026\/08\/WhatsApp-Image-2026-08-30-at-9.00.03-PM-696x1044.jpeg 696w, https:\/\/periodicorealidades.com\/wp-content\/uploads\/2026\/08\/WhatsApp-Image-2026-08-30-at-9.00.03-PM.jpeg 853w\" sizes=\"auto, (max-width: 682px) 100vw, 682px\" \/><\/figure>\n\n\n\n<figure class=\"wp-block-image size-large\"><img loading=\"lazy\" decoding=\"async\" width=\"1024\" height=\"682\" data-id=\"77757\" src=\"https:\/\/periodicorealidades.com\/wp-content\/uploads\/2026\/08\/WhatsApp-Image-2026-08-30-at-9.00.02-PM-1024x682.jpeg\" alt=\"\" class=\"wp-image-77757\" srcset=\"https:\/\/periodicorealidades.com\/wp-content\/uploads\/2026\/08\/WhatsApp-Image-2026-08-30-at-9.00.02-PM-1024x682.jpeg 1024w, https:\/\/periodicorealidades.com\/wp-content\/uploads\/2026\/08\/WhatsApp-Image-2026-08-30-at-9.00.02-PM-300x200.jpeg 300w, https:\/\/periodicorealidades.com\/wp-content\/uploads\/2026\/08\/WhatsApp-Image-2026-08-30-at-9.00.02-PM-768x512.jpeg 768w, https:\/\/periodicorealidades.com\/wp-content\/uploads\/2026\/08\/WhatsApp-Image-2026-08-30-at-9.00.02-PM-696x464.jpeg 696w, https:\/\/periodicorealidades.com\/wp-content\/uploads\/2026\/08\/WhatsApp-Image-2026-08-30-at-9.00.02-PM-1068x712.jpeg 1068w, https:\/\/periodicorealidades.com\/wp-content\/uploads\/2026\/08\/WhatsApp-Image-2026-08-30-at-9.00.02-PM.jpeg 1280w\" sizes=\"auto, (max-width: 1024px) 100vw, 1024px\" \/><\/figure>\n<\/figure>\n\n\n\n<p class=\"wp-block-paragraph\">\u201cEste memorial al cual venimos el d\u00eda de hoy, ustedes nos han dicho, no soluciona el problema; mantiene viva la llama de esperanza de encontrarlos vivos, pero la llama de seguirlas y seguirlos buscando, eso no podemos nosotros sepultarlo. Tengan la seguridad de que hoy como gobierno, el d\u00eda de ma\u00f1ana como ciudadano, estar\u00e9 hermanado con ustedes en el dolor\u201d, reiter\u00f3.<\/p>\n\n\n\n<figure class=\"wp-block-gallery has-nested-images columns-default is-cropped wp-block-gallery-4 is-layout-flex wp-block-gallery-is-layout-flex\">\n<figure class=\"wp-block-image size-large\"><img loading=\"lazy\" decoding=\"async\" width=\"1024\" height=\"682\" data-id=\"77756\" src=\"https:\/\/periodicorealidades.com\/wp-content\/uploads\/2026\/08\/WhatsApp-Image-2026-08-30-at-9.00.01-PM-1024x682.jpeg\" alt=\"\" class=\"wp-image-77756\" srcset=\"https:\/\/periodicorealidades.com\/wp-content\/uploads\/2026\/08\/WhatsApp-Image-2026-08-30-at-9.00.01-PM-1024x682.jpeg 1024w, https:\/\/periodicorealidades.com\/wp-content\/uploads\/2026\/08\/WhatsApp-Image-2026-08-30-at-9.00.01-PM-300x200.jpeg 300w, https:\/\/periodicorealidades.com\/wp-content\/uploads\/2026\/08\/WhatsApp-Image-2026-08-30-at-9.00.01-PM-768x511.jpeg 768w, https:\/\/periodicorealidades.com\/wp-content\/uploads\/2026\/08\/WhatsApp-Image-2026-08-30-at-9.00.01-PM-696x463.jpeg 696w, https:\/\/periodicorealidades.com\/wp-content\/uploads\/2026\/08\/WhatsApp-Image-2026-08-30-at-9.00.01-PM-1068x711.jpeg 1068w, https:\/\/periodicorealidades.com\/wp-content\/uploads\/2026\/08\/WhatsApp-Image-2026-08-30-at-9.00.01-PM.jpeg 1280w\" sizes=\"auto, (max-width: 1024px) 100vw, 1024px\" \/><\/figure>\n\n\n\n<figure class=\"wp-block-image size-large\"><img loading=\"lazy\" decoding=\"async\" width=\"1024\" height=\"682\" data-id=\"77755\" src=\"https:\/\/periodicorealidades.com\/wp-content\/uploads\/2026\/08\/WhatsApp-Image-2026-08-30-at-9.00.01-PM-2-1024x682.jpeg\" alt=\"\" class=\"wp-image-77755\" srcset=\"https:\/\/periodicorealidades.com\/wp-content\/uploads\/2026\/08\/WhatsApp-Image-2026-08-30-at-9.00.01-PM-2-1024x682.jpeg 1024w, https:\/\/periodicorealidades.com\/wp-content\/uploads\/2026\/08\/WhatsApp-Image-2026-08-30-at-9.00.01-PM-2-300x200.jpeg 300w, https:\/\/periodicorealidades.com\/wp-content\/uploads\/2026\/08\/WhatsApp-Image-2026-08-30-at-9.00.01-PM-2-768x511.jpeg 768w, https:\/\/periodicorealidades.com\/wp-content\/uploads\/2026\/08\/WhatsApp-Image-2026-08-30-at-9.00.01-PM-2-696x463.jpeg 696w, https:\/\/periodicorealidades.com\/wp-content\/uploads\/2026\/08\/WhatsApp-Image-2026-08-30-at-9.00.01-PM-2-1068x711.jpeg 1068w, https:\/\/periodicorealidades.com\/wp-content\/uploads\/2026\/08\/WhatsApp-Image-2026-08-30-at-9.00.01-PM-2.jpeg 1280w\" sizes=\"auto, (max-width: 1024px) 100vw, 1024px\" \/><\/figure>\n\n\n\n<figure class=\"wp-block-image size-large\"><img loading=\"lazy\" decoding=\"async\" width=\"1024\" height=\"682\" data-id=\"77754\" src=\"https:\/\/periodicorealidades.com\/wp-content\/uploads\/2026\/08\/WhatsApp-Image-2026-08-30-at-9.00.01-PM-1-1024x682.jpeg\" alt=\"\" class=\"wp-image-77754\" srcset=\"https:\/\/periodicorealidades.com\/wp-content\/uploads\/2026\/08\/WhatsApp-Image-2026-08-30-at-9.00.01-PM-1-1024x682.jpeg 1024w, https:\/\/periodicorealidades.com\/wp-content\/uploads\/2026\/08\/WhatsApp-Image-2026-08-30-at-9.00.01-PM-1-300x200.jpeg 300w, https:\/\/periodicorealidades.com\/wp-content\/uploads\/2026\/08\/WhatsApp-Image-2026-08-30-at-9.00.01-PM-1-768x512.jpeg 768w, https:\/\/periodicorealidades.com\/wp-content\/uploads\/2026\/08\/WhatsApp-Image-2026-08-30-at-9.00.01-PM-1-696x464.jpeg 696w, https:\/\/periodicorealidades.com\/wp-content\/uploads\/2026\/08\/WhatsApp-Image-2026-08-30-at-9.00.01-PM-1-1068x712.jpeg 1068w, https:\/\/periodicorealidades.com\/wp-content\/uploads\/2026\/08\/WhatsApp-Image-2026-08-30-at-9.00.01-PM-1.jpeg 1280w\" sizes=\"auto, (max-width: 1024px) 100vw, 1024px\" \/><\/figure>\n\n\n\n<figure class=\"wp-block-image size-large\"><img loading=\"lazy\" decoding=\"async\" width=\"1024\" height=\"682\" data-id=\"77753\" src=\"https:\/\/periodicorealidades.com\/wp-content\/uploads\/2026\/08\/WhatsApp-Image-2026-08-30-at-9.00.00-PM-1024x682.jpeg\" alt=\"\" class=\"wp-image-77753\" srcset=\"https:\/\/periodicorealidades.com\/wp-content\/uploads\/2026\/08\/WhatsApp-Image-2026-08-30-at-9.00.00-PM-1024x682.jpeg 1024w, https:\/\/periodicorealidades.com\/wp-content\/uploads\/2026\/08\/WhatsApp-Image-2026-08-30-at-9.00.00-PM-300x200.jpeg 300w, https:\/\/periodicorealidades.com\/wp-content\/uploads\/2026\/08\/WhatsApp-Image-2026-08-30-at-9.00.00-PM-768x512.jpeg 768w, https:\/\/periodicorealidades.com\/wp-content\/uploads\/2026\/08\/WhatsApp-Image-2026-08-30-at-9.00.00-PM-696x464.jpeg 696w, https:\/\/periodicorealidades.com\/wp-content\/uploads\/2026\/08\/WhatsApp-Image-2026-08-30-at-9.00.00-PM-1068x712.jpeg 1068w, https:\/\/periodicorealidades.com\/wp-content\/uploads\/2026\/08\/WhatsApp-Image-2026-08-30-at-9.00.00-PM.jpeg 1280w\" sizes=\"auto, (max-width: 1024px) 100vw, 1024px\" \/><\/figure>\n\n\n\n<figure class=\"wp-block-image size-large\"><img loading=\"lazy\" decoding=\"async\" width=\"1024\" height=\"682\" data-id=\"77752\" src=\"https:\/\/periodicorealidades.com\/wp-content\/uploads\/2026\/08\/WhatsApp-Image-2026-08-30-at-9.00.00-PM-1-1024x682.jpeg\" alt=\"\" class=\"wp-image-77752\" srcset=\"https:\/\/periodicorealidades.com\/wp-content\/uploads\/2026\/08\/WhatsApp-Image-2026-08-30-at-9.00.00-PM-1-1024x682.jpeg 1024w, https:\/\/periodicorealidades.com\/wp-content\/uploads\/2026\/08\/WhatsApp-Image-2026-08-30-at-9.00.00-PM-1-300x200.jpeg 300w, https:\/\/periodicorealidades.com\/wp-content\/uploads\/2026\/08\/WhatsApp-Image-2026-08-30-at-9.00.00-PM-1-768x511.jpeg 768w, https:\/\/periodicorealidades.com\/wp-content\/uploads\/2026\/08\/WhatsApp-Image-2026-08-30-at-9.00.00-PM-1-696x463.jpeg 696w, https:\/\/periodicorealidades.com\/wp-content\/uploads\/2026\/08\/WhatsApp-Image-2026-08-30-at-9.00.00-PM-1-1068x711.jpeg 1068w, https:\/\/periodicorealidades.com\/wp-content\/uploads\/2026\/08\/WhatsApp-Image-2026-08-30-at-9.00.00-PM-1.jpeg 1280w\" sizes=\"auto, (max-width: 1024px) 100vw, 1024px\" \/><\/figure>\n<\/figure>\n\n\n\n<p class=\"wp-block-paragraph\">En materia de salud, Navarro Quintero y Estrada Mart\u00ednez entregaron dos torres de laparoscopia adquiridas con una inversi\u00f3n estatal de 6 millones de pesos: una en el Hospital de Especialidades IMSS-Bienestar \u201cDr. Antonio Gonz\u00e1lez Guevara\u201d y otra en la UNEME. El nuevo equipamiento permitir\u00e1 ampliar la capacidad para realizar cirug\u00edas de m\u00ednima invasi\u00f3n, con menor dolor, recuperaci\u00f3n m\u00e1s r\u00e1pida y menor estancia hospitalaria.<\/p>\n\n\n\n<figure class=\"wp-block-gallery has-nested-images columns-default is-cropped wp-block-gallery-5 is-layout-flex wp-block-gallery-is-layout-flex\">\n<figure class=\"wp-block-image size-large\"><img loading=\"lazy\" decoding=\"async\" width=\"1024\" height=\"682\" data-id=\"77750\" src=\"https:\/\/periodicorealidades.com\/wp-content\/uploads\/2026\/08\/WhatsApp-Image-2026-08-30-at-8.59.59-PM-3-1024x682.jpeg\" alt=\"\" class=\"wp-image-77750\" srcset=\"https:\/\/periodicorealidades.com\/wp-content\/uploads\/2026\/08\/WhatsApp-Image-2026-08-30-at-8.59.59-PM-3-1024x682.jpeg 1024w, https:\/\/periodicorealidades.com\/wp-content\/uploads\/2026\/08\/WhatsApp-Image-2026-08-30-at-8.59.59-PM-3-300x200.jpeg 300w, https:\/\/periodicorealidades.com\/wp-content\/uploads\/2026\/08\/WhatsApp-Image-2026-08-30-at-8.59.59-PM-3-768x511.jpeg 768w, https:\/\/periodicorealidades.com\/wp-content\/uploads\/2026\/08\/WhatsApp-Image-2026-08-30-at-8.59.59-PM-3-696x463.jpeg 696w, https:\/\/periodicorealidades.com\/wp-content\/uploads\/2026\/08\/WhatsApp-Image-2026-08-30-at-8.59.59-PM-3-1068x711.jpeg 1068w, https:\/\/periodicorealidades.com\/wp-content\/uploads\/2026\/08\/WhatsApp-Image-2026-08-30-at-8.59.59-PM-3.jpeg 1280w\" sizes=\"auto, (max-width: 1024px) 100vw, 1024px\" \/><\/figure>\n\n\n\n<figure class=\"wp-block-image size-large\"><img loading=\"lazy\" decoding=\"async\" width=\"1024\" height=\"682\" data-id=\"77749\" src=\"https:\/\/periodicorealidades.com\/wp-content\/uploads\/2026\/08\/WhatsApp-Image-2026-08-30-at-8.59.59-PM-2-1024x682.jpeg\" alt=\"\" class=\"wp-image-77749\" srcset=\"https:\/\/periodicorealidades.com\/wp-content\/uploads\/2026\/08\/WhatsApp-Image-2026-08-30-at-8.59.59-PM-2-1024x682.jpeg 1024w, https:\/\/periodicorealidades.com\/wp-content\/uploads\/2026\/08\/WhatsApp-Image-2026-08-30-at-8.59.59-PM-2-300x200.jpeg 300w, https:\/\/periodicorealidades.com\/wp-content\/uploads\/2026\/08\/WhatsApp-Image-2026-08-30-at-8.59.59-PM-2-768x512.jpeg 768w, https:\/\/periodicorealidades.com\/wp-content\/uploads\/2026\/08\/WhatsApp-Image-2026-08-30-at-8.59.59-PM-2-696x464.jpeg 696w, https:\/\/periodicorealidades.com\/wp-content\/uploads\/2026\/08\/WhatsApp-Image-2026-08-30-at-8.59.59-PM-2-1068x712.jpeg 1068w, https:\/\/periodicorealidades.com\/wp-content\/uploads\/2026\/08\/WhatsApp-Image-2026-08-30-at-8.59.59-PM-2.jpeg 1280w\" sizes=\"auto, (max-width: 1024px) 100vw, 1024px\" \/><\/figure>\n\n\n\n<figure class=\"wp-block-image size-large\"><img loading=\"lazy\" decoding=\"async\" width=\"1024\" height=\"682\" data-id=\"77748\" src=\"https:\/\/periodicorealidades.com\/wp-content\/uploads\/2026\/08\/WhatsApp-Image-2026-08-30-at-8.59.59-PM-1-1024x682.jpeg\" alt=\"\" class=\"wp-image-77748\" srcset=\"https:\/\/periodicorealidades.com\/wp-content\/uploads\/2026\/08\/WhatsApp-Image-2026-08-30-at-8.59.59-PM-1-1024x682.jpeg 1024w, https:\/\/periodicorealidades.com\/wp-content\/uploads\/2026\/08\/WhatsApp-Image-2026-08-30-at-8.59.59-PM-1-300x200.jpeg 300w, https:\/\/periodicorealidades.com\/wp-content\/uploads\/2026\/08\/WhatsApp-Image-2026-08-30-at-8.59.59-PM-1-768x511.jpeg 768w, https:\/\/periodicorealidades.com\/wp-content\/uploads\/2026\/08\/WhatsApp-Image-2026-08-30-at-8.59.59-PM-1-696x463.jpeg 696w, https:\/\/periodicorealidades.com\/wp-content\/uploads\/2026\/08\/WhatsApp-Image-2026-08-30-at-8.59.59-PM-1-1068x711.jpeg 1068w, https:\/\/periodicorealidades.com\/wp-content\/uploads\/2026\/08\/WhatsApp-Image-2026-08-30-at-8.59.59-PM-1.jpeg 1280w\" sizes=\"auto, (max-width: 1024px) 100vw, 1024px\" \/><\/figure>\n\n\n\n<figure class=\"wp-block-image size-large\"><img loading=\"lazy\" decoding=\"async\" width=\"1024\" height=\"682\" data-id=\"77747\" src=\"https:\/\/periodicorealidades.com\/wp-content\/uploads\/2026\/08\/WhatsApp-Image-2026-08-30-at-8.59.58-PM-1024x682.jpeg\" alt=\"\" class=\"wp-image-77747\" srcset=\"https:\/\/periodicorealidades.com\/wp-content\/uploads\/2026\/08\/WhatsApp-Image-2026-08-30-at-8.59.58-PM-1024x682.jpeg 1024w, https:\/\/periodicorealidades.com\/wp-content\/uploads\/2026\/08\/WhatsApp-Image-2026-08-30-at-8.59.58-PM-300x200.jpeg 300w, https:\/\/periodicorealidades.com\/wp-content\/uploads\/2026\/08\/WhatsApp-Image-2026-08-30-at-8.59.58-PM-768x511.jpeg 768w, https:\/\/periodicorealidades.com\/wp-content\/uploads\/2026\/08\/WhatsApp-Image-2026-08-30-at-8.59.58-PM-696x463.jpeg 696w, https:\/\/periodicorealidades.com\/wp-content\/uploads\/2026\/08\/WhatsApp-Image-2026-08-30-at-8.59.58-PM-1068x711.jpeg 1068w, https:\/\/periodicorealidades.com\/wp-content\/uploads\/2026\/08\/WhatsApp-Image-2026-08-30-at-8.59.58-PM.jpeg 1280w\" sizes=\"auto, (max-width: 1024px) 100vw, 1024px\" \/><\/figure>\n\n\n\n<figure class=\"wp-block-image size-large\"><img loading=\"lazy\" decoding=\"async\" width=\"1024\" height=\"682\" data-id=\"77746\" src=\"https:\/\/periodicorealidades.com\/wp-content\/uploads\/2026\/08\/WhatsApp-Image-2026-08-30-at-8.59.58-PM-2-1024x682.jpeg\" alt=\"\" class=\"wp-image-77746\" srcset=\"https:\/\/periodicorealidades.com\/wp-content\/uploads\/2026\/08\/WhatsApp-Image-2026-08-30-at-8.59.58-PM-2-1024x682.jpeg 1024w, https:\/\/periodicorealidades.com\/wp-content\/uploads\/2026\/08\/WhatsApp-Image-2026-08-30-at-8.59.58-PM-2-300x200.jpeg 300w, https:\/\/periodicorealidades.com\/wp-content\/uploads\/2026\/08\/WhatsApp-Image-2026-08-30-at-8.59.58-PM-2-768x511.jpeg 768w, https:\/\/periodicorealidades.com\/wp-content\/uploads\/2026\/08\/WhatsApp-Image-2026-08-30-at-8.59.58-PM-2-696x463.jpeg 696w, https:\/\/periodicorealidades.com\/wp-content\/uploads\/2026\/08\/WhatsApp-Image-2026-08-30-at-8.59.58-PM-2-1068x711.jpeg 1068w, https:\/\/periodicorealidades.com\/wp-content\/uploads\/2026\/08\/WhatsApp-Image-2026-08-30-at-8.59.58-PM-2.jpeg 1280w\" sizes=\"auto, (max-width: 1024px) 100vw, 1024px\" \/><\/figure>\n<\/figure>\n\n\n\n<p class=\"wp-block-paragraph\">La jornada continu\u00f3 en el CENDI DIF de Tepic, que a 50 a\u00f1os de su creaci\u00f3n recibe una renovaci\u00f3n integral con 6.8 millones de pesos. Los trabajos incluyen mejoras en aulas, bardas y ventanas, recuperaci\u00f3n de \u00e1reas de juego, pasto sint\u00e9tico y nuevo equipamiento; adem\u00e1s, se instalar\u00e1n 10 equipos de aire acondicionado una vez revisada la capacidad de la red el\u00e9ctrica.<\/p>\n\n\n\n<figure class=\"wp-block-gallery has-nested-images columns-default is-cropped wp-block-gallery-6 is-layout-flex wp-block-gallery-is-layout-flex\">\n<figure class=\"wp-block-image size-large\"><img loading=\"lazy\" decoding=\"async\" width=\"1024\" height=\"682\" data-id=\"77745\" src=\"https:\/\/periodicorealidades.com\/wp-content\/uploads\/2026\/08\/WhatsApp-Image-2026-08-30-at-8.59.58-PM-1-1024x682.jpeg\" alt=\"\" class=\"wp-image-77745\" srcset=\"https:\/\/periodicorealidades.com\/wp-content\/uploads\/2026\/08\/WhatsApp-Image-2026-08-30-at-8.59.58-PM-1-1024x682.jpeg 1024w, https:\/\/periodicorealidades.com\/wp-content\/uploads\/2026\/08\/WhatsApp-Image-2026-08-30-at-8.59.58-PM-1-300x200.jpeg 300w, https:\/\/periodicorealidades.com\/wp-content\/uploads\/2026\/08\/WhatsApp-Image-2026-08-30-at-8.59.58-PM-1-768x511.jpeg 768w, https:\/\/periodicorealidades.com\/wp-content\/uploads\/2026\/08\/WhatsApp-Image-2026-08-30-at-8.59.58-PM-1-696x463.jpeg 696w, https:\/\/periodicorealidades.com\/wp-content\/uploads\/2026\/08\/WhatsApp-Image-2026-08-30-at-8.59.58-PM-1-1068x711.jpeg 1068w, https:\/\/periodicorealidades.com\/wp-content\/uploads\/2026\/08\/WhatsApp-Image-2026-08-30-at-8.59.58-PM-1.jpeg 1280w\" sizes=\"auto, (max-width: 1024px) 100vw, 1024px\" \/><\/figure>\n\n\n\n<figure class=\"wp-block-image size-large\"><img loading=\"lazy\" decoding=\"async\" width=\"1024\" height=\"682\" data-id=\"77744\" src=\"https:\/\/periodicorealidades.com\/wp-content\/uploads\/2026\/08\/WhatsApp-Image-2026-08-30-at-8.59.57-PM-1024x682.jpeg\" alt=\"\" class=\"wp-image-77744\" srcset=\"https:\/\/periodicorealidades.com\/wp-content\/uploads\/2026\/08\/WhatsApp-Image-2026-08-30-at-8.59.57-PM-1024x682.jpeg 1024w, https:\/\/periodicorealidades.com\/wp-content\/uploads\/2026\/08\/WhatsApp-Image-2026-08-30-at-8.59.57-PM-300x200.jpeg 300w, https:\/\/periodicorealidades.com\/wp-content\/uploads\/2026\/08\/WhatsApp-Image-2026-08-30-at-8.59.57-PM-768x511.jpeg 768w, https:\/\/periodicorealidades.com\/wp-content\/uploads\/2026\/08\/WhatsApp-Image-2026-08-30-at-8.59.57-PM-696x463.jpeg 696w, https:\/\/periodicorealidades.com\/wp-content\/uploads\/2026\/08\/WhatsApp-Image-2026-08-30-at-8.59.57-PM-1068x711.jpeg 1068w, https:\/\/periodicorealidades.com\/wp-content\/uploads\/2026\/08\/WhatsApp-Image-2026-08-30-at-8.59.57-PM.jpeg 1280w\" sizes=\"auto, (max-width: 1024px) 100vw, 1024px\" \/><\/figure>\n\n\n\n<figure class=\"wp-block-image size-large\"><img loading=\"lazy\" decoding=\"async\" width=\"1024\" height=\"682\" data-id=\"77701\" src=\"https:\/\/periodicorealidades.com\/wp-content\/uploads\/2026\/08\/WhatsApp-Image-2026-08-30-at-8.59.24-PM-1-1024x682.jpeg\" alt=\"\" class=\"wp-image-77701\" srcset=\"https:\/\/periodicorealidades.com\/wp-content\/uploads\/2026\/08\/WhatsApp-Image-2026-08-30-at-8.59.24-PM-1-1024x682.jpeg 1024w, https:\/\/periodicorealidades.com\/wp-content\/uploads\/2026\/08\/WhatsApp-Image-2026-08-30-at-8.59.24-PM-1-300x200.jpeg 300w, https:\/\/periodicorealidades.com\/wp-content\/uploads\/2026\/08\/WhatsApp-Image-2026-08-30-at-8.59.24-PM-1-768x512.jpeg 768w, https:\/\/periodicorealidades.com\/wp-content\/uploads\/2026\/08\/WhatsApp-Image-2026-08-30-at-8.59.24-PM-1-696x464.jpeg 696w, https:\/\/periodicorealidades.com\/wp-content\/uploads\/2026\/08\/WhatsApp-Image-2026-08-30-at-8.59.24-PM-1-1068x712.jpeg 1068w, https:\/\/periodicorealidades.com\/wp-content\/uploads\/2026\/08\/WhatsApp-Image-2026-08-30-at-8.59.24-PM-1.jpeg 1280w\" sizes=\"auto, (max-width: 1024px) 100vw, 1024px\" \/><\/figure>\n\n\n\n<figure class=\"wp-block-image size-large\"><img loading=\"lazy\" decoding=\"async\" width=\"1024\" height=\"682\" data-id=\"77702\" src=\"https:\/\/periodicorealidades.com\/wp-content\/uploads\/2026\/08\/WhatsApp-Image-2026-08-30-at-8.59.24-PM-1024x682.jpeg\" alt=\"\" class=\"wp-image-77702\" srcset=\"https:\/\/periodicorealidades.com\/wp-content\/uploads\/2026\/08\/WhatsApp-Image-2026-08-30-at-8.59.24-PM-1024x682.jpeg 1024w, https:\/\/periodicorealidades.com\/wp-content\/uploads\/2026\/08\/WhatsApp-Image-2026-08-30-at-8.59.24-PM-300x200.jpeg 300w, https:\/\/periodicorealidades.com\/wp-content\/uploads\/2026\/08\/WhatsApp-Image-2026-08-30-at-8.59.24-PM-768x512.jpeg 768w, https:\/\/periodicorealidades.com\/wp-content\/uploads\/2026\/08\/WhatsApp-Image-2026-08-30-at-8.59.24-PM-696x464.jpeg 696w, https:\/\/periodicorealidades.com\/wp-content\/uploads\/2026\/08\/WhatsApp-Image-2026-08-30-at-8.59.24-PM-1068x712.jpeg 1068w, https:\/\/periodicorealidades.com\/wp-content\/uploads\/2026\/08\/WhatsApp-Image-2026-08-30-at-8.59.24-PM.jpeg 1280w\" sizes=\"auto, (max-width: 1024px) 100vw, 1024px\" \/><\/figure>\n\n\n\n<figure class=\"wp-block-image size-large\"><img loading=\"lazy\" decoding=\"async\" width=\"1024\" height=\"819\" data-id=\"77703\" src=\"https:\/\/periodicorealidades.com\/wp-content\/uploads\/2026\/08\/WhatsApp-Image-2026-08-30-at-8.59.25-PM-1-1024x819.jpeg\" alt=\"\" class=\"wp-image-77703\" srcset=\"https:\/\/periodicorealidades.com\/wp-content\/uploads\/2026\/08\/WhatsApp-Image-2026-08-30-at-8.59.25-PM-1-1024x819.jpeg 1024w, https:\/\/periodicorealidades.com\/wp-content\/uploads\/2026\/08\/WhatsApp-Image-2026-08-30-at-8.59.25-PM-1-300x240.jpeg 300w, https:\/\/periodicorealidades.com\/wp-content\/uploads\/2026\/08\/WhatsApp-Image-2026-08-30-at-8.59.25-PM-1-768x614.jpeg 768w, https:\/\/periodicorealidades.com\/wp-content\/uploads\/2026\/08\/WhatsApp-Image-2026-08-30-at-8.59.25-PM-1-696x557.jpeg 696w, https:\/\/periodicorealidades.com\/wp-content\/uploads\/2026\/08\/WhatsApp-Image-2026-08-30-at-8.59.25-PM-1-1068x854.jpeg 1068w, https:\/\/periodicorealidades.com\/wp-content\/uploads\/2026\/08\/WhatsApp-Image-2026-08-30-at-8.59.25-PM-1.jpeg 1280w\" sizes=\"auto, (max-width: 1024px) 100vw, 1024px\" \/><\/figure>\n<\/figure>\n\n\n\n<p class=\"wp-block-paragraph\">La doctora Beatriz Estrada Mart\u00ednez destac\u00f3 que esta intervenci\u00f3n permitir\u00e1 ofrecer a las ni\u00f1as y los ni\u00f1os un entorno m\u00e1s seguro y adecuado para aprender, jugar y desarrollarse.<\/p>\n\n\n\n<figure class=\"wp-block-embed is-type-video is-provider-youtube wp-block-embed-youtube wp-embed-aspect-16-9 wp-has-aspect-ratio\"><div class=\"wp-block-embed__wrapper\">\n<iframe loading=\"lazy\" title=\"Miguel \u00c1ngel Navarro y Beatriz Estrada fortalecen salud, bienestar y atenci\u00f3n especializada en Tepic\" width=\"696\" height=\"392\" src=\"https:\/\/www.youtube.com\/embed\/Pc1cF_1nh9Q?feature=oembed\" frameborder=\"0\" allow=\"accelerometer; autoplay; clipboard-write; encrypted-media; gyroscope; picture-in-picture; web-share\" referrerpolicy=\"strict-origin-when-cross-origin\" allowfullscreen><\/iframe>\n<\/div><\/figure>\n\n\n\n<p class=\"wp-block-paragraph\">\u201cPoder entregarles a ustedes, que el d\u00eda de ma\u00f1ana inician ya actividades, un espacio digno, muy digno, que les va a dar principalmente la seguridad, la protecci\u00f3n a todos nuestros ni\u00f1os, ni\u00f1as. Van a encontrar un centro escolar sumamente bonito, sumamente digno, sumamente protector para todos ellos. Aqu\u00ed van a poder venir a jugar, a cantar, a aprender\u201d, expres\u00f3.<\/p>\n\n\n\n<figure class=\"wp-block-gallery has-nested-images columns-default is-cropped wp-block-gallery-7 is-layout-flex wp-block-gallery-is-layout-flex\">\n<figure class=\"wp-block-image size-large\"><img loading=\"lazy\" decoding=\"async\" width=\"1024\" height=\"682\" data-id=\"77704\" src=\"https:\/\/periodicorealidades.com\/wp-content\/uploads\/2026\/08\/WhatsApp-Image-2026-08-30-at-8.59.25-PM-2-1024x682.jpeg\" alt=\"\" class=\"wp-image-77704\" srcset=\"https:\/\/periodicorealidades.com\/wp-content\/uploads\/2026\/08\/WhatsApp-Image-2026-08-30-at-8.59.25-PM-2-1024x682.jpeg 1024w, https:\/\/periodicorealidades.com\/wp-content\/uploads\/2026\/08\/WhatsApp-Image-2026-08-30-at-8.59.25-PM-2-300x200.jpeg 300w, https:\/\/periodicorealidades.com\/wp-content\/uploads\/2026\/08\/WhatsApp-Image-2026-08-30-at-8.59.25-PM-2-768x512.jpeg 768w, https:\/\/periodicorealidades.com\/wp-content\/uploads\/2026\/08\/WhatsApp-Image-2026-08-30-at-8.59.25-PM-2-696x464.jpeg 696w, https:\/\/periodicorealidades.com\/wp-content\/uploads\/2026\/08\/WhatsApp-Image-2026-08-30-at-8.59.25-PM-2-1068x712.jpeg 1068w, https:\/\/periodicorealidades.com\/wp-content\/uploads\/2026\/08\/WhatsApp-Image-2026-08-30-at-8.59.25-PM-2.jpeg 1280w\" sizes=\"auto, (max-width: 1024px) 100vw, 1024px\" \/><\/figure>\n\n\n\n<figure class=\"wp-block-image size-large\"><img loading=\"lazy\" decoding=\"async\" width=\"1024\" height=\"682\" data-id=\"77705\" src=\"https:\/\/periodicorealidades.com\/wp-content\/uploads\/2026\/08\/WhatsApp-Image-2026-08-30-at-8.59.25-PM-1024x682.jpeg\" alt=\"\" class=\"wp-image-77705\" srcset=\"https:\/\/periodicorealidades.com\/wp-content\/uploads\/2026\/08\/WhatsApp-Image-2026-08-30-at-8.59.25-PM-1024x682.jpeg 1024w, https:\/\/periodicorealidades.com\/wp-content\/uploads\/2026\/08\/WhatsApp-Image-2026-08-30-at-8.59.25-PM-300x200.jpeg 300w, https:\/\/periodicorealidades.com\/wp-content\/uploads\/2026\/08\/WhatsApp-Image-2026-08-30-at-8.59.25-PM-768x512.jpeg 768w, https:\/\/periodicorealidades.com\/wp-content\/uploads\/2026\/08\/WhatsApp-Image-2026-08-30-at-8.59.25-PM-696x464.jpeg 696w, https:\/\/periodicorealidades.com\/wp-content\/uploads\/2026\/08\/WhatsApp-Image-2026-08-30-at-8.59.25-PM-1068x712.jpeg 1068w, https:\/\/periodicorealidades.com\/wp-content\/uploads\/2026\/08\/WhatsApp-Image-2026-08-30-at-8.59.25-PM.jpeg 1280w\" sizes=\"auto, (max-width: 1024px) 100vw, 1024px\" \/><\/figure>\n\n\n\n<figure class=\"wp-block-image size-large\"><img loading=\"lazy\" decoding=\"async\" width=\"1024\" height=\"682\" data-id=\"77706\" src=\"https:\/\/periodicorealidades.com\/wp-content\/uploads\/2026\/08\/WhatsApp-Image-2026-08-30-at-8.59.26-PM-1-1024x682.jpeg\" alt=\"\" class=\"wp-image-77706\" srcset=\"https:\/\/periodicorealidades.com\/wp-content\/uploads\/2026\/08\/WhatsApp-Image-2026-08-30-at-8.59.26-PM-1-1024x682.jpeg 1024w, https:\/\/periodicorealidades.com\/wp-content\/uploads\/2026\/08\/WhatsApp-Image-2026-08-30-at-8.59.26-PM-1-300x200.jpeg 300w, https:\/\/periodicorealidades.com\/wp-content\/uploads\/2026\/08\/WhatsApp-Image-2026-08-30-at-8.59.26-PM-1-768x512.jpeg 768w, https:\/\/periodicorealidades.com\/wp-content\/uploads\/2026\/08\/WhatsApp-Image-2026-08-30-at-8.59.26-PM-1-696x464.jpeg 696w, https:\/\/periodicorealidades.com\/wp-content\/uploads\/2026\/08\/WhatsApp-Image-2026-08-30-at-8.59.26-PM-1-1068x712.jpeg 1068w, https:\/\/periodicorealidades.com\/wp-content\/uploads\/2026\/08\/WhatsApp-Image-2026-08-30-at-8.59.26-PM-1.jpeg 1280w\" sizes=\"auto, (max-width: 1024px) 100vw, 1024px\" \/><\/figure>\n\n\n\n<figure class=\"wp-block-image size-large\"><img loading=\"lazy\" decoding=\"async\" width=\"1024\" height=\"682\" data-id=\"77707\" src=\"https:\/\/periodicorealidades.com\/wp-content\/uploads\/2026\/08\/WhatsApp-Image-2026-08-30-at-8.59.26-PM-2-1024x682.jpeg\" alt=\"\" class=\"wp-image-77707\" srcset=\"https:\/\/periodicorealidades.com\/wp-content\/uploads\/2026\/08\/WhatsApp-Image-2026-08-30-at-8.59.26-PM-2-1024x682.jpeg 1024w, https:\/\/periodicorealidades.com\/wp-content\/uploads\/2026\/08\/WhatsApp-Image-2026-08-30-at-8.59.26-PM-2-300x200.jpeg 300w, https:\/\/periodicorealidades.com\/wp-content\/uploads\/2026\/08\/WhatsApp-Image-2026-08-30-at-8.59.26-PM-2-768x512.jpeg 768w, https:\/\/periodicorealidades.com\/wp-content\/uploads\/2026\/08\/WhatsApp-Image-2026-08-30-at-8.59.26-PM-2-696x464.jpeg 696w, https:\/\/periodicorealidades.com\/wp-content\/uploads\/2026\/08\/WhatsApp-Image-2026-08-30-at-8.59.26-PM-2-1068x712.jpeg 1068w, https:\/\/periodicorealidades.com\/wp-content\/uploads\/2026\/08\/WhatsApp-Image-2026-08-30-at-8.59.26-PM-2.jpeg 1280w\" sizes=\"auto, (max-width: 1024px) 100vw, 1024px\" \/><\/figure>\n\n\n\n<figure class=\"wp-block-image size-large\"><img loading=\"lazy\" decoding=\"async\" width=\"1024\" height=\"682\" data-id=\"77708\" src=\"https:\/\/periodicorealidades.com\/wp-content\/uploads\/2026\/08\/WhatsApp-Image-2026-08-30-at-8.59.26-PM-3-1024x682.jpeg\" alt=\"\" class=\"wp-image-77708\" srcset=\"https:\/\/periodicorealidades.com\/wp-content\/uploads\/2026\/08\/WhatsApp-Image-2026-08-30-at-8.59.26-PM-3-1024x682.jpeg 1024w, https:\/\/periodicorealidades.com\/wp-content\/uploads\/2026\/08\/WhatsApp-Image-2026-08-30-at-8.59.26-PM-3-300x200.jpeg 300w, https:\/\/periodicorealidades.com\/wp-content\/uploads\/2026\/08\/WhatsApp-Image-2026-08-30-at-8.59.26-PM-3-768x512.jpeg 768w, https:\/\/periodicorealidades.com\/wp-content\/uploads\/2026\/08\/WhatsApp-Image-2026-08-30-at-8.59.26-PM-3-696x464.jpeg 696w, https:\/\/periodicorealidades.com\/wp-content\/uploads\/2026\/08\/WhatsApp-Image-2026-08-30-at-8.59.26-PM-3-1068x712.jpeg 1068w, https:\/\/periodicorealidades.com\/wp-content\/uploads\/2026\/08\/WhatsApp-Image-2026-08-30-at-8.59.26-PM-3.jpeg 1280w\" sizes=\"auto, (max-width: 1024px) 100vw, 1024px\" \/><\/figure>\n<\/figure>\n\n\n\n<p class=\"wp-block-paragraph\">En Casa Nayarit, el gobernador y la presidenta del Sistema DIF supervisaron la rehabilitaci\u00f3n y equipamiento de la nueva sede del Centro de Atenci\u00f3n del Espectro Autista y Bienestar Emocional, donde se invierten 19 millones de pesos para ampliar los servicios especializados dirigidos a ni\u00f1as, ni\u00f1os y sus familias. El proyecto incluye la recuperaci\u00f3n del zanj\u00f3n ubicado en la zona, que ser\u00e1 transformado en un \u00e1rea recreativa con \u00e1rboles nativos y espacios para la convivencia.<\/p>\n\n\n\n<figure class=\"wp-block-gallery has-nested-images columns-default is-cropped wp-block-gallery-8 is-layout-flex wp-block-gallery-is-layout-flex\">\n<figure class=\"wp-block-image size-large\"><img loading=\"lazy\" decoding=\"async\" width=\"1024\" height=\"682\" data-id=\"77709\" src=\"https:\/\/periodicorealidades.com\/wp-content\/uploads\/2026\/08\/WhatsApp-Image-2026-08-30-at-8.59.26-PM-1024x682.jpeg\" alt=\"\" class=\"wp-image-77709\" srcset=\"https:\/\/periodicorealidades.com\/wp-content\/uploads\/2026\/08\/WhatsApp-Image-2026-08-30-at-8.59.26-PM-1024x682.jpeg 1024w, https:\/\/periodicorealidades.com\/wp-content\/uploads\/2026\/08\/WhatsApp-Image-2026-08-30-at-8.59.26-PM-300x200.jpeg 300w, https:\/\/periodicorealidades.com\/wp-content\/uploads\/2026\/08\/WhatsApp-Image-2026-08-30-at-8.59.26-PM-768x512.jpeg 768w, https:\/\/periodicorealidades.com\/wp-content\/uploads\/2026\/08\/WhatsApp-Image-2026-08-30-at-8.59.26-PM-696x464.jpeg 696w, https:\/\/periodicorealidades.com\/wp-content\/uploads\/2026\/08\/WhatsApp-Image-2026-08-30-at-8.59.26-PM-1068x712.jpeg 1068w, https:\/\/periodicorealidades.com\/wp-content\/uploads\/2026\/08\/WhatsApp-Image-2026-08-30-at-8.59.26-PM.jpeg 1280w\" sizes=\"auto, (max-width: 1024px) 100vw, 1024px\" \/><\/figure>\n\n\n\n<figure class=\"wp-block-image size-large\"><img loading=\"lazy\" decoding=\"async\" width=\"1024\" height=\"682\" data-id=\"77710\" src=\"https:\/\/periodicorealidades.com\/wp-content\/uploads\/2026\/08\/WhatsApp-Image-2026-08-30-at-8.59.27-PM-1-1024x682.jpeg\" alt=\"\" class=\"wp-image-77710\" srcset=\"https:\/\/periodicorealidades.com\/wp-content\/uploads\/2026\/08\/WhatsApp-Image-2026-08-30-at-8.59.27-PM-1-1024x682.jpeg 1024w, https:\/\/periodicorealidades.com\/wp-content\/uploads\/2026\/08\/WhatsApp-Image-2026-08-30-at-8.59.27-PM-1-300x200.jpeg 300w, https:\/\/periodicorealidades.com\/wp-content\/uploads\/2026\/08\/WhatsApp-Image-2026-08-30-at-8.59.27-PM-1-768x512.jpeg 768w, https:\/\/periodicorealidades.com\/wp-content\/uploads\/2026\/08\/WhatsApp-Image-2026-08-30-at-8.59.27-PM-1-696x464.jpeg 696w, https:\/\/periodicorealidades.com\/wp-content\/uploads\/2026\/08\/WhatsApp-Image-2026-08-30-at-8.59.27-PM-1-1068x712.jpeg 1068w, https:\/\/periodicorealidades.com\/wp-content\/uploads\/2026\/08\/WhatsApp-Image-2026-08-30-at-8.59.27-PM-1.jpeg 1280w\" sizes=\"auto, (max-width: 1024px) 100vw, 1024px\" \/><\/figure>\n\n\n\n<figure class=\"wp-block-image size-large\"><img loading=\"lazy\" decoding=\"async\" width=\"1024\" height=\"682\" data-id=\"77711\" src=\"https:\/\/periodicorealidades.com\/wp-content\/uploads\/2026\/08\/WhatsApp-Image-2026-08-30-at-8.59.27-PM-2-1024x682.jpeg\" alt=\"\" class=\"wp-image-77711\" srcset=\"https:\/\/periodicorealidades.com\/wp-content\/uploads\/2026\/08\/WhatsApp-Image-2026-08-30-at-8.59.27-PM-2-1024x682.jpeg 1024w, https:\/\/periodicorealidades.com\/wp-content\/uploads\/2026\/08\/WhatsApp-Image-2026-08-30-at-8.59.27-PM-2-300x200.jpeg 300w, https:\/\/periodicorealidades.com\/wp-content\/uploads\/2026\/08\/WhatsApp-Image-2026-08-30-at-8.59.27-PM-2-768x512.jpeg 768w, https:\/\/periodicorealidades.com\/wp-content\/uploads\/2026\/08\/WhatsApp-Image-2026-08-30-at-8.59.27-PM-2-696x464.jpeg 696w, https:\/\/periodicorealidades.com\/wp-content\/uploads\/2026\/08\/WhatsApp-Image-2026-08-30-at-8.59.27-PM-2-1068x712.jpeg 1068w, https:\/\/periodicorealidades.com\/wp-content\/uploads\/2026\/08\/WhatsApp-Image-2026-08-30-at-8.59.27-PM-2.jpeg 1280w\" sizes=\"auto, (max-width: 1024px) 100vw, 1024px\" \/><\/figure>\n\n\n\n<figure class=\"wp-block-image size-large\"><img loading=\"lazy\" decoding=\"async\" width=\"1024\" height=\"659\" data-id=\"77712\" src=\"https:\/\/periodicorealidades.com\/wp-content\/uploads\/2026\/08\/WhatsApp-Image-2026-08-30-at-8.59.27-PM-3-1024x659.jpeg\" alt=\"\" class=\"wp-image-77712\" srcset=\"https:\/\/periodicorealidades.com\/wp-content\/uploads\/2026\/08\/WhatsApp-Image-2026-08-30-at-8.59.27-PM-3-1024x659.jpeg 1024w, https:\/\/periodicorealidades.com\/wp-content\/uploads\/2026\/08\/WhatsApp-Image-2026-08-30-at-8.59.27-PM-3-300x193.jpeg 300w, https:\/\/periodicorealidades.com\/wp-content\/uploads\/2026\/08\/WhatsApp-Image-2026-08-30-at-8.59.27-PM-3-768x494.jpeg 768w, https:\/\/periodicorealidades.com\/wp-content\/uploads\/2026\/08\/WhatsApp-Image-2026-08-30-at-8.59.27-PM-3-696x448.jpeg 696w, https:\/\/periodicorealidades.com\/wp-content\/uploads\/2026\/08\/WhatsApp-Image-2026-08-30-at-8.59.27-PM-3-1068x688.jpeg 1068w, https:\/\/periodicorealidades.com\/wp-content\/uploads\/2026\/08\/WhatsApp-Image-2026-08-30-at-8.59.27-PM-3.jpeg 1280w\" sizes=\"auto, (max-width: 1024px) 100vw, 1024px\" \/><\/figure>\n\n\n\n<figure class=\"wp-block-image size-large\"><img loading=\"lazy\" decoding=\"async\" width=\"1024\" height=\"682\" data-id=\"77713\" src=\"https:\/\/periodicorealidades.com\/wp-content\/uploads\/2026\/08\/WhatsApp-Image-2026-08-30-at-8.59.27-PM-4-1024x682.jpeg\" alt=\"\" class=\"wp-image-77713\" srcset=\"https:\/\/periodicorealidades.com\/wp-content\/uploads\/2026\/08\/WhatsApp-Image-2026-08-30-at-8.59.27-PM-4-1024x682.jpeg 1024w, https:\/\/periodicorealidades.com\/wp-content\/uploads\/2026\/08\/WhatsApp-Image-2026-08-30-at-8.59.27-PM-4-300x200.jpeg 300w, https:\/\/periodicorealidades.com\/wp-content\/uploads\/2026\/08\/WhatsApp-Image-2026-08-30-at-8.59.27-PM-4-768x512.jpeg 768w, https:\/\/periodicorealidades.com\/wp-content\/uploads\/2026\/08\/WhatsApp-Image-2026-08-30-at-8.59.27-PM-4-696x464.jpeg 696w, https:\/\/periodicorealidades.com\/wp-content\/uploads\/2026\/08\/WhatsApp-Image-2026-08-30-at-8.59.27-PM-4-1068x712.jpeg 1068w, https:\/\/periodicorealidades.com\/wp-content\/uploads\/2026\/08\/WhatsApp-Image-2026-08-30-at-8.59.27-PM-4.jpeg 1280w\" sizes=\"auto, (max-width: 1024px) 100vw, 1024px\" \/><\/figure>\n<\/figure>\n\n\n\n<p class=\"wp-block-paragraph\">La gira concluy\u00f3 con la supervisi\u00f3n del Centro de Resguardo Temporal e Identificaci\u00f3n Gen\u00e9tica, obra en la que se invierten m\u00e1s de 54 millones de pesos y que contar\u00e1 con 240 gavetas, un \u00e1rea de resguardo temporal con capacidad para 20 cuerpos y espacios especializados para registro, an\u00e1lisis e identificaci\u00f3n gen\u00e9tica.<\/p>\n\n\n\n<figure class=\"wp-block-gallery has-nested-images columns-default is-cropped wp-block-gallery-9 is-layout-flex wp-block-gallery-is-layout-flex\">\n<figure class=\"wp-block-image size-large\"><img loading=\"lazy\" decoding=\"async\" width=\"1024\" height=\"682\" data-id=\"77714\" src=\"https:\/\/periodicorealidades.com\/wp-content\/uploads\/2026\/08\/WhatsApp-Image-2026-08-30-at-8.59.27-PM-1024x682.jpeg\" alt=\"\" class=\"wp-image-77714\" srcset=\"https:\/\/periodicorealidades.com\/wp-content\/uploads\/2026\/08\/WhatsApp-Image-2026-08-30-at-8.59.27-PM-1024x682.jpeg 1024w, https:\/\/periodicorealidades.com\/wp-content\/uploads\/2026\/08\/WhatsApp-Image-2026-08-30-at-8.59.27-PM-300x200.jpeg 300w, https:\/\/periodicorealidades.com\/wp-content\/uploads\/2026\/08\/WhatsApp-Image-2026-08-30-at-8.59.27-PM-768x512.jpeg 768w, https:\/\/periodicorealidades.com\/wp-content\/uploads\/2026\/08\/WhatsApp-Image-2026-08-30-at-8.59.27-PM-696x464.jpeg 696w, https:\/\/periodicorealidades.com\/wp-content\/uploads\/2026\/08\/WhatsApp-Image-2026-08-30-at-8.59.27-PM-1068x712.jpeg 1068w, https:\/\/periodicorealidades.com\/wp-content\/uploads\/2026\/08\/WhatsApp-Image-2026-08-30-at-8.59.27-PM.jpeg 1280w\" sizes=\"auto, (max-width: 1024px) 100vw, 1024px\" \/><\/figure>\n\n\n\n<figure class=\"wp-block-image size-large\"><img loading=\"lazy\" decoding=\"async\" width=\"1024\" height=\"682\" data-id=\"77715\" src=\"https:\/\/periodicorealidades.com\/wp-content\/uploads\/2026\/08\/WhatsApp-Image-2026-08-30-at-8.59.28-PM-1-1024x682.jpeg\" alt=\"\" class=\"wp-image-77715\" srcset=\"https:\/\/periodicorealidades.com\/wp-content\/uploads\/2026\/08\/WhatsApp-Image-2026-08-30-at-8.59.28-PM-1-1024x682.jpeg 1024w, https:\/\/periodicorealidades.com\/wp-content\/uploads\/2026\/08\/WhatsApp-Image-2026-08-30-at-8.59.28-PM-1-300x200.jpeg 300w, https:\/\/periodicorealidades.com\/wp-content\/uploads\/2026\/08\/WhatsApp-Image-2026-08-30-at-8.59.28-PM-1-768x512.jpeg 768w, https:\/\/periodicorealidades.com\/wp-content\/uploads\/2026\/08\/WhatsApp-Image-2026-08-30-at-8.59.28-PM-1-696x464.jpeg 696w, https:\/\/periodicorealidades.com\/wp-content\/uploads\/2026\/08\/WhatsApp-Image-2026-08-30-at-8.59.28-PM-1-1068x712.jpeg 1068w, https:\/\/periodicorealidades.com\/wp-content\/uploads\/2026\/08\/WhatsApp-Image-2026-08-30-at-8.59.28-PM-1.jpeg 1280w\" sizes=\"auto, (max-width: 1024px) 100vw, 1024px\" \/><\/figure>\n\n\n\n<figure class=\"wp-block-image size-large\"><img loading=\"lazy\" decoding=\"async\" width=\"1024\" height=\"682\" data-id=\"77716\" src=\"https:\/\/periodicorealidades.com\/wp-content\/uploads\/2026\/08\/WhatsApp-Image-2026-08-30-at-8.59.28-PM-2-1024x682.jpeg\" alt=\"\" class=\"wp-image-77716\" srcset=\"https:\/\/periodicorealidades.com\/wp-content\/uploads\/2026\/08\/WhatsApp-Image-2026-08-30-at-8.59.28-PM-2-1024x682.jpeg 1024w, https:\/\/periodicorealidades.com\/wp-content\/uploads\/2026\/08\/WhatsApp-Image-2026-08-30-at-8.59.28-PM-2-300x200.jpeg 300w, https:\/\/periodicorealidades.com\/wp-content\/uploads\/2026\/08\/WhatsApp-Image-2026-08-30-at-8.59.28-PM-2-768x512.jpeg 768w, https:\/\/periodicorealidades.com\/wp-content\/uploads\/2026\/08\/WhatsApp-Image-2026-08-30-at-8.59.28-PM-2-696x464.jpeg 696w, https:\/\/periodicorealidades.com\/wp-content\/uploads\/2026\/08\/WhatsApp-Image-2026-08-30-at-8.59.28-PM-2-1068x712.jpeg 1068w, https:\/\/periodicorealidades.com\/wp-content\/uploads\/2026\/08\/WhatsApp-Image-2026-08-30-at-8.59.28-PM-2.jpeg 1280w\" sizes=\"auto, (max-width: 1024px) 100vw, 1024px\" \/><\/figure>\n\n\n\n<figure class=\"wp-block-image size-large\"><img loading=\"lazy\" decoding=\"async\" width=\"1024\" height=\"682\" data-id=\"77717\" src=\"https:\/\/periodicorealidades.com\/wp-content\/uploads\/2026\/08\/WhatsApp-Image-2026-08-30-at-8.59.28-PM-3-1024x682.jpeg\" alt=\"\" class=\"wp-image-77717\" srcset=\"https:\/\/periodicorealidades.com\/wp-content\/uploads\/2026\/08\/WhatsApp-Image-2026-08-30-at-8.59.28-PM-3-1024x682.jpeg 1024w, https:\/\/periodicorealidades.com\/wp-content\/uploads\/2026\/08\/WhatsApp-Image-2026-08-30-at-8.59.28-PM-3-300x200.jpeg 300w, https:\/\/periodicorealidades.com\/wp-content\/uploads\/2026\/08\/WhatsApp-Image-2026-08-30-at-8.59.28-PM-3-768x512.jpeg 768w, https:\/\/periodicorealidades.com\/wp-content\/uploads\/2026\/08\/WhatsApp-Image-2026-08-30-at-8.59.28-PM-3-696x464.jpeg 696w, https:\/\/periodicorealidades.com\/wp-content\/uploads\/2026\/08\/WhatsApp-Image-2026-08-30-at-8.59.28-PM-3-1068x712.jpeg 1068w, https:\/\/periodicorealidades.com\/wp-content\/uploads\/2026\/08\/WhatsApp-Image-2026-08-30-at-8.59.28-PM-3.jpeg 1280w\" sizes=\"auto, (max-width: 1024px) 100vw, 1024px\" \/><\/figure>\n\n\n\n<figure class=\"wp-block-image size-large\"><img loading=\"lazy\" decoding=\"async\" width=\"1024\" height=\"682\" data-id=\"77718\" src=\"https:\/\/periodicorealidades.com\/wp-content\/uploads\/2026\/08\/WhatsApp-Image-2026-08-30-at-8.59.28-PM-4-1024x682.jpeg\" alt=\"\" class=\"wp-image-77718\" srcset=\"https:\/\/periodicorealidades.com\/wp-content\/uploads\/2026\/08\/WhatsApp-Image-2026-08-30-at-8.59.28-PM-4-1024x682.jpeg 1024w, https:\/\/periodicorealidades.com\/wp-content\/uploads\/2026\/08\/WhatsApp-Image-2026-08-30-at-8.59.28-PM-4-300x200.jpeg 300w, https:\/\/periodicorealidades.com\/wp-content\/uploads\/2026\/08\/WhatsApp-Image-2026-08-30-at-8.59.28-PM-4-768x512.jpeg 768w, https:\/\/periodicorealidades.com\/wp-content\/uploads\/2026\/08\/WhatsApp-Image-2026-08-30-at-8.59.28-PM-4-696x464.jpeg 696w, https:\/\/periodicorealidades.com\/wp-content\/uploads\/2026\/08\/WhatsApp-Image-2026-08-30-at-8.59.28-PM-4-1068x712.jpeg 1068w, https:\/\/periodicorealidades.com\/wp-content\/uploads\/2026\/08\/WhatsApp-Image-2026-08-30-at-8.59.28-PM-4.jpeg 1280w\" sizes=\"auto, (max-width: 1024px) 100vw, 1024px\" \/><\/figure>\n\n\n\n<figure class=\"wp-block-image size-large\"><img loading=\"lazy\" decoding=\"async\" width=\"1024\" height=\"682\" data-id=\"77719\" src=\"https:\/\/periodicorealidades.com\/wp-content\/uploads\/2026\/08\/WhatsApp-Image-2026-08-30-at-8.59.28-PM-1024x682.jpeg\" alt=\"\" class=\"wp-image-77719\" srcset=\"https:\/\/periodicorealidades.com\/wp-content\/uploads\/2026\/08\/WhatsApp-Image-2026-08-30-at-8.59.28-PM-1024x682.jpeg 1024w, https:\/\/periodicorealidades.com\/wp-content\/uploads\/2026\/08\/WhatsApp-Image-2026-08-30-at-8.59.28-PM-300x200.jpeg 300w, https:\/\/periodicorealidades.com\/wp-content\/uploads\/2026\/08\/WhatsApp-Image-2026-08-30-at-8.59.28-PM-768x512.jpeg 768w, https:\/\/periodicorealidades.com\/wp-content\/uploads\/2026\/08\/WhatsApp-Image-2026-08-30-at-8.59.28-PM-696x464.jpeg 696w, https:\/\/periodicorealidades.com\/wp-content\/uploads\/2026\/08\/WhatsApp-Image-2026-08-30-at-8.59.28-PM-1068x712.jpeg 1068w, https:\/\/periodicorealidades.com\/wp-content\/uploads\/2026\/08\/WhatsApp-Image-2026-08-30-at-8.59.28-PM.jpeg 1280w\" sizes=\"auto, (max-width: 1024px) 100vw, 1024px\" \/><\/figure>\n<\/figure>\n\n\n\n<p class=\"wp-block-paragraph\">Navarro Quintero se\u00f1al\u00f3 que esta infraestructura permitir\u00e1 dejar atr\u00e1s la pr\u00e1ctica de la fosa com\u00fan y garantizar un manejo digno y respetuoso de los cuerpos bajo resguardo, adem\u00e1s de fortalecer los procesos de identificaci\u00f3n para que m\u00e1s familias puedan encontrar las respuestas que durante a\u00f1os han esperado.<\/p>\n","protected":false},"excerpt":{"rendered":"<p>Miguel \u00c1ngel Navarro y Beatriz Estrada fortalecen salud, bienestar y atenci\u00f3n especializada en Tepic, Durante su gira de trabajo entregaron el primer Memorial para el Reconocimiento y Dignificaci\u00f3n de las Personas Desaparecidas y supervisaron obras y equipamiento por cerca de 86 millones de pesos Por: Bolet\u00ecn Tepic, Nayarit; lunes, 31 de agosto de 2026.- El [&hellip;]<\/p>\n","protected":false},"author":2,"featured_media":77770,"comment_status":"closed","ping_status":"open","sticky":false,"template":"","format":"standard","meta":{"footnotes":""},"categories":[4,7],"tags":[],"class_list":["post-77743","post","type-post","status-publish","format-standard","has-post-thumbnail","category-principal","category-tepic"],"yoast_head":"<!-- This site is optimized with the Yoast SEO plugin v28.3 - https:\/\/yoast.com\/product\/yoast-seo-wordpress\/ -->\n<title>Intensa gira de MANQ y su esposa por Tepic fortalecen la salud y la atencion especializada - Peri\u00f3dico Realidades<\/title>\n<meta name=\"robots\" content=\"index, follow, max-snippet:-1, max-image-preview:large, max-video-preview:-1\" \/>\n<link rel=\"canonical\" href=\"https:\/\/periodicorealidades.com\/index.php\/2026\/08\/30\/intensa-gira-de-manq-y-su-esposa-por-tepic-fortalecen-la-salud-y-la-atencion-especializada\/\" \/>\n<meta property=\"og:locale\" content=\"es_MX\" \/>\n<meta property=\"og:type\" content=\"article\" \/>\n<meta property=\"og:title\" content=\"Intensa gira de MANQ y su esposa por Tepic fortalecen la salud y la atencion especializada - Peri\u00f3dico Realidades\" \/>\n<meta property=\"og:description\" content=\"Miguel \u00c1ngel Navarro y Beatriz Estrada fortalecen salud, bienestar y atenci\u00f3n especializada en Tepic, Durante su gira de trabajo entregaron el primer Memorial para el Reconocimiento y Dignificaci\u00f3n de las Personas Desaparecidas y supervisaron obras y equipamiento por cerca de 86 millones de pesos Por: Bolet\u00ecn Tepic, Nayarit; lunes, 31 de agosto de 2026.- El [&hellip;]\" \/>\n<meta property=\"og:url\" content=\"https:\/\/periodicorealidades.com\/index.php\/2026\/08\/30\/intensa-gira-de-manq-y-su-esposa-por-tepic-fortalecen-la-salud-y-la-atencion-especializada\/\" \/>\n<meta property=\"og:site_name\" content=\"Peri\u00f3dico Realidades\" \/>\n<meta property=\"article:publisher\" content=\"https:\/\/www.facebook.com\/periodicorealidades.denayarit?mibextid=LQQJ4d\" \/>\n<meta property=\"article:published_time\" content=\"2026-08-31T05:41:53+00:00\" \/>\n<meta property=\"article:modified_time\" content=\"2026-08-31T05:49:03+00:00\" \/>\n<meta property=\"og:image\" content=\"https:\/\/periodicorealidades.com\/wp-content\/uploads\/2026\/08\/6-1.jpg\" \/>\n\t<meta property=\"og:image:width\" content=\"1280\" \/>\n\t<meta property=\"og:image:height\" content=\"853\" \/>\n\t<meta property=\"og:image:type\" content=\"image\/jpeg\" \/>\n<meta name=\"author\" content=\"editor\" \/>\n<meta name=\"twitter:card\" content=\"summary_large_image\" \/>\n<meta name=\"twitter:label1\" content=\"Escrito por\" \/>\n\t<meta name=\"twitter:data1\" content=\"editor\" \/>\n\t<meta name=\"twitter:label2\" content=\"Tiempo de lectura\" \/>\n\t<meta name=\"twitter:data2\" content=\"12 minutos\" \/>\n<script type=\"application\/ld+json\" class=\"yoast-schema-graph\">{\"@context\":\"https:\\\/\\\/schema.org\",\"@graph\":[{\"@type\":\"Article\",\"@id\":\"https:\\\/\\\/periodicorealidades.com\\\/index.php\\\/2026\\\/08\\\/30\\\/intensa-gira-de-manq-y-su-esposa-por-tepic-fortalecen-la-salud-y-la-atencion-especializada\\\/#article\",\"isPartOf\":{\"@id\":\"https:\\\/\\\/periodicorealidades.com\\\/index.php\\\/2026\\\/08\\\/30\\\/intensa-gira-de-manq-y-su-esposa-por-tepic-fortalecen-la-salud-y-la-atencion-especializada\\\/\"},\"author\":{\"name\":\"editor\",\"@id\":\"https:\\\/\\\/periodicorealidades.com\\\/#\\\/schema\\\/person\\\/c27da34ee13acaec3162071a3e1c7832\"},\"headline\":\"Intensa gira de MANQ y su esposa por Tepic fortalecen la salud y la atencion especializada\",\"datePublished\":\"2026-08-31T05:41:53+00:00\",\"dateModified\":\"2026-08-31T05:49:03+00:00\",\"mainEntityOfPage\":{\"@id\":\"https:\\\/\\\/periodicorealidades.com\\\/index.php\\\/2026\\\/08\\\/30\\\/intensa-gira-de-manq-y-su-esposa-por-tepic-fortalecen-la-salud-y-la-atencion-especializada\\\/\"},\"wordCount\":691,\"publisher\":{\"@id\":\"https:\\\/\\\/periodicorealidades.com\\\/#organization\"},\"image\":{\"@id\":\"https:\\\/\\\/periodicorealidades.com\\\/index.php\\\/2026\\\/08\\\/30\\\/intensa-gira-de-manq-y-su-esposa-por-tepic-fortalecen-la-salud-y-la-atencion-especializada\\\/#primaryimage\"},\"thumbnailUrl\":\"https:\\\/\\\/periodicorealidades.com\\\/wp-content\\\/uploads\\\/2026\\\/08\\\/6-1.jpg\",\"articleSection\":[\"Principal\",\"Tepic\"],\"inLanguage\":\"es\"},{\"@type\":\"WebPage\",\"@id\":\"https:\\\/\\\/periodicorealidades.com\\\/index.php\\\/2026\\\/08\\\/30\\\/intensa-gira-de-manq-y-su-esposa-por-tepic-fortalecen-la-salud-y-la-atencion-especializada\\\/\",\"url\":\"https:\\\/\\\/periodicorealidades.com\\\/index.php\\\/2026\\\/08\\\/30\\\/intensa-gira-de-manq-y-su-esposa-por-tepic-fortalecen-la-salud-y-la-atencion-especializada\\\/\",\"name\":\"Intensa gira de MANQ y su esposa por Tepic fortalecen la salud y la atencion especializada - Peri\u00f3dico Realidades\",\"isPartOf\":{\"@id\":\"https:\\\/\\\/periodicorealidades.com\\\/#website\"},\"primaryImageOfPage\":{\"@id\":\"https:\\\/\\\/periodicorealidades.com\\\/index.php\\\/2026\\\/08\\\/30\\\/intensa-gira-de-manq-y-su-esposa-por-tepic-fortalecen-la-salud-y-la-atencion-especializada\\\/#primaryimage\"},\"image\":{\"@id\":\"https:\\\/\\\/periodicorealidades.com\\\/index.php\\\/2026\\\/08\\\/30\\\/intensa-gira-de-manq-y-su-esposa-por-tepic-fortalecen-la-salud-y-la-atencion-especializada\\\/#primaryimage\"},\"thumbnailUrl\":\"https:\\\/\\\/periodicorealidades.com\\\/wp-content\\\/uploads\\\/2026\\\/08\\\/6-1.jpg\",\"datePublished\":\"2026-08-31T05:41:53+00:00\",\"dateModified\":\"2026-08-31T05:49:03+00:00\",\"breadcrumb\":{\"@id\":\"https:\\\/\\\/periodicorealidades.com\\\/index.php\\\/2026\\\/08\\\/30\\\/intensa-gira-de-manq-y-su-esposa-por-tepic-fortalecen-la-salud-y-la-atencion-especializada\\\/#breadcrumb\"},\"inLanguage\":\"es\",\"potentialAction\":[{\"@type\":\"ReadAction\",\"target\":[\"https:\\\/\\\/periodicorealidades.com\\\/index.php\\\/2026\\\/08\\\/30\\\/intensa-gira-de-manq-y-su-esposa-por-tepic-fortalecen-la-salud-y-la-atencion-especializada\\\/\"]}]},{\"@type\":\"ImageObject\",\"inLanguage\":\"es\",\"@id\":\"https:\\\/\\\/periodicorealidades.com\\\/index.php\\\/2026\\\/08\\\/30\\\/intensa-gira-de-manq-y-su-esposa-por-tepic-fortalecen-la-salud-y-la-atencion-especializada\\\/#primaryimage\",\"url\":\"https:\\\/\\\/periodicorealidades.com\\\/wp-content\\\/uploads\\\/2026\\\/08\\\/6-1.jpg\",\"contentUrl\":\"https:\\\/\\\/periodicorealidades.com\\\/wp-content\\\/uploads\\\/2026\\\/08\\\/6-1.jpg\",\"width\":1280,\"height\":853},{\"@type\":\"BreadcrumbList\",\"@id\":\"https:\\\/\\\/periodicorealidades.com\\\/index.php\\\/2026\\\/08\\\/30\\\/intensa-gira-de-manq-y-su-esposa-por-tepic-fortalecen-la-salud-y-la-atencion-especializada\\\/#breadcrumb\",\"itemListElement\":[{\"@type\":\"ListItem\",\"position\":1,\"name\":\"Inicio\",\"item\":\"https:\\\/\\\/periodicorealidades.com\\\/\"},{\"@type\":\"ListItem\",\"position\":2,\"name\":\"Intensa gira de MANQ y su esposa por Tepic fortalecen la salud y la atencion especializada\"}]},{\"@type\":\"WebSite\",\"@id\":\"https:\\\/\\\/periodicorealidades.com\\\/#website\",\"url\":\"https:\\\/\\\/periodicorealidades.com\\\/\",\"name\":\"Peri\u00f3dico Realidades\",\"description\":\"M\u00e9dio de comunicaci\u00f3n en Nayarit\",\"publisher\":{\"@id\":\"https:\\\/\\\/periodicorealidades.com\\\/#organization\"},\"potentialAction\":[{\"@type\":\"SearchAction\",\"target\":{\"@type\":\"EntryPoint\",\"urlTemplate\":\"https:\\\/\\\/periodicorealidades.com\\\/?s={search_term_string}\"},\"query-input\":{\"@type\":\"PropertyValueSpecification\",\"valueRequired\":true,\"valueName\":\"search_term_string\"}}],\"inLanguage\":\"es\"},{\"@type\":\"Organization\",\"@id\":\"https:\\\/\\\/periodicorealidades.com\\\/#organization\",\"name\":\"Peri\u00f3dico Realidades\",\"url\":\"https:\\\/\\\/periodicorealidades.com\\\/\",\"logo\":{\"@type\":\"ImageObject\",\"inLanguage\":\"es\",\"@id\":\"https:\\\/\\\/periodicorealidades.com\\\/#\\\/schema\\\/logo\\\/image\\\/\",\"url\":\"https:\\\/\\\/periodicorealidades.com\\\/wp-content\\\/uploads\\\/2023\\\/05\\\/r-prueba.png\",\"contentUrl\":\"https:\\\/\\\/periodicorealidades.com\\\/wp-content\\\/uploads\\\/2023\\\/05\\\/r-prueba.png\",\"width\":709,\"height\":709,\"caption\":\"Peri\u00f3dico Realidades\"},\"image\":{\"@id\":\"https:\\\/\\\/periodicorealidades.com\\\/#\\\/schema\\\/logo\\\/image\\\/\"},\"sameAs\":[\"https:\\\/\\\/www.facebook.com\\\/periodicorealidades.denayarit?mibextid=LQQJ4d\"]},{\"@type\":\"Person\",\"@id\":\"https:\\\/\\\/periodicorealidades.com\\\/#\\\/schema\\\/person\\\/c27da34ee13acaec3162071a3e1c7832\",\"name\":\"editor\",\"image\":{\"@type\":\"ImageObject\",\"inLanguage\":\"es\",\"@id\":\"https:\\\/\\\/secure.gravatar.com\\\/avatar\\\/dda3c3f59ea25f4b53cd53df977b0b2628039b17268e57c944a79a00e8a56e26?s=96&d=mm&r=g\",\"url\":\"https:\\\/\\\/secure.gravatar.com\\\/avatar\\\/dda3c3f59ea25f4b53cd53df977b0b2628039b17268e57c944a79a00e8a56e26?s=96&d=mm&r=g\",\"contentUrl\":\"https:\\\/\\\/secure.gravatar.com\\\/avatar\\\/dda3c3f59ea25f4b53cd53df977b0b2628039b17268e57c944a79a00e8a56e26?s=96&d=mm&r=g\",\"caption\":\"editor\"},\"url\":\"https:\\\/\\\/periodicorealidades.com\\\/index.php\\\/author\\\/editor\\\/\"}]}<\/script>\n<!-- \/ Yoast SEO plugin. -->","yoast_head_json":{"title":"Intensa gira de MANQ y su esposa por Tepic fortalecen la salud y la atencion especializada - Peri\u00f3dico Realidades","robots":{"index":"index","follow":"follow","max-snippet":"max-snippet:-1","max-image-preview":"max-image-preview:large","max-video-preview":"max-video-preview:-1"},"canonical":"https:\/\/periodicorealidades.com\/index.php\/2026\/08\/30\/intensa-gira-de-manq-y-su-esposa-por-tepic-fortalecen-la-salud-y-la-atencion-especializada\/","og_locale":"es_MX","og_type":"article","og_title":"Intensa gira de MANQ y su esposa por Tepic fortalecen la salud y la atencion especializada - Peri\u00f3dico Realidades","og_description":"Miguel \u00c1ngel Navarro y Beatriz Estrada fortalecen salud, bienestar y atenci\u00f3n especializada en Tepic, Durante su gira de trabajo entregaron el primer Memorial para el Reconocimiento y Dignificaci\u00f3n de las Personas Desaparecidas y supervisaron obras y equipamiento por cerca de 86 millones de pesos Por: Bolet\u00ecn Tepic, Nayarit; lunes, 31 de agosto de 2026.- El [&hellip;]","og_url":"https:\/\/periodicorealidades.com\/index.php\/2026\/08\/30\/intensa-gira-de-manq-y-su-esposa-por-tepic-fortalecen-la-salud-y-la-atencion-especializada\/","og_site_name":"Peri\u00f3dico Realidades","article_publisher":"https:\/\/www.facebook.com\/periodicorealidades.denayarit?mibextid=LQQJ4d","article_published_time":"2026-08-31T05:41:53+00:00","article_modified_time":"2026-08-31T05:49:03+00:00","og_image":[{"width":1280,"height":853,"url":"https:\/\/periodicorealidades.com\/wp-content\/uploads\/2026\/08\/6-1.jpg","type":"image\/jpeg"}],"author":"editor","twitter_card":"summary_large_image","twitter_misc":{"Escrito por":"editor","Tiempo de lectura":"12 minutos"},"schema":{"@context":"https:\/\/schema.org","@graph":[{"@type":"Article","@id":"https:\/\/periodicorealidades.com\/index.php\/2026\/08\/30\/intensa-gira-de-manq-y-su-esposa-por-tepic-fortalecen-la-salud-y-la-atencion-especializada\/#article","isPartOf":{"@id":"https:\/\/periodicorealidades.com\/index.php\/2026\/08\/30\/intensa-gira-de-manq-y-su-esposa-por-tepic-fortalecen-la-salud-y-la-atencion-especializada\/"},"author":{"name":"editor","@id":"https:\/\/periodicorealidades.com\/#\/schema\/person\/c27da34ee13acaec3162071a3e1c7832"},"headline":"Intensa gira de MANQ y su esposa por Tepic fortalecen la salud y la atencion especializada","datePublished":"2026-08-31T05:41:53+00:00","dateModified":"2026-08-31T05:49:03+00:00","mainEntityOfPage":{"@id":"https:\/\/periodicorealidades.com\/index.php\/2026\/08\/30\/intensa-gira-de-manq-y-su-esposa-por-tepic-fortalecen-la-salud-y-la-atencion-especializada\/"},"wordCount":691,"publisher":{"@id":"https:\/\/periodicorealidades.com\/#organization"},"image":{"@id":"https:\/\/periodicorealidades.com\/index.php\/2026\/08\/30\/intensa-gira-de-manq-y-su-esposa-por-tepic-fortalecen-la-salud-y-la-atencion-especializada\/#primaryimage"},"thumbnailUrl":"https:\/\/periodicorealidades.com\/wp-content\/uploads\/2026\/08\/6-1.jpg","articleSection":["Principal","Tepic"],"inLanguage":"es"},{"@type":"WebPage","@id":"https:\/\/periodicorealidades.com\/index.php\/2026\/08\/30\/intensa-gira-de-manq-y-su-esposa-por-tepic-fortalecen-la-salud-y-la-atencion-especializada\/","url":"https:\/\/periodicorealidades.com\/index.php\/2026\/08\/30\/intensa-gira-de-manq-y-su-esposa-por-tepic-fortalecen-la-salud-y-la-atencion-especializada\/","name":"Intensa gira de MANQ y su esposa por Tepic fortalecen la salud y la atencion especializada - Peri\u00f3dico Realidades","isPartOf":{"@id":"https:\/\/periodicorealidades.com\/#website"},"primaryImageOfPage":{"@id":"https:\/\/periodicorealidades.com\/index.php\/2026\/08\/30\/intensa-gira-de-manq-y-su-esposa-por-tepic-fortalecen-la-salud-y-la-atencion-especializada\/#primaryimage"},"image":{"@id":"https:\/\/periodicorealidades.com\/index.php\/2026\/08\/30\/intensa-gira-de-manq-y-su-esposa-por-tepic-fortalecen-la-salud-y-la-atencion-especializada\/#primaryimage"},"thumbnailUrl":"https:\/\/periodicorealidades.com\/wp-content\/uploads\/2026\/08\/6-1.jpg","datePublished":"2026-08-31T05:41:53+00:00","dateModified":"2026-08-31T05:49:03+00:00","breadcrumb":{"@id":"https:\/\/periodicorealidades.com\/index.php\/2026\/08\/30\/intensa-gira-de-manq-y-su-esposa-por-tepic-fortalecen-la-salud-y-la-atencion-especializada\/#breadcrumb"},"inLanguage":"es","potentialAction":[{"@type":"ReadAction","target":["https:\/\/periodicorealidades.com\/index.php\/2026\/08\/30\/intensa-gira-de-manq-y-su-esposa-por-tepic-fortalecen-la-salud-y-la-atencion-especializada\/"]}]},{"@type":"ImageObject","inLanguage":"es","@id":"https:\/\/periodicorealidades.com\/index.php\/2026\/08\/30\/intensa-gira-de-manq-y-su-esposa-por-tepic-fortalecen-la-salud-y-la-atencion-especializada\/#primaryimage","url":"https:\/\/periodicorealidades.com\/wp-content\/uploads\/2026\/08\/6-1.jpg","contentUrl":"https:\/\/periodicorealidades.com\/wp-content\/uploads\/2026\/08\/6-1.jpg","width":1280,"height":853},{"@type":"BreadcrumbList","@id":"https:\/\/periodicorealidades.com\/index.php\/2026\/08\/30\/intensa-gira-de-manq-y-su-esposa-por-tepic-fortalecen-la-salud-y-la-atencion-especializada\/#breadcrumb","itemListElement":[{"@type":"ListItem","position":1,"name":"Inicio","item":"https:\/\/periodicorealidades.com\/"},{"@type":"ListItem","position":2,"name":"Intensa gira de MANQ y su esposa por Tepic fortalecen la salud y la atencion especializada"}]},{"@type":"WebSite","@id":"https:\/\/periodicorealidades.com\/#website","url":"https:\/\/periodicorealidades.com\/","name":"Peri\u00f3dico Realidades","description":"M\u00e9dio de comunicaci\u00f3n en Nayarit","publisher":{"@id":"https:\/\/periodicorealidades.com\/#organization"},"potentialAction":[{"@type":"SearchAction","target":{"@type":"EntryPoint","urlTemplate":"https:\/\/periodicorealidades.com\/?s={search_term_string}"},"query-input":{"@type":"PropertyValueSpecification","valueRequired":true,"valueName":"search_term_string"}}],"inLanguage":"es"},{"@type":"Organization","@id":"https:\/\/periodicorealidades.com\/#organization","name":"Peri\u00f3dico Realidades","url":"https:\/\/periodicorealidades.com\/","logo":{"@type":"ImageObject","inLanguage":"es","@id":"https:\/\/periodicorealidades.com\/#\/schema\/logo\/image\/","url":"https:\/\/periodicorealidades.com\/wp-content\/uploads\/2023\/05\/r-prueba.png","contentUrl":"https:\/\/periodicorealidades.com\/wp-content\/uploads\/2023\/05\/r-prueba.png","width":709,"height":709,"caption":"Peri\u00f3dico Realidades"},"image":{"@id":"https:\/\/periodicorealidades.com\/#\/schema\/logo\/image\/"},"sameAs":["https:\/\/www.facebook.com\/periodicorealidades.denayarit?mibextid=LQQJ4d"]},{"@type":"Person","@id":"https:\/\/periodicorealidades.com\/#\/schema\/person\/c27da34ee13acaec3162071a3e1c7832","name":"editor","image":{"@type":"ImageObject","inLanguage":"es","@id":"https:\/\/secure.gravatar.com\/avatar\/dda3c3f59ea25f4b53cd53df977b0b2628039b17268e57c944a79a00e8a56e26?s=96&d=mm&r=g","url":"https:\/\/secure.gravatar.com\/avatar\/dda3c3f59ea25f4b53cd53df977b0b2628039b17268e57c944a79a00e8a56e26?s=96&d=mm&r=g","contentUrl":"https:\/\/secure.gravatar.com\/avatar\/dda3c3f59ea25f4b53cd53df977b0b2628039b17268e57c944a79a00e8a56e26?s=96&d=mm&r=g","caption":"editor"},"url":"https:\/\/periodicorealidades.com\/index.php\/author\/editor\/"}]}},"_links":{"self":[{"href":"https:\/\/periodicorealidades.com\/index.php\/wp-json\/wp\/v2\/posts\/77743","targetHints":{"allow":["GET"]}}],"collection":[{"href":"https:\/\/periodicorealidades.com\/index.php\/wp-json\/wp\/v2\/posts"}],"about":[{"href":"https:\/\/periodicorealidades.com\/index.php\/wp-json\/wp\/v2\/types\/post"}],"author":[{"embeddable":true,"href":"https:\/\/periodicorealidades.com\/index.php\/wp-json\/wp\/v2\/users\/2"}],"replies":[{"embeddable":true,"href":"https:\/\/periodicorealidades.com\/index.php\/wp-json\/wp\/v2\/comments?post=77743"}],"version-history":[{"count":2,"href":"https:\/\/periodicorealidades.com\/index.php\/wp-json\/wp\/v2\/posts\/77743\/revisions"}],"predecessor-version":[{"id":77781,"href":"https:\/\/periodicorealidades.com\/index.php\/wp-json\/wp\/v2\/posts\/77743\/revisions\/77781"}],"wp:featuredmedia":[{"embeddable":true,"href":"https:\/\/periodicorealidades.com\/index.php\/wp-json\/wp\/v2\/media\/77770"}],"wp:attachment":[{"href":"https:\/\/periodicorealidades.com\/index.php\/wp-json\/wp\/v2\/media?parent=77743"}],"wp:term":[{"taxonomy":"category","embeddable":true,"href":"https:\/\/periodicorealidades.com\/index.php\/wp-json\/wp\/v2\/categories?post=77743"},{"taxonomy":"post_tag","embeddable":true,"href":"https:\/\/periodicorealidades.com\/index.php\/wp-json\/wp\/v2\/tags?post=77743"}],"curies":[{"name":"wp","href":"https:\/\/api.w.org\/{rel}","templated":true}]}}