{"id":77784,"date":"2026-08-31T17:58:11","date_gmt":"2026-09-01T00:58:11","guid":{"rendered":"https:\/\/periodicorealidades.com\/?p=77784"},"modified":"2026-08-31T17:58:11","modified_gmt":"2026-09-01T00:58:11","slug":"explosion-contra-comandancia-en-zacatecas-deja-al-menos-10-personas-lesionadas","status":"publish","type":"post","link":"https:\/\/periodicorealidades.com\/index.php\/2026\/08\/31\/explosion-contra-comandancia-en-zacatecas-deja-al-menos-10-personas-lesionadas\/","title":{"rendered":"Explosi\u00f3n contra comandancia en Zacatecas deja al menos 10 personas lesionadas"},"content":{"rendered":"\n<p class=\"wp-block-paragraph\">&nbsp;Al menos 10 personas resultaron lesionadas, entre ellas agentes de seguridad, tras un ataque con un artefacto explosivo contra la Comandancia de la Polic\u00eda Municipal de Ojocaliente, Zacatecas, ocurrido la noche del domingo. Dos de los heridos se encuentran en estado grave y, hasta el momento, no se han reportado personas fallecidas.<\/p>\n\n\n\n<p class=\"wp-block-paragraph\">El fiscal general del estado,&nbsp;<strong>Cristian Paul Camacho<\/strong>, inform\u00f3 que la agresi\u00f3n presuntamente fue realizada por un grupo delictivo que utiliz\u00f3 un explosivo. Despu\u00e9s del ataque, distintas corporaciones de seguridad acudieron al lugar y controlaron la situaci\u00f3n.<\/p>\n\n\n\n<p class=\"wp-block-paragraph\">El&nbsp;<strong>Gabinete de Seguridad del Gobierno de M\u00e9xico<\/strong>&nbsp;se\u00f1al\u00f3 que autoridades municipales, estatales y federales colaboran en las investigaciones para esclarecer los hechos, identificar a los responsables y reforzar la seguridad en la zona para proteger a la poblaci\u00f3n.<\/p>\n\n\n\n<figure class=\"wp-block-image size-full\"><img loading=\"lazy\" decoding=\"async\" width=\"678\" height=\"452\" src=\"https:\/\/periodicorealidades.com\/wp-content\/uploads\/2026\/08\/image-352.png\" alt=\"\" class=\"wp-image-77786\" srcset=\"https:\/\/periodicorealidades.com\/wp-content\/uploads\/2026\/08\/image-352.png 678w, https:\/\/periodicorealidades.com\/wp-content\/uploads\/2026\/08\/image-352-300x200.png 300w, https:\/\/periodicorealidades.com\/wp-content\/uploads\/2026\/08\/image-352-324x216.png 324w, https:\/\/periodicorealidades.com\/wp-content\/uploads\/2026\/08\/image-352-240x160.png 240w, https:\/\/periodicorealidades.com\/wp-content\/uploads\/2026\/08\/image-352-330x220.png 330w, https:\/\/periodicorealidades.com\/wp-content\/uploads\/2026\/08\/image-352-356x237.png 356w, https:\/\/periodicorealidades.com\/wp-content\/uploads\/2026\/08\/image-352-391x261.png 391w\" sizes=\"auto, (max-width: 678px) 100vw, 678px\" \/><\/figure>\n\n\n\n<p class=\"wp-block-paragraph\">Medios locales calificaron el hecho como un posible&nbsp;<strong>coche-bomba<\/strong>. De acuerdo con las autoridades, existe una posible relaci\u00f3n entre este ataque y otra agresi\u00f3n con explosivos ocurrida el s\u00e1bado contra polic\u00edas de Zacatecas, en los l\u00edmites con Aguascalientes. Por ese hecho fue detenido un joven de 18 a\u00f1os, quien presuntamente declar\u00f3 pertenecer a un grupo delictivo.<\/p>\n\n\n\n<p class=\"wp-block-paragraph\">El fiscal tambi\u00e9n indic\u00f3 que uno de los veh\u00edculos utilizados en los ataques ten\u00eda un n\u00famero de serie que corresponde a una unidad con reporte de robo registrado en abril de 2026 en Jalisco.<\/p>\n\n\n\n<p class=\"wp-block-paragraph\">Las autoridades investigan un posible v\u00ednculo con el&nbsp;<strong>C\u00e1rtel Jalisco Nueva Generaci\u00f3n (CJNG)<\/strong>, debido a la presencia de este grupo delictivo en la zona y a recientes agresiones contra corporaciones de seguridad. Sin embargo, la investigaci\u00f3n contin\u00faa para determinar oficialmente qui\u00e9nes fueron los responsables.<\/p>\n\n\n\n<p class=\"wp-block-paragraph\"><\/p>\n\n\n\n<p class=\"wp-block-paragraph\">Seg\u00fan el fiscal, el artefacto utilizado era un dispositivo explosivo improvisado elaborado con un tubo de metal y p\u00f3lvora comprimida. Las autoridades mantienen un operativo de seguridad en la regi\u00f3n mientras contin\u00faan las investigaciones.<\/p>\n\n\n\n<figure class=\"wp-block-image size-full\"><img loading=\"lazy\" decoding=\"async\" width=\"554\" height=\"554\" src=\"https:\/\/periodicorealidades.com\/wp-content\/uploads\/2026\/08\/image-353.png\" alt=\"\" class=\"wp-image-77787\" srcset=\"https:\/\/periodicorealidades.com\/wp-content\/uploads\/2026\/08\/image-353.png 554w, https:\/\/periodicorealidades.com\/wp-content\/uploads\/2026\/08\/image-353-150x150-1.png 150w, https:\/\/periodicorealidades.com\/wp-content\/uploads\/2026\/08\/image-353-60x60.png 60w, https:\/\/periodicorealidades.com\/wp-content\/uploads\/2026\/08\/image-353-300x300-1.png 300w, https:\/\/periodicorealidades.com\/wp-content\/uploads\/2026\/08\/image-353-198x198.png 198w, https:\/\/periodicorealidades.com\/wp-content\/uploads\/2026\/08\/image-353-360x360.png 360w, https:\/\/periodicorealidades.com\/wp-content\/uploads\/2026\/08\/image-353-324x324.png 324w, https:\/\/periodicorealidades.com\/wp-content\/uploads\/2026\/08\/image-353-70x70.png 70w, https:\/\/periodicorealidades.com\/wp-content\/uploads\/2026\/08\/image-353-160x160.png 160w, https:\/\/periodicorealidades.com\/wp-content\/uploads\/2026\/08\/image-353-235x235.png 235w, https:\/\/periodicorealidades.com\/wp-content\/uploads\/2026\/08\/image-353-220x220.png 220w, https:\/\/periodicorealidades.com\/wp-content\/uploads\/2026\/08\/image-353-261x261.png 261w, https:\/\/periodicorealidades.com\/wp-content\/uploads\/2026\/08\/image-353-356x356.png 356w, https:\/\/periodicorealidades.com\/wp-content\/uploads\/2026\/08\/image-353-470x470.png 470w, https:\/\/periodicorealidades.com\/wp-content\/uploads\/2026\/08\/image-353-462x462.png 462w, https:\/\/periodicorealidades.com\/wp-content\/uploads\/2026\/08\/image-353-486x486.png 486w\" sizes=\"auto, (max-width: 554px) 100vw, 554px\" \/><\/figure>\n","protected":false},"excerpt":{"rendered":"<p>&nbsp;Al menos 10 personas resultaron lesionadas, entre ellas agentes de seguridad, tras un ataque con un artefacto explosivo contra la Comandancia de la Polic\u00eda Municipal de Ojocaliente, Zacatecas, ocurrido la noche del domingo. Dos de los heridos se encuentran en estado grave y, hasta el momento, no se han reportado personas fallecidas. El fiscal general [&hellip;]<\/p>\n","protected":false},"author":4,"featured_media":77785,"comment_status":"closed","ping_status":"open","sticky":false,"template":"","format":"standard","meta":{"footnotes":""},"categories":[6],"tags":[],"class_list":["post-77784","post","type-post","status-publish","format-standard","has-post-thumbnail","category-policiaca"],"yoast_head":"<!-- This site is optimized with the Yoast SEO plugin v28.3 - https:\/\/yoast.com\/product\/yoast-seo-wordpress\/ -->\n<title>Explosi\u00f3n contra comandancia en Zacatecas deja al menos 10 personas lesionadas - Peri\u00f3dico Realidades<\/title>\n<meta name=\"robots\" content=\"index, follow, max-snippet:-1, max-image-preview:large, max-video-preview:-1\" \/>\n<link rel=\"canonical\" href=\"https:\/\/periodicorealidades.com\/index.php\/2026\/08\/31\/explosion-contra-comandancia-en-zacatecas-deja-al-menos-10-personas-lesionadas\/\" \/>\n<meta property=\"og:locale\" content=\"es_MX\" \/>\n<meta property=\"og:type\" content=\"article\" \/>\n<meta property=\"og:title\" content=\"Explosi\u00f3n contra comandancia en Zacatecas deja al menos 10 personas lesionadas - Peri\u00f3dico Realidades\" \/>\n<meta property=\"og:description\" content=\"&nbsp;Al menos 10 personas resultaron lesionadas, entre ellas agentes de seguridad, tras un ataque con un artefacto explosivo contra la Comandancia de la Polic\u00eda Municipal de Ojocaliente, Zacatecas, ocurrido la noche del domingo. Dos de los heridos se encuentran en estado grave y, hasta el momento, no se han reportado personas fallecidas. El fiscal general [&hellip;]\" \/>\n<meta property=\"og:url\" content=\"https:\/\/periodicorealidades.com\/index.php\/2026\/08\/31\/explosion-contra-comandancia-en-zacatecas-deja-al-menos-10-personas-lesionadas\/\" \/>\n<meta property=\"og:site_name\" content=\"Peri\u00f3dico Realidades\" \/>\n<meta property=\"article:publisher\" content=\"https:\/\/www.facebook.com\/periodicorealidades.denayarit?mibextid=LQQJ4d\" \/>\n<meta property=\"article:published_time\" content=\"2026-09-01T00:58:11+00:00\" \/>\n<meta property=\"og:image\" content=\"https:\/\/periodicorealidades.com\/wp-content\/uploads\/2026\/08\/image-351.png\" \/>\n\t<meta property=\"og:image:width\" content=\"900\" \/>\n\t<meta property=\"og:image:height\" content=\"496\" \/>\n\t<meta property=\"og:image:type\" content=\"image\/png\" \/>\n<meta name=\"author\" content=\"Arcelia\" \/>\n<meta name=\"twitter:card\" content=\"summary_large_image\" \/>\n<meta name=\"twitter:label1\" content=\"Escrito por\" \/>\n\t<meta name=\"twitter:data1\" content=\"Arcelia\" \/>\n\t<meta name=\"twitter:label2\" content=\"Tiempo de lectura\" \/>\n\t<meta name=\"twitter:data2\" content=\"2 minutos\" \/>\n<script type=\"application\/ld+json\" class=\"yoast-schema-graph\">{\"@context\":\"https:\\\/\\\/schema.org\",\"@graph\":[{\"@type\":\"Article\",\"@id\":\"https:\\\/\\\/periodicorealidades.com\\\/index.php\\\/2026\\\/08\\\/31\\\/explosion-contra-comandancia-en-zacatecas-deja-al-menos-10-personas-lesionadas\\\/#article\",\"isPartOf\":{\"@id\":\"https:\\\/\\\/periodicorealidades.com\\\/index.php\\\/2026\\\/08\\\/31\\\/explosion-contra-comandancia-en-zacatecas-deja-al-menos-10-personas-lesionadas\\\/\"},\"author\":{\"name\":\"Arcelia\",\"@id\":\"https:\\\/\\\/periodicorealidades.com\\\/#\\\/schema\\\/person\\\/ed60e33c6767be45db655d22ad0c15c4\"},\"headline\":\"Explosi\u00f3n contra comandancia en Zacatecas deja al menos 10 personas lesionadas\",\"datePublished\":\"2026-09-01T00:58:11+00:00\",\"mainEntityOfPage\":{\"@id\":\"https:\\\/\\\/periodicorealidades.com\\\/index.php\\\/2026\\\/08\\\/31\\\/explosion-contra-comandancia-en-zacatecas-deja-al-menos-10-personas-lesionadas\\\/\"},\"wordCount\":337,\"publisher\":{\"@id\":\"https:\\\/\\\/periodicorealidades.com\\\/#organization\"},\"image\":{\"@id\":\"https:\\\/\\\/periodicorealidades.com\\\/index.php\\\/2026\\\/08\\\/31\\\/explosion-contra-comandancia-en-zacatecas-deja-al-menos-10-personas-lesionadas\\\/#primaryimage\"},\"thumbnailUrl\":\"https:\\\/\\\/periodicorealidades.com\\\/wp-content\\\/uploads\\\/2026\\\/08\\\/image-351.png\",\"articleSection\":[\"Policiaca\"],\"inLanguage\":\"es\"},{\"@type\":\"WebPage\",\"@id\":\"https:\\\/\\\/periodicorealidades.com\\\/index.php\\\/2026\\\/08\\\/31\\\/explosion-contra-comandancia-en-zacatecas-deja-al-menos-10-personas-lesionadas\\\/\",\"url\":\"https:\\\/\\\/periodicorealidades.com\\\/index.php\\\/2026\\\/08\\\/31\\\/explosion-contra-comandancia-en-zacatecas-deja-al-menos-10-personas-lesionadas\\\/\",\"name\":\"Explosi\u00f3n contra comandancia en Zacatecas deja al menos 10 personas lesionadas - Peri\u00f3dico Realidades\",\"isPartOf\":{\"@id\":\"https:\\\/\\\/periodicorealidades.com\\\/#website\"},\"primaryImageOfPage\":{\"@id\":\"https:\\\/\\\/periodicorealidades.com\\\/index.php\\\/2026\\\/08\\\/31\\\/explosion-contra-comandancia-en-zacatecas-deja-al-menos-10-personas-lesionadas\\\/#primaryimage\"},\"image\":{\"@id\":\"https:\\\/\\\/periodicorealidades.com\\\/index.php\\\/2026\\\/08\\\/31\\\/explosion-contra-comandancia-en-zacatecas-deja-al-menos-10-personas-lesionadas\\\/#primaryimage\"},\"thumbnailUrl\":\"https:\\\/\\\/periodicorealidades.com\\\/wp-content\\\/uploads\\\/2026\\\/08\\\/image-351.png\",\"datePublished\":\"2026-09-01T00:58:11+00:00\",\"breadcrumb\":{\"@id\":\"https:\\\/\\\/periodicorealidades.com\\\/index.php\\\/2026\\\/08\\\/31\\\/explosion-contra-comandancia-en-zacatecas-deja-al-menos-10-personas-lesionadas\\\/#breadcrumb\"},\"inLanguage\":\"es\",\"potentialAction\":[{\"@type\":\"ReadAction\",\"target\":[\"https:\\\/\\\/periodicorealidades.com\\\/index.php\\\/2026\\\/08\\\/31\\\/explosion-contra-comandancia-en-zacatecas-deja-al-menos-10-personas-lesionadas\\\/\"]}]},{\"@type\":\"ImageObject\",\"inLanguage\":\"es\",\"@id\":\"https:\\\/\\\/periodicorealidades.com\\\/index.php\\\/2026\\\/08\\\/31\\\/explosion-contra-comandancia-en-zacatecas-deja-al-menos-10-personas-lesionadas\\\/#primaryimage\",\"url\":\"https:\\\/\\\/periodicorealidades.com\\\/wp-content\\\/uploads\\\/2026\\\/08\\\/image-351.png\",\"contentUrl\":\"https:\\\/\\\/periodicorealidades.com\\\/wp-content\\\/uploads\\\/2026\\\/08\\\/image-351.png\",\"width\":900,\"height\":496},{\"@type\":\"BreadcrumbList\",\"@id\":\"https:\\\/\\\/periodicorealidades.com\\\/index.php\\\/2026\\\/08\\\/31\\\/explosion-contra-comandancia-en-zacatecas-deja-al-menos-10-personas-lesionadas\\\/#breadcrumb\",\"itemListElement\":[{\"@type\":\"ListItem\",\"position\":1,\"name\":\"Inicio\",\"item\":\"https:\\\/\\\/periodicorealidades.com\\\/\"},{\"@type\":\"ListItem\",\"position\":2,\"name\":\"Explosi\u00f3n contra comandancia en Zacatecas deja al menos 10 personas lesionadas\"}]},{\"@type\":\"WebSite\",\"@id\":\"https:\\\/\\\/periodicorealidades.com\\\/#website\",\"url\":\"https:\\\/\\\/periodicorealidades.com\\\/\",\"name\":\"Peri\u00f3dico Realidades\",\"description\":\"M\u00e9dio de comunicaci\u00f3n en Nayarit\",\"publisher\":{\"@id\":\"https:\\\/\\\/periodicorealidades.com\\\/#organization\"},\"potentialAction\":[{\"@type\":\"SearchAction\",\"target\":{\"@type\":\"EntryPoint\",\"urlTemplate\":\"https:\\\/\\\/periodicorealidades.com\\\/?s={search_term_string}\"},\"query-input\":{\"@type\":\"PropertyValueSpecification\",\"valueRequired\":true,\"valueName\":\"search_term_string\"}}],\"inLanguage\":\"es\"},{\"@type\":\"Organization\",\"@id\":\"https:\\\/\\\/periodicorealidades.com\\\/#organization\",\"name\":\"Peri\u00f3dico Realidades\",\"url\":\"https:\\\/\\\/periodicorealidades.com\\\/\",\"logo\":{\"@type\":\"ImageObject\",\"inLanguage\":\"es\",\"@id\":\"https:\\\/\\\/periodicorealidades.com\\\/#\\\/schema\\\/logo\\\/image\\\/\",\"url\":\"https:\\\/\\\/periodicorealidades.com\\\/wp-content\\\/uploads\\\/2023\\\/05\\\/r-prueba.png\",\"contentUrl\":\"https:\\\/\\\/periodicorealidades.com\\\/wp-content\\\/uploads\\\/2023\\\/05\\\/r-prueba.png\",\"width\":709,\"height\":709,\"caption\":\"Peri\u00f3dico Realidades\"},\"image\":{\"@id\":\"https:\\\/\\\/periodicorealidades.com\\\/#\\\/schema\\\/logo\\\/image\\\/\"},\"sameAs\":[\"https:\\\/\\\/www.facebook.com\\\/periodicorealidades.denayarit?mibextid=LQQJ4d\"]},{\"@type\":\"Person\",\"@id\":\"https:\\\/\\\/periodicorealidades.com\\\/#\\\/schema\\\/person\\\/ed60e33c6767be45db655d22ad0c15c4\",\"name\":\"Arcelia\",\"image\":{\"@type\":\"ImageObject\",\"inLanguage\":\"es\",\"@id\":\"https:\\\/\\\/secure.gravatar.com\\\/avatar\\\/36cdbbe591db4ecc4985aac5ab27b8093cf6488d3b664974f0cda2e38368b10d?s=96&d=mm&r=g\",\"url\":\"https:\\\/\\\/secure.gravatar.com\\\/avatar\\\/36cdbbe591db4ecc4985aac5ab27b8093cf6488d3b664974f0cda2e38368b10d?s=96&d=mm&r=g\",\"contentUrl\":\"https:\\\/\\\/secure.gravatar.com\\\/avatar\\\/36cdbbe591db4ecc4985aac5ab27b8093cf6488d3b664974f0cda2e38368b10d?s=96&d=mm&r=g\",\"caption\":\"Arcelia\"},\"url\":\"https:\\\/\\\/periodicorealidades.com\\\/index.php\\\/author\\\/editor-2\\\/\"}]}<\/script>\n<!-- \/ Yoast SEO plugin. -->","yoast_head_json":{"title":"Explosi\u00f3n contra comandancia en Zacatecas deja al menos 10 personas lesionadas - Peri\u00f3dico Realidades","robots":{"index":"index","follow":"follow","max-snippet":"max-snippet:-1","max-image-preview":"max-image-preview:large","max-video-preview":"max-video-preview:-1"},"canonical":"https:\/\/periodicorealidades.com\/index.php\/2026\/08\/31\/explosion-contra-comandancia-en-zacatecas-deja-al-menos-10-personas-lesionadas\/","og_locale":"es_MX","og_type":"article","og_title":"Explosi\u00f3n contra comandancia en Zacatecas deja al menos 10 personas lesionadas - Peri\u00f3dico Realidades","og_description":"&nbsp;Al menos 10 personas resultaron lesionadas, entre ellas agentes de seguridad, tras un ataque con un artefacto explosivo contra la Comandancia de la Polic\u00eda Municipal de Ojocaliente, Zacatecas, ocurrido la noche del domingo. Dos de los heridos se encuentran en estado grave y, hasta el momento, no se han reportado personas fallecidas. El fiscal general [&hellip;]","og_url":"https:\/\/periodicorealidades.com\/index.php\/2026\/08\/31\/explosion-contra-comandancia-en-zacatecas-deja-al-menos-10-personas-lesionadas\/","og_site_name":"Peri\u00f3dico Realidades","article_publisher":"https:\/\/www.facebook.com\/periodicorealidades.denayarit?mibextid=LQQJ4d","article_published_time":"2026-09-01T00:58:11+00:00","og_image":[{"width":900,"height":496,"url":"https:\/\/periodicorealidades.com\/wp-content\/uploads\/2026\/08\/image-351.png","type":"image\/png"}],"author":"Arcelia","twitter_card":"summary_large_image","twitter_misc":{"Escrito por":"Arcelia","Tiempo de lectura":"2 minutos"},"schema":{"@context":"https:\/\/schema.org","@graph":[{"@type":"Article","@id":"https:\/\/periodicorealidades.com\/index.php\/2026\/08\/31\/explosion-contra-comandancia-en-zacatecas-deja-al-menos-10-personas-lesionadas\/#article","isPartOf":{"@id":"https:\/\/periodicorealidades.com\/index.php\/2026\/08\/31\/explosion-contra-comandancia-en-zacatecas-deja-al-menos-10-personas-lesionadas\/"},"author":{"name":"Arcelia","@id":"https:\/\/periodicorealidades.com\/#\/schema\/person\/ed60e33c6767be45db655d22ad0c15c4"},"headline":"Explosi\u00f3n contra comandancia en Zacatecas deja al menos 10 personas lesionadas","datePublished":"2026-09-01T00:58:11+00:00","mainEntityOfPage":{"@id":"https:\/\/periodicorealidades.com\/index.php\/2026\/08\/31\/explosion-contra-comandancia-en-zacatecas-deja-al-menos-10-personas-lesionadas\/"},"wordCount":337,"publisher":{"@id":"https:\/\/periodicorealidades.com\/#organization"},"image":{"@id":"https:\/\/periodicorealidades.com\/index.php\/2026\/08\/31\/explosion-contra-comandancia-en-zacatecas-deja-al-menos-10-personas-lesionadas\/#primaryimage"},"thumbnailUrl":"https:\/\/periodicorealidades.com\/wp-content\/uploads\/2026\/08\/image-351.png","articleSection":["Policiaca"],"inLanguage":"es"},{"@type":"WebPage","@id":"https:\/\/periodicorealidades.com\/index.php\/2026\/08\/31\/explosion-contra-comandancia-en-zacatecas-deja-al-menos-10-personas-lesionadas\/","url":"https:\/\/periodicorealidades.com\/index.php\/2026\/08\/31\/explosion-contra-comandancia-en-zacatecas-deja-al-menos-10-personas-lesionadas\/","name":"Explosi\u00f3n contra comandancia en Zacatecas deja al menos 10 personas lesionadas - Peri\u00f3dico Realidades","isPartOf":{"@id":"https:\/\/periodicorealidades.com\/#website"},"primaryImageOfPage":{"@id":"https:\/\/periodicorealidades.com\/index.php\/2026\/08\/31\/explosion-contra-comandancia-en-zacatecas-deja-al-menos-10-personas-lesionadas\/#primaryimage"},"image":{"@id":"https:\/\/periodicorealidades.com\/index.php\/2026\/08\/31\/explosion-contra-comandancia-en-zacatecas-deja-al-menos-10-personas-lesionadas\/#primaryimage"},"thumbnailUrl":"https:\/\/periodicorealidades.com\/wp-content\/uploads\/2026\/08\/image-351.png","datePublished":"2026-09-01T00:58:11+00:00","breadcrumb":{"@id":"https:\/\/periodicorealidades.com\/index.php\/2026\/08\/31\/explosion-contra-comandancia-en-zacatecas-deja-al-menos-10-personas-lesionadas\/#breadcrumb"},"inLanguage":"es","potentialAction":[{"@type":"ReadAction","target":["https:\/\/periodicorealidades.com\/index.php\/2026\/08\/31\/explosion-contra-comandancia-en-zacatecas-deja-al-menos-10-personas-lesionadas\/"]}]},{"@type":"ImageObject","inLanguage":"es","@id":"https:\/\/periodicorealidades.com\/index.php\/2026\/08\/31\/explosion-contra-comandancia-en-zacatecas-deja-al-menos-10-personas-lesionadas\/#primaryimage","url":"https:\/\/periodicorealidades.com\/wp-content\/uploads\/2026\/08\/image-351.png","contentUrl":"https:\/\/periodicorealidades.com\/wp-content\/uploads\/2026\/08\/image-351.png","width":900,"height":496},{"@type":"BreadcrumbList","@id":"https:\/\/periodicorealidades.com\/index.php\/2026\/08\/31\/explosion-contra-comandancia-en-zacatecas-deja-al-menos-10-personas-lesionadas\/#breadcrumb","itemListElement":[{"@type":"ListItem","position":1,"name":"Inicio","item":"https:\/\/periodicorealidades.com\/"},{"@type":"ListItem","position":2,"name":"Explosi\u00f3n contra comandancia en Zacatecas deja al menos 10 personas lesionadas"}]},{"@type":"WebSite","@id":"https:\/\/periodicorealidades.com\/#website","url":"https:\/\/periodicorealidades.com\/","name":"Peri\u00f3dico Realidades","description":"M\u00e9dio de comunicaci\u00f3n en Nayarit","publisher":{"@id":"https:\/\/periodicorealidades.com\/#organization"},"potentialAction":[{"@type":"SearchAction","target":{"@type":"EntryPoint","urlTemplate":"https:\/\/periodicorealidades.com\/?s={search_term_string}"},"query-input":{"@type":"PropertyValueSpecification","valueRequired":true,"valueName":"search_term_string"}}],"inLanguage":"es"},{"@type":"Organization","@id":"https:\/\/periodicorealidades.com\/#organization","name":"Peri\u00f3dico Realidades","url":"https:\/\/periodicorealidades.com\/","logo":{"@type":"ImageObject","inLanguage":"es","@id":"https:\/\/periodicorealidades.com\/#\/schema\/logo\/image\/","url":"https:\/\/periodicorealidades.com\/wp-content\/uploads\/2023\/05\/r-prueba.png","contentUrl":"https:\/\/periodicorealidades.com\/wp-content\/uploads\/2023\/05\/r-prueba.png","width":709,"height":709,"caption":"Peri\u00f3dico Realidades"},"image":{"@id":"https:\/\/periodicorealidades.com\/#\/schema\/logo\/image\/"},"sameAs":["https:\/\/www.facebook.com\/periodicorealidades.denayarit?mibextid=LQQJ4d"]},{"@type":"Person","@id":"https:\/\/periodicorealidades.com\/#\/schema\/person\/ed60e33c6767be45db655d22ad0c15c4","name":"Arcelia","image":{"@type":"ImageObject","inLanguage":"es","@id":"https:\/\/secure.gravatar.com\/avatar\/36cdbbe591db4ecc4985aac5ab27b8093cf6488d3b664974f0cda2e38368b10d?s=96&d=mm&r=g","url":"https:\/\/secure.gravatar.com\/avatar\/36cdbbe591db4ecc4985aac5ab27b8093cf6488d3b664974f0cda2e38368b10d?s=96&d=mm&r=g","contentUrl":"https:\/\/secure.gravatar.com\/avatar\/36cdbbe591db4ecc4985aac5ab27b8093cf6488d3b664974f0cda2e38368b10d?s=96&d=mm&r=g","caption":"Arcelia"},"url":"https:\/\/periodicorealidades.com\/index.php\/author\/editor-2\/"}]}},"_links":{"self":[{"href":"https:\/\/periodicorealidades.com\/index.php\/wp-json\/wp\/v2\/posts\/77784","targetHints":{"allow":["GET"]}}],"collection":[{"href":"https:\/\/periodicorealidades.com\/index.php\/wp-json\/wp\/v2\/posts"}],"about":[{"href":"https:\/\/periodicorealidades.com\/index.php\/wp-json\/wp\/v2\/types\/post"}],"author":[{"embeddable":true,"href":"https:\/\/periodicorealidades.com\/index.php\/wp-json\/wp\/v2\/users\/4"}],"replies":[{"embeddable":true,"href":"https:\/\/periodicorealidades.com\/index.php\/wp-json\/wp\/v2\/comments?post=77784"}],"version-history":[{"count":1,"href":"https:\/\/periodicorealidades.com\/index.php\/wp-json\/wp\/v2\/posts\/77784\/revisions"}],"predecessor-version":[{"id":77788,"href":"https:\/\/periodicorealidades.com\/index.php\/wp-json\/wp\/v2\/posts\/77784\/revisions\/77788"}],"wp:featuredmedia":[{"embeddable":true,"href":"https:\/\/periodicorealidades.com\/index.php\/wp-json\/wp\/v2\/media\/77785"}],"wp:attachment":[{"href":"https:\/\/periodicorealidades.com\/index.php\/wp-json\/wp\/v2\/media?parent=77784"}],"wp:term":[{"taxonomy":"category","embeddable":true,"href":"https:\/\/periodicorealidades.com\/index.php\/wp-json\/wp\/v2\/categories?post=77784"},{"taxonomy":"post_tag","embeddable":true,"href":"https:\/\/periodicorealidades.com\/index.php\/wp-json\/wp\/v2\/tags?post=77784"}],"curies":[{"name":"wp","href":"https:\/\/api.w.org\/{rel}","templated":true}]}}