{"id":77795,"date":"2026-08-31T18:18:43","date_gmt":"2026-09-01T01:18:43","guid":{"rendered":"https:\/\/periodicorealidades.com\/?p=77795"},"modified":"2026-08-31T18:18:44","modified_gmt":"2026-09-01T01:18:44","slug":"erik-lira-llegara-al-as-monaco-cruz-azul-confirma-el-acuerdo","status":"publish","type":"post","link":"https:\/\/periodicorealidades.com\/index.php\/2026\/08\/31\/erik-lira-llegara-al-as-monaco-cruz-azul-confirma-el-acuerdo\/","title":{"rendered":"Erik Lira llegar\u00e1 al AS M\u00f3naco; Cruz Azul confirma el acuerdo"},"content":{"rendered":"\n<p class=\"wp-block-paragraph\"><strong>El mediocampista mexicano dejar\u00e1 a Cruz Azul para cumplir su objetivo de jugar en Europa. La operaci\u00f3n ser\u00e1 una compra definitiva y el anuncio oficial se realizar\u00e1 pr\u00f3ximamente.<\/strong><\/p>\n\n\n\n<p class=\"wp-block-paragraph\">Erik Lira est\u00e1 a punto de convertirse en nuevo jugador del AS M\u00f3naco, luego de que Cruz Azul y el conjunto franc\u00e9s alcanzaran un acuerdo por el fichaje del mediocampista mexicano.<\/p>\n\n\n\n<p class=\"wp-block-paragraph\">V\u00edctor Vel\u00e1zquez, presidente deportivo de Cruz Azul, confirm\u00f3 este lunes 31 de agosto que las negociaciones pr\u00e1cticamente han llegado a su fin y que \u00fanicamente quedan detalles para hacer oficial la incorporaci\u00f3n del futbolista al club de la Ligue 1.<\/p>\n\n\n\n<p class=\"wp-block-paragraph\">Durante una conferencia de prensa en la que present\u00f3 el proyecto\u00a0<strong>Naci\u00f3n Azul<\/strong>, Vel\u00e1zquez explic\u00f3 que la operaci\u00f3n se demor\u00f3 debido a las condiciones que deb\u00eda resolver el M\u00f3naco para poder registrar a Lira. <\/p>\n\n\n\n<p class=\"wp-block-paragraph\">\u201cHasta hace un momento ya supe que el M\u00f3naco hab\u00eda liberado una plaza de extranjero y que ya se estaba pr\u00e1cticamente concretando todo lo que ya llev\u00e1bamos en el proceso de su contrataci\u00f3n al M\u00f3naco\u201d, se\u00f1al\u00f3 el directivo.<\/p>\n\n\n\n<h3 class=\"wp-block-heading\">Una venta definitiva<\/h3>\n\n\n\n<p class=\"wp-block-paragraph\">De acuerdo con Vel\u00e1zquez, Erik Lira llegar\u00e1 al M\u00f3naco mediante una&nbsp;<strong>compra definitiva<\/strong>, despu\u00e9s de que ambos clubes lograran mejorar las condiciones de la negociaci\u00f3n.<\/p>\n\n\n\n<p class=\"wp-block-paragraph\">El presidente deportivo de La M\u00e1quina reconoci\u00f3 que el proceso se extendi\u00f3 m\u00e1s de lo esperado, pero asegur\u00f3 que Cruz Azul qued\u00f3 satisfecho con el acuerdo alcanzado.<\/p>\n\n\n\n<p class=\"wp-block-paragraph\">\u201cNos tardamos algo precisamente por estar rebotando en una negociaci\u00f3n, pero s\u00ed, desde mi punto de vista mejoramos mucho las condiciones. Tal vez hubi\u00e9semos querido otras, pero nos sentimos tranquilos\u201d, explic\u00f3.<\/p>\n\n\n\n<figure class=\"wp-block-image size-full\"><img loading=\"lazy\" decoding=\"async\" width=\"201\" height=\"251\" src=\"https:\/\/periodicorealidades.com\/wp-content\/uploads\/2026\/08\/image-358.png\" alt=\"\" class=\"wp-image-77797\"\/><\/figure>\n\n\n\n<p class=\"wp-block-paragraph\">La salida de Lira tambi\u00e9n responde a un compromiso que Cruz Azul hab\u00eda asumido con el jugador. El futbolista ten\u00eda como objetivo dar el salto al futbol europeo y la instituci\u00f3n cementera decidi\u00f3 respaldarlo ante una oferta que cumpliera con sus expectativas.<\/p>\n\n\n\n<p class=\"wp-block-paragraph\">\u201cFue un compromiso con Erik de que lo \u00edbamos a apoyar si ven\u00eda una oferta para Europa, que era su ilusi\u00f3n, de jugar en Europa\u201d, coment\u00f3 Vel\u00e1zquez.<\/p>\n\n\n\n<h3 class=\"wp-block-heading\">M\u00f3naco tuvo que liberar una plaza<\/h3>\n\n\n\n<p class=\"wp-block-paragraph\">Uno de los principales obst\u00e1culos para cerrar la operaci\u00f3n fue que el conjunto franc\u00e9s no contaba inicialmente con una plaza disponible para registrar al mexicano.<\/p>\n\n\n\n<p class=\"wp-block-paragraph\">Vel\u00e1zquez detall\u00f3 que el M\u00f3naco trabaj\u00f3 en la liberaci\u00f3n de un cupo de extranjero y que, una vez resuelto ese asunto, la incorporaci\u00f3n de Lira pudo avanzar hacia su cierre definitivo.<\/p>\n\n\n\n<p class=\"wp-block-paragraph\">\u201cPor nuestra parte pienso que s\u00ed nos demoramos en la negociaci\u00f3n, pero al final tampoco el M\u00f3naco ten\u00eda plaza. Ahorita la est\u00e1 liberando y pues ya se est\u00e1 concretando\u201d, afirm\u00f3.<\/p>\n\n\n\n<p class=\"wp-block-paragraph\">De esta manera,&nbsp;<strong>Erik Lira est\u00e1 muy cerca de comenzar una nueva etapa en Europa<\/strong>, dejando Cruz Azul para convertirse en nuevo refuerzo del AS M\u00f3naco. El anuncio oficial de su fichaje se espera en las pr\u00f3ximas horas.<\/p>\n\n\n\n<p class=\"wp-block-paragraph\"><\/p>\n","protected":false},"excerpt":{"rendered":"<p>El mediocampista mexicano dejar\u00e1 a Cruz Azul para cumplir su objetivo de jugar en Europa. La operaci\u00f3n ser\u00e1 una compra definitiva y el anuncio oficial se realizar\u00e1 pr\u00f3ximamente. Erik Lira est\u00e1 a punto de convertirse en nuevo jugador del AS M\u00f3naco, luego de que Cruz Azul y el conjunto franc\u00e9s alcanzaran un acuerdo por el [&hellip;]<\/p>\n","protected":false},"author":4,"featured_media":77796,"comment_status":"closed","ping_status":"open","sticky":false,"template":"","format":"standard","meta":{"footnotes":""},"categories":[12],"tags":[],"class_list":["post-77795","post","type-post","status-publish","format-standard","has-post-thumbnail","category-nacional"],"yoast_head":"<!-- This site is optimized with the Yoast SEO plugin v28.3 - https:\/\/yoast.com\/product\/yoast-seo-wordpress\/ -->\n<title>Erik Lira llegar\u00e1 al AS M\u00f3naco; Cruz Azul confirma el acuerdo - Peri\u00f3dico Realidades<\/title>\n<meta name=\"robots\" content=\"index, follow, max-snippet:-1, max-image-preview:large, max-video-preview:-1\" \/>\n<link rel=\"canonical\" href=\"https:\/\/periodicorealidades.com\/index.php\/2026\/08\/31\/erik-lira-llegara-al-as-monaco-cruz-azul-confirma-el-acuerdo\/\" \/>\n<meta property=\"og:locale\" content=\"es_MX\" \/>\n<meta property=\"og:type\" content=\"article\" \/>\n<meta property=\"og:title\" content=\"Erik Lira llegar\u00e1 al AS M\u00f3naco; Cruz Azul confirma el acuerdo - Peri\u00f3dico Realidades\" \/>\n<meta property=\"og:description\" content=\"El mediocampista mexicano dejar\u00e1 a Cruz Azul para cumplir su objetivo de jugar en Europa. La operaci\u00f3n ser\u00e1 una compra definitiva y el anuncio oficial se realizar\u00e1 pr\u00f3ximamente. Erik Lira est\u00e1 a punto de convertirse en nuevo jugador del AS M\u00f3naco, luego de que Cruz Azul y el conjunto franc\u00e9s alcanzaran un acuerdo por el [&hellip;]\" \/>\n<meta property=\"og:url\" content=\"https:\/\/periodicorealidades.com\/index.php\/2026\/08\/31\/erik-lira-llegara-al-as-monaco-cruz-azul-confirma-el-acuerdo\/\" \/>\n<meta property=\"og:site_name\" content=\"Peri\u00f3dico Realidades\" \/>\n<meta property=\"article:publisher\" content=\"https:\/\/www.facebook.com\/periodicorealidades.denayarit?mibextid=LQQJ4d\" \/>\n<meta property=\"article:published_time\" content=\"2026-09-01T01:18:43+00:00\" \/>\n<meta property=\"article:modified_time\" content=\"2026-09-01T01:18:44+00:00\" \/>\n<meta property=\"og:image\" content=\"https:\/\/periodicorealidades.com\/wp-content\/uploads\/2026\/08\/image-357.png\" \/>\n\t<meta property=\"og:image:width\" content=\"299\" \/>\n\t<meta property=\"og:image:height\" content=\"168\" \/>\n\t<meta property=\"og:image:type\" content=\"image\/png\" \/>\n<meta name=\"author\" content=\"Arcelia\" \/>\n<meta name=\"twitter:card\" content=\"summary_large_image\" \/>\n<meta name=\"twitter:label1\" content=\"Escrito por\" \/>\n\t<meta name=\"twitter:data1\" content=\"Arcelia\" \/>\n\t<meta name=\"twitter:label2\" content=\"Tiempo de lectura\" \/>\n\t<meta name=\"twitter:data2\" content=\"3 minutos\" \/>\n<script type=\"application\/ld+json\" class=\"yoast-schema-graph\">{\"@context\":\"https:\\\/\\\/schema.org\",\"@graph\":[{\"@type\":\"Article\",\"@id\":\"https:\\\/\\\/periodicorealidades.com\\\/index.php\\\/2026\\\/08\\\/31\\\/erik-lira-llegara-al-as-monaco-cruz-azul-confirma-el-acuerdo\\\/#article\",\"isPartOf\":{\"@id\":\"https:\\\/\\\/periodicorealidades.com\\\/index.php\\\/2026\\\/08\\\/31\\\/erik-lira-llegara-al-as-monaco-cruz-azul-confirma-el-acuerdo\\\/\"},\"author\":{\"name\":\"Arcelia\",\"@id\":\"https:\\\/\\\/periodicorealidades.com\\\/#\\\/schema\\\/person\\\/ed60e33c6767be45db655d22ad0c15c4\"},\"headline\":\"Erik Lira llegar\u00e1 al AS M\u00f3naco; Cruz Azul confirma el acuerdo\",\"datePublished\":\"2026-09-01T01:18:43+00:00\",\"dateModified\":\"2026-09-01T01:18:44+00:00\",\"mainEntityOfPage\":{\"@id\":\"https:\\\/\\\/periodicorealidades.com\\\/index.php\\\/2026\\\/08\\\/31\\\/erik-lira-llegara-al-as-monaco-cruz-azul-confirma-el-acuerdo\\\/\"},\"wordCount\":516,\"publisher\":{\"@id\":\"https:\\\/\\\/periodicorealidades.com\\\/#organization\"},\"image\":{\"@id\":\"https:\\\/\\\/periodicorealidades.com\\\/index.php\\\/2026\\\/08\\\/31\\\/erik-lira-llegara-al-as-monaco-cruz-azul-confirma-el-acuerdo\\\/#primaryimage\"},\"thumbnailUrl\":\"https:\\\/\\\/periodicorealidades.com\\\/wp-content\\\/uploads\\\/2026\\\/08\\\/image-357.png\",\"articleSection\":[\"Nacional\"],\"inLanguage\":\"es\"},{\"@type\":\"WebPage\",\"@id\":\"https:\\\/\\\/periodicorealidades.com\\\/index.php\\\/2026\\\/08\\\/31\\\/erik-lira-llegara-al-as-monaco-cruz-azul-confirma-el-acuerdo\\\/\",\"url\":\"https:\\\/\\\/periodicorealidades.com\\\/index.php\\\/2026\\\/08\\\/31\\\/erik-lira-llegara-al-as-monaco-cruz-azul-confirma-el-acuerdo\\\/\",\"name\":\"Erik Lira llegar\u00e1 al AS M\u00f3naco; Cruz Azul confirma el acuerdo - Peri\u00f3dico Realidades\",\"isPartOf\":{\"@id\":\"https:\\\/\\\/periodicorealidades.com\\\/#website\"},\"primaryImageOfPage\":{\"@id\":\"https:\\\/\\\/periodicorealidades.com\\\/index.php\\\/2026\\\/08\\\/31\\\/erik-lira-llegara-al-as-monaco-cruz-azul-confirma-el-acuerdo\\\/#primaryimage\"},\"image\":{\"@id\":\"https:\\\/\\\/periodicorealidades.com\\\/index.php\\\/2026\\\/08\\\/31\\\/erik-lira-llegara-al-as-monaco-cruz-azul-confirma-el-acuerdo\\\/#primaryimage\"},\"thumbnailUrl\":\"https:\\\/\\\/periodicorealidades.com\\\/wp-content\\\/uploads\\\/2026\\\/08\\\/image-357.png\",\"datePublished\":\"2026-09-01T01:18:43+00:00\",\"dateModified\":\"2026-09-01T01:18:44+00:00\",\"breadcrumb\":{\"@id\":\"https:\\\/\\\/periodicorealidades.com\\\/index.php\\\/2026\\\/08\\\/31\\\/erik-lira-llegara-al-as-monaco-cruz-azul-confirma-el-acuerdo\\\/#breadcrumb\"},\"inLanguage\":\"es\",\"potentialAction\":[{\"@type\":\"ReadAction\",\"target\":[\"https:\\\/\\\/periodicorealidades.com\\\/index.php\\\/2026\\\/08\\\/31\\\/erik-lira-llegara-al-as-monaco-cruz-azul-confirma-el-acuerdo\\\/\"]}]},{\"@type\":\"ImageObject\",\"inLanguage\":\"es\",\"@id\":\"https:\\\/\\\/periodicorealidades.com\\\/index.php\\\/2026\\\/08\\\/31\\\/erik-lira-llegara-al-as-monaco-cruz-azul-confirma-el-acuerdo\\\/#primaryimage\",\"url\":\"https:\\\/\\\/periodicorealidades.com\\\/wp-content\\\/uploads\\\/2026\\\/08\\\/image-357.png\",\"contentUrl\":\"https:\\\/\\\/periodicorealidades.com\\\/wp-content\\\/uploads\\\/2026\\\/08\\\/image-357.png\",\"width\":299,\"height\":168},{\"@type\":\"BreadcrumbList\",\"@id\":\"https:\\\/\\\/periodicorealidades.com\\\/index.php\\\/2026\\\/08\\\/31\\\/erik-lira-llegara-al-as-monaco-cruz-azul-confirma-el-acuerdo\\\/#breadcrumb\",\"itemListElement\":[{\"@type\":\"ListItem\",\"position\":1,\"name\":\"Inicio\",\"item\":\"https:\\\/\\\/periodicorealidades.com\\\/\"},{\"@type\":\"ListItem\",\"position\":2,\"name\":\"Erik Lira llegar\u00e1 al AS M\u00f3naco; Cruz Azul confirma el acuerdo\"}]},{\"@type\":\"WebSite\",\"@id\":\"https:\\\/\\\/periodicorealidades.com\\\/#website\",\"url\":\"https:\\\/\\\/periodicorealidades.com\\\/\",\"name\":\"Peri\u00f3dico Realidades\",\"description\":\"M\u00e9dio de comunicaci\u00f3n en Nayarit\",\"publisher\":{\"@id\":\"https:\\\/\\\/periodicorealidades.com\\\/#organization\"},\"potentialAction\":[{\"@type\":\"SearchAction\",\"target\":{\"@type\":\"EntryPoint\",\"urlTemplate\":\"https:\\\/\\\/periodicorealidades.com\\\/?s={search_term_string}\"},\"query-input\":{\"@type\":\"PropertyValueSpecification\",\"valueRequired\":true,\"valueName\":\"search_term_string\"}}],\"inLanguage\":\"es\"},{\"@type\":\"Organization\",\"@id\":\"https:\\\/\\\/periodicorealidades.com\\\/#organization\",\"name\":\"Peri\u00f3dico Realidades\",\"url\":\"https:\\\/\\\/periodicorealidades.com\\\/\",\"logo\":{\"@type\":\"ImageObject\",\"inLanguage\":\"es\",\"@id\":\"https:\\\/\\\/periodicorealidades.com\\\/#\\\/schema\\\/logo\\\/image\\\/\",\"url\":\"https:\\\/\\\/periodicorealidades.com\\\/wp-content\\\/uploads\\\/2023\\\/05\\\/r-prueba.png\",\"contentUrl\":\"https:\\\/\\\/periodicorealidades.com\\\/wp-content\\\/uploads\\\/2023\\\/05\\\/r-prueba.png\",\"width\":709,\"height\":709,\"caption\":\"Peri\u00f3dico Realidades\"},\"image\":{\"@id\":\"https:\\\/\\\/periodicorealidades.com\\\/#\\\/schema\\\/logo\\\/image\\\/\"},\"sameAs\":[\"https:\\\/\\\/www.facebook.com\\\/periodicorealidades.denayarit?mibextid=LQQJ4d\"]},{\"@type\":\"Person\",\"@id\":\"https:\\\/\\\/periodicorealidades.com\\\/#\\\/schema\\\/person\\\/ed60e33c6767be45db655d22ad0c15c4\",\"name\":\"Arcelia\",\"image\":{\"@type\":\"ImageObject\",\"inLanguage\":\"es\",\"@id\":\"https:\\\/\\\/secure.gravatar.com\\\/avatar\\\/36cdbbe591db4ecc4985aac5ab27b8093cf6488d3b664974f0cda2e38368b10d?s=96&d=mm&r=g\",\"url\":\"https:\\\/\\\/secure.gravatar.com\\\/avatar\\\/36cdbbe591db4ecc4985aac5ab27b8093cf6488d3b664974f0cda2e38368b10d?s=96&d=mm&r=g\",\"contentUrl\":\"https:\\\/\\\/secure.gravatar.com\\\/avatar\\\/36cdbbe591db4ecc4985aac5ab27b8093cf6488d3b664974f0cda2e38368b10d?s=96&d=mm&r=g\",\"caption\":\"Arcelia\"},\"url\":\"https:\\\/\\\/periodicorealidades.com\\\/index.php\\\/author\\\/editor-2\\\/\"}]}<\/script>\n<!-- \/ Yoast SEO plugin. -->","yoast_head_json":{"title":"Erik Lira llegar\u00e1 al AS M\u00f3naco; Cruz Azul confirma el acuerdo - Peri\u00f3dico Realidades","robots":{"index":"index","follow":"follow","max-snippet":"max-snippet:-1","max-image-preview":"max-image-preview:large","max-video-preview":"max-video-preview:-1"},"canonical":"https:\/\/periodicorealidades.com\/index.php\/2026\/08\/31\/erik-lira-llegara-al-as-monaco-cruz-azul-confirma-el-acuerdo\/","og_locale":"es_MX","og_type":"article","og_title":"Erik Lira llegar\u00e1 al AS M\u00f3naco; Cruz Azul confirma el acuerdo - Peri\u00f3dico Realidades","og_description":"El mediocampista mexicano dejar\u00e1 a Cruz Azul para cumplir su objetivo de jugar en Europa. La operaci\u00f3n ser\u00e1 una compra definitiva y el anuncio oficial se realizar\u00e1 pr\u00f3ximamente. Erik Lira est\u00e1 a punto de convertirse en nuevo jugador del AS M\u00f3naco, luego de que Cruz Azul y el conjunto franc\u00e9s alcanzaran un acuerdo por el [&hellip;]","og_url":"https:\/\/periodicorealidades.com\/index.php\/2026\/08\/31\/erik-lira-llegara-al-as-monaco-cruz-azul-confirma-el-acuerdo\/","og_site_name":"Peri\u00f3dico Realidades","article_publisher":"https:\/\/www.facebook.com\/periodicorealidades.denayarit?mibextid=LQQJ4d","article_published_time":"2026-09-01T01:18:43+00:00","article_modified_time":"2026-09-01T01:18:44+00:00","og_image":[{"width":299,"height":168,"url":"https:\/\/periodicorealidades.com\/wp-content\/uploads\/2026\/08\/image-357.png","type":"image\/png"}],"author":"Arcelia","twitter_card":"summary_large_image","twitter_misc":{"Escrito por":"Arcelia","Tiempo de lectura":"3 minutos"},"schema":{"@context":"https:\/\/schema.org","@graph":[{"@type":"Article","@id":"https:\/\/periodicorealidades.com\/index.php\/2026\/08\/31\/erik-lira-llegara-al-as-monaco-cruz-azul-confirma-el-acuerdo\/#article","isPartOf":{"@id":"https:\/\/periodicorealidades.com\/index.php\/2026\/08\/31\/erik-lira-llegara-al-as-monaco-cruz-azul-confirma-el-acuerdo\/"},"author":{"name":"Arcelia","@id":"https:\/\/periodicorealidades.com\/#\/schema\/person\/ed60e33c6767be45db655d22ad0c15c4"},"headline":"Erik Lira llegar\u00e1 al AS M\u00f3naco; Cruz Azul confirma el acuerdo","datePublished":"2026-09-01T01:18:43+00:00","dateModified":"2026-09-01T01:18:44+00:00","mainEntityOfPage":{"@id":"https:\/\/periodicorealidades.com\/index.php\/2026\/08\/31\/erik-lira-llegara-al-as-monaco-cruz-azul-confirma-el-acuerdo\/"},"wordCount":516,"publisher":{"@id":"https:\/\/periodicorealidades.com\/#organization"},"image":{"@id":"https:\/\/periodicorealidades.com\/index.php\/2026\/08\/31\/erik-lira-llegara-al-as-monaco-cruz-azul-confirma-el-acuerdo\/#primaryimage"},"thumbnailUrl":"https:\/\/periodicorealidades.com\/wp-content\/uploads\/2026\/08\/image-357.png","articleSection":["Nacional"],"inLanguage":"es"},{"@type":"WebPage","@id":"https:\/\/periodicorealidades.com\/index.php\/2026\/08\/31\/erik-lira-llegara-al-as-monaco-cruz-azul-confirma-el-acuerdo\/","url":"https:\/\/periodicorealidades.com\/index.php\/2026\/08\/31\/erik-lira-llegara-al-as-monaco-cruz-azul-confirma-el-acuerdo\/","name":"Erik Lira llegar\u00e1 al AS M\u00f3naco; Cruz Azul confirma el acuerdo - Peri\u00f3dico Realidades","isPartOf":{"@id":"https:\/\/periodicorealidades.com\/#website"},"primaryImageOfPage":{"@id":"https:\/\/periodicorealidades.com\/index.php\/2026\/08\/31\/erik-lira-llegara-al-as-monaco-cruz-azul-confirma-el-acuerdo\/#primaryimage"},"image":{"@id":"https:\/\/periodicorealidades.com\/index.php\/2026\/08\/31\/erik-lira-llegara-al-as-monaco-cruz-azul-confirma-el-acuerdo\/#primaryimage"},"thumbnailUrl":"https:\/\/periodicorealidades.com\/wp-content\/uploads\/2026\/08\/image-357.png","datePublished":"2026-09-01T01:18:43+00:00","dateModified":"2026-09-01T01:18:44+00:00","breadcrumb":{"@id":"https:\/\/periodicorealidades.com\/index.php\/2026\/08\/31\/erik-lira-llegara-al-as-monaco-cruz-azul-confirma-el-acuerdo\/#breadcrumb"},"inLanguage":"es","potentialAction":[{"@type":"ReadAction","target":["https:\/\/periodicorealidades.com\/index.php\/2026\/08\/31\/erik-lira-llegara-al-as-monaco-cruz-azul-confirma-el-acuerdo\/"]}]},{"@type":"ImageObject","inLanguage":"es","@id":"https:\/\/periodicorealidades.com\/index.php\/2026\/08\/31\/erik-lira-llegara-al-as-monaco-cruz-azul-confirma-el-acuerdo\/#primaryimage","url":"https:\/\/periodicorealidades.com\/wp-content\/uploads\/2026\/08\/image-357.png","contentUrl":"https:\/\/periodicorealidades.com\/wp-content\/uploads\/2026\/08\/image-357.png","width":299,"height":168},{"@type":"BreadcrumbList","@id":"https:\/\/periodicorealidades.com\/index.php\/2026\/08\/31\/erik-lira-llegara-al-as-monaco-cruz-azul-confirma-el-acuerdo\/#breadcrumb","itemListElement":[{"@type":"ListItem","position":1,"name":"Inicio","item":"https:\/\/periodicorealidades.com\/"},{"@type":"ListItem","position":2,"name":"Erik Lira llegar\u00e1 al AS M\u00f3naco; Cruz Azul confirma el acuerdo"}]},{"@type":"WebSite","@id":"https:\/\/periodicorealidades.com\/#website","url":"https:\/\/periodicorealidades.com\/","name":"Peri\u00f3dico Realidades","description":"M\u00e9dio de comunicaci\u00f3n en Nayarit","publisher":{"@id":"https:\/\/periodicorealidades.com\/#organization"},"potentialAction":[{"@type":"SearchAction","target":{"@type":"EntryPoint","urlTemplate":"https:\/\/periodicorealidades.com\/?s={search_term_string}"},"query-input":{"@type":"PropertyValueSpecification","valueRequired":true,"valueName":"search_term_string"}}],"inLanguage":"es"},{"@type":"Organization","@id":"https:\/\/periodicorealidades.com\/#organization","name":"Peri\u00f3dico Realidades","url":"https:\/\/periodicorealidades.com\/","logo":{"@type":"ImageObject","inLanguage":"es","@id":"https:\/\/periodicorealidades.com\/#\/schema\/logo\/image\/","url":"https:\/\/periodicorealidades.com\/wp-content\/uploads\/2023\/05\/r-prueba.png","contentUrl":"https:\/\/periodicorealidades.com\/wp-content\/uploads\/2023\/05\/r-prueba.png","width":709,"height":709,"caption":"Peri\u00f3dico Realidades"},"image":{"@id":"https:\/\/periodicorealidades.com\/#\/schema\/logo\/image\/"},"sameAs":["https:\/\/www.facebook.com\/periodicorealidades.denayarit?mibextid=LQQJ4d"]},{"@type":"Person","@id":"https:\/\/periodicorealidades.com\/#\/schema\/person\/ed60e33c6767be45db655d22ad0c15c4","name":"Arcelia","image":{"@type":"ImageObject","inLanguage":"es","@id":"https:\/\/secure.gravatar.com\/avatar\/36cdbbe591db4ecc4985aac5ab27b8093cf6488d3b664974f0cda2e38368b10d?s=96&d=mm&r=g","url":"https:\/\/secure.gravatar.com\/avatar\/36cdbbe591db4ecc4985aac5ab27b8093cf6488d3b664974f0cda2e38368b10d?s=96&d=mm&r=g","contentUrl":"https:\/\/secure.gravatar.com\/avatar\/36cdbbe591db4ecc4985aac5ab27b8093cf6488d3b664974f0cda2e38368b10d?s=96&d=mm&r=g","caption":"Arcelia"},"url":"https:\/\/periodicorealidades.com\/index.php\/author\/editor-2\/"}]}},"_links":{"self":[{"href":"https:\/\/periodicorealidades.com\/index.php\/wp-json\/wp\/v2\/posts\/77795","targetHints":{"allow":["GET"]}}],"collection":[{"href":"https:\/\/periodicorealidades.com\/index.php\/wp-json\/wp\/v2\/posts"}],"about":[{"href":"https:\/\/periodicorealidades.com\/index.php\/wp-json\/wp\/v2\/types\/post"}],"author":[{"embeddable":true,"href":"https:\/\/periodicorealidades.com\/index.php\/wp-json\/wp\/v2\/users\/4"}],"replies":[{"embeddable":true,"href":"https:\/\/periodicorealidades.com\/index.php\/wp-json\/wp\/v2\/comments?post=77795"}],"version-history":[{"count":1,"href":"https:\/\/periodicorealidades.com\/index.php\/wp-json\/wp\/v2\/posts\/77795\/revisions"}],"predecessor-version":[{"id":77798,"href":"https:\/\/periodicorealidades.com\/index.php\/wp-json\/wp\/v2\/posts\/77795\/revisions\/77798"}],"wp:featuredmedia":[{"embeddable":true,"href":"https:\/\/periodicorealidades.com\/index.php\/wp-json\/wp\/v2\/media\/77796"}],"wp:attachment":[{"href":"https:\/\/periodicorealidades.com\/index.php\/wp-json\/wp\/v2\/media?parent=77795"}],"wp:term":[{"taxonomy":"category","embeddable":true,"href":"https:\/\/periodicorealidades.com\/index.php\/wp-json\/wp\/v2\/categories?post=77795"},{"taxonomy":"post_tag","embeddable":true,"href":"https:\/\/periodicorealidades.com\/index.php\/wp-json\/wp\/v2\/tags?post=77795"}],"curies":[{"name":"wp","href":"https:\/\/api.w.org\/{rel}","templated":true}]}}