{"id":77799,"date":"2026-08-31T18:26:55","date_gmt":"2026-09-01T01:26:55","guid":{"rendered":"https:\/\/periodicorealidades.com\/?p=77799"},"modified":"2026-08-31T18:26:56","modified_gmt":"2026-09-01T01:26:56","slug":"la-historia-sin-fin-regresa-a-los-cines-de-mexico-despues-de-mas-de-40-anos","status":"publish","type":"post","link":"https:\/\/periodicorealidades.com\/index.php\/2026\/08\/31\/la-historia-sin-fin-regresa-a-los-cines-de-mexico-despues-de-mas-de-40-anos\/","title":{"rendered":"\u201cLa historia sin fin\u201d regresa a los cines de M\u00e9xico despu\u00e9s de m\u00e1s de 40 a\u00f1os"},"content":{"rendered":"\n<p class=\"wp-block-paragraph\"><strong>El cl\u00e1sico de los a\u00f1os 80 volver\u00e1 a la pantalla grande en salas seleccionadas de Cinemex a partir del 3 de septiembre de 2026.<\/strong><\/p>\n\n\n\n<p class=\"wp-block-paragraph\">M\u00e1s de cuatro d\u00e9cadas despu\u00e9s de su estreno original,&nbsp;<strong>\u201cLa historia sin fin\u201d<\/strong>&nbsp;regresar\u00e1 a los cines de M\u00e9xico para reencontrarse con quienes crecieron con esta aventura fant\u00e1stica y conquistar a nuevas generaciones.<\/p>\n\n\n\n<p class=\"wp-block-paragraph\">La pel\u00edcula dirigida por&nbsp;<strong>Wolfgang Petersen<\/strong>, estrenada originalmente en 1984, llegar\u00e1 a&nbsp;<strong>salas seleccionadas de Cinemex a partir del 3 de septiembre de 2026<\/strong>. Hasta el momento, no se ha informado cu\u00e1nto tiempo permanecer\u00e1 en cartelera ni si tendr\u00e1 funciones en todas las ciudades del pa\u00eds, por lo que la disponibilidad depender\u00e1 de la programaci\u00f3n de cada complejo.<\/p>\n\n\n\n<p class=\"wp-block-paragraph\">Los horarios y las salas participantes deber\u00e1n consultarse directamente en la cartelera oficial de Cinemex.<\/p>\n\n\n\n<h2 class=\"wp-block-heading\">Una historia que naci\u00f3 como novela<\/h2>\n\n\n\n<p class=\"wp-block-paragraph\">\u201cLa historia sin fin\u201d tiene su origen en la novela del escritor alem\u00e1n&nbsp;<strong>Michael Ende<\/strong>, publicada en 1979. La trama sigue a&nbsp;<strong>Bastian<\/strong>, un ni\u00f1o hu\u00e9rfano que encuentra un misterioso libro en una librer\u00eda de usados.<\/p>\n\n\n\n<p class=\"wp-block-paragraph\">Al comenzar a leerlo, descubre el mundo de&nbsp;<strong>Fantas\u00eda<\/strong>, un territorio amenazado por una fuerza que pone en riesgo su existencia y afecta a su gobernante, la Emperatriz Infantil.<\/p>\n\n\n\n<figure class=\"wp-block-image size-full\"><img loading=\"lazy\" decoding=\"async\" width=\"378\" height=\"529\" src=\"https:\/\/periodicorealidades.com\/wp-content\/uploads\/2026\/08\/image-360.png\" alt=\"\" class=\"wp-image-77801\" srcset=\"https:\/\/periodicorealidades.com\/wp-content\/uploads\/2026\/08\/image-360.png 378w, https:\/\/periodicorealidades.com\/wp-content\/uploads\/2026\/08\/image-360-214x300.png 214w, https:\/\/periodicorealidades.com\/wp-content\/uploads\/2026\/08\/image-360-285x399.png 285w, https:\/\/periodicorealidades.com\/wp-content\/uploads\/2026\/08\/image-360-260x364.png 260w\" sizes=\"auto, (max-width: 378px) 100vw, 378px\" \/><\/figure>\n\n\n\n<p class=\"wp-block-paragraph\">Dentro de la historia aparece&nbsp;<strong>Atreyu<\/strong>, un joven cazador hu\u00e9rfano que recibe la misi\u00f3n de encontrar una soluci\u00f3n para salvar a Fantas\u00eda. Durante su recorrido se encuentra con personajes que se convirtieron en parte de la cultura popular, como el drag\u00f3n blanco&nbsp;<strong>F\u00fajur \u2014o Falkor\u2014<\/strong>&nbsp;y la hechicera&nbsp;<strong>Xayide<\/strong>.<\/p>\n\n\n\n<h2 class=\"wp-block-heading\">Bastian deja de ser un espectador<\/h2>\n\n\n\n<p class=\"wp-block-paragraph\">Uno de los elementos centrales de la historia es la relaci\u00f3n entre el mundo real de Bastian y el universo fant\u00e1stico que descubre en las p\u00e1ginas del libro.<\/p>\n\n\n\n<p class=\"wp-block-paragraph\">Al principio, el ni\u00f1o observa los acontecimientos como un lector. Sin embargo, conforme avanza la historia, descubre que sus acciones y decisiones pueden tener consecuencias dentro de Fantas\u00eda.<\/p>\n\n\n\n<p class=\"wp-block-paragraph\">La pel\u00edcula de 1984 adapta la primera mitad de la novela de Ende y concentra su argumento en el descubrimiento del libro, la misi\u00f3n de Atreyu y la amenaza que enfrenta el mundo fant\u00e1stico.<\/p>\n\n\n\n<h2 class=\"wp-block-heading\">Un cl\u00e1sico de los a\u00f1os 80 vuelve a la pantalla grande<\/h2>\n\n\n\n<p class=\"wp-block-paragraph\">La adaptaci\u00f3n cinematogr\u00e1fica fue dirigida por&nbsp;<strong>Wolfgang Petersen<\/strong>&nbsp;y se estren\u00f3 en Alemania el&nbsp;<strong>6 de abril de 1984<\/strong>. La producci\u00f3n cont\u00f3 con&nbsp;<strong>Barret Oliver<\/strong>&nbsp;como Bastian Bux,&nbsp;<strong>Noah Hathaway<\/strong>&nbsp;como Atreyu y&nbsp;<strong>Tami Stronach<\/strong>&nbsp;como la Emperatriz Infantil.<\/p>\n\n\n\n<p class=\"wp-block-paragraph\">Con el paso de los a\u00f1os, \u201cLa historia sin fin\u201d se convirti\u00f3 en una de las pel\u00edculas fant\u00e1sticas m\u00e1s recordadas de la d\u00e9cada de los 80. Su regreso a los cines mexicanos representa una oportunidad para que quienes conocieron la historia hace d\u00e9cadas vuelvan a verla en pantalla grande, mientras que el p\u00fablico m\u00e1s joven podr\u00e1 descubrir por primera vez el mundo de Fantas\u00eda en una sala de cine.<\/p>\n\n\n\n<p class=\"wp-block-paragraph\"><strong>\u201cLa historia sin fin\u201d llegar\u00e1 a salas seleccionadas de Cinemex el 3 de septiembre de 2026.<\/strong>&nbsp;Para conocer las ciudades, complejos, horarios y posibles cambios en la cartelera, se recomienda consultar los canales oficiales de Cinemex.<\/p>\n\n\n\n<p class=\"wp-block-paragraph\"><\/p>\n","protected":false},"excerpt":{"rendered":"<p>El cl\u00e1sico de los a\u00f1os 80 volver\u00e1 a la pantalla grande en salas seleccionadas de Cinemex a partir del 3 de septiembre de 2026. M\u00e1s de cuatro d\u00e9cadas despu\u00e9s de su estreno original,&nbsp;\u201cLa historia sin fin\u201d&nbsp;regresar\u00e1 a los cines de M\u00e9xico para reencontrarse con quienes crecieron con esta aventura fant\u00e1stica y conquistar a nuevas generaciones. [&hellip;]<\/p>\n","protected":false},"author":4,"featured_media":77800,"comment_status":"closed","ping_status":"open","sticky":false,"template":"","format":"standard","meta":{"footnotes":""},"categories":[11],"tags":[],"class_list":["post-77799","post","type-post","status-publish","format-standard","has-post-thumbnail","category-farandula"],"yoast_head":"<!-- This site is optimized with the Yoast SEO plugin v28.3 - https:\/\/yoast.com\/product\/yoast-seo-wordpress\/ -->\n<title>\u201cLa historia sin fin\u201d regresa a los cines de M\u00e9xico despu\u00e9s de m\u00e1s de 40 a\u00f1os - Peri\u00f3dico Realidades<\/title>\n<meta name=\"robots\" content=\"index, follow, max-snippet:-1, max-image-preview:large, max-video-preview:-1\" \/>\n<link rel=\"canonical\" href=\"https:\/\/periodicorealidades.com\/index.php\/2026\/08\/31\/la-historia-sin-fin-regresa-a-los-cines-de-mexico-despues-de-mas-de-40-anos\/\" \/>\n<meta property=\"og:locale\" content=\"es_MX\" \/>\n<meta property=\"og:type\" content=\"article\" \/>\n<meta property=\"og:title\" content=\"\u201cLa historia sin fin\u201d regresa a los cines de M\u00e9xico despu\u00e9s de m\u00e1s de 40 a\u00f1os - Peri\u00f3dico Realidades\" \/>\n<meta property=\"og:description\" content=\"El cl\u00e1sico de los a\u00f1os 80 volver\u00e1 a la pantalla grande en salas seleccionadas de Cinemex a partir del 3 de septiembre de 2026. M\u00e1s de cuatro d\u00e9cadas despu\u00e9s de su estreno original,&nbsp;\u201cLa historia sin fin\u201d&nbsp;regresar\u00e1 a los cines de M\u00e9xico para reencontrarse con quienes crecieron con esta aventura fant\u00e1stica y conquistar a nuevas generaciones. [&hellip;]\" \/>\n<meta property=\"og:url\" content=\"https:\/\/periodicorealidades.com\/index.php\/2026\/08\/31\/la-historia-sin-fin-regresa-a-los-cines-de-mexico-despues-de-mas-de-40-anos\/\" \/>\n<meta property=\"og:site_name\" content=\"Peri\u00f3dico Realidades\" \/>\n<meta property=\"article:publisher\" content=\"https:\/\/www.facebook.com\/periodicorealidades.denayarit?mibextid=LQQJ4d\" \/>\n<meta property=\"article:published_time\" content=\"2026-09-01T01:26:55+00:00\" \/>\n<meta property=\"article:modified_time\" content=\"2026-09-01T01:26:56+00:00\" \/>\n<meta property=\"og:image\" content=\"https:\/\/periodicorealidades.com\/wp-content\/uploads\/2026\/08\/image-359.png\" \/>\n\t<meta property=\"og:image:width\" content=\"992\" \/>\n\t<meta property=\"og:image:height\" content=\"558\" \/>\n\t<meta property=\"og:image:type\" content=\"image\/png\" \/>\n<meta name=\"author\" content=\"Arcelia\" \/>\n<meta name=\"twitter:card\" content=\"summary_large_image\" \/>\n<meta name=\"twitter:label1\" content=\"Escrito por\" \/>\n\t<meta name=\"twitter:data1\" content=\"Arcelia\" \/>\n\t<meta name=\"twitter:label2\" content=\"Tiempo de lectura\" \/>\n\t<meta name=\"twitter:data2\" content=\"3 minutos\" \/>\n<script type=\"application\/ld+json\" class=\"yoast-schema-graph\">{\"@context\":\"https:\\\/\\\/schema.org\",\"@graph\":[{\"@type\":\"Article\",\"@id\":\"https:\\\/\\\/periodicorealidades.com\\\/index.php\\\/2026\\\/08\\\/31\\\/la-historia-sin-fin-regresa-a-los-cines-de-mexico-despues-de-mas-de-40-anos\\\/#article\",\"isPartOf\":{\"@id\":\"https:\\\/\\\/periodicorealidades.com\\\/index.php\\\/2026\\\/08\\\/31\\\/la-historia-sin-fin-regresa-a-los-cines-de-mexico-despues-de-mas-de-40-anos\\\/\"},\"author\":{\"name\":\"Arcelia\",\"@id\":\"https:\\\/\\\/periodicorealidades.com\\\/#\\\/schema\\\/person\\\/ed60e33c6767be45db655d22ad0c15c4\"},\"headline\":\"\u201cLa historia sin fin\u201d regresa a los cines de M\u00e9xico despu\u00e9s de m\u00e1s de 40 a\u00f1os\",\"datePublished\":\"2026-09-01T01:26:55+00:00\",\"dateModified\":\"2026-09-01T01:26:56+00:00\",\"mainEntityOfPage\":{\"@id\":\"https:\\\/\\\/periodicorealidades.com\\\/index.php\\\/2026\\\/08\\\/31\\\/la-historia-sin-fin-regresa-a-los-cines-de-mexico-despues-de-mas-de-40-anos\\\/\"},\"wordCount\":572,\"publisher\":{\"@id\":\"https:\\\/\\\/periodicorealidades.com\\\/#organization\"},\"image\":{\"@id\":\"https:\\\/\\\/periodicorealidades.com\\\/index.php\\\/2026\\\/08\\\/31\\\/la-historia-sin-fin-regresa-a-los-cines-de-mexico-despues-de-mas-de-40-anos\\\/#primaryimage\"},\"thumbnailUrl\":\"https:\\\/\\\/periodicorealidades.com\\\/wp-content\\\/uploads\\\/2026\\\/08\\\/image-359.png\",\"articleSection\":[\"FARANDULA\"],\"inLanguage\":\"es\"},{\"@type\":\"WebPage\",\"@id\":\"https:\\\/\\\/periodicorealidades.com\\\/index.php\\\/2026\\\/08\\\/31\\\/la-historia-sin-fin-regresa-a-los-cines-de-mexico-despues-de-mas-de-40-anos\\\/\",\"url\":\"https:\\\/\\\/periodicorealidades.com\\\/index.php\\\/2026\\\/08\\\/31\\\/la-historia-sin-fin-regresa-a-los-cines-de-mexico-despues-de-mas-de-40-anos\\\/\",\"name\":\"\u201cLa historia sin fin\u201d regresa a los cines de M\u00e9xico despu\u00e9s de m\u00e1s de 40 a\u00f1os - Peri\u00f3dico Realidades\",\"isPartOf\":{\"@id\":\"https:\\\/\\\/periodicorealidades.com\\\/#website\"},\"primaryImageOfPage\":{\"@id\":\"https:\\\/\\\/periodicorealidades.com\\\/index.php\\\/2026\\\/08\\\/31\\\/la-historia-sin-fin-regresa-a-los-cines-de-mexico-despues-de-mas-de-40-anos\\\/#primaryimage\"},\"image\":{\"@id\":\"https:\\\/\\\/periodicorealidades.com\\\/index.php\\\/2026\\\/08\\\/31\\\/la-historia-sin-fin-regresa-a-los-cines-de-mexico-despues-de-mas-de-40-anos\\\/#primaryimage\"},\"thumbnailUrl\":\"https:\\\/\\\/periodicorealidades.com\\\/wp-content\\\/uploads\\\/2026\\\/08\\\/image-359.png\",\"datePublished\":\"2026-09-01T01:26:55+00:00\",\"dateModified\":\"2026-09-01T01:26:56+00:00\",\"breadcrumb\":{\"@id\":\"https:\\\/\\\/periodicorealidades.com\\\/index.php\\\/2026\\\/08\\\/31\\\/la-historia-sin-fin-regresa-a-los-cines-de-mexico-despues-de-mas-de-40-anos\\\/#breadcrumb\"},\"inLanguage\":\"es\",\"potentialAction\":[{\"@type\":\"ReadAction\",\"target\":[\"https:\\\/\\\/periodicorealidades.com\\\/index.php\\\/2026\\\/08\\\/31\\\/la-historia-sin-fin-regresa-a-los-cines-de-mexico-despues-de-mas-de-40-anos\\\/\"]}]},{\"@type\":\"ImageObject\",\"inLanguage\":\"es\",\"@id\":\"https:\\\/\\\/periodicorealidades.com\\\/index.php\\\/2026\\\/08\\\/31\\\/la-historia-sin-fin-regresa-a-los-cines-de-mexico-despues-de-mas-de-40-anos\\\/#primaryimage\",\"url\":\"https:\\\/\\\/periodicorealidades.com\\\/wp-content\\\/uploads\\\/2026\\\/08\\\/image-359.png\",\"contentUrl\":\"https:\\\/\\\/periodicorealidades.com\\\/wp-content\\\/uploads\\\/2026\\\/08\\\/image-359.png\",\"width\":992,\"height\":558},{\"@type\":\"BreadcrumbList\",\"@id\":\"https:\\\/\\\/periodicorealidades.com\\\/index.php\\\/2026\\\/08\\\/31\\\/la-historia-sin-fin-regresa-a-los-cines-de-mexico-despues-de-mas-de-40-anos\\\/#breadcrumb\",\"itemListElement\":[{\"@type\":\"ListItem\",\"position\":1,\"name\":\"Inicio\",\"item\":\"https:\\\/\\\/periodicorealidades.com\\\/\"},{\"@type\":\"ListItem\",\"position\":2,\"name\":\"\u201cLa historia sin fin\u201d regresa a los cines de M\u00e9xico despu\u00e9s de m\u00e1s de 40 a\u00f1os\"}]},{\"@type\":\"WebSite\",\"@id\":\"https:\\\/\\\/periodicorealidades.com\\\/#website\",\"url\":\"https:\\\/\\\/periodicorealidades.com\\\/\",\"name\":\"Peri\u00f3dico Realidades\",\"description\":\"M\u00e9dio de comunicaci\u00f3n en Nayarit\",\"publisher\":{\"@id\":\"https:\\\/\\\/periodicorealidades.com\\\/#organization\"},\"potentialAction\":[{\"@type\":\"SearchAction\",\"target\":{\"@type\":\"EntryPoint\",\"urlTemplate\":\"https:\\\/\\\/periodicorealidades.com\\\/?s={search_term_string}\"},\"query-input\":{\"@type\":\"PropertyValueSpecification\",\"valueRequired\":true,\"valueName\":\"search_term_string\"}}],\"inLanguage\":\"es\"},{\"@type\":\"Organization\",\"@id\":\"https:\\\/\\\/periodicorealidades.com\\\/#organization\",\"name\":\"Peri\u00f3dico Realidades\",\"url\":\"https:\\\/\\\/periodicorealidades.com\\\/\",\"logo\":{\"@type\":\"ImageObject\",\"inLanguage\":\"es\",\"@id\":\"https:\\\/\\\/periodicorealidades.com\\\/#\\\/schema\\\/logo\\\/image\\\/\",\"url\":\"https:\\\/\\\/periodicorealidades.com\\\/wp-content\\\/uploads\\\/2023\\\/05\\\/r-prueba.png\",\"contentUrl\":\"https:\\\/\\\/periodicorealidades.com\\\/wp-content\\\/uploads\\\/2023\\\/05\\\/r-prueba.png\",\"width\":709,\"height\":709,\"caption\":\"Peri\u00f3dico Realidades\"},\"image\":{\"@id\":\"https:\\\/\\\/periodicorealidades.com\\\/#\\\/schema\\\/logo\\\/image\\\/\"},\"sameAs\":[\"https:\\\/\\\/www.facebook.com\\\/periodicorealidades.denayarit?mibextid=LQQJ4d\"]},{\"@type\":\"Person\",\"@id\":\"https:\\\/\\\/periodicorealidades.com\\\/#\\\/schema\\\/person\\\/ed60e33c6767be45db655d22ad0c15c4\",\"name\":\"Arcelia\",\"image\":{\"@type\":\"ImageObject\",\"inLanguage\":\"es\",\"@id\":\"https:\\\/\\\/secure.gravatar.com\\\/avatar\\\/36cdbbe591db4ecc4985aac5ab27b8093cf6488d3b664974f0cda2e38368b10d?s=96&d=mm&r=g\",\"url\":\"https:\\\/\\\/secure.gravatar.com\\\/avatar\\\/36cdbbe591db4ecc4985aac5ab27b8093cf6488d3b664974f0cda2e38368b10d?s=96&d=mm&r=g\",\"contentUrl\":\"https:\\\/\\\/secure.gravatar.com\\\/avatar\\\/36cdbbe591db4ecc4985aac5ab27b8093cf6488d3b664974f0cda2e38368b10d?s=96&d=mm&r=g\",\"caption\":\"Arcelia\"},\"url\":\"https:\\\/\\\/periodicorealidades.com\\\/index.php\\\/author\\\/editor-2\\\/\"}]}<\/script>\n<!-- \/ Yoast SEO plugin. -->","yoast_head_json":{"title":"\u201cLa historia sin fin\u201d regresa a los cines de M\u00e9xico despu\u00e9s de m\u00e1s de 40 a\u00f1os - Peri\u00f3dico Realidades","robots":{"index":"index","follow":"follow","max-snippet":"max-snippet:-1","max-image-preview":"max-image-preview:large","max-video-preview":"max-video-preview:-1"},"canonical":"https:\/\/periodicorealidades.com\/index.php\/2026\/08\/31\/la-historia-sin-fin-regresa-a-los-cines-de-mexico-despues-de-mas-de-40-anos\/","og_locale":"es_MX","og_type":"article","og_title":"\u201cLa historia sin fin\u201d regresa a los cines de M\u00e9xico despu\u00e9s de m\u00e1s de 40 a\u00f1os - Peri\u00f3dico Realidades","og_description":"El cl\u00e1sico de los a\u00f1os 80 volver\u00e1 a la pantalla grande en salas seleccionadas de Cinemex a partir del 3 de septiembre de 2026. M\u00e1s de cuatro d\u00e9cadas despu\u00e9s de su estreno original,&nbsp;\u201cLa historia sin fin\u201d&nbsp;regresar\u00e1 a los cines de M\u00e9xico para reencontrarse con quienes crecieron con esta aventura fant\u00e1stica y conquistar a nuevas generaciones. [&hellip;]","og_url":"https:\/\/periodicorealidades.com\/index.php\/2026\/08\/31\/la-historia-sin-fin-regresa-a-los-cines-de-mexico-despues-de-mas-de-40-anos\/","og_site_name":"Peri\u00f3dico Realidades","article_publisher":"https:\/\/www.facebook.com\/periodicorealidades.denayarit?mibextid=LQQJ4d","article_published_time":"2026-09-01T01:26:55+00:00","article_modified_time":"2026-09-01T01:26:56+00:00","og_image":[{"width":992,"height":558,"url":"https:\/\/periodicorealidades.com\/wp-content\/uploads\/2026\/08\/image-359.png","type":"image\/png"}],"author":"Arcelia","twitter_card":"summary_large_image","twitter_misc":{"Escrito por":"Arcelia","Tiempo de lectura":"3 minutos"},"schema":{"@context":"https:\/\/schema.org","@graph":[{"@type":"Article","@id":"https:\/\/periodicorealidades.com\/index.php\/2026\/08\/31\/la-historia-sin-fin-regresa-a-los-cines-de-mexico-despues-de-mas-de-40-anos\/#article","isPartOf":{"@id":"https:\/\/periodicorealidades.com\/index.php\/2026\/08\/31\/la-historia-sin-fin-regresa-a-los-cines-de-mexico-despues-de-mas-de-40-anos\/"},"author":{"name":"Arcelia","@id":"https:\/\/periodicorealidades.com\/#\/schema\/person\/ed60e33c6767be45db655d22ad0c15c4"},"headline":"\u201cLa historia sin fin\u201d regresa a los cines de M\u00e9xico despu\u00e9s de m\u00e1s de 40 a\u00f1os","datePublished":"2026-09-01T01:26:55+00:00","dateModified":"2026-09-01T01:26:56+00:00","mainEntityOfPage":{"@id":"https:\/\/periodicorealidades.com\/index.php\/2026\/08\/31\/la-historia-sin-fin-regresa-a-los-cines-de-mexico-despues-de-mas-de-40-anos\/"},"wordCount":572,"publisher":{"@id":"https:\/\/periodicorealidades.com\/#organization"},"image":{"@id":"https:\/\/periodicorealidades.com\/index.php\/2026\/08\/31\/la-historia-sin-fin-regresa-a-los-cines-de-mexico-despues-de-mas-de-40-anos\/#primaryimage"},"thumbnailUrl":"https:\/\/periodicorealidades.com\/wp-content\/uploads\/2026\/08\/image-359.png","articleSection":["FARANDULA"],"inLanguage":"es"},{"@type":"WebPage","@id":"https:\/\/periodicorealidades.com\/index.php\/2026\/08\/31\/la-historia-sin-fin-regresa-a-los-cines-de-mexico-despues-de-mas-de-40-anos\/","url":"https:\/\/periodicorealidades.com\/index.php\/2026\/08\/31\/la-historia-sin-fin-regresa-a-los-cines-de-mexico-despues-de-mas-de-40-anos\/","name":"\u201cLa historia sin fin\u201d regresa a los cines de M\u00e9xico despu\u00e9s de m\u00e1s de 40 a\u00f1os - Peri\u00f3dico Realidades","isPartOf":{"@id":"https:\/\/periodicorealidades.com\/#website"},"primaryImageOfPage":{"@id":"https:\/\/periodicorealidades.com\/index.php\/2026\/08\/31\/la-historia-sin-fin-regresa-a-los-cines-de-mexico-despues-de-mas-de-40-anos\/#primaryimage"},"image":{"@id":"https:\/\/periodicorealidades.com\/index.php\/2026\/08\/31\/la-historia-sin-fin-regresa-a-los-cines-de-mexico-despues-de-mas-de-40-anos\/#primaryimage"},"thumbnailUrl":"https:\/\/periodicorealidades.com\/wp-content\/uploads\/2026\/08\/image-359.png","datePublished":"2026-09-01T01:26:55+00:00","dateModified":"2026-09-01T01:26:56+00:00","breadcrumb":{"@id":"https:\/\/periodicorealidades.com\/index.php\/2026\/08\/31\/la-historia-sin-fin-regresa-a-los-cines-de-mexico-despues-de-mas-de-40-anos\/#breadcrumb"},"inLanguage":"es","potentialAction":[{"@type":"ReadAction","target":["https:\/\/periodicorealidades.com\/index.php\/2026\/08\/31\/la-historia-sin-fin-regresa-a-los-cines-de-mexico-despues-de-mas-de-40-anos\/"]}]},{"@type":"ImageObject","inLanguage":"es","@id":"https:\/\/periodicorealidades.com\/index.php\/2026\/08\/31\/la-historia-sin-fin-regresa-a-los-cines-de-mexico-despues-de-mas-de-40-anos\/#primaryimage","url":"https:\/\/periodicorealidades.com\/wp-content\/uploads\/2026\/08\/image-359.png","contentUrl":"https:\/\/periodicorealidades.com\/wp-content\/uploads\/2026\/08\/image-359.png","width":992,"height":558},{"@type":"BreadcrumbList","@id":"https:\/\/periodicorealidades.com\/index.php\/2026\/08\/31\/la-historia-sin-fin-regresa-a-los-cines-de-mexico-despues-de-mas-de-40-anos\/#breadcrumb","itemListElement":[{"@type":"ListItem","position":1,"name":"Inicio","item":"https:\/\/periodicorealidades.com\/"},{"@type":"ListItem","position":2,"name":"\u201cLa historia sin fin\u201d regresa a los cines de M\u00e9xico despu\u00e9s de m\u00e1s de 40 a\u00f1os"}]},{"@type":"WebSite","@id":"https:\/\/periodicorealidades.com\/#website","url":"https:\/\/periodicorealidades.com\/","name":"Peri\u00f3dico Realidades","description":"M\u00e9dio de comunicaci\u00f3n en Nayarit","publisher":{"@id":"https:\/\/periodicorealidades.com\/#organization"},"potentialAction":[{"@type":"SearchAction","target":{"@type":"EntryPoint","urlTemplate":"https:\/\/periodicorealidades.com\/?s={search_term_string}"},"query-input":{"@type":"PropertyValueSpecification","valueRequired":true,"valueName":"search_term_string"}}],"inLanguage":"es"},{"@type":"Organization","@id":"https:\/\/periodicorealidades.com\/#organization","name":"Peri\u00f3dico Realidades","url":"https:\/\/periodicorealidades.com\/","logo":{"@type":"ImageObject","inLanguage":"es","@id":"https:\/\/periodicorealidades.com\/#\/schema\/logo\/image\/","url":"https:\/\/periodicorealidades.com\/wp-content\/uploads\/2023\/05\/r-prueba.png","contentUrl":"https:\/\/periodicorealidades.com\/wp-content\/uploads\/2023\/05\/r-prueba.png","width":709,"height":709,"caption":"Peri\u00f3dico Realidades"},"image":{"@id":"https:\/\/periodicorealidades.com\/#\/schema\/logo\/image\/"},"sameAs":["https:\/\/www.facebook.com\/periodicorealidades.denayarit?mibextid=LQQJ4d"]},{"@type":"Person","@id":"https:\/\/periodicorealidades.com\/#\/schema\/person\/ed60e33c6767be45db655d22ad0c15c4","name":"Arcelia","image":{"@type":"ImageObject","inLanguage":"es","@id":"https:\/\/secure.gravatar.com\/avatar\/36cdbbe591db4ecc4985aac5ab27b8093cf6488d3b664974f0cda2e38368b10d?s=96&d=mm&r=g","url":"https:\/\/secure.gravatar.com\/avatar\/36cdbbe591db4ecc4985aac5ab27b8093cf6488d3b664974f0cda2e38368b10d?s=96&d=mm&r=g","contentUrl":"https:\/\/secure.gravatar.com\/avatar\/36cdbbe591db4ecc4985aac5ab27b8093cf6488d3b664974f0cda2e38368b10d?s=96&d=mm&r=g","caption":"Arcelia"},"url":"https:\/\/periodicorealidades.com\/index.php\/author\/editor-2\/"}]}},"_links":{"self":[{"href":"https:\/\/periodicorealidades.com\/index.php\/wp-json\/wp\/v2\/posts\/77799","targetHints":{"allow":["GET"]}}],"collection":[{"href":"https:\/\/periodicorealidades.com\/index.php\/wp-json\/wp\/v2\/posts"}],"about":[{"href":"https:\/\/periodicorealidades.com\/index.php\/wp-json\/wp\/v2\/types\/post"}],"author":[{"embeddable":true,"href":"https:\/\/periodicorealidades.com\/index.php\/wp-json\/wp\/v2\/users\/4"}],"replies":[{"embeddable":true,"href":"https:\/\/periodicorealidades.com\/index.php\/wp-json\/wp\/v2\/comments?post=77799"}],"version-history":[{"count":1,"href":"https:\/\/periodicorealidades.com\/index.php\/wp-json\/wp\/v2\/posts\/77799\/revisions"}],"predecessor-version":[{"id":77802,"href":"https:\/\/periodicorealidades.com\/index.php\/wp-json\/wp\/v2\/posts\/77799\/revisions\/77802"}],"wp:featuredmedia":[{"embeddable":true,"href":"https:\/\/periodicorealidades.com\/index.php\/wp-json\/wp\/v2\/media\/77800"}],"wp:attachment":[{"href":"https:\/\/periodicorealidades.com\/index.php\/wp-json\/wp\/v2\/media?parent=77799"}],"wp:term":[{"taxonomy":"category","embeddable":true,"href":"https:\/\/periodicorealidades.com\/index.php\/wp-json\/wp\/v2\/categories?post=77799"},{"taxonomy":"post_tag","embeddable":true,"href":"https:\/\/periodicorealidades.com\/index.php\/wp-json\/wp\/v2\/tags?post=77799"}],"curies":[{"name":"wp","href":"https:\/\/api.w.org\/{rel}","templated":true}]}}