{"id":77806,"date":"2026-08-31T18:44:16","date_gmt":"2026-09-01T01:44:16","guid":{"rendered":"https:\/\/periodicorealidades.com\/?p=77806"},"modified":"2026-08-31T18:44:17","modified_gmt":"2026-09-01T01:44:17","slug":"mexico-sale-avante-ante-proteccionismo-de-eu-pero-debe-apostar-por-la-innovacion-ebrard","status":"publish","type":"post","link":"https:\/\/periodicorealidades.com\/index.php\/2026\/08\/31\/mexico-sale-avante-ante-proteccionismo-de-eu-pero-debe-apostar-por-la-innovacion-ebrard\/","title":{"rendered":"M\u00e9xico sale avante ante proteccionismo de EU, pero debe apostar por la innovaci\u00f3n: Ebrard"},"content":{"rendered":"\n<p class=\"wp-block-paragraph\">&nbsp;M\u00e9xico ha logrado salir adelante frente al nuevo escenario econ\u00f3mico global provocado por las pol\u00edticas proteccionistas de Estados Unidos, aunque enfrenta el reto de fortalecer su capacidad de innovaci\u00f3n para garantizar el crecimiento y la generaci\u00f3n de riqueza en los pr\u00f3ximos a\u00f1os, afirm\u00f3 el secretario de Econom\u00eda, Marcelo Ebrard.<\/p>\n\n\n\n<p class=\"wp-block-paragraph\">Durante la apertura de la quinta Sesi\u00f3n Plenaria de la bancada de Morena en la C\u00e1mara de Diputados, el funcionario se\u00f1al\u00f3 que el pa\u00eds enfrenta \u201cel reto m\u00e1s grande en lo que va del siglo\u201d, derivado principalmente de la nueva din\u00e1mica comercial impulsada por Estados Unidos.<\/p>\n\n\n\n<p class=\"wp-block-paragraph\">Ebrard destac\u00f3 el papel de la presidenta Claudia Sheinbaum en las negociaciones con el gobierno estadounidense y asegur\u00f3 que la mandataria mantiene una comunicaci\u00f3n constante con el presidente Donald Trump. Indic\u00f3 que ambos sostuvieron una nueva llamada telef\u00f3nica el viernes pasado, como parte de la agenda bilateral.<\/p>\n\n\n\n<p class=\"wp-block-paragraph\">De acuerdo con el secretario de Econom\u00eda, la presidenta Sheinbaum cuenta con reconocimiento internacional por la manera en que ha conducido las negociaciones con Estados Unidos, al tiempo que personalmente supervisa las acciones emprendidas por el gobierno mexicano.<\/p>\n\n\n\n<p class=\"wp-block-paragraph\">Sin embargo, Ebrard advirti\u00f3 que M\u00e9xico no puede limitar su estrategia econ\u00f3mica a la manufactura y el ensamblaje. Consider\u00f3 indispensable impulsar la innovaci\u00f3n, particularmente ante el avance de la inteligencia artificial y la rob\u00f3tica.<\/p>\n\n\n\n<p class=\"wp-block-paragraph\">\u201cM\u00e9xico tiene que modificar esta variable que se llama innovaci\u00f3n\u201d, sostuvo, al se\u00f1alar que el desarrollo tecnol\u00f3gico ser\u00e1 uno de los principales factores que determinar\u00e1n la riqueza de los pa\u00edses durante la pr\u00f3xima d\u00e9cada.<\/p>\n\n\n\n<p class=\"wp-block-paragraph\">El funcionario llam\u00f3 la atenci\u00f3n sobre el bajo n\u00famero de innovaciones nacionales. Explic\u00f3 que este a\u00f1o s\u00f3lo 9 por ciento de las patentes tramitadas en M\u00e9xico correspondieron a innovaciones desarrolladas en el pa\u00eds, mientras que el resto fueron de origen extranjero.<\/p>\n\n\n\n<p class=\"wp-block-paragraph\">Tambi\u00e9n compar\u00f3 el desempe\u00f1o de M\u00e9xico con el de otras potencias: por cada patente otorgada en M\u00e9xico, China concede alrededor de 800 y Estados Unidos 270. Ante esta diferencia, consider\u00f3 urgente aumentar la capacidad nacional de investigaci\u00f3n, desarrollo e innovaci\u00f3n.<\/p>\n\n\n\n<p class=\"wp-block-paragraph\">En materia comercial, Ebrard resalt\u00f3 los resultados de los ajustes arancelarios aplicados a mil 463 fracciones de importaci\u00f3n provenientes de China y otros pa\u00edses asi\u00e1ticos, medida que entr\u00f3 en vigor el 1 de enero de este a\u00f1o.<\/p>\n\n\n\n<p class=\"wp-block-paragraph\">La estrategia, explic\u00f3, busca proteger alrededor de 350 mil empleos en sectores como el calzado, textiles, vestido, acero y automotriz, frente a pr\u00e1cticas comerciales consideradas desleales.<\/p>\n\n\n\n<p class=\"wp-block-paragraph\">Como resultado, las importaciones correspondientes a esas fracciones disminuyeron 23.2 por ciento entre enero y mayo de 2026, en comparaci\u00f3n con el mismo periodo de 2025. En el caso espec\u00edfico de China, la reducci\u00f3n fue de 28 por ciento.<\/p>\n\n\n\n<p class=\"wp-block-paragraph\">Ebrard sostuvo que M\u00e9xico debe aprovechar el actual escenario internacional para fortalecer su econom\u00eda, incrementar las exportaciones y atraer inversi\u00f3n, pero sobre todo para desarrollar tecnolog\u00eda propia.<\/p>\n\n\n\n<p class=\"wp-block-paragraph\">El reto, concluy\u00f3, no s\u00f3lo consiste en enfrentar los cambios del comercio mundial, sino en lograr que M\u00e9xico tenga una mayor participaci\u00f3n en la econom\u00eda basada en la innovaci\u00f3n, la inteligencia artificial y la automatizaci\u00f3n.<\/p>\n\n\n\n<p class=\"wp-block-paragraph\"><\/p>\n","protected":false},"excerpt":{"rendered":"<p>&nbsp;M\u00e9xico ha logrado salir adelante frente al nuevo escenario econ\u00f3mico global provocado por las pol\u00edticas proteccionistas de Estados Unidos, aunque enfrenta el reto de fortalecer su capacidad de innovaci\u00f3n para garantizar el crecimiento y la generaci\u00f3n de riqueza en los pr\u00f3ximos a\u00f1os, afirm\u00f3 el secretario de Econom\u00eda, Marcelo Ebrard. Durante la apertura de la quinta [&hellip;]<\/p>\n","protected":false},"author":4,"featured_media":77807,"comment_status":"closed","ping_status":"open","sticky":false,"template":"","format":"standard","meta":{"footnotes":""},"categories":[12],"tags":[],"class_list":["post-77806","post","type-post","status-publish","format-standard","has-post-thumbnail","category-nacional"],"yoast_head":"<!-- This site is optimized with the Yoast SEO plugin v28.3 - https:\/\/yoast.com\/product\/yoast-seo-wordpress\/ -->\n<title>M\u00e9xico sale avante ante proteccionismo de EU, pero debe apostar por la innovaci\u00f3n: Ebrard - Peri\u00f3dico Realidades<\/title>\n<meta name=\"robots\" content=\"index, follow, max-snippet:-1, max-image-preview:large, max-video-preview:-1\" \/>\n<link rel=\"canonical\" href=\"https:\/\/periodicorealidades.com\/index.php\/2026\/08\/31\/mexico-sale-avante-ante-proteccionismo-de-eu-pero-debe-apostar-por-la-innovacion-ebrard\/\" \/>\n<meta property=\"og:locale\" content=\"es_MX\" \/>\n<meta property=\"og:type\" content=\"article\" \/>\n<meta property=\"og:title\" content=\"M\u00e9xico sale avante ante proteccionismo de EU, pero debe apostar por la innovaci\u00f3n: Ebrard - Peri\u00f3dico Realidades\" \/>\n<meta property=\"og:description\" content=\"&nbsp;M\u00e9xico ha logrado salir adelante frente al nuevo escenario econ\u00f3mico global provocado por las pol\u00edticas proteccionistas de Estados Unidos, aunque enfrenta el reto de fortalecer su capacidad de innovaci\u00f3n para garantizar el crecimiento y la generaci\u00f3n de riqueza en los pr\u00f3ximos a\u00f1os, afirm\u00f3 el secretario de Econom\u00eda, Marcelo Ebrard. Durante la apertura de la quinta [&hellip;]\" \/>\n<meta property=\"og:url\" content=\"https:\/\/periodicorealidades.com\/index.php\/2026\/08\/31\/mexico-sale-avante-ante-proteccionismo-de-eu-pero-debe-apostar-por-la-innovacion-ebrard\/\" \/>\n<meta property=\"og:site_name\" content=\"Peri\u00f3dico Realidades\" \/>\n<meta property=\"article:publisher\" content=\"https:\/\/www.facebook.com\/periodicorealidades.denayarit?mibextid=LQQJ4d\" \/>\n<meta property=\"article:published_time\" content=\"2026-09-01T01:44:16+00:00\" \/>\n<meta property=\"article:modified_time\" content=\"2026-09-01T01:44:17+00:00\" \/>\n<meta property=\"og:image\" content=\"https:\/\/periodicorealidades.com\/wp-content\/uploads\/2026\/08\/image-362.png\" \/>\n\t<meta property=\"og:image:width\" content=\"1200\" \/>\n\t<meta property=\"og:image:height\" content=\"630\" \/>\n\t<meta property=\"og:image:type\" content=\"image\/png\" \/>\n<meta name=\"author\" content=\"Arcelia\" \/>\n<meta name=\"twitter:card\" content=\"summary_large_image\" \/>\n<meta name=\"twitter:label1\" content=\"Escrito por\" \/>\n\t<meta name=\"twitter:data1\" content=\"Arcelia\" \/>\n\t<meta name=\"twitter:label2\" content=\"Tiempo de lectura\" \/>\n\t<meta name=\"twitter:data2\" content=\"3 minutos\" \/>\n<script type=\"application\/ld+json\" class=\"yoast-schema-graph\">{\"@context\":\"https:\\\/\\\/schema.org\",\"@graph\":[{\"@type\":\"Article\",\"@id\":\"https:\\\/\\\/periodicorealidades.com\\\/index.php\\\/2026\\\/08\\\/31\\\/mexico-sale-avante-ante-proteccionismo-de-eu-pero-debe-apostar-por-la-innovacion-ebrard\\\/#article\",\"isPartOf\":{\"@id\":\"https:\\\/\\\/periodicorealidades.com\\\/index.php\\\/2026\\\/08\\\/31\\\/mexico-sale-avante-ante-proteccionismo-de-eu-pero-debe-apostar-por-la-innovacion-ebrard\\\/\"},\"author\":{\"name\":\"Arcelia\",\"@id\":\"https:\\\/\\\/periodicorealidades.com\\\/#\\\/schema\\\/person\\\/ed60e33c6767be45db655d22ad0c15c4\"},\"headline\":\"M\u00e9xico sale avante ante proteccionismo de EU, pero debe apostar por la innovaci\u00f3n: Ebrard\",\"datePublished\":\"2026-09-01T01:44:16+00:00\",\"dateModified\":\"2026-09-01T01:44:17+00:00\",\"mainEntityOfPage\":{\"@id\":\"https:\\\/\\\/periodicorealidades.com\\\/index.php\\\/2026\\\/08\\\/31\\\/mexico-sale-avante-ante-proteccionismo-de-eu-pero-debe-apostar-por-la-innovacion-ebrard\\\/\"},\"wordCount\":559,\"publisher\":{\"@id\":\"https:\\\/\\\/periodicorealidades.com\\\/#organization\"},\"image\":{\"@id\":\"https:\\\/\\\/periodicorealidades.com\\\/index.php\\\/2026\\\/08\\\/31\\\/mexico-sale-avante-ante-proteccionismo-de-eu-pero-debe-apostar-por-la-innovacion-ebrard\\\/#primaryimage\"},\"thumbnailUrl\":\"https:\\\/\\\/periodicorealidades.com\\\/wp-content\\\/uploads\\\/2026\\\/08\\\/image-362.png\",\"articleSection\":[\"Nacional\"],\"inLanguage\":\"es\"},{\"@type\":\"WebPage\",\"@id\":\"https:\\\/\\\/periodicorealidades.com\\\/index.php\\\/2026\\\/08\\\/31\\\/mexico-sale-avante-ante-proteccionismo-de-eu-pero-debe-apostar-por-la-innovacion-ebrard\\\/\",\"url\":\"https:\\\/\\\/periodicorealidades.com\\\/index.php\\\/2026\\\/08\\\/31\\\/mexico-sale-avante-ante-proteccionismo-de-eu-pero-debe-apostar-por-la-innovacion-ebrard\\\/\",\"name\":\"M\u00e9xico sale avante ante proteccionismo de EU, pero debe apostar por la innovaci\u00f3n: Ebrard - Peri\u00f3dico Realidades\",\"isPartOf\":{\"@id\":\"https:\\\/\\\/periodicorealidades.com\\\/#website\"},\"primaryImageOfPage\":{\"@id\":\"https:\\\/\\\/periodicorealidades.com\\\/index.php\\\/2026\\\/08\\\/31\\\/mexico-sale-avante-ante-proteccionismo-de-eu-pero-debe-apostar-por-la-innovacion-ebrard\\\/#primaryimage\"},\"image\":{\"@id\":\"https:\\\/\\\/periodicorealidades.com\\\/index.php\\\/2026\\\/08\\\/31\\\/mexico-sale-avante-ante-proteccionismo-de-eu-pero-debe-apostar-por-la-innovacion-ebrard\\\/#primaryimage\"},\"thumbnailUrl\":\"https:\\\/\\\/periodicorealidades.com\\\/wp-content\\\/uploads\\\/2026\\\/08\\\/image-362.png\",\"datePublished\":\"2026-09-01T01:44:16+00:00\",\"dateModified\":\"2026-09-01T01:44:17+00:00\",\"breadcrumb\":{\"@id\":\"https:\\\/\\\/periodicorealidades.com\\\/index.php\\\/2026\\\/08\\\/31\\\/mexico-sale-avante-ante-proteccionismo-de-eu-pero-debe-apostar-por-la-innovacion-ebrard\\\/#breadcrumb\"},\"inLanguage\":\"es\",\"potentialAction\":[{\"@type\":\"ReadAction\",\"target\":[\"https:\\\/\\\/periodicorealidades.com\\\/index.php\\\/2026\\\/08\\\/31\\\/mexico-sale-avante-ante-proteccionismo-de-eu-pero-debe-apostar-por-la-innovacion-ebrard\\\/\"]}]},{\"@type\":\"ImageObject\",\"inLanguage\":\"es\",\"@id\":\"https:\\\/\\\/periodicorealidades.com\\\/index.php\\\/2026\\\/08\\\/31\\\/mexico-sale-avante-ante-proteccionismo-de-eu-pero-debe-apostar-por-la-innovacion-ebrard\\\/#primaryimage\",\"url\":\"https:\\\/\\\/periodicorealidades.com\\\/wp-content\\\/uploads\\\/2026\\\/08\\\/image-362.png\",\"contentUrl\":\"https:\\\/\\\/periodicorealidades.com\\\/wp-content\\\/uploads\\\/2026\\\/08\\\/image-362.png\",\"width\":1200,\"height\":630},{\"@type\":\"BreadcrumbList\",\"@id\":\"https:\\\/\\\/periodicorealidades.com\\\/index.php\\\/2026\\\/08\\\/31\\\/mexico-sale-avante-ante-proteccionismo-de-eu-pero-debe-apostar-por-la-innovacion-ebrard\\\/#breadcrumb\",\"itemListElement\":[{\"@type\":\"ListItem\",\"position\":1,\"name\":\"Inicio\",\"item\":\"https:\\\/\\\/periodicorealidades.com\\\/\"},{\"@type\":\"ListItem\",\"position\":2,\"name\":\"M\u00e9xico sale avante ante proteccionismo de EU, pero debe apostar por la innovaci\u00f3n: Ebrard\"}]},{\"@type\":\"WebSite\",\"@id\":\"https:\\\/\\\/periodicorealidades.com\\\/#website\",\"url\":\"https:\\\/\\\/periodicorealidades.com\\\/\",\"name\":\"Peri\u00f3dico Realidades\",\"description\":\"M\u00e9dio de comunicaci\u00f3n en Nayarit\",\"publisher\":{\"@id\":\"https:\\\/\\\/periodicorealidades.com\\\/#organization\"},\"potentialAction\":[{\"@type\":\"SearchAction\",\"target\":{\"@type\":\"EntryPoint\",\"urlTemplate\":\"https:\\\/\\\/periodicorealidades.com\\\/?s={search_term_string}\"},\"query-input\":{\"@type\":\"PropertyValueSpecification\",\"valueRequired\":true,\"valueName\":\"search_term_string\"}}],\"inLanguage\":\"es\"},{\"@type\":\"Organization\",\"@id\":\"https:\\\/\\\/periodicorealidades.com\\\/#organization\",\"name\":\"Peri\u00f3dico Realidades\",\"url\":\"https:\\\/\\\/periodicorealidades.com\\\/\",\"logo\":{\"@type\":\"ImageObject\",\"inLanguage\":\"es\",\"@id\":\"https:\\\/\\\/periodicorealidades.com\\\/#\\\/schema\\\/logo\\\/image\\\/\",\"url\":\"https:\\\/\\\/periodicorealidades.com\\\/wp-content\\\/uploads\\\/2023\\\/05\\\/r-prueba.png\",\"contentUrl\":\"https:\\\/\\\/periodicorealidades.com\\\/wp-content\\\/uploads\\\/2023\\\/05\\\/r-prueba.png\",\"width\":709,\"height\":709,\"caption\":\"Peri\u00f3dico Realidades\"},\"image\":{\"@id\":\"https:\\\/\\\/periodicorealidades.com\\\/#\\\/schema\\\/logo\\\/image\\\/\"},\"sameAs\":[\"https:\\\/\\\/www.facebook.com\\\/periodicorealidades.denayarit?mibextid=LQQJ4d\"]},{\"@type\":\"Person\",\"@id\":\"https:\\\/\\\/periodicorealidades.com\\\/#\\\/schema\\\/person\\\/ed60e33c6767be45db655d22ad0c15c4\",\"name\":\"Arcelia\",\"image\":{\"@type\":\"ImageObject\",\"inLanguage\":\"es\",\"@id\":\"https:\\\/\\\/secure.gravatar.com\\\/avatar\\\/36cdbbe591db4ecc4985aac5ab27b8093cf6488d3b664974f0cda2e38368b10d?s=96&d=mm&r=g\",\"url\":\"https:\\\/\\\/secure.gravatar.com\\\/avatar\\\/36cdbbe591db4ecc4985aac5ab27b8093cf6488d3b664974f0cda2e38368b10d?s=96&d=mm&r=g\",\"contentUrl\":\"https:\\\/\\\/secure.gravatar.com\\\/avatar\\\/36cdbbe591db4ecc4985aac5ab27b8093cf6488d3b664974f0cda2e38368b10d?s=96&d=mm&r=g\",\"caption\":\"Arcelia\"},\"url\":\"https:\\\/\\\/periodicorealidades.com\\\/index.php\\\/author\\\/editor-2\\\/\"}]}<\/script>\n<!-- \/ Yoast SEO plugin. -->","yoast_head_json":{"title":"M\u00e9xico sale avante ante proteccionismo de EU, pero debe apostar por la innovaci\u00f3n: Ebrard - Peri\u00f3dico Realidades","robots":{"index":"index","follow":"follow","max-snippet":"max-snippet:-1","max-image-preview":"max-image-preview:large","max-video-preview":"max-video-preview:-1"},"canonical":"https:\/\/periodicorealidades.com\/index.php\/2026\/08\/31\/mexico-sale-avante-ante-proteccionismo-de-eu-pero-debe-apostar-por-la-innovacion-ebrard\/","og_locale":"es_MX","og_type":"article","og_title":"M\u00e9xico sale avante ante proteccionismo de EU, pero debe apostar por la innovaci\u00f3n: Ebrard - Peri\u00f3dico Realidades","og_description":"&nbsp;M\u00e9xico ha logrado salir adelante frente al nuevo escenario econ\u00f3mico global provocado por las pol\u00edticas proteccionistas de Estados Unidos, aunque enfrenta el reto de fortalecer su capacidad de innovaci\u00f3n para garantizar el crecimiento y la generaci\u00f3n de riqueza en los pr\u00f3ximos a\u00f1os, afirm\u00f3 el secretario de Econom\u00eda, Marcelo Ebrard. Durante la apertura de la quinta [&hellip;]","og_url":"https:\/\/periodicorealidades.com\/index.php\/2026\/08\/31\/mexico-sale-avante-ante-proteccionismo-de-eu-pero-debe-apostar-por-la-innovacion-ebrard\/","og_site_name":"Peri\u00f3dico Realidades","article_publisher":"https:\/\/www.facebook.com\/periodicorealidades.denayarit?mibextid=LQQJ4d","article_published_time":"2026-09-01T01:44:16+00:00","article_modified_time":"2026-09-01T01:44:17+00:00","og_image":[{"width":1200,"height":630,"url":"https:\/\/periodicorealidades.com\/wp-content\/uploads\/2026\/08\/image-362.png","type":"image\/png"}],"author":"Arcelia","twitter_card":"summary_large_image","twitter_misc":{"Escrito por":"Arcelia","Tiempo de lectura":"3 minutos"},"schema":{"@context":"https:\/\/schema.org","@graph":[{"@type":"Article","@id":"https:\/\/periodicorealidades.com\/index.php\/2026\/08\/31\/mexico-sale-avante-ante-proteccionismo-de-eu-pero-debe-apostar-por-la-innovacion-ebrard\/#article","isPartOf":{"@id":"https:\/\/periodicorealidades.com\/index.php\/2026\/08\/31\/mexico-sale-avante-ante-proteccionismo-de-eu-pero-debe-apostar-por-la-innovacion-ebrard\/"},"author":{"name":"Arcelia","@id":"https:\/\/periodicorealidades.com\/#\/schema\/person\/ed60e33c6767be45db655d22ad0c15c4"},"headline":"M\u00e9xico sale avante ante proteccionismo de EU, pero debe apostar por la innovaci\u00f3n: Ebrard","datePublished":"2026-09-01T01:44:16+00:00","dateModified":"2026-09-01T01:44:17+00:00","mainEntityOfPage":{"@id":"https:\/\/periodicorealidades.com\/index.php\/2026\/08\/31\/mexico-sale-avante-ante-proteccionismo-de-eu-pero-debe-apostar-por-la-innovacion-ebrard\/"},"wordCount":559,"publisher":{"@id":"https:\/\/periodicorealidades.com\/#organization"},"image":{"@id":"https:\/\/periodicorealidades.com\/index.php\/2026\/08\/31\/mexico-sale-avante-ante-proteccionismo-de-eu-pero-debe-apostar-por-la-innovacion-ebrard\/#primaryimage"},"thumbnailUrl":"https:\/\/periodicorealidades.com\/wp-content\/uploads\/2026\/08\/image-362.png","articleSection":["Nacional"],"inLanguage":"es"},{"@type":"WebPage","@id":"https:\/\/periodicorealidades.com\/index.php\/2026\/08\/31\/mexico-sale-avante-ante-proteccionismo-de-eu-pero-debe-apostar-por-la-innovacion-ebrard\/","url":"https:\/\/periodicorealidades.com\/index.php\/2026\/08\/31\/mexico-sale-avante-ante-proteccionismo-de-eu-pero-debe-apostar-por-la-innovacion-ebrard\/","name":"M\u00e9xico sale avante ante proteccionismo de EU, pero debe apostar por la innovaci\u00f3n: Ebrard - Peri\u00f3dico Realidades","isPartOf":{"@id":"https:\/\/periodicorealidades.com\/#website"},"primaryImageOfPage":{"@id":"https:\/\/periodicorealidades.com\/index.php\/2026\/08\/31\/mexico-sale-avante-ante-proteccionismo-de-eu-pero-debe-apostar-por-la-innovacion-ebrard\/#primaryimage"},"image":{"@id":"https:\/\/periodicorealidades.com\/index.php\/2026\/08\/31\/mexico-sale-avante-ante-proteccionismo-de-eu-pero-debe-apostar-por-la-innovacion-ebrard\/#primaryimage"},"thumbnailUrl":"https:\/\/periodicorealidades.com\/wp-content\/uploads\/2026\/08\/image-362.png","datePublished":"2026-09-01T01:44:16+00:00","dateModified":"2026-09-01T01:44:17+00:00","breadcrumb":{"@id":"https:\/\/periodicorealidades.com\/index.php\/2026\/08\/31\/mexico-sale-avante-ante-proteccionismo-de-eu-pero-debe-apostar-por-la-innovacion-ebrard\/#breadcrumb"},"inLanguage":"es","potentialAction":[{"@type":"ReadAction","target":["https:\/\/periodicorealidades.com\/index.php\/2026\/08\/31\/mexico-sale-avante-ante-proteccionismo-de-eu-pero-debe-apostar-por-la-innovacion-ebrard\/"]}]},{"@type":"ImageObject","inLanguage":"es","@id":"https:\/\/periodicorealidades.com\/index.php\/2026\/08\/31\/mexico-sale-avante-ante-proteccionismo-de-eu-pero-debe-apostar-por-la-innovacion-ebrard\/#primaryimage","url":"https:\/\/periodicorealidades.com\/wp-content\/uploads\/2026\/08\/image-362.png","contentUrl":"https:\/\/periodicorealidades.com\/wp-content\/uploads\/2026\/08\/image-362.png","width":1200,"height":630},{"@type":"BreadcrumbList","@id":"https:\/\/periodicorealidades.com\/index.php\/2026\/08\/31\/mexico-sale-avante-ante-proteccionismo-de-eu-pero-debe-apostar-por-la-innovacion-ebrard\/#breadcrumb","itemListElement":[{"@type":"ListItem","position":1,"name":"Inicio","item":"https:\/\/periodicorealidades.com\/"},{"@type":"ListItem","position":2,"name":"M\u00e9xico sale avante ante proteccionismo de EU, pero debe apostar por la innovaci\u00f3n: Ebrard"}]},{"@type":"WebSite","@id":"https:\/\/periodicorealidades.com\/#website","url":"https:\/\/periodicorealidades.com\/","name":"Peri\u00f3dico Realidades","description":"M\u00e9dio de comunicaci\u00f3n en Nayarit","publisher":{"@id":"https:\/\/periodicorealidades.com\/#organization"},"potentialAction":[{"@type":"SearchAction","target":{"@type":"EntryPoint","urlTemplate":"https:\/\/periodicorealidades.com\/?s={search_term_string}"},"query-input":{"@type":"PropertyValueSpecification","valueRequired":true,"valueName":"search_term_string"}}],"inLanguage":"es"},{"@type":"Organization","@id":"https:\/\/periodicorealidades.com\/#organization","name":"Peri\u00f3dico Realidades","url":"https:\/\/periodicorealidades.com\/","logo":{"@type":"ImageObject","inLanguage":"es","@id":"https:\/\/periodicorealidades.com\/#\/schema\/logo\/image\/","url":"https:\/\/periodicorealidades.com\/wp-content\/uploads\/2023\/05\/r-prueba.png","contentUrl":"https:\/\/periodicorealidades.com\/wp-content\/uploads\/2023\/05\/r-prueba.png","width":709,"height":709,"caption":"Peri\u00f3dico Realidades"},"image":{"@id":"https:\/\/periodicorealidades.com\/#\/schema\/logo\/image\/"},"sameAs":["https:\/\/www.facebook.com\/periodicorealidades.denayarit?mibextid=LQQJ4d"]},{"@type":"Person","@id":"https:\/\/periodicorealidades.com\/#\/schema\/person\/ed60e33c6767be45db655d22ad0c15c4","name":"Arcelia","image":{"@type":"ImageObject","inLanguage":"es","@id":"https:\/\/secure.gravatar.com\/avatar\/36cdbbe591db4ecc4985aac5ab27b8093cf6488d3b664974f0cda2e38368b10d?s=96&d=mm&r=g","url":"https:\/\/secure.gravatar.com\/avatar\/36cdbbe591db4ecc4985aac5ab27b8093cf6488d3b664974f0cda2e38368b10d?s=96&d=mm&r=g","contentUrl":"https:\/\/secure.gravatar.com\/avatar\/36cdbbe591db4ecc4985aac5ab27b8093cf6488d3b664974f0cda2e38368b10d?s=96&d=mm&r=g","caption":"Arcelia"},"url":"https:\/\/periodicorealidades.com\/index.php\/author\/editor-2\/"}]}},"_links":{"self":[{"href":"https:\/\/periodicorealidades.com\/index.php\/wp-json\/wp\/v2\/posts\/77806","targetHints":{"allow":["GET"]}}],"collection":[{"href":"https:\/\/periodicorealidades.com\/index.php\/wp-json\/wp\/v2\/posts"}],"about":[{"href":"https:\/\/periodicorealidades.com\/index.php\/wp-json\/wp\/v2\/types\/post"}],"author":[{"embeddable":true,"href":"https:\/\/periodicorealidades.com\/index.php\/wp-json\/wp\/v2\/users\/4"}],"replies":[{"embeddable":true,"href":"https:\/\/periodicorealidades.com\/index.php\/wp-json\/wp\/v2\/comments?post=77806"}],"version-history":[{"count":1,"href":"https:\/\/periodicorealidades.com\/index.php\/wp-json\/wp\/v2\/posts\/77806\/revisions"}],"predecessor-version":[{"id":77808,"href":"https:\/\/periodicorealidades.com\/index.php\/wp-json\/wp\/v2\/posts\/77806\/revisions\/77808"}],"wp:featuredmedia":[{"embeddable":true,"href":"https:\/\/periodicorealidades.com\/index.php\/wp-json\/wp\/v2\/media\/77807"}],"wp:attachment":[{"href":"https:\/\/periodicorealidades.com\/index.php\/wp-json\/wp\/v2\/media?parent=77806"}],"wp:term":[{"taxonomy":"category","embeddable":true,"href":"https:\/\/periodicorealidades.com\/index.php\/wp-json\/wp\/v2\/categories?post=77806"},{"taxonomy":"post_tag","embeddable":true,"href":"https:\/\/periodicorealidades.com\/index.php\/wp-json\/wp\/v2\/tags?post=77806"}],"curies":[{"name":"wp","href":"https:\/\/api.w.org\/{rel}","templated":true}]}}