{"id":77810,"date":"2026-08-31T22:32:06","date_gmt":"2026-09-01T05:32:06","guid":{"rendered":"https:\/\/periodicorealidades.com\/?p=77810"},"modified":"2026-08-31T22:32:07","modified_gmt":"2026-09-01T05:32:07","slug":"navarro-propone-regular-uso-de-los-celulares-en-escuelas","status":"publish","type":"post","link":"https:\/\/periodicorealidades.com\/index.php\/2026\/08\/31\/navarro-propone-regular-uso-de-los-celulares-en-escuelas\/","title":{"rendered":"Navarro propone regular uso de los celulares en escuelas"},"content":{"rendered":"\n<p class=\"wp-block-paragraph\">El gobernador Miguel \u00c1ngel Navarro Quintero anunci\u00f3 que presentar\u00e1 ante el Congreso del Estado una iniciativa para regular el uso de tel\u00e9fonos celulares en las escuelas, al considerar necesario reducir las distracciones dentro de las aulas y generar mejores condiciones para el aprendizaje de los estudiantes.<\/p>\n\n\n\n<p class=\"wp-block-paragraph\">Por: Arcelia Garc\u00eda Ortega<\/p>\n\n\n\n<p class=\"wp-block-paragraph\">Tepic, Nayarit; martes, 01 de septiembre del 2026.- El mandatario inform\u00f3 que la propuesta ya se encuentra elaborada y actualmente realiza una \u00faltima revisi\u00f3n antes de enviarla al Poder Legislativo, donde confi\u00f3 en que pueda alcanzar el consenso de las diputadas y diputados para su eventual aprobaci\u00f3n antes de que concluya el a\u00f1o.<\/p>\n\n\n\n<p class=\"wp-block-paragraph\">\u201cYa termin\u00e9 la iniciativa, la estoy revisando, en la cual se regule o no se utilicen los celulares en las escuelas\u201d, expres\u00f3.<\/p>\n\n\n\n<p class=\"wp-block-paragraph\">La propuesta surge al inicio del ciclo escolar 2026-2027 y se suma a la intenci\u00f3n anunciada previamente por las autoridades educativas de consultar a padres de familia sobre la regulaci\u00f3n de dispositivos m\u00f3viles durante el horario escolar.<\/p>\n\n\n\n<p class=\"wp-block-paragraph\">Navarro Quintero sostuvo que la educaci\u00f3n representa uno de los principales instrumentos para alcanzar el desarrollo y la justicia social, por lo que se\u00f1al\u00f3 que el mejoramiento de los planteles debe involucrar a autoridades, docentes y padres de familia.<\/p>\n\n\n\n<p class=\"wp-block-paragraph\">Entre las necesidades que deben atenderse, mencion\u00f3 la construcci\u00f3n y rehabilitaci\u00f3n de aulas, ba\u00f1os y otra infraestructura, adem\u00e1s de garantizar la continuidad de los programas de alimentaci\u00f3n escolar.<\/p>\n\n\n\n<p class=\"wp-block-paragraph\">Explic\u00f3 que existen ni\u00f1as, ni\u00f1os y adolescentes que llegan a clases sin haber desayunado, aun cuando sus familias no necesariamente se encuentran en condiciones de pobreza extrema, por lo que consider\u00f3 indispensable mantener los programas de desayunos calientes.<\/p>\n\n\n\n<p class=\"wp-block-paragraph\">Durante una visita a un plantel educativo, dijo haber detectado que el servicio de desayunos hab\u00eda sido suspendido por problemas de organizaci\u00f3n, ante lo cual solicit\u00f3 restablecer la comunicaci\u00f3n entre las instancias involucradas para evitar afectaciones a los alumnos.<\/p>\n","protected":false},"excerpt":{"rendered":"<p>El gobernador Miguel \u00c1ngel Navarro Quintero anunci\u00f3 que presentar\u00e1 ante el Congreso del Estado una iniciativa para regular el uso de tel\u00e9fonos celulares en las escuelas, al considerar necesario reducir las distracciones dentro de las aulas y generar mejores condiciones para el aprendizaje de los estudiantes. Por: Arcelia Garc\u00eda Ortega Tepic, Nayarit; martes, 01 de [&hellip;]<\/p>\n","protected":false},"author":2,"featured_media":77491,"comment_status":"closed","ping_status":"open","sticky":false,"template":"","format":"standard","meta":{"footnotes":""},"categories":[4,7],"tags":[],"class_list":["post-77810","post","type-post","status-publish","format-standard","has-post-thumbnail","category-principal","category-tepic"],"yoast_head":"<!-- This site is optimized with the Yoast SEO plugin v28.3 - https:\/\/yoast.com\/product\/yoast-seo-wordpress\/ -->\n<title>Navarro propone regular uso de los celulares en escuelas - Peri\u00f3dico Realidades<\/title>\n<meta name=\"robots\" content=\"index, follow, max-snippet:-1, max-image-preview:large, max-video-preview:-1\" \/>\n<link rel=\"canonical\" href=\"https:\/\/periodicorealidades.com\/index.php\/2026\/08\/31\/navarro-propone-regular-uso-de-los-celulares-en-escuelas\/\" \/>\n<meta property=\"og:locale\" content=\"es_MX\" \/>\n<meta property=\"og:type\" content=\"article\" \/>\n<meta property=\"og:title\" content=\"Navarro propone regular uso de los celulares en escuelas - Peri\u00f3dico Realidades\" \/>\n<meta property=\"og:description\" content=\"El gobernador Miguel \u00c1ngel Navarro Quintero anunci\u00f3 que presentar\u00e1 ante el Congreso del Estado una iniciativa para regular el uso de tel\u00e9fonos celulares en las escuelas, al considerar necesario reducir las distracciones dentro de las aulas y generar mejores condiciones para el aprendizaje de los estudiantes. Por: Arcelia Garc\u00eda Ortega Tepic, Nayarit; martes, 01 de [&hellip;]\" \/>\n<meta property=\"og:url\" content=\"https:\/\/periodicorealidades.com\/index.php\/2026\/08\/31\/navarro-propone-regular-uso-de-los-celulares-en-escuelas\/\" \/>\n<meta property=\"og:site_name\" content=\"Peri\u00f3dico Realidades\" \/>\n<meta property=\"article:publisher\" content=\"https:\/\/www.facebook.com\/periodicorealidades.denayarit?mibextid=LQQJ4d\" \/>\n<meta property=\"article:published_time\" content=\"2026-09-01T05:32:06+00:00\" \/>\n<meta property=\"article:modified_time\" content=\"2026-09-01T05:32:07+00:00\" \/>\n<meta property=\"og:image\" content=\"https:\/\/periodicorealidades.com\/wp-content\/uploads\/2026\/08\/WhatsApp-Image-2026-08-26-at-8.41.09-PM-2.jpeg\" \/>\n\t<meta property=\"og:image:width\" content=\"1280\" \/>\n\t<meta property=\"og:image:height\" content=\"854\" \/>\n\t<meta property=\"og:image:type\" content=\"image\/jpeg\" \/>\n<meta name=\"author\" content=\"editor\" \/>\n<meta name=\"twitter:card\" content=\"summary_large_image\" \/>\n<meta name=\"twitter:label1\" content=\"Escrito por\" \/>\n\t<meta name=\"twitter:data1\" content=\"editor\" \/>\n\t<meta name=\"twitter:label2\" content=\"Tiempo de lectura\" \/>\n\t<meta name=\"twitter:data2\" content=\"2 minutos\" \/>\n<script type=\"application\/ld+json\" class=\"yoast-schema-graph\">{\"@context\":\"https:\\\/\\\/schema.org\",\"@graph\":[{\"@type\":\"Article\",\"@id\":\"https:\\\/\\\/periodicorealidades.com\\\/index.php\\\/2026\\\/08\\\/31\\\/navarro-propone-regular-uso-de-los-celulares-en-escuelas\\\/#article\",\"isPartOf\":{\"@id\":\"https:\\\/\\\/periodicorealidades.com\\\/index.php\\\/2026\\\/08\\\/31\\\/navarro-propone-regular-uso-de-los-celulares-en-escuelas\\\/\"},\"author\":{\"name\":\"editor\",\"@id\":\"https:\\\/\\\/periodicorealidades.com\\\/#\\\/schema\\\/person\\\/c27da34ee13acaec3162071a3e1c7832\"},\"headline\":\"Navarro propone regular uso de los celulares en escuelas\",\"datePublished\":\"2026-09-01T05:32:06+00:00\",\"dateModified\":\"2026-09-01T05:32:07+00:00\",\"mainEntityOfPage\":{\"@id\":\"https:\\\/\\\/periodicorealidades.com\\\/index.php\\\/2026\\\/08\\\/31\\\/navarro-propone-regular-uso-de-los-celulares-en-escuelas\\\/\"},\"wordCount\":334,\"publisher\":{\"@id\":\"https:\\\/\\\/periodicorealidades.com\\\/#organization\"},\"image\":{\"@id\":\"https:\\\/\\\/periodicorealidades.com\\\/index.php\\\/2026\\\/08\\\/31\\\/navarro-propone-regular-uso-de-los-celulares-en-escuelas\\\/#primaryimage\"},\"thumbnailUrl\":\"https:\\\/\\\/periodicorealidades.com\\\/wp-content\\\/uploads\\\/2026\\\/08\\\/WhatsApp-Image-2026-08-26-at-8.41.09-PM-2.jpeg\",\"articleSection\":[\"Principal\",\"Tepic\"],\"inLanguage\":\"es\"},{\"@type\":\"WebPage\",\"@id\":\"https:\\\/\\\/periodicorealidades.com\\\/index.php\\\/2026\\\/08\\\/31\\\/navarro-propone-regular-uso-de-los-celulares-en-escuelas\\\/\",\"url\":\"https:\\\/\\\/periodicorealidades.com\\\/index.php\\\/2026\\\/08\\\/31\\\/navarro-propone-regular-uso-de-los-celulares-en-escuelas\\\/\",\"name\":\"Navarro propone regular uso de los celulares en escuelas - Peri\u00f3dico Realidades\",\"isPartOf\":{\"@id\":\"https:\\\/\\\/periodicorealidades.com\\\/#website\"},\"primaryImageOfPage\":{\"@id\":\"https:\\\/\\\/periodicorealidades.com\\\/index.php\\\/2026\\\/08\\\/31\\\/navarro-propone-regular-uso-de-los-celulares-en-escuelas\\\/#primaryimage\"},\"image\":{\"@id\":\"https:\\\/\\\/periodicorealidades.com\\\/index.php\\\/2026\\\/08\\\/31\\\/navarro-propone-regular-uso-de-los-celulares-en-escuelas\\\/#primaryimage\"},\"thumbnailUrl\":\"https:\\\/\\\/periodicorealidades.com\\\/wp-content\\\/uploads\\\/2026\\\/08\\\/WhatsApp-Image-2026-08-26-at-8.41.09-PM-2.jpeg\",\"datePublished\":\"2026-09-01T05:32:06+00:00\",\"dateModified\":\"2026-09-01T05:32:07+00:00\",\"breadcrumb\":{\"@id\":\"https:\\\/\\\/periodicorealidades.com\\\/index.php\\\/2026\\\/08\\\/31\\\/navarro-propone-regular-uso-de-los-celulares-en-escuelas\\\/#breadcrumb\"},\"inLanguage\":\"es\",\"potentialAction\":[{\"@type\":\"ReadAction\",\"target\":[\"https:\\\/\\\/periodicorealidades.com\\\/index.php\\\/2026\\\/08\\\/31\\\/navarro-propone-regular-uso-de-los-celulares-en-escuelas\\\/\"]}]},{\"@type\":\"ImageObject\",\"inLanguage\":\"es\",\"@id\":\"https:\\\/\\\/periodicorealidades.com\\\/index.php\\\/2026\\\/08\\\/31\\\/navarro-propone-regular-uso-de-los-celulares-en-escuelas\\\/#primaryimage\",\"url\":\"https:\\\/\\\/periodicorealidades.com\\\/wp-content\\\/uploads\\\/2026\\\/08\\\/WhatsApp-Image-2026-08-26-at-8.41.09-PM-2.jpeg\",\"contentUrl\":\"https:\\\/\\\/periodicorealidades.com\\\/wp-content\\\/uploads\\\/2026\\\/08\\\/WhatsApp-Image-2026-08-26-at-8.41.09-PM-2.jpeg\",\"width\":1280,\"height\":854},{\"@type\":\"BreadcrumbList\",\"@id\":\"https:\\\/\\\/periodicorealidades.com\\\/index.php\\\/2026\\\/08\\\/31\\\/navarro-propone-regular-uso-de-los-celulares-en-escuelas\\\/#breadcrumb\",\"itemListElement\":[{\"@type\":\"ListItem\",\"position\":1,\"name\":\"Inicio\",\"item\":\"https:\\\/\\\/periodicorealidades.com\\\/\"},{\"@type\":\"ListItem\",\"position\":2,\"name\":\"Navarro propone regular uso de los celulares en escuelas\"}]},{\"@type\":\"WebSite\",\"@id\":\"https:\\\/\\\/periodicorealidades.com\\\/#website\",\"url\":\"https:\\\/\\\/periodicorealidades.com\\\/\",\"name\":\"Peri\u00f3dico Realidades\",\"description\":\"M\u00e9dio de comunicaci\u00f3n en Nayarit\",\"publisher\":{\"@id\":\"https:\\\/\\\/periodicorealidades.com\\\/#organization\"},\"potentialAction\":[{\"@type\":\"SearchAction\",\"target\":{\"@type\":\"EntryPoint\",\"urlTemplate\":\"https:\\\/\\\/periodicorealidades.com\\\/?s={search_term_string}\"},\"query-input\":{\"@type\":\"PropertyValueSpecification\",\"valueRequired\":true,\"valueName\":\"search_term_string\"}}],\"inLanguage\":\"es\"},{\"@type\":\"Organization\",\"@id\":\"https:\\\/\\\/periodicorealidades.com\\\/#organization\",\"name\":\"Peri\u00f3dico Realidades\",\"url\":\"https:\\\/\\\/periodicorealidades.com\\\/\",\"logo\":{\"@type\":\"ImageObject\",\"inLanguage\":\"es\",\"@id\":\"https:\\\/\\\/periodicorealidades.com\\\/#\\\/schema\\\/logo\\\/image\\\/\",\"url\":\"https:\\\/\\\/periodicorealidades.com\\\/wp-content\\\/uploads\\\/2023\\\/05\\\/r-prueba.png\",\"contentUrl\":\"https:\\\/\\\/periodicorealidades.com\\\/wp-content\\\/uploads\\\/2023\\\/05\\\/r-prueba.png\",\"width\":709,\"height\":709,\"caption\":\"Peri\u00f3dico Realidades\"},\"image\":{\"@id\":\"https:\\\/\\\/periodicorealidades.com\\\/#\\\/schema\\\/logo\\\/image\\\/\"},\"sameAs\":[\"https:\\\/\\\/www.facebook.com\\\/periodicorealidades.denayarit?mibextid=LQQJ4d\"]},{\"@type\":\"Person\",\"@id\":\"https:\\\/\\\/periodicorealidades.com\\\/#\\\/schema\\\/person\\\/c27da34ee13acaec3162071a3e1c7832\",\"name\":\"editor\",\"image\":{\"@type\":\"ImageObject\",\"inLanguage\":\"es\",\"@id\":\"https:\\\/\\\/secure.gravatar.com\\\/avatar\\\/dda3c3f59ea25f4b53cd53df977b0b2628039b17268e57c944a79a00e8a56e26?s=96&d=mm&r=g\",\"url\":\"https:\\\/\\\/secure.gravatar.com\\\/avatar\\\/dda3c3f59ea25f4b53cd53df977b0b2628039b17268e57c944a79a00e8a56e26?s=96&d=mm&r=g\",\"contentUrl\":\"https:\\\/\\\/secure.gravatar.com\\\/avatar\\\/dda3c3f59ea25f4b53cd53df977b0b2628039b17268e57c944a79a00e8a56e26?s=96&d=mm&r=g\",\"caption\":\"editor\"},\"url\":\"https:\\\/\\\/periodicorealidades.com\\\/index.php\\\/author\\\/editor\\\/\"}]}<\/script>\n<!-- \/ Yoast SEO plugin. -->","yoast_head_json":{"title":"Navarro propone regular uso de los celulares en escuelas - Peri\u00f3dico Realidades","robots":{"index":"index","follow":"follow","max-snippet":"max-snippet:-1","max-image-preview":"max-image-preview:large","max-video-preview":"max-video-preview:-1"},"canonical":"https:\/\/periodicorealidades.com\/index.php\/2026\/08\/31\/navarro-propone-regular-uso-de-los-celulares-en-escuelas\/","og_locale":"es_MX","og_type":"article","og_title":"Navarro propone regular uso de los celulares en escuelas - Peri\u00f3dico Realidades","og_description":"El gobernador Miguel \u00c1ngel Navarro Quintero anunci\u00f3 que presentar\u00e1 ante el Congreso del Estado una iniciativa para regular el uso de tel\u00e9fonos celulares en las escuelas, al considerar necesario reducir las distracciones dentro de las aulas y generar mejores condiciones para el aprendizaje de los estudiantes. Por: Arcelia Garc\u00eda Ortega Tepic, Nayarit; martes, 01 de [&hellip;]","og_url":"https:\/\/periodicorealidades.com\/index.php\/2026\/08\/31\/navarro-propone-regular-uso-de-los-celulares-en-escuelas\/","og_site_name":"Peri\u00f3dico Realidades","article_publisher":"https:\/\/www.facebook.com\/periodicorealidades.denayarit?mibextid=LQQJ4d","article_published_time":"2026-09-01T05:32:06+00:00","article_modified_time":"2026-09-01T05:32:07+00:00","og_image":[{"width":1280,"height":854,"url":"https:\/\/periodicorealidades.com\/wp-content\/uploads\/2026\/08\/WhatsApp-Image-2026-08-26-at-8.41.09-PM-2.jpeg","type":"image\/jpeg"}],"author":"editor","twitter_card":"summary_large_image","twitter_misc":{"Escrito por":"editor","Tiempo de lectura":"2 minutos"},"schema":{"@context":"https:\/\/schema.org","@graph":[{"@type":"Article","@id":"https:\/\/periodicorealidades.com\/index.php\/2026\/08\/31\/navarro-propone-regular-uso-de-los-celulares-en-escuelas\/#article","isPartOf":{"@id":"https:\/\/periodicorealidades.com\/index.php\/2026\/08\/31\/navarro-propone-regular-uso-de-los-celulares-en-escuelas\/"},"author":{"name":"editor","@id":"https:\/\/periodicorealidades.com\/#\/schema\/person\/c27da34ee13acaec3162071a3e1c7832"},"headline":"Navarro propone regular uso de los celulares en escuelas","datePublished":"2026-09-01T05:32:06+00:00","dateModified":"2026-09-01T05:32:07+00:00","mainEntityOfPage":{"@id":"https:\/\/periodicorealidades.com\/index.php\/2026\/08\/31\/navarro-propone-regular-uso-de-los-celulares-en-escuelas\/"},"wordCount":334,"publisher":{"@id":"https:\/\/periodicorealidades.com\/#organization"},"image":{"@id":"https:\/\/periodicorealidades.com\/index.php\/2026\/08\/31\/navarro-propone-regular-uso-de-los-celulares-en-escuelas\/#primaryimage"},"thumbnailUrl":"https:\/\/periodicorealidades.com\/wp-content\/uploads\/2026\/08\/WhatsApp-Image-2026-08-26-at-8.41.09-PM-2.jpeg","articleSection":["Principal","Tepic"],"inLanguage":"es"},{"@type":"WebPage","@id":"https:\/\/periodicorealidades.com\/index.php\/2026\/08\/31\/navarro-propone-regular-uso-de-los-celulares-en-escuelas\/","url":"https:\/\/periodicorealidades.com\/index.php\/2026\/08\/31\/navarro-propone-regular-uso-de-los-celulares-en-escuelas\/","name":"Navarro propone regular uso de los celulares en escuelas - Peri\u00f3dico Realidades","isPartOf":{"@id":"https:\/\/periodicorealidades.com\/#website"},"primaryImageOfPage":{"@id":"https:\/\/periodicorealidades.com\/index.php\/2026\/08\/31\/navarro-propone-regular-uso-de-los-celulares-en-escuelas\/#primaryimage"},"image":{"@id":"https:\/\/periodicorealidades.com\/index.php\/2026\/08\/31\/navarro-propone-regular-uso-de-los-celulares-en-escuelas\/#primaryimage"},"thumbnailUrl":"https:\/\/periodicorealidades.com\/wp-content\/uploads\/2026\/08\/WhatsApp-Image-2026-08-26-at-8.41.09-PM-2.jpeg","datePublished":"2026-09-01T05:32:06+00:00","dateModified":"2026-09-01T05:32:07+00:00","breadcrumb":{"@id":"https:\/\/periodicorealidades.com\/index.php\/2026\/08\/31\/navarro-propone-regular-uso-de-los-celulares-en-escuelas\/#breadcrumb"},"inLanguage":"es","potentialAction":[{"@type":"ReadAction","target":["https:\/\/periodicorealidades.com\/index.php\/2026\/08\/31\/navarro-propone-regular-uso-de-los-celulares-en-escuelas\/"]}]},{"@type":"ImageObject","inLanguage":"es","@id":"https:\/\/periodicorealidades.com\/index.php\/2026\/08\/31\/navarro-propone-regular-uso-de-los-celulares-en-escuelas\/#primaryimage","url":"https:\/\/periodicorealidades.com\/wp-content\/uploads\/2026\/08\/WhatsApp-Image-2026-08-26-at-8.41.09-PM-2.jpeg","contentUrl":"https:\/\/periodicorealidades.com\/wp-content\/uploads\/2026\/08\/WhatsApp-Image-2026-08-26-at-8.41.09-PM-2.jpeg","width":1280,"height":854},{"@type":"BreadcrumbList","@id":"https:\/\/periodicorealidades.com\/index.php\/2026\/08\/31\/navarro-propone-regular-uso-de-los-celulares-en-escuelas\/#breadcrumb","itemListElement":[{"@type":"ListItem","position":1,"name":"Inicio","item":"https:\/\/periodicorealidades.com\/"},{"@type":"ListItem","position":2,"name":"Navarro propone regular uso de los celulares en escuelas"}]},{"@type":"WebSite","@id":"https:\/\/periodicorealidades.com\/#website","url":"https:\/\/periodicorealidades.com\/","name":"Peri\u00f3dico Realidades","description":"M\u00e9dio de comunicaci\u00f3n en Nayarit","publisher":{"@id":"https:\/\/periodicorealidades.com\/#organization"},"potentialAction":[{"@type":"SearchAction","target":{"@type":"EntryPoint","urlTemplate":"https:\/\/periodicorealidades.com\/?s={search_term_string}"},"query-input":{"@type":"PropertyValueSpecification","valueRequired":true,"valueName":"search_term_string"}}],"inLanguage":"es"},{"@type":"Organization","@id":"https:\/\/periodicorealidades.com\/#organization","name":"Peri\u00f3dico Realidades","url":"https:\/\/periodicorealidades.com\/","logo":{"@type":"ImageObject","inLanguage":"es","@id":"https:\/\/periodicorealidades.com\/#\/schema\/logo\/image\/","url":"https:\/\/periodicorealidades.com\/wp-content\/uploads\/2023\/05\/r-prueba.png","contentUrl":"https:\/\/periodicorealidades.com\/wp-content\/uploads\/2023\/05\/r-prueba.png","width":709,"height":709,"caption":"Peri\u00f3dico Realidades"},"image":{"@id":"https:\/\/periodicorealidades.com\/#\/schema\/logo\/image\/"},"sameAs":["https:\/\/www.facebook.com\/periodicorealidades.denayarit?mibextid=LQQJ4d"]},{"@type":"Person","@id":"https:\/\/periodicorealidades.com\/#\/schema\/person\/c27da34ee13acaec3162071a3e1c7832","name":"editor","image":{"@type":"ImageObject","inLanguage":"es","@id":"https:\/\/secure.gravatar.com\/avatar\/dda3c3f59ea25f4b53cd53df977b0b2628039b17268e57c944a79a00e8a56e26?s=96&d=mm&r=g","url":"https:\/\/secure.gravatar.com\/avatar\/dda3c3f59ea25f4b53cd53df977b0b2628039b17268e57c944a79a00e8a56e26?s=96&d=mm&r=g","contentUrl":"https:\/\/secure.gravatar.com\/avatar\/dda3c3f59ea25f4b53cd53df977b0b2628039b17268e57c944a79a00e8a56e26?s=96&d=mm&r=g","caption":"editor"},"url":"https:\/\/periodicorealidades.com\/index.php\/author\/editor\/"}]}},"_links":{"self":[{"href":"https:\/\/periodicorealidades.com\/index.php\/wp-json\/wp\/v2\/posts\/77810","targetHints":{"allow":["GET"]}}],"collection":[{"href":"https:\/\/periodicorealidades.com\/index.php\/wp-json\/wp\/v2\/posts"}],"about":[{"href":"https:\/\/periodicorealidades.com\/index.php\/wp-json\/wp\/v2\/types\/post"}],"author":[{"embeddable":true,"href":"https:\/\/periodicorealidades.com\/index.php\/wp-json\/wp\/v2\/users\/2"}],"replies":[{"embeddable":true,"href":"https:\/\/periodicorealidades.com\/index.php\/wp-json\/wp\/v2\/comments?post=77810"}],"version-history":[{"count":1,"href":"https:\/\/periodicorealidades.com\/index.php\/wp-json\/wp\/v2\/posts\/77810\/revisions"}],"predecessor-version":[{"id":77811,"href":"https:\/\/periodicorealidades.com\/index.php\/wp-json\/wp\/v2\/posts\/77810\/revisions\/77811"}],"wp:featuredmedia":[{"embeddable":true,"href":"https:\/\/periodicorealidades.com\/index.php\/wp-json\/wp\/v2\/media\/77491"}],"wp:attachment":[{"href":"https:\/\/periodicorealidades.com\/index.php\/wp-json\/wp\/v2\/media?parent=77810"}],"wp:term":[{"taxonomy":"category","embeddable":true,"href":"https:\/\/periodicorealidades.com\/index.php\/wp-json\/wp\/v2\/categories?post=77810"},{"taxonomy":"post_tag","embeddable":true,"href":"https:\/\/periodicorealidades.com\/index.php\/wp-json\/wp\/v2\/tags?post=77810"}],"curies":[{"name":"wp","href":"https:\/\/api.w.org\/{rel}","templated":true}]}}