{"id":77814,"date":"2026-08-31T22:34:02","date_gmt":"2026-09-01T05:34:02","guid":{"rendered":"https:\/\/periodicorealidades.com\/?p=77814"},"modified":"2026-08-31T22:34:03","modified_gmt":"2026-09-01T05:34:03","slug":"retiran-en-la-yesca-equipo-de-comunicacion-de-supuestos-miembros-del-crimen-organizado","status":"publish","type":"post","link":"https:\/\/periodicorealidades.com\/index.php\/2026\/08\/31\/retiran-en-la-yesca-equipo-de-comunicacion-de-supuestos-miembros-del-crimen-organizado\/","title":{"rendered":"Retiran en La Yesca equipo de comunicaci\u00f3n de supuestos miembros del crimen organizado"},"content":{"rendered":"\n<p class=\"wp-block-paragraph\">El mandatario estatal, explic\u00f3 que tan solo este domingo fue necesario intervenir en una torre ubicada en La Yesca, donde fueron encontrados diversos elementos de comunicaci\u00f3n colocados de manera irregular y que, de acuerdo con las investigaciones, estar\u00edan relacionados con actividades del crimen organizado.<\/p>\n\n\n\n<p class=\"wp-block-paragraph\">Por: Mildra Ben\u00edtez Robledo<\/p>\n\n\n\n<p class=\"wp-block-paragraph\">Tepic, Nayarit; martes, 01 de Septiembre del 2026.- Elementos de seguridad retiraron en el municipio de La Yesca una serie de equipos de comunicaci\u00f3n que presuntamente eran utilizados por integrantes del crimen organizado, inform\u00f3 el gobernador de Nayarit, Miguel \u00c1ngel Navarro Quintero, quien asegur\u00f3 que las autoridades mantienen vigilancia permanente para evitar que grupos delictivos pretendan establecer el control de alguna zona del estado.<\/p>\n\n\n\n<p class=\"wp-block-paragraph\">Este tipo de acciones, indic\u00f3 que forman parte de los operativos que se realizan diariamente y destac\u00f3 que el Estado cuenta con herramientas como drones y helic\u00f3pteros, para realizar labores de vigilancia, seguimiento y respuesta ante hechos delictivos, emergencias m\u00e9dicas e incendios.<\/p>\n\n\n\n<p class=\"wp-block-paragraph\">En lo que respecta al enfrentamiento registrado en el municipio de Tuxpan, dijo que&nbsp; elementos de las polic\u00edas municipal y estatal que participaban en un operativo fueron agredidos a balazos desde un veh\u00edculo.<\/p>\n\n\n\n<p class=\"wp-block-paragraph\">Teas el intercambio de disparos, dos presuntos delincuentes resultaron heridos y posteriormente perdieron la vida cuando eran trasladados a un hospital del IMSS en Tuxpan. Durante el operativo fueron aseguradas armas, proyectiles y veh\u00edculos que contaban con reporte de robo, incluso las&nbsp; autoridades contin\u00faan con la b\u00fasqueda de otras personas que presuntamente participaron en estos hechos.<\/p>\n\n\n\n<p class=\"wp-block-paragraph\">Ante versiones sobre una posible disputa entre grupos criminales por el control de una plaza en Nayarit, Navarro Quintero rechaz\u00f3 que exista una situaci\u00f3n de ese tipo y sostuvo que su gobierno no permitir\u00e1 que organizaciones delictivas pretendan asumir el control territorial.<\/p>\n\n\n\n<p class=\"wp-block-paragraph\">El mandatario, aclar\u00f3 que existe una estructura institucional encargada de garantizar la seguridad en el Estado, afirmando&nbsp; que las acciones se realizan en coordinaci\u00f3n con las autoridades federales, con el objetivo de mantener el control y evitar que la delincuencia avance en territorio nayarita.<\/p>\n","protected":false},"excerpt":{"rendered":"<p>El mandatario estatal, explic\u00f3 que tan solo este domingo fue necesario intervenir en una torre ubicada en La Yesca, donde fueron encontrados diversos elementos de comunicaci\u00f3n colocados de manera irregular y que, de acuerdo con las investigaciones, estar\u00edan relacionados con actividades del crimen organizado. Por: Mildra Ben\u00edtez Robledo Tepic, Nayarit; martes, 01 de Septiembre del [&hellip;]<\/p>\n","protected":false},"author":2,"featured_media":77815,"comment_status":"closed","ping_status":"open","sticky":false,"template":"","format":"standard","meta":{"footnotes":""},"categories":[8,4],"tags":[],"class_list":["post-77814","post","type-post","status-publish","format-standard","has-post-thumbnail","category-municipios","category-principal"],"yoast_head":"<!-- This site is optimized with the Yoast SEO plugin v28.3 - https:\/\/yoast.com\/product\/yoast-seo-wordpress\/ -->\n<title>Retiran en La Yesca equipo de comunicaci\u00f3n de supuestos miembros del crimen organizado - Peri\u00f3dico Realidades<\/title>\n<meta name=\"robots\" content=\"index, follow, max-snippet:-1, max-image-preview:large, max-video-preview:-1\" \/>\n<link rel=\"canonical\" href=\"https:\/\/periodicorealidades.com\/index.php\/2026\/08\/31\/retiran-en-la-yesca-equipo-de-comunicacion-de-supuestos-miembros-del-crimen-organizado\/\" \/>\n<meta property=\"og:locale\" content=\"es_MX\" \/>\n<meta property=\"og:type\" content=\"article\" \/>\n<meta property=\"og:title\" content=\"Retiran en La Yesca equipo de comunicaci\u00f3n de supuestos miembros del crimen organizado - Peri\u00f3dico Realidades\" \/>\n<meta property=\"og:description\" content=\"El mandatario estatal, explic\u00f3 que tan solo este domingo fue necesario intervenir en una torre ubicada en La Yesca, donde fueron encontrados diversos elementos de comunicaci\u00f3n colocados de manera irregular y que, de acuerdo con las investigaciones, estar\u00edan relacionados con actividades del crimen organizado. Por: Mildra Ben\u00edtez Robledo Tepic, Nayarit; martes, 01 de Septiembre del [&hellip;]\" \/>\n<meta property=\"og:url\" content=\"https:\/\/periodicorealidades.com\/index.php\/2026\/08\/31\/retiran-en-la-yesca-equipo-de-comunicacion-de-supuestos-miembros-del-crimen-organizado\/\" \/>\n<meta property=\"og:site_name\" content=\"Peri\u00f3dico Realidades\" \/>\n<meta property=\"article:publisher\" content=\"https:\/\/www.facebook.com\/periodicorealidades.denayarit?mibextid=LQQJ4d\" \/>\n<meta property=\"article:published_time\" content=\"2026-09-01T05:34:02+00:00\" \/>\n<meta property=\"article:modified_time\" content=\"2026-09-01T05:34:03+00:00\" \/>\n<meta property=\"og:image\" content=\"https:\/\/periodicorealidades.com\/wp-content\/uploads\/2026\/08\/sierra-de-nayarit-scaled.jpg\" \/>\n\t<meta property=\"og:image:width\" content=\"2560\" \/>\n\t<meta property=\"og:image:height\" content=\"1707\" \/>\n\t<meta property=\"og:image:type\" content=\"image\/jpeg\" \/>\n<meta name=\"author\" content=\"editor\" \/>\n<meta name=\"twitter:card\" content=\"summary_large_image\" \/>\n<meta name=\"twitter:label1\" content=\"Escrito por\" \/>\n\t<meta name=\"twitter:data1\" content=\"editor\" \/>\n\t<meta name=\"twitter:label2\" content=\"Tiempo de lectura\" \/>\n\t<meta name=\"twitter:data2\" content=\"2 minutos\" \/>\n<script type=\"application\/ld+json\" class=\"yoast-schema-graph\">{\"@context\":\"https:\\\/\\\/schema.org\",\"@graph\":[{\"@type\":\"Article\",\"@id\":\"https:\\\/\\\/periodicorealidades.com\\\/index.php\\\/2026\\\/08\\\/31\\\/retiran-en-la-yesca-equipo-de-comunicacion-de-supuestos-miembros-del-crimen-organizado\\\/#article\",\"isPartOf\":{\"@id\":\"https:\\\/\\\/periodicorealidades.com\\\/index.php\\\/2026\\\/08\\\/31\\\/retiran-en-la-yesca-equipo-de-comunicacion-de-supuestos-miembros-del-crimen-organizado\\\/\"},\"author\":{\"name\":\"editor\",\"@id\":\"https:\\\/\\\/periodicorealidades.com\\\/#\\\/schema\\\/person\\\/c27da34ee13acaec3162071a3e1c7832\"},\"headline\":\"Retiran en La Yesca equipo de comunicaci\u00f3n de supuestos miembros del crimen organizado\",\"datePublished\":\"2026-09-01T05:34:02+00:00\",\"dateModified\":\"2026-09-01T05:34:03+00:00\",\"mainEntityOfPage\":{\"@id\":\"https:\\\/\\\/periodicorealidades.com\\\/index.php\\\/2026\\\/08\\\/31\\\/retiran-en-la-yesca-equipo-de-comunicacion-de-supuestos-miembros-del-crimen-organizado\\\/\"},\"wordCount\":358,\"publisher\":{\"@id\":\"https:\\\/\\\/periodicorealidades.com\\\/#organization\"},\"image\":{\"@id\":\"https:\\\/\\\/periodicorealidades.com\\\/index.php\\\/2026\\\/08\\\/31\\\/retiran-en-la-yesca-equipo-de-comunicacion-de-supuestos-miembros-del-crimen-organizado\\\/#primaryimage\"},\"thumbnailUrl\":\"https:\\\/\\\/periodicorealidades.com\\\/wp-content\\\/uploads\\\/2026\\\/08\\\/sierra-de-nayarit-scaled.jpg\",\"articleSection\":[\"Municipios\",\"Principal\"],\"inLanguage\":\"es\"},{\"@type\":\"WebPage\",\"@id\":\"https:\\\/\\\/periodicorealidades.com\\\/index.php\\\/2026\\\/08\\\/31\\\/retiran-en-la-yesca-equipo-de-comunicacion-de-supuestos-miembros-del-crimen-organizado\\\/\",\"url\":\"https:\\\/\\\/periodicorealidades.com\\\/index.php\\\/2026\\\/08\\\/31\\\/retiran-en-la-yesca-equipo-de-comunicacion-de-supuestos-miembros-del-crimen-organizado\\\/\",\"name\":\"Retiran en La Yesca equipo de comunicaci\u00f3n de supuestos miembros del crimen organizado - Peri\u00f3dico Realidades\",\"isPartOf\":{\"@id\":\"https:\\\/\\\/periodicorealidades.com\\\/#website\"},\"primaryImageOfPage\":{\"@id\":\"https:\\\/\\\/periodicorealidades.com\\\/index.php\\\/2026\\\/08\\\/31\\\/retiran-en-la-yesca-equipo-de-comunicacion-de-supuestos-miembros-del-crimen-organizado\\\/#primaryimage\"},\"image\":{\"@id\":\"https:\\\/\\\/periodicorealidades.com\\\/index.php\\\/2026\\\/08\\\/31\\\/retiran-en-la-yesca-equipo-de-comunicacion-de-supuestos-miembros-del-crimen-organizado\\\/#primaryimage\"},\"thumbnailUrl\":\"https:\\\/\\\/periodicorealidades.com\\\/wp-content\\\/uploads\\\/2026\\\/08\\\/sierra-de-nayarit-scaled.jpg\",\"datePublished\":\"2026-09-01T05:34:02+00:00\",\"dateModified\":\"2026-09-01T05:34:03+00:00\",\"breadcrumb\":{\"@id\":\"https:\\\/\\\/periodicorealidades.com\\\/index.php\\\/2026\\\/08\\\/31\\\/retiran-en-la-yesca-equipo-de-comunicacion-de-supuestos-miembros-del-crimen-organizado\\\/#breadcrumb\"},\"inLanguage\":\"es\",\"potentialAction\":[{\"@type\":\"ReadAction\",\"target\":[\"https:\\\/\\\/periodicorealidades.com\\\/index.php\\\/2026\\\/08\\\/31\\\/retiran-en-la-yesca-equipo-de-comunicacion-de-supuestos-miembros-del-crimen-organizado\\\/\"]}]},{\"@type\":\"ImageObject\",\"inLanguage\":\"es\",\"@id\":\"https:\\\/\\\/periodicorealidades.com\\\/index.php\\\/2026\\\/08\\\/31\\\/retiran-en-la-yesca-equipo-de-comunicacion-de-supuestos-miembros-del-crimen-organizado\\\/#primaryimage\",\"url\":\"https:\\\/\\\/periodicorealidades.com\\\/wp-content\\\/uploads\\\/2026\\\/08\\\/sierra-de-nayarit-scaled.jpg\",\"contentUrl\":\"https:\\\/\\\/periodicorealidades.com\\\/wp-content\\\/uploads\\\/2026\\\/08\\\/sierra-de-nayarit-scaled.jpg\",\"width\":2560,\"height\":1707},{\"@type\":\"BreadcrumbList\",\"@id\":\"https:\\\/\\\/periodicorealidades.com\\\/index.php\\\/2026\\\/08\\\/31\\\/retiran-en-la-yesca-equipo-de-comunicacion-de-supuestos-miembros-del-crimen-organizado\\\/#breadcrumb\",\"itemListElement\":[{\"@type\":\"ListItem\",\"position\":1,\"name\":\"Inicio\",\"item\":\"https:\\\/\\\/periodicorealidades.com\\\/\"},{\"@type\":\"ListItem\",\"position\":2,\"name\":\"Retiran en La Yesca equipo de comunicaci\u00f3n de supuestos miembros del crimen organizado\"}]},{\"@type\":\"WebSite\",\"@id\":\"https:\\\/\\\/periodicorealidades.com\\\/#website\",\"url\":\"https:\\\/\\\/periodicorealidades.com\\\/\",\"name\":\"Peri\u00f3dico Realidades\",\"description\":\"M\u00e9dio de comunicaci\u00f3n en Nayarit\",\"publisher\":{\"@id\":\"https:\\\/\\\/periodicorealidades.com\\\/#organization\"},\"potentialAction\":[{\"@type\":\"SearchAction\",\"target\":{\"@type\":\"EntryPoint\",\"urlTemplate\":\"https:\\\/\\\/periodicorealidades.com\\\/?s={search_term_string}\"},\"query-input\":{\"@type\":\"PropertyValueSpecification\",\"valueRequired\":true,\"valueName\":\"search_term_string\"}}],\"inLanguage\":\"es\"},{\"@type\":\"Organization\",\"@id\":\"https:\\\/\\\/periodicorealidades.com\\\/#organization\",\"name\":\"Peri\u00f3dico Realidades\",\"url\":\"https:\\\/\\\/periodicorealidades.com\\\/\",\"logo\":{\"@type\":\"ImageObject\",\"inLanguage\":\"es\",\"@id\":\"https:\\\/\\\/periodicorealidades.com\\\/#\\\/schema\\\/logo\\\/image\\\/\",\"url\":\"https:\\\/\\\/periodicorealidades.com\\\/wp-content\\\/uploads\\\/2023\\\/05\\\/r-prueba.png\",\"contentUrl\":\"https:\\\/\\\/periodicorealidades.com\\\/wp-content\\\/uploads\\\/2023\\\/05\\\/r-prueba.png\",\"width\":709,\"height\":709,\"caption\":\"Peri\u00f3dico Realidades\"},\"image\":{\"@id\":\"https:\\\/\\\/periodicorealidades.com\\\/#\\\/schema\\\/logo\\\/image\\\/\"},\"sameAs\":[\"https:\\\/\\\/www.facebook.com\\\/periodicorealidades.denayarit?mibextid=LQQJ4d\"]},{\"@type\":\"Person\",\"@id\":\"https:\\\/\\\/periodicorealidades.com\\\/#\\\/schema\\\/person\\\/c27da34ee13acaec3162071a3e1c7832\",\"name\":\"editor\",\"image\":{\"@type\":\"ImageObject\",\"inLanguage\":\"es\",\"@id\":\"https:\\\/\\\/secure.gravatar.com\\\/avatar\\\/dda3c3f59ea25f4b53cd53df977b0b2628039b17268e57c944a79a00e8a56e26?s=96&d=mm&r=g\",\"url\":\"https:\\\/\\\/secure.gravatar.com\\\/avatar\\\/dda3c3f59ea25f4b53cd53df977b0b2628039b17268e57c944a79a00e8a56e26?s=96&d=mm&r=g\",\"contentUrl\":\"https:\\\/\\\/secure.gravatar.com\\\/avatar\\\/dda3c3f59ea25f4b53cd53df977b0b2628039b17268e57c944a79a00e8a56e26?s=96&d=mm&r=g\",\"caption\":\"editor\"},\"url\":\"https:\\\/\\\/periodicorealidades.com\\\/index.php\\\/author\\\/editor\\\/\"}]}<\/script>\n<!-- \/ Yoast SEO plugin. -->","yoast_head_json":{"title":"Retiran en La Yesca equipo de comunicaci\u00f3n de supuestos miembros del crimen organizado - Peri\u00f3dico Realidades","robots":{"index":"index","follow":"follow","max-snippet":"max-snippet:-1","max-image-preview":"max-image-preview:large","max-video-preview":"max-video-preview:-1"},"canonical":"https:\/\/periodicorealidades.com\/index.php\/2026\/08\/31\/retiran-en-la-yesca-equipo-de-comunicacion-de-supuestos-miembros-del-crimen-organizado\/","og_locale":"es_MX","og_type":"article","og_title":"Retiran en La Yesca equipo de comunicaci\u00f3n de supuestos miembros del crimen organizado - Peri\u00f3dico Realidades","og_description":"El mandatario estatal, explic\u00f3 que tan solo este domingo fue necesario intervenir en una torre ubicada en La Yesca, donde fueron encontrados diversos elementos de comunicaci\u00f3n colocados de manera irregular y que, de acuerdo con las investigaciones, estar\u00edan relacionados con actividades del crimen organizado. Por: Mildra Ben\u00edtez Robledo Tepic, Nayarit; martes, 01 de Septiembre del [&hellip;]","og_url":"https:\/\/periodicorealidades.com\/index.php\/2026\/08\/31\/retiran-en-la-yesca-equipo-de-comunicacion-de-supuestos-miembros-del-crimen-organizado\/","og_site_name":"Peri\u00f3dico Realidades","article_publisher":"https:\/\/www.facebook.com\/periodicorealidades.denayarit?mibextid=LQQJ4d","article_published_time":"2026-09-01T05:34:02+00:00","article_modified_time":"2026-09-01T05:34:03+00:00","og_image":[{"width":2560,"height":1707,"url":"https:\/\/periodicorealidades.com\/wp-content\/uploads\/2026\/08\/sierra-de-nayarit-scaled.jpg","type":"image\/jpeg"}],"author":"editor","twitter_card":"summary_large_image","twitter_misc":{"Escrito por":"editor","Tiempo de lectura":"2 minutos"},"schema":{"@context":"https:\/\/schema.org","@graph":[{"@type":"Article","@id":"https:\/\/periodicorealidades.com\/index.php\/2026\/08\/31\/retiran-en-la-yesca-equipo-de-comunicacion-de-supuestos-miembros-del-crimen-organizado\/#article","isPartOf":{"@id":"https:\/\/periodicorealidades.com\/index.php\/2026\/08\/31\/retiran-en-la-yesca-equipo-de-comunicacion-de-supuestos-miembros-del-crimen-organizado\/"},"author":{"name":"editor","@id":"https:\/\/periodicorealidades.com\/#\/schema\/person\/c27da34ee13acaec3162071a3e1c7832"},"headline":"Retiran en La Yesca equipo de comunicaci\u00f3n de supuestos miembros del crimen organizado","datePublished":"2026-09-01T05:34:02+00:00","dateModified":"2026-09-01T05:34:03+00:00","mainEntityOfPage":{"@id":"https:\/\/periodicorealidades.com\/index.php\/2026\/08\/31\/retiran-en-la-yesca-equipo-de-comunicacion-de-supuestos-miembros-del-crimen-organizado\/"},"wordCount":358,"publisher":{"@id":"https:\/\/periodicorealidades.com\/#organization"},"image":{"@id":"https:\/\/periodicorealidades.com\/index.php\/2026\/08\/31\/retiran-en-la-yesca-equipo-de-comunicacion-de-supuestos-miembros-del-crimen-organizado\/#primaryimage"},"thumbnailUrl":"https:\/\/periodicorealidades.com\/wp-content\/uploads\/2026\/08\/sierra-de-nayarit-scaled.jpg","articleSection":["Municipios","Principal"],"inLanguage":"es"},{"@type":"WebPage","@id":"https:\/\/periodicorealidades.com\/index.php\/2026\/08\/31\/retiran-en-la-yesca-equipo-de-comunicacion-de-supuestos-miembros-del-crimen-organizado\/","url":"https:\/\/periodicorealidades.com\/index.php\/2026\/08\/31\/retiran-en-la-yesca-equipo-de-comunicacion-de-supuestos-miembros-del-crimen-organizado\/","name":"Retiran en La Yesca equipo de comunicaci\u00f3n de supuestos miembros del crimen organizado - Peri\u00f3dico Realidades","isPartOf":{"@id":"https:\/\/periodicorealidades.com\/#website"},"primaryImageOfPage":{"@id":"https:\/\/periodicorealidades.com\/index.php\/2026\/08\/31\/retiran-en-la-yesca-equipo-de-comunicacion-de-supuestos-miembros-del-crimen-organizado\/#primaryimage"},"image":{"@id":"https:\/\/periodicorealidades.com\/index.php\/2026\/08\/31\/retiran-en-la-yesca-equipo-de-comunicacion-de-supuestos-miembros-del-crimen-organizado\/#primaryimage"},"thumbnailUrl":"https:\/\/periodicorealidades.com\/wp-content\/uploads\/2026\/08\/sierra-de-nayarit-scaled.jpg","datePublished":"2026-09-01T05:34:02+00:00","dateModified":"2026-09-01T05:34:03+00:00","breadcrumb":{"@id":"https:\/\/periodicorealidades.com\/index.php\/2026\/08\/31\/retiran-en-la-yesca-equipo-de-comunicacion-de-supuestos-miembros-del-crimen-organizado\/#breadcrumb"},"inLanguage":"es","potentialAction":[{"@type":"ReadAction","target":["https:\/\/periodicorealidades.com\/index.php\/2026\/08\/31\/retiran-en-la-yesca-equipo-de-comunicacion-de-supuestos-miembros-del-crimen-organizado\/"]}]},{"@type":"ImageObject","inLanguage":"es","@id":"https:\/\/periodicorealidades.com\/index.php\/2026\/08\/31\/retiran-en-la-yesca-equipo-de-comunicacion-de-supuestos-miembros-del-crimen-organizado\/#primaryimage","url":"https:\/\/periodicorealidades.com\/wp-content\/uploads\/2026\/08\/sierra-de-nayarit-scaled.jpg","contentUrl":"https:\/\/periodicorealidades.com\/wp-content\/uploads\/2026\/08\/sierra-de-nayarit-scaled.jpg","width":2560,"height":1707},{"@type":"BreadcrumbList","@id":"https:\/\/periodicorealidades.com\/index.php\/2026\/08\/31\/retiran-en-la-yesca-equipo-de-comunicacion-de-supuestos-miembros-del-crimen-organizado\/#breadcrumb","itemListElement":[{"@type":"ListItem","position":1,"name":"Inicio","item":"https:\/\/periodicorealidades.com\/"},{"@type":"ListItem","position":2,"name":"Retiran en La Yesca equipo de comunicaci\u00f3n de supuestos miembros del crimen organizado"}]},{"@type":"WebSite","@id":"https:\/\/periodicorealidades.com\/#website","url":"https:\/\/periodicorealidades.com\/","name":"Peri\u00f3dico Realidades","description":"M\u00e9dio de comunicaci\u00f3n en Nayarit","publisher":{"@id":"https:\/\/periodicorealidades.com\/#organization"},"potentialAction":[{"@type":"SearchAction","target":{"@type":"EntryPoint","urlTemplate":"https:\/\/periodicorealidades.com\/?s={search_term_string}"},"query-input":{"@type":"PropertyValueSpecification","valueRequired":true,"valueName":"search_term_string"}}],"inLanguage":"es"},{"@type":"Organization","@id":"https:\/\/periodicorealidades.com\/#organization","name":"Peri\u00f3dico Realidades","url":"https:\/\/periodicorealidades.com\/","logo":{"@type":"ImageObject","inLanguage":"es","@id":"https:\/\/periodicorealidades.com\/#\/schema\/logo\/image\/","url":"https:\/\/periodicorealidades.com\/wp-content\/uploads\/2023\/05\/r-prueba.png","contentUrl":"https:\/\/periodicorealidades.com\/wp-content\/uploads\/2023\/05\/r-prueba.png","width":709,"height":709,"caption":"Peri\u00f3dico Realidades"},"image":{"@id":"https:\/\/periodicorealidades.com\/#\/schema\/logo\/image\/"},"sameAs":["https:\/\/www.facebook.com\/periodicorealidades.denayarit?mibextid=LQQJ4d"]},{"@type":"Person","@id":"https:\/\/periodicorealidades.com\/#\/schema\/person\/c27da34ee13acaec3162071a3e1c7832","name":"editor","image":{"@type":"ImageObject","inLanguage":"es","@id":"https:\/\/secure.gravatar.com\/avatar\/dda3c3f59ea25f4b53cd53df977b0b2628039b17268e57c944a79a00e8a56e26?s=96&d=mm&r=g","url":"https:\/\/secure.gravatar.com\/avatar\/dda3c3f59ea25f4b53cd53df977b0b2628039b17268e57c944a79a00e8a56e26?s=96&d=mm&r=g","contentUrl":"https:\/\/secure.gravatar.com\/avatar\/dda3c3f59ea25f4b53cd53df977b0b2628039b17268e57c944a79a00e8a56e26?s=96&d=mm&r=g","caption":"editor"},"url":"https:\/\/periodicorealidades.com\/index.php\/author\/editor\/"}]}},"_links":{"self":[{"href":"https:\/\/periodicorealidades.com\/index.php\/wp-json\/wp\/v2\/posts\/77814","targetHints":{"allow":["GET"]}}],"collection":[{"href":"https:\/\/periodicorealidades.com\/index.php\/wp-json\/wp\/v2\/posts"}],"about":[{"href":"https:\/\/periodicorealidades.com\/index.php\/wp-json\/wp\/v2\/types\/post"}],"author":[{"embeddable":true,"href":"https:\/\/periodicorealidades.com\/index.php\/wp-json\/wp\/v2\/users\/2"}],"replies":[{"embeddable":true,"href":"https:\/\/periodicorealidades.com\/index.php\/wp-json\/wp\/v2\/comments?post=77814"}],"version-history":[{"count":1,"href":"https:\/\/periodicorealidades.com\/index.php\/wp-json\/wp\/v2\/posts\/77814\/revisions"}],"predecessor-version":[{"id":77816,"href":"https:\/\/periodicorealidades.com\/index.php\/wp-json\/wp\/v2\/posts\/77814\/revisions\/77816"}],"wp:featuredmedia":[{"embeddable":true,"href":"https:\/\/periodicorealidades.com\/index.php\/wp-json\/wp\/v2\/media\/77815"}],"wp:attachment":[{"href":"https:\/\/periodicorealidades.com\/index.php\/wp-json\/wp\/v2\/media?parent=77814"}],"wp:term":[{"taxonomy":"category","embeddable":true,"href":"https:\/\/periodicorealidades.com\/index.php\/wp-json\/wp\/v2\/categories?post=77814"},{"taxonomy":"post_tag","embeddable":true,"href":"https:\/\/periodicorealidades.com\/index.php\/wp-json\/wp\/v2\/tags?post=77814"}],"curies":[{"name":"wp","href":"https:\/\/api.w.org\/{rel}","templated":true}]}}