{"id":77817,"date":"2026-08-31T22:35:17","date_gmt":"2026-09-01T05:35:17","guid":{"rendered":"https:\/\/periodicorealidades.com\/?p=77817"},"modified":"2026-08-31T22:35:18","modified_gmt":"2026-09-01T05:35:18","slug":"quien-tenga-doble-nacionalidad-no-podra-ser-ni-presidente-ni-senador","status":"publish","type":"post","link":"https:\/\/periodicorealidades.com\/index.php\/2026\/08\/31\/quien-tenga-doble-nacionalidad-no-podra-ser-ni-presidente-ni-senador\/","title":{"rendered":"Quien tenga doble nacionalidad no podr\u00e1 ser ni presidente ni senador"},"content":{"rendered":"\n<p class=\"wp-block-paragraph\">La presidenta Claudia Sheinbaum Pardo anunci\u00f3 que enviar\u00e1 al Congreso de la Uni\u00f3n una iniciativa de reforma constitucional para establecer que las personas que aspiren a la Presidencia de la Rep\u00fablica, a una gubernatura o a la Jefatura de Gobierno de la Ciudad de M\u00e9xico no puedan mantener una doble nacionalidad.<\/p>\n\n\n\n<p class=\"wp-block-paragraph\">Por: Agencias<\/p>\n\n\n\n<p class=\"wp-block-paragraph\">Ciudad de M\u00e8xico; martes, 01 de septiembre del 2026.- Durante su conferencia matutina, la mandataria explic\u00f3 que la propuesta busca garantizar que quienes ocupen los principales cargos del Poder Ejecutivo tengan como prioridad el inter\u00e9s y la soberan\u00eda de M\u00e9xico.<\/p>\n\n\n\n<p class=\"wp-block-paragraph\">\u201cEl objetivo es garantizar que toda persona mexicana que desee ser presidente o presidenta de la Rep\u00fablica, gobernador, gobernadora, jefe o jefa de Gobierno, deba ser solo mexicano, no tener ninguna otra nacionalidad\u201d, se\u00f1al\u00f3.<\/p>\n\n\n\n<p class=\"wp-block-paragraph\">Sheinbaum argument\u00f3 que actualmente existe una falta de claridad en la Constituci\u00f3n respecto a la obligaci\u00f3n de renunciar a una segunda nacionalidad antes de contender por alguno de estos cargos, situaci\u00f3n que, dijo, ha generado confusiones e incluso ha permitido que algunos gobernadores hayan tenido doble nacionalidad.<\/p>\n\n\n\n<p class=\"wp-block-paragraph\">La propuesta plantea modificar el art\u00edculo 82 constitucional para establecer que quienes aspiren a la Presidencia deber\u00e1n ser ciudadanos mexicanos por nacimiento, no tener ni adquirir otra nacionalidad y, en caso de contar con una segunda ciudadan\u00eda, renunciar a ella antes de solicitar su registro como candidata o candidato.<\/p>\n\n\n\n<p class=\"wp-block-paragraph\">Adem\u00e1s, se propone que quien ejerza la Presidencia no pueda adquirir o solicitar otra nacionalidad ni invocar ante autoridades extranjeras una nacionalidad distinta a la mexicana.<\/p>\n\n\n\n<p class=\"wp-block-paragraph\">La iniciativa tambi\u00e9n contempla prohibir el uso de pasaportes o documentos de identidad expedidos por otro Estado, el ejercicio de derechos pol\u00edticos inherentes a una ciudadan\u00eda extranjera y el uso de protecci\u00f3n diplom\u00e1tica de otro pa\u00eds mientras se ejerza el cargo.<\/p>\n\n\n\n<p class=\"wp-block-paragraph\">La consejera jur\u00eddica del Ejecutivo Federal, Luisa Mar\u00eda Alcalde Luj\u00e1n, explic\u00f3 que los art\u00edculos 82, 116 y 122 de la Constituci\u00f3n establecen que para ocupar la Presidencia, una gubernatura o la Jefatura de Gobierno de la Ciudad de M\u00e9xico es necesario ser ciudadano mexicano por nacimiento.<\/p>\n\n\n\n<p class=\"wp-block-paragraph\">Sin embargo, se\u00f1al\u00f3 que el art\u00edculo 32 establece que los cargos y funciones que requieren ser mexicano por nacimiento est\u00e1n reservados para quienes tengan esa calidad y no adquieran otra nacionalidad, lo que ha generado un vac\u00edo y distintas interpretaciones.<\/p>\n\n\n\n<p class=\"wp-block-paragraph\">Por ello, el Gobierno Federal plantea extender las restricciones a los art\u00edculos 116 y 122, correspondientes a las gubernaturas y a la Jefatura de Gobierno de la Ciudad de M\u00e9xico.<\/p>\n\n\n\n<p class=\"wp-block-paragraph\">Sheinbaum sostuvo que la reforma tiene como prop\u00f3sito evitar posibles injerencias extranjeras y garantizar que quienes gobiernen el pa\u00eds y las entidades federativas coloquen a M\u00e9xico por encima de cualquier otro inter\u00e9s.<\/p>\n\n\n\n<p class=\"wp-block-paragraph\">\u201cQue el inter\u00e9s superior sea M\u00e9xico, ning\u00fan otro pa\u00eds\u201d, enfatiz\u00f3.<\/p>\n\n\n\n<p class=\"wp-block-paragraph\">Finalmente, Alcalde Luj\u00e1n inform\u00f3 que, en caso de aprobarse la reforma constitucional, tambi\u00e9n se plantear\u00e1n modificaciones a la Ley de Nacionalidad para establecer los procedimientos mediante los cuales las personas puedan renunciar formalmente a una segunda nacionalidad ante las autoridades mexicanas y del pa\u00eds correspondiente.<\/p>\n","protected":false},"excerpt":{"rendered":"<p>La presidenta Claudia Sheinbaum Pardo anunci\u00f3 que enviar\u00e1 al Congreso de la Uni\u00f3n una iniciativa de reforma constitucional para establecer que las personas que aspiren a la Presidencia de la Rep\u00fablica, a una gubernatura o a la Jefatura de Gobierno de la Ciudad de M\u00e9xico no puedan mantener una doble nacionalidad. Por: Agencias Ciudad de [&hellip;]<\/p>\n","protected":false},"author":2,"featured_media":74595,"comment_status":"closed","ping_status":"open","sticky":false,"template":"","format":"standard","meta":{"footnotes":""},"categories":[12,4],"tags":[],"class_list":["post-77817","post","type-post","status-publish","format-standard","has-post-thumbnail","category-nacional","category-principal"],"yoast_head":"<!-- This site is optimized with the Yoast SEO plugin v28.3 - https:\/\/yoast.com\/product\/yoast-seo-wordpress\/ -->\n<title>Quien tenga doble nacionalidad no podr\u00e1 ser ni presidente ni senador - Peri\u00f3dico Realidades<\/title>\n<meta name=\"robots\" content=\"index, follow, max-snippet:-1, max-image-preview:large, max-video-preview:-1\" \/>\n<link rel=\"canonical\" href=\"https:\/\/periodicorealidades.com\/index.php\/2026\/08\/31\/quien-tenga-doble-nacionalidad-no-podra-ser-ni-presidente-ni-senador\/\" \/>\n<meta property=\"og:locale\" content=\"es_MX\" \/>\n<meta property=\"og:type\" content=\"article\" \/>\n<meta property=\"og:title\" content=\"Quien tenga doble nacionalidad no podr\u00e1 ser ni presidente ni senador - Peri\u00f3dico Realidades\" \/>\n<meta property=\"og:description\" content=\"La presidenta Claudia Sheinbaum Pardo anunci\u00f3 que enviar\u00e1 al Congreso de la Uni\u00f3n una iniciativa de reforma constitucional para establecer que las personas que aspiren a la Presidencia de la Rep\u00fablica, a una gubernatura o a la Jefatura de Gobierno de la Ciudad de M\u00e9xico no puedan mantener una doble nacionalidad. Por: Agencias Ciudad de [&hellip;]\" \/>\n<meta property=\"og:url\" content=\"https:\/\/periodicorealidades.com\/index.php\/2026\/08\/31\/quien-tenga-doble-nacionalidad-no-podra-ser-ni-presidente-ni-senador\/\" \/>\n<meta property=\"og:site_name\" content=\"Peri\u00f3dico Realidades\" \/>\n<meta property=\"article:publisher\" content=\"https:\/\/www.facebook.com\/periodicorealidades.denayarit?mibextid=LQQJ4d\" \/>\n<meta property=\"article:published_time\" content=\"2026-09-01T05:35:17+00:00\" \/>\n<meta property=\"article:modified_time\" content=\"2026-09-01T05:35:18+00:00\" \/>\n<meta property=\"og:image\" content=\"https:\/\/periodicorealidades.com\/wp-content\/uploads\/2026\/07\/claudia-sheinbaum-5.jpg\" \/>\n\t<meta property=\"og:image:width\" content=\"640\" \/>\n\t<meta property=\"og:image:height\" content=\"360\" \/>\n\t<meta property=\"og:image:type\" content=\"image\/jpeg\" \/>\n<meta name=\"author\" content=\"editor\" \/>\n<meta name=\"twitter:card\" content=\"summary_large_image\" \/>\n<meta name=\"twitter:label1\" content=\"Escrito por\" \/>\n\t<meta name=\"twitter:data1\" content=\"editor\" \/>\n\t<meta name=\"twitter:label2\" content=\"Tiempo de lectura\" \/>\n\t<meta name=\"twitter:data2\" content=\"3 minutos\" \/>\n<script type=\"application\/ld+json\" class=\"yoast-schema-graph\">{\"@context\":\"https:\\\/\\\/schema.org\",\"@graph\":[{\"@type\":\"Article\",\"@id\":\"https:\\\/\\\/periodicorealidades.com\\\/index.php\\\/2026\\\/08\\\/31\\\/quien-tenga-doble-nacionalidad-no-podra-ser-ni-presidente-ni-senador\\\/#article\",\"isPartOf\":{\"@id\":\"https:\\\/\\\/periodicorealidades.com\\\/index.php\\\/2026\\\/08\\\/31\\\/quien-tenga-doble-nacionalidad-no-podra-ser-ni-presidente-ni-senador\\\/\"},\"author\":{\"name\":\"editor\",\"@id\":\"https:\\\/\\\/periodicorealidades.com\\\/#\\\/schema\\\/person\\\/c27da34ee13acaec3162071a3e1c7832\"},\"headline\":\"Quien tenga doble nacionalidad no podr\u00e1 ser ni presidente ni senador\",\"datePublished\":\"2026-09-01T05:35:17+00:00\",\"dateModified\":\"2026-09-01T05:35:18+00:00\",\"mainEntityOfPage\":{\"@id\":\"https:\\\/\\\/periodicorealidades.com\\\/index.php\\\/2026\\\/08\\\/31\\\/quien-tenga-doble-nacionalidad-no-podra-ser-ni-presidente-ni-senador\\\/\"},\"wordCount\":542,\"publisher\":{\"@id\":\"https:\\\/\\\/periodicorealidades.com\\\/#organization\"},\"image\":{\"@id\":\"https:\\\/\\\/periodicorealidades.com\\\/index.php\\\/2026\\\/08\\\/31\\\/quien-tenga-doble-nacionalidad-no-podra-ser-ni-presidente-ni-senador\\\/#primaryimage\"},\"thumbnailUrl\":\"https:\\\/\\\/periodicorealidades.com\\\/wp-content\\\/uploads\\\/2026\\\/07\\\/claudia-sheinbaum-5.jpg\",\"articleSection\":[\"Nacional\",\"Principal\"],\"inLanguage\":\"es\"},{\"@type\":\"WebPage\",\"@id\":\"https:\\\/\\\/periodicorealidades.com\\\/index.php\\\/2026\\\/08\\\/31\\\/quien-tenga-doble-nacionalidad-no-podra-ser-ni-presidente-ni-senador\\\/\",\"url\":\"https:\\\/\\\/periodicorealidades.com\\\/index.php\\\/2026\\\/08\\\/31\\\/quien-tenga-doble-nacionalidad-no-podra-ser-ni-presidente-ni-senador\\\/\",\"name\":\"Quien tenga doble nacionalidad no podr\u00e1 ser ni presidente ni senador - Peri\u00f3dico Realidades\",\"isPartOf\":{\"@id\":\"https:\\\/\\\/periodicorealidades.com\\\/#website\"},\"primaryImageOfPage\":{\"@id\":\"https:\\\/\\\/periodicorealidades.com\\\/index.php\\\/2026\\\/08\\\/31\\\/quien-tenga-doble-nacionalidad-no-podra-ser-ni-presidente-ni-senador\\\/#primaryimage\"},\"image\":{\"@id\":\"https:\\\/\\\/periodicorealidades.com\\\/index.php\\\/2026\\\/08\\\/31\\\/quien-tenga-doble-nacionalidad-no-podra-ser-ni-presidente-ni-senador\\\/#primaryimage\"},\"thumbnailUrl\":\"https:\\\/\\\/periodicorealidades.com\\\/wp-content\\\/uploads\\\/2026\\\/07\\\/claudia-sheinbaum-5.jpg\",\"datePublished\":\"2026-09-01T05:35:17+00:00\",\"dateModified\":\"2026-09-01T05:35:18+00:00\",\"breadcrumb\":{\"@id\":\"https:\\\/\\\/periodicorealidades.com\\\/index.php\\\/2026\\\/08\\\/31\\\/quien-tenga-doble-nacionalidad-no-podra-ser-ni-presidente-ni-senador\\\/#breadcrumb\"},\"inLanguage\":\"es\",\"potentialAction\":[{\"@type\":\"ReadAction\",\"target\":[\"https:\\\/\\\/periodicorealidades.com\\\/index.php\\\/2026\\\/08\\\/31\\\/quien-tenga-doble-nacionalidad-no-podra-ser-ni-presidente-ni-senador\\\/\"]}]},{\"@type\":\"ImageObject\",\"inLanguage\":\"es\",\"@id\":\"https:\\\/\\\/periodicorealidades.com\\\/index.php\\\/2026\\\/08\\\/31\\\/quien-tenga-doble-nacionalidad-no-podra-ser-ni-presidente-ni-senador\\\/#primaryimage\",\"url\":\"https:\\\/\\\/periodicorealidades.com\\\/wp-content\\\/uploads\\\/2026\\\/07\\\/claudia-sheinbaum-5.jpg\",\"contentUrl\":\"https:\\\/\\\/periodicorealidades.com\\\/wp-content\\\/uploads\\\/2026\\\/07\\\/claudia-sheinbaum-5.jpg\",\"width\":640,\"height\":360},{\"@type\":\"BreadcrumbList\",\"@id\":\"https:\\\/\\\/periodicorealidades.com\\\/index.php\\\/2026\\\/08\\\/31\\\/quien-tenga-doble-nacionalidad-no-podra-ser-ni-presidente-ni-senador\\\/#breadcrumb\",\"itemListElement\":[{\"@type\":\"ListItem\",\"position\":1,\"name\":\"Inicio\",\"item\":\"https:\\\/\\\/periodicorealidades.com\\\/\"},{\"@type\":\"ListItem\",\"position\":2,\"name\":\"Quien tenga doble nacionalidad no podr\u00e1 ser ni presidente ni senador\"}]},{\"@type\":\"WebSite\",\"@id\":\"https:\\\/\\\/periodicorealidades.com\\\/#website\",\"url\":\"https:\\\/\\\/periodicorealidades.com\\\/\",\"name\":\"Peri\u00f3dico Realidades\",\"description\":\"M\u00e9dio de comunicaci\u00f3n en Nayarit\",\"publisher\":{\"@id\":\"https:\\\/\\\/periodicorealidades.com\\\/#organization\"},\"potentialAction\":[{\"@type\":\"SearchAction\",\"target\":{\"@type\":\"EntryPoint\",\"urlTemplate\":\"https:\\\/\\\/periodicorealidades.com\\\/?s={search_term_string}\"},\"query-input\":{\"@type\":\"PropertyValueSpecification\",\"valueRequired\":true,\"valueName\":\"search_term_string\"}}],\"inLanguage\":\"es\"},{\"@type\":\"Organization\",\"@id\":\"https:\\\/\\\/periodicorealidades.com\\\/#organization\",\"name\":\"Peri\u00f3dico Realidades\",\"url\":\"https:\\\/\\\/periodicorealidades.com\\\/\",\"logo\":{\"@type\":\"ImageObject\",\"inLanguage\":\"es\",\"@id\":\"https:\\\/\\\/periodicorealidades.com\\\/#\\\/schema\\\/logo\\\/image\\\/\",\"url\":\"https:\\\/\\\/periodicorealidades.com\\\/wp-content\\\/uploads\\\/2023\\\/05\\\/r-prueba.png\",\"contentUrl\":\"https:\\\/\\\/periodicorealidades.com\\\/wp-content\\\/uploads\\\/2023\\\/05\\\/r-prueba.png\",\"width\":709,\"height\":709,\"caption\":\"Peri\u00f3dico Realidades\"},\"image\":{\"@id\":\"https:\\\/\\\/periodicorealidades.com\\\/#\\\/schema\\\/logo\\\/image\\\/\"},\"sameAs\":[\"https:\\\/\\\/www.facebook.com\\\/periodicorealidades.denayarit?mibextid=LQQJ4d\"]},{\"@type\":\"Person\",\"@id\":\"https:\\\/\\\/periodicorealidades.com\\\/#\\\/schema\\\/person\\\/c27da34ee13acaec3162071a3e1c7832\",\"name\":\"editor\",\"image\":{\"@type\":\"ImageObject\",\"inLanguage\":\"es\",\"@id\":\"https:\\\/\\\/secure.gravatar.com\\\/avatar\\\/dda3c3f59ea25f4b53cd53df977b0b2628039b17268e57c944a79a00e8a56e26?s=96&d=mm&r=g\",\"url\":\"https:\\\/\\\/secure.gravatar.com\\\/avatar\\\/dda3c3f59ea25f4b53cd53df977b0b2628039b17268e57c944a79a00e8a56e26?s=96&d=mm&r=g\",\"contentUrl\":\"https:\\\/\\\/secure.gravatar.com\\\/avatar\\\/dda3c3f59ea25f4b53cd53df977b0b2628039b17268e57c944a79a00e8a56e26?s=96&d=mm&r=g\",\"caption\":\"editor\"},\"url\":\"https:\\\/\\\/periodicorealidades.com\\\/index.php\\\/author\\\/editor\\\/\"}]}<\/script>\n<!-- \/ Yoast SEO plugin. -->","yoast_head_json":{"title":"Quien tenga doble nacionalidad no podr\u00e1 ser ni presidente ni senador - Peri\u00f3dico Realidades","robots":{"index":"index","follow":"follow","max-snippet":"max-snippet:-1","max-image-preview":"max-image-preview:large","max-video-preview":"max-video-preview:-1"},"canonical":"https:\/\/periodicorealidades.com\/index.php\/2026\/08\/31\/quien-tenga-doble-nacionalidad-no-podra-ser-ni-presidente-ni-senador\/","og_locale":"es_MX","og_type":"article","og_title":"Quien tenga doble nacionalidad no podr\u00e1 ser ni presidente ni senador - Peri\u00f3dico Realidades","og_description":"La presidenta Claudia Sheinbaum Pardo anunci\u00f3 que enviar\u00e1 al Congreso de la Uni\u00f3n una iniciativa de reforma constitucional para establecer que las personas que aspiren a la Presidencia de la Rep\u00fablica, a una gubernatura o a la Jefatura de Gobierno de la Ciudad de M\u00e9xico no puedan mantener una doble nacionalidad. Por: Agencias Ciudad de [&hellip;]","og_url":"https:\/\/periodicorealidades.com\/index.php\/2026\/08\/31\/quien-tenga-doble-nacionalidad-no-podra-ser-ni-presidente-ni-senador\/","og_site_name":"Peri\u00f3dico Realidades","article_publisher":"https:\/\/www.facebook.com\/periodicorealidades.denayarit?mibextid=LQQJ4d","article_published_time":"2026-09-01T05:35:17+00:00","article_modified_time":"2026-09-01T05:35:18+00:00","og_image":[{"width":640,"height":360,"url":"https:\/\/periodicorealidades.com\/wp-content\/uploads\/2026\/07\/claudia-sheinbaum-5.jpg","type":"image\/jpeg"}],"author":"editor","twitter_card":"summary_large_image","twitter_misc":{"Escrito por":"editor","Tiempo de lectura":"3 minutos"},"schema":{"@context":"https:\/\/schema.org","@graph":[{"@type":"Article","@id":"https:\/\/periodicorealidades.com\/index.php\/2026\/08\/31\/quien-tenga-doble-nacionalidad-no-podra-ser-ni-presidente-ni-senador\/#article","isPartOf":{"@id":"https:\/\/periodicorealidades.com\/index.php\/2026\/08\/31\/quien-tenga-doble-nacionalidad-no-podra-ser-ni-presidente-ni-senador\/"},"author":{"name":"editor","@id":"https:\/\/periodicorealidades.com\/#\/schema\/person\/c27da34ee13acaec3162071a3e1c7832"},"headline":"Quien tenga doble nacionalidad no podr\u00e1 ser ni presidente ni senador","datePublished":"2026-09-01T05:35:17+00:00","dateModified":"2026-09-01T05:35:18+00:00","mainEntityOfPage":{"@id":"https:\/\/periodicorealidades.com\/index.php\/2026\/08\/31\/quien-tenga-doble-nacionalidad-no-podra-ser-ni-presidente-ni-senador\/"},"wordCount":542,"publisher":{"@id":"https:\/\/periodicorealidades.com\/#organization"},"image":{"@id":"https:\/\/periodicorealidades.com\/index.php\/2026\/08\/31\/quien-tenga-doble-nacionalidad-no-podra-ser-ni-presidente-ni-senador\/#primaryimage"},"thumbnailUrl":"https:\/\/periodicorealidades.com\/wp-content\/uploads\/2026\/07\/claudia-sheinbaum-5.jpg","articleSection":["Nacional","Principal"],"inLanguage":"es"},{"@type":"WebPage","@id":"https:\/\/periodicorealidades.com\/index.php\/2026\/08\/31\/quien-tenga-doble-nacionalidad-no-podra-ser-ni-presidente-ni-senador\/","url":"https:\/\/periodicorealidades.com\/index.php\/2026\/08\/31\/quien-tenga-doble-nacionalidad-no-podra-ser-ni-presidente-ni-senador\/","name":"Quien tenga doble nacionalidad no podr\u00e1 ser ni presidente ni senador - Peri\u00f3dico Realidades","isPartOf":{"@id":"https:\/\/periodicorealidades.com\/#website"},"primaryImageOfPage":{"@id":"https:\/\/periodicorealidades.com\/index.php\/2026\/08\/31\/quien-tenga-doble-nacionalidad-no-podra-ser-ni-presidente-ni-senador\/#primaryimage"},"image":{"@id":"https:\/\/periodicorealidades.com\/index.php\/2026\/08\/31\/quien-tenga-doble-nacionalidad-no-podra-ser-ni-presidente-ni-senador\/#primaryimage"},"thumbnailUrl":"https:\/\/periodicorealidades.com\/wp-content\/uploads\/2026\/07\/claudia-sheinbaum-5.jpg","datePublished":"2026-09-01T05:35:17+00:00","dateModified":"2026-09-01T05:35:18+00:00","breadcrumb":{"@id":"https:\/\/periodicorealidades.com\/index.php\/2026\/08\/31\/quien-tenga-doble-nacionalidad-no-podra-ser-ni-presidente-ni-senador\/#breadcrumb"},"inLanguage":"es","potentialAction":[{"@type":"ReadAction","target":["https:\/\/periodicorealidades.com\/index.php\/2026\/08\/31\/quien-tenga-doble-nacionalidad-no-podra-ser-ni-presidente-ni-senador\/"]}]},{"@type":"ImageObject","inLanguage":"es","@id":"https:\/\/periodicorealidades.com\/index.php\/2026\/08\/31\/quien-tenga-doble-nacionalidad-no-podra-ser-ni-presidente-ni-senador\/#primaryimage","url":"https:\/\/periodicorealidades.com\/wp-content\/uploads\/2026\/07\/claudia-sheinbaum-5.jpg","contentUrl":"https:\/\/periodicorealidades.com\/wp-content\/uploads\/2026\/07\/claudia-sheinbaum-5.jpg","width":640,"height":360},{"@type":"BreadcrumbList","@id":"https:\/\/periodicorealidades.com\/index.php\/2026\/08\/31\/quien-tenga-doble-nacionalidad-no-podra-ser-ni-presidente-ni-senador\/#breadcrumb","itemListElement":[{"@type":"ListItem","position":1,"name":"Inicio","item":"https:\/\/periodicorealidades.com\/"},{"@type":"ListItem","position":2,"name":"Quien tenga doble nacionalidad no podr\u00e1 ser ni presidente ni senador"}]},{"@type":"WebSite","@id":"https:\/\/periodicorealidades.com\/#website","url":"https:\/\/periodicorealidades.com\/","name":"Peri\u00f3dico Realidades","description":"M\u00e9dio de comunicaci\u00f3n en Nayarit","publisher":{"@id":"https:\/\/periodicorealidades.com\/#organization"},"potentialAction":[{"@type":"SearchAction","target":{"@type":"EntryPoint","urlTemplate":"https:\/\/periodicorealidades.com\/?s={search_term_string}"},"query-input":{"@type":"PropertyValueSpecification","valueRequired":true,"valueName":"search_term_string"}}],"inLanguage":"es"},{"@type":"Organization","@id":"https:\/\/periodicorealidades.com\/#organization","name":"Peri\u00f3dico Realidades","url":"https:\/\/periodicorealidades.com\/","logo":{"@type":"ImageObject","inLanguage":"es","@id":"https:\/\/periodicorealidades.com\/#\/schema\/logo\/image\/","url":"https:\/\/periodicorealidades.com\/wp-content\/uploads\/2023\/05\/r-prueba.png","contentUrl":"https:\/\/periodicorealidades.com\/wp-content\/uploads\/2023\/05\/r-prueba.png","width":709,"height":709,"caption":"Peri\u00f3dico Realidades"},"image":{"@id":"https:\/\/periodicorealidades.com\/#\/schema\/logo\/image\/"},"sameAs":["https:\/\/www.facebook.com\/periodicorealidades.denayarit?mibextid=LQQJ4d"]},{"@type":"Person","@id":"https:\/\/periodicorealidades.com\/#\/schema\/person\/c27da34ee13acaec3162071a3e1c7832","name":"editor","image":{"@type":"ImageObject","inLanguage":"es","@id":"https:\/\/secure.gravatar.com\/avatar\/dda3c3f59ea25f4b53cd53df977b0b2628039b17268e57c944a79a00e8a56e26?s=96&d=mm&r=g","url":"https:\/\/secure.gravatar.com\/avatar\/dda3c3f59ea25f4b53cd53df977b0b2628039b17268e57c944a79a00e8a56e26?s=96&d=mm&r=g","contentUrl":"https:\/\/secure.gravatar.com\/avatar\/dda3c3f59ea25f4b53cd53df977b0b2628039b17268e57c944a79a00e8a56e26?s=96&d=mm&r=g","caption":"editor"},"url":"https:\/\/periodicorealidades.com\/index.php\/author\/editor\/"}]}},"_links":{"self":[{"href":"https:\/\/periodicorealidades.com\/index.php\/wp-json\/wp\/v2\/posts\/77817","targetHints":{"allow":["GET"]}}],"collection":[{"href":"https:\/\/periodicorealidades.com\/index.php\/wp-json\/wp\/v2\/posts"}],"about":[{"href":"https:\/\/periodicorealidades.com\/index.php\/wp-json\/wp\/v2\/types\/post"}],"author":[{"embeddable":true,"href":"https:\/\/periodicorealidades.com\/index.php\/wp-json\/wp\/v2\/users\/2"}],"replies":[{"embeddable":true,"href":"https:\/\/periodicorealidades.com\/index.php\/wp-json\/wp\/v2\/comments?post=77817"}],"version-history":[{"count":1,"href":"https:\/\/periodicorealidades.com\/index.php\/wp-json\/wp\/v2\/posts\/77817\/revisions"}],"predecessor-version":[{"id":77818,"href":"https:\/\/periodicorealidades.com\/index.php\/wp-json\/wp\/v2\/posts\/77817\/revisions\/77818"}],"wp:featuredmedia":[{"embeddable":true,"href":"https:\/\/periodicorealidades.com\/index.php\/wp-json\/wp\/v2\/media\/74595"}],"wp:attachment":[{"href":"https:\/\/periodicorealidades.com\/index.php\/wp-json\/wp\/v2\/media?parent=77817"}],"wp:term":[{"taxonomy":"category","embeddable":true,"href":"https:\/\/periodicorealidades.com\/index.php\/wp-json\/wp\/v2\/categories?post=77817"},{"taxonomy":"post_tag","embeddable":true,"href":"https:\/\/periodicorealidades.com\/index.php\/wp-json\/wp\/v2\/tags?post=77817"}],"curies":[{"name":"wp","href":"https:\/\/api.w.org\/{rel}","templated":true}]}}