{"id":77822,"date":"2026-08-31T22:37:08","date_gmt":"2026-09-01T05:37:08","guid":{"rendered":"https:\/\/periodicorealidades.com\/?p=77822"},"modified":"2026-08-31T22:37:10","modified_gmt":"2026-09-01T05:37:10","slug":"mantienen-operativo-en-tuxpan-luego-del-enfrentamiento","status":"publish","type":"post","link":"https:\/\/periodicorealidades.com\/index.php\/2026\/08\/31\/mantienen-operativo-en-tuxpan-luego-del-enfrentamiento\/","title":{"rendered":"Mantienen operativo en Tuxpan luego del enfrentamiento"},"content":{"rendered":"\n<p class=\"wp-block-paragraph\">El gobernador Miguel \u00c1ngel Navarro Quintero inform\u00f3 que contin\u00faan los operativos de seguridad en el municipio de Tuxpan, luego del enfrentamiento registrado la noche del domingo entre elementos municipales y estatales y un grupo de hombres armados.<\/p>\n\n\n\n<p class=\"wp-block-paragraph\">Por: Arcelia Garc\u00eda Ortega<\/p>\n\n\n\n<p class=\"wp-block-paragraph\">Tepic, Nayarit; martes, 01 de septiembre del 2026.-&nbsp; De acuerdo con el mandatario, los agentes realizaban labores preventivas cuando fueron atacados a balazos desde un veh\u00edculo, lo que provoc\u00f3 un intercambio de disparos.<\/p>\n\n\n\n<p class=\"wp-block-paragraph\">Durante los hechos, dos presuntos agresores resultaron heridos y fueron trasladados a un hospital, donde posteriormente perdieron la vida. Adem\u00e1s, las autoridades aseguraron armas, proyectiles y veh\u00edculos que contaban con reporte de robo.<\/p>\n\n\n\n<p class=\"wp-block-paragraph\">Navarro Quintero se\u00f1al\u00f3 que las corporaciones mantienen recorridos y acciones de b\u00fasqueda para localizar a otras personas que presuntamente participaron en la agresi\u00f3n, adem\u00e1s de continuar con las investigaciones correspondientes.<\/p>\n\n\n\n<p class=\"wp-block-paragraph\">El gobernador destac\u00f3 que en las tareas de vigilancia se utilizan drones y otros recursos tecnol\u00f3gicos para ampliar la cobertura en zonas consideradas prioritarias, principalmente aquellas de dif\u00edcil acceso.<\/p>\n\n\n\n<p class=\"wp-block-paragraph\">Como parte de estas acciones, mencion\u00f3 que en La Yesca fueron retirados equipos de comunicaci\u00f3n que presuntamente hab\u00edan sido instalados para apoyar actividades de grupos delictivos.<\/p>\n\n\n\n<p class=\"wp-block-paragraph\">Ante este escenario, Navarro Quintero dijo haber solicitado al Gobierno Federal fortalecer el equipamiento de las entidades con helic\u00f3pteros, al considerar que estas aeronaves podr\u00edan utilizarse tanto en operativos de seguridad como en el traslado de pacientes, atenci\u00f3n de emergencias y combate de incendios.<\/p>\n\n\n\n<p class=\"wp-block-paragraph\">Explic\u00f3 que contar con mayor capacidad a\u00e9rea permitir\u00eda mejorar la respuesta en comunidades serranas y regiones alejadas, donde tambi\u00e9n se requiere garantizar el traslado de trabajadores y el suministro de alimentos, medicamentos y otros apoyos para la poblaci\u00f3n.<\/p>\n","protected":false},"excerpt":{"rendered":"<p>El gobernador Miguel \u00c1ngel Navarro Quintero inform\u00f3 que contin\u00faan los operativos de seguridad en el municipio de Tuxpan, luego del enfrentamiento registrado la noche del domingo entre elementos municipales y estatales y un grupo de hombres armados. Por: Arcelia Garc\u00eda Ortega Tepic, Nayarit; martes, 01 de septiembre del 2026.-&nbsp; De acuerdo con el mandatario, los [&hellip;]<\/p>\n","protected":false},"author":2,"featured_media":77823,"comment_status":"closed","ping_status":"open","sticky":false,"template":"","format":"standard","meta":{"footnotes":""},"categories":[8,4],"tags":[],"class_list":["post-77822","post","type-post","status-publish","format-standard","has-post-thumbnail","category-municipios","category-principal"],"yoast_head":"<!-- This site is optimized with the Yoast SEO plugin v28.3 - https:\/\/yoast.com\/product\/yoast-seo-wordpress\/ -->\n<title>Mantienen operativo en Tuxpan luego del enfrentamiento - Peri\u00f3dico Realidades<\/title>\n<meta name=\"robots\" content=\"index, follow, max-snippet:-1, max-image-preview:large, max-video-preview:-1\" \/>\n<link rel=\"canonical\" href=\"https:\/\/periodicorealidades.com\/index.php\/2026\/08\/31\/mantienen-operativo-en-tuxpan-luego-del-enfrentamiento\/\" \/>\n<meta property=\"og:locale\" content=\"es_MX\" \/>\n<meta property=\"og:type\" content=\"article\" \/>\n<meta property=\"og:title\" content=\"Mantienen operativo en Tuxpan luego del enfrentamiento - Peri\u00f3dico Realidades\" \/>\n<meta property=\"og:description\" content=\"El gobernador Miguel \u00c1ngel Navarro Quintero inform\u00f3 que contin\u00faan los operativos de seguridad en el municipio de Tuxpan, luego del enfrentamiento registrado la noche del domingo entre elementos municipales y estatales y un grupo de hombres armados. Por: Arcelia Garc\u00eda Ortega Tepic, Nayarit; martes, 01 de septiembre del 2026.-&nbsp; De acuerdo con el mandatario, los [&hellip;]\" \/>\n<meta property=\"og:url\" content=\"https:\/\/periodicorealidades.com\/index.php\/2026\/08\/31\/mantienen-operativo-en-tuxpan-luego-del-enfrentamiento\/\" \/>\n<meta property=\"og:site_name\" content=\"Peri\u00f3dico Realidades\" \/>\n<meta property=\"article:publisher\" content=\"https:\/\/www.facebook.com\/periodicorealidades.denayarit?mibextid=LQQJ4d\" \/>\n<meta property=\"article:published_time\" content=\"2026-09-01T05:37:08+00:00\" \/>\n<meta property=\"article:modified_time\" content=\"2026-09-01T05:37:10+00:00\" \/>\n<meta property=\"og:image\" content=\"https:\/\/periodicorealidades.com\/wp-content\/uploads\/2026\/08\/PATRULLA.jpg\" \/>\n\t<meta property=\"og:image:width\" content=\"496\" \/>\n\t<meta property=\"og:image:height\" content=\"277\" \/>\n\t<meta property=\"og:image:type\" content=\"image\/jpeg\" \/>\n<meta name=\"author\" content=\"editor\" \/>\n<meta name=\"twitter:card\" content=\"summary_large_image\" \/>\n<meta name=\"twitter:label1\" content=\"Escrito por\" \/>\n\t<meta name=\"twitter:data1\" content=\"editor\" \/>\n\t<meta name=\"twitter:label2\" content=\"Tiempo de lectura\" \/>\n\t<meta name=\"twitter:data2\" content=\"2 minutos\" \/>\n<script type=\"application\/ld+json\" class=\"yoast-schema-graph\">{\"@context\":\"https:\\\/\\\/schema.org\",\"@graph\":[{\"@type\":\"Article\",\"@id\":\"https:\\\/\\\/periodicorealidades.com\\\/index.php\\\/2026\\\/08\\\/31\\\/mantienen-operativo-en-tuxpan-luego-del-enfrentamiento\\\/#article\",\"isPartOf\":{\"@id\":\"https:\\\/\\\/periodicorealidades.com\\\/index.php\\\/2026\\\/08\\\/31\\\/mantienen-operativo-en-tuxpan-luego-del-enfrentamiento\\\/\"},\"author\":{\"name\":\"editor\",\"@id\":\"https:\\\/\\\/periodicorealidades.com\\\/#\\\/schema\\\/person\\\/c27da34ee13acaec3162071a3e1c7832\"},\"headline\":\"Mantienen operativo en Tuxpan luego del enfrentamiento\",\"datePublished\":\"2026-09-01T05:37:08+00:00\",\"dateModified\":\"2026-09-01T05:37:10+00:00\",\"mainEntityOfPage\":{\"@id\":\"https:\\\/\\\/periodicorealidades.com\\\/index.php\\\/2026\\\/08\\\/31\\\/mantienen-operativo-en-tuxpan-luego-del-enfrentamiento\\\/\"},\"wordCount\":301,\"publisher\":{\"@id\":\"https:\\\/\\\/periodicorealidades.com\\\/#organization\"},\"image\":{\"@id\":\"https:\\\/\\\/periodicorealidades.com\\\/index.php\\\/2026\\\/08\\\/31\\\/mantienen-operativo-en-tuxpan-luego-del-enfrentamiento\\\/#primaryimage\"},\"thumbnailUrl\":\"https:\\\/\\\/periodicorealidades.com\\\/wp-content\\\/uploads\\\/2026\\\/08\\\/PATRULLA.jpg\",\"articleSection\":[\"Municipios\",\"Principal\"],\"inLanguage\":\"es\"},{\"@type\":\"WebPage\",\"@id\":\"https:\\\/\\\/periodicorealidades.com\\\/index.php\\\/2026\\\/08\\\/31\\\/mantienen-operativo-en-tuxpan-luego-del-enfrentamiento\\\/\",\"url\":\"https:\\\/\\\/periodicorealidades.com\\\/index.php\\\/2026\\\/08\\\/31\\\/mantienen-operativo-en-tuxpan-luego-del-enfrentamiento\\\/\",\"name\":\"Mantienen operativo en Tuxpan luego del enfrentamiento - Peri\u00f3dico Realidades\",\"isPartOf\":{\"@id\":\"https:\\\/\\\/periodicorealidades.com\\\/#website\"},\"primaryImageOfPage\":{\"@id\":\"https:\\\/\\\/periodicorealidades.com\\\/index.php\\\/2026\\\/08\\\/31\\\/mantienen-operativo-en-tuxpan-luego-del-enfrentamiento\\\/#primaryimage\"},\"image\":{\"@id\":\"https:\\\/\\\/periodicorealidades.com\\\/index.php\\\/2026\\\/08\\\/31\\\/mantienen-operativo-en-tuxpan-luego-del-enfrentamiento\\\/#primaryimage\"},\"thumbnailUrl\":\"https:\\\/\\\/periodicorealidades.com\\\/wp-content\\\/uploads\\\/2026\\\/08\\\/PATRULLA.jpg\",\"datePublished\":\"2026-09-01T05:37:08+00:00\",\"dateModified\":\"2026-09-01T05:37:10+00:00\",\"breadcrumb\":{\"@id\":\"https:\\\/\\\/periodicorealidades.com\\\/index.php\\\/2026\\\/08\\\/31\\\/mantienen-operativo-en-tuxpan-luego-del-enfrentamiento\\\/#breadcrumb\"},\"inLanguage\":\"es\",\"potentialAction\":[{\"@type\":\"ReadAction\",\"target\":[\"https:\\\/\\\/periodicorealidades.com\\\/index.php\\\/2026\\\/08\\\/31\\\/mantienen-operativo-en-tuxpan-luego-del-enfrentamiento\\\/\"]}]},{\"@type\":\"ImageObject\",\"inLanguage\":\"es\",\"@id\":\"https:\\\/\\\/periodicorealidades.com\\\/index.php\\\/2026\\\/08\\\/31\\\/mantienen-operativo-en-tuxpan-luego-del-enfrentamiento\\\/#primaryimage\",\"url\":\"https:\\\/\\\/periodicorealidades.com\\\/wp-content\\\/uploads\\\/2026\\\/08\\\/PATRULLA.jpg\",\"contentUrl\":\"https:\\\/\\\/periodicorealidades.com\\\/wp-content\\\/uploads\\\/2026\\\/08\\\/PATRULLA.jpg\",\"width\":496,\"height\":277},{\"@type\":\"BreadcrumbList\",\"@id\":\"https:\\\/\\\/periodicorealidades.com\\\/index.php\\\/2026\\\/08\\\/31\\\/mantienen-operativo-en-tuxpan-luego-del-enfrentamiento\\\/#breadcrumb\",\"itemListElement\":[{\"@type\":\"ListItem\",\"position\":1,\"name\":\"Inicio\",\"item\":\"https:\\\/\\\/periodicorealidades.com\\\/\"},{\"@type\":\"ListItem\",\"position\":2,\"name\":\"Mantienen operativo en Tuxpan luego del enfrentamiento\"}]},{\"@type\":\"WebSite\",\"@id\":\"https:\\\/\\\/periodicorealidades.com\\\/#website\",\"url\":\"https:\\\/\\\/periodicorealidades.com\\\/\",\"name\":\"Peri\u00f3dico Realidades\",\"description\":\"M\u00e9dio de comunicaci\u00f3n en Nayarit\",\"publisher\":{\"@id\":\"https:\\\/\\\/periodicorealidades.com\\\/#organization\"},\"potentialAction\":[{\"@type\":\"SearchAction\",\"target\":{\"@type\":\"EntryPoint\",\"urlTemplate\":\"https:\\\/\\\/periodicorealidades.com\\\/?s={search_term_string}\"},\"query-input\":{\"@type\":\"PropertyValueSpecification\",\"valueRequired\":true,\"valueName\":\"search_term_string\"}}],\"inLanguage\":\"es\"},{\"@type\":\"Organization\",\"@id\":\"https:\\\/\\\/periodicorealidades.com\\\/#organization\",\"name\":\"Peri\u00f3dico Realidades\",\"url\":\"https:\\\/\\\/periodicorealidades.com\\\/\",\"logo\":{\"@type\":\"ImageObject\",\"inLanguage\":\"es\",\"@id\":\"https:\\\/\\\/periodicorealidades.com\\\/#\\\/schema\\\/logo\\\/image\\\/\",\"url\":\"https:\\\/\\\/periodicorealidades.com\\\/wp-content\\\/uploads\\\/2023\\\/05\\\/r-prueba.png\",\"contentUrl\":\"https:\\\/\\\/periodicorealidades.com\\\/wp-content\\\/uploads\\\/2023\\\/05\\\/r-prueba.png\",\"width\":709,\"height\":709,\"caption\":\"Peri\u00f3dico Realidades\"},\"image\":{\"@id\":\"https:\\\/\\\/periodicorealidades.com\\\/#\\\/schema\\\/logo\\\/image\\\/\"},\"sameAs\":[\"https:\\\/\\\/www.facebook.com\\\/periodicorealidades.denayarit?mibextid=LQQJ4d\"]},{\"@type\":\"Person\",\"@id\":\"https:\\\/\\\/periodicorealidades.com\\\/#\\\/schema\\\/person\\\/c27da34ee13acaec3162071a3e1c7832\",\"name\":\"editor\",\"image\":{\"@type\":\"ImageObject\",\"inLanguage\":\"es\",\"@id\":\"https:\\\/\\\/secure.gravatar.com\\\/avatar\\\/dda3c3f59ea25f4b53cd53df977b0b2628039b17268e57c944a79a00e8a56e26?s=96&d=mm&r=g\",\"url\":\"https:\\\/\\\/secure.gravatar.com\\\/avatar\\\/dda3c3f59ea25f4b53cd53df977b0b2628039b17268e57c944a79a00e8a56e26?s=96&d=mm&r=g\",\"contentUrl\":\"https:\\\/\\\/secure.gravatar.com\\\/avatar\\\/dda3c3f59ea25f4b53cd53df977b0b2628039b17268e57c944a79a00e8a56e26?s=96&d=mm&r=g\",\"caption\":\"editor\"},\"url\":\"https:\\\/\\\/periodicorealidades.com\\\/index.php\\\/author\\\/editor\\\/\"}]}<\/script>\n<!-- \/ Yoast SEO plugin. -->","yoast_head_json":{"title":"Mantienen operativo en Tuxpan luego del enfrentamiento - Peri\u00f3dico Realidades","robots":{"index":"index","follow":"follow","max-snippet":"max-snippet:-1","max-image-preview":"max-image-preview:large","max-video-preview":"max-video-preview:-1"},"canonical":"https:\/\/periodicorealidades.com\/index.php\/2026\/08\/31\/mantienen-operativo-en-tuxpan-luego-del-enfrentamiento\/","og_locale":"es_MX","og_type":"article","og_title":"Mantienen operativo en Tuxpan luego del enfrentamiento - Peri\u00f3dico Realidades","og_description":"El gobernador Miguel \u00c1ngel Navarro Quintero inform\u00f3 que contin\u00faan los operativos de seguridad en el municipio de Tuxpan, luego del enfrentamiento registrado la noche del domingo entre elementos municipales y estatales y un grupo de hombres armados. Por: Arcelia Garc\u00eda Ortega Tepic, Nayarit; martes, 01 de septiembre del 2026.-&nbsp; De acuerdo con el mandatario, los [&hellip;]","og_url":"https:\/\/periodicorealidades.com\/index.php\/2026\/08\/31\/mantienen-operativo-en-tuxpan-luego-del-enfrentamiento\/","og_site_name":"Peri\u00f3dico Realidades","article_publisher":"https:\/\/www.facebook.com\/periodicorealidades.denayarit?mibextid=LQQJ4d","article_published_time":"2026-09-01T05:37:08+00:00","article_modified_time":"2026-09-01T05:37:10+00:00","og_image":[{"width":496,"height":277,"url":"https:\/\/periodicorealidades.com\/wp-content\/uploads\/2026\/08\/PATRULLA.jpg","type":"image\/jpeg"}],"author":"editor","twitter_card":"summary_large_image","twitter_misc":{"Escrito por":"editor","Tiempo de lectura":"2 minutos"},"schema":{"@context":"https:\/\/schema.org","@graph":[{"@type":"Article","@id":"https:\/\/periodicorealidades.com\/index.php\/2026\/08\/31\/mantienen-operativo-en-tuxpan-luego-del-enfrentamiento\/#article","isPartOf":{"@id":"https:\/\/periodicorealidades.com\/index.php\/2026\/08\/31\/mantienen-operativo-en-tuxpan-luego-del-enfrentamiento\/"},"author":{"name":"editor","@id":"https:\/\/periodicorealidades.com\/#\/schema\/person\/c27da34ee13acaec3162071a3e1c7832"},"headline":"Mantienen operativo en Tuxpan luego del enfrentamiento","datePublished":"2026-09-01T05:37:08+00:00","dateModified":"2026-09-01T05:37:10+00:00","mainEntityOfPage":{"@id":"https:\/\/periodicorealidades.com\/index.php\/2026\/08\/31\/mantienen-operativo-en-tuxpan-luego-del-enfrentamiento\/"},"wordCount":301,"publisher":{"@id":"https:\/\/periodicorealidades.com\/#organization"},"image":{"@id":"https:\/\/periodicorealidades.com\/index.php\/2026\/08\/31\/mantienen-operativo-en-tuxpan-luego-del-enfrentamiento\/#primaryimage"},"thumbnailUrl":"https:\/\/periodicorealidades.com\/wp-content\/uploads\/2026\/08\/PATRULLA.jpg","articleSection":["Municipios","Principal"],"inLanguage":"es"},{"@type":"WebPage","@id":"https:\/\/periodicorealidades.com\/index.php\/2026\/08\/31\/mantienen-operativo-en-tuxpan-luego-del-enfrentamiento\/","url":"https:\/\/periodicorealidades.com\/index.php\/2026\/08\/31\/mantienen-operativo-en-tuxpan-luego-del-enfrentamiento\/","name":"Mantienen operativo en Tuxpan luego del enfrentamiento - Peri\u00f3dico Realidades","isPartOf":{"@id":"https:\/\/periodicorealidades.com\/#website"},"primaryImageOfPage":{"@id":"https:\/\/periodicorealidades.com\/index.php\/2026\/08\/31\/mantienen-operativo-en-tuxpan-luego-del-enfrentamiento\/#primaryimage"},"image":{"@id":"https:\/\/periodicorealidades.com\/index.php\/2026\/08\/31\/mantienen-operativo-en-tuxpan-luego-del-enfrentamiento\/#primaryimage"},"thumbnailUrl":"https:\/\/periodicorealidades.com\/wp-content\/uploads\/2026\/08\/PATRULLA.jpg","datePublished":"2026-09-01T05:37:08+00:00","dateModified":"2026-09-01T05:37:10+00:00","breadcrumb":{"@id":"https:\/\/periodicorealidades.com\/index.php\/2026\/08\/31\/mantienen-operativo-en-tuxpan-luego-del-enfrentamiento\/#breadcrumb"},"inLanguage":"es","potentialAction":[{"@type":"ReadAction","target":["https:\/\/periodicorealidades.com\/index.php\/2026\/08\/31\/mantienen-operativo-en-tuxpan-luego-del-enfrentamiento\/"]}]},{"@type":"ImageObject","inLanguage":"es","@id":"https:\/\/periodicorealidades.com\/index.php\/2026\/08\/31\/mantienen-operativo-en-tuxpan-luego-del-enfrentamiento\/#primaryimage","url":"https:\/\/periodicorealidades.com\/wp-content\/uploads\/2026\/08\/PATRULLA.jpg","contentUrl":"https:\/\/periodicorealidades.com\/wp-content\/uploads\/2026\/08\/PATRULLA.jpg","width":496,"height":277},{"@type":"BreadcrumbList","@id":"https:\/\/periodicorealidades.com\/index.php\/2026\/08\/31\/mantienen-operativo-en-tuxpan-luego-del-enfrentamiento\/#breadcrumb","itemListElement":[{"@type":"ListItem","position":1,"name":"Inicio","item":"https:\/\/periodicorealidades.com\/"},{"@type":"ListItem","position":2,"name":"Mantienen operativo en Tuxpan luego del enfrentamiento"}]},{"@type":"WebSite","@id":"https:\/\/periodicorealidades.com\/#website","url":"https:\/\/periodicorealidades.com\/","name":"Peri\u00f3dico Realidades","description":"M\u00e9dio de comunicaci\u00f3n en Nayarit","publisher":{"@id":"https:\/\/periodicorealidades.com\/#organization"},"potentialAction":[{"@type":"SearchAction","target":{"@type":"EntryPoint","urlTemplate":"https:\/\/periodicorealidades.com\/?s={search_term_string}"},"query-input":{"@type":"PropertyValueSpecification","valueRequired":true,"valueName":"search_term_string"}}],"inLanguage":"es"},{"@type":"Organization","@id":"https:\/\/periodicorealidades.com\/#organization","name":"Peri\u00f3dico Realidades","url":"https:\/\/periodicorealidades.com\/","logo":{"@type":"ImageObject","inLanguage":"es","@id":"https:\/\/periodicorealidades.com\/#\/schema\/logo\/image\/","url":"https:\/\/periodicorealidades.com\/wp-content\/uploads\/2023\/05\/r-prueba.png","contentUrl":"https:\/\/periodicorealidades.com\/wp-content\/uploads\/2023\/05\/r-prueba.png","width":709,"height":709,"caption":"Peri\u00f3dico Realidades"},"image":{"@id":"https:\/\/periodicorealidades.com\/#\/schema\/logo\/image\/"},"sameAs":["https:\/\/www.facebook.com\/periodicorealidades.denayarit?mibextid=LQQJ4d"]},{"@type":"Person","@id":"https:\/\/periodicorealidades.com\/#\/schema\/person\/c27da34ee13acaec3162071a3e1c7832","name":"editor","image":{"@type":"ImageObject","inLanguage":"es","@id":"https:\/\/secure.gravatar.com\/avatar\/dda3c3f59ea25f4b53cd53df977b0b2628039b17268e57c944a79a00e8a56e26?s=96&d=mm&r=g","url":"https:\/\/secure.gravatar.com\/avatar\/dda3c3f59ea25f4b53cd53df977b0b2628039b17268e57c944a79a00e8a56e26?s=96&d=mm&r=g","contentUrl":"https:\/\/secure.gravatar.com\/avatar\/dda3c3f59ea25f4b53cd53df977b0b2628039b17268e57c944a79a00e8a56e26?s=96&d=mm&r=g","caption":"editor"},"url":"https:\/\/periodicorealidades.com\/index.php\/author\/editor\/"}]}},"_links":{"self":[{"href":"https:\/\/periodicorealidades.com\/index.php\/wp-json\/wp\/v2\/posts\/77822","targetHints":{"allow":["GET"]}}],"collection":[{"href":"https:\/\/periodicorealidades.com\/index.php\/wp-json\/wp\/v2\/posts"}],"about":[{"href":"https:\/\/periodicorealidades.com\/index.php\/wp-json\/wp\/v2\/types\/post"}],"author":[{"embeddable":true,"href":"https:\/\/periodicorealidades.com\/index.php\/wp-json\/wp\/v2\/users\/2"}],"replies":[{"embeddable":true,"href":"https:\/\/periodicorealidades.com\/index.php\/wp-json\/wp\/v2\/comments?post=77822"}],"version-history":[{"count":1,"href":"https:\/\/periodicorealidades.com\/index.php\/wp-json\/wp\/v2\/posts\/77822\/revisions"}],"predecessor-version":[{"id":77824,"href":"https:\/\/periodicorealidades.com\/index.php\/wp-json\/wp\/v2\/posts\/77822\/revisions\/77824"}],"wp:featuredmedia":[{"embeddable":true,"href":"https:\/\/periodicorealidades.com\/index.php\/wp-json\/wp\/v2\/media\/77823"}],"wp:attachment":[{"href":"https:\/\/periodicorealidades.com\/index.php\/wp-json\/wp\/v2\/media?parent=77822"}],"wp:term":[{"taxonomy":"category","embeddable":true,"href":"https:\/\/periodicorealidades.com\/index.php\/wp-json\/wp\/v2\/categories?post=77822"},{"taxonomy":"post_tag","embeddable":true,"href":"https:\/\/periodicorealidades.com\/index.php\/wp-json\/wp\/v2\/tags?post=77822"}],"curies":[{"name":"wp","href":"https:\/\/api.w.org\/{rel}","templated":true}]}}