{"id":77825,"date":"2026-08-31T22:41:41","date_gmt":"2026-09-01T05:41:41","guid":{"rendered":"https:\/\/periodicorealidades.com\/?p=77825"},"modified":"2026-08-31T22:41:42","modified_gmt":"2026-09-01T05:41:42","slug":"seguridad-integral-en-nayarit-combatir-delitos-proteger-derechos-acercar-servicios-a-ciudadanos","status":"publish","type":"post","link":"https:\/\/periodicorealidades.com\/index.php\/2026\/08\/31\/seguridad-integral-en-nayarit-combatir-delitos-proteger-derechos-acercar-servicios-a-ciudadanos\/","title":{"rendered":"Seguridad integral en Nayarit: combatir delitos, proteger derechos, acercar servicios a ciudadanos"},"content":{"rendered":"\n<p class=\"wp-block-paragraph\">Gobierno del Estado fortalece la coordinaci\u00f3n institucional para preservar la paz y seguridad en Nayarit.<\/p>\n\n\n\n<figure class=\"wp-block-gallery has-nested-images columns-default is-cropped wp-block-gallery-1 is-layout-flex wp-block-gallery-is-layout-flex\">\n<figure class=\"wp-block-image size-large\"><img loading=\"lazy\" decoding=\"async\" width=\"869\" height=\"984\" data-id=\"77826\" src=\"https:\/\/periodicorealidades.com\/wp-content\/uploads\/2026\/08\/WhatsApp-Image-2026-08-31-at-9.40.54-PM-1.jpeg\" alt=\"\" class=\"wp-image-77826\" srcset=\"https:\/\/periodicorealidades.com\/wp-content\/uploads\/2026\/08\/WhatsApp-Image-2026-08-31-at-9.40.54-PM-1.jpeg 869w, https:\/\/periodicorealidades.com\/wp-content\/uploads\/2026\/08\/WhatsApp-Image-2026-08-31-at-9.40.54-PM-1-265x300.jpeg 265w, https:\/\/periodicorealidades.com\/wp-content\/uploads\/2026\/08\/WhatsApp-Image-2026-08-31-at-9.40.54-PM-1-768x870.jpeg 768w, https:\/\/periodicorealidades.com\/wp-content\/uploads\/2026\/08\/WhatsApp-Image-2026-08-31-at-9.40.54-PM-1-696x788.jpeg 696w\" sizes=\"auto, (max-width: 869px) 100vw, 869px\" \/><\/figure>\n\n\n\n<figure class=\"wp-block-image size-large\"><img loading=\"lazy\" decoding=\"async\" width=\"1024\" height=\"576\" data-id=\"77827\" src=\"https:\/\/periodicorealidades.com\/wp-content\/uploads\/2026\/08\/WhatsApp-Image-2026-08-31-at-9.40.54-PM-2-1024x576.jpeg\" alt=\"\" class=\"wp-image-77827\" srcset=\"https:\/\/periodicorealidades.com\/wp-content\/uploads\/2026\/08\/WhatsApp-Image-2026-08-31-at-9.40.54-PM-2-1024x576.jpeg 1024w, https:\/\/periodicorealidades.com\/wp-content\/uploads\/2026\/08\/WhatsApp-Image-2026-08-31-at-9.40.54-PM-2-300x169.jpeg 300w, https:\/\/periodicorealidades.com\/wp-content\/uploads\/2026\/08\/WhatsApp-Image-2026-08-31-at-9.40.54-PM-2-768x432.jpeg 768w, https:\/\/periodicorealidades.com\/wp-content\/uploads\/2026\/08\/WhatsApp-Image-2026-08-31-at-9.40.54-PM-2-696x392.jpeg 696w, https:\/\/periodicorealidades.com\/wp-content\/uploads\/2026\/08\/WhatsApp-Image-2026-08-31-at-9.40.54-PM-2-1068x601.jpeg 1068w, https:\/\/periodicorealidades.com\/wp-content\/uploads\/2026\/08\/WhatsApp-Image-2026-08-31-at-9.40.54-PM-2.jpeg 1280w\" sizes=\"auto, (max-width: 1024px) 100vw, 1024px\" \/><\/figure>\n\n\n\n<figure class=\"wp-block-image size-large\"><img loading=\"lazy\" decoding=\"async\" width=\"999\" height=\"646\" data-id=\"77829\" src=\"https:\/\/periodicorealidades.com\/wp-content\/uploads\/2026\/08\/WhatsApp-Image-2026-08-31-at-9.40.54-PM.jpeg\" alt=\"\" class=\"wp-image-77829\" srcset=\"https:\/\/periodicorealidades.com\/wp-content\/uploads\/2026\/08\/WhatsApp-Image-2026-08-31-at-9.40.54-PM.jpeg 999w, https:\/\/periodicorealidades.com\/wp-content\/uploads\/2026\/08\/WhatsApp-Image-2026-08-31-at-9.40.54-PM-300x194.jpeg 300w, https:\/\/periodicorealidades.com\/wp-content\/uploads\/2026\/08\/WhatsApp-Image-2026-08-31-at-9.40.54-PM-768x497.jpeg 768w, https:\/\/periodicorealidades.com\/wp-content\/uploads\/2026\/08\/WhatsApp-Image-2026-08-31-at-9.40.54-PM-696x450.jpeg 696w\" sizes=\"auto, (max-width: 999px) 100vw, 999px\" \/><\/figure>\n\n\n\n<figure class=\"wp-block-image size-large\"><img loading=\"lazy\" decoding=\"async\" width=\"1024\" height=\"614\" data-id=\"77830\" src=\"https:\/\/periodicorealidades.com\/wp-content\/uploads\/2026\/08\/WhatsApp-Image-2026-08-31-at-9.40.55-PM-1-1024x614.jpeg\" alt=\"\" class=\"wp-image-77830\" srcset=\"https:\/\/periodicorealidades.com\/wp-content\/uploads\/2026\/08\/WhatsApp-Image-2026-08-31-at-9.40.55-PM-1-1024x614.jpeg 1024w, https:\/\/periodicorealidades.com\/wp-content\/uploads\/2026\/08\/WhatsApp-Image-2026-08-31-at-9.40.55-PM-1-300x180.jpeg 300w, https:\/\/periodicorealidades.com\/wp-content\/uploads\/2026\/08\/WhatsApp-Image-2026-08-31-at-9.40.55-PM-1-768x461.jpeg 768w, https:\/\/periodicorealidades.com\/wp-content\/uploads\/2026\/08\/WhatsApp-Image-2026-08-31-at-9.40.55-PM-1-696x417.jpeg 696w, https:\/\/periodicorealidades.com\/wp-content\/uploads\/2026\/08\/WhatsApp-Image-2026-08-31-at-9.40.55-PM-1-1068x640.jpeg 1068w, https:\/\/periodicorealidades.com\/wp-content\/uploads\/2026\/08\/WhatsApp-Image-2026-08-31-at-9.40.55-PM-1.jpeg 1274w\" sizes=\"auto, (max-width: 1024px) 100vw, 1024px\" \/><\/figure>\n\n\n\n<figure class=\"wp-block-image size-large\"><img loading=\"lazy\" decoding=\"async\" width=\"1024\" height=\"842\" data-id=\"77831\" src=\"https:\/\/periodicorealidades.com\/wp-content\/uploads\/2026\/08\/WhatsApp-Image-2026-08-31-at-9.40.55-PM-2-1024x842.jpeg\" alt=\"\" class=\"wp-image-77831\" srcset=\"https:\/\/periodicorealidades.com\/wp-content\/uploads\/2026\/08\/WhatsApp-Image-2026-08-31-at-9.40.55-PM-2-1024x842.jpeg 1024w, https:\/\/periodicorealidades.com\/wp-content\/uploads\/2026\/08\/WhatsApp-Image-2026-08-31-at-9.40.55-PM-2-300x247.jpeg 300w, https:\/\/periodicorealidades.com\/wp-content\/uploads\/2026\/08\/WhatsApp-Image-2026-08-31-at-9.40.55-PM-2-768x631.jpeg 768w, https:\/\/periodicorealidades.com\/wp-content\/uploads\/2026\/08\/WhatsApp-Image-2026-08-31-at-9.40.55-PM-2-696x572.jpeg 696w, https:\/\/periodicorealidades.com\/wp-content\/uploads\/2026\/08\/WhatsApp-Image-2026-08-31-at-9.40.55-PM-2-1068x878.jpeg 1068w, https:\/\/periodicorealidades.com\/wp-content\/uploads\/2026\/08\/WhatsApp-Image-2026-08-31-at-9.40.55-PM-2.jpeg 1280w\" sizes=\"auto, (max-width: 1024px) 100vw, 1024px\" \/><\/figure>\n<\/figure>\n\n\n\n<p class=\"wp-block-paragraph\">Por: Bolet\u00ecn<\/p>\n\n\n\n<p class=\"wp-block-paragraph\">Tepic, Nayarit; martes, 01 de septiembre del 2026.- La Mesa Estatal de Construcci\u00f3n de Paz y Seguridad, presidida por el gobernador del estado, Miguel \u00c1ngel Navarro Quintero, dio seguimiento a las acciones de protecci\u00f3n, acompa\u00f1amiento y atenci\u00f3n que las instituciones realizan en favor de personas que, por sus condiciones familiares, sociales, de salud o por su ubicaci\u00f3n geogr\u00e1fica, requieren atenci\u00f3n prioritaria.<\/p>\n\n\n\n<p class=\"wp-block-paragraph\">Durante la sesi\u00f3n, se destac\u00f3 el acompa\u00f1amiento de seguridad brindado al personal del IMSS-Bienestar para el traslado de seis pacientes embarazadas desde la comunidad de Santa B\u00e1rbara hasta Jes\u00fas Mar\u00eda, en el municipio de Del Nayar, con el prop\u00f3sito de garantizar su llegada oportuna a los servicios m\u00e9dicos.<\/p>\n\n\n\n<figure class=\"wp-block-gallery has-nested-images columns-default is-cropped wp-block-gallery-2 is-layout-flex wp-block-gallery-is-layout-flex\">\n<figure class=\"wp-block-image size-large\"><img loading=\"lazy\" decoding=\"async\" width=\"1024\" height=\"768\" data-id=\"77832\" src=\"https:\/\/periodicorealidades.com\/wp-content\/uploads\/2026\/08\/WhatsApp-Image-2026-08-31-at-9.40.55-PM-1024x768.jpeg\" alt=\"\" class=\"wp-image-77832\" srcset=\"https:\/\/periodicorealidades.com\/wp-content\/uploads\/2026\/08\/WhatsApp-Image-2026-08-31-at-9.40.55-PM-1024x768.jpeg 1024w, https:\/\/periodicorealidades.com\/wp-content\/uploads\/2026\/08\/WhatsApp-Image-2026-08-31-at-9.40.55-PM-300x225.jpeg 300w, https:\/\/periodicorealidades.com\/wp-content\/uploads\/2026\/08\/WhatsApp-Image-2026-08-31-at-9.40.55-PM-768x576.jpeg 768w, https:\/\/periodicorealidades.com\/wp-content\/uploads\/2026\/08\/WhatsApp-Image-2026-08-31-at-9.40.55-PM-80x60.jpeg 80w, https:\/\/periodicorealidades.com\/wp-content\/uploads\/2026\/08\/WhatsApp-Image-2026-08-31-at-9.40.55-PM-696x522.jpeg 696w, https:\/\/periodicorealidades.com\/wp-content\/uploads\/2026\/08\/WhatsApp-Image-2026-08-31-at-9.40.55-PM-1068x801.jpeg 1068w, https:\/\/periodicorealidades.com\/wp-content\/uploads\/2026\/08\/WhatsApp-Image-2026-08-31-at-9.40.55-PM-265x198.jpeg 265w, https:\/\/periodicorealidades.com\/wp-content\/uploads\/2026\/08\/WhatsApp-Image-2026-08-31-at-9.40.55-PM.jpeg 1280w\" sizes=\"auto, (max-width: 1024px) 100vw, 1024px\" \/><\/figure>\n\n\n\n<figure class=\"wp-block-image size-large\"><img loading=\"lazy\" decoding=\"async\" width=\"1024\" height=\"768\" data-id=\"77833\" src=\"https:\/\/periodicorealidades.com\/wp-content\/uploads\/2026\/08\/WhatsApp-Image-2026-08-31-at-9.40.56-PM-1-1024x768.jpeg\" alt=\"\" class=\"wp-image-77833\" srcset=\"https:\/\/periodicorealidades.com\/wp-content\/uploads\/2026\/08\/WhatsApp-Image-2026-08-31-at-9.40.56-PM-1-1024x768.jpeg 1024w, https:\/\/periodicorealidades.com\/wp-content\/uploads\/2026\/08\/WhatsApp-Image-2026-08-31-at-9.40.56-PM-1-300x225.jpeg 300w, https:\/\/periodicorealidades.com\/wp-content\/uploads\/2026\/08\/WhatsApp-Image-2026-08-31-at-9.40.56-PM-1-768x576.jpeg 768w, https:\/\/periodicorealidades.com\/wp-content\/uploads\/2026\/08\/WhatsApp-Image-2026-08-31-at-9.40.56-PM-1-80x60.jpeg 80w, https:\/\/periodicorealidades.com\/wp-content\/uploads\/2026\/08\/WhatsApp-Image-2026-08-31-at-9.40.56-PM-1-696x522.jpeg 696w, https:\/\/periodicorealidades.com\/wp-content\/uploads\/2026\/08\/WhatsApp-Image-2026-08-31-at-9.40.56-PM-1-1068x801.jpeg 1068w, https:\/\/periodicorealidades.com\/wp-content\/uploads\/2026\/08\/WhatsApp-Image-2026-08-31-at-9.40.56-PM-1-265x198.jpeg 265w, https:\/\/periodicorealidades.com\/wp-content\/uploads\/2026\/08\/WhatsApp-Image-2026-08-31-at-9.40.56-PM-1.jpeg 1280w\" sizes=\"auto, (max-width: 1024px) 100vw, 1024px\" \/><\/figure>\n\n\n\n<figure class=\"wp-block-image size-large\"><img loading=\"lazy\" decoding=\"async\" width=\"1024\" height=\"575\" data-id=\"77834\" src=\"https:\/\/periodicorealidades.com\/wp-content\/uploads\/2026\/08\/WhatsApp-Image-2026-08-31-at-9.40.56-PM-2-1024x575.jpeg\" alt=\"\" class=\"wp-image-77834\" srcset=\"https:\/\/periodicorealidades.com\/wp-content\/uploads\/2026\/08\/WhatsApp-Image-2026-08-31-at-9.40.56-PM-2-1024x575.jpeg 1024w, https:\/\/periodicorealidades.com\/wp-content\/uploads\/2026\/08\/WhatsApp-Image-2026-08-31-at-9.40.56-PM-2-300x169.jpeg 300w, https:\/\/periodicorealidades.com\/wp-content\/uploads\/2026\/08\/WhatsApp-Image-2026-08-31-at-9.40.56-PM-2-768x431.jpeg 768w, https:\/\/periodicorealidades.com\/wp-content\/uploads\/2026\/08\/WhatsApp-Image-2026-08-31-at-9.40.56-PM-2-696x391.jpeg 696w, https:\/\/periodicorealidades.com\/wp-content\/uploads\/2026\/08\/WhatsApp-Image-2026-08-31-at-9.40.56-PM-2-1068x600.jpeg 1068w, https:\/\/periodicorealidades.com\/wp-content\/uploads\/2026\/08\/WhatsApp-Image-2026-08-31-at-9.40.56-PM-2.jpeg 1280w\" sizes=\"auto, (max-width: 1024px) 100vw, 1024px\" \/><\/figure>\n\n\n\n<figure class=\"wp-block-image size-large\"><img loading=\"lazy\" decoding=\"async\" width=\"1024\" height=\"768\" data-id=\"77835\" src=\"https:\/\/periodicorealidades.com\/wp-content\/uploads\/2026\/08\/WhatsApp-Image-2026-08-31-at-9.40.56-PM-1024x768.jpeg\" alt=\"\" class=\"wp-image-77835\" srcset=\"https:\/\/periodicorealidades.com\/wp-content\/uploads\/2026\/08\/WhatsApp-Image-2026-08-31-at-9.40.56-PM-1024x768.jpeg 1024w, https:\/\/periodicorealidades.com\/wp-content\/uploads\/2026\/08\/WhatsApp-Image-2026-08-31-at-9.40.56-PM-300x225.jpeg 300w, https:\/\/periodicorealidades.com\/wp-content\/uploads\/2026\/08\/WhatsApp-Image-2026-08-31-at-9.40.56-PM-768x576.jpeg 768w, https:\/\/periodicorealidades.com\/wp-content\/uploads\/2026\/08\/WhatsApp-Image-2026-08-31-at-9.40.56-PM-80x60.jpeg 80w, https:\/\/periodicorealidades.com\/wp-content\/uploads\/2026\/08\/WhatsApp-Image-2026-08-31-at-9.40.56-PM-696x522.jpeg 696w, https:\/\/periodicorealidades.com\/wp-content\/uploads\/2026\/08\/WhatsApp-Image-2026-08-31-at-9.40.56-PM-1068x801.jpeg 1068w, https:\/\/periodicorealidades.com\/wp-content\/uploads\/2026\/08\/WhatsApp-Image-2026-08-31-at-9.40.56-PM-265x198.jpeg 265w, https:\/\/periodicorealidades.com\/wp-content\/uploads\/2026\/08\/WhatsApp-Image-2026-08-31-at-9.40.56-PM.jpeg 1280w\" sizes=\"auto, (max-width: 1024px) 100vw, 1024px\" \/><\/figure>\n<\/figure>\n\n\n\n<p class=\"wp-block-paragraph\">En el Aeropuerto Internacional Tepic-Riviera Nayarit, elementos de la Guardia Nacional brindaron auxilio a una persona adulta mayor que manifest\u00f3 encontrarse en una situaci\u00f3n de maltrato familiar. Tras recibir valoraci\u00f3n m\u00e9dica, fue canalizada ante la Fiscal\u00eda General del Estado para recibir la atenci\u00f3n correspondiente y dar seguimiento a su situaci\u00f3n.<\/p>\n\n\n\n<p class=\"wp-block-paragraph\">Tambi\u00e9n se inform\u00f3 sobre un reporte relacionado con una persona menor de edad con discapacidad y en condici\u00f3n de vulnerabilidad, cuya atenci\u00f3n deber\u00e1 continuar a trav\u00e9s de las instancias competentes, bajo criterios de confidencialidad, protecci\u00f3n de derechos y salvaguarda del inter\u00e9s superior de la ni\u00f1ez.<\/p>\n\n\n\n<figure class=\"wp-block-gallery has-nested-images columns-default is-cropped wp-block-gallery-3 is-layout-flex wp-block-gallery-is-layout-flex\">\n<figure class=\"wp-block-image size-large\"><img loading=\"lazy\" decoding=\"async\" width=\"1024\" height=\"726\" data-id=\"77836\" src=\"https:\/\/periodicorealidades.com\/wp-content\/uploads\/2026\/08\/WhatsApp-Image-2026-08-31-at-9.40.57-PM-1-1024x726.jpeg\" alt=\"\" class=\"wp-image-77836\" srcset=\"https:\/\/periodicorealidades.com\/wp-content\/uploads\/2026\/08\/WhatsApp-Image-2026-08-31-at-9.40.57-PM-1-1024x726.jpeg 1024w, https:\/\/periodicorealidades.com\/wp-content\/uploads\/2026\/08\/WhatsApp-Image-2026-08-31-at-9.40.57-PM-1-300x213.jpeg 300w, https:\/\/periodicorealidades.com\/wp-content\/uploads\/2026\/08\/WhatsApp-Image-2026-08-31-at-9.40.57-PM-1-768x544.jpeg 768w, https:\/\/periodicorealidades.com\/wp-content\/uploads\/2026\/08\/WhatsApp-Image-2026-08-31-at-9.40.57-PM-1-696x493.jpeg 696w, https:\/\/periodicorealidades.com\/wp-content\/uploads\/2026\/08\/WhatsApp-Image-2026-08-31-at-9.40.57-PM-1-1068x757.jpeg 1068w, https:\/\/periodicorealidades.com\/wp-content\/uploads\/2026\/08\/WhatsApp-Image-2026-08-31-at-9.40.57-PM-1-100x70.jpeg 100w, https:\/\/periodicorealidades.com\/wp-content\/uploads\/2026\/08\/WhatsApp-Image-2026-08-31-at-9.40.57-PM-1.jpeg 1280w\" sizes=\"auto, (max-width: 1024px) 100vw, 1024px\" \/><\/figure>\n\n\n\n<figure class=\"wp-block-image size-large\"><img loading=\"lazy\" decoding=\"async\" width=\"1024\" height=\"768\" data-id=\"77837\" src=\"https:\/\/periodicorealidades.com\/wp-content\/uploads\/2026\/08\/WhatsApp-Image-2026-08-31-at-9.40.57-PM-2-1024x768.jpeg\" alt=\"\" class=\"wp-image-77837\" srcset=\"https:\/\/periodicorealidades.com\/wp-content\/uploads\/2026\/08\/WhatsApp-Image-2026-08-31-at-9.40.57-PM-2-1024x768.jpeg 1024w, https:\/\/periodicorealidades.com\/wp-content\/uploads\/2026\/08\/WhatsApp-Image-2026-08-31-at-9.40.57-PM-2-300x225.jpeg 300w, https:\/\/periodicorealidades.com\/wp-content\/uploads\/2026\/08\/WhatsApp-Image-2026-08-31-at-9.40.57-PM-2-768x576.jpeg 768w, https:\/\/periodicorealidades.com\/wp-content\/uploads\/2026\/08\/WhatsApp-Image-2026-08-31-at-9.40.57-PM-2-80x60.jpeg 80w, https:\/\/periodicorealidades.com\/wp-content\/uploads\/2026\/08\/WhatsApp-Image-2026-08-31-at-9.40.57-PM-2-696x522.jpeg 696w, https:\/\/periodicorealidades.com\/wp-content\/uploads\/2026\/08\/WhatsApp-Image-2026-08-31-at-9.40.57-PM-2-1068x801.jpeg 1068w, https:\/\/periodicorealidades.com\/wp-content\/uploads\/2026\/08\/WhatsApp-Image-2026-08-31-at-9.40.57-PM-2-265x198.jpeg 265w, https:\/\/periodicorealidades.com\/wp-content\/uploads\/2026\/08\/WhatsApp-Image-2026-08-31-at-9.40.57-PM-2.jpeg 1119w\" sizes=\"auto, (max-width: 1024px) 100vw, 1024px\" \/><\/figure>\n\n\n\n<figure class=\"wp-block-image size-large\"><img loading=\"lazy\" decoding=\"async\" width=\"1002\" height=\"752\" data-id=\"77838\" src=\"https:\/\/periodicorealidades.com\/wp-content\/uploads\/2026\/08\/WhatsApp-Image-2026-08-31-at-9.40.57-PM.jpeg\" alt=\"\" class=\"wp-image-77838\" srcset=\"https:\/\/periodicorealidades.com\/wp-content\/uploads\/2026\/08\/WhatsApp-Image-2026-08-31-at-9.40.57-PM.jpeg 1002w, https:\/\/periodicorealidades.com\/wp-content\/uploads\/2026\/08\/WhatsApp-Image-2026-08-31-at-9.40.57-PM-300x225.jpeg 300w, https:\/\/periodicorealidades.com\/wp-content\/uploads\/2026\/08\/WhatsApp-Image-2026-08-31-at-9.40.57-PM-768x576.jpeg 768w, https:\/\/periodicorealidades.com\/wp-content\/uploads\/2026\/08\/WhatsApp-Image-2026-08-31-at-9.40.57-PM-80x60.jpeg 80w, https:\/\/periodicorealidades.com\/wp-content\/uploads\/2026\/08\/WhatsApp-Image-2026-08-31-at-9.40.57-PM-696x522.jpeg 696w, https:\/\/periodicorealidades.com\/wp-content\/uploads\/2026\/08\/WhatsApp-Image-2026-08-31-at-9.40.57-PM-265x198.jpeg 265w\" sizes=\"auto, (max-width: 1002px) 100vw, 1002px\" \/><\/figure>\n\n\n\n<figure class=\"wp-block-image size-large\"><img loading=\"lazy\" decoding=\"async\" width=\"1024\" height=\"629\" data-id=\"77839\" src=\"https:\/\/periodicorealidades.com\/wp-content\/uploads\/2026\/08\/WhatsApp-Image-2026-08-31-at-9.40.58-PM-1-1024x629.jpeg\" alt=\"\" class=\"wp-image-77839\" srcset=\"https:\/\/periodicorealidades.com\/wp-content\/uploads\/2026\/08\/WhatsApp-Image-2026-08-31-at-9.40.58-PM-1-1024x629.jpeg 1024w, https:\/\/periodicorealidades.com\/wp-content\/uploads\/2026\/08\/WhatsApp-Image-2026-08-31-at-9.40.58-PM-1-300x184.jpeg 300w, https:\/\/periodicorealidades.com\/wp-content\/uploads\/2026\/08\/WhatsApp-Image-2026-08-31-at-9.40.58-PM-1-768x472.jpeg 768w, https:\/\/periodicorealidades.com\/wp-content\/uploads\/2026\/08\/WhatsApp-Image-2026-08-31-at-9.40.58-PM-1-696x427.jpeg 696w, https:\/\/periodicorealidades.com\/wp-content\/uploads\/2026\/08\/WhatsApp-Image-2026-08-31-at-9.40.58-PM-1-1068x656.jpeg 1068w, https:\/\/periodicorealidades.com\/wp-content\/uploads\/2026\/08\/WhatsApp-Image-2026-08-31-at-9.40.58-PM-1-356x220.jpeg 356w, https:\/\/periodicorealidades.com\/wp-content\/uploads\/2026\/08\/WhatsApp-Image-2026-08-31-at-9.40.58-PM-1.jpeg 1280w\" sizes=\"auto, (max-width: 1024px) 100vw, 1024px\" \/><\/figure>\n\n\n\n<figure class=\"wp-block-image size-large\"><img loading=\"lazy\" decoding=\"async\" width=\"779\" height=\"514\" data-id=\"77840\" src=\"https:\/\/periodicorealidades.com\/wp-content\/uploads\/2026\/08\/WhatsApp-Image-2026-08-31-at-9.40.58-PM-2.jpeg\" alt=\"\" class=\"wp-image-77840\" srcset=\"https:\/\/periodicorealidades.com\/wp-content\/uploads\/2026\/08\/WhatsApp-Image-2026-08-31-at-9.40.58-PM-2.jpeg 779w, https:\/\/periodicorealidades.com\/wp-content\/uploads\/2026\/08\/WhatsApp-Image-2026-08-31-at-9.40.58-PM-2-300x198.jpeg 300w, https:\/\/periodicorealidades.com\/wp-content\/uploads\/2026\/08\/WhatsApp-Image-2026-08-31-at-9.40.58-PM-2-768x507.jpeg 768w, https:\/\/periodicorealidades.com\/wp-content\/uploads\/2026\/08\/WhatsApp-Image-2026-08-31-at-9.40.58-PM-2-696x459.jpeg 696w\" sizes=\"auto, (max-width: 779px) 100vw, 779px\" \/><\/figure>\n<\/figure>\n\n\n\n<p class=\"wp-block-paragraph\">De igual manera, las instituciones de seguridad brindaron acompa\u00f1amiento y resguardo al personal de la Comisi\u00f3n Nacional de B\u00fasqueda durante las acciones realizadas en el municipio de Acaponeta, fortaleciendo las condiciones necesarias para el desarrollo de sus labores.<\/p>\n\n\n\n<p class=\"wp-block-paragraph\">En Nayarit, la seguridad se entiende de manera integral: no solo significa prevenir y combatir los delitos, sino tambi\u00e9n proteger derechos, acercar servicios y acompa\u00f1ar a quienes m\u00e1s necesitan del respaldo de las instituciones.<\/p>\n\n\n\n<figure class=\"wp-block-gallery has-nested-images columns-default is-cropped wp-block-gallery-4 is-layout-flex wp-block-gallery-is-layout-flex\">\n<figure class=\"wp-block-image size-large\"><img loading=\"lazy\" decoding=\"async\" width=\"1024\" height=\"768\" data-id=\"77841\" src=\"https:\/\/periodicorealidades.com\/wp-content\/uploads\/2026\/08\/WhatsApp-Image-2026-08-31-at-9.40.58-PM-3-1024x768.jpeg\" alt=\"\" class=\"wp-image-77841\" srcset=\"https:\/\/periodicorealidades.com\/wp-content\/uploads\/2026\/08\/WhatsApp-Image-2026-08-31-at-9.40.58-PM-3-1024x768.jpeg 1024w, https:\/\/periodicorealidades.com\/wp-content\/uploads\/2026\/08\/WhatsApp-Image-2026-08-31-at-9.40.58-PM-3-300x225.jpeg 300w, https:\/\/periodicorealidades.com\/wp-content\/uploads\/2026\/08\/WhatsApp-Image-2026-08-31-at-9.40.58-PM-3-768x576.jpeg 768w, https:\/\/periodicorealidades.com\/wp-content\/uploads\/2026\/08\/WhatsApp-Image-2026-08-31-at-9.40.58-PM-3-80x60.jpeg 80w, https:\/\/periodicorealidades.com\/wp-content\/uploads\/2026\/08\/WhatsApp-Image-2026-08-31-at-9.40.58-PM-3-696x522.jpeg 696w, https:\/\/periodicorealidades.com\/wp-content\/uploads\/2026\/08\/WhatsApp-Image-2026-08-31-at-9.40.58-PM-3-1068x801.jpeg 1068w, https:\/\/periodicorealidades.com\/wp-content\/uploads\/2026\/08\/WhatsApp-Image-2026-08-31-at-9.40.58-PM-3-265x198.jpeg 265w, https:\/\/periodicorealidades.com\/wp-content\/uploads\/2026\/08\/WhatsApp-Image-2026-08-31-at-9.40.58-PM-3.jpeg 1280w\" sizes=\"auto, (max-width: 1024px) 100vw, 1024px\" \/><\/figure>\n\n\n\n<figure class=\"wp-block-image size-large\"><img loading=\"lazy\" decoding=\"async\" width=\"1024\" height=\"768\" data-id=\"77842\" src=\"https:\/\/periodicorealidades.com\/wp-content\/uploads\/2026\/08\/WhatsApp-Image-2026-08-31-at-9.40.58-PM-4-1024x768.jpeg\" alt=\"\" class=\"wp-image-77842\" srcset=\"https:\/\/periodicorealidades.com\/wp-content\/uploads\/2026\/08\/WhatsApp-Image-2026-08-31-at-9.40.58-PM-4-1024x768.jpeg 1024w, https:\/\/periodicorealidades.com\/wp-content\/uploads\/2026\/08\/WhatsApp-Image-2026-08-31-at-9.40.58-PM-4-300x225.jpeg 300w, https:\/\/periodicorealidades.com\/wp-content\/uploads\/2026\/08\/WhatsApp-Image-2026-08-31-at-9.40.58-PM-4-768x576.jpeg 768w, https:\/\/periodicorealidades.com\/wp-content\/uploads\/2026\/08\/WhatsApp-Image-2026-08-31-at-9.40.58-PM-4-80x60.jpeg 80w, https:\/\/periodicorealidades.com\/wp-content\/uploads\/2026\/08\/WhatsApp-Image-2026-08-31-at-9.40.58-PM-4-696x522.jpeg 696w, https:\/\/periodicorealidades.com\/wp-content\/uploads\/2026\/08\/WhatsApp-Image-2026-08-31-at-9.40.58-PM-4-1068x801.jpeg 1068w, https:\/\/periodicorealidades.com\/wp-content\/uploads\/2026\/08\/WhatsApp-Image-2026-08-31-at-9.40.58-PM-4-265x198.jpeg 265w, https:\/\/periodicorealidades.com\/wp-content\/uploads\/2026\/08\/WhatsApp-Image-2026-08-31-at-9.40.58-PM-4.jpeg 1280w\" sizes=\"auto, (max-width: 1024px) 100vw, 1024px\" \/><\/figure>\n\n\n\n<figure class=\"wp-block-image size-large\"><img loading=\"lazy\" decoding=\"async\" width=\"1024\" height=\"734\" data-id=\"77843\" src=\"https:\/\/periodicorealidades.com\/wp-content\/uploads\/2026\/08\/WhatsApp-Image-2026-08-31-at-9.40.58-PM-1024x734.jpeg\" alt=\"\" class=\"wp-image-77843\" srcset=\"https:\/\/periodicorealidades.com\/wp-content\/uploads\/2026\/08\/WhatsApp-Image-2026-08-31-at-9.40.58-PM-1024x734.jpeg 1024w, https:\/\/periodicorealidades.com\/wp-content\/uploads\/2026\/08\/WhatsApp-Image-2026-08-31-at-9.40.58-PM-300x215.jpeg 300w, https:\/\/periodicorealidades.com\/wp-content\/uploads\/2026\/08\/WhatsApp-Image-2026-08-31-at-9.40.58-PM-768x550.jpeg 768w, https:\/\/periodicorealidades.com\/wp-content\/uploads\/2026\/08\/WhatsApp-Image-2026-08-31-at-9.40.58-PM-696x499.jpeg 696w, https:\/\/periodicorealidades.com\/wp-content\/uploads\/2026\/08\/WhatsApp-Image-2026-08-31-at-9.40.58-PM-1068x765.jpeg 1068w, https:\/\/periodicorealidades.com\/wp-content\/uploads\/2026\/08\/WhatsApp-Image-2026-08-31-at-9.40.58-PM.jpeg 1280w\" sizes=\"auto, (max-width: 1024px) 100vw, 1024px\" \/><\/figure>\n\n\n\n<figure class=\"wp-block-image size-large\"><img loading=\"lazy\" decoding=\"async\" width=\"1024\" height=\"672\" data-id=\"77844\" src=\"https:\/\/periodicorealidades.com\/wp-content\/uploads\/2026\/08\/WhatsApp-Image-2026-08-31-at-9.40.59-PM-1-1024x672.jpeg\" alt=\"\" class=\"wp-image-77844\" srcset=\"https:\/\/periodicorealidades.com\/wp-content\/uploads\/2026\/08\/WhatsApp-Image-2026-08-31-at-9.40.59-PM-1-1024x672.jpeg 1024w, https:\/\/periodicorealidades.com\/wp-content\/uploads\/2026\/08\/WhatsApp-Image-2026-08-31-at-9.40.59-PM-1-300x197.jpeg 300w, https:\/\/periodicorealidades.com\/wp-content\/uploads\/2026\/08\/WhatsApp-Image-2026-08-31-at-9.40.59-PM-1-768x504.jpeg 768w, https:\/\/periodicorealidades.com\/wp-content\/uploads\/2026\/08\/WhatsApp-Image-2026-08-31-at-9.40.59-PM-1-696x457.jpeg 696w, https:\/\/periodicorealidades.com\/wp-content\/uploads\/2026\/08\/WhatsApp-Image-2026-08-31-at-9.40.59-PM-1-1068x701.jpeg 1068w, https:\/\/periodicorealidades.com\/wp-content\/uploads\/2026\/08\/WhatsApp-Image-2026-08-31-at-9.40.59-PM-1-741x486.jpeg 741w, https:\/\/periodicorealidades.com\/wp-content\/uploads\/2026\/08\/WhatsApp-Image-2026-08-31-at-9.40.59-PM-1.jpeg 1128w\" sizes=\"auto, (max-width: 1024px) 100vw, 1024px\" \/><\/figure>\n\n\n\n<figure class=\"wp-block-image size-large\"><img loading=\"lazy\" decoding=\"async\" width=\"527\" height=\"480\" data-id=\"77845\" src=\"https:\/\/periodicorealidades.com\/wp-content\/uploads\/2026\/08\/WhatsApp-Image-2026-08-31-at-9.40.59-PM-2.jpeg\" alt=\"\" class=\"wp-image-77845\" srcset=\"https:\/\/periodicorealidades.com\/wp-content\/uploads\/2026\/08\/WhatsApp-Image-2026-08-31-at-9.40.59-PM-2.jpeg 527w, https:\/\/periodicorealidades.com\/wp-content\/uploads\/2026\/08\/WhatsApp-Image-2026-08-31-at-9.40.59-PM-2-300x273.jpeg 300w\" sizes=\"auto, (max-width: 527px) 100vw, 527px\" \/><\/figure>\n<\/figure>\n","protected":false},"excerpt":{"rendered":"<p>Gobierno del Estado fortalece la coordinaci\u00f3n institucional para preservar la paz y seguridad en Nayarit. Por: Bolet\u00ecn Tepic, Nayarit; martes, 01 de septiembre del 2026.- La Mesa Estatal de Construcci\u00f3n de Paz y Seguridad, presidida por el gobernador del estado, Miguel \u00c1ngel Navarro Quintero, dio seguimiento a las acciones de protecci\u00f3n, acompa\u00f1amiento y atenci\u00f3n que [&hellip;]<\/p>\n","protected":false},"author":2,"featured_media":77828,"comment_status":"closed","ping_status":"open","sticky":false,"template":"","format":"standard","meta":{"footnotes":""},"categories":[4,7],"tags":[],"class_list":["post-77825","post","type-post","status-publish","format-standard","has-post-thumbnail","category-principal","category-tepic"],"yoast_head":"<!-- This site is optimized with the Yoast SEO plugin v28.3 - https:\/\/yoast.com\/product\/yoast-seo-wordpress\/ -->\n<title>Seguridad integral en Nayarit: combatir delitos, proteger derechos, acercar servicios a ciudadanos - Peri\u00f3dico Realidades<\/title>\n<meta name=\"robots\" content=\"index, follow, max-snippet:-1, max-image-preview:large, max-video-preview:-1\" \/>\n<link rel=\"canonical\" href=\"https:\/\/periodicorealidades.com\/index.php\/2026\/08\/31\/seguridad-integral-en-nayarit-combatir-delitos-proteger-derechos-acercar-servicios-a-ciudadanos\/\" \/>\n<meta property=\"og:locale\" content=\"es_MX\" \/>\n<meta property=\"og:type\" content=\"article\" \/>\n<meta property=\"og:title\" content=\"Seguridad integral en Nayarit: combatir delitos, proteger derechos, acercar servicios a ciudadanos - Peri\u00f3dico Realidades\" \/>\n<meta property=\"og:description\" content=\"Gobierno del Estado fortalece la coordinaci\u00f3n institucional para preservar la paz y seguridad en Nayarit. Por: Bolet\u00ecn Tepic, Nayarit; martes, 01 de septiembre del 2026.- La Mesa Estatal de Construcci\u00f3n de Paz y Seguridad, presidida por el gobernador del estado, Miguel \u00c1ngel Navarro Quintero, dio seguimiento a las acciones de protecci\u00f3n, acompa\u00f1amiento y atenci\u00f3n que [&hellip;]\" \/>\n<meta property=\"og:url\" content=\"https:\/\/periodicorealidades.com\/index.php\/2026\/08\/31\/seguridad-integral-en-nayarit-combatir-delitos-proteger-derechos-acercar-servicios-a-ciudadanos\/\" \/>\n<meta property=\"og:site_name\" content=\"Peri\u00f3dico Realidades\" \/>\n<meta property=\"article:publisher\" content=\"https:\/\/www.facebook.com\/periodicorealidades.denayarit?mibextid=LQQJ4d\" \/>\n<meta property=\"article:published_time\" content=\"2026-09-01T05:41:41+00:00\" \/>\n<meta property=\"article:modified_time\" content=\"2026-09-01T05:41:42+00:00\" \/>\n<meta property=\"og:image\" content=\"https:\/\/periodicorealidades.com\/wp-content\/uploads\/2026\/08\/WhatsApp-Image-2026-08-31-at-9.40.54-PM-3.jpeg\" \/>\n\t<meta property=\"og:image:width\" content=\"1134\" \/>\n\t<meta property=\"og:image:height\" content=\"876\" \/>\n\t<meta property=\"og:image:type\" content=\"image\/jpeg\" \/>\n<meta name=\"author\" content=\"editor\" \/>\n<meta name=\"twitter:card\" content=\"summary_large_image\" \/>\n<meta name=\"twitter:label1\" content=\"Escrito por\" \/>\n\t<meta name=\"twitter:data1\" content=\"editor\" \/>\n\t<meta name=\"twitter:label2\" content=\"Tiempo de lectura\" \/>\n\t<meta name=\"twitter:data2\" content=\"6 minutos\" \/>\n<script type=\"application\/ld+json\" class=\"yoast-schema-graph\">{\"@context\":\"https:\\\/\\\/schema.org\",\"@graph\":[{\"@type\":\"Article\",\"@id\":\"https:\\\/\\\/periodicorealidades.com\\\/index.php\\\/2026\\\/08\\\/31\\\/seguridad-integral-en-nayarit-combatir-delitos-proteger-derechos-acercar-servicios-a-ciudadanos\\\/#article\",\"isPartOf\":{\"@id\":\"https:\\\/\\\/periodicorealidades.com\\\/index.php\\\/2026\\\/08\\\/31\\\/seguridad-integral-en-nayarit-combatir-delitos-proteger-derechos-acercar-servicios-a-ciudadanos\\\/\"},\"author\":{\"name\":\"editor\",\"@id\":\"https:\\\/\\\/periodicorealidades.com\\\/#\\\/schema\\\/person\\\/c27da34ee13acaec3162071a3e1c7832\"},\"headline\":\"Seguridad integral en Nayarit: combatir delitos, proteger derechos, acercar servicios a ciudadanos\",\"datePublished\":\"2026-09-01T05:41:41+00:00\",\"dateModified\":\"2026-09-01T05:41:42+00:00\",\"mainEntityOfPage\":{\"@id\":\"https:\\\/\\\/periodicorealidades.com\\\/index.php\\\/2026\\\/08\\\/31\\\/seguridad-integral-en-nayarit-combatir-delitos-proteger-derechos-acercar-servicios-a-ciudadanos\\\/\"},\"wordCount\":339,\"publisher\":{\"@id\":\"https:\\\/\\\/periodicorealidades.com\\\/#organization\"},\"image\":{\"@id\":\"https:\\\/\\\/periodicorealidades.com\\\/index.php\\\/2026\\\/08\\\/31\\\/seguridad-integral-en-nayarit-combatir-delitos-proteger-derechos-acercar-servicios-a-ciudadanos\\\/#primaryimage\"},\"thumbnailUrl\":\"https:\\\/\\\/periodicorealidades.com\\\/wp-content\\\/uploads\\\/2026\\\/08\\\/WhatsApp-Image-2026-08-31-at-9.40.54-PM-3.jpeg\",\"articleSection\":[\"Principal\",\"Tepic\"],\"inLanguage\":\"es\"},{\"@type\":\"WebPage\",\"@id\":\"https:\\\/\\\/periodicorealidades.com\\\/index.php\\\/2026\\\/08\\\/31\\\/seguridad-integral-en-nayarit-combatir-delitos-proteger-derechos-acercar-servicios-a-ciudadanos\\\/\",\"url\":\"https:\\\/\\\/periodicorealidades.com\\\/index.php\\\/2026\\\/08\\\/31\\\/seguridad-integral-en-nayarit-combatir-delitos-proteger-derechos-acercar-servicios-a-ciudadanos\\\/\",\"name\":\"Seguridad integral en Nayarit: combatir delitos, proteger derechos, acercar servicios a ciudadanos - Peri\u00f3dico Realidades\",\"isPartOf\":{\"@id\":\"https:\\\/\\\/periodicorealidades.com\\\/#website\"},\"primaryImageOfPage\":{\"@id\":\"https:\\\/\\\/periodicorealidades.com\\\/index.php\\\/2026\\\/08\\\/31\\\/seguridad-integral-en-nayarit-combatir-delitos-proteger-derechos-acercar-servicios-a-ciudadanos\\\/#primaryimage\"},\"image\":{\"@id\":\"https:\\\/\\\/periodicorealidades.com\\\/index.php\\\/2026\\\/08\\\/31\\\/seguridad-integral-en-nayarit-combatir-delitos-proteger-derechos-acercar-servicios-a-ciudadanos\\\/#primaryimage\"},\"thumbnailUrl\":\"https:\\\/\\\/periodicorealidades.com\\\/wp-content\\\/uploads\\\/2026\\\/08\\\/WhatsApp-Image-2026-08-31-at-9.40.54-PM-3.jpeg\",\"datePublished\":\"2026-09-01T05:41:41+00:00\",\"dateModified\":\"2026-09-01T05:41:42+00:00\",\"breadcrumb\":{\"@id\":\"https:\\\/\\\/periodicorealidades.com\\\/index.php\\\/2026\\\/08\\\/31\\\/seguridad-integral-en-nayarit-combatir-delitos-proteger-derechos-acercar-servicios-a-ciudadanos\\\/#breadcrumb\"},\"inLanguage\":\"es\",\"potentialAction\":[{\"@type\":\"ReadAction\",\"target\":[\"https:\\\/\\\/periodicorealidades.com\\\/index.php\\\/2026\\\/08\\\/31\\\/seguridad-integral-en-nayarit-combatir-delitos-proteger-derechos-acercar-servicios-a-ciudadanos\\\/\"]}]},{\"@type\":\"ImageObject\",\"inLanguage\":\"es\",\"@id\":\"https:\\\/\\\/periodicorealidades.com\\\/index.php\\\/2026\\\/08\\\/31\\\/seguridad-integral-en-nayarit-combatir-delitos-proteger-derechos-acercar-servicios-a-ciudadanos\\\/#primaryimage\",\"url\":\"https:\\\/\\\/periodicorealidades.com\\\/wp-content\\\/uploads\\\/2026\\\/08\\\/WhatsApp-Image-2026-08-31-at-9.40.54-PM-3.jpeg\",\"contentUrl\":\"https:\\\/\\\/periodicorealidades.com\\\/wp-content\\\/uploads\\\/2026\\\/08\\\/WhatsApp-Image-2026-08-31-at-9.40.54-PM-3.jpeg\",\"width\":1134,\"height\":876},{\"@type\":\"BreadcrumbList\",\"@id\":\"https:\\\/\\\/periodicorealidades.com\\\/index.php\\\/2026\\\/08\\\/31\\\/seguridad-integral-en-nayarit-combatir-delitos-proteger-derechos-acercar-servicios-a-ciudadanos\\\/#breadcrumb\",\"itemListElement\":[{\"@type\":\"ListItem\",\"position\":1,\"name\":\"Inicio\",\"item\":\"https:\\\/\\\/periodicorealidades.com\\\/\"},{\"@type\":\"ListItem\",\"position\":2,\"name\":\"Seguridad integral en Nayarit: combatir delitos, proteger derechos, acercar servicios a ciudadanos\"}]},{\"@type\":\"WebSite\",\"@id\":\"https:\\\/\\\/periodicorealidades.com\\\/#website\",\"url\":\"https:\\\/\\\/periodicorealidades.com\\\/\",\"name\":\"Peri\u00f3dico Realidades\",\"description\":\"M\u00e9dio de comunicaci\u00f3n en Nayarit\",\"publisher\":{\"@id\":\"https:\\\/\\\/periodicorealidades.com\\\/#organization\"},\"potentialAction\":[{\"@type\":\"SearchAction\",\"target\":{\"@type\":\"EntryPoint\",\"urlTemplate\":\"https:\\\/\\\/periodicorealidades.com\\\/?s={search_term_string}\"},\"query-input\":{\"@type\":\"PropertyValueSpecification\",\"valueRequired\":true,\"valueName\":\"search_term_string\"}}],\"inLanguage\":\"es\"},{\"@type\":\"Organization\",\"@id\":\"https:\\\/\\\/periodicorealidades.com\\\/#organization\",\"name\":\"Peri\u00f3dico Realidades\",\"url\":\"https:\\\/\\\/periodicorealidades.com\\\/\",\"logo\":{\"@type\":\"ImageObject\",\"inLanguage\":\"es\",\"@id\":\"https:\\\/\\\/periodicorealidades.com\\\/#\\\/schema\\\/logo\\\/image\\\/\",\"url\":\"https:\\\/\\\/periodicorealidades.com\\\/wp-content\\\/uploads\\\/2023\\\/05\\\/r-prueba.png\",\"contentUrl\":\"https:\\\/\\\/periodicorealidades.com\\\/wp-content\\\/uploads\\\/2023\\\/05\\\/r-prueba.png\",\"width\":709,\"height\":709,\"caption\":\"Peri\u00f3dico Realidades\"},\"image\":{\"@id\":\"https:\\\/\\\/periodicorealidades.com\\\/#\\\/schema\\\/logo\\\/image\\\/\"},\"sameAs\":[\"https:\\\/\\\/www.facebook.com\\\/periodicorealidades.denayarit?mibextid=LQQJ4d\"]},{\"@type\":\"Person\",\"@id\":\"https:\\\/\\\/periodicorealidades.com\\\/#\\\/schema\\\/person\\\/c27da34ee13acaec3162071a3e1c7832\",\"name\":\"editor\",\"image\":{\"@type\":\"ImageObject\",\"inLanguage\":\"es\",\"@id\":\"https:\\\/\\\/secure.gravatar.com\\\/avatar\\\/dda3c3f59ea25f4b53cd53df977b0b2628039b17268e57c944a79a00e8a56e26?s=96&d=mm&r=g\",\"url\":\"https:\\\/\\\/secure.gravatar.com\\\/avatar\\\/dda3c3f59ea25f4b53cd53df977b0b2628039b17268e57c944a79a00e8a56e26?s=96&d=mm&r=g\",\"contentUrl\":\"https:\\\/\\\/secure.gravatar.com\\\/avatar\\\/dda3c3f59ea25f4b53cd53df977b0b2628039b17268e57c944a79a00e8a56e26?s=96&d=mm&r=g\",\"caption\":\"editor\"},\"url\":\"https:\\\/\\\/periodicorealidades.com\\\/index.php\\\/author\\\/editor\\\/\"}]}<\/script>\n<!-- \/ Yoast SEO plugin. -->","yoast_head_json":{"title":"Seguridad integral en Nayarit: combatir delitos, proteger derechos, acercar servicios a ciudadanos - Peri\u00f3dico Realidades","robots":{"index":"index","follow":"follow","max-snippet":"max-snippet:-1","max-image-preview":"max-image-preview:large","max-video-preview":"max-video-preview:-1"},"canonical":"https:\/\/periodicorealidades.com\/index.php\/2026\/08\/31\/seguridad-integral-en-nayarit-combatir-delitos-proteger-derechos-acercar-servicios-a-ciudadanos\/","og_locale":"es_MX","og_type":"article","og_title":"Seguridad integral en Nayarit: combatir delitos, proteger derechos, acercar servicios a ciudadanos - Peri\u00f3dico Realidades","og_description":"Gobierno del Estado fortalece la coordinaci\u00f3n institucional para preservar la paz y seguridad en Nayarit. Por: Bolet\u00ecn Tepic, Nayarit; martes, 01 de septiembre del 2026.- La Mesa Estatal de Construcci\u00f3n de Paz y Seguridad, presidida por el gobernador del estado, Miguel \u00c1ngel Navarro Quintero, dio seguimiento a las acciones de protecci\u00f3n, acompa\u00f1amiento y atenci\u00f3n que [&hellip;]","og_url":"https:\/\/periodicorealidades.com\/index.php\/2026\/08\/31\/seguridad-integral-en-nayarit-combatir-delitos-proteger-derechos-acercar-servicios-a-ciudadanos\/","og_site_name":"Peri\u00f3dico Realidades","article_publisher":"https:\/\/www.facebook.com\/periodicorealidades.denayarit?mibextid=LQQJ4d","article_published_time":"2026-09-01T05:41:41+00:00","article_modified_time":"2026-09-01T05:41:42+00:00","og_image":[{"width":1134,"height":876,"url":"https:\/\/periodicorealidades.com\/wp-content\/uploads\/2026\/08\/WhatsApp-Image-2026-08-31-at-9.40.54-PM-3.jpeg","type":"image\/jpeg"}],"author":"editor","twitter_card":"summary_large_image","twitter_misc":{"Escrito por":"editor","Tiempo de lectura":"6 minutos"},"schema":{"@context":"https:\/\/schema.org","@graph":[{"@type":"Article","@id":"https:\/\/periodicorealidades.com\/index.php\/2026\/08\/31\/seguridad-integral-en-nayarit-combatir-delitos-proteger-derechos-acercar-servicios-a-ciudadanos\/#article","isPartOf":{"@id":"https:\/\/periodicorealidades.com\/index.php\/2026\/08\/31\/seguridad-integral-en-nayarit-combatir-delitos-proteger-derechos-acercar-servicios-a-ciudadanos\/"},"author":{"name":"editor","@id":"https:\/\/periodicorealidades.com\/#\/schema\/person\/c27da34ee13acaec3162071a3e1c7832"},"headline":"Seguridad integral en Nayarit: combatir delitos, proteger derechos, acercar servicios a ciudadanos","datePublished":"2026-09-01T05:41:41+00:00","dateModified":"2026-09-01T05:41:42+00:00","mainEntityOfPage":{"@id":"https:\/\/periodicorealidades.com\/index.php\/2026\/08\/31\/seguridad-integral-en-nayarit-combatir-delitos-proteger-derechos-acercar-servicios-a-ciudadanos\/"},"wordCount":339,"publisher":{"@id":"https:\/\/periodicorealidades.com\/#organization"},"image":{"@id":"https:\/\/periodicorealidades.com\/index.php\/2026\/08\/31\/seguridad-integral-en-nayarit-combatir-delitos-proteger-derechos-acercar-servicios-a-ciudadanos\/#primaryimage"},"thumbnailUrl":"https:\/\/periodicorealidades.com\/wp-content\/uploads\/2026\/08\/WhatsApp-Image-2026-08-31-at-9.40.54-PM-3.jpeg","articleSection":["Principal","Tepic"],"inLanguage":"es"},{"@type":"WebPage","@id":"https:\/\/periodicorealidades.com\/index.php\/2026\/08\/31\/seguridad-integral-en-nayarit-combatir-delitos-proteger-derechos-acercar-servicios-a-ciudadanos\/","url":"https:\/\/periodicorealidades.com\/index.php\/2026\/08\/31\/seguridad-integral-en-nayarit-combatir-delitos-proteger-derechos-acercar-servicios-a-ciudadanos\/","name":"Seguridad integral en Nayarit: combatir delitos, proteger derechos, acercar servicios a ciudadanos - Peri\u00f3dico Realidades","isPartOf":{"@id":"https:\/\/periodicorealidades.com\/#website"},"primaryImageOfPage":{"@id":"https:\/\/periodicorealidades.com\/index.php\/2026\/08\/31\/seguridad-integral-en-nayarit-combatir-delitos-proteger-derechos-acercar-servicios-a-ciudadanos\/#primaryimage"},"image":{"@id":"https:\/\/periodicorealidades.com\/index.php\/2026\/08\/31\/seguridad-integral-en-nayarit-combatir-delitos-proteger-derechos-acercar-servicios-a-ciudadanos\/#primaryimage"},"thumbnailUrl":"https:\/\/periodicorealidades.com\/wp-content\/uploads\/2026\/08\/WhatsApp-Image-2026-08-31-at-9.40.54-PM-3.jpeg","datePublished":"2026-09-01T05:41:41+00:00","dateModified":"2026-09-01T05:41:42+00:00","breadcrumb":{"@id":"https:\/\/periodicorealidades.com\/index.php\/2026\/08\/31\/seguridad-integral-en-nayarit-combatir-delitos-proteger-derechos-acercar-servicios-a-ciudadanos\/#breadcrumb"},"inLanguage":"es","potentialAction":[{"@type":"ReadAction","target":["https:\/\/periodicorealidades.com\/index.php\/2026\/08\/31\/seguridad-integral-en-nayarit-combatir-delitos-proteger-derechos-acercar-servicios-a-ciudadanos\/"]}]},{"@type":"ImageObject","inLanguage":"es","@id":"https:\/\/periodicorealidades.com\/index.php\/2026\/08\/31\/seguridad-integral-en-nayarit-combatir-delitos-proteger-derechos-acercar-servicios-a-ciudadanos\/#primaryimage","url":"https:\/\/periodicorealidades.com\/wp-content\/uploads\/2026\/08\/WhatsApp-Image-2026-08-31-at-9.40.54-PM-3.jpeg","contentUrl":"https:\/\/periodicorealidades.com\/wp-content\/uploads\/2026\/08\/WhatsApp-Image-2026-08-31-at-9.40.54-PM-3.jpeg","width":1134,"height":876},{"@type":"BreadcrumbList","@id":"https:\/\/periodicorealidades.com\/index.php\/2026\/08\/31\/seguridad-integral-en-nayarit-combatir-delitos-proteger-derechos-acercar-servicios-a-ciudadanos\/#breadcrumb","itemListElement":[{"@type":"ListItem","position":1,"name":"Inicio","item":"https:\/\/periodicorealidades.com\/"},{"@type":"ListItem","position":2,"name":"Seguridad integral en Nayarit: combatir delitos, proteger derechos, acercar servicios a ciudadanos"}]},{"@type":"WebSite","@id":"https:\/\/periodicorealidades.com\/#website","url":"https:\/\/periodicorealidades.com\/","name":"Peri\u00f3dico Realidades","description":"M\u00e9dio de comunicaci\u00f3n en Nayarit","publisher":{"@id":"https:\/\/periodicorealidades.com\/#organization"},"potentialAction":[{"@type":"SearchAction","target":{"@type":"EntryPoint","urlTemplate":"https:\/\/periodicorealidades.com\/?s={search_term_string}"},"query-input":{"@type":"PropertyValueSpecification","valueRequired":true,"valueName":"search_term_string"}}],"inLanguage":"es"},{"@type":"Organization","@id":"https:\/\/periodicorealidades.com\/#organization","name":"Peri\u00f3dico Realidades","url":"https:\/\/periodicorealidades.com\/","logo":{"@type":"ImageObject","inLanguage":"es","@id":"https:\/\/periodicorealidades.com\/#\/schema\/logo\/image\/","url":"https:\/\/periodicorealidades.com\/wp-content\/uploads\/2023\/05\/r-prueba.png","contentUrl":"https:\/\/periodicorealidades.com\/wp-content\/uploads\/2023\/05\/r-prueba.png","width":709,"height":709,"caption":"Peri\u00f3dico Realidades"},"image":{"@id":"https:\/\/periodicorealidades.com\/#\/schema\/logo\/image\/"},"sameAs":["https:\/\/www.facebook.com\/periodicorealidades.denayarit?mibextid=LQQJ4d"]},{"@type":"Person","@id":"https:\/\/periodicorealidades.com\/#\/schema\/person\/c27da34ee13acaec3162071a3e1c7832","name":"editor","image":{"@type":"ImageObject","inLanguage":"es","@id":"https:\/\/secure.gravatar.com\/avatar\/dda3c3f59ea25f4b53cd53df977b0b2628039b17268e57c944a79a00e8a56e26?s=96&d=mm&r=g","url":"https:\/\/secure.gravatar.com\/avatar\/dda3c3f59ea25f4b53cd53df977b0b2628039b17268e57c944a79a00e8a56e26?s=96&d=mm&r=g","contentUrl":"https:\/\/secure.gravatar.com\/avatar\/dda3c3f59ea25f4b53cd53df977b0b2628039b17268e57c944a79a00e8a56e26?s=96&d=mm&r=g","caption":"editor"},"url":"https:\/\/periodicorealidades.com\/index.php\/author\/editor\/"}]}},"_links":{"self":[{"href":"https:\/\/periodicorealidades.com\/index.php\/wp-json\/wp\/v2\/posts\/77825","targetHints":{"allow":["GET"]}}],"collection":[{"href":"https:\/\/periodicorealidades.com\/index.php\/wp-json\/wp\/v2\/posts"}],"about":[{"href":"https:\/\/periodicorealidades.com\/index.php\/wp-json\/wp\/v2\/types\/post"}],"author":[{"embeddable":true,"href":"https:\/\/periodicorealidades.com\/index.php\/wp-json\/wp\/v2\/users\/2"}],"replies":[{"embeddable":true,"href":"https:\/\/periodicorealidades.com\/index.php\/wp-json\/wp\/v2\/comments?post=77825"}],"version-history":[{"count":1,"href":"https:\/\/periodicorealidades.com\/index.php\/wp-json\/wp\/v2\/posts\/77825\/revisions"}],"predecessor-version":[{"id":77863,"href":"https:\/\/periodicorealidades.com\/index.php\/wp-json\/wp\/v2\/posts\/77825\/revisions\/77863"}],"wp:featuredmedia":[{"embeddable":true,"href":"https:\/\/periodicorealidades.com\/index.php\/wp-json\/wp\/v2\/media\/77828"}],"wp:attachment":[{"href":"https:\/\/periodicorealidades.com\/index.php\/wp-json\/wp\/v2\/media?parent=77825"}],"wp:term":[{"taxonomy":"category","embeddable":true,"href":"https:\/\/periodicorealidades.com\/index.php\/wp-json\/wp\/v2\/categories?post=77825"},{"taxonomy":"post_tag","embeddable":true,"href":"https:\/\/periodicorealidades.com\/index.php\/wp-json\/wp\/v2\/tags?post=77825"}],"curies":[{"name":"wp","href":"https:\/\/api.w.org\/{rel}","templated":true}]}}