{"id":77864,"date":"2026-08-31T22:43:33","date_gmt":"2026-09-01T05:43:33","guid":{"rendered":"https:\/\/periodicorealidades.com\/?p=77864"},"modified":"2026-08-31T22:43:34","modified_gmt":"2026-09-01T05:43:34","slug":"regresan-a-clases-235-mil-estudiantes-en-nayarit","status":"publish","type":"post","link":"https:\/\/periodicorealidades.com\/index.php\/2026\/08\/31\/regresan-a-clases-235-mil-estudiantes-en-nayarit\/","title":{"rendered":"Regresan a clases 235 mil estudiantes en Nayarit"},"content":{"rendered":"\n<p class=\"wp-block-paragraph\">El gobernador del estado, Miguel \u00c1ngel Navarro Quintero, y su esposa, la presidenta del Sistema DIF Nayarit, doctora Beatriz Estrada Mart\u00ednez, dieron inicio al ciclo escolar 2026-2027 desde la primaria Juan Escutia de Tepic, acompa\u00f1ando el regreso a las aulas de 235 mil alumnas y alumnos de educaci\u00f3n b\u00e1sica, junto con 14 mil 512 docentes en m\u00e1s de 3 mil 400 escuelas de todo el estado.<\/p>\n\n\n\n<figure class=\"wp-block-gallery has-nested-images columns-default is-cropped wp-block-gallery-1 is-layout-flex wp-block-gallery-is-layout-flex\">\n<figure class=\"wp-block-image size-large\"><img loading=\"lazy\" decoding=\"async\" width=\"1024\" height=\"683\" data-id=\"77861\" src=\"https:\/\/periodicorealidades.com\/wp-content\/uploads\/2026\/08\/WhatsApp-Image-2026-08-31-at-9.41.02-PM-4-1024x683.jpeg\" alt=\"\" class=\"wp-image-77861\" srcset=\"https:\/\/periodicorealidades.com\/wp-content\/uploads\/2026\/08\/WhatsApp-Image-2026-08-31-at-9.41.02-PM-4-1024x683.jpeg 1024w, https:\/\/periodicorealidades.com\/wp-content\/uploads\/2026\/08\/WhatsApp-Image-2026-08-31-at-9.41.02-PM-4-300x200.jpeg 300w, https:\/\/periodicorealidades.com\/wp-content\/uploads\/2026\/08\/WhatsApp-Image-2026-08-31-at-9.41.02-PM-4-768x512.jpeg 768w, https:\/\/periodicorealidades.com\/wp-content\/uploads\/2026\/08\/WhatsApp-Image-2026-08-31-at-9.41.02-PM-4-696x464.jpeg 696w, https:\/\/periodicorealidades.com\/wp-content\/uploads\/2026\/08\/WhatsApp-Image-2026-08-31-at-9.41.02-PM-4-1068x713.jpeg 1068w, https:\/\/periodicorealidades.com\/wp-content\/uploads\/2026\/08\/WhatsApp-Image-2026-08-31-at-9.41.02-PM-4.jpeg 1280w\" sizes=\"auto, (max-width: 1024px) 100vw, 1024px\" \/><\/figure>\n\n\n\n<figure class=\"wp-block-image size-large\"><img loading=\"lazy\" decoding=\"async\" width=\"1024\" height=\"683\" data-id=\"77860\" src=\"https:\/\/periodicorealidades.com\/wp-content\/uploads\/2026\/08\/WhatsApp-Image-2026-08-31-at-9.41.02-PM-3-1024x683.jpeg\" alt=\"\" class=\"wp-image-77860\" srcset=\"https:\/\/periodicorealidades.com\/wp-content\/uploads\/2026\/08\/WhatsApp-Image-2026-08-31-at-9.41.02-PM-3-1024x683.jpeg 1024w, https:\/\/periodicorealidades.com\/wp-content\/uploads\/2026\/08\/WhatsApp-Image-2026-08-31-at-9.41.02-PM-3-300x200.jpeg 300w, https:\/\/periodicorealidades.com\/wp-content\/uploads\/2026\/08\/WhatsApp-Image-2026-08-31-at-9.41.02-PM-3-768x512.jpeg 768w, https:\/\/periodicorealidades.com\/wp-content\/uploads\/2026\/08\/WhatsApp-Image-2026-08-31-at-9.41.02-PM-3-696x464.jpeg 696w, https:\/\/periodicorealidades.com\/wp-content\/uploads\/2026\/08\/WhatsApp-Image-2026-08-31-at-9.41.02-PM-3-1068x713.jpeg 1068w, https:\/\/periodicorealidades.com\/wp-content\/uploads\/2026\/08\/WhatsApp-Image-2026-08-31-at-9.41.02-PM-3.jpeg 1280w\" sizes=\"auto, (max-width: 1024px) 100vw, 1024px\" \/><\/figure>\n\n\n\n<figure class=\"wp-block-image size-large\"><img loading=\"lazy\" decoding=\"async\" width=\"1024\" height=\"683\" data-id=\"77859\" src=\"https:\/\/periodicorealidades.com\/wp-content\/uploads\/2026\/08\/WhatsApp-Image-2026-08-31-at-9.41.02-PM-2-1024x683.jpeg\" alt=\"\" class=\"wp-image-77859\" srcset=\"https:\/\/periodicorealidades.com\/wp-content\/uploads\/2026\/08\/WhatsApp-Image-2026-08-31-at-9.41.02-PM-2-1024x683.jpeg 1024w, https:\/\/periodicorealidades.com\/wp-content\/uploads\/2026\/08\/WhatsApp-Image-2026-08-31-at-9.41.02-PM-2-300x200.jpeg 300w, https:\/\/periodicorealidades.com\/wp-content\/uploads\/2026\/08\/WhatsApp-Image-2026-08-31-at-9.41.02-PM-2-768x512.jpeg 768w, https:\/\/periodicorealidades.com\/wp-content\/uploads\/2026\/08\/WhatsApp-Image-2026-08-31-at-9.41.02-PM-2-696x464.jpeg 696w, https:\/\/periodicorealidades.com\/wp-content\/uploads\/2026\/08\/WhatsApp-Image-2026-08-31-at-9.41.02-PM-2-1068x713.jpeg 1068w, https:\/\/periodicorealidades.com\/wp-content\/uploads\/2026\/08\/WhatsApp-Image-2026-08-31-at-9.41.02-PM-2.jpeg 1280w\" sizes=\"auto, (max-width: 1024px) 100vw, 1024px\" \/><\/figure>\n\n\n\n<figure class=\"wp-block-image size-large\"><img loading=\"lazy\" decoding=\"async\" width=\"1024\" height=\"683\" data-id=\"77858\" src=\"https:\/\/periodicorealidades.com\/wp-content\/uploads\/2026\/08\/WhatsApp-Image-2026-08-31-at-9.41.02-PM-1-1024x683.jpeg\" alt=\"\" class=\"wp-image-77858\" srcset=\"https:\/\/periodicorealidades.com\/wp-content\/uploads\/2026\/08\/WhatsApp-Image-2026-08-31-at-9.41.02-PM-1-1024x683.jpeg 1024w, https:\/\/periodicorealidades.com\/wp-content\/uploads\/2026\/08\/WhatsApp-Image-2026-08-31-at-9.41.02-PM-1-300x200.jpeg 300w, https:\/\/periodicorealidades.com\/wp-content\/uploads\/2026\/08\/WhatsApp-Image-2026-08-31-at-9.41.02-PM-1-768x512.jpeg 768w, https:\/\/periodicorealidades.com\/wp-content\/uploads\/2026\/08\/WhatsApp-Image-2026-08-31-at-9.41.02-PM-1-696x464.jpeg 696w, https:\/\/periodicorealidades.com\/wp-content\/uploads\/2026\/08\/WhatsApp-Image-2026-08-31-at-9.41.02-PM-1-1068x713.jpeg 1068w, https:\/\/periodicorealidades.com\/wp-content\/uploads\/2026\/08\/WhatsApp-Image-2026-08-31-at-9.41.02-PM-1.jpeg 1280w\" sizes=\"auto, (max-width: 1024px) 100vw, 1024px\" \/><\/figure>\n<\/figure>\n\n\n\n<p class=\"wp-block-paragraph\">Por: Bolet\u00ecn<\/p>\n\n\n\n<p class=\"wp-block-paragraph\">Tepic, Nayarit; martes, 01 de septiembre del 2026.- Durante la jornada entregaron mobiliario, computadoras y equipos de aire acondicionado que ser\u00e1n distribuidos en distintos planteles. Para Navarro Quintero, el acto tuvo adem\u00e1s un significado especial: despu\u00e9s de 69 a\u00f1os regres\u00f3 a la escuela donde curs\u00f3 su educaci\u00f3n primaria y record\u00f3 con gratitud a las maestras y maestros que fueron parte de su formaci\u00f3n.<\/p>\n\n\n\n<figure class=\"wp-block-gallery has-nested-images columns-default is-cropped wp-block-gallery-2 is-layout-flex wp-block-gallery-is-layout-flex\">\n<figure class=\"wp-block-image size-large\"><img loading=\"lazy\" decoding=\"async\" width=\"1024\" height=\"766\" data-id=\"77856\" src=\"https:\/\/periodicorealidades.com\/wp-content\/uploads\/2026\/08\/WhatsApp-Image-2026-08-31-at-9.41.01-PM-5-1024x766.jpeg\" alt=\"\" class=\"wp-image-77856\" srcset=\"https:\/\/periodicorealidades.com\/wp-content\/uploads\/2026\/08\/WhatsApp-Image-2026-08-31-at-9.41.01-PM-5-1024x766.jpeg 1024w, https:\/\/periodicorealidades.com\/wp-content\/uploads\/2026\/08\/WhatsApp-Image-2026-08-31-at-9.41.01-PM-5-300x225.jpeg 300w, https:\/\/periodicorealidades.com\/wp-content\/uploads\/2026\/08\/WhatsApp-Image-2026-08-31-at-9.41.01-PM-5-768x575.jpeg 768w, https:\/\/periodicorealidades.com\/wp-content\/uploads\/2026\/08\/WhatsApp-Image-2026-08-31-at-9.41.01-PM-5-80x60.jpeg 80w, https:\/\/periodicorealidades.com\/wp-content\/uploads\/2026\/08\/WhatsApp-Image-2026-08-31-at-9.41.01-PM-5-696x521.jpeg 696w, https:\/\/periodicorealidades.com\/wp-content\/uploads\/2026\/08\/WhatsApp-Image-2026-08-31-at-9.41.01-PM-5-1068x799.jpeg 1068w, https:\/\/periodicorealidades.com\/wp-content\/uploads\/2026\/08\/WhatsApp-Image-2026-08-31-at-9.41.01-PM-5-265x198.jpeg 265w, https:\/\/periodicorealidades.com\/wp-content\/uploads\/2026\/08\/WhatsApp-Image-2026-08-31-at-9.41.01-PM-5.jpeg 1280w\" sizes=\"auto, (max-width: 1024px) 100vw, 1024px\" \/><\/figure>\n\n\n\n<figure class=\"wp-block-image size-large\"><img loading=\"lazy\" decoding=\"async\" width=\"1024\" height=\"683\" data-id=\"77855\" src=\"https:\/\/periodicorealidades.com\/wp-content\/uploads\/2026\/08\/WhatsApp-Image-2026-08-31-at-9.41.01-PM-4-1024x683.jpeg\" alt=\"\" class=\"wp-image-77855\" srcset=\"https:\/\/periodicorealidades.com\/wp-content\/uploads\/2026\/08\/WhatsApp-Image-2026-08-31-at-9.41.01-PM-4-1024x683.jpeg 1024w, https:\/\/periodicorealidades.com\/wp-content\/uploads\/2026\/08\/WhatsApp-Image-2026-08-31-at-9.41.01-PM-4-300x200.jpeg 300w, https:\/\/periodicorealidades.com\/wp-content\/uploads\/2026\/08\/WhatsApp-Image-2026-08-31-at-9.41.01-PM-4-768x512.jpeg 768w, https:\/\/periodicorealidades.com\/wp-content\/uploads\/2026\/08\/WhatsApp-Image-2026-08-31-at-9.41.01-PM-4-696x464.jpeg 696w, https:\/\/periodicorealidades.com\/wp-content\/uploads\/2026\/08\/WhatsApp-Image-2026-08-31-at-9.41.01-PM-4-1068x713.jpeg 1068w, https:\/\/periodicorealidades.com\/wp-content\/uploads\/2026\/08\/WhatsApp-Image-2026-08-31-at-9.41.01-PM-4.jpeg 1280w\" sizes=\"auto, (max-width: 1024px) 100vw, 1024px\" \/><\/figure>\n\n\n\n<figure class=\"wp-block-image size-large\"><img loading=\"lazy\" decoding=\"async\" width=\"1024\" height=\"766\" data-id=\"77854\" src=\"https:\/\/periodicorealidades.com\/wp-content\/uploads\/2026\/08\/WhatsApp-Image-2026-08-31-at-9.41.01-PM-3-1024x766.jpeg\" alt=\"\" class=\"wp-image-77854\" srcset=\"https:\/\/periodicorealidades.com\/wp-content\/uploads\/2026\/08\/WhatsApp-Image-2026-08-31-at-9.41.01-PM-3-1024x766.jpeg 1024w, https:\/\/periodicorealidades.com\/wp-content\/uploads\/2026\/08\/WhatsApp-Image-2026-08-31-at-9.41.01-PM-3-300x225.jpeg 300w, https:\/\/periodicorealidades.com\/wp-content\/uploads\/2026\/08\/WhatsApp-Image-2026-08-31-at-9.41.01-PM-3-768x575.jpeg 768w, https:\/\/periodicorealidades.com\/wp-content\/uploads\/2026\/08\/WhatsApp-Image-2026-08-31-at-9.41.01-PM-3-80x60.jpeg 80w, https:\/\/periodicorealidades.com\/wp-content\/uploads\/2026\/08\/WhatsApp-Image-2026-08-31-at-9.41.01-PM-3-696x521.jpeg 696w, https:\/\/periodicorealidades.com\/wp-content\/uploads\/2026\/08\/WhatsApp-Image-2026-08-31-at-9.41.01-PM-3-1068x799.jpeg 1068w, https:\/\/periodicorealidades.com\/wp-content\/uploads\/2026\/08\/WhatsApp-Image-2026-08-31-at-9.41.01-PM-3-265x198.jpeg 265w, https:\/\/periodicorealidades.com\/wp-content\/uploads\/2026\/08\/WhatsApp-Image-2026-08-31-at-9.41.01-PM-3.jpeg 1280w\" sizes=\"auto, (max-width: 1024px) 100vw, 1024px\" \/><\/figure>\n<\/figure>\n\n\n\n<p class=\"wp-block-paragraph\">La doctora Beatriz Estrada Mart\u00ednez destac\u00f3 el papel de la educaci\u00f3n p\u00fablica en la formaci\u00f3n de generaciones de nayaritas y en la construcci\u00f3n de oportunidades para ni\u00f1as, ni\u00f1os y j\u00f3venes.<\/p>\n\n\n\n<figure class=\"wp-block-gallery has-nested-images columns-default is-cropped wp-block-gallery-3 is-layout-flex wp-block-gallery-is-layout-flex\">\n<figure class=\"wp-block-image size-large\"><img loading=\"lazy\" decoding=\"async\" width=\"1024\" height=\"683\" data-id=\"77852\" src=\"https:\/\/periodicorealidades.com\/wp-content\/uploads\/2026\/08\/WhatsApp-Image-2026-08-31-at-9.41.01-PM-1-1024x683.jpeg\" alt=\"\" class=\"wp-image-77852\" srcset=\"https:\/\/periodicorealidades.com\/wp-content\/uploads\/2026\/08\/WhatsApp-Image-2026-08-31-at-9.41.01-PM-1-1024x683.jpeg 1024w, https:\/\/periodicorealidades.com\/wp-content\/uploads\/2026\/08\/WhatsApp-Image-2026-08-31-at-9.41.01-PM-1-300x200.jpeg 300w, https:\/\/periodicorealidades.com\/wp-content\/uploads\/2026\/08\/WhatsApp-Image-2026-08-31-at-9.41.01-PM-1-768x512.jpeg 768w, https:\/\/periodicorealidades.com\/wp-content\/uploads\/2026\/08\/WhatsApp-Image-2026-08-31-at-9.41.01-PM-1-696x464.jpeg 696w, https:\/\/periodicorealidades.com\/wp-content\/uploads\/2026\/08\/WhatsApp-Image-2026-08-31-at-9.41.01-PM-1-1068x713.jpeg 1068w, https:\/\/periodicorealidades.com\/wp-content\/uploads\/2026\/08\/WhatsApp-Image-2026-08-31-at-9.41.01-PM-1.jpeg 1280w\" sizes=\"auto, (max-width: 1024px) 100vw, 1024px\" \/><\/figure>\n\n\n\n<figure class=\"wp-block-image size-large\"><img loading=\"lazy\" decoding=\"async\" width=\"683\" height=\"1024\" data-id=\"77853\" src=\"https:\/\/periodicorealidades.com\/wp-content\/uploads\/2026\/08\/WhatsApp-Image-2026-08-31-at-9.41.01-PM-2-683x1024.jpeg\" alt=\"\" class=\"wp-image-77853\" srcset=\"https:\/\/periodicorealidades.com\/wp-content\/uploads\/2026\/08\/WhatsApp-Image-2026-08-31-at-9.41.01-PM-2-683x1024.jpeg 683w, https:\/\/periodicorealidades.com\/wp-content\/uploads\/2026\/08\/WhatsApp-Image-2026-08-31-at-9.41.01-PM-2-200x300.jpeg 200w, https:\/\/periodicorealidades.com\/wp-content\/uploads\/2026\/08\/WhatsApp-Image-2026-08-31-at-9.41.01-PM-2-768x1151.jpeg 768w, https:\/\/periodicorealidades.com\/wp-content\/uploads\/2026\/08\/WhatsApp-Image-2026-08-31-at-9.41.01-PM-2-696x1043.jpeg 696w, https:\/\/periodicorealidades.com\/wp-content\/uploads\/2026\/08\/WhatsApp-Image-2026-08-31-at-9.41.01-PM-2.jpeg 854w\" sizes=\"auto, (max-width: 683px) 100vw, 683px\" \/><\/figure>\n\n\n\n<figure class=\"wp-block-image size-large\"><img loading=\"lazy\" decoding=\"async\" width=\"1024\" height=\"766\" data-id=\"77854\" src=\"https:\/\/periodicorealidades.com\/wp-content\/uploads\/2026\/08\/WhatsApp-Image-2026-08-31-at-9.41.01-PM-3-1024x766.jpeg\" alt=\"\" class=\"wp-image-77854\" srcset=\"https:\/\/periodicorealidades.com\/wp-content\/uploads\/2026\/08\/WhatsApp-Image-2026-08-31-at-9.41.01-PM-3-1024x766.jpeg 1024w, https:\/\/periodicorealidades.com\/wp-content\/uploads\/2026\/08\/WhatsApp-Image-2026-08-31-at-9.41.01-PM-3-300x225.jpeg 300w, https:\/\/periodicorealidades.com\/wp-content\/uploads\/2026\/08\/WhatsApp-Image-2026-08-31-at-9.41.01-PM-3-768x575.jpeg 768w, https:\/\/periodicorealidades.com\/wp-content\/uploads\/2026\/08\/WhatsApp-Image-2026-08-31-at-9.41.01-PM-3-80x60.jpeg 80w, https:\/\/periodicorealidades.com\/wp-content\/uploads\/2026\/08\/WhatsApp-Image-2026-08-31-at-9.41.01-PM-3-696x521.jpeg 696w, https:\/\/periodicorealidades.com\/wp-content\/uploads\/2026\/08\/WhatsApp-Image-2026-08-31-at-9.41.01-PM-3-1068x799.jpeg 1068w, https:\/\/periodicorealidades.com\/wp-content\/uploads\/2026\/08\/WhatsApp-Image-2026-08-31-at-9.41.01-PM-3-265x198.jpeg 265w, https:\/\/periodicorealidades.com\/wp-content\/uploads\/2026\/08\/WhatsApp-Image-2026-08-31-at-9.41.01-PM-3.jpeg 1280w\" sizes=\"auto, (max-width: 1024px) 100vw, 1024px\" \/><\/figure>\n<\/figure>\n\n\n\n<p class=\"wp-block-paragraph\">Como parte de los compromisos asumidos con la comunidad de la primaria Juan Escutia, el gobernador anunci\u00f3 la rehabilitaci\u00f3n de la cancha y la plaza c\u00edvica, la construcci\u00f3n de un domo, el fortalecimiento de la biblioteca y la entrega de nuevo equipo y mobiliario para mejorar las condiciones en las que estudiantes y docentes desarrollan sus actividades.<\/p>\n","protected":false},"excerpt":{"rendered":"<p>El gobernador del estado, Miguel \u00c1ngel Navarro Quintero, y su esposa, la presidenta del Sistema DIF Nayarit, doctora Beatriz Estrada Mart\u00ednez, dieron inicio al ciclo escolar 2026-2027 desde la primaria Juan Escutia de Tepic, acompa\u00f1ando el regreso a las aulas de 235 mil alumnas y alumnos de educaci\u00f3n b\u00e1sica, junto con 14 mil 512 docentes [&hellip;]<\/p>\n","protected":false},"author":2,"featured_media":77862,"comment_status":"closed","ping_status":"open","sticky":false,"template":"","format":"standard","meta":{"footnotes":""},"categories":[4,7],"tags":[],"class_list":["post-77864","post","type-post","status-publish","format-standard","has-post-thumbnail","category-principal","category-tepic"],"yoast_head":"<!-- This site is optimized with the Yoast SEO plugin v28.3 - https:\/\/yoast.com\/product\/yoast-seo-wordpress\/ -->\n<title>Regresan a clases 235 mil estudiantes en Nayarit - Peri\u00f3dico Realidades<\/title>\n<meta name=\"robots\" content=\"index, follow, max-snippet:-1, max-image-preview:large, max-video-preview:-1\" \/>\n<link rel=\"canonical\" href=\"https:\/\/periodicorealidades.com\/index.php\/2026\/08\/31\/regresan-a-clases-235-mil-estudiantes-en-nayarit\/\" \/>\n<meta property=\"og:locale\" content=\"es_MX\" \/>\n<meta property=\"og:type\" content=\"article\" \/>\n<meta property=\"og:title\" content=\"Regresan a clases 235 mil estudiantes en Nayarit - Peri\u00f3dico Realidades\" \/>\n<meta property=\"og:description\" content=\"El gobernador del estado, Miguel \u00c1ngel Navarro Quintero, y su esposa, la presidenta del Sistema DIF Nayarit, doctora Beatriz Estrada Mart\u00ednez, dieron inicio al ciclo escolar 2026-2027 desde la primaria Juan Escutia de Tepic, acompa\u00f1ando el regreso a las aulas de 235 mil alumnas y alumnos de educaci\u00f3n b\u00e1sica, junto con 14 mil 512 docentes [&hellip;]\" \/>\n<meta property=\"og:url\" content=\"https:\/\/periodicorealidades.com\/index.php\/2026\/08\/31\/regresan-a-clases-235-mil-estudiantes-en-nayarit\/\" \/>\n<meta property=\"og:site_name\" content=\"Peri\u00f3dico Realidades\" \/>\n<meta property=\"article:publisher\" content=\"https:\/\/www.facebook.com\/periodicorealidades.denayarit?mibextid=LQQJ4d\" \/>\n<meta property=\"article:published_time\" content=\"2026-09-01T05:43:33+00:00\" \/>\n<meta property=\"article:modified_time\" content=\"2026-09-01T05:43:34+00:00\" \/>\n<meta property=\"og:image\" content=\"https:\/\/periodicorealidades.com\/wp-content\/uploads\/2026\/08\/WhatsApp-Image-2026-08-31-at-9.41.02-PM.jpeg\" \/>\n\t<meta property=\"og:image:width\" content=\"1280\" \/>\n\t<meta property=\"og:image:height\" content=\"854\" \/>\n\t<meta property=\"og:image:type\" content=\"image\/jpeg\" \/>\n<meta name=\"author\" content=\"editor\" \/>\n<meta name=\"twitter:card\" content=\"summary_large_image\" \/>\n<meta name=\"twitter:label1\" content=\"Escrito por\" \/>\n\t<meta name=\"twitter:data1\" content=\"editor\" \/>\n\t<meta name=\"twitter:label2\" content=\"Tiempo de lectura\" \/>\n\t<meta name=\"twitter:data2\" content=\"3 minutos\" \/>\n<script type=\"application\/ld+json\" class=\"yoast-schema-graph\">{\"@context\":\"https:\\\/\\\/schema.org\",\"@graph\":[{\"@type\":\"Article\",\"@id\":\"https:\\\/\\\/periodicorealidades.com\\\/index.php\\\/2026\\\/08\\\/31\\\/regresan-a-clases-235-mil-estudiantes-en-nayarit\\\/#article\",\"isPartOf\":{\"@id\":\"https:\\\/\\\/periodicorealidades.com\\\/index.php\\\/2026\\\/08\\\/31\\\/regresan-a-clases-235-mil-estudiantes-en-nayarit\\\/\"},\"author\":{\"name\":\"editor\",\"@id\":\"https:\\\/\\\/periodicorealidades.com\\\/#\\\/schema\\\/person\\\/c27da34ee13acaec3162071a3e1c7832\"},\"headline\":\"Regresan a clases 235 mil estudiantes en Nayarit\",\"datePublished\":\"2026-09-01T05:43:33+00:00\",\"dateModified\":\"2026-09-01T05:43:34+00:00\",\"mainEntityOfPage\":{\"@id\":\"https:\\\/\\\/periodicorealidades.com\\\/index.php\\\/2026\\\/08\\\/31\\\/regresan-a-clases-235-mil-estudiantes-en-nayarit\\\/\"},\"wordCount\":241,\"publisher\":{\"@id\":\"https:\\\/\\\/periodicorealidades.com\\\/#organization\"},\"image\":{\"@id\":\"https:\\\/\\\/periodicorealidades.com\\\/index.php\\\/2026\\\/08\\\/31\\\/regresan-a-clases-235-mil-estudiantes-en-nayarit\\\/#primaryimage\"},\"thumbnailUrl\":\"https:\\\/\\\/periodicorealidades.com\\\/wp-content\\\/uploads\\\/2026\\\/08\\\/WhatsApp-Image-2026-08-31-at-9.41.02-PM.jpeg\",\"articleSection\":[\"Principal\",\"Tepic\"],\"inLanguage\":\"es\"},{\"@type\":\"WebPage\",\"@id\":\"https:\\\/\\\/periodicorealidades.com\\\/index.php\\\/2026\\\/08\\\/31\\\/regresan-a-clases-235-mil-estudiantes-en-nayarit\\\/\",\"url\":\"https:\\\/\\\/periodicorealidades.com\\\/index.php\\\/2026\\\/08\\\/31\\\/regresan-a-clases-235-mil-estudiantes-en-nayarit\\\/\",\"name\":\"Regresan a clases 235 mil estudiantes en Nayarit - Peri\u00f3dico Realidades\",\"isPartOf\":{\"@id\":\"https:\\\/\\\/periodicorealidades.com\\\/#website\"},\"primaryImageOfPage\":{\"@id\":\"https:\\\/\\\/periodicorealidades.com\\\/index.php\\\/2026\\\/08\\\/31\\\/regresan-a-clases-235-mil-estudiantes-en-nayarit\\\/#primaryimage\"},\"image\":{\"@id\":\"https:\\\/\\\/periodicorealidades.com\\\/index.php\\\/2026\\\/08\\\/31\\\/regresan-a-clases-235-mil-estudiantes-en-nayarit\\\/#primaryimage\"},\"thumbnailUrl\":\"https:\\\/\\\/periodicorealidades.com\\\/wp-content\\\/uploads\\\/2026\\\/08\\\/WhatsApp-Image-2026-08-31-at-9.41.02-PM.jpeg\",\"datePublished\":\"2026-09-01T05:43:33+00:00\",\"dateModified\":\"2026-09-01T05:43:34+00:00\",\"breadcrumb\":{\"@id\":\"https:\\\/\\\/periodicorealidades.com\\\/index.php\\\/2026\\\/08\\\/31\\\/regresan-a-clases-235-mil-estudiantes-en-nayarit\\\/#breadcrumb\"},\"inLanguage\":\"es\",\"potentialAction\":[{\"@type\":\"ReadAction\",\"target\":[\"https:\\\/\\\/periodicorealidades.com\\\/index.php\\\/2026\\\/08\\\/31\\\/regresan-a-clases-235-mil-estudiantes-en-nayarit\\\/\"]}]},{\"@type\":\"ImageObject\",\"inLanguage\":\"es\",\"@id\":\"https:\\\/\\\/periodicorealidades.com\\\/index.php\\\/2026\\\/08\\\/31\\\/regresan-a-clases-235-mil-estudiantes-en-nayarit\\\/#primaryimage\",\"url\":\"https:\\\/\\\/periodicorealidades.com\\\/wp-content\\\/uploads\\\/2026\\\/08\\\/WhatsApp-Image-2026-08-31-at-9.41.02-PM.jpeg\",\"contentUrl\":\"https:\\\/\\\/periodicorealidades.com\\\/wp-content\\\/uploads\\\/2026\\\/08\\\/WhatsApp-Image-2026-08-31-at-9.41.02-PM.jpeg\",\"width\":1280,\"height\":854},{\"@type\":\"BreadcrumbList\",\"@id\":\"https:\\\/\\\/periodicorealidades.com\\\/index.php\\\/2026\\\/08\\\/31\\\/regresan-a-clases-235-mil-estudiantes-en-nayarit\\\/#breadcrumb\",\"itemListElement\":[{\"@type\":\"ListItem\",\"position\":1,\"name\":\"Inicio\",\"item\":\"https:\\\/\\\/periodicorealidades.com\\\/\"},{\"@type\":\"ListItem\",\"position\":2,\"name\":\"Regresan a clases 235 mil estudiantes en Nayarit\"}]},{\"@type\":\"WebSite\",\"@id\":\"https:\\\/\\\/periodicorealidades.com\\\/#website\",\"url\":\"https:\\\/\\\/periodicorealidades.com\\\/\",\"name\":\"Peri\u00f3dico Realidades\",\"description\":\"M\u00e9dio de comunicaci\u00f3n en Nayarit\",\"publisher\":{\"@id\":\"https:\\\/\\\/periodicorealidades.com\\\/#organization\"},\"potentialAction\":[{\"@type\":\"SearchAction\",\"target\":{\"@type\":\"EntryPoint\",\"urlTemplate\":\"https:\\\/\\\/periodicorealidades.com\\\/?s={search_term_string}\"},\"query-input\":{\"@type\":\"PropertyValueSpecification\",\"valueRequired\":true,\"valueName\":\"search_term_string\"}}],\"inLanguage\":\"es\"},{\"@type\":\"Organization\",\"@id\":\"https:\\\/\\\/periodicorealidades.com\\\/#organization\",\"name\":\"Peri\u00f3dico Realidades\",\"url\":\"https:\\\/\\\/periodicorealidades.com\\\/\",\"logo\":{\"@type\":\"ImageObject\",\"inLanguage\":\"es\",\"@id\":\"https:\\\/\\\/periodicorealidades.com\\\/#\\\/schema\\\/logo\\\/image\\\/\",\"url\":\"https:\\\/\\\/periodicorealidades.com\\\/wp-content\\\/uploads\\\/2023\\\/05\\\/r-prueba.png\",\"contentUrl\":\"https:\\\/\\\/periodicorealidades.com\\\/wp-content\\\/uploads\\\/2023\\\/05\\\/r-prueba.png\",\"width\":709,\"height\":709,\"caption\":\"Peri\u00f3dico Realidades\"},\"image\":{\"@id\":\"https:\\\/\\\/periodicorealidades.com\\\/#\\\/schema\\\/logo\\\/image\\\/\"},\"sameAs\":[\"https:\\\/\\\/www.facebook.com\\\/periodicorealidades.denayarit?mibextid=LQQJ4d\"]},{\"@type\":\"Person\",\"@id\":\"https:\\\/\\\/periodicorealidades.com\\\/#\\\/schema\\\/person\\\/c27da34ee13acaec3162071a3e1c7832\",\"name\":\"editor\",\"image\":{\"@type\":\"ImageObject\",\"inLanguage\":\"es\",\"@id\":\"https:\\\/\\\/secure.gravatar.com\\\/avatar\\\/dda3c3f59ea25f4b53cd53df977b0b2628039b17268e57c944a79a00e8a56e26?s=96&d=mm&r=g\",\"url\":\"https:\\\/\\\/secure.gravatar.com\\\/avatar\\\/dda3c3f59ea25f4b53cd53df977b0b2628039b17268e57c944a79a00e8a56e26?s=96&d=mm&r=g\",\"contentUrl\":\"https:\\\/\\\/secure.gravatar.com\\\/avatar\\\/dda3c3f59ea25f4b53cd53df977b0b2628039b17268e57c944a79a00e8a56e26?s=96&d=mm&r=g\",\"caption\":\"editor\"},\"url\":\"https:\\\/\\\/periodicorealidades.com\\\/index.php\\\/author\\\/editor\\\/\"}]}<\/script>\n<!-- \/ Yoast SEO plugin. -->","yoast_head_json":{"title":"Regresan a clases 235 mil estudiantes en Nayarit - Peri\u00f3dico Realidades","robots":{"index":"index","follow":"follow","max-snippet":"max-snippet:-1","max-image-preview":"max-image-preview:large","max-video-preview":"max-video-preview:-1"},"canonical":"https:\/\/periodicorealidades.com\/index.php\/2026\/08\/31\/regresan-a-clases-235-mil-estudiantes-en-nayarit\/","og_locale":"es_MX","og_type":"article","og_title":"Regresan a clases 235 mil estudiantes en Nayarit - Peri\u00f3dico Realidades","og_description":"El gobernador del estado, Miguel \u00c1ngel Navarro Quintero, y su esposa, la presidenta del Sistema DIF Nayarit, doctora Beatriz Estrada Mart\u00ednez, dieron inicio al ciclo escolar 2026-2027 desde la primaria Juan Escutia de Tepic, acompa\u00f1ando el regreso a las aulas de 235 mil alumnas y alumnos de educaci\u00f3n b\u00e1sica, junto con 14 mil 512 docentes [&hellip;]","og_url":"https:\/\/periodicorealidades.com\/index.php\/2026\/08\/31\/regresan-a-clases-235-mil-estudiantes-en-nayarit\/","og_site_name":"Peri\u00f3dico Realidades","article_publisher":"https:\/\/www.facebook.com\/periodicorealidades.denayarit?mibextid=LQQJ4d","article_published_time":"2026-09-01T05:43:33+00:00","article_modified_time":"2026-09-01T05:43:34+00:00","og_image":[{"width":1280,"height":854,"url":"https:\/\/periodicorealidades.com\/wp-content\/uploads\/2026\/08\/WhatsApp-Image-2026-08-31-at-9.41.02-PM.jpeg","type":"image\/jpeg"}],"author":"editor","twitter_card":"summary_large_image","twitter_misc":{"Escrito por":"editor","Tiempo de lectura":"3 minutos"},"schema":{"@context":"https:\/\/schema.org","@graph":[{"@type":"Article","@id":"https:\/\/periodicorealidades.com\/index.php\/2026\/08\/31\/regresan-a-clases-235-mil-estudiantes-en-nayarit\/#article","isPartOf":{"@id":"https:\/\/periodicorealidades.com\/index.php\/2026\/08\/31\/regresan-a-clases-235-mil-estudiantes-en-nayarit\/"},"author":{"name":"editor","@id":"https:\/\/periodicorealidades.com\/#\/schema\/person\/c27da34ee13acaec3162071a3e1c7832"},"headline":"Regresan a clases 235 mil estudiantes en Nayarit","datePublished":"2026-09-01T05:43:33+00:00","dateModified":"2026-09-01T05:43:34+00:00","mainEntityOfPage":{"@id":"https:\/\/periodicorealidades.com\/index.php\/2026\/08\/31\/regresan-a-clases-235-mil-estudiantes-en-nayarit\/"},"wordCount":241,"publisher":{"@id":"https:\/\/periodicorealidades.com\/#organization"},"image":{"@id":"https:\/\/periodicorealidades.com\/index.php\/2026\/08\/31\/regresan-a-clases-235-mil-estudiantes-en-nayarit\/#primaryimage"},"thumbnailUrl":"https:\/\/periodicorealidades.com\/wp-content\/uploads\/2026\/08\/WhatsApp-Image-2026-08-31-at-9.41.02-PM.jpeg","articleSection":["Principal","Tepic"],"inLanguage":"es"},{"@type":"WebPage","@id":"https:\/\/periodicorealidades.com\/index.php\/2026\/08\/31\/regresan-a-clases-235-mil-estudiantes-en-nayarit\/","url":"https:\/\/periodicorealidades.com\/index.php\/2026\/08\/31\/regresan-a-clases-235-mil-estudiantes-en-nayarit\/","name":"Regresan a clases 235 mil estudiantes en Nayarit - Peri\u00f3dico Realidades","isPartOf":{"@id":"https:\/\/periodicorealidades.com\/#website"},"primaryImageOfPage":{"@id":"https:\/\/periodicorealidades.com\/index.php\/2026\/08\/31\/regresan-a-clases-235-mil-estudiantes-en-nayarit\/#primaryimage"},"image":{"@id":"https:\/\/periodicorealidades.com\/index.php\/2026\/08\/31\/regresan-a-clases-235-mil-estudiantes-en-nayarit\/#primaryimage"},"thumbnailUrl":"https:\/\/periodicorealidades.com\/wp-content\/uploads\/2026\/08\/WhatsApp-Image-2026-08-31-at-9.41.02-PM.jpeg","datePublished":"2026-09-01T05:43:33+00:00","dateModified":"2026-09-01T05:43:34+00:00","breadcrumb":{"@id":"https:\/\/periodicorealidades.com\/index.php\/2026\/08\/31\/regresan-a-clases-235-mil-estudiantes-en-nayarit\/#breadcrumb"},"inLanguage":"es","potentialAction":[{"@type":"ReadAction","target":["https:\/\/periodicorealidades.com\/index.php\/2026\/08\/31\/regresan-a-clases-235-mil-estudiantes-en-nayarit\/"]}]},{"@type":"ImageObject","inLanguage":"es","@id":"https:\/\/periodicorealidades.com\/index.php\/2026\/08\/31\/regresan-a-clases-235-mil-estudiantes-en-nayarit\/#primaryimage","url":"https:\/\/periodicorealidades.com\/wp-content\/uploads\/2026\/08\/WhatsApp-Image-2026-08-31-at-9.41.02-PM.jpeg","contentUrl":"https:\/\/periodicorealidades.com\/wp-content\/uploads\/2026\/08\/WhatsApp-Image-2026-08-31-at-9.41.02-PM.jpeg","width":1280,"height":854},{"@type":"BreadcrumbList","@id":"https:\/\/periodicorealidades.com\/index.php\/2026\/08\/31\/regresan-a-clases-235-mil-estudiantes-en-nayarit\/#breadcrumb","itemListElement":[{"@type":"ListItem","position":1,"name":"Inicio","item":"https:\/\/periodicorealidades.com\/"},{"@type":"ListItem","position":2,"name":"Regresan a clases 235 mil estudiantes en Nayarit"}]},{"@type":"WebSite","@id":"https:\/\/periodicorealidades.com\/#website","url":"https:\/\/periodicorealidades.com\/","name":"Peri\u00f3dico Realidades","description":"M\u00e9dio de comunicaci\u00f3n en Nayarit","publisher":{"@id":"https:\/\/periodicorealidades.com\/#organization"},"potentialAction":[{"@type":"SearchAction","target":{"@type":"EntryPoint","urlTemplate":"https:\/\/periodicorealidades.com\/?s={search_term_string}"},"query-input":{"@type":"PropertyValueSpecification","valueRequired":true,"valueName":"search_term_string"}}],"inLanguage":"es"},{"@type":"Organization","@id":"https:\/\/periodicorealidades.com\/#organization","name":"Peri\u00f3dico Realidades","url":"https:\/\/periodicorealidades.com\/","logo":{"@type":"ImageObject","inLanguage":"es","@id":"https:\/\/periodicorealidades.com\/#\/schema\/logo\/image\/","url":"https:\/\/periodicorealidades.com\/wp-content\/uploads\/2023\/05\/r-prueba.png","contentUrl":"https:\/\/periodicorealidades.com\/wp-content\/uploads\/2023\/05\/r-prueba.png","width":709,"height":709,"caption":"Peri\u00f3dico Realidades"},"image":{"@id":"https:\/\/periodicorealidades.com\/#\/schema\/logo\/image\/"},"sameAs":["https:\/\/www.facebook.com\/periodicorealidades.denayarit?mibextid=LQQJ4d"]},{"@type":"Person","@id":"https:\/\/periodicorealidades.com\/#\/schema\/person\/c27da34ee13acaec3162071a3e1c7832","name":"editor","image":{"@type":"ImageObject","inLanguage":"es","@id":"https:\/\/secure.gravatar.com\/avatar\/dda3c3f59ea25f4b53cd53df977b0b2628039b17268e57c944a79a00e8a56e26?s=96&d=mm&r=g","url":"https:\/\/secure.gravatar.com\/avatar\/dda3c3f59ea25f4b53cd53df977b0b2628039b17268e57c944a79a00e8a56e26?s=96&d=mm&r=g","contentUrl":"https:\/\/secure.gravatar.com\/avatar\/dda3c3f59ea25f4b53cd53df977b0b2628039b17268e57c944a79a00e8a56e26?s=96&d=mm&r=g","caption":"editor"},"url":"https:\/\/periodicorealidades.com\/index.php\/author\/editor\/"}]}},"_links":{"self":[{"href":"https:\/\/periodicorealidades.com\/index.php\/wp-json\/wp\/v2\/posts\/77864","targetHints":{"allow":["GET"]}}],"collection":[{"href":"https:\/\/periodicorealidades.com\/index.php\/wp-json\/wp\/v2\/posts"}],"about":[{"href":"https:\/\/periodicorealidades.com\/index.php\/wp-json\/wp\/v2\/types\/post"}],"author":[{"embeddable":true,"href":"https:\/\/periodicorealidades.com\/index.php\/wp-json\/wp\/v2\/users\/2"}],"replies":[{"embeddable":true,"href":"https:\/\/periodicorealidades.com\/index.php\/wp-json\/wp\/v2\/comments?post=77864"}],"version-history":[{"count":1,"href":"https:\/\/periodicorealidades.com\/index.php\/wp-json\/wp\/v2\/posts\/77864\/revisions"}],"predecessor-version":[{"id":77865,"href":"https:\/\/periodicorealidades.com\/index.php\/wp-json\/wp\/v2\/posts\/77864\/revisions\/77865"}],"wp:featuredmedia":[{"embeddable":true,"href":"https:\/\/periodicorealidades.com\/index.php\/wp-json\/wp\/v2\/media\/77862"}],"wp:attachment":[{"href":"https:\/\/periodicorealidades.com\/index.php\/wp-json\/wp\/v2\/media?parent=77864"}],"wp:term":[{"taxonomy":"category","embeddable":true,"href":"https:\/\/periodicorealidades.com\/index.php\/wp-json\/wp\/v2\/categories?post=77864"},{"taxonomy":"post_tag","embeddable":true,"href":"https:\/\/periodicorealidades.com\/index.php\/wp-json\/wp\/v2\/tags?post=77864"}],"curies":[{"name":"wp","href":"https:\/\/api.w.org\/{rel}","templated":true}]}}